{"id":11950,"date":"2013-06-17T17:00:41","date_gmt":"2013-06-17T15:00:41","guid":{"rendered":"https:\/\/www.gold.fr\/news\/?p=11950"},"modified":"2017-11-02T11:39:57","modified_gmt":"2017-11-02T10:39:57","slug":"lor-resisteet-le-dollar-aussi","status":"publish","type":"post","link":"https:\/\/www.gold.fr\/news\/2013\/06\/17\/lor-resisteet-le-dollar-aussi\/","title":{"rendered":"L\u2019or r\u00e9siste\u2026et le dollar aussi"},"content":{"rendered":"<p><span style=\"font-size: small;\"><img loading=\"lazy\" decoding=\"async\" class=\"alignleft size-thumbnail wp-image-7356\" title=\"L\u2019or r\u00e9siste\u2026et le dollar aussi\" src=\"https:\/\/www.gold.fr\/news\/wp-content\/uploads\/2012\/05\/Cours-de-lOr-de-Bourse-2013-150x150.jpg\" alt=\"\" width=\"150\" height=\"150\" \/>En d\u00e9pit d&rsquo;une conjoncture hautement d\u00e9favorable pour les march\u00e9s des m\u00e9taux pr\u00e9cieux, <a title=\"BCE et ch\u00f4mage US au service du march\u00e9 aurif\u00e8re\" href=\"https:\/\/www.gold.fr\/news\/2013\/06\/11\/bce-et-chomage-us-au-service-du-marche-aurifere\/11892\/\" target=\"_blank\">le march\u00e9 aurif\u00e8re<\/a> continue \u00e0 maintenir une certaine stabilit\u00e9. Certes ; cet \u00e9quilibre est assez pr\u00e9caire, mais avec ses solides fondamentaux, le march\u00e9 est s\u00fbr de rester dans la course, \u00e0 la diff\u00e9rence des autres m\u00e9taux pr\u00e9cieux (<a href='https:\/\/www.gold.fr\/news\/tags\/argent' class='esk-seo-plu-link'>argent<\/a>, cuivre\u2026).<\/span>    <span style=\"font-size: small;\"> Dans cette performance exceptionnelle et inattendue, la relique barbare profite certainement de la faiblesse du billet vert qui marque quant \u00e0 lui, depuis quelques jours, sa pire performance depuis le mois de f\u00e9vrier. Le <a href='https:\/\/www.gold.fr\/news\/tags\/or' class='esk-seo-plu-link'>m\u00e9tal jaune<\/a> a g\u00e9n\u00e9ralement tendance \u00e0 s&rsquo;orienter vers la hausse quand l&rsquo;\u00e9talon am\u00e9ricain plonge, le rendant moins co\u00fbteux pour les d\u00e9tenteurs d&rsquo;autres devises. Et l&rsquo;indice dollar, <a title=\"L\u2019or se maintient, le dollar au soutien\" href=\"https:\/\/www.gold.fr\/news\/2013\/06\/14\/lor-se-maintient-le-dollar-au-soutien\/11945\/\" target=\"_blank\">qui refl\u00e8te les performances de la devise am\u00e9ricaine<\/a> par rapport \u00e0 un panier comprenant 6 de ses principaux rivaux, a baiss\u00e9, cette semaine, de <strong>0,4%<\/strong> pour se situer \u00e0 <strong>80,84<\/strong>.<\/span>    <span style=\"font-size: small;\"> Par ailleurs, le billet vert a \u00e9galement chut\u00e9 de mani\u00e8re consid\u00e9rable (plus de <strong>2%<\/strong>) contre son homologue japonais, remettant ainsi en question les rumeurs relatives \u00e0 la possibilit\u00e9 d&rsquo;une imminente r\u00e9duction, au cours du deuxi\u00e8me semestre <strong>2013<\/strong>, des apports de capitaux de la <strong>FED<\/strong>. Cette sp\u00e9culation particuli\u00e8re demeure, toutefois, \u00e0 l&rsquo;ordre du jour et reste \u00e9galement constamment nourrie et remise sur le devant de la sc\u00e8ne par le moindre signe de reprise de l&rsquo;\u00e9conomie am\u00e9ricaine.<\/span><\/p>\n<!-- AddThis Advanced Settings generic via filter on the_content --><!-- AddThis Share Buttons generic via filter on the_content -->","protected":false},"excerpt":{"rendered":"<p>En d\u00e9pit d&rsquo;une conjoncture hautement d\u00e9favorable pour les march\u00e9s des m\u00e9taux pr\u00e9cieux, le march\u00e9 aurif\u00e8re continue \u00e0 maintenir une certaine stabilit\u00e9. Certes ; cet \u00e9quilibre est assez pr\u00e9caire, mais avec ses solides fondamentaux, le march\u00e9 est [&hellip;]<\/p>\n","protected":false},"author":18,"featured_media":7356,"comment_status":"open","ping_status":"open","sticky":false,"template":"","format":"standard","meta":{"_mbp_gutenberg_autopost":false,"_pgmb_is_evergreen":false,"_pgmb_ap_template_id":0,"footnotes":""},"categories":[6],"tags":[1360,144,1071],"ppma_author":[2565],"class_list":["post-11950","post","type-post","status-publish","format-standard","has-post-thumbnail","hentry","category-articles-de-presse","tag-devise-americaine","tag-fed","tag-or-et-dollar"],"yoast_head":"<!-- This site is optimized with the Yoast SEO plugin v27.5 - https:\/\/yoast.com\/product\/yoast-seo-wordpress\/ -->\n<title>L\u2019or r\u00e9siste\u2026et le dollar aussi - Gold.fr<\/title>\n<meta name=\"robots\" content=\"index, follow, max-snippet:-1, max-image-preview:large, max-video-preview:-1\" \/>\n<link rel=\"canonical\" href=\"https:\/\/www.gold.fr\/news\/2013\/06\/17\/lor-resisteet-le-dollar-aussi\/\" \/>\n<meta property=\"og:locale\" content=\"fr_FR\" \/>\n<meta property=\"og:type\" content=\"article\" \/>\n<meta property=\"og:title\" content=\"L\u2019or r\u00e9siste\u2026et le dollar aussi - Gold.fr\" \/>\n<meta property=\"og:description\" content=\"En d\u00e9pit d&rsquo;une conjoncture hautement d\u00e9favorable pour les march\u00e9s des m\u00e9taux pr\u00e9cieux, le march\u00e9 aurif\u00e8re continue \u00e0 maintenir une certaine stabilit\u00e9. Certes ; cet \u00e9quilibre est assez pr\u00e9caire, mais avec ses solides fondamentaux, le march\u00e9 est [&hellip;]\" \/>\n<meta property=\"og:url\" content=\"https:\/\/www.gold.fr\/news\/2013\/06\/17\/lor-resisteet-le-dollar-aussi\/\" \/>\n<meta property=\"og:site_name\" content=\"Gold.fr\" \/>\n<meta property=\"article:publisher\" content=\"https:\/\/www.facebook.com\/Goldfr\/\" \/>\n<meta property=\"article:published_time\" content=\"2013-06-17T15:00:41+00:00\" \/>\n<meta property=\"article:modified_time\" content=\"2017-11-02T10:39:57+00:00\" \/>\n<meta property=\"og:image\" content=\"https:\/\/www.gold.fr\/news\/wp-content\/uploads\/2012\/05\/Cours-de-lOr-de-Bourse-2013.jpg\" \/>\n\t<meta property=\"og:image:width\" content=\"600\" \/>\n\t<meta property=\"og:image:height\" content=\"398\" \/>\n\t<meta property=\"og:image:type\" content=\"image\/jpeg\" \/>\n<meta name=\"author\" content=\"Comptoir National de l&#039;Or\" \/>\n<meta name=\"twitter:card\" content=\"summary_large_image\" \/>\n<meta name=\"twitter:label1\" content=\"\u00c9crit par\" \/>\n\t<meta name=\"twitter:data1\" content=\"Comptoir National de l&#039;Or\" \/>\n\t<meta name=\"twitter:label2\" content=\"Dur\u00e9e de lecture estim\u00e9e\" \/>\n\t<meta name=\"twitter:data2\" content=\"1 minute\" \/>\n<script type=\"application\/ld+json\" class=\"yoast-schema-graph\">{\"@context\":\"https:\\\/\\\/schema.org\",\"@graph\":[{\"@type\":\"Article\",\"@id\":\"https:\\\/\\\/www.gold.fr\\\/news\\\/2013\\\/06\\\/17\\\/lor-resisteet-le-dollar-aussi\\\/#article\",\"isPartOf\":{\"@id\":\"https:\\\/\\\/www.gold.fr\\\/news\\\/2013\\\/06\\\/17\\\/lor-resisteet-le-dollar-aussi\\\/\"},\"author\":{\"name\":\"Comptoir National de l'Or\",\"@id\":\"https:\\\/\\\/www.gold.fr\\\/news\\\/#\\\/schema\\\/person\\\/070491b4b4fb7671bf59b3be20302ce9\"},\"headline\":\"L\u2019or r\u00e9siste\u2026et le dollar aussi\",\"datePublished\":\"2013-06-17T15:00:41+00:00\",\"dateModified\":\"2017-11-02T10:39:57+00:00\",\"mainEntityOfPage\":{\"@id\":\"https:\\\/\\\/www.gold.fr\\\/news\\\/2013\\\/06\\\/17\\\/lor-resisteet-le-dollar-aussi\\\/\"},\"wordCount\":246,\"commentCount\":0,\"image\":{\"@id\":\"https:\\\/\\\/www.gold.fr\\\/news\\\/2013\\\/06\\\/17\\\/lor-resisteet-le-dollar-aussi\\\/#primaryimage\"},\"thumbnailUrl\":\"https:\\\/\\\/www.gold.fr\\\/news\\\/wp-content\\\/uploads\\\/2012\\\/05\\\/Cours-de-lOr-de-Bourse-2013.jpg\",\"keywords\":[\"devise am\u00e9ricaine\",\"fed\",\"or et dollar\"],\"articleSection\":[\"Articles de presse\"],\"inLanguage\":\"fr-FR\"},{\"@type\":\"WebPage\",\"@id\":\"https:\\\/\\\/www.gold.fr\\\/news\\\/2013\\\/06\\\/17\\\/lor-resisteet-le-dollar-aussi\\\/\",\"url\":\"https:\\\/\\\/www.gold.fr\\\/news\\\/2013\\\/06\\\/17\\\/lor-resisteet-le-dollar-aussi\\\/\",\"name\":\"L\u2019or r\u00e9siste\u2026et le dollar aussi - Gold.fr\",\"isPartOf\":{\"@id\":\"https:\\\/\\\/www.gold.fr\\\/news\\\/#website\"},\"primaryImageOfPage\":{\"@id\":\"https:\\\/\\\/www.gold.fr\\\/news\\\/2013\\\/06\\\/17\\\/lor-resisteet-le-dollar-aussi\\\/#primaryimage\"},\"image\":{\"@id\":\"https:\\\/\\\/www.gold.fr\\\/news\\\/2013\\\/06\\\/17\\\/lor-resisteet-le-dollar-aussi\\\/#primaryimage\"},\"thumbnailUrl\":\"https:\\\/\\\/www.gold.fr\\\/news\\\/wp-content\\\/uploads\\\/2012\\\/05\\\/Cours-de-lOr-de-Bourse-2013.jpg\",\"datePublished\":\"2013-06-17T15:00:41+00:00\",\"dateModified\":\"2017-11-02T10:39:57+00:00\",\"author\":{\"@id\":\"https:\\\/\\\/www.gold.fr\\\/news\\\/#\\\/schema\\\/person\\\/070491b4b4fb7671bf59b3be20302ce9\"},\"breadcrumb\":{\"@id\":\"https:\\\/\\\/www.gold.fr\\\/news\\\/2013\\\/06\\\/17\\\/lor-resisteet-le-dollar-aussi\\\/#breadcrumb\"},\"inLanguage\":\"fr-FR\",\"potentialAction\":[{\"@type\":\"ReadAction\",\"target\":[\"https:\\\/\\\/www.gold.fr\\\/news\\\/2013\\\/06\\\/17\\\/lor-resisteet-le-dollar-aussi\\\/\"]}]},{\"@type\":\"ImageObject\",\"inLanguage\":\"fr-FR\",\"@id\":\"https:\\\/\\\/www.gold.fr\\\/news\\\/2013\\\/06\\\/17\\\/lor-resisteet-le-dollar-aussi\\\/#primaryimage\",\"url\":\"https:\\\/\\\/www.gold.fr\\\/news\\\/wp-content\\\/uploads\\\/2012\\\/05\\\/Cours-de-lOr-de-Bourse-2013.jpg\",\"contentUrl\":\"https:\\\/\\\/www.gold.fr\\\/news\\\/wp-content\\\/uploads\\\/2012\\\/05\\\/Cours-de-lOr-de-Bourse-2013.jpg\",\"width\":\"600\",\"height\":\"398\",\"caption\":\"Or en horlogerie : Les alliages \u00e9voluent\"},{\"@type\":\"BreadcrumbList\",\"@id\":\"https:\\\/\\\/www.gold.fr\\\/news\\\/2013\\\/06\\\/17\\\/lor-resisteet-le-dollar-aussi\\\/#breadcrumb\",\"itemListElement\":[{\"@type\":\"ListItem\",\"position\":1,\"name\":\"Accueil\",\"item\":\"https:\\\/\\\/www.gold.fr\\\/\"},{\"@type\":\"ListItem\",\"position\":2,\"name\":\"Actualit\u00e9s\",\"item\":\"https:\\\/\\\/www.gold.fr\\\/news\\\/\"},{\"@type\":\"ListItem\",\"position\":3,\"name\":\"L\u2019or r\u00e9siste\u2026et le dollar aussi\"}]},{\"@type\":\"WebSite\",\"@id\":\"https:\\\/\\\/www.gold.fr\\\/news\\\/#website\",\"url\":\"https:\\\/\\\/www.gold.fr\\\/news\\\/\",\"name\":\"Gold.fr\",\"description\":\"Actualit\u00e9s de l&#039;Or et des m\u00e9taux pr\u00e9cieux\",\"potentialAction\":[{\"@type\":\"SearchAction\",\"target\":{\"@type\":\"EntryPoint\",\"urlTemplate\":\"https:\\\/\\\/www.gold.fr\\\/news\\\/?s={search_term_string}\"},\"query-input\":{\"@type\":\"PropertyValueSpecification\",\"valueRequired\":true,\"valueName\":\"search_term_string\"}}],\"inLanguage\":\"fr-FR\"},{\"@type\":\"Person\",\"@id\":\"https:\\\/\\\/www.gold.fr\\\/news\\\/#\\\/schema\\\/person\\\/070491b4b4fb7671bf59b3be20302ce9\",\"name\":\"Comptoir National de l'Or\",\"image\":{\"@type\":\"ImageObject\",\"inLanguage\":\"fr-FR\",\"@id\":\"https:\\\/\\\/secure.gravatar.com\\\/avatar\\\/0a2867fd5abe37bed95d5a65e9d58f01756e11efc68af9888dfc50cfa7f65948?s=96&d=mm&r=gb490554db0a38188709de567aa58480d\",\"url\":\"https:\\\/\\\/secure.gravatar.com\\\/avatar\\\/0a2867fd5abe37bed95d5a65e9d58f01756e11efc68af9888dfc50cfa7f65948?s=96&d=mm&r=g\",\"contentUrl\":\"https:\\\/\\\/secure.gravatar.com\\\/avatar\\\/0a2867fd5abe37bed95d5a65e9d58f01756e11efc68af9888dfc50cfa7f65948?s=96&d=mm&r=g\",\"caption\":\"Comptoir National de l'Or\"},\"description\":\"Notre r\u00e9daction est constitu\u00e9e de membres experts dans les m\u00e9tiers de l'\u00e9conomie et la gestion, des Responsables d'agence Comptoir National de l'Or, des analystes financiers qui publient r\u00e9guli\u00e8rement des \u00e9tudes sur les politiques des banques centrales, le cours de l'or, prix de l'or, cours de l'argent, prix de l'argent, cours du platine, cours du palladium,... la situation en zone euro et l'impact de la strat\u00e9gie mon\u00e9taire de la FED. Notre \u00e9quipe scrute \u00e9galement une information plus g\u00e9n\u00e9raliste \u00e0 la recherche d'actualit\u00e9 \\\"p\u00e9pite\\\" \u00e0 vous partager. Depuis 5 ans, nous avons publi\u00e9 un peu plus de 4000 articles qui s'adressent \u00e0 un public large et vari\u00e9 ayant pour objectif de satisfaire votre curiosit\u00e9 et de partager avec vous une certaine fascination pour le m\u00e9tal jaune, le rachat d'or, et pour ceux qui veulent investir dans l'or, vendre leur or tout simplement en savoir plus... Pour tous vos achat or et argent, n'h\u00e9sitez pas \u00e0 prendre rendez-vous dans l'un de nos nombreux comptoirs.\",\"sameAs\":[\"https:\\\/\\\/www.gold.fr\"]}]}<\/script>\n<!-- \/ Yoast SEO plugin. -->","yoast_head_json":{"title":"L\u2019or r\u00e9siste\u2026et le dollar aussi - Gold.fr","robots":{"index":"index","follow":"follow","max-snippet":"max-snippet:-1","max-image-preview":"max-image-preview:large","max-video-preview":"max-video-preview:-1"},"canonical":"https:\/\/www.gold.fr\/news\/2013\/06\/17\/lor-resisteet-le-dollar-aussi\/","og_locale":"fr_FR","og_type":"article","og_title":"L\u2019or r\u00e9siste\u2026et le dollar aussi - Gold.fr","og_description":"En d\u00e9pit d&rsquo;une conjoncture hautement d\u00e9favorable pour les march\u00e9s des m\u00e9taux pr\u00e9cieux, le march\u00e9 aurif\u00e8re continue \u00e0 maintenir une certaine stabilit\u00e9. Certes ; cet \u00e9quilibre est assez pr\u00e9caire, mais avec ses solides fondamentaux, le march\u00e9 est [&hellip;]","og_url":"https:\/\/www.gold.fr\/news\/2013\/06\/17\/lor-resisteet-le-dollar-aussi\/","og_site_name":"Gold.fr","article_publisher":"https:\/\/www.facebook.com\/Goldfr\/","article_published_time":"2013-06-17T15:00:41+00:00","article_modified_time":"2017-11-02T10:39:57+00:00","og_image":[{"width":600,"height":398,"url":"https:\/\/www.gold.fr\/news\/wp-content\/uploads\/2012\/05\/Cours-de-lOr-de-Bourse-2013.jpg","type":"image\/jpeg"}],"author":"Comptoir National de l'Or","twitter_card":"summary_large_image","twitter_misc":{"\u00c9crit par":"Comptoir National de l'Or","Dur\u00e9e de lecture estim\u00e9e":"1 minute"},"schema":{"@context":"https:\/\/schema.org","@graph":[{"@type":"Article","@id":"https:\/\/www.gold.fr\/news\/2013\/06\/17\/lor-resisteet-le-dollar-aussi\/#article","isPartOf":{"@id":"https:\/\/www.gold.fr\/news\/2013\/06\/17\/lor-resisteet-le-dollar-aussi\/"},"author":{"name":"Comptoir National de l'Or","@id":"https:\/\/www.gold.fr\/news\/#\/schema\/person\/070491b4b4fb7671bf59b3be20302ce9"},"headline":"L\u2019or r\u00e9siste\u2026et le dollar aussi","datePublished":"2013-06-17T15:00:41+00:00","dateModified":"2017-11-02T10:39:57+00:00","mainEntityOfPage":{"@id":"https:\/\/www.gold.fr\/news\/2013\/06\/17\/lor-resisteet-le-dollar-aussi\/"},"wordCount":246,"commentCount":0,"image":{"@id":"https:\/\/www.gold.fr\/news\/2013\/06\/17\/lor-resisteet-le-dollar-aussi\/#primaryimage"},"thumbnailUrl":"https:\/\/www.gold.fr\/news\/wp-content\/uploads\/2012\/05\/Cours-de-lOr-de-Bourse-2013.jpg","keywords":["devise am\u00e9ricaine","fed","or et dollar"],"articleSection":["Articles de presse"],"inLanguage":"fr-FR"},{"@type":"WebPage","@id":"https:\/\/www.gold.fr\/news\/2013\/06\/17\/lor-resisteet-le-dollar-aussi\/","url":"https:\/\/www.gold.fr\/news\/2013\/06\/17\/lor-resisteet-le-dollar-aussi\/","name":"L\u2019or r\u00e9siste\u2026et le dollar aussi - Gold.fr","isPartOf":{"@id":"https:\/\/www.gold.fr\/news\/#website"},"primaryImageOfPage":{"@id":"https:\/\/www.gold.fr\/news\/2013\/06\/17\/lor-resisteet-le-dollar-aussi\/#primaryimage"},"image":{"@id":"https:\/\/www.gold.fr\/news\/2013\/06\/17\/lor-resisteet-le-dollar-aussi\/#primaryimage"},"thumbnailUrl":"https:\/\/www.gold.fr\/news\/wp-content\/uploads\/2012\/05\/Cours-de-lOr-de-Bourse-2013.jpg","datePublished":"2013-06-17T15:00:41+00:00","dateModified":"2017-11-02T10:39:57+00:00","author":{"@id":"https:\/\/www.gold.fr\/news\/#\/schema\/person\/070491b4b4fb7671bf59b3be20302ce9"},"breadcrumb":{"@id":"https:\/\/www.gold.fr\/news\/2013\/06\/17\/lor-resisteet-le-dollar-aussi\/#breadcrumb"},"inLanguage":"fr-FR","potentialAction":[{"@type":"ReadAction","target":["https:\/\/www.gold.fr\/news\/2013\/06\/17\/lor-resisteet-le-dollar-aussi\/"]}]},{"@type":"ImageObject","inLanguage":"fr-FR","@id":"https:\/\/www.gold.fr\/news\/2013\/06\/17\/lor-resisteet-le-dollar-aussi\/#primaryimage","url":"https:\/\/www.gold.fr\/news\/wp-content\/uploads\/2012\/05\/Cours-de-lOr-de-Bourse-2013.jpg","contentUrl":"https:\/\/www.gold.fr\/news\/wp-content\/uploads\/2012\/05\/Cours-de-lOr-de-Bourse-2013.jpg","width":"600","height":"398","caption":"Or en horlogerie : Les alliages \u00e9voluent"},{"@type":"BreadcrumbList","@id":"https:\/\/www.gold.fr\/news\/2013\/06\/17\/lor-resisteet-le-dollar-aussi\/#breadcrumb","itemListElement":[{"@type":"ListItem","position":1,"name":"Accueil","item":"https:\/\/www.gold.fr\/"},{"@type":"ListItem","position":2,"name":"Actualit\u00e9s","item":"https:\/\/www.gold.fr\/news\/"},{"@type":"ListItem","position":3,"name":"L\u2019or r\u00e9siste\u2026et le dollar aussi"}]},{"@type":"WebSite","@id":"https:\/\/www.gold.fr\/news\/#website","url":"https:\/\/www.gold.fr\/news\/","name":"Gold.fr","description":"Actualit\u00e9s de l&#039;Or et des m\u00e9taux pr\u00e9cieux","potentialAction":[{"@type":"SearchAction","target":{"@type":"EntryPoint","urlTemplate":"https:\/\/www.gold.fr\/news\/?s={search_term_string}"},"query-input":{"@type":"PropertyValueSpecification","valueRequired":true,"valueName":"search_term_string"}}],"inLanguage":"fr-FR"},{"@type":"Person","@id":"https:\/\/www.gold.fr\/news\/#\/schema\/person\/070491b4b4fb7671bf59b3be20302ce9","name":"Comptoir National de l'Or","image":{"@type":"ImageObject","inLanguage":"fr-FR","@id":"https:\/\/secure.gravatar.com\/avatar\/0a2867fd5abe37bed95d5a65e9d58f01756e11efc68af9888dfc50cfa7f65948?s=96&d=mm&r=gb490554db0a38188709de567aa58480d","url":"https:\/\/secure.gravatar.com\/avatar\/0a2867fd5abe37bed95d5a65e9d58f01756e11efc68af9888dfc50cfa7f65948?s=96&d=mm&r=g","contentUrl":"https:\/\/secure.gravatar.com\/avatar\/0a2867fd5abe37bed95d5a65e9d58f01756e11efc68af9888dfc50cfa7f65948?s=96&d=mm&r=g","caption":"Comptoir National de l'Or"},"description":"Notre r\u00e9daction est constitu\u00e9e de membres experts dans les m\u00e9tiers de l'\u00e9conomie et la gestion, des Responsables d'agence Comptoir National de l'Or, des analystes financiers qui publient r\u00e9guli\u00e8rement des \u00e9tudes sur les politiques des banques centrales, le cours de l'or, prix de l'or, cours de l'argent, prix de l'argent, cours du platine, cours du palladium,... la situation en zone euro et l'impact de la strat\u00e9gie mon\u00e9taire de la FED. Notre \u00e9quipe scrute \u00e9galement une information plus g\u00e9n\u00e9raliste \u00e0 la recherche d'actualit\u00e9 \"p\u00e9pite\" \u00e0 vous partager. Depuis 5 ans, nous avons publi\u00e9 un peu plus de 4000 articles qui s'adressent \u00e0 un public large et vari\u00e9 ayant pour objectif de satisfaire votre curiosit\u00e9 et de partager avec vous une certaine fascination pour le m\u00e9tal jaune, le rachat d'or, et pour ceux qui veulent investir dans l'or, vendre leur or tout simplement en savoir plus... Pour tous vos achat or et argent, n'h\u00e9sitez pas \u00e0 prendre rendez-vous dans l'un de nos nombreux comptoirs.","sameAs":["https:\/\/www.gold.fr"]}]}},"authors":[{"term_id":2565,"user_id":18,"is_guest":0,"slug":"julie","display_name":"Comptoir National de l'Or","avatar_url":"https:\/\/secure.gravatar.com\/avatar\/713f289e398d35ead876c4a4cc08607f0d6d266058cfc25683fffb6092d0e572?s=96&d=mm&r=g","0":null,"1":"","2":"","3":"","4":"","5":"","6":"","7":"","8":""}],"_links":{"self":[{"href":"https:\/\/www.gold.fr\/news\/wp-json\/wp\/v2\/posts\/11950","targetHints":{"allow":["GET"]}}],"collection":[{"href":"https:\/\/www.gold.fr\/news\/wp-json\/wp\/v2\/posts"}],"about":[{"href":"https:\/\/www.gold.fr\/news\/wp-json\/wp\/v2\/types\/post"}],"author":[{"embeddable":true,"href":"https:\/\/www.gold.fr\/news\/wp-json\/wp\/v2\/users\/18"}],"replies":[{"embeddable":true,"href":"https:\/\/www.gold.fr\/news\/wp-json\/wp\/v2\/comments?post=11950"}],"version-history":[{"count":0,"href":"https:\/\/www.gold.fr\/news\/wp-json\/wp\/v2\/posts\/11950\/revisions"}],"wp:featuredmedia":[{"embeddable":true,"href":"https:\/\/www.gold.fr\/news\/wp-json\/wp\/v2\/media\/7356"}],"wp:attachment":[{"href":"https:\/\/www.gold.fr\/news\/wp-json\/wp\/v2\/media?parent=11950"}],"wp:term":[{"taxonomy":"category","embeddable":true,"href":"https:\/\/www.gold.fr\/news\/wp-json\/wp\/v2\/categories?post=11950"},{"taxonomy":"post_tag","embeddable":true,"href":"https:\/\/www.gold.fr\/news\/wp-json\/wp\/v2\/tags?post=11950"},{"taxonomy":"author","embeddable":true,"href":"https:\/\/www.gold.fr\/news\/wp-json\/wp\/v2\/ppma_author?post=11950"}],"curies":[{"name":"wp","href":"https:\/\/api.w.org\/{rel}","templated":true}]}}