{"id":11947,"date":"2013-06-17T09:00:46","date_gmt":"2013-06-17T07:00:46","guid":{"rendered":"https:\/\/www.gold.fr\/news\/?p=11947"},"modified":"2017-11-02T11:39:57","modified_gmt":"2017-11-02T10:39:57","slug":"evolution-de-lor-baisse-et-fondamentaux","status":"publish","type":"post","link":"https:\/\/www.gold.fr\/news\/2013\/06\/17\/evolution-de-lor-baisse-et-fondamentaux\/","title":{"rendered":"Evolution de l\u2019or \u2013 Baisse et fondamentaux"},"content":{"rendered":"<p><span style=\"font-size: small;\"><img loading=\"lazy\" decoding=\"async\" class=\"alignleft size-thumbnail wp-image-2677\" title=\"Evolution de l\u2019or \u2013 Baisse et fondamentaux\" src=\"https:\/\/www.gold.fr\/news\/wp-content\/uploads\/2011\/10\/or-150x150.jpg\" alt=\"\" width=\"150\" height=\"150\" \/>Certes, les r\u00e9cents rebondissements du <a title=\"BCE et ch\u00f4mage US au service du march\u00e9 aurif\u00e8re\" href=\"https:\/\/www.gold.fr\/news\/2013\/06\/11\/bce-et-chomage-us-au-service-du-marche-aurifere\/11892\/\" target=\"_blank\">march\u00e9 aurif\u00e8re<\/a> ont eu de quoi donner des sueurs froides aux plus fid\u00e8les amateurs de la relique barbare. Mais les professionnels insistent sur le fait que la baisse des prix est uniquement \u00ab <em>conjoncturelle <\/em>\u00bb.<\/span>    <span style=\"font-size: small;\"> En d\u00e9pit de cette baisse, et bien que le <a href='https:\/\/www.gold.fr\/news\/tags\/or' class='esk-seo-plu-link'>m\u00e9tal jaune<\/a> ait d\u00e9j\u00e0 montr\u00e9 quelques signes de reprise occasionnelle, tout au long des deux derni\u00e8res semaines, les experts maintiennent qu&rsquo;il est encore trop t\u00f4t pour consid\u00e9rer cette reprise \u00ab <em>permanente<\/em> \u00bb. Selon les analystes, <a title=\"Evolution de l\u2019or \u2013 Une nouvelle vague mod\u00e9r\u00e9e de correction\" href=\"https:\/\/www.gold.fr\/news\/2013\/06\/13\/evolution-de-lor-une-nouvelle-vague-moderee-de-correction\/11930\/\" target=\"_blank\">la vague de correction<\/a> va se poursuivre (du moins, \u00e0 court terme), mais ne se prolongera pas, gr\u00e2ce notamment \u00e0 de tr\u00e8s solides fondamentaux.<\/span>    <span style=\"font-size: small;\"> Certains experts \u00e9voquent \u00e9galement l&rsquo;\u00e9ventualit\u00e9 que cette stagnation soit le signe d&rsquo;une nouvelle et r\u00e9elle am\u00e9lioration de la situation \u00e9conomique mondiale (<a title=\"L\u2019\u00e9conomie US et sa s\u00e9rie de contre-performances\" href=\"https:\/\/www.gold.fr\/news\/2013\/06\/10\/leconomie-us-et-sa-serie-de-contre-performances\/11884\/\" target=\"_blank\">et plus particuli\u00e8rement, am\u00e9ricaine<\/a>). Ils sont toutefois unanimes sur la pr\u00e9vision que l&rsquo;<a href='https:\/\/www.gold.fr\/news\/tags\/or' class='esk-seo-plu-link'>or<\/a> retrouvera \u2013et maintiendra- sa position de valeur refuge, dans la mesure o\u00f9 le climat \u00e9conomique international est constamment sujette \u00e0 toutes formes de menaces conjoncturelles ; inflation, crises, effondrement du syst\u00e8me bancaire\u2026<\/span>    <span style=\"font-size: small;\"> <a title=\"Prix de l'Once d'Or\" href=\"https:\/\/www.gold.fr\/once-en\/\" target=\"_blank\">Le prix de l\u2019once<\/a>, au <a title=\"Rumeurs concernant les banques centrales au c\u0153ur des d\u00e9bats\" href=\"https:\/\/www.gold.fr\/news\/2013\/06\/13\/rumeurs-concernant-les-banques-centrales-au-coeur-des-debats\/11935\/\" target=\"_blank\">13 juin 2013<\/a>, est de <strong>1.385,15 dollars<\/strong>, ce qui maintient le <a href='https:\/\/www.gold.fr\/news\/tags\/or' class='esk-seo-plu-link'>m\u00e9tal jaune<\/a> au dessous d&rsquo;une barre psychologique et technique particuli\u00e8rement r\u00e9sistante (celle des <strong>1 400 dollars<\/strong>). Les experts estiment que cette phase de correction se prolongera pour encore 6 semaines, au minimum.<\/span><\/p>\n<!-- AddThis Advanced Settings generic via filter on the_content --><!-- AddThis Share Buttons generic via filter on the_content -->","protected":false},"excerpt":{"rendered":"<p>Certes, les r\u00e9cents rebondissements du march\u00e9 aurif\u00e8re ont eu de quoi donner des sueurs froides aux plus fid\u00e8les amateurs de la relique barbare. Mais les professionnels insistent sur le fait que la baisse des prix est [&hellip;]<\/p>\n","protected":false},"author":18,"featured_media":2677,"comment_status":"open","ping_status":"open","sticky":false,"template":"","format":"standard","meta":{"_mbp_gutenberg_autopost":false,"_pgmb_is_evergreen":false,"_pgmb_ap_template_id":0,"footnotes":""},"categories":[6],"tags":[940,1167,1320,85,1359],"ppma_author":[2565],"class_list":["post-11947","post","type-post","status-publish","format-standard","has-post-thumbnail","hentry","category-articles-de-presse","tag-economie-americaine","tag-evolution-or","tag-marche-aurifiere","tag-once-dor","tag-vague-correction"],"yoast_head":"<!-- This site is optimized with the Yoast SEO plugin v27.5 - https:\/\/yoast.com\/product\/yoast-seo-wordpress\/ -->\n<title>Evolution de l\u2019or \u2013 Baisse et fondamentaux - Gold.fr<\/title>\n<meta name=\"robots\" content=\"index, follow, max-snippet:-1, max-image-preview:large, max-video-preview:-1\" \/>\n<link rel=\"canonical\" href=\"https:\/\/www.gold.fr\/news\/2013\/06\/17\/evolution-de-lor-baisse-et-fondamentaux\/\" \/>\n<meta property=\"og:locale\" content=\"fr_FR\" \/>\n<meta property=\"og:type\" content=\"article\" \/>\n<meta property=\"og:title\" content=\"Evolution de l\u2019or \u2013 Baisse et fondamentaux - Gold.fr\" \/>\n<meta property=\"og:description\" content=\"Certes, les r\u00e9cents rebondissements du march\u00e9 aurif\u00e8re ont eu de quoi donner des sueurs froides aux plus fid\u00e8les amateurs de la relique barbare. Mais les professionnels insistent sur le fait que la baisse des prix est [&hellip;]\" \/>\n<meta property=\"og:url\" content=\"https:\/\/www.gold.fr\/news\/2013\/06\/17\/evolution-de-lor-baisse-et-fondamentaux\/\" \/>\n<meta property=\"og:site_name\" content=\"Gold.fr\" \/>\n<meta property=\"article:publisher\" content=\"https:\/\/www.facebook.com\/Goldfr\/\" \/>\n<meta property=\"article:published_time\" content=\"2013-06-17T07:00:46+00:00\" \/>\n<meta property=\"article:modified_time\" content=\"2017-11-02T10:39:57+00:00\" \/>\n<meta property=\"og:image\" content=\"https:\/\/www.gold.fr\/news\/wp-content\/uploads\/2011\/10\/or.jpg\" \/>\n\t<meta property=\"og:image:width\" content=\"600\" \/>\n\t<meta property=\"og:image:height\" content=\"515\" \/>\n\t<meta property=\"og:image:type\" content=\"image\/jpeg\" \/>\n<meta name=\"author\" content=\"Comptoir National de l&#039;Or\" \/>\n<meta name=\"twitter:card\" content=\"summary_large_image\" \/>\n<meta name=\"twitter:label1\" content=\"\u00c9crit par\" \/>\n\t<meta name=\"twitter:data1\" content=\"Comptoir National de l&#039;Or\" \/>\n\t<meta name=\"twitter:label2\" content=\"Dur\u00e9e de lecture estim\u00e9e\" \/>\n\t<meta name=\"twitter:data2\" content=\"1 minute\" \/>\n<script type=\"application\/ld+json\" class=\"yoast-schema-graph\">{\"@context\":\"https:\\\/\\\/schema.org\",\"@graph\":[{\"@type\":\"Article\",\"@id\":\"https:\\\/\\\/www.gold.fr\\\/news\\\/2013\\\/06\\\/17\\\/evolution-de-lor-baisse-et-fondamentaux\\\/#article\",\"isPartOf\":{\"@id\":\"https:\\\/\\\/www.gold.fr\\\/news\\\/2013\\\/06\\\/17\\\/evolution-de-lor-baisse-et-fondamentaux\\\/\"},\"author\":{\"name\":\"Comptoir National de l'Or\",\"@id\":\"https:\\\/\\\/www.gold.fr\\\/news\\\/#\\\/schema\\\/person\\\/070491b4b4fb7671bf59b3be20302ce9\"},\"headline\":\"Evolution de l\u2019or \u2013 Baisse et fondamentaux\",\"datePublished\":\"2013-06-17T07:00:46+00:00\",\"dateModified\":\"2017-11-02T10:39:57+00:00\",\"mainEntityOfPage\":{\"@id\":\"https:\\\/\\\/www.gold.fr\\\/news\\\/2013\\\/06\\\/17\\\/evolution-de-lor-baisse-et-fondamentaux\\\/\"},\"wordCount\":241,\"commentCount\":0,\"image\":{\"@id\":\"https:\\\/\\\/www.gold.fr\\\/news\\\/2013\\\/06\\\/17\\\/evolution-de-lor-baisse-et-fondamentaux\\\/#primaryimage\"},\"thumbnailUrl\":\"https:\\\/\\\/www.gold.fr\\\/news\\\/wp-content\\\/uploads\\\/2011\\\/10\\\/or.jpg\",\"keywords\":[\"\u00e9conomie am\u00e9ricaine\",\"evolution or\",\"march\u00e9 aurifi\u00e8re\",\"once d'or\",\"vague correction\"],\"articleSection\":[\"Articles de presse\"],\"inLanguage\":\"fr-FR\"},{\"@type\":\"WebPage\",\"@id\":\"https:\\\/\\\/www.gold.fr\\\/news\\\/2013\\\/06\\\/17\\\/evolution-de-lor-baisse-et-fondamentaux\\\/\",\"url\":\"https:\\\/\\\/www.gold.fr\\\/news\\\/2013\\\/06\\\/17\\\/evolution-de-lor-baisse-et-fondamentaux\\\/\",\"name\":\"Evolution de l\u2019or \u2013 Baisse et fondamentaux - Gold.fr\",\"isPartOf\":{\"@id\":\"https:\\\/\\\/www.gold.fr\\\/news\\\/#website\"},\"primaryImageOfPage\":{\"@id\":\"https:\\\/\\\/www.gold.fr\\\/news\\\/2013\\\/06\\\/17\\\/evolution-de-lor-baisse-et-fondamentaux\\\/#primaryimage\"},\"image\":{\"@id\":\"https:\\\/\\\/www.gold.fr\\\/news\\\/2013\\\/06\\\/17\\\/evolution-de-lor-baisse-et-fondamentaux\\\/#primaryimage\"},\"thumbnailUrl\":\"https:\\\/\\\/www.gold.fr\\\/news\\\/wp-content\\\/uploads\\\/2011\\\/10\\\/or.jpg\",\"datePublished\":\"2013-06-17T07:00:46+00:00\",\"dateModified\":\"2017-11-02T10:39:57+00:00\",\"author\":{\"@id\":\"https:\\\/\\\/www.gold.fr\\\/news\\\/#\\\/schema\\\/person\\\/070491b4b4fb7671bf59b3be20302ce9\"},\"breadcrumb\":{\"@id\":\"https:\\\/\\\/www.gold.fr\\\/news\\\/2013\\\/06\\\/17\\\/evolution-de-lor-baisse-et-fondamentaux\\\/#breadcrumb\"},\"inLanguage\":\"fr-FR\",\"potentialAction\":[{\"@type\":\"ReadAction\",\"target\":[\"https:\\\/\\\/www.gold.fr\\\/news\\\/2013\\\/06\\\/17\\\/evolution-de-lor-baisse-et-fondamentaux\\\/\"]}]},{\"@type\":\"ImageObject\",\"inLanguage\":\"fr-FR\",\"@id\":\"https:\\\/\\\/www.gold.fr\\\/news\\\/2013\\\/06\\\/17\\\/evolution-de-lor-baisse-et-fondamentaux\\\/#primaryimage\",\"url\":\"https:\\\/\\\/www.gold.fr\\\/news\\\/wp-content\\\/uploads\\\/2011\\\/10\\\/or.jpg\",\"contentUrl\":\"https:\\\/\\\/www.gold.fr\\\/news\\\/wp-content\\\/uploads\\\/2011\\\/10\\\/or.jpg\",\"width\":\"600\",\"height\":\"515\",\"caption\":\"March\u00e9 de l\u2019or : Perspectives haussi\u00e8res \u00e0 moyen terme\"},{\"@type\":\"BreadcrumbList\",\"@id\":\"https:\\\/\\\/www.gold.fr\\\/news\\\/2013\\\/06\\\/17\\\/evolution-de-lor-baisse-et-fondamentaux\\\/#breadcrumb\",\"itemListElement\":[{\"@type\":\"ListItem\",\"position\":1,\"name\":\"Accueil\",\"item\":\"https:\\\/\\\/www.gold.fr\\\/\"},{\"@type\":\"ListItem\",\"position\":2,\"name\":\"Actualit\u00e9s\",\"item\":\"https:\\\/\\\/www.gold.fr\\\/news\\\/\"},{\"@type\":\"ListItem\",\"position\":3,\"name\":\"Evolution de l\u2019or \u2013 Baisse et fondamentaux\"}]},{\"@type\":\"WebSite\",\"@id\":\"https:\\\/\\\/www.gold.fr\\\/news\\\/#website\",\"url\":\"https:\\\/\\\/www.gold.fr\\\/news\\\/\",\"name\":\"Gold.fr\",\"description\":\"Actualit\u00e9s de l&#039;Or et des m\u00e9taux pr\u00e9cieux\",\"potentialAction\":[{\"@type\":\"SearchAction\",\"target\":{\"@type\":\"EntryPoint\",\"urlTemplate\":\"https:\\\/\\\/www.gold.fr\\\/news\\\/?s={search_term_string}\"},\"query-input\":{\"@type\":\"PropertyValueSpecification\",\"valueRequired\":true,\"valueName\":\"search_term_string\"}}],\"inLanguage\":\"fr-FR\"},{\"@type\":\"Person\",\"@id\":\"https:\\\/\\\/www.gold.fr\\\/news\\\/#\\\/schema\\\/person\\\/070491b4b4fb7671bf59b3be20302ce9\",\"name\":\"Comptoir National de l'Or\",\"image\":{\"@type\":\"ImageObject\",\"inLanguage\":\"fr-FR\",\"@id\":\"https:\\\/\\\/secure.gravatar.com\\\/avatar\\\/0a2867fd5abe37bed95d5a65e9d58f01756e11efc68af9888dfc50cfa7f65948?s=96&d=mm&r=gb490554db0a38188709de567aa58480d\",\"url\":\"https:\\\/\\\/secure.gravatar.com\\\/avatar\\\/0a2867fd5abe37bed95d5a65e9d58f01756e11efc68af9888dfc50cfa7f65948?s=96&d=mm&r=g\",\"contentUrl\":\"https:\\\/\\\/secure.gravatar.com\\\/avatar\\\/0a2867fd5abe37bed95d5a65e9d58f01756e11efc68af9888dfc50cfa7f65948?s=96&d=mm&r=g\",\"caption\":\"Comptoir National de l'Or\"},\"description\":\"Notre r\u00e9daction est constitu\u00e9e de membres experts dans les m\u00e9tiers de l'\u00e9conomie et la gestion, des Responsables d'agence Comptoir National de l'Or, des analystes financiers qui publient r\u00e9guli\u00e8rement des \u00e9tudes sur les politiques des banques centrales, le cours de l'or, prix de l'or, cours de l'argent, prix de l'argent, cours du platine, cours du palladium,... la situation en zone euro et l'impact de la strat\u00e9gie mon\u00e9taire de la FED. Notre \u00e9quipe scrute \u00e9galement une information plus g\u00e9n\u00e9raliste \u00e0 la recherche d'actualit\u00e9 \\\"p\u00e9pite\\\" \u00e0 vous partager. Depuis 5 ans, nous avons publi\u00e9 un peu plus de 4000 articles qui s'adressent \u00e0 un public large et vari\u00e9 ayant pour objectif de satisfaire votre curiosit\u00e9 et de partager avec vous une certaine fascination pour le m\u00e9tal jaune, le rachat d'or, et pour ceux qui veulent investir dans l'or, vendre leur or tout simplement en savoir plus... Pour tous vos achat or et argent, n'h\u00e9sitez pas \u00e0 prendre rendez-vous dans l'un de nos nombreux comptoirs.\",\"sameAs\":[\"https:\\\/\\\/www.gold.fr\"]}]}<\/script>\n<!-- \/ Yoast SEO plugin. -->","yoast_head_json":{"title":"Evolution de l\u2019or \u2013 Baisse et fondamentaux - Gold.fr","robots":{"index":"index","follow":"follow","max-snippet":"max-snippet:-1","max-image-preview":"max-image-preview:large","max-video-preview":"max-video-preview:-1"},"canonical":"https:\/\/www.gold.fr\/news\/2013\/06\/17\/evolution-de-lor-baisse-et-fondamentaux\/","og_locale":"fr_FR","og_type":"article","og_title":"Evolution de l\u2019or \u2013 Baisse et fondamentaux - Gold.fr","og_description":"Certes, les r\u00e9cents rebondissements du march\u00e9 aurif\u00e8re ont eu de quoi donner des sueurs froides aux plus fid\u00e8les amateurs de la relique barbare. Mais les professionnels insistent sur le fait que la baisse des prix est [&hellip;]","og_url":"https:\/\/www.gold.fr\/news\/2013\/06\/17\/evolution-de-lor-baisse-et-fondamentaux\/","og_site_name":"Gold.fr","article_publisher":"https:\/\/www.facebook.com\/Goldfr\/","article_published_time":"2013-06-17T07:00:46+00:00","article_modified_time":"2017-11-02T10:39:57+00:00","og_image":[{"width":600,"height":515,"url":"https:\/\/www.gold.fr\/news\/wp-content\/uploads\/2011\/10\/or.jpg","type":"image\/jpeg"}],"author":"Comptoir National de l'Or","twitter_card":"summary_large_image","twitter_misc":{"\u00c9crit par":"Comptoir National de l'Or","Dur\u00e9e de lecture estim\u00e9e":"1 minute"},"schema":{"@context":"https:\/\/schema.org","@graph":[{"@type":"Article","@id":"https:\/\/www.gold.fr\/news\/2013\/06\/17\/evolution-de-lor-baisse-et-fondamentaux\/#article","isPartOf":{"@id":"https:\/\/www.gold.fr\/news\/2013\/06\/17\/evolution-de-lor-baisse-et-fondamentaux\/"},"author":{"name":"Comptoir National de l'Or","@id":"https:\/\/www.gold.fr\/news\/#\/schema\/person\/070491b4b4fb7671bf59b3be20302ce9"},"headline":"Evolution de l\u2019or \u2013 Baisse et fondamentaux","datePublished":"2013-06-17T07:00:46+00:00","dateModified":"2017-11-02T10:39:57+00:00","mainEntityOfPage":{"@id":"https:\/\/www.gold.fr\/news\/2013\/06\/17\/evolution-de-lor-baisse-et-fondamentaux\/"},"wordCount":241,"commentCount":0,"image":{"@id":"https:\/\/www.gold.fr\/news\/2013\/06\/17\/evolution-de-lor-baisse-et-fondamentaux\/#primaryimage"},"thumbnailUrl":"https:\/\/www.gold.fr\/news\/wp-content\/uploads\/2011\/10\/or.jpg","keywords":["\u00e9conomie am\u00e9ricaine","evolution or","march\u00e9 aurifi\u00e8re","once d'or","vague correction"],"articleSection":["Articles de presse"],"inLanguage":"fr-FR"},{"@type":"WebPage","@id":"https:\/\/www.gold.fr\/news\/2013\/06\/17\/evolution-de-lor-baisse-et-fondamentaux\/","url":"https:\/\/www.gold.fr\/news\/2013\/06\/17\/evolution-de-lor-baisse-et-fondamentaux\/","name":"Evolution de l\u2019or \u2013 Baisse et fondamentaux - Gold.fr","isPartOf":{"@id":"https:\/\/www.gold.fr\/news\/#website"},"primaryImageOfPage":{"@id":"https:\/\/www.gold.fr\/news\/2013\/06\/17\/evolution-de-lor-baisse-et-fondamentaux\/#primaryimage"},"image":{"@id":"https:\/\/www.gold.fr\/news\/2013\/06\/17\/evolution-de-lor-baisse-et-fondamentaux\/#primaryimage"},"thumbnailUrl":"https:\/\/www.gold.fr\/news\/wp-content\/uploads\/2011\/10\/or.jpg","datePublished":"2013-06-17T07:00:46+00:00","dateModified":"2017-11-02T10:39:57+00:00","author":{"@id":"https:\/\/www.gold.fr\/news\/#\/schema\/person\/070491b4b4fb7671bf59b3be20302ce9"},"breadcrumb":{"@id":"https:\/\/www.gold.fr\/news\/2013\/06\/17\/evolution-de-lor-baisse-et-fondamentaux\/#breadcrumb"},"inLanguage":"fr-FR","potentialAction":[{"@type":"ReadAction","target":["https:\/\/www.gold.fr\/news\/2013\/06\/17\/evolution-de-lor-baisse-et-fondamentaux\/"]}]},{"@type":"ImageObject","inLanguage":"fr-FR","@id":"https:\/\/www.gold.fr\/news\/2013\/06\/17\/evolution-de-lor-baisse-et-fondamentaux\/#primaryimage","url":"https:\/\/www.gold.fr\/news\/wp-content\/uploads\/2011\/10\/or.jpg","contentUrl":"https:\/\/www.gold.fr\/news\/wp-content\/uploads\/2011\/10\/or.jpg","width":"600","height":"515","caption":"March\u00e9 de l\u2019or : Perspectives haussi\u00e8res \u00e0 moyen terme"},{"@type":"BreadcrumbList","@id":"https:\/\/www.gold.fr\/news\/2013\/06\/17\/evolution-de-lor-baisse-et-fondamentaux\/#breadcrumb","itemListElement":[{"@type":"ListItem","position":1,"name":"Accueil","item":"https:\/\/www.gold.fr\/"},{"@type":"ListItem","position":2,"name":"Actualit\u00e9s","item":"https:\/\/www.gold.fr\/news\/"},{"@type":"ListItem","position":3,"name":"Evolution de l\u2019or \u2013 Baisse et fondamentaux"}]},{"@type":"WebSite","@id":"https:\/\/www.gold.fr\/news\/#website","url":"https:\/\/www.gold.fr\/news\/","name":"Gold.fr","description":"Actualit\u00e9s de l&#039;Or et des m\u00e9taux pr\u00e9cieux","potentialAction":[{"@type":"SearchAction","target":{"@type":"EntryPoint","urlTemplate":"https:\/\/www.gold.fr\/news\/?s={search_term_string}"},"query-input":{"@type":"PropertyValueSpecification","valueRequired":true,"valueName":"search_term_string"}}],"inLanguage":"fr-FR"},{"@type":"Person","@id":"https:\/\/www.gold.fr\/news\/#\/schema\/person\/070491b4b4fb7671bf59b3be20302ce9","name":"Comptoir National de l'Or","image":{"@type":"ImageObject","inLanguage":"fr-FR","@id":"https:\/\/secure.gravatar.com\/avatar\/0a2867fd5abe37bed95d5a65e9d58f01756e11efc68af9888dfc50cfa7f65948?s=96&d=mm&r=gb490554db0a38188709de567aa58480d","url":"https:\/\/secure.gravatar.com\/avatar\/0a2867fd5abe37bed95d5a65e9d58f01756e11efc68af9888dfc50cfa7f65948?s=96&d=mm&r=g","contentUrl":"https:\/\/secure.gravatar.com\/avatar\/0a2867fd5abe37bed95d5a65e9d58f01756e11efc68af9888dfc50cfa7f65948?s=96&d=mm&r=g","caption":"Comptoir National de l'Or"},"description":"Notre r\u00e9daction est constitu\u00e9e de membres experts dans les m\u00e9tiers de l'\u00e9conomie et la gestion, des Responsables d'agence Comptoir National de l'Or, des analystes financiers qui publient r\u00e9guli\u00e8rement des \u00e9tudes sur les politiques des banques centrales, le cours de l'or, prix de l'or, cours de l'argent, prix de l'argent, cours du platine, cours du palladium,... la situation en zone euro et l'impact de la strat\u00e9gie mon\u00e9taire de la FED. Notre \u00e9quipe scrute \u00e9galement une information plus g\u00e9n\u00e9raliste \u00e0 la recherche d'actualit\u00e9 \"p\u00e9pite\" \u00e0 vous partager. Depuis 5 ans, nous avons publi\u00e9 un peu plus de 4000 articles qui s'adressent \u00e0 un public large et vari\u00e9 ayant pour objectif de satisfaire votre curiosit\u00e9 et de partager avec vous une certaine fascination pour le m\u00e9tal jaune, le rachat d'or, et pour ceux qui veulent investir dans l'or, vendre leur or tout simplement en savoir plus... Pour tous vos achat or et argent, n'h\u00e9sitez pas \u00e0 prendre rendez-vous dans l'un de nos nombreux comptoirs.","sameAs":["https:\/\/www.gold.fr"]}]}},"authors":[{"term_id":2565,"user_id":18,"is_guest":0,"slug":"julie","display_name":"Comptoir National de l'Or","avatar_url":"https:\/\/secure.gravatar.com\/avatar\/713f289e398d35ead876c4a4cc08607f0d6d266058cfc25683fffb6092d0e572?s=96&d=mm&r=g","0":null,"1":"","2":"","3":"","4":"","5":"","6":"","7":"","8":""}],"_links":{"self":[{"href":"https:\/\/www.gold.fr\/news\/wp-json\/wp\/v2\/posts\/11947","targetHints":{"allow":["GET"]}}],"collection":[{"href":"https:\/\/www.gold.fr\/news\/wp-json\/wp\/v2\/posts"}],"about":[{"href":"https:\/\/www.gold.fr\/news\/wp-json\/wp\/v2\/types\/post"}],"author":[{"embeddable":true,"href":"https:\/\/www.gold.fr\/news\/wp-json\/wp\/v2\/users\/18"}],"replies":[{"embeddable":true,"href":"https:\/\/www.gold.fr\/news\/wp-json\/wp\/v2\/comments?post=11947"}],"version-history":[{"count":0,"href":"https:\/\/www.gold.fr\/news\/wp-json\/wp\/v2\/posts\/11947\/revisions"}],"wp:featuredmedia":[{"embeddable":true,"href":"https:\/\/www.gold.fr\/news\/wp-json\/wp\/v2\/media\/2677"}],"wp:attachment":[{"href":"https:\/\/www.gold.fr\/news\/wp-json\/wp\/v2\/media?parent=11947"}],"wp:term":[{"taxonomy":"category","embeddable":true,"href":"https:\/\/www.gold.fr\/news\/wp-json\/wp\/v2\/categories?post=11947"},{"taxonomy":"post_tag","embeddable":true,"href":"https:\/\/www.gold.fr\/news\/wp-json\/wp\/v2\/tags?post=11947"},{"taxonomy":"author","embeddable":true,"href":"https:\/\/www.gold.fr\/news\/wp-json\/wp\/v2\/ppma_author?post=11947"}],"curies":[{"name":"wp","href":"https:\/\/api.w.org\/{rel}","templated":true}]}}