{"id":11923,"date":"2013-06-12T15:20:28","date_gmt":"2013-06-12T13:20:28","guid":{"rendered":"https:\/\/www.gold.fr\/news\/?p=11923"},"modified":"2021-09-09T11:21:05","modified_gmt":"2021-09-09T09:21:05","slug":"tendances-de-le-demande-dor-premier-trimestre-2013-janvierfevriermars","status":"publish","type":"post","link":"https:\/\/www.gold.fr\/news\/2013\/06\/12\/tendances-de-le-demande-dor-premier-trimestre-2013-janvierfevriermars\/","title":{"rendered":"Tendances de la demande d&rsquo;or : premier trimestre 2013 (janvier\/f\u00e9vrier\/mars)"},"content":{"rendered":"<p dir=\"ltr\" style=\"text-align: justify;\"><a href=\"https:\/\/www.gold.fr\/news\/wp-content\/uploads\/2013\/03\/bijoux-or.jpg\"><img loading=\"lazy\" decoding=\"async\" class=\"alignleft size-thumbnail wp-image-10944\" title=\"bijoux-or\" src=\"https:\/\/www.gold.fr\/news\/wp-content\/uploads\/2012\/01\/cours-de-lor2.jpg\" alt=\"\" width=\"150\" height=\"150\" \/><\/a>Le World Gold Council a publi\u00e9 r\u00e9cemment son dernier rapport sur les <a class=\"esk-seo-plu-link\" href=\"https:\/\/www.gold.fr\/news\/tags\/investissement\">tendances<\/a> de la demande d&rsquo;<a class=\"esk-seo-plu-link\" href=\"https:\/\/www.gold.fr\/news\/tags\/or\">or<\/a> relatives au premier trimestre 2013. Le compte rendu stipule que celle ci a enregistr\u00e9 963 tonnes, en baisse de 13% par rapport au premier trimestre de 2012. En Chine, la demande globale a atteint 294 tonnes, soit 20% de plus qu&rsquo;au premier trimestre de l&rsquo;ann\u00e9e pr\u00e9c\u00e9dente. L&rsquo;Inde a totalis\u00e9 257 tonnes, soit une hausse de 27% par rapport \u00e0 la m\u00eame p\u00e9riode de 2012. Voici comment selon le rapport publi\u00e9, ont \u00e9volu\u00e9 les composantes de la demande globale au cours du trimestre \u00e9coul\u00e9 :<\/p>\n<p dir=\"ltr\" style=\"text-align: justify;\">La demande de bijoux en <a class=\"esk-seo-plu-link\" href=\"https:\/\/www.gold.fr\/news\/tags\/or\">or<\/a> : Elle a augment\u00e9 de 12% au premier trimestre de 2013 inscrivant 551 tonnes, marqu\u00e9e par un app\u00e9tit grandissant de l&rsquo;Inde et de la Chine pour les bijoux en <a class=\"esk-seo-plu-link\" href=\"https:\/\/www.gold.fr\/news\/tags\/or\">or<\/a> avec respectivement 160 et 185 tonnes. Les Etats-Unis ont de leur c\u00f4t\u00e9 enregistr\u00e9 leur plus importante progression dans ce secteur depuis 2005 avec 6%.<\/p>\n<p dir=\"ltr\" style=\"text-align: justify;\">La demande d&rsquo;<a class=\"esk-seo-plu-link\" href=\"https:\/\/www.gold.fr\/news\/tags\/or\">or<\/a> <a class=\"esk-seo-plu-link\" href=\"https:\/\/www.gold.fr\/news\/tags\/investissement\">investissement<\/a> : A l&rsquo;\u00e9chelle mondiale, la demande de lingots a augment\u00e9 de 8% tandis que celle des pi\u00e8ces de monnaie, notamment les American Eagles et les Maple Leafs, a enregistr\u00e9 18% d&rsquo;augmentation. La demande d&rsquo;<a class=\"esk-seo-plu-link\" href=\"https:\/\/www.gold.fr\/news\/tags\/or\">or<\/a> <a class=\"esk-seo-plu-link\" href=\"https:\/\/www.gold.fr\/news\/tags\/investissement\">investissement<\/a> a progress\u00e9 de 22% en Chine, de 52% en Inde et de 43% aux Etats-Unis par rapport \u00e0 la m\u00eame p\u00e9riode de 2012. Et c&rsquo;est justement la hausse de la demande de lingots et de pi\u00e8ces de monnaie \u00e0 378 tonnes (+10%) qui a compens\u00e9 les d\u00e9caissements d&rsquo;ETF lesquels se sont \u00e9lev\u00e9s \u00e0 177 tonnes au cours du premier trimestre.<\/p>\n<p dir=\"ltr\" style=\"text-align: justify;\">Les Banques centrales : Elles sont toujours aussi friandes du <a class=\"esk-seo-plu-link\" href=\"https:\/\/www.gold.fr\/news\/tags\/or\">m\u00e9tal pr\u00e9cieux<\/a>. Elles ont achet\u00e9 109 tonnes d&rsquo;<a class=\"esk-seo-plu-link\" href=\"https:\/\/www.gold.fr\/news\/tags\/or\">or<\/a> au premier trimestre, marquant ainsi leur septi\u00e8me ann\u00e9e cons\u00e9cutive d&rsquo;achat d\u00e9passant les 100 tonnes et le neuvi\u00e8me trimestre cons\u00e9cutif en tant qu&rsquo;acheteuses nettes d&rsquo;<a class=\"esk-seo-plu-link\" href=\"https:\/\/www.gold.fr\/news\/tags\/or\">or<\/a>.<\/p>\n<p dir=\"ltr\" style=\"text-align: justify;\">Le secteur technologique: la demande au cours de ce premier trimestre a d\u00e9pass\u00e9 une nouvelle fois les 100 tonnes avec 102 tonnes, quoique en baisse de 4% par rapport \u00e0 l&rsquo;ann\u00e9e pr\u00e9c\u00e9dente.<\/p>\n<p dir=\"ltr\" style=\"text-align: justify;\">En termes de valeur: la demande d&rsquo;<a class=\"esk-seo-plu-link\" href=\"https:\/\/www.gold.fr\/news\/tags\/or\">or<\/a> au premier trimestre 2013 a enregistr\u00e9 51Mds de <a class=\"esk-seo-plu-link\" href=\"https:\/\/www.gold.fr\/news\/tags\/investissement\">dollars<\/a>, en baisse de 23% par rapport au dernier trimestre de 2012. Le prix moyen de l&rsquo;once d&rsquo;<a class=\"esk-seo-plu-link\" href=\"https:\/\/www.gold.fr\/news\/tags\/or\">or<\/a> a baiss\u00e9 de 5% (1.632 <a class=\"esk-seo-plu-link\" href=\"https:\/\/www.gold.fr\/news\/tags\/investissement\">dollars<\/a>) par rapport \u00e0 la moyenne du quatri\u00e8me trimestre de 2012 et de 3% par rapport au premier trimestre de l&rsquo;ann\u00e9e derni\u00e8re.<\/p>\n<p dir=\"ltr\" style=\"text-align: justify;\">En ce qui concerne l&rsquo;offre , la production mini\u00e8re globale toujours d&rsquo;apr\u00e8s le WGC, a augment\u00e9 de 4% par rapport \u00e0 l&rsquo;an dernier avec 688 tonnes. Le recyclage a perdu quant \u00e0 lui 4% ramenant l&rsquo;offre totale \u00e0 +1% par rapport \u00e0 l&rsquo;ann\u00e9e 2012.<\/p>\n<p dir=\"ltr\" style=\"text-align: justify;\">Pour Marcus Grubb (WGC), la chute des prix de l&rsquo;<a class=\"esk-seo-plu-link\" href=\"https:\/\/www.gold.fr\/news\/tags\/or\">or<\/a> au mois d&rsquo;avril a engendr\u00e9 une vague d&rsquo;achats laissant les producteurs d&rsquo;<a class=\"esk-seo-plu-link\" href=\"https:\/\/www.gold.fr\/news\/tags\/or\">or<\/a> \u00e0 court de stock et de longues listes d&rsquo;attente pour les livraisons. Il fait \u00e9galement remarquer que bien avant le mois d&rsquo;avril, les \u00ab\u00a0basiques\u00a0\u00bb du march\u00e9 de l&rsquo;<a class=\"esk-seo-plu-link\" href=\"https:\/\/www.gold.fr\/news\/tags\/or\">or<\/a> sont rest\u00e9s solides, tels que la croissance de la demande Indienne, Chinoise ainsi que celle des banques centrales.<\/p>\n<p dir=\"ltr\" style=\"text-align: justify;\">Marcus Grubb consid\u00e8re que d&rsquo;une fa\u00e7on g\u00e9n\u00e9rale, l&rsquo;app\u00e9tit pour l&rsquo;<a class=\"esk-seo-plu-link\" href=\"https:\/\/www.gold.fr\/news\/tags\/or\">or<\/a> restera soutenu sur le long terme et la demande d&rsquo;<a class=\"esk-seo-plu-link\" href=\"https:\/\/www.gold.fr\/news\/tags\/investissement\">investissement<\/a> en lingots et pi\u00e8ces de monnaies est bien l\u00e0 pour le prouver.<\/p>\n<!-- AddThis Advanced Settings generic via filter on the_content --><!-- AddThis Share Buttons generic via filter on the_content -->","protected":false},"excerpt":{"rendered":"<p>Le World Gold Council a publi\u00e9 r\u00e9cemment son dernier rapport sur les tendances de la demande d&rsquo;or relatives au premier trimestre 2013. Le compte rendu stipule que celle ci a enregistr\u00e9 963 tonnes, en baisse de [&hellip;]<\/p>\n","protected":false},"author":11,"featured_media":5156,"comment_status":"closed","ping_status":"closed","sticky":false,"template":"","format":"standard","meta":{"_mbp_gutenberg_autopost":false,"_pgmb_is_evergreen":false,"_pgmb_ap_template_id":0,"footnotes":""},"categories":[4],"tags":[1043,1895,80],"ppma_author":[2562],"class_list":["post-11923","post","type-post","status-publish","format-standard","has-post-thumbnail","hentry","category-analyses-economiques","tag-bilan","tag-demade-or","tag-tendance-or"],"yoast_head":"<!-- This site is optimized with the Yoast SEO plugin v27.5 - https:\/\/yoast.com\/product\/yoast-seo-wordpress\/ -->\n<title>Tendances de la demande d&#039;or : premier trimestre 2013 (janvier\/f\u00e9vrier\/mars) - Gold.fr<\/title>\n<meta name=\"description\" content=\"Tendances de la demande d\u2019or : premier trimestre 2013 (janvier\/f\u00e9vrier\/mars). Plus d&#039;informations sur Gold.fr, le site d&#039;actualit\u00e9 du Comptoir National de l&#039;Or.\" \/>\n<meta name=\"robots\" content=\"index, follow, max-snippet:-1, max-image-preview:large, max-video-preview:-1\" \/>\n<link rel=\"canonical\" href=\"https:\/\/www.gold.fr\/news\/2013\/06\/12\/tendances-de-le-demande-dor-premier-trimestre-2013-janvierfevriermars\/\" \/>\n<meta property=\"og:locale\" content=\"fr_FR\" \/>\n<meta property=\"og:type\" content=\"article\" \/>\n<meta property=\"og:title\" content=\"Tendances de la demande d&#039;or : premier trimestre 2013 (janvier\/f\u00e9vrier\/mars) - Gold.fr\" \/>\n<meta property=\"og:description\" content=\"Tendances de la demande d\u2019or : premier trimestre 2013 (janvier\/f\u00e9vrier\/mars). Plus d&#039;informations sur Gold.fr, le site d&#039;actualit\u00e9 du Comptoir National de l&#039;Or.\" \/>\n<meta property=\"og:url\" content=\"https:\/\/www.gold.fr\/news\/2013\/06\/12\/tendances-de-le-demande-dor-premier-trimestre-2013-janvierfevriermars\/\" \/>\n<meta property=\"og:site_name\" content=\"Gold.fr\" \/>\n<meta property=\"article:publisher\" content=\"https:\/\/www.facebook.com\/Goldfr\/\" \/>\n<meta property=\"article:published_time\" content=\"2013-06-12T13:20:28+00:00\" \/>\n<meta property=\"article:modified_time\" content=\"2021-09-09T09:21:05+00:00\" \/>\n<meta property=\"og:image\" content=\"https:\/\/www.gold.fr\/news\/wp-content\/uploads\/2012\/01\/cours-de-lor2.jpg\" \/>\n\t<meta property=\"og:image:width\" content=\"600\" \/>\n\t<meta property=\"og:image:height\" content=\"400\" \/>\n\t<meta property=\"og:image:type\" content=\"image\/jpeg\" \/>\n<meta name=\"author\" content=\"Anthony\" \/>\n<meta name=\"twitter:card\" content=\"summary_large_image\" \/>\n<meta name=\"twitter:label1\" content=\"\u00c9crit par\" \/>\n\t<meta name=\"twitter:data1\" content=\"Anthony\" \/>\n\t<meta name=\"twitter:label2\" content=\"Dur\u00e9e de lecture estim\u00e9e\" \/>\n\t<meta name=\"twitter:data2\" content=\"3 minutes\" \/>\n<script type=\"application\/ld+json\" class=\"yoast-schema-graph\">{\"@context\":\"https:\\\/\\\/schema.org\",\"@graph\":[{\"@type\":\"Article\",\"@id\":\"https:\\\/\\\/www.gold.fr\\\/news\\\/2013\\\/06\\\/12\\\/tendances-de-le-demande-dor-premier-trimestre-2013-janvierfevriermars\\\/#article\",\"isPartOf\":{\"@id\":\"https:\\\/\\\/www.gold.fr\\\/news\\\/2013\\\/06\\\/12\\\/tendances-de-le-demande-dor-premier-trimestre-2013-janvierfevriermars\\\/\"},\"author\":{\"name\":\"Anthony\",\"@id\":\"https:\\\/\\\/www.gold.fr\\\/news\\\/#\\\/schema\\\/person\\\/feb6458ffd7bceeeb4e228398c34fbe5\"},\"headline\":\"Tendances de la demande d&rsquo;or : premier trimestre 2013 (janvier\\\/f\u00e9vrier\\\/mars)\",\"datePublished\":\"2013-06-12T13:20:28+00:00\",\"dateModified\":\"2021-09-09T09:21:05+00:00\",\"mainEntityOfPage\":{\"@id\":\"https:\\\/\\\/www.gold.fr\\\/news\\\/2013\\\/06\\\/12\\\/tendances-de-le-demande-dor-premier-trimestre-2013-janvierfevriermars\\\/\"},\"wordCount\":568,\"image\":{\"@id\":\"https:\\\/\\\/www.gold.fr\\\/news\\\/2013\\\/06\\\/12\\\/tendances-de-le-demande-dor-premier-trimestre-2013-janvierfevriermars\\\/#primaryimage\"},\"thumbnailUrl\":\"https:\\\/\\\/www.gold.fr\\\/news\\\/wp-content\\\/uploads\\\/2012\\\/01\\\/cours-de-lor2.jpg\",\"keywords\":[\"Bilan\",\"demade or\",\"tendance or\"],\"articleSection\":[\"Analyses Economiques\"],\"inLanguage\":\"fr-FR\"},{\"@type\":\"WebPage\",\"@id\":\"https:\\\/\\\/www.gold.fr\\\/news\\\/2013\\\/06\\\/12\\\/tendances-de-le-demande-dor-premier-trimestre-2013-janvierfevriermars\\\/\",\"url\":\"https:\\\/\\\/www.gold.fr\\\/news\\\/2013\\\/06\\\/12\\\/tendances-de-le-demande-dor-premier-trimestre-2013-janvierfevriermars\\\/\",\"name\":\"Tendances de la demande d'or : premier trimestre 2013 (janvier\\\/f\u00e9vrier\\\/mars) - Gold.fr\",\"isPartOf\":{\"@id\":\"https:\\\/\\\/www.gold.fr\\\/news\\\/#website\"},\"primaryImageOfPage\":{\"@id\":\"https:\\\/\\\/www.gold.fr\\\/news\\\/2013\\\/06\\\/12\\\/tendances-de-le-demande-dor-premier-trimestre-2013-janvierfevriermars\\\/#primaryimage\"},\"image\":{\"@id\":\"https:\\\/\\\/www.gold.fr\\\/news\\\/2013\\\/06\\\/12\\\/tendances-de-le-demande-dor-premier-trimestre-2013-janvierfevriermars\\\/#primaryimage\"},\"thumbnailUrl\":\"https:\\\/\\\/www.gold.fr\\\/news\\\/wp-content\\\/uploads\\\/2012\\\/01\\\/cours-de-lor2.jpg\",\"datePublished\":\"2013-06-12T13:20:28+00:00\",\"dateModified\":\"2021-09-09T09:21:05+00:00\",\"author\":{\"@id\":\"https:\\\/\\\/www.gold.fr\\\/news\\\/#\\\/schema\\\/person\\\/feb6458ffd7bceeeb4e228398c34fbe5\"},\"description\":\"Tendances de la demande d\u2019or : premier trimestre 2013 (janvier\\\/f\u00e9vrier\\\/mars). Plus d'informations sur Gold.fr, le site d'actualit\u00e9 du Comptoir National de l'Or.\",\"breadcrumb\":{\"@id\":\"https:\\\/\\\/www.gold.fr\\\/news\\\/2013\\\/06\\\/12\\\/tendances-de-le-demande-dor-premier-trimestre-2013-janvierfevriermars\\\/#breadcrumb\"},\"inLanguage\":\"fr-FR\",\"potentialAction\":[{\"@type\":\"ReadAction\",\"target\":[\"https:\\\/\\\/www.gold.fr\\\/news\\\/2013\\\/06\\\/12\\\/tendances-de-le-demande-dor-premier-trimestre-2013-janvierfevriermars\\\/\"]}]},{\"@type\":\"ImageObject\",\"inLanguage\":\"fr-FR\",\"@id\":\"https:\\\/\\\/www.gold.fr\\\/news\\\/2013\\\/06\\\/12\\\/tendances-de-le-demande-dor-premier-trimestre-2013-janvierfevriermars\\\/#primaryimage\",\"url\":\"https:\\\/\\\/www.gold.fr\\\/news\\\/wp-content\\\/uploads\\\/2012\\\/01\\\/cours-de-lor2.jpg\",\"contentUrl\":\"https:\\\/\\\/www.gold.fr\\\/news\\\/wp-content\\\/uploads\\\/2012\\\/01\\\/cours-de-lor2.jpg\",\"width\":\"600\",\"height\":\"400\",\"caption\":\"Le cours de l\u2019once retrouve sa tendance haussi\u00e8re\"},{\"@type\":\"BreadcrumbList\",\"@id\":\"https:\\\/\\\/www.gold.fr\\\/news\\\/2013\\\/06\\\/12\\\/tendances-de-le-demande-dor-premier-trimestre-2013-janvierfevriermars\\\/#breadcrumb\",\"itemListElement\":[{\"@type\":\"ListItem\",\"position\":1,\"name\":\"Accueil\",\"item\":\"https:\\\/\\\/www.gold.fr\\\/\"},{\"@type\":\"ListItem\",\"position\":2,\"name\":\"Actualit\u00e9s\",\"item\":\"https:\\\/\\\/www.gold.fr\\\/news\\\/\"},{\"@type\":\"ListItem\",\"position\":3,\"name\":\"Tendances de la demande d&rsquo;or : premier trimestre 2013 (janvier\\\/f\u00e9vrier\\\/mars)\"}]},{\"@type\":\"WebSite\",\"@id\":\"https:\\\/\\\/www.gold.fr\\\/news\\\/#website\",\"url\":\"https:\\\/\\\/www.gold.fr\\\/news\\\/\",\"name\":\"Gold.fr\",\"description\":\"Actualit\u00e9s de l&#039;Or et des m\u00e9taux pr\u00e9cieux\",\"potentialAction\":[{\"@type\":\"SearchAction\",\"target\":{\"@type\":\"EntryPoint\",\"urlTemplate\":\"https:\\\/\\\/www.gold.fr\\\/news\\\/?s={search_term_string}\"},\"query-input\":{\"@type\":\"PropertyValueSpecification\",\"valueRequired\":true,\"valueName\":\"search_term_string\"}}],\"inLanguage\":\"fr-FR\"},{\"@type\":\"Person\",\"@id\":\"https:\\\/\\\/www.gold.fr\\\/news\\\/#\\\/schema\\\/person\\\/feb6458ffd7bceeeb4e228398c34fbe5\",\"name\":\"Anthony\",\"image\":{\"@type\":\"ImageObject\",\"inLanguage\":\"fr-FR\",\"@id\":\"https:\\\/\\\/secure.gravatar.com\\\/avatar\\\/19974f7c75da5f0b217374f3a37eb05031e41aaad4ceb3fe17ada2ab3daf6b95?s=96&d=mm&r=gbc5324aff3d366843e00df00c899c1a8\",\"url\":\"https:\\\/\\\/secure.gravatar.com\\\/avatar\\\/19974f7c75da5f0b217374f3a37eb05031e41aaad4ceb3fe17ada2ab3daf6b95?s=96&d=mm&r=g\",\"contentUrl\":\"https:\\\/\\\/secure.gravatar.com\\\/avatar\\\/19974f7c75da5f0b217374f3a37eb05031e41aaad4ceb3fe17ada2ab3daf6b95?s=96&d=mm&r=g\",\"caption\":\"Anthony\"},\"description\":\"Notre r\u00e9daction est constitu\u00e9e de membres experts dans les m\u00e9tiers de l'\u00e9conomie et la gestion, des Responsables d'agence Comptoir National de l'Or, des analystes financiers qui publient r\u00e9guli\u00e8rement des \u00e9tudes sur les politiques des banques centrales, le cours de l'or, le cours de l'argent, cours du platine, cours du palladium... la situation en zone euro et l'impact de la strat\u00e9gie mon\u00e9taire de la FED. Notre \u00e9quipe scrute \u00e9galement une information plus g\u00e9n\u00e9raliste \u00e0 la recherche d'actualit\u00e9 \\\"p\u00e9pite\\\" \u00e0 vous partager. Depuis 5 ans, nous avons publi\u00e9 un peu plus de 4000 articles qui s'adressent \u00e0 un public large et vari\u00e9 ayant pour objectif de satisfaire votre curiosit\u00e9 et de partager avec vous une certaine fascination pour le m\u00e9tal jaune, pour ceux qui veulent investir dans l'or, vendre leur or tout simplement en savoir plus...\",\"sameAs\":[\"https:\\\/\\\/www.gold.fr\\\/news\"]}]}<\/script>\n<!-- \/ Yoast SEO plugin. -->","yoast_head_json":{"title":"Tendances de la demande d'or : premier trimestre 2013 (janvier\/f\u00e9vrier\/mars) - Gold.fr","description":"Tendances de la demande d\u2019or : premier trimestre 2013 (janvier\/f\u00e9vrier\/mars). Plus d'informations sur Gold.fr, le site d'actualit\u00e9 du Comptoir National de l'Or.","robots":{"index":"index","follow":"follow","max-snippet":"max-snippet:-1","max-image-preview":"max-image-preview:large","max-video-preview":"max-video-preview:-1"},"canonical":"https:\/\/www.gold.fr\/news\/2013\/06\/12\/tendances-de-le-demande-dor-premier-trimestre-2013-janvierfevriermars\/","og_locale":"fr_FR","og_type":"article","og_title":"Tendances de la demande d'or : premier trimestre 2013 (janvier\/f\u00e9vrier\/mars) - Gold.fr","og_description":"Tendances de la demande d\u2019or : premier trimestre 2013 (janvier\/f\u00e9vrier\/mars). Plus d'informations sur Gold.fr, le site d'actualit\u00e9 du Comptoir National de l'Or.","og_url":"https:\/\/www.gold.fr\/news\/2013\/06\/12\/tendances-de-le-demande-dor-premier-trimestre-2013-janvierfevriermars\/","og_site_name":"Gold.fr","article_publisher":"https:\/\/www.facebook.com\/Goldfr\/","article_published_time":"2013-06-12T13:20:28+00:00","article_modified_time":"2021-09-09T09:21:05+00:00","og_image":[{"width":600,"height":400,"url":"https:\/\/www.gold.fr\/news\/wp-content\/uploads\/2012\/01\/cours-de-lor2.jpg","type":"image\/jpeg"}],"author":"Anthony","twitter_card":"summary_large_image","twitter_misc":{"\u00c9crit par":"Anthony","Dur\u00e9e de lecture estim\u00e9e":"3 minutes"},"schema":{"@context":"https:\/\/schema.org","@graph":[{"@type":"Article","@id":"https:\/\/www.gold.fr\/news\/2013\/06\/12\/tendances-de-le-demande-dor-premier-trimestre-2013-janvierfevriermars\/#article","isPartOf":{"@id":"https:\/\/www.gold.fr\/news\/2013\/06\/12\/tendances-de-le-demande-dor-premier-trimestre-2013-janvierfevriermars\/"},"author":{"name":"Anthony","@id":"https:\/\/www.gold.fr\/news\/#\/schema\/person\/feb6458ffd7bceeeb4e228398c34fbe5"},"headline":"Tendances de la demande d&rsquo;or : premier trimestre 2013 (janvier\/f\u00e9vrier\/mars)","datePublished":"2013-06-12T13:20:28+00:00","dateModified":"2021-09-09T09:21:05+00:00","mainEntityOfPage":{"@id":"https:\/\/www.gold.fr\/news\/2013\/06\/12\/tendances-de-le-demande-dor-premier-trimestre-2013-janvierfevriermars\/"},"wordCount":568,"image":{"@id":"https:\/\/www.gold.fr\/news\/2013\/06\/12\/tendances-de-le-demande-dor-premier-trimestre-2013-janvierfevriermars\/#primaryimage"},"thumbnailUrl":"https:\/\/www.gold.fr\/news\/wp-content\/uploads\/2012\/01\/cours-de-lor2.jpg","keywords":["Bilan","demade or","tendance or"],"articleSection":["Analyses Economiques"],"inLanguage":"fr-FR"},{"@type":"WebPage","@id":"https:\/\/www.gold.fr\/news\/2013\/06\/12\/tendances-de-le-demande-dor-premier-trimestre-2013-janvierfevriermars\/","url":"https:\/\/www.gold.fr\/news\/2013\/06\/12\/tendances-de-le-demande-dor-premier-trimestre-2013-janvierfevriermars\/","name":"Tendances de la demande d'or : premier trimestre 2013 (janvier\/f\u00e9vrier\/mars) - Gold.fr","isPartOf":{"@id":"https:\/\/www.gold.fr\/news\/#website"},"primaryImageOfPage":{"@id":"https:\/\/www.gold.fr\/news\/2013\/06\/12\/tendances-de-le-demande-dor-premier-trimestre-2013-janvierfevriermars\/#primaryimage"},"image":{"@id":"https:\/\/www.gold.fr\/news\/2013\/06\/12\/tendances-de-le-demande-dor-premier-trimestre-2013-janvierfevriermars\/#primaryimage"},"thumbnailUrl":"https:\/\/www.gold.fr\/news\/wp-content\/uploads\/2012\/01\/cours-de-lor2.jpg","datePublished":"2013-06-12T13:20:28+00:00","dateModified":"2021-09-09T09:21:05+00:00","author":{"@id":"https:\/\/www.gold.fr\/news\/#\/schema\/person\/feb6458ffd7bceeeb4e228398c34fbe5"},"description":"Tendances de la demande d\u2019or : premier trimestre 2013 (janvier\/f\u00e9vrier\/mars). Plus d'informations sur Gold.fr, le site d'actualit\u00e9 du Comptoir National de l'Or.","breadcrumb":{"@id":"https:\/\/www.gold.fr\/news\/2013\/06\/12\/tendances-de-le-demande-dor-premier-trimestre-2013-janvierfevriermars\/#breadcrumb"},"inLanguage":"fr-FR","potentialAction":[{"@type":"ReadAction","target":["https:\/\/www.gold.fr\/news\/2013\/06\/12\/tendances-de-le-demande-dor-premier-trimestre-2013-janvierfevriermars\/"]}]},{"@type":"ImageObject","inLanguage":"fr-FR","@id":"https:\/\/www.gold.fr\/news\/2013\/06\/12\/tendances-de-le-demande-dor-premier-trimestre-2013-janvierfevriermars\/#primaryimage","url":"https:\/\/www.gold.fr\/news\/wp-content\/uploads\/2012\/01\/cours-de-lor2.jpg","contentUrl":"https:\/\/www.gold.fr\/news\/wp-content\/uploads\/2012\/01\/cours-de-lor2.jpg","width":"600","height":"400","caption":"Le cours de l\u2019once retrouve sa tendance haussi\u00e8re"},{"@type":"BreadcrumbList","@id":"https:\/\/www.gold.fr\/news\/2013\/06\/12\/tendances-de-le-demande-dor-premier-trimestre-2013-janvierfevriermars\/#breadcrumb","itemListElement":[{"@type":"ListItem","position":1,"name":"Accueil","item":"https:\/\/www.gold.fr\/"},{"@type":"ListItem","position":2,"name":"Actualit\u00e9s","item":"https:\/\/www.gold.fr\/news\/"},{"@type":"ListItem","position":3,"name":"Tendances de la demande d&rsquo;or : premier trimestre 2013 (janvier\/f\u00e9vrier\/mars)"}]},{"@type":"WebSite","@id":"https:\/\/www.gold.fr\/news\/#website","url":"https:\/\/www.gold.fr\/news\/","name":"Gold.fr","description":"Actualit\u00e9s de l&#039;Or et des m\u00e9taux pr\u00e9cieux","potentialAction":[{"@type":"SearchAction","target":{"@type":"EntryPoint","urlTemplate":"https:\/\/www.gold.fr\/news\/?s={search_term_string}"},"query-input":{"@type":"PropertyValueSpecification","valueRequired":true,"valueName":"search_term_string"}}],"inLanguage":"fr-FR"},{"@type":"Person","@id":"https:\/\/www.gold.fr\/news\/#\/schema\/person\/feb6458ffd7bceeeb4e228398c34fbe5","name":"Anthony","image":{"@type":"ImageObject","inLanguage":"fr-FR","@id":"https:\/\/secure.gravatar.com\/avatar\/19974f7c75da5f0b217374f3a37eb05031e41aaad4ceb3fe17ada2ab3daf6b95?s=96&d=mm&r=gbc5324aff3d366843e00df00c899c1a8","url":"https:\/\/secure.gravatar.com\/avatar\/19974f7c75da5f0b217374f3a37eb05031e41aaad4ceb3fe17ada2ab3daf6b95?s=96&d=mm&r=g","contentUrl":"https:\/\/secure.gravatar.com\/avatar\/19974f7c75da5f0b217374f3a37eb05031e41aaad4ceb3fe17ada2ab3daf6b95?s=96&d=mm&r=g","caption":"Anthony"},"description":"Notre r\u00e9daction est constitu\u00e9e de membres experts dans les m\u00e9tiers de l'\u00e9conomie et la gestion, des Responsables d'agence Comptoir National de l'Or, des analystes financiers qui publient r\u00e9guli\u00e8rement des \u00e9tudes sur les politiques des banques centrales, le cours de l'or, le cours de l'argent, cours du platine, cours du palladium... la situation en zone euro et l'impact de la strat\u00e9gie mon\u00e9taire de la FED. Notre \u00e9quipe scrute \u00e9galement une information plus g\u00e9n\u00e9raliste \u00e0 la recherche d'actualit\u00e9 \"p\u00e9pite\" \u00e0 vous partager. Depuis 5 ans, nous avons publi\u00e9 un peu plus de 4000 articles qui s'adressent \u00e0 un public large et vari\u00e9 ayant pour objectif de satisfaire votre curiosit\u00e9 et de partager avec vous une certaine fascination pour le m\u00e9tal jaune, pour ceux qui veulent investir dans l'or, vendre leur or tout simplement en savoir plus...","sameAs":["https:\/\/www.gold.fr\/news"]}]}},"authors":[{"term_id":2562,"user_id":11,"is_guest":0,"slug":"anthony","display_name":"Anthony","avatar_url":"https:\/\/secure.gravatar.com\/avatar\/19974f7c75da5f0b217374f3a37eb05031e41aaad4ceb3fe17ada2ab3daf6b95?s=96&d=mm&r=g","0":null,"1":"","2":"","3":"","4":"","5":"","6":"","7":"","8":""}],"_links":{"self":[{"href":"https:\/\/www.gold.fr\/news\/wp-json\/wp\/v2\/posts\/11923","targetHints":{"allow":["GET"]}}],"collection":[{"href":"https:\/\/www.gold.fr\/news\/wp-json\/wp\/v2\/posts"}],"about":[{"href":"https:\/\/www.gold.fr\/news\/wp-json\/wp\/v2\/types\/post"}],"author":[{"embeddable":true,"href":"https:\/\/www.gold.fr\/news\/wp-json\/wp\/v2\/users\/11"}],"replies":[{"embeddable":true,"href":"https:\/\/www.gold.fr\/news\/wp-json\/wp\/v2\/comments?post=11923"}],"version-history":[{"count":0,"href":"https:\/\/www.gold.fr\/news\/wp-json\/wp\/v2\/posts\/11923\/revisions"}],"wp:featuredmedia":[{"embeddable":true,"href":"https:\/\/www.gold.fr\/news\/wp-json\/wp\/v2\/media\/5156"}],"wp:attachment":[{"href":"https:\/\/www.gold.fr\/news\/wp-json\/wp\/v2\/media?parent=11923"}],"wp:term":[{"taxonomy":"category","embeddable":true,"href":"https:\/\/www.gold.fr\/news\/wp-json\/wp\/v2\/categories?post=11923"},{"taxonomy":"post_tag","embeddable":true,"href":"https:\/\/www.gold.fr\/news\/wp-json\/wp\/v2\/tags?post=11923"},{"taxonomy":"author","embeddable":true,"href":"https:\/\/www.gold.fr\/news\/wp-json\/wp\/v2\/ppma_author?post=11923"}],"curies":[{"name":"wp","href":"https:\/\/api.w.org\/{rel}","templated":true}]}}