{"id":11894,"date":"2013-06-11T17:00:31","date_gmt":"2013-06-11T15:00:31","guid":{"rendered":"https:\/\/www.gold.fr\/news\/?p=11894"},"modified":"2017-11-02T11:33:41","modified_gmt":"2017-11-02T10:33:41","slug":"compte-rendu-de-la-reunion-de-la-bce-une-position-figee","status":"publish","type":"post","link":"https:\/\/www.gold.fr\/news\/2013\/06\/11\/compte-rendu-de-la-reunion-de-la-bce-une-position-figee\/","title":{"rendered":"Compte-rendu de la r\u00e9union de la BCE : Une position fig\u00e9e"},"content":{"rendered":"<p><span style=\"font-size: small;\"><img loading=\"lazy\" decoding=\"async\" class=\"alignleft size-thumbnail wp-image-5011\" title=\"Compte-rendu de la r\u00e9union de la BCE : Une position fig\u00e9e\" src=\"https:\/\/www.gold.fr\/news\/wp-content\/uploads\/2012\/01\/Europe-150x150.jpg\" alt=\"\" width=\"150\" height=\"150\" \/>Lors de la conf\u00e9rence de presse qu\u2019il a tenue vendredi dernier, <strong>Mario Draghi<\/strong> avait bien pr\u00e9cis\u00e9 que plusieurs mesures \u00e9taient en cours d\u2019\u00e9tude et d\u2019\u00e9valuation, dont notamment une strat\u00e9gie destin\u00e9e \u00e0 \u00ab\u00a0<em>soutenir le cr\u00e9dit aux petites et moyennes entreprises (PME) et relancer le march\u00e9 des titres adoss\u00e9s \u00e0 des cr\u00e9ances (ABS)\u2026Des instruments financiers qui permettent aux banques de r\u00e9duire leur exposition au risque de cr\u00e9dit, donc de pr\u00eater plus facilement\u00a0<\/em>\u00bb.<\/span>    <span style=\"font-size: small;\"> Le pr\u00e9sident de la banque centrale europ\u00e9enne a toutefois rappel\u00e9 \u2013si besoin est- que, les proc\u00e9dures de cette ampleur \u00e9tant ce qu\u2019elles sont, \u00ab\u00a0<em>il ne fallait pas s&rsquo;attendre \u00e0 des mesures concr\u00e8tes en la mati\u00e8re \u00e0 court terme<\/em>\u00a0\u00bb.<\/span>    <span style=\"font-size: small;\"> Par ailleurs, <strong>Mario Draghi<\/strong> a \u00e9galement r\u00e9v\u00e9l\u00e9 que le Conseil des gouverneurs avait discut\u00e9 de l\u2019\u00e9ventualit\u00e9 d\u2019appliquer un taux n\u00e9gatif de r\u00e9mun\u00e9ration des d\u00e9p\u00f4ts des banques. Mais l\u00e0 encore, et bien que cette mesure assez in\u00e9dite soit essentiellement destin\u00e9e \u00e0 promouvoir le cr\u00e9dit et m\u00eame si la banque centrale se dit \u00ab\u00a0<em>techniquement pr\u00eate<\/em>\u00a0\u00bb \u00e0 la mettre en \u0153uvre, \u00a0les responsables de l\u2019institution demeurent tr\u00e8s peu \u00ab <em>dispos\u00e9s \u00e0 l\u2019utiliser pour le moment<\/em>\u00a0\u00bb.<\/span>    <span style=\"font-size: small;\"> En tout cas, une chose est s\u00fbre\u00a0; peu importe les d\u00e9cisions (ou le manque de d\u00e9cisions) prises lors de cette r\u00e9union, elles ont \u00e9t\u00e9 tr\u00e8s populaires au sein du comit\u00e9 directeur. Questionn\u00e9, lors de la conf\u00e9rence de presse, \u00e0 ce sujet, <strong>Mr Draghi<\/strong> a soulign\u00e9 qu\u2019il y avait \u00ab\u00a0<em>un consensus sur le fait qu&rsquo;il n&rsquo;y a pas de changement de direction qui justifierait une action imm\u00e9diate<\/em>\u00a0\u00bb. Rappelons que ce consensus d\u00e9signe g\u00e9n\u00e9ralement une large majorit\u00e9, et non n\u00e9cessairement l&rsquo;unanimit\u00e9.<\/span><\/p>\n<!-- AddThis Advanced Settings generic via filter on the_content --><!-- AddThis Share Buttons generic via filter on the_content -->","protected":false},"excerpt":{"rendered":"<p>Lors de la conf\u00e9rence de presse qu\u2019il a tenue vendredi dernier, Mario Draghi avait bien pr\u00e9cis\u00e9 que plusieurs mesures \u00e9taient en cours d\u2019\u00e9tude et d\u2019\u00e9valuation, dont notamment une strat\u00e9gie destin\u00e9e \u00e0 \u00ab\u00a0soutenir le cr\u00e9dit aux petites [&hellip;]<\/p>\n","protected":false},"author":18,"featured_media":5011,"comment_status":"open","ping_status":"open","sticky":false,"template":"","format":"standard","meta":{"_mbp_gutenberg_autopost":false,"_pgmb_is_evergreen":false,"_pgmb_ap_template_id":0,"footnotes":""},"categories":[6],"tags":[143,1357,495,1356],"ppma_author":[2565],"class_list":["post-11894","post","type-post","status-publish","format-standard","has-post-thumbnail","hentry","category-articles-de-presse","tag-bce","tag-entreprises-pme","tag-mario-draghi","tag-reunion-bce"],"yoast_head":"<!-- This site is optimized with the Yoast SEO plugin v27.5 - https:\/\/yoast.com\/product\/yoast-seo-wordpress\/ -->\n<title>Compte-rendu de la r\u00e9union de la BCE : Une position fig\u00e9e - Gold.fr<\/title>\n<meta name=\"robots\" content=\"index, follow, max-snippet:-1, max-image-preview:large, max-video-preview:-1\" \/>\n<link rel=\"canonical\" href=\"https:\/\/www.gold.fr\/news\/2013\/06\/11\/compte-rendu-de-la-reunion-de-la-bce-une-position-figee\/\" \/>\n<meta property=\"og:locale\" content=\"fr_FR\" \/>\n<meta property=\"og:type\" content=\"article\" \/>\n<meta property=\"og:title\" content=\"Compte-rendu de la r\u00e9union de la BCE : Une position fig\u00e9e - Gold.fr\" \/>\n<meta property=\"og:description\" content=\"Lors de la conf\u00e9rence de presse qu\u2019il a tenue vendredi dernier, Mario Draghi avait bien pr\u00e9cis\u00e9 que plusieurs mesures \u00e9taient en cours d\u2019\u00e9tude et d\u2019\u00e9valuation, dont notamment une strat\u00e9gie destin\u00e9e \u00e0 \u00ab\u00a0soutenir le cr\u00e9dit aux petites [&hellip;]\" \/>\n<meta property=\"og:url\" content=\"https:\/\/www.gold.fr\/news\/2013\/06\/11\/compte-rendu-de-la-reunion-de-la-bce-une-position-figee\/\" \/>\n<meta property=\"og:site_name\" content=\"Gold.fr\" \/>\n<meta property=\"article:publisher\" content=\"https:\/\/www.facebook.com\/Goldfr\/\" \/>\n<meta property=\"article:published_time\" content=\"2013-06-11T15:00:31+00:00\" \/>\n<meta property=\"article:modified_time\" content=\"2017-11-02T10:33:41+00:00\" \/>\n<meta property=\"og:image\" content=\"https:\/\/www.gold.fr\/news\/wp-content\/uploads\/2012\/01\/Europe.jpg\" \/>\n\t<meta property=\"og:image:width\" content=\"600\" \/>\n\t<meta property=\"og:image:height\" content=\"417\" \/>\n\t<meta property=\"og:image:type\" content=\"image\/jpeg\" \/>\n<meta name=\"author\" content=\"Comptoir National de l&#039;Or\" \/>\n<meta name=\"twitter:card\" content=\"summary_large_image\" \/>\n<meta name=\"twitter:label1\" content=\"\u00c9crit par\" \/>\n\t<meta name=\"twitter:data1\" content=\"Comptoir National de l&#039;Or\" \/>\n\t<meta name=\"twitter:label2\" content=\"Dur\u00e9e de lecture estim\u00e9e\" \/>\n\t<meta name=\"twitter:data2\" content=\"2 minutes\" \/>\n<script type=\"application\/ld+json\" class=\"yoast-schema-graph\">{\"@context\":\"https:\\\/\\\/schema.org\",\"@graph\":[{\"@type\":\"Article\",\"@id\":\"https:\\\/\\\/www.gold.fr\\\/news\\\/2013\\\/06\\\/11\\\/compte-rendu-de-la-reunion-de-la-bce-une-position-figee\\\/#article\",\"isPartOf\":{\"@id\":\"https:\\\/\\\/www.gold.fr\\\/news\\\/2013\\\/06\\\/11\\\/compte-rendu-de-la-reunion-de-la-bce-une-position-figee\\\/\"},\"author\":{\"name\":\"Comptoir National de l'Or\",\"@id\":\"https:\\\/\\\/www.gold.fr\\\/news\\\/#\\\/schema\\\/person\\\/070491b4b4fb7671bf59b3be20302ce9\"},\"headline\":\"Compte-rendu de la r\u00e9union de la BCE : Une position fig\u00e9e\",\"datePublished\":\"2013-06-11T15:00:31+00:00\",\"dateModified\":\"2017-11-02T10:33:41+00:00\",\"mainEntityOfPage\":{\"@id\":\"https:\\\/\\\/www.gold.fr\\\/news\\\/2013\\\/06\\\/11\\\/compte-rendu-de-la-reunion-de-la-bce-une-position-figee\\\/\"},\"wordCount\":316,\"commentCount\":0,\"image\":{\"@id\":\"https:\\\/\\\/www.gold.fr\\\/news\\\/2013\\\/06\\\/11\\\/compte-rendu-de-la-reunion-de-la-bce-une-position-figee\\\/#primaryimage\"},\"thumbnailUrl\":\"https:\\\/\\\/www.gold.fr\\\/news\\\/wp-content\\\/uploads\\\/2012\\\/01\\\/Europe.jpg\",\"keywords\":[\"bce\",\"entreprises PME\",\"mario draghi\",\"R\u00e9union BCE\"],\"articleSection\":[\"Articles de presse\"],\"inLanguage\":\"fr-FR\"},{\"@type\":\"WebPage\",\"@id\":\"https:\\\/\\\/www.gold.fr\\\/news\\\/2013\\\/06\\\/11\\\/compte-rendu-de-la-reunion-de-la-bce-une-position-figee\\\/\",\"url\":\"https:\\\/\\\/www.gold.fr\\\/news\\\/2013\\\/06\\\/11\\\/compte-rendu-de-la-reunion-de-la-bce-une-position-figee\\\/\",\"name\":\"Compte-rendu de la r\u00e9union de la BCE : Une position fig\u00e9e - Gold.fr\",\"isPartOf\":{\"@id\":\"https:\\\/\\\/www.gold.fr\\\/news\\\/#website\"},\"primaryImageOfPage\":{\"@id\":\"https:\\\/\\\/www.gold.fr\\\/news\\\/2013\\\/06\\\/11\\\/compte-rendu-de-la-reunion-de-la-bce-une-position-figee\\\/#primaryimage\"},\"image\":{\"@id\":\"https:\\\/\\\/www.gold.fr\\\/news\\\/2013\\\/06\\\/11\\\/compte-rendu-de-la-reunion-de-la-bce-une-position-figee\\\/#primaryimage\"},\"thumbnailUrl\":\"https:\\\/\\\/www.gold.fr\\\/news\\\/wp-content\\\/uploads\\\/2012\\\/01\\\/Europe.jpg\",\"datePublished\":\"2013-06-11T15:00:31+00:00\",\"dateModified\":\"2017-11-02T10:33:41+00:00\",\"author\":{\"@id\":\"https:\\\/\\\/www.gold.fr\\\/news\\\/#\\\/schema\\\/person\\\/070491b4b4fb7671bf59b3be20302ce9\"},\"breadcrumb\":{\"@id\":\"https:\\\/\\\/www.gold.fr\\\/news\\\/2013\\\/06\\\/11\\\/compte-rendu-de-la-reunion-de-la-bce-une-position-figee\\\/#breadcrumb\"},\"inLanguage\":\"fr-FR\",\"potentialAction\":[{\"@type\":\"ReadAction\",\"target\":[\"https:\\\/\\\/www.gold.fr\\\/news\\\/2013\\\/06\\\/11\\\/compte-rendu-de-la-reunion-de-la-bce-une-position-figee\\\/\"]}]},{\"@type\":\"ImageObject\",\"inLanguage\":\"fr-FR\",\"@id\":\"https:\\\/\\\/www.gold.fr\\\/news\\\/2013\\\/06\\\/11\\\/compte-rendu-de-la-reunion-de-la-bce-une-position-figee\\\/#primaryimage\",\"url\":\"https:\\\/\\\/www.gold.fr\\\/news\\\/wp-content\\\/uploads\\\/2012\\\/01\\\/Europe.jpg\",\"contentUrl\":\"https:\\\/\\\/www.gold.fr\\\/news\\\/wp-content\\\/uploads\\\/2012\\\/01\\\/Europe.jpg\",\"width\":\"600\",\"height\":\"417\"},{\"@type\":\"BreadcrumbList\",\"@id\":\"https:\\\/\\\/www.gold.fr\\\/news\\\/2013\\\/06\\\/11\\\/compte-rendu-de-la-reunion-de-la-bce-une-position-figee\\\/#breadcrumb\",\"itemListElement\":[{\"@type\":\"ListItem\",\"position\":1,\"name\":\"Accueil\",\"item\":\"https:\\\/\\\/www.gold.fr\\\/\"},{\"@type\":\"ListItem\",\"position\":2,\"name\":\"Actualit\u00e9s\",\"item\":\"https:\\\/\\\/www.gold.fr\\\/news\\\/\"},{\"@type\":\"ListItem\",\"position\":3,\"name\":\"Compte-rendu de la r\u00e9union de la BCE : Une position fig\u00e9e\"}]},{\"@type\":\"WebSite\",\"@id\":\"https:\\\/\\\/www.gold.fr\\\/news\\\/#website\",\"url\":\"https:\\\/\\\/www.gold.fr\\\/news\\\/\",\"name\":\"Gold.fr\",\"description\":\"Actualit\u00e9s de l&#039;Or et des m\u00e9taux pr\u00e9cieux\",\"potentialAction\":[{\"@type\":\"SearchAction\",\"target\":{\"@type\":\"EntryPoint\",\"urlTemplate\":\"https:\\\/\\\/www.gold.fr\\\/news\\\/?s={search_term_string}\"},\"query-input\":{\"@type\":\"PropertyValueSpecification\",\"valueRequired\":true,\"valueName\":\"search_term_string\"}}],\"inLanguage\":\"fr-FR\"},{\"@type\":\"Person\",\"@id\":\"https:\\\/\\\/www.gold.fr\\\/news\\\/#\\\/schema\\\/person\\\/070491b4b4fb7671bf59b3be20302ce9\",\"name\":\"Comptoir National de l'Or\",\"image\":{\"@type\":\"ImageObject\",\"inLanguage\":\"fr-FR\",\"@id\":\"https:\\\/\\\/secure.gravatar.com\\\/avatar\\\/0a2867fd5abe37bed95d5a65e9d58f01756e11efc68af9888dfc50cfa7f65948?s=96&d=mm&r=gb490554db0a38188709de567aa58480d\",\"url\":\"https:\\\/\\\/secure.gravatar.com\\\/avatar\\\/0a2867fd5abe37bed95d5a65e9d58f01756e11efc68af9888dfc50cfa7f65948?s=96&d=mm&r=g\",\"contentUrl\":\"https:\\\/\\\/secure.gravatar.com\\\/avatar\\\/0a2867fd5abe37bed95d5a65e9d58f01756e11efc68af9888dfc50cfa7f65948?s=96&d=mm&r=g\",\"caption\":\"Comptoir National de l'Or\"},\"description\":\"Notre r\u00e9daction est constitu\u00e9e de membres experts dans les m\u00e9tiers de l'\u00e9conomie et la gestion, des Responsables d'agence Comptoir National de l'Or, des analystes financiers qui publient r\u00e9guli\u00e8rement des \u00e9tudes sur les politiques des banques centrales, le cours de l'or, prix de l'or, cours de l'argent, prix de l'argent, cours du platine, cours du palladium,... la situation en zone euro et l'impact de la strat\u00e9gie mon\u00e9taire de la FED. Notre \u00e9quipe scrute \u00e9galement une information plus g\u00e9n\u00e9raliste \u00e0 la recherche d'actualit\u00e9 \\\"p\u00e9pite\\\" \u00e0 vous partager. Depuis 5 ans, nous avons publi\u00e9 un peu plus de 4000 articles qui s'adressent \u00e0 un public large et vari\u00e9 ayant pour objectif de satisfaire votre curiosit\u00e9 et de partager avec vous une certaine fascination pour le m\u00e9tal jaune, le rachat d'or, et pour ceux qui veulent investir dans l'or, vendre leur or tout simplement en savoir plus... Pour tous vos achat or et argent, n'h\u00e9sitez pas \u00e0 prendre rendez-vous dans l'un de nos nombreux comptoirs.\",\"sameAs\":[\"https:\\\/\\\/www.gold.fr\"]}]}<\/script>\n<!-- \/ Yoast SEO plugin. -->","yoast_head_json":{"title":"Compte-rendu de la r\u00e9union de la BCE : Une position fig\u00e9e - Gold.fr","robots":{"index":"index","follow":"follow","max-snippet":"max-snippet:-1","max-image-preview":"max-image-preview:large","max-video-preview":"max-video-preview:-1"},"canonical":"https:\/\/www.gold.fr\/news\/2013\/06\/11\/compte-rendu-de-la-reunion-de-la-bce-une-position-figee\/","og_locale":"fr_FR","og_type":"article","og_title":"Compte-rendu de la r\u00e9union de la BCE : Une position fig\u00e9e - Gold.fr","og_description":"Lors de la conf\u00e9rence de presse qu\u2019il a tenue vendredi dernier, Mario Draghi avait bien pr\u00e9cis\u00e9 que plusieurs mesures \u00e9taient en cours d\u2019\u00e9tude et d\u2019\u00e9valuation, dont notamment une strat\u00e9gie destin\u00e9e \u00e0 \u00ab\u00a0soutenir le cr\u00e9dit aux petites [&hellip;]","og_url":"https:\/\/www.gold.fr\/news\/2013\/06\/11\/compte-rendu-de-la-reunion-de-la-bce-une-position-figee\/","og_site_name":"Gold.fr","article_publisher":"https:\/\/www.facebook.com\/Goldfr\/","article_published_time":"2013-06-11T15:00:31+00:00","article_modified_time":"2017-11-02T10:33:41+00:00","og_image":[{"width":600,"height":417,"url":"https:\/\/www.gold.fr\/news\/wp-content\/uploads\/2012\/01\/Europe.jpg","type":"image\/jpeg"}],"author":"Comptoir National de l'Or","twitter_card":"summary_large_image","twitter_misc":{"\u00c9crit par":"Comptoir National de l'Or","Dur\u00e9e de lecture estim\u00e9e":"2 minutes"},"schema":{"@context":"https:\/\/schema.org","@graph":[{"@type":"Article","@id":"https:\/\/www.gold.fr\/news\/2013\/06\/11\/compte-rendu-de-la-reunion-de-la-bce-une-position-figee\/#article","isPartOf":{"@id":"https:\/\/www.gold.fr\/news\/2013\/06\/11\/compte-rendu-de-la-reunion-de-la-bce-une-position-figee\/"},"author":{"name":"Comptoir National de l'Or","@id":"https:\/\/www.gold.fr\/news\/#\/schema\/person\/070491b4b4fb7671bf59b3be20302ce9"},"headline":"Compte-rendu de la r\u00e9union de la BCE : Une position fig\u00e9e","datePublished":"2013-06-11T15:00:31+00:00","dateModified":"2017-11-02T10:33:41+00:00","mainEntityOfPage":{"@id":"https:\/\/www.gold.fr\/news\/2013\/06\/11\/compte-rendu-de-la-reunion-de-la-bce-une-position-figee\/"},"wordCount":316,"commentCount":0,"image":{"@id":"https:\/\/www.gold.fr\/news\/2013\/06\/11\/compte-rendu-de-la-reunion-de-la-bce-une-position-figee\/#primaryimage"},"thumbnailUrl":"https:\/\/www.gold.fr\/news\/wp-content\/uploads\/2012\/01\/Europe.jpg","keywords":["bce","entreprises PME","mario draghi","R\u00e9union BCE"],"articleSection":["Articles de presse"],"inLanguage":"fr-FR"},{"@type":"WebPage","@id":"https:\/\/www.gold.fr\/news\/2013\/06\/11\/compte-rendu-de-la-reunion-de-la-bce-une-position-figee\/","url":"https:\/\/www.gold.fr\/news\/2013\/06\/11\/compte-rendu-de-la-reunion-de-la-bce-une-position-figee\/","name":"Compte-rendu de la r\u00e9union de la BCE : Une position fig\u00e9e - Gold.fr","isPartOf":{"@id":"https:\/\/www.gold.fr\/news\/#website"},"primaryImageOfPage":{"@id":"https:\/\/www.gold.fr\/news\/2013\/06\/11\/compte-rendu-de-la-reunion-de-la-bce-une-position-figee\/#primaryimage"},"image":{"@id":"https:\/\/www.gold.fr\/news\/2013\/06\/11\/compte-rendu-de-la-reunion-de-la-bce-une-position-figee\/#primaryimage"},"thumbnailUrl":"https:\/\/www.gold.fr\/news\/wp-content\/uploads\/2012\/01\/Europe.jpg","datePublished":"2013-06-11T15:00:31+00:00","dateModified":"2017-11-02T10:33:41+00:00","author":{"@id":"https:\/\/www.gold.fr\/news\/#\/schema\/person\/070491b4b4fb7671bf59b3be20302ce9"},"breadcrumb":{"@id":"https:\/\/www.gold.fr\/news\/2013\/06\/11\/compte-rendu-de-la-reunion-de-la-bce-une-position-figee\/#breadcrumb"},"inLanguage":"fr-FR","potentialAction":[{"@type":"ReadAction","target":["https:\/\/www.gold.fr\/news\/2013\/06\/11\/compte-rendu-de-la-reunion-de-la-bce-une-position-figee\/"]}]},{"@type":"ImageObject","inLanguage":"fr-FR","@id":"https:\/\/www.gold.fr\/news\/2013\/06\/11\/compte-rendu-de-la-reunion-de-la-bce-une-position-figee\/#primaryimage","url":"https:\/\/www.gold.fr\/news\/wp-content\/uploads\/2012\/01\/Europe.jpg","contentUrl":"https:\/\/www.gold.fr\/news\/wp-content\/uploads\/2012\/01\/Europe.jpg","width":"600","height":"417"},{"@type":"BreadcrumbList","@id":"https:\/\/www.gold.fr\/news\/2013\/06\/11\/compte-rendu-de-la-reunion-de-la-bce-une-position-figee\/#breadcrumb","itemListElement":[{"@type":"ListItem","position":1,"name":"Accueil","item":"https:\/\/www.gold.fr\/"},{"@type":"ListItem","position":2,"name":"Actualit\u00e9s","item":"https:\/\/www.gold.fr\/news\/"},{"@type":"ListItem","position":3,"name":"Compte-rendu de la r\u00e9union de la BCE : Une position fig\u00e9e"}]},{"@type":"WebSite","@id":"https:\/\/www.gold.fr\/news\/#website","url":"https:\/\/www.gold.fr\/news\/","name":"Gold.fr","description":"Actualit\u00e9s de l&#039;Or et des m\u00e9taux pr\u00e9cieux","potentialAction":[{"@type":"SearchAction","target":{"@type":"EntryPoint","urlTemplate":"https:\/\/www.gold.fr\/news\/?s={search_term_string}"},"query-input":{"@type":"PropertyValueSpecification","valueRequired":true,"valueName":"search_term_string"}}],"inLanguage":"fr-FR"},{"@type":"Person","@id":"https:\/\/www.gold.fr\/news\/#\/schema\/person\/070491b4b4fb7671bf59b3be20302ce9","name":"Comptoir National de l'Or","image":{"@type":"ImageObject","inLanguage":"fr-FR","@id":"https:\/\/secure.gravatar.com\/avatar\/0a2867fd5abe37bed95d5a65e9d58f01756e11efc68af9888dfc50cfa7f65948?s=96&d=mm&r=gb490554db0a38188709de567aa58480d","url":"https:\/\/secure.gravatar.com\/avatar\/0a2867fd5abe37bed95d5a65e9d58f01756e11efc68af9888dfc50cfa7f65948?s=96&d=mm&r=g","contentUrl":"https:\/\/secure.gravatar.com\/avatar\/0a2867fd5abe37bed95d5a65e9d58f01756e11efc68af9888dfc50cfa7f65948?s=96&d=mm&r=g","caption":"Comptoir National de l'Or"},"description":"Notre r\u00e9daction est constitu\u00e9e de membres experts dans les m\u00e9tiers de l'\u00e9conomie et la gestion, des Responsables d'agence Comptoir National de l'Or, des analystes financiers qui publient r\u00e9guli\u00e8rement des \u00e9tudes sur les politiques des banques centrales, le cours de l'or, prix de l'or, cours de l'argent, prix de l'argent, cours du platine, cours du palladium,... la situation en zone euro et l'impact de la strat\u00e9gie mon\u00e9taire de la FED. Notre \u00e9quipe scrute \u00e9galement une information plus g\u00e9n\u00e9raliste \u00e0 la recherche d'actualit\u00e9 \"p\u00e9pite\" \u00e0 vous partager. Depuis 5 ans, nous avons publi\u00e9 un peu plus de 4000 articles qui s'adressent \u00e0 un public large et vari\u00e9 ayant pour objectif de satisfaire votre curiosit\u00e9 et de partager avec vous une certaine fascination pour le m\u00e9tal jaune, le rachat d'or, et pour ceux qui veulent investir dans l'or, vendre leur or tout simplement en savoir plus... Pour tous vos achat or et argent, n'h\u00e9sitez pas \u00e0 prendre rendez-vous dans l'un de nos nombreux comptoirs.","sameAs":["https:\/\/www.gold.fr"]}]}},"authors":[{"term_id":2565,"user_id":18,"is_guest":0,"slug":"julie","display_name":"Comptoir National de l'Or","avatar_url":"https:\/\/secure.gravatar.com\/avatar\/713f289e398d35ead876c4a4cc08607f0d6d266058cfc25683fffb6092d0e572?s=96&d=mm&r=g","0":null,"1":"","2":"","3":"","4":"","5":"","6":"","7":"","8":""}],"_links":{"self":[{"href":"https:\/\/www.gold.fr\/news\/wp-json\/wp\/v2\/posts\/11894","targetHints":{"allow":["GET"]}}],"collection":[{"href":"https:\/\/www.gold.fr\/news\/wp-json\/wp\/v2\/posts"}],"about":[{"href":"https:\/\/www.gold.fr\/news\/wp-json\/wp\/v2\/types\/post"}],"author":[{"embeddable":true,"href":"https:\/\/www.gold.fr\/news\/wp-json\/wp\/v2\/users\/18"}],"replies":[{"embeddable":true,"href":"https:\/\/www.gold.fr\/news\/wp-json\/wp\/v2\/comments?post=11894"}],"version-history":[{"count":0,"href":"https:\/\/www.gold.fr\/news\/wp-json\/wp\/v2\/posts\/11894\/revisions"}],"wp:featuredmedia":[{"embeddable":true,"href":"https:\/\/www.gold.fr\/news\/wp-json\/wp\/v2\/media\/5011"}],"wp:attachment":[{"href":"https:\/\/www.gold.fr\/news\/wp-json\/wp\/v2\/media?parent=11894"}],"wp:term":[{"taxonomy":"category","embeddable":true,"href":"https:\/\/www.gold.fr\/news\/wp-json\/wp\/v2\/categories?post=11894"},{"taxonomy":"post_tag","embeddable":true,"href":"https:\/\/www.gold.fr\/news\/wp-json\/wp\/v2\/tags?post=11894"},{"taxonomy":"author","embeddable":true,"href":"https:\/\/www.gold.fr\/news\/wp-json\/wp\/v2\/ppma_author?post=11894"}],"curies":[{"name":"wp","href":"https:\/\/api.w.org\/{rel}","templated":true}]}}