{"id":11856,"date":"2013-06-05T09:00:36","date_gmt":"2013-06-05T07:00:36","guid":{"rendered":"https:\/\/www.gold.fr\/news\/?p=11856"},"modified":"2021-09-24T11:22:15","modified_gmt":"2021-09-24T09:22:15","slug":"la-demande-physique-bat-les-etf-auriferes","status":"publish","type":"post","link":"https:\/\/www.gold.fr\/news\/2013\/06\/05\/la-demande-physique-bat-les-etf-auriferes\/","title":{"rendered":"La demande physique bat les ETF aurif\u00e8res"},"content":{"rendered":"<p><span style=\"font-size: small;\"><img loading=\"lazy\" decoding=\"async\" class=\"alignleft size-thumbnail wp-image-4089\" title=\"La demande physique bat les ETF aurif\u00e8res\" src=\"https:\/\/www.gold.fr\/news\/wp-content\/uploads\/2011\/12\/86196467-150x150.jpg\" alt=\"\" width=\"150\" height=\"150\" \/>Ce sont deux facettes \u00e0 grand succ\u00e8s d&rsquo;une m\u00eame monnaie dor\u00e9e tout aussi glorieuse. Et dans la rivalit\u00e9 qui oppose les deux principaux piliers du march\u00e9 aurif\u00e8re (<a class=\"esk-seo-plu-link\" href=\"https:\/\/www.gold.fr\/news\/tags\/or\">or<\/a> physique et ETF), l&rsquo;heure est, comme il est souvent le cas, \u00e0 la victoire de la demande physique.<\/span> <span style=\"font-size: small;\"> Il faut aussi admettre que la r\u00e9cente vague de baisse des prix avait eu un effet naturellement acheteur sur l&rsquo;app\u00e9tit d\u00e9j\u00e0 suffisamment exacerb\u00e9 des investisseurs (plus sp\u00e9cialement, les particuliers). Et ce sont encore les indiens et les chinois qui en profitent le plus, et ce, depuis le milieu du premier trimestre <strong>2013<\/strong>.<\/span> <span style=\"font-size: small;\"> Cette semaine, le Conseil mondial de l&rsquo;<a class=\"esk-seo-plu-link\" href=\"https:\/\/www.gold.fr\/news\/tags\/or\">or<\/a> (<strong>World Gold Council<\/strong>, <strong>WGC<\/strong>) a publi\u00e9 son dernier rapport sur les derni\u00e8res \u00e9volutions du <a title=\"La demande mondiale continue \u00e0 booster les prix\" href=\"https:\/\/www.gold.fr\/news\/2013\/06\/04\/la-demande-mondiale-continue-a-booster-les-prix\/11854\/\" target=\"_blank\" rel=\"noopener\">march\u00e9 de l\u2019or<\/a>. Les analystes de l&rsquo;organisation mondiale ont notamment soulign\u00e9 les effets b\u00e9n\u00e9fiques du r\u00e9cent repli des prix (mois d&rsquo;avril) sur les march\u00e9s internationaux. Le rapport offre \u00e9galement quelques pr\u00e9visions tr\u00e8s optimistes relatives \u00e0 \u00ab <em><a title=\"L\u2019Inde maintient son engouement\u2026en d\u00e9pit de son gouvernement\" href=\"https:\/\/www.gold.fr\/news\/2013\/06\/04\/linde-maintient-son-engouementen-depit-de-son-gouvernement\/11851\/\" target=\"_blank\" rel=\"noopener\">la demande en Inde<\/a> et en Chine, susceptibles de d\u00e9gager un aper\u00e7u de l&rsquo;\u00e9volution future des <a title=\"Prix de l'Or\" href=\"https:\/\/www.gold.fr\/cours-prix-de-l-or\/\" target=\"_blank\" rel=\"noopener\">prix de l\u2019or<\/a> dans les prochains mois<\/em> \u00bb.<\/span> <span style=\"font-size: small;\"> Le <strong>CMO<\/strong> r\u00e9v\u00e8le aussi que, si les <strong>ETF aurif\u00e8res<\/strong> ont consid\u00e9rablement encaiss\u00e9 le coup, suite \u00e0 ce repli, la force de la demande physique, elle, n&rsquo;a m\u00eame pas cill\u00e9. <a title=\"Lingot d'Or\" href=\"https:\/\/www.gold.fr\/lingot-1-kg\/\" target=\"_blank\" rel=\"noopener\">Lingots<\/a>, pi\u00e8ces, produits de joaillerie et autres formes d&rsquo;<a class=\"esk-seo-plu-link\" href=\"https:\/\/www.gold.fr\/news\/tags\/or\">or<\/a> physique populaires (constituant, ensemble, <strong>72%<\/strong> de la demande globale physique) se sont nettement hiss\u00e9s, durant cette m\u00eame p\u00e9riode.<\/span><\/p>\n<!-- AddThis Advanced Settings generic via filter on the_content --><!-- AddThis Share Buttons generic via filter on the_content -->","protected":false},"excerpt":{"rendered":"<p>Ce sont deux facettes \u00e0 grand succ\u00e8s d&rsquo;une m\u00eame monnaie dor\u00e9e tout aussi glorieuse. Et dans la rivalit\u00e9 qui oppose les deux principaux piliers du march\u00e9 aurif\u00e8re (or physique et ETF), l&rsquo;heure est, comme il est [&hellip;]<\/p>\n","protected":false},"author":18,"featured_media":4089,"comment_status":"closed","ping_status":"closed","sticky":false,"template":"","format":"standard","meta":{"_mbp_gutenberg_autopost":false,"_pgmb_is_evergreen":false,"_pgmb_ap_template_id":0,"footnotes":""},"categories":[6],"tags":[341,607,598,1350],"ppma_author":[2565],"class_list":["post-11856","post","type-post","status-publish","format-standard","has-post-thumbnail","hentry","category-articles-de-presse","tag-demande-or","tag-lingot-or","tag-pieces-or","tag-world-gold-council"],"yoast_head":"<!-- This site is optimized with the Yoast SEO plugin v27.5 - https:\/\/yoast.com\/product\/yoast-seo-wordpress\/ -->\n<title>La demande physique bat les ETF aurif\u00e8res Evolution future des prix<\/title>\n<meta name=\"description\" content=\"La demande physique bat les ETF aurif\u00e8res, l&#039;\u00e9volution future des prix de l\u2019or dans les prochains mois, March\u00e9 de l&#039;or\" \/>\n<meta name=\"robots\" content=\"index, follow, max-snippet:-1, max-image-preview:large, max-video-preview:-1\" \/>\n<link rel=\"canonical\" href=\"https:\/\/www.gold.fr\/news\/2013\/06\/05\/la-demande-physique-bat-les-etf-auriferes\/\" \/>\n<meta property=\"og:locale\" content=\"fr_FR\" \/>\n<meta property=\"og:type\" content=\"article\" \/>\n<meta property=\"og:title\" content=\"La demande physique bat les ETF aurif\u00e8res Evolution future des prix\" \/>\n<meta property=\"og:description\" content=\"La demande physique bat les ETF aurif\u00e8res, l&#039;\u00e9volution future des prix de l\u2019or dans les prochains mois, March\u00e9 de l&#039;or\" \/>\n<meta property=\"og:url\" content=\"https:\/\/www.gold.fr\/news\/2013\/06\/05\/la-demande-physique-bat-les-etf-auriferes\/\" \/>\n<meta property=\"og:site_name\" content=\"Gold.fr\" \/>\n<meta property=\"article:publisher\" content=\"https:\/\/www.facebook.com\/Goldfr\/\" \/>\n<meta property=\"article:published_time\" content=\"2013-06-05T07:00:36+00:00\" \/>\n<meta property=\"article:modified_time\" content=\"2021-09-24T09:22:15+00:00\" \/>\n<meta property=\"og:image\" content=\"https:\/\/www.gold.fr\/news\/wp-content\/uploads\/2011\/12\/86196467.jpg\" \/>\n\t<meta property=\"og:image:width\" content=\"600\" \/>\n\t<meta property=\"og:image:height\" content=\"400\" \/>\n\t<meta property=\"og:image:type\" content=\"image\/jpeg\" \/>\n<meta name=\"author\" content=\"Comptoir National de l&#039;Or\" \/>\n<meta name=\"twitter:card\" content=\"summary_large_image\" \/>\n<meta name=\"twitter:label1\" content=\"\u00c9crit par\" \/>\n\t<meta name=\"twitter:data1\" content=\"Comptoir National de l&#039;Or\" \/>\n\t<meta name=\"twitter:label2\" content=\"Dur\u00e9e de lecture estim\u00e9e\" \/>\n\t<meta name=\"twitter:data2\" content=\"1 minute\" \/>\n<script type=\"application\/ld+json\" class=\"yoast-schema-graph\">{\"@context\":\"https:\\\/\\\/schema.org\",\"@graph\":[{\"@type\":\"Article\",\"@id\":\"https:\\\/\\\/www.gold.fr\\\/news\\\/2013\\\/06\\\/05\\\/la-demande-physique-bat-les-etf-auriferes\\\/#article\",\"isPartOf\":{\"@id\":\"https:\\\/\\\/www.gold.fr\\\/news\\\/2013\\\/06\\\/05\\\/la-demande-physique-bat-les-etf-auriferes\\\/\"},\"author\":{\"name\":\"Comptoir National de l'Or\",\"@id\":\"https:\\\/\\\/www.gold.fr\\\/news\\\/#\\\/schema\\\/person\\\/070491b4b4fb7671bf59b3be20302ce9\"},\"headline\":\"La demande physique bat les ETF aurif\u00e8res\",\"datePublished\":\"2013-06-05T07:00:36+00:00\",\"dateModified\":\"2021-09-24T09:22:15+00:00\",\"mainEntityOfPage\":{\"@id\":\"https:\\\/\\\/www.gold.fr\\\/news\\\/2013\\\/06\\\/05\\\/la-demande-physique-bat-les-etf-auriferes\\\/\"},\"wordCount\":272,\"image\":{\"@id\":\"https:\\\/\\\/www.gold.fr\\\/news\\\/2013\\\/06\\\/05\\\/la-demande-physique-bat-les-etf-auriferes\\\/#primaryimage\"},\"thumbnailUrl\":\"https:\\\/\\\/www.gold.fr\\\/news\\\/wp-content\\\/uploads\\\/2011\\\/12\\\/86196467.jpg\",\"keywords\":[\"Demande Or\",\"lingot or\",\"pi\u00e8ces or\",\"World Gold Council\"],\"articleSection\":[\"Articles de presse\"],\"inLanguage\":\"fr-FR\"},{\"@type\":\"WebPage\",\"@id\":\"https:\\\/\\\/www.gold.fr\\\/news\\\/2013\\\/06\\\/05\\\/la-demande-physique-bat-les-etf-auriferes\\\/\",\"url\":\"https:\\\/\\\/www.gold.fr\\\/news\\\/2013\\\/06\\\/05\\\/la-demande-physique-bat-les-etf-auriferes\\\/\",\"name\":\"La demande physique bat les ETF aurif\u00e8res Evolution future des prix\",\"isPartOf\":{\"@id\":\"https:\\\/\\\/www.gold.fr\\\/news\\\/#website\"},\"primaryImageOfPage\":{\"@id\":\"https:\\\/\\\/www.gold.fr\\\/news\\\/2013\\\/06\\\/05\\\/la-demande-physique-bat-les-etf-auriferes\\\/#primaryimage\"},\"image\":{\"@id\":\"https:\\\/\\\/www.gold.fr\\\/news\\\/2013\\\/06\\\/05\\\/la-demande-physique-bat-les-etf-auriferes\\\/#primaryimage\"},\"thumbnailUrl\":\"https:\\\/\\\/www.gold.fr\\\/news\\\/wp-content\\\/uploads\\\/2011\\\/12\\\/86196467.jpg\",\"datePublished\":\"2013-06-05T07:00:36+00:00\",\"dateModified\":\"2021-09-24T09:22:15+00:00\",\"author\":{\"@id\":\"https:\\\/\\\/www.gold.fr\\\/news\\\/#\\\/schema\\\/person\\\/070491b4b4fb7671bf59b3be20302ce9\"},\"description\":\"La demande physique bat les ETF aurif\u00e8res, l'\u00e9volution future des prix de l\u2019or dans les prochains mois, March\u00e9 de l'or\",\"breadcrumb\":{\"@id\":\"https:\\\/\\\/www.gold.fr\\\/news\\\/2013\\\/06\\\/05\\\/la-demande-physique-bat-les-etf-auriferes\\\/#breadcrumb\"},\"inLanguage\":\"fr-FR\",\"potentialAction\":[{\"@type\":\"ReadAction\",\"target\":[\"https:\\\/\\\/www.gold.fr\\\/news\\\/2013\\\/06\\\/05\\\/la-demande-physique-bat-les-etf-auriferes\\\/\"]}]},{\"@type\":\"ImageObject\",\"inLanguage\":\"fr-FR\",\"@id\":\"https:\\\/\\\/www.gold.fr\\\/news\\\/2013\\\/06\\\/05\\\/la-demande-physique-bat-les-etf-auriferes\\\/#primaryimage\",\"url\":\"https:\\\/\\\/www.gold.fr\\\/news\\\/wp-content\\\/uploads\\\/2011\\\/12\\\/86196467.jpg\",\"contentUrl\":\"https:\\\/\\\/www.gold.fr\\\/news\\\/wp-content\\\/uploads\\\/2011\\\/12\\\/86196467.jpg\",\"width\":\"600\",\"height\":\"400\",\"caption\":\"L\u2019once se d\u00e9fend bien malgr\u00e9 la hausse du taux directeur\"},{\"@type\":\"BreadcrumbList\",\"@id\":\"https:\\\/\\\/www.gold.fr\\\/news\\\/2013\\\/06\\\/05\\\/la-demande-physique-bat-les-etf-auriferes\\\/#breadcrumb\",\"itemListElement\":[{\"@type\":\"ListItem\",\"position\":1,\"name\":\"Accueil\",\"item\":\"https:\\\/\\\/www.gold.fr\\\/\"},{\"@type\":\"ListItem\",\"position\":2,\"name\":\"Actualit\u00e9s\",\"item\":\"https:\\\/\\\/www.gold.fr\\\/news\\\/\"},{\"@type\":\"ListItem\",\"position\":3,\"name\":\"La demande physique bat les ETF aurif\u00e8res\"}]},{\"@type\":\"WebSite\",\"@id\":\"https:\\\/\\\/www.gold.fr\\\/news\\\/#website\",\"url\":\"https:\\\/\\\/www.gold.fr\\\/news\\\/\",\"name\":\"Gold.fr\",\"description\":\"Actualit\u00e9s de l&#039;Or et des m\u00e9taux pr\u00e9cieux\",\"potentialAction\":[{\"@type\":\"SearchAction\",\"target\":{\"@type\":\"EntryPoint\",\"urlTemplate\":\"https:\\\/\\\/www.gold.fr\\\/news\\\/?s={search_term_string}\"},\"query-input\":{\"@type\":\"PropertyValueSpecification\",\"valueRequired\":true,\"valueName\":\"search_term_string\"}}],\"inLanguage\":\"fr-FR\"},{\"@type\":\"Person\",\"@id\":\"https:\\\/\\\/www.gold.fr\\\/news\\\/#\\\/schema\\\/person\\\/070491b4b4fb7671bf59b3be20302ce9\",\"name\":\"Comptoir National de l'Or\",\"image\":{\"@type\":\"ImageObject\",\"inLanguage\":\"fr-FR\",\"@id\":\"https:\\\/\\\/secure.gravatar.com\\\/avatar\\\/0a2867fd5abe37bed95d5a65e9d58f01756e11efc68af9888dfc50cfa7f65948?s=96&d=mm&r=gb490554db0a38188709de567aa58480d\",\"url\":\"https:\\\/\\\/secure.gravatar.com\\\/avatar\\\/0a2867fd5abe37bed95d5a65e9d58f01756e11efc68af9888dfc50cfa7f65948?s=96&d=mm&r=g\",\"contentUrl\":\"https:\\\/\\\/secure.gravatar.com\\\/avatar\\\/0a2867fd5abe37bed95d5a65e9d58f01756e11efc68af9888dfc50cfa7f65948?s=96&d=mm&r=g\",\"caption\":\"Comptoir National de l'Or\"},\"description\":\"Notre r\u00e9daction est constitu\u00e9e de membres experts dans les m\u00e9tiers de l'\u00e9conomie et la gestion, des Responsables d'agence Comptoir National de l'Or, des analystes financiers qui publient r\u00e9guli\u00e8rement des \u00e9tudes sur les politiques des banques centrales, le cours de l'or, prix de l'or, cours de l'argent, prix de l'argent, cours du platine, cours du palladium,... la situation en zone euro et l'impact de la strat\u00e9gie mon\u00e9taire de la FED. Notre \u00e9quipe scrute \u00e9galement une information plus g\u00e9n\u00e9raliste \u00e0 la recherche d'actualit\u00e9 \\\"p\u00e9pite\\\" \u00e0 vous partager. Depuis 5 ans, nous avons publi\u00e9 un peu plus de 4000 articles qui s'adressent \u00e0 un public large et vari\u00e9 ayant pour objectif de satisfaire votre curiosit\u00e9 et de partager avec vous une certaine fascination pour le m\u00e9tal jaune, le rachat d'or, et pour ceux qui veulent investir dans l'or, vendre leur or tout simplement en savoir plus... Pour tous vos achat or et argent, n'h\u00e9sitez pas \u00e0 prendre rendez-vous dans l'un de nos nombreux comptoirs.\",\"sameAs\":[\"https:\\\/\\\/www.gold.fr\"]}]}<\/script>\n<!-- \/ Yoast SEO plugin. -->","yoast_head_json":{"title":"La demande physique bat les ETF aurif\u00e8res Evolution future des prix","description":"La demande physique bat les ETF aurif\u00e8res, l'\u00e9volution future des prix de l\u2019or dans les prochains mois, March\u00e9 de l'or","robots":{"index":"index","follow":"follow","max-snippet":"max-snippet:-1","max-image-preview":"max-image-preview:large","max-video-preview":"max-video-preview:-1"},"canonical":"https:\/\/www.gold.fr\/news\/2013\/06\/05\/la-demande-physique-bat-les-etf-auriferes\/","og_locale":"fr_FR","og_type":"article","og_title":"La demande physique bat les ETF aurif\u00e8res Evolution future des prix","og_description":"La demande physique bat les ETF aurif\u00e8res, l'\u00e9volution future des prix de l\u2019or dans les prochains mois, March\u00e9 de l'or","og_url":"https:\/\/www.gold.fr\/news\/2013\/06\/05\/la-demande-physique-bat-les-etf-auriferes\/","og_site_name":"Gold.fr","article_publisher":"https:\/\/www.facebook.com\/Goldfr\/","article_published_time":"2013-06-05T07:00:36+00:00","article_modified_time":"2021-09-24T09:22:15+00:00","og_image":[{"width":600,"height":400,"url":"https:\/\/www.gold.fr\/news\/wp-content\/uploads\/2011\/12\/86196467.jpg","type":"image\/jpeg"}],"author":"Comptoir National de l'Or","twitter_card":"summary_large_image","twitter_misc":{"\u00c9crit par":"Comptoir National de l'Or","Dur\u00e9e de lecture estim\u00e9e":"1 minute"},"schema":{"@context":"https:\/\/schema.org","@graph":[{"@type":"Article","@id":"https:\/\/www.gold.fr\/news\/2013\/06\/05\/la-demande-physique-bat-les-etf-auriferes\/#article","isPartOf":{"@id":"https:\/\/www.gold.fr\/news\/2013\/06\/05\/la-demande-physique-bat-les-etf-auriferes\/"},"author":{"name":"Comptoir National de l'Or","@id":"https:\/\/www.gold.fr\/news\/#\/schema\/person\/070491b4b4fb7671bf59b3be20302ce9"},"headline":"La demande physique bat les ETF aurif\u00e8res","datePublished":"2013-06-05T07:00:36+00:00","dateModified":"2021-09-24T09:22:15+00:00","mainEntityOfPage":{"@id":"https:\/\/www.gold.fr\/news\/2013\/06\/05\/la-demande-physique-bat-les-etf-auriferes\/"},"wordCount":272,"image":{"@id":"https:\/\/www.gold.fr\/news\/2013\/06\/05\/la-demande-physique-bat-les-etf-auriferes\/#primaryimage"},"thumbnailUrl":"https:\/\/www.gold.fr\/news\/wp-content\/uploads\/2011\/12\/86196467.jpg","keywords":["Demande Or","lingot or","pi\u00e8ces or","World Gold Council"],"articleSection":["Articles de presse"],"inLanguage":"fr-FR"},{"@type":"WebPage","@id":"https:\/\/www.gold.fr\/news\/2013\/06\/05\/la-demande-physique-bat-les-etf-auriferes\/","url":"https:\/\/www.gold.fr\/news\/2013\/06\/05\/la-demande-physique-bat-les-etf-auriferes\/","name":"La demande physique bat les ETF aurif\u00e8res Evolution future des prix","isPartOf":{"@id":"https:\/\/www.gold.fr\/news\/#website"},"primaryImageOfPage":{"@id":"https:\/\/www.gold.fr\/news\/2013\/06\/05\/la-demande-physique-bat-les-etf-auriferes\/#primaryimage"},"image":{"@id":"https:\/\/www.gold.fr\/news\/2013\/06\/05\/la-demande-physique-bat-les-etf-auriferes\/#primaryimage"},"thumbnailUrl":"https:\/\/www.gold.fr\/news\/wp-content\/uploads\/2011\/12\/86196467.jpg","datePublished":"2013-06-05T07:00:36+00:00","dateModified":"2021-09-24T09:22:15+00:00","author":{"@id":"https:\/\/www.gold.fr\/news\/#\/schema\/person\/070491b4b4fb7671bf59b3be20302ce9"},"description":"La demande physique bat les ETF aurif\u00e8res, l'\u00e9volution future des prix de l\u2019or dans les prochains mois, March\u00e9 de l'or","breadcrumb":{"@id":"https:\/\/www.gold.fr\/news\/2013\/06\/05\/la-demande-physique-bat-les-etf-auriferes\/#breadcrumb"},"inLanguage":"fr-FR","potentialAction":[{"@type":"ReadAction","target":["https:\/\/www.gold.fr\/news\/2013\/06\/05\/la-demande-physique-bat-les-etf-auriferes\/"]}]},{"@type":"ImageObject","inLanguage":"fr-FR","@id":"https:\/\/www.gold.fr\/news\/2013\/06\/05\/la-demande-physique-bat-les-etf-auriferes\/#primaryimage","url":"https:\/\/www.gold.fr\/news\/wp-content\/uploads\/2011\/12\/86196467.jpg","contentUrl":"https:\/\/www.gold.fr\/news\/wp-content\/uploads\/2011\/12\/86196467.jpg","width":"600","height":"400","caption":"L\u2019once se d\u00e9fend bien malgr\u00e9 la hausse du taux directeur"},{"@type":"BreadcrumbList","@id":"https:\/\/www.gold.fr\/news\/2013\/06\/05\/la-demande-physique-bat-les-etf-auriferes\/#breadcrumb","itemListElement":[{"@type":"ListItem","position":1,"name":"Accueil","item":"https:\/\/www.gold.fr\/"},{"@type":"ListItem","position":2,"name":"Actualit\u00e9s","item":"https:\/\/www.gold.fr\/news\/"},{"@type":"ListItem","position":3,"name":"La demande physique bat les ETF aurif\u00e8res"}]},{"@type":"WebSite","@id":"https:\/\/www.gold.fr\/news\/#website","url":"https:\/\/www.gold.fr\/news\/","name":"Gold.fr","description":"Actualit\u00e9s de l&#039;Or et des m\u00e9taux pr\u00e9cieux","potentialAction":[{"@type":"SearchAction","target":{"@type":"EntryPoint","urlTemplate":"https:\/\/www.gold.fr\/news\/?s={search_term_string}"},"query-input":{"@type":"PropertyValueSpecification","valueRequired":true,"valueName":"search_term_string"}}],"inLanguage":"fr-FR"},{"@type":"Person","@id":"https:\/\/www.gold.fr\/news\/#\/schema\/person\/070491b4b4fb7671bf59b3be20302ce9","name":"Comptoir National de l'Or","image":{"@type":"ImageObject","inLanguage":"fr-FR","@id":"https:\/\/secure.gravatar.com\/avatar\/0a2867fd5abe37bed95d5a65e9d58f01756e11efc68af9888dfc50cfa7f65948?s=96&d=mm&r=gb490554db0a38188709de567aa58480d","url":"https:\/\/secure.gravatar.com\/avatar\/0a2867fd5abe37bed95d5a65e9d58f01756e11efc68af9888dfc50cfa7f65948?s=96&d=mm&r=g","contentUrl":"https:\/\/secure.gravatar.com\/avatar\/0a2867fd5abe37bed95d5a65e9d58f01756e11efc68af9888dfc50cfa7f65948?s=96&d=mm&r=g","caption":"Comptoir National de l'Or"},"description":"Notre r\u00e9daction est constitu\u00e9e de membres experts dans les m\u00e9tiers de l'\u00e9conomie et la gestion, des Responsables d'agence Comptoir National de l'Or, des analystes financiers qui publient r\u00e9guli\u00e8rement des \u00e9tudes sur les politiques des banques centrales, le cours de l'or, prix de l'or, cours de l'argent, prix de l'argent, cours du platine, cours du palladium,... la situation en zone euro et l'impact de la strat\u00e9gie mon\u00e9taire de la FED. Notre \u00e9quipe scrute \u00e9galement une information plus g\u00e9n\u00e9raliste \u00e0 la recherche d'actualit\u00e9 \"p\u00e9pite\" \u00e0 vous partager. Depuis 5 ans, nous avons publi\u00e9 un peu plus de 4000 articles qui s'adressent \u00e0 un public large et vari\u00e9 ayant pour objectif de satisfaire votre curiosit\u00e9 et de partager avec vous une certaine fascination pour le m\u00e9tal jaune, le rachat d'or, et pour ceux qui veulent investir dans l'or, vendre leur or tout simplement en savoir plus... Pour tous vos achat or et argent, n'h\u00e9sitez pas \u00e0 prendre rendez-vous dans l'un de nos nombreux comptoirs.","sameAs":["https:\/\/www.gold.fr"]}]}},"authors":[{"term_id":2565,"user_id":18,"is_guest":0,"slug":"julie","display_name":"Comptoir National de l'Or","avatar_url":"https:\/\/secure.gravatar.com\/avatar\/713f289e398d35ead876c4a4cc08607f0d6d266058cfc25683fffb6092d0e572?s=96&d=mm&r=g","0":null,"1":"","2":"","3":"","4":"","5":"","6":"","7":"","8":""}],"_links":{"self":[{"href":"https:\/\/www.gold.fr\/news\/wp-json\/wp\/v2\/posts\/11856","targetHints":{"allow":["GET"]}}],"collection":[{"href":"https:\/\/www.gold.fr\/news\/wp-json\/wp\/v2\/posts"}],"about":[{"href":"https:\/\/www.gold.fr\/news\/wp-json\/wp\/v2\/types\/post"}],"author":[{"embeddable":true,"href":"https:\/\/www.gold.fr\/news\/wp-json\/wp\/v2\/users\/18"}],"replies":[{"embeddable":true,"href":"https:\/\/www.gold.fr\/news\/wp-json\/wp\/v2\/comments?post=11856"}],"version-history":[{"count":0,"href":"https:\/\/www.gold.fr\/news\/wp-json\/wp\/v2\/posts\/11856\/revisions"}],"wp:featuredmedia":[{"embeddable":true,"href":"https:\/\/www.gold.fr\/news\/wp-json\/wp\/v2\/media\/4089"}],"wp:attachment":[{"href":"https:\/\/www.gold.fr\/news\/wp-json\/wp\/v2\/media?parent=11856"}],"wp:term":[{"taxonomy":"category","embeddable":true,"href":"https:\/\/www.gold.fr\/news\/wp-json\/wp\/v2\/categories?post=11856"},{"taxonomy":"post_tag","embeddable":true,"href":"https:\/\/www.gold.fr\/news\/wp-json\/wp\/v2\/tags?post=11856"},{"taxonomy":"author","embeddable":true,"href":"https:\/\/www.gold.fr\/news\/wp-json\/wp\/v2\/ppma_author?post=11856"}],"curies":[{"name":"wp","href":"https:\/\/api.w.org\/{rel}","templated":true}]}}