{"id":11854,"date":"2013-06-04T17:00:17","date_gmt":"2013-06-04T15:00:17","guid":{"rendered":"https:\/\/www.gold.fr\/news\/?p=11854"},"modified":"2017-11-02T11:33:43","modified_gmt":"2017-11-02T10:33:43","slug":"la-demande-mondiale-continue-a-booster-les-prix","status":"publish","type":"post","link":"https:\/\/www.gold.fr\/news\/2013\/06\/04\/la-demande-mondiale-continue-a-booster-les-prix\/","title":{"rendered":"La demande mondiale continue \u00e0 booster les prix"},"content":{"rendered":"<p><span style=\"font-size: small;\"><img loading=\"lazy\" decoding=\"async\" class=\"alignleft size-thumbnail wp-image-4998\" title=\"La demande mondiale continue \u00e0 booster les prix\" src=\"https:\/\/www.gold.fr\/news\/wp-content\/uploads\/2010\/12\/or-monde-150x150.jpg\" alt=\"\" width=\"150\" height=\"150\" \/>C&rsquo;est la s\u00e9ance de <a title=\"L\u2019or effleure et d\u00e9passe les 1 400 dollars l\u2019once\" href=\"https:\/\/www.gold.fr\/news\/2013\/05\/30\/lor-effleure-et-depasse-les-1-400-dollars-lonce\/11830\/\" target=\"_blank\">jeudi (30 mai)<\/a> qui avait apport\u00e9 les premiers signes de la reprise tant attendue du march\u00e9 aurif\u00e8re. L&rsquo;<a href='https:\/\/www.gold.fr\/news\/tags\/or' class='esk-seo-plu-link'>or<\/a> quitte enfin son creux prolong\u00e9, dans lequel il tentait de se stabiliser depuis deux semaines, et brise la r\u00e9sistance particuli\u00e8rement solide des <strong>1400 dollars<\/strong>, dans un grand et glorieux fracas haussier.<\/span>    <span style=\"font-size: small;\"> Et les intervenants et analystes du march\u00e9 s&rsquo;accordent au moins sur un fait simple ; cette reprise est, en grande partie, due \u00e0 une demande physique mondiale d&rsquo;une tr\u00e8s fid\u00e8le solidit\u00e9, notamment la demande sur <a title=\"Pi\u00e8ces d'Or\" href=\"https:\/\/www.gold.fr\/napoleon-or-20-francs-louis-or\/\" target=\"_blank\">les pi\u00e8ces d\u2019or<\/a> et les lingots.<\/span>    <span style=\"font-size: small;\"> Pourtant, \u00e0 ce jour, les observateurs continuent \u00e0 se heurter au mur de silence et de discr\u00e9tion que leur oppose les deux plus grands importateurs de <a href='https:\/\/www.gold.fr\/news\/tags\/or' class='esk-seo-plu-link'>m\u00e9tal jaune<\/a>, dans le monde ; <a title=\"L\u2019Inde maintient son engouement\u2026en d\u00e9pit de son gouvernement\" href=\"https:\/\/www.gold.fr\/news\/2013\/06\/04\/linde-maintient-son-engouementen-depit-de-son-gouvernement\/11851\/\" target=\"_blank\">l\u2019Inde<\/a> et la Chine. Aucun (ou tr\u00e8s peu) de rapports chiffr\u00e9s sont publi\u00e9s ou fournis par ces deux gouvernements qui prot\u00e8gent jalousement ces donn\u00e9es dont l&rsquo;importance suscite pourtant un int\u00e9r\u00eat inlassable.<\/span>    <span style=\"font-size: small;\"> Du coup, les analystes se retrouvent r\u00e9duits \u00e0 \u00e9mettre de vagues sp\u00e9culations, comme c&rsquo;est le cas, par exemple, du fondeur-affineur allemand <strong>Heraeus<\/strong> qui soulignait, au d\u00e9but de cette semaine que \u00ab <em>la demande de lingots de m\u00e9taux pr\u00e9cieux se maintient \u00e0 un niveau \u00e9lev\u00e9<\/em> \u00bb.<\/span>    <span style=\"font-size: small;\"> Par ailleurs, MKS indiquait \u00e9galement que \u00ab <em>l&rsquo;encours de <a title=\"Lingot d'Or\" href=\"https:\/\/www.gold.fr\/lingot-1-kg\/\" target=\"_blank\">lingots<\/a> formant la contrepartie du premier ETF aurif\u00e8re au monde, le <strong>SPDR Gold Shares<\/strong> am\u00e9ricain, \u00e9tait stable (mercredi, elle \u00e9tait \u00e0 <strong>1.051,6 tonnes<\/strong>)<\/em> \u00bb.<\/span><\/p>\n<!-- AddThis Advanced Settings generic via filter on the_content --><!-- AddThis Share Buttons generic via filter on the_content -->","protected":false},"excerpt":{"rendered":"<p>C&rsquo;est la s\u00e9ance de jeudi (30 mai) qui avait apport\u00e9 les premiers signes de la reprise tant attendue du march\u00e9 aurif\u00e8re. L&rsquo;or quitte enfin son creux prolong\u00e9, dans lequel il tentait de se stabiliser depuis deux [&hellip;]<\/p>\n","protected":false},"author":18,"featured_media":4998,"comment_status":"open","ping_status":"open","sticky":false,"template":"","format":"standard","meta":{"_mbp_gutenberg_autopost":false,"_pgmb_is_evergreen":false,"_pgmb_ap_template_id":0,"footnotes":""},"categories":[6],"tags":[961,137,1349,91,83],"ppma_author":[2565],"class_list":["post-11854","post","type-post","status-publish","format-standard","has-post-thumbnail","hentry","category-articles-de-presse","tag-cours-or","tag-demande-dor","tag-lingot","tag-piece-dor","tag-prix-de-lor"],"yoast_head":"<!-- This site is optimized with the Yoast SEO plugin v27.5 - https:\/\/yoast.com\/product\/yoast-seo-wordpress\/ -->\n<title>La demande mondiale continue \u00e0 booster les prix - Gold.fr<\/title>\n<meta name=\"robots\" content=\"index, follow, max-snippet:-1, max-image-preview:large, max-video-preview:-1\" \/>\n<link rel=\"canonical\" href=\"https:\/\/www.gold.fr\/news\/2013\/06\/04\/la-demande-mondiale-continue-a-booster-les-prix\/\" \/>\n<meta property=\"og:locale\" content=\"fr_FR\" \/>\n<meta property=\"og:type\" content=\"article\" \/>\n<meta property=\"og:title\" content=\"La demande mondiale continue \u00e0 booster les prix - Gold.fr\" \/>\n<meta property=\"og:description\" content=\"C&rsquo;est la s\u00e9ance de jeudi (30 mai) qui avait apport\u00e9 les premiers signes de la reprise tant attendue du march\u00e9 aurif\u00e8re. L&rsquo;or quitte enfin son creux prolong\u00e9, dans lequel il tentait de se stabiliser depuis deux [&hellip;]\" \/>\n<meta property=\"og:url\" content=\"https:\/\/www.gold.fr\/news\/2013\/06\/04\/la-demande-mondiale-continue-a-booster-les-prix\/\" \/>\n<meta property=\"og:site_name\" content=\"Gold.fr\" \/>\n<meta property=\"article:publisher\" content=\"https:\/\/www.facebook.com\/Goldfr\/\" \/>\n<meta property=\"article:published_time\" content=\"2013-06-04T15:00:17+00:00\" \/>\n<meta property=\"article:modified_time\" content=\"2017-11-02T10:33:43+00:00\" \/>\n<meta property=\"og:image\" content=\"https:\/\/www.gold.fr\/news\/wp-content\/uploads\/2010\/12\/or-monde.jpg\" \/>\n\t<meta property=\"og:image:width\" content=\"600\" \/>\n\t<meta property=\"og:image:height\" content=\"470\" \/>\n\t<meta property=\"og:image:type\" content=\"image\/jpeg\" \/>\n<meta name=\"author\" content=\"Comptoir National de l&#039;Or\" \/>\n<meta name=\"twitter:card\" content=\"summary_large_image\" \/>\n<meta name=\"twitter:label1\" content=\"\u00c9crit par\" \/>\n\t<meta name=\"twitter:data1\" content=\"Comptoir National de l&#039;Or\" \/>\n\t<meta name=\"twitter:label2\" content=\"Dur\u00e9e de lecture estim\u00e9e\" \/>\n\t<meta name=\"twitter:data2\" content=\"1 minute\" \/>\n<script type=\"application\/ld+json\" class=\"yoast-schema-graph\">{\"@context\":\"https:\\\/\\\/schema.org\",\"@graph\":[{\"@type\":\"Article\",\"@id\":\"https:\\\/\\\/www.gold.fr\\\/news\\\/2013\\\/06\\\/04\\\/la-demande-mondiale-continue-a-booster-les-prix\\\/#article\",\"isPartOf\":{\"@id\":\"https:\\\/\\\/www.gold.fr\\\/news\\\/2013\\\/06\\\/04\\\/la-demande-mondiale-continue-a-booster-les-prix\\\/\"},\"author\":{\"name\":\"Comptoir National de l'Or\",\"@id\":\"https:\\\/\\\/www.gold.fr\\\/news\\\/#\\\/schema\\\/person\\\/070491b4b4fb7671bf59b3be20302ce9\"},\"headline\":\"La demande mondiale continue \u00e0 booster les prix\",\"datePublished\":\"2013-06-04T15:00:17+00:00\",\"dateModified\":\"2017-11-02T10:33:43+00:00\",\"mainEntityOfPage\":{\"@id\":\"https:\\\/\\\/www.gold.fr\\\/news\\\/2013\\\/06\\\/04\\\/la-demande-mondiale-continue-a-booster-les-prix\\\/\"},\"wordCount\":259,\"commentCount\":0,\"image\":{\"@id\":\"https:\\\/\\\/www.gold.fr\\\/news\\\/2013\\\/06\\\/04\\\/la-demande-mondiale-continue-a-booster-les-prix\\\/#primaryimage\"},\"thumbnailUrl\":\"https:\\\/\\\/www.gold.fr\\\/news\\\/wp-content\\\/uploads\\\/2010\\\/12\\\/or-monde.jpg\",\"keywords\":[\"cours or\",\"demande d'or\",\"lingot\",\"Pi\u00e8ce d'Or\",\"prix de l'or\"],\"articleSection\":[\"Articles de presse\"],\"inLanguage\":\"fr-FR\"},{\"@type\":\"WebPage\",\"@id\":\"https:\\\/\\\/www.gold.fr\\\/news\\\/2013\\\/06\\\/04\\\/la-demande-mondiale-continue-a-booster-les-prix\\\/\",\"url\":\"https:\\\/\\\/www.gold.fr\\\/news\\\/2013\\\/06\\\/04\\\/la-demande-mondiale-continue-a-booster-les-prix\\\/\",\"name\":\"La demande mondiale continue \u00e0 booster les prix - Gold.fr\",\"isPartOf\":{\"@id\":\"https:\\\/\\\/www.gold.fr\\\/news\\\/#website\"},\"primaryImageOfPage\":{\"@id\":\"https:\\\/\\\/www.gold.fr\\\/news\\\/2013\\\/06\\\/04\\\/la-demande-mondiale-continue-a-booster-les-prix\\\/#primaryimage\"},\"image\":{\"@id\":\"https:\\\/\\\/www.gold.fr\\\/news\\\/2013\\\/06\\\/04\\\/la-demande-mondiale-continue-a-booster-les-prix\\\/#primaryimage\"},\"thumbnailUrl\":\"https:\\\/\\\/www.gold.fr\\\/news\\\/wp-content\\\/uploads\\\/2010\\\/12\\\/or-monde.jpg\",\"datePublished\":\"2013-06-04T15:00:17+00:00\",\"dateModified\":\"2017-11-02T10:33:43+00:00\",\"author\":{\"@id\":\"https:\\\/\\\/www.gold.fr\\\/news\\\/#\\\/schema\\\/person\\\/070491b4b4fb7671bf59b3be20302ce9\"},\"breadcrumb\":{\"@id\":\"https:\\\/\\\/www.gold.fr\\\/news\\\/2013\\\/06\\\/04\\\/la-demande-mondiale-continue-a-booster-les-prix\\\/#breadcrumb\"},\"inLanguage\":\"fr-FR\",\"potentialAction\":[{\"@type\":\"ReadAction\",\"target\":[\"https:\\\/\\\/www.gold.fr\\\/news\\\/2013\\\/06\\\/04\\\/la-demande-mondiale-continue-a-booster-les-prix\\\/\"]}]},{\"@type\":\"ImageObject\",\"inLanguage\":\"fr-FR\",\"@id\":\"https:\\\/\\\/www.gold.fr\\\/news\\\/2013\\\/06\\\/04\\\/la-demande-mondiale-continue-a-booster-les-prix\\\/#primaryimage\",\"url\":\"https:\\\/\\\/www.gold.fr\\\/news\\\/wp-content\\\/uploads\\\/2010\\\/12\\\/or-monde.jpg\",\"contentUrl\":\"https:\\\/\\\/www.gold.fr\\\/news\\\/wp-content\\\/uploads\\\/2010\\\/12\\\/or-monde.jpg\",\"width\":\"600\",\"height\":\"470\"},{\"@type\":\"BreadcrumbList\",\"@id\":\"https:\\\/\\\/www.gold.fr\\\/news\\\/2013\\\/06\\\/04\\\/la-demande-mondiale-continue-a-booster-les-prix\\\/#breadcrumb\",\"itemListElement\":[{\"@type\":\"ListItem\",\"position\":1,\"name\":\"Accueil\",\"item\":\"https:\\\/\\\/www.gold.fr\\\/\"},{\"@type\":\"ListItem\",\"position\":2,\"name\":\"Actualit\u00e9s\",\"item\":\"https:\\\/\\\/www.gold.fr\\\/news\\\/\"},{\"@type\":\"ListItem\",\"position\":3,\"name\":\"La demande mondiale continue \u00e0 booster les prix\"}]},{\"@type\":\"WebSite\",\"@id\":\"https:\\\/\\\/www.gold.fr\\\/news\\\/#website\",\"url\":\"https:\\\/\\\/www.gold.fr\\\/news\\\/\",\"name\":\"Gold.fr\",\"description\":\"Actualit\u00e9s de l&#039;Or et des m\u00e9taux pr\u00e9cieux\",\"potentialAction\":[{\"@type\":\"SearchAction\",\"target\":{\"@type\":\"EntryPoint\",\"urlTemplate\":\"https:\\\/\\\/www.gold.fr\\\/news\\\/?s={search_term_string}\"},\"query-input\":{\"@type\":\"PropertyValueSpecification\",\"valueRequired\":true,\"valueName\":\"search_term_string\"}}],\"inLanguage\":\"fr-FR\"},{\"@type\":\"Person\",\"@id\":\"https:\\\/\\\/www.gold.fr\\\/news\\\/#\\\/schema\\\/person\\\/070491b4b4fb7671bf59b3be20302ce9\",\"name\":\"Comptoir National de l'Or\",\"image\":{\"@type\":\"ImageObject\",\"inLanguage\":\"fr-FR\",\"@id\":\"https:\\\/\\\/secure.gravatar.com\\\/avatar\\\/0a2867fd5abe37bed95d5a65e9d58f01756e11efc68af9888dfc50cfa7f65948?s=96&d=mm&r=gb490554db0a38188709de567aa58480d\",\"url\":\"https:\\\/\\\/secure.gravatar.com\\\/avatar\\\/0a2867fd5abe37bed95d5a65e9d58f01756e11efc68af9888dfc50cfa7f65948?s=96&d=mm&r=g\",\"contentUrl\":\"https:\\\/\\\/secure.gravatar.com\\\/avatar\\\/0a2867fd5abe37bed95d5a65e9d58f01756e11efc68af9888dfc50cfa7f65948?s=96&d=mm&r=g\",\"caption\":\"Comptoir National de l'Or\"},\"description\":\"Notre r\u00e9daction est constitu\u00e9e de membres experts dans les m\u00e9tiers de l'\u00e9conomie et la gestion, des Responsables d'agence Comptoir National de l'Or, des analystes financiers qui publient r\u00e9guli\u00e8rement des \u00e9tudes sur les politiques des banques centrales, le cours de l'or, prix de l'or, cours de l'argent, prix de l'argent, cours du platine, cours du palladium,... la situation en zone euro et l'impact de la strat\u00e9gie mon\u00e9taire de la FED. Notre \u00e9quipe scrute \u00e9galement une information plus g\u00e9n\u00e9raliste \u00e0 la recherche d'actualit\u00e9 \\\"p\u00e9pite\\\" \u00e0 vous partager. Depuis 5 ans, nous avons publi\u00e9 un peu plus de 4000 articles qui s'adressent \u00e0 un public large et vari\u00e9 ayant pour objectif de satisfaire votre curiosit\u00e9 et de partager avec vous une certaine fascination pour le m\u00e9tal jaune, le rachat d'or, et pour ceux qui veulent investir dans l'or, vendre leur or tout simplement en savoir plus... Pour tous vos achat or et argent, n'h\u00e9sitez pas \u00e0 prendre rendez-vous dans l'un de nos nombreux comptoirs.\",\"sameAs\":[\"https:\\\/\\\/www.gold.fr\"]}]}<\/script>\n<!-- \/ Yoast SEO plugin. -->","yoast_head_json":{"title":"La demande mondiale continue \u00e0 booster les prix - Gold.fr","robots":{"index":"index","follow":"follow","max-snippet":"max-snippet:-1","max-image-preview":"max-image-preview:large","max-video-preview":"max-video-preview:-1"},"canonical":"https:\/\/www.gold.fr\/news\/2013\/06\/04\/la-demande-mondiale-continue-a-booster-les-prix\/","og_locale":"fr_FR","og_type":"article","og_title":"La demande mondiale continue \u00e0 booster les prix - Gold.fr","og_description":"C&rsquo;est la s\u00e9ance de jeudi (30 mai) qui avait apport\u00e9 les premiers signes de la reprise tant attendue du march\u00e9 aurif\u00e8re. L&rsquo;or quitte enfin son creux prolong\u00e9, dans lequel il tentait de se stabiliser depuis deux [&hellip;]","og_url":"https:\/\/www.gold.fr\/news\/2013\/06\/04\/la-demande-mondiale-continue-a-booster-les-prix\/","og_site_name":"Gold.fr","article_publisher":"https:\/\/www.facebook.com\/Goldfr\/","article_published_time":"2013-06-04T15:00:17+00:00","article_modified_time":"2017-11-02T10:33:43+00:00","og_image":[{"width":600,"height":470,"url":"https:\/\/www.gold.fr\/news\/wp-content\/uploads\/2010\/12\/or-monde.jpg","type":"image\/jpeg"}],"author":"Comptoir National de l'Or","twitter_card":"summary_large_image","twitter_misc":{"\u00c9crit par":"Comptoir National de l'Or","Dur\u00e9e de lecture estim\u00e9e":"1 minute"},"schema":{"@context":"https:\/\/schema.org","@graph":[{"@type":"Article","@id":"https:\/\/www.gold.fr\/news\/2013\/06\/04\/la-demande-mondiale-continue-a-booster-les-prix\/#article","isPartOf":{"@id":"https:\/\/www.gold.fr\/news\/2013\/06\/04\/la-demande-mondiale-continue-a-booster-les-prix\/"},"author":{"name":"Comptoir National de l'Or","@id":"https:\/\/www.gold.fr\/news\/#\/schema\/person\/070491b4b4fb7671bf59b3be20302ce9"},"headline":"La demande mondiale continue \u00e0 booster les prix","datePublished":"2013-06-04T15:00:17+00:00","dateModified":"2017-11-02T10:33:43+00:00","mainEntityOfPage":{"@id":"https:\/\/www.gold.fr\/news\/2013\/06\/04\/la-demande-mondiale-continue-a-booster-les-prix\/"},"wordCount":259,"commentCount":0,"image":{"@id":"https:\/\/www.gold.fr\/news\/2013\/06\/04\/la-demande-mondiale-continue-a-booster-les-prix\/#primaryimage"},"thumbnailUrl":"https:\/\/www.gold.fr\/news\/wp-content\/uploads\/2010\/12\/or-monde.jpg","keywords":["cours or","demande d'or","lingot","Pi\u00e8ce d'Or","prix de l'or"],"articleSection":["Articles de presse"],"inLanguage":"fr-FR"},{"@type":"WebPage","@id":"https:\/\/www.gold.fr\/news\/2013\/06\/04\/la-demande-mondiale-continue-a-booster-les-prix\/","url":"https:\/\/www.gold.fr\/news\/2013\/06\/04\/la-demande-mondiale-continue-a-booster-les-prix\/","name":"La demande mondiale continue \u00e0 booster les prix - Gold.fr","isPartOf":{"@id":"https:\/\/www.gold.fr\/news\/#website"},"primaryImageOfPage":{"@id":"https:\/\/www.gold.fr\/news\/2013\/06\/04\/la-demande-mondiale-continue-a-booster-les-prix\/#primaryimage"},"image":{"@id":"https:\/\/www.gold.fr\/news\/2013\/06\/04\/la-demande-mondiale-continue-a-booster-les-prix\/#primaryimage"},"thumbnailUrl":"https:\/\/www.gold.fr\/news\/wp-content\/uploads\/2010\/12\/or-monde.jpg","datePublished":"2013-06-04T15:00:17+00:00","dateModified":"2017-11-02T10:33:43+00:00","author":{"@id":"https:\/\/www.gold.fr\/news\/#\/schema\/person\/070491b4b4fb7671bf59b3be20302ce9"},"breadcrumb":{"@id":"https:\/\/www.gold.fr\/news\/2013\/06\/04\/la-demande-mondiale-continue-a-booster-les-prix\/#breadcrumb"},"inLanguage":"fr-FR","potentialAction":[{"@type":"ReadAction","target":["https:\/\/www.gold.fr\/news\/2013\/06\/04\/la-demande-mondiale-continue-a-booster-les-prix\/"]}]},{"@type":"ImageObject","inLanguage":"fr-FR","@id":"https:\/\/www.gold.fr\/news\/2013\/06\/04\/la-demande-mondiale-continue-a-booster-les-prix\/#primaryimage","url":"https:\/\/www.gold.fr\/news\/wp-content\/uploads\/2010\/12\/or-monde.jpg","contentUrl":"https:\/\/www.gold.fr\/news\/wp-content\/uploads\/2010\/12\/or-monde.jpg","width":"600","height":"470"},{"@type":"BreadcrumbList","@id":"https:\/\/www.gold.fr\/news\/2013\/06\/04\/la-demande-mondiale-continue-a-booster-les-prix\/#breadcrumb","itemListElement":[{"@type":"ListItem","position":1,"name":"Accueil","item":"https:\/\/www.gold.fr\/"},{"@type":"ListItem","position":2,"name":"Actualit\u00e9s","item":"https:\/\/www.gold.fr\/news\/"},{"@type":"ListItem","position":3,"name":"La demande mondiale continue \u00e0 booster les prix"}]},{"@type":"WebSite","@id":"https:\/\/www.gold.fr\/news\/#website","url":"https:\/\/www.gold.fr\/news\/","name":"Gold.fr","description":"Actualit\u00e9s de l&#039;Or et des m\u00e9taux pr\u00e9cieux","potentialAction":[{"@type":"SearchAction","target":{"@type":"EntryPoint","urlTemplate":"https:\/\/www.gold.fr\/news\/?s={search_term_string}"},"query-input":{"@type":"PropertyValueSpecification","valueRequired":true,"valueName":"search_term_string"}}],"inLanguage":"fr-FR"},{"@type":"Person","@id":"https:\/\/www.gold.fr\/news\/#\/schema\/person\/070491b4b4fb7671bf59b3be20302ce9","name":"Comptoir National de l'Or","image":{"@type":"ImageObject","inLanguage":"fr-FR","@id":"https:\/\/secure.gravatar.com\/avatar\/0a2867fd5abe37bed95d5a65e9d58f01756e11efc68af9888dfc50cfa7f65948?s=96&d=mm&r=gb490554db0a38188709de567aa58480d","url":"https:\/\/secure.gravatar.com\/avatar\/0a2867fd5abe37bed95d5a65e9d58f01756e11efc68af9888dfc50cfa7f65948?s=96&d=mm&r=g","contentUrl":"https:\/\/secure.gravatar.com\/avatar\/0a2867fd5abe37bed95d5a65e9d58f01756e11efc68af9888dfc50cfa7f65948?s=96&d=mm&r=g","caption":"Comptoir National de l'Or"},"description":"Notre r\u00e9daction est constitu\u00e9e de membres experts dans les m\u00e9tiers de l'\u00e9conomie et la gestion, des Responsables d'agence Comptoir National de l'Or, des analystes financiers qui publient r\u00e9guli\u00e8rement des \u00e9tudes sur les politiques des banques centrales, le cours de l'or, prix de l'or, cours de l'argent, prix de l'argent, cours du platine, cours du palladium,... la situation en zone euro et l'impact de la strat\u00e9gie mon\u00e9taire de la FED. Notre \u00e9quipe scrute \u00e9galement une information plus g\u00e9n\u00e9raliste \u00e0 la recherche d'actualit\u00e9 \"p\u00e9pite\" \u00e0 vous partager. Depuis 5 ans, nous avons publi\u00e9 un peu plus de 4000 articles qui s'adressent \u00e0 un public large et vari\u00e9 ayant pour objectif de satisfaire votre curiosit\u00e9 et de partager avec vous une certaine fascination pour le m\u00e9tal jaune, le rachat d'or, et pour ceux qui veulent investir dans l'or, vendre leur or tout simplement en savoir plus... Pour tous vos achat or et argent, n'h\u00e9sitez pas \u00e0 prendre rendez-vous dans l'un de nos nombreux comptoirs.","sameAs":["https:\/\/www.gold.fr"]}]}},"authors":[{"term_id":2565,"user_id":18,"is_guest":0,"slug":"julie","display_name":"Comptoir National de l'Or","avatar_url":"https:\/\/secure.gravatar.com\/avatar\/713f289e398d35ead876c4a4cc08607f0d6d266058cfc25683fffb6092d0e572?s=96&d=mm&r=g","0":null,"1":"","2":"","3":"","4":"","5":"","6":"","7":"","8":""}],"_links":{"self":[{"href":"https:\/\/www.gold.fr\/news\/wp-json\/wp\/v2\/posts\/11854","targetHints":{"allow":["GET"]}}],"collection":[{"href":"https:\/\/www.gold.fr\/news\/wp-json\/wp\/v2\/posts"}],"about":[{"href":"https:\/\/www.gold.fr\/news\/wp-json\/wp\/v2\/types\/post"}],"author":[{"embeddable":true,"href":"https:\/\/www.gold.fr\/news\/wp-json\/wp\/v2\/users\/18"}],"replies":[{"embeddable":true,"href":"https:\/\/www.gold.fr\/news\/wp-json\/wp\/v2\/comments?post=11854"}],"version-history":[{"count":0,"href":"https:\/\/www.gold.fr\/news\/wp-json\/wp\/v2\/posts\/11854\/revisions"}],"wp:featuredmedia":[{"embeddable":true,"href":"https:\/\/www.gold.fr\/news\/wp-json\/wp\/v2\/media\/4998"}],"wp:attachment":[{"href":"https:\/\/www.gold.fr\/news\/wp-json\/wp\/v2\/media?parent=11854"}],"wp:term":[{"taxonomy":"category","embeddable":true,"href":"https:\/\/www.gold.fr\/news\/wp-json\/wp\/v2\/categories?post=11854"},{"taxonomy":"post_tag","embeddable":true,"href":"https:\/\/www.gold.fr\/news\/wp-json\/wp\/v2\/tags?post=11854"},{"taxonomy":"author","embeddable":true,"href":"https:\/\/www.gold.fr\/news\/wp-json\/wp\/v2\/ppma_author?post=11854"}],"curies":[{"name":"wp","href":"https:\/\/api.w.org\/{rel}","templated":true}]}}