{"id":11820,"date":"2013-06-03T09:00:59","date_gmt":"2013-06-03T07:00:59","guid":{"rendered":"https:\/\/www.gold.fr\/news\/?p=11820"},"modified":"2017-11-02T11:33:44","modified_gmt":"2017-11-02T10:33:44","slug":"perspectives-de-lor-a-quand-le-retour-de-la-flambee","status":"publish","type":"post","link":"https:\/\/www.gold.fr\/news\/2013\/06\/03\/perspectives-de-lor-a-quand-le-retour-de-la-flambee\/","title":{"rendered":"Perspectives de l\u2019or : A quand le retour de la flamb\u00e9e ?"},"content":{"rendered":"<p><span style=\"font-size: small;\"><img loading=\"lazy\" decoding=\"async\" class=\"alignleft size-thumbnail wp-image-2677\" title=\"Perspectives de l\u2019or : A quand le retour de la flamb\u00e9e ?\" src=\"https:\/\/www.gold.fr\/news\/wp-content\/uploads\/2011\/10\/or-150x150.jpg\" alt=\"\" width=\"150\" height=\"150\" \/>Tr\u00e8s bient\u00f4t, si l&rsquo;on croit l&rsquo;avis des intervenants les plus influents et experts des march\u00e9s d&rsquo;investissement.<\/span>    <span style=\"font-size: small;\"> Difficile de passer \u00e0 c\u00f4t\u00e9 de la vague de repli subie par <a title=\"Le march\u00e9 aurif\u00e8re pour remplacer le march\u00e9 financier ?\" href=\"https:\/\/www.gold.fr\/news\/2013\/05\/29\/le-marche-aurifere-pour-remplacer-le-marche-financier\/11803\/\" target=\"_blank\">le march\u00e9 aurif\u00e8re<\/a>, depuis quelques semaines. Pourtant, cette r\u00e9cente \u00e9volution pr\u00e9caire n&rsquo;a pas r\u00e9ussi \u00e0 \u00e9branler la solide confiance que r\u00e9servent les \u00ab<em> plus grands<\/em> \u00bb des march\u00e9s \u00e0 la valeur du <a href='https:\/\/www.gold.fr\/news\/tags\/or' class='esk-seo-plu-link'>m\u00e9tal jaune<\/a>, insistant sur le fait que cette vague d&rsquo;instabilit\u00e9 est temporaire et que le retour de flamb\u00e9e ne saurait tarder.<\/span>    <span style=\"font-size: small;\"> Heureux g\u00e9rant du <strong>Californien Pacific Investment Management Co<\/strong> (fonds avec des encours atteignant les <strong>30 milliards de dollars<\/strong> investis en mati\u00e8res premi\u00e8res), <strong>Nic Johnson<\/strong> affirme que ce repli \u00ab <em>ne devrait plus tarder \u00e0 s&rsquo;inverser<\/em> \u00bb, et que les investisseurs devraient tr\u00e8s bient\u00f4t reprendre leurs bons reflexes, \u00e0 savoir \u00ab <em>se tourner de nouveau vers le <a href='https:\/\/www.gold.fr\/news\/tags\/or' class='esk-seo-plu-link'>m\u00e9tal jaune<\/a> comme une couverture contre l&rsquo;inflation<\/em> \u00bb. <\/span>    <span style=\"font-size: small;\"> Par ailleurs, <strong>Suki Cooper<\/strong> (analyste professionnel new-yorkais chez <strong>Barclays<\/strong>) rappelle que cette baisse <a title=\"Prix de l'Or\" href=\"https:\/\/www.gold.fr\/cours-prix-de-l-or\/\" target=\"_blank\">des cours de l\u2019or <\/a>n&rsquo;est, au fond, que le r\u00e9sultat temporaire \u00ab <em>d&rsquo;un sentiment n\u00e9gatif, tout aussi furtif, des investisseurs<\/em> \u00bb vis-\u00e0-vis des derniers graphiques pr\u00e9visionnels pessimistes, d&rsquo;o\u00f9 le ralentissement de la demande physique du <a href='https:\/\/www.gold.fr\/news\/tags\/or' class='esk-seo-plu-link'>m\u00e9tal pr\u00e9cieux<\/a>.<\/span>    <span style=\"font-size: small;\"> <a href='https:\/\/www.gold.fr\/news\/tags\/or' class='esk-seo-plu-link'>Or<\/a>, force est de constater que m\u00eame ce mouvement de ralentissement est d&rsquo;ores et d\u00e9j\u00e0 termin\u00e9, avec un retour en force de <a title=\"La baisse de l\u2019or fait le bonheur des indiens\" href=\"https:\/\/www.gold.fr\/news\/2013\/05\/30\/la-baisse-de-lor-fait-le-bonheur-des-indiens\/11813\/\" target=\"_blank\">la demande <strong>asiatique<\/strong><\/a>, <strong>mexicaine<\/strong> et <strong>europ\u00e9enne<\/strong>.<\/span><\/p>\n<!-- AddThis Advanced Settings generic via filter on the_content --><!-- AddThis Share Buttons generic via filter on the_content -->","protected":false},"excerpt":{"rendered":"<p>Tr\u00e8s bient\u00f4t, si l&rsquo;on croit l&rsquo;avis des intervenants les plus influents et experts des march\u00e9s d&rsquo;investissement. Difficile de passer \u00e0 c\u00f4t\u00e9 de la vague de repli subie par le march\u00e9 aurif\u00e8re, depuis quelques semaines. Pourtant, cette [&hellip;]<\/p>\n","protected":false},"author":18,"featured_media":2677,"comment_status":"open","ping_status":"open","sticky":false,"template":"","format":"standard","meta":{"_mbp_gutenberg_autopost":false,"_pgmb_is_evergreen":false,"_pgmb_ap_template_id":0,"footnotes":""},"categories":[6],"tags":[999,1167,1291,1047,84],"ppma_author":[2565],"class_list":["post-11820","post","type-post","status-publish","format-standard","has-post-thumbnail","hentry","category-articles-de-presse","tag-demande-asiatique","tag-evolution-or","tag-flambee-or","tag-marche-aurifere","tag-cours-de-lor"],"yoast_head":"<!-- This site is optimized with the Yoast SEO plugin v27.5 - https:\/\/yoast.com\/product\/yoast-seo-wordpress\/ -->\n<title>Perspectives de l\u2019or : A quand le retour de la flamb\u00e9e ? - Gold.fr<\/title>\n<meta name=\"robots\" content=\"index, follow, max-snippet:-1, max-image-preview:large, max-video-preview:-1\" \/>\n<link rel=\"canonical\" href=\"https:\/\/www.gold.fr\/news\/2013\/06\/03\/perspectives-de-lor-a-quand-le-retour-de-la-flambee\/\" \/>\n<meta property=\"og:locale\" content=\"fr_FR\" \/>\n<meta property=\"og:type\" content=\"article\" \/>\n<meta property=\"og:title\" content=\"Perspectives de l\u2019or : A quand le retour de la flamb\u00e9e ? - Gold.fr\" \/>\n<meta property=\"og:description\" content=\"Tr\u00e8s bient\u00f4t, si l&rsquo;on croit l&rsquo;avis des intervenants les plus influents et experts des march\u00e9s d&rsquo;investissement. Difficile de passer \u00e0 c\u00f4t\u00e9 de la vague de repli subie par le march\u00e9 aurif\u00e8re, depuis quelques semaines. Pourtant, cette [&hellip;]\" \/>\n<meta property=\"og:url\" content=\"https:\/\/www.gold.fr\/news\/2013\/06\/03\/perspectives-de-lor-a-quand-le-retour-de-la-flambee\/\" \/>\n<meta property=\"og:site_name\" content=\"Gold.fr\" \/>\n<meta property=\"article:publisher\" content=\"https:\/\/www.facebook.com\/Goldfr\/\" \/>\n<meta property=\"article:published_time\" content=\"2013-06-03T07:00:59+00:00\" \/>\n<meta property=\"article:modified_time\" content=\"2017-11-02T10:33:44+00:00\" \/>\n<meta property=\"og:image\" content=\"https:\/\/www.gold.fr\/news\/wp-content\/uploads\/2011\/10\/or.jpg\" \/>\n\t<meta property=\"og:image:width\" content=\"600\" \/>\n\t<meta property=\"og:image:height\" content=\"515\" \/>\n\t<meta property=\"og:image:type\" content=\"image\/jpeg\" \/>\n<meta name=\"author\" content=\"Comptoir National de l&#039;Or\" \/>\n<meta name=\"twitter:card\" content=\"summary_large_image\" \/>\n<meta name=\"twitter:label1\" content=\"\u00c9crit par\" \/>\n\t<meta name=\"twitter:data1\" content=\"Comptoir National de l&#039;Or\" \/>\n\t<meta name=\"twitter:label2\" content=\"Dur\u00e9e de lecture estim\u00e9e\" \/>\n\t<meta name=\"twitter:data2\" content=\"1 minute\" \/>\n<script type=\"application\/ld+json\" class=\"yoast-schema-graph\">{\"@context\":\"https:\\\/\\\/schema.org\",\"@graph\":[{\"@type\":\"Article\",\"@id\":\"https:\\\/\\\/www.gold.fr\\\/news\\\/2013\\\/06\\\/03\\\/perspectives-de-lor-a-quand-le-retour-de-la-flambee\\\/#article\",\"isPartOf\":{\"@id\":\"https:\\\/\\\/www.gold.fr\\\/news\\\/2013\\\/06\\\/03\\\/perspectives-de-lor-a-quand-le-retour-de-la-flambee\\\/\"},\"author\":{\"name\":\"Comptoir National de l'Or\",\"@id\":\"https:\\\/\\\/www.gold.fr\\\/news\\\/#\\\/schema\\\/person\\\/070491b4b4fb7671bf59b3be20302ce9\"},\"headline\":\"Perspectives de l\u2019or : A quand le retour de la flamb\u00e9e ?\",\"datePublished\":\"2013-06-03T07:00:59+00:00\",\"dateModified\":\"2017-11-02T10:33:44+00:00\",\"mainEntityOfPage\":{\"@id\":\"https:\\\/\\\/www.gold.fr\\\/news\\\/2013\\\/06\\\/03\\\/perspectives-de-lor-a-quand-le-retour-de-la-flambee\\\/\"},\"wordCount\":260,\"commentCount\":0,\"image\":{\"@id\":\"https:\\\/\\\/www.gold.fr\\\/news\\\/2013\\\/06\\\/03\\\/perspectives-de-lor-a-quand-le-retour-de-la-flambee\\\/#primaryimage\"},\"thumbnailUrl\":\"https:\\\/\\\/www.gold.fr\\\/news\\\/wp-content\\\/uploads\\\/2011\\\/10\\\/or.jpg\",\"keywords\":[\"demande asiatique\",\"evolution or\",\"flamb\u00e9e or\",\"march\u00e9 aurif\u00e8re\",\"Tout Cours de l'Or\"],\"articleSection\":[\"Articles de presse\"],\"inLanguage\":\"fr-FR\"},{\"@type\":\"WebPage\",\"@id\":\"https:\\\/\\\/www.gold.fr\\\/news\\\/2013\\\/06\\\/03\\\/perspectives-de-lor-a-quand-le-retour-de-la-flambee\\\/\",\"url\":\"https:\\\/\\\/www.gold.fr\\\/news\\\/2013\\\/06\\\/03\\\/perspectives-de-lor-a-quand-le-retour-de-la-flambee\\\/\",\"name\":\"Perspectives de l\u2019or : A quand le retour de la flamb\u00e9e ? - Gold.fr\",\"isPartOf\":{\"@id\":\"https:\\\/\\\/www.gold.fr\\\/news\\\/#website\"},\"primaryImageOfPage\":{\"@id\":\"https:\\\/\\\/www.gold.fr\\\/news\\\/2013\\\/06\\\/03\\\/perspectives-de-lor-a-quand-le-retour-de-la-flambee\\\/#primaryimage\"},\"image\":{\"@id\":\"https:\\\/\\\/www.gold.fr\\\/news\\\/2013\\\/06\\\/03\\\/perspectives-de-lor-a-quand-le-retour-de-la-flambee\\\/#primaryimage\"},\"thumbnailUrl\":\"https:\\\/\\\/www.gold.fr\\\/news\\\/wp-content\\\/uploads\\\/2011\\\/10\\\/or.jpg\",\"datePublished\":\"2013-06-03T07:00:59+00:00\",\"dateModified\":\"2017-11-02T10:33:44+00:00\",\"author\":{\"@id\":\"https:\\\/\\\/www.gold.fr\\\/news\\\/#\\\/schema\\\/person\\\/070491b4b4fb7671bf59b3be20302ce9\"},\"breadcrumb\":{\"@id\":\"https:\\\/\\\/www.gold.fr\\\/news\\\/2013\\\/06\\\/03\\\/perspectives-de-lor-a-quand-le-retour-de-la-flambee\\\/#breadcrumb\"},\"inLanguage\":\"fr-FR\",\"potentialAction\":[{\"@type\":\"ReadAction\",\"target\":[\"https:\\\/\\\/www.gold.fr\\\/news\\\/2013\\\/06\\\/03\\\/perspectives-de-lor-a-quand-le-retour-de-la-flambee\\\/\"]}]},{\"@type\":\"ImageObject\",\"inLanguage\":\"fr-FR\",\"@id\":\"https:\\\/\\\/www.gold.fr\\\/news\\\/2013\\\/06\\\/03\\\/perspectives-de-lor-a-quand-le-retour-de-la-flambee\\\/#primaryimage\",\"url\":\"https:\\\/\\\/www.gold.fr\\\/news\\\/wp-content\\\/uploads\\\/2011\\\/10\\\/or.jpg\",\"contentUrl\":\"https:\\\/\\\/www.gold.fr\\\/news\\\/wp-content\\\/uploads\\\/2011\\\/10\\\/or.jpg\",\"width\":\"600\",\"height\":\"515\",\"caption\":\"March\u00e9 de l\u2019or : Perspectives haussi\u00e8res \u00e0 moyen terme\"},{\"@type\":\"BreadcrumbList\",\"@id\":\"https:\\\/\\\/www.gold.fr\\\/news\\\/2013\\\/06\\\/03\\\/perspectives-de-lor-a-quand-le-retour-de-la-flambee\\\/#breadcrumb\",\"itemListElement\":[{\"@type\":\"ListItem\",\"position\":1,\"name\":\"Accueil\",\"item\":\"https:\\\/\\\/www.gold.fr\\\/\"},{\"@type\":\"ListItem\",\"position\":2,\"name\":\"Actualit\u00e9s\",\"item\":\"https:\\\/\\\/www.gold.fr\\\/news\\\/\"},{\"@type\":\"ListItem\",\"position\":3,\"name\":\"Perspectives de l\u2019or : A quand le retour de la flamb\u00e9e ?\"}]},{\"@type\":\"WebSite\",\"@id\":\"https:\\\/\\\/www.gold.fr\\\/news\\\/#website\",\"url\":\"https:\\\/\\\/www.gold.fr\\\/news\\\/\",\"name\":\"Gold.fr\",\"description\":\"Actualit\u00e9s de l&#039;Or et des m\u00e9taux pr\u00e9cieux\",\"potentialAction\":[{\"@type\":\"SearchAction\",\"target\":{\"@type\":\"EntryPoint\",\"urlTemplate\":\"https:\\\/\\\/www.gold.fr\\\/news\\\/?s={search_term_string}\"},\"query-input\":{\"@type\":\"PropertyValueSpecification\",\"valueRequired\":true,\"valueName\":\"search_term_string\"}}],\"inLanguage\":\"fr-FR\"},{\"@type\":\"Person\",\"@id\":\"https:\\\/\\\/www.gold.fr\\\/news\\\/#\\\/schema\\\/person\\\/070491b4b4fb7671bf59b3be20302ce9\",\"name\":\"Comptoir National de l'Or\",\"image\":{\"@type\":\"ImageObject\",\"inLanguage\":\"fr-FR\",\"@id\":\"https:\\\/\\\/secure.gravatar.com\\\/avatar\\\/0a2867fd5abe37bed95d5a65e9d58f01756e11efc68af9888dfc50cfa7f65948?s=96&d=mm&r=gb490554db0a38188709de567aa58480d\",\"url\":\"https:\\\/\\\/secure.gravatar.com\\\/avatar\\\/0a2867fd5abe37bed95d5a65e9d58f01756e11efc68af9888dfc50cfa7f65948?s=96&d=mm&r=g\",\"contentUrl\":\"https:\\\/\\\/secure.gravatar.com\\\/avatar\\\/0a2867fd5abe37bed95d5a65e9d58f01756e11efc68af9888dfc50cfa7f65948?s=96&d=mm&r=g\",\"caption\":\"Comptoir National de l'Or\"},\"description\":\"Notre r\u00e9daction est constitu\u00e9e de membres experts dans les m\u00e9tiers de l'\u00e9conomie et la gestion, des Responsables d'agence Comptoir National de l'Or, des analystes financiers qui publient r\u00e9guli\u00e8rement des \u00e9tudes sur les politiques des banques centrales, le cours de l'or, prix de l'or, cours de l'argent, prix de l'argent, cours du platine, cours du palladium,... la situation en zone euro et l'impact de la strat\u00e9gie mon\u00e9taire de la FED. Notre \u00e9quipe scrute \u00e9galement une information plus g\u00e9n\u00e9raliste \u00e0 la recherche d'actualit\u00e9 \\\"p\u00e9pite\\\" \u00e0 vous partager. Depuis 5 ans, nous avons publi\u00e9 un peu plus de 4000 articles qui s'adressent \u00e0 un public large et vari\u00e9 ayant pour objectif de satisfaire votre curiosit\u00e9 et de partager avec vous une certaine fascination pour le m\u00e9tal jaune, le rachat d'or, et pour ceux qui veulent investir dans l'or, vendre leur or tout simplement en savoir plus... Pour tous vos achat or et argent, n'h\u00e9sitez pas \u00e0 prendre rendez-vous dans l'un de nos nombreux comptoirs.\",\"sameAs\":[\"https:\\\/\\\/www.gold.fr\"]}]}<\/script>\n<!-- \/ Yoast SEO plugin. -->","yoast_head_json":{"title":"Perspectives de l\u2019or : A quand le retour de la flamb\u00e9e ? - Gold.fr","robots":{"index":"index","follow":"follow","max-snippet":"max-snippet:-1","max-image-preview":"max-image-preview:large","max-video-preview":"max-video-preview:-1"},"canonical":"https:\/\/www.gold.fr\/news\/2013\/06\/03\/perspectives-de-lor-a-quand-le-retour-de-la-flambee\/","og_locale":"fr_FR","og_type":"article","og_title":"Perspectives de l\u2019or : A quand le retour de la flamb\u00e9e ? - Gold.fr","og_description":"Tr\u00e8s bient\u00f4t, si l&rsquo;on croit l&rsquo;avis des intervenants les plus influents et experts des march\u00e9s d&rsquo;investissement. Difficile de passer \u00e0 c\u00f4t\u00e9 de la vague de repli subie par le march\u00e9 aurif\u00e8re, depuis quelques semaines. Pourtant, cette [&hellip;]","og_url":"https:\/\/www.gold.fr\/news\/2013\/06\/03\/perspectives-de-lor-a-quand-le-retour-de-la-flambee\/","og_site_name":"Gold.fr","article_publisher":"https:\/\/www.facebook.com\/Goldfr\/","article_published_time":"2013-06-03T07:00:59+00:00","article_modified_time":"2017-11-02T10:33:44+00:00","og_image":[{"width":600,"height":515,"url":"https:\/\/www.gold.fr\/news\/wp-content\/uploads\/2011\/10\/or.jpg","type":"image\/jpeg"}],"author":"Comptoir National de l'Or","twitter_card":"summary_large_image","twitter_misc":{"\u00c9crit par":"Comptoir National de l'Or","Dur\u00e9e de lecture estim\u00e9e":"1 minute"},"schema":{"@context":"https:\/\/schema.org","@graph":[{"@type":"Article","@id":"https:\/\/www.gold.fr\/news\/2013\/06\/03\/perspectives-de-lor-a-quand-le-retour-de-la-flambee\/#article","isPartOf":{"@id":"https:\/\/www.gold.fr\/news\/2013\/06\/03\/perspectives-de-lor-a-quand-le-retour-de-la-flambee\/"},"author":{"name":"Comptoir National de l'Or","@id":"https:\/\/www.gold.fr\/news\/#\/schema\/person\/070491b4b4fb7671bf59b3be20302ce9"},"headline":"Perspectives de l\u2019or : A quand le retour de la flamb\u00e9e ?","datePublished":"2013-06-03T07:00:59+00:00","dateModified":"2017-11-02T10:33:44+00:00","mainEntityOfPage":{"@id":"https:\/\/www.gold.fr\/news\/2013\/06\/03\/perspectives-de-lor-a-quand-le-retour-de-la-flambee\/"},"wordCount":260,"commentCount":0,"image":{"@id":"https:\/\/www.gold.fr\/news\/2013\/06\/03\/perspectives-de-lor-a-quand-le-retour-de-la-flambee\/#primaryimage"},"thumbnailUrl":"https:\/\/www.gold.fr\/news\/wp-content\/uploads\/2011\/10\/or.jpg","keywords":["demande asiatique","evolution or","flamb\u00e9e or","march\u00e9 aurif\u00e8re","Tout Cours de l'Or"],"articleSection":["Articles de presse"],"inLanguage":"fr-FR"},{"@type":"WebPage","@id":"https:\/\/www.gold.fr\/news\/2013\/06\/03\/perspectives-de-lor-a-quand-le-retour-de-la-flambee\/","url":"https:\/\/www.gold.fr\/news\/2013\/06\/03\/perspectives-de-lor-a-quand-le-retour-de-la-flambee\/","name":"Perspectives de l\u2019or : A quand le retour de la flamb\u00e9e ? - Gold.fr","isPartOf":{"@id":"https:\/\/www.gold.fr\/news\/#website"},"primaryImageOfPage":{"@id":"https:\/\/www.gold.fr\/news\/2013\/06\/03\/perspectives-de-lor-a-quand-le-retour-de-la-flambee\/#primaryimage"},"image":{"@id":"https:\/\/www.gold.fr\/news\/2013\/06\/03\/perspectives-de-lor-a-quand-le-retour-de-la-flambee\/#primaryimage"},"thumbnailUrl":"https:\/\/www.gold.fr\/news\/wp-content\/uploads\/2011\/10\/or.jpg","datePublished":"2013-06-03T07:00:59+00:00","dateModified":"2017-11-02T10:33:44+00:00","author":{"@id":"https:\/\/www.gold.fr\/news\/#\/schema\/person\/070491b4b4fb7671bf59b3be20302ce9"},"breadcrumb":{"@id":"https:\/\/www.gold.fr\/news\/2013\/06\/03\/perspectives-de-lor-a-quand-le-retour-de-la-flambee\/#breadcrumb"},"inLanguage":"fr-FR","potentialAction":[{"@type":"ReadAction","target":["https:\/\/www.gold.fr\/news\/2013\/06\/03\/perspectives-de-lor-a-quand-le-retour-de-la-flambee\/"]}]},{"@type":"ImageObject","inLanguage":"fr-FR","@id":"https:\/\/www.gold.fr\/news\/2013\/06\/03\/perspectives-de-lor-a-quand-le-retour-de-la-flambee\/#primaryimage","url":"https:\/\/www.gold.fr\/news\/wp-content\/uploads\/2011\/10\/or.jpg","contentUrl":"https:\/\/www.gold.fr\/news\/wp-content\/uploads\/2011\/10\/or.jpg","width":"600","height":"515","caption":"March\u00e9 de l\u2019or : Perspectives haussi\u00e8res \u00e0 moyen terme"},{"@type":"BreadcrumbList","@id":"https:\/\/www.gold.fr\/news\/2013\/06\/03\/perspectives-de-lor-a-quand-le-retour-de-la-flambee\/#breadcrumb","itemListElement":[{"@type":"ListItem","position":1,"name":"Accueil","item":"https:\/\/www.gold.fr\/"},{"@type":"ListItem","position":2,"name":"Actualit\u00e9s","item":"https:\/\/www.gold.fr\/news\/"},{"@type":"ListItem","position":3,"name":"Perspectives de l\u2019or : A quand le retour de la flamb\u00e9e ?"}]},{"@type":"WebSite","@id":"https:\/\/www.gold.fr\/news\/#website","url":"https:\/\/www.gold.fr\/news\/","name":"Gold.fr","description":"Actualit\u00e9s de l&#039;Or et des m\u00e9taux pr\u00e9cieux","potentialAction":[{"@type":"SearchAction","target":{"@type":"EntryPoint","urlTemplate":"https:\/\/www.gold.fr\/news\/?s={search_term_string}"},"query-input":{"@type":"PropertyValueSpecification","valueRequired":true,"valueName":"search_term_string"}}],"inLanguage":"fr-FR"},{"@type":"Person","@id":"https:\/\/www.gold.fr\/news\/#\/schema\/person\/070491b4b4fb7671bf59b3be20302ce9","name":"Comptoir National de l'Or","image":{"@type":"ImageObject","inLanguage":"fr-FR","@id":"https:\/\/secure.gravatar.com\/avatar\/0a2867fd5abe37bed95d5a65e9d58f01756e11efc68af9888dfc50cfa7f65948?s=96&d=mm&r=gb490554db0a38188709de567aa58480d","url":"https:\/\/secure.gravatar.com\/avatar\/0a2867fd5abe37bed95d5a65e9d58f01756e11efc68af9888dfc50cfa7f65948?s=96&d=mm&r=g","contentUrl":"https:\/\/secure.gravatar.com\/avatar\/0a2867fd5abe37bed95d5a65e9d58f01756e11efc68af9888dfc50cfa7f65948?s=96&d=mm&r=g","caption":"Comptoir National de l'Or"},"description":"Notre r\u00e9daction est constitu\u00e9e de membres experts dans les m\u00e9tiers de l'\u00e9conomie et la gestion, des Responsables d'agence Comptoir National de l'Or, des analystes financiers qui publient r\u00e9guli\u00e8rement des \u00e9tudes sur les politiques des banques centrales, le cours de l'or, prix de l'or, cours de l'argent, prix de l'argent, cours du platine, cours du palladium,... la situation en zone euro et l'impact de la strat\u00e9gie mon\u00e9taire de la FED. Notre \u00e9quipe scrute \u00e9galement une information plus g\u00e9n\u00e9raliste \u00e0 la recherche d'actualit\u00e9 \"p\u00e9pite\" \u00e0 vous partager. Depuis 5 ans, nous avons publi\u00e9 un peu plus de 4000 articles qui s'adressent \u00e0 un public large et vari\u00e9 ayant pour objectif de satisfaire votre curiosit\u00e9 et de partager avec vous une certaine fascination pour le m\u00e9tal jaune, le rachat d'or, et pour ceux qui veulent investir dans l'or, vendre leur or tout simplement en savoir plus... Pour tous vos achat or et argent, n'h\u00e9sitez pas \u00e0 prendre rendez-vous dans l'un de nos nombreux comptoirs.","sameAs":["https:\/\/www.gold.fr"]}]}},"authors":[{"term_id":2565,"user_id":18,"is_guest":0,"slug":"julie","display_name":"Comptoir National de l'Or","avatar_url":"https:\/\/secure.gravatar.com\/avatar\/713f289e398d35ead876c4a4cc08607f0d6d266058cfc25683fffb6092d0e572?s=96&d=mm&r=g","0":null,"1":"","2":"","3":"","4":"","5":"","6":"","7":"","8":""}],"_links":{"self":[{"href":"https:\/\/www.gold.fr\/news\/wp-json\/wp\/v2\/posts\/11820","targetHints":{"allow":["GET"]}}],"collection":[{"href":"https:\/\/www.gold.fr\/news\/wp-json\/wp\/v2\/posts"}],"about":[{"href":"https:\/\/www.gold.fr\/news\/wp-json\/wp\/v2\/types\/post"}],"author":[{"embeddable":true,"href":"https:\/\/www.gold.fr\/news\/wp-json\/wp\/v2\/users\/18"}],"replies":[{"embeddable":true,"href":"https:\/\/www.gold.fr\/news\/wp-json\/wp\/v2\/comments?post=11820"}],"version-history":[{"count":0,"href":"https:\/\/www.gold.fr\/news\/wp-json\/wp\/v2\/posts\/11820\/revisions"}],"wp:featuredmedia":[{"embeddable":true,"href":"https:\/\/www.gold.fr\/news\/wp-json\/wp\/v2\/media\/2677"}],"wp:attachment":[{"href":"https:\/\/www.gold.fr\/news\/wp-json\/wp\/v2\/media?parent=11820"}],"wp:term":[{"taxonomy":"category","embeddable":true,"href":"https:\/\/www.gold.fr\/news\/wp-json\/wp\/v2\/categories?post=11820"},{"taxonomy":"post_tag","embeddable":true,"href":"https:\/\/www.gold.fr\/news\/wp-json\/wp\/v2\/tags?post=11820"},{"taxonomy":"author","embeddable":true,"href":"https:\/\/www.gold.fr\/news\/wp-json\/wp\/v2\/ppma_author?post=11820"}],"curies":[{"name":"wp","href":"https:\/\/api.w.org\/{rel}","templated":true}]}}