{"id":11781,"date":"2013-05-28T17:00:58","date_gmt":"2013-05-28T15:00:58","guid":{"rendered":"https:\/\/www.gold.fr\/news\/?p=11781"},"modified":"2017-11-02T11:33:46","modified_gmt":"2017-11-02T10:33:46","slug":"bernanke-sinquiete-pour-un-systeme-bancaire-fragile","status":"publish","type":"post","link":"https:\/\/www.gold.fr\/news\/2013\/05\/28\/bernanke-sinquiete-pour-un-systeme-bancaire-fragile\/","title":{"rendered":"Bernanke s\u2019inqui\u00e8te pour un syst\u00e8me bancaire \u00ab\u00a0fragile\u00a0\u00bb"},"content":{"rendered":"<p><span style=\"font-size: small;\"><img loading=\"lazy\" decoding=\"async\" class=\"alignleft size-thumbnail wp-image-2404\" title=\"Bernanke s\u2019inqui\u00e8te pour un syst\u00e8me bancaire &quot;fragile&quot;\" src=\"https:\/\/www.gold.fr\/news\/wp-content\/uploads\/2011\/09\/harga-emas1-150x150.jpg\" alt=\"\" width=\"150\" height=\"150\" \/><a title=\"La prudence de la FED rassure les investisseurs\" href=\"https:\/\/www.gold.fr\/news\/2013\/05\/27\/la-prudence-de-la-fed-rassure-les-investisseurs\/11759\/\" target=\"_blank\"><strong>Ben Bernanke<\/strong> le disait encore<\/a>, il y a deux semaines\u00a0; les march\u00e9s financiers demeurent particuli\u00e8rement pr\u00e9caires et instables. Il rappelle, non sans une certaine r\u00e9serve, que \u00ab\u00a0<em>des risques importants demeurent dans les march\u00e9s du cr\u00e9dit de gros \u00e0 court terme, et l&rsquo;un des risques cl\u00e9 est li\u00e9 \u00e0 la r\u00e9ponse que donnerait le syst\u00e8me \u00e0 la faillite d&rsquo;un courtier n\u00e9gociateur ou \u00e0 un autre grand emprunteur professionnel<\/em>\u00a0\u00bb.<\/span>    <span style=\"font-size: small;\"> Si on avait encore des doutes, l\u00e0, on est d\u00e9finitivement fix\u00e9s\u00a0! Et le pr\u00e9sident de <strong>la R\u00e9serve F\u00e9d\u00e9rale Am\u00e9ricaine<\/strong> ne s\u2019arr\u00eate pas l\u00e0\u00a0; il d\u00e9veloppe, pr\u00e9sentant le syst\u00e8me bancaire, dans sa globalit\u00e9, comme un ch\u00e2teau de cartes qui tient par le seul miracle des r\u00e9gulateurs et du secteur priv\u00e9 qui tentent constamment de sauver les meubles. <strong>Mr. Bernanke<\/strong> occulte, ici, (certainement intentionnellement) le r\u00f4le capital que joue son institution dans ce jeu peu subtil o\u00f9 le gouvernement am\u00e9ricain tente \u00e9galement sans cesse de d\u00e9layer l\u2019in\u00e9luctable.<\/span>    <span style=\"font-size: small;\"> Le discours du pr\u00e9sident de la <strong>FED<\/strong> s\u2019inscrivait dans le cadre de la conf\u00e9rence annuelle sur les structures bancaires et les syst\u00e8mes de compensation financi\u00e8re. L\u2019\u00e9v\u00e8nement, organis\u00e9 chaque ann\u00e9e par la <strong>R\u00e9serve F\u00e9d\u00e9rale de Chicago<\/strong>, avait \u00e9t\u00e9 l\u2019occasion, pour plusieurs intervenants notables, d\u2019exprimer leur inqui\u00e9tudes respectives et communes, quant aux perspectives d\u2019avenir (\u00e0 moyen et long termes) du syst\u00e8me bancaire am\u00e9ricain et mondial.<\/span><\/p>\n<!-- AddThis Advanced Settings generic via filter on the_content --><!-- AddThis Share Buttons generic via filter on the_content -->","protected":false},"excerpt":{"rendered":"<p>Ben Bernanke le disait encore, il y a deux semaines\u00a0; les march\u00e9s financiers demeurent particuli\u00e8rement pr\u00e9caires et instables. Il rappelle, non sans une certaine r\u00e9serve, que \u00ab\u00a0des risques importants demeurent dans les march\u00e9s du cr\u00e9dit de [&hellip;]<\/p>\n","protected":false},"author":18,"featured_media":2404,"comment_status":"open","ping_status":"open","sticky":false,"template":"","format":"standard","meta":{"_mbp_gutenberg_autopost":false,"_pgmb_is_evergreen":false,"_pgmb_ap_template_id":0,"footnotes":""},"categories":[6],"tags":[404,144,1329,887],"ppma_author":[2565],"class_list":["post-11781","post","type-post","status-publish","format-standard","has-post-thumbnail","hentry","category-articles-de-presse","tag-ben-bernanke","tag-fed","tag-reserve-federale-americaine","tag-systeme-bancaire"],"yoast_head":"<!-- This site is optimized with the Yoast SEO plugin v27.5 - https:\/\/yoast.com\/product\/yoast-seo-wordpress\/ -->\n<title>Bernanke s\u2019inqui\u00e8te pour un syst\u00e8me bancaire &quot;fragile&quot; - Gold.fr<\/title>\n<meta name=\"robots\" content=\"index, follow, max-snippet:-1, max-image-preview:large, max-video-preview:-1\" \/>\n<link rel=\"canonical\" href=\"https:\/\/www.gold.fr\/news\/2013\/05\/28\/bernanke-sinquiete-pour-un-systeme-bancaire-fragile\/\" \/>\n<meta property=\"og:locale\" content=\"fr_FR\" \/>\n<meta property=\"og:type\" content=\"article\" \/>\n<meta property=\"og:title\" content=\"Bernanke s\u2019inqui\u00e8te pour un syst\u00e8me bancaire &quot;fragile&quot; - Gold.fr\" \/>\n<meta property=\"og:description\" content=\"Ben Bernanke le disait encore, il y a deux semaines\u00a0; les march\u00e9s financiers demeurent particuli\u00e8rement pr\u00e9caires et instables. Il rappelle, non sans une certaine r\u00e9serve, que \u00ab\u00a0des risques importants demeurent dans les march\u00e9s du cr\u00e9dit de [&hellip;]\" \/>\n<meta property=\"og:url\" content=\"https:\/\/www.gold.fr\/news\/2013\/05\/28\/bernanke-sinquiete-pour-un-systeme-bancaire-fragile\/\" \/>\n<meta property=\"og:site_name\" content=\"Gold.fr\" \/>\n<meta property=\"article:publisher\" content=\"https:\/\/www.facebook.com\/Goldfr\/\" \/>\n<meta property=\"article:published_time\" content=\"2013-05-28T15:00:58+00:00\" \/>\n<meta property=\"article:modified_time\" content=\"2017-11-02T10:33:46+00:00\" \/>\n<meta property=\"og:image\" content=\"https:\/\/www.gold.fr\/news\/wp-content\/uploads\/2011\/09\/harga-emas1.jpg\" \/>\n\t<meta property=\"og:image:width\" content=\"636\" \/>\n\t<meta property=\"og:image:height\" content=\"477\" \/>\n\t<meta property=\"og:image:type\" content=\"image\/jpeg\" \/>\n<meta name=\"author\" content=\"Comptoir National de l&#039;Or\" \/>\n<meta name=\"twitter:card\" content=\"summary_large_image\" \/>\n<meta name=\"twitter:label1\" content=\"\u00c9crit par\" \/>\n\t<meta name=\"twitter:data1\" content=\"Comptoir National de l&#039;Or\" \/>\n\t<meta name=\"twitter:label2\" content=\"Dur\u00e9e de lecture estim\u00e9e\" \/>\n\t<meta name=\"twitter:data2\" content=\"1 minute\" \/>\n<script type=\"application\/ld+json\" class=\"yoast-schema-graph\">{\"@context\":\"https:\\\/\\\/schema.org\",\"@graph\":[{\"@type\":\"Article\",\"@id\":\"https:\\\/\\\/www.gold.fr\\\/news\\\/2013\\\/05\\\/28\\\/bernanke-sinquiete-pour-un-systeme-bancaire-fragile\\\/#article\",\"isPartOf\":{\"@id\":\"https:\\\/\\\/www.gold.fr\\\/news\\\/2013\\\/05\\\/28\\\/bernanke-sinquiete-pour-un-systeme-bancaire-fragile\\\/\"},\"author\":{\"name\":\"Comptoir National de l'Or\",\"@id\":\"https:\\\/\\\/www.gold.fr\\\/news\\\/#\\\/schema\\\/person\\\/070491b4b4fb7671bf59b3be20302ce9\"},\"headline\":\"Bernanke s\u2019inqui\u00e8te pour un syst\u00e8me bancaire \u00ab\u00a0fragile\u00a0\u00bb\",\"datePublished\":\"2013-05-28T15:00:58+00:00\",\"dateModified\":\"2017-11-02T10:33:46+00:00\",\"mainEntityOfPage\":{\"@id\":\"https:\\\/\\\/www.gold.fr\\\/news\\\/2013\\\/05\\\/28\\\/bernanke-sinquiete-pour-un-systeme-bancaire-fragile\\\/\"},\"wordCount\":267,\"commentCount\":0,\"image\":{\"@id\":\"https:\\\/\\\/www.gold.fr\\\/news\\\/2013\\\/05\\\/28\\\/bernanke-sinquiete-pour-un-systeme-bancaire-fragile\\\/#primaryimage\"},\"thumbnailUrl\":\"https:\\\/\\\/www.gold.fr\\\/news\\\/wp-content\\\/uploads\\\/2011\\\/09\\\/harga-emas1.jpg\",\"keywords\":[\"ben bernanke\",\"fed\",\"R\u00e9serve F\u00e9d\u00e9rale Am\u00e9ricaine\",\"syst\u00e8me bancaire\"],\"articleSection\":[\"Articles de presse\"],\"inLanguage\":\"fr-FR\"},{\"@type\":\"WebPage\",\"@id\":\"https:\\\/\\\/www.gold.fr\\\/news\\\/2013\\\/05\\\/28\\\/bernanke-sinquiete-pour-un-systeme-bancaire-fragile\\\/\",\"url\":\"https:\\\/\\\/www.gold.fr\\\/news\\\/2013\\\/05\\\/28\\\/bernanke-sinquiete-pour-un-systeme-bancaire-fragile\\\/\",\"name\":\"Bernanke s\u2019inqui\u00e8te pour un syst\u00e8me bancaire \\\"fragile\\\" - Gold.fr\",\"isPartOf\":{\"@id\":\"https:\\\/\\\/www.gold.fr\\\/news\\\/#website\"},\"primaryImageOfPage\":{\"@id\":\"https:\\\/\\\/www.gold.fr\\\/news\\\/2013\\\/05\\\/28\\\/bernanke-sinquiete-pour-un-systeme-bancaire-fragile\\\/#primaryimage\"},\"image\":{\"@id\":\"https:\\\/\\\/www.gold.fr\\\/news\\\/2013\\\/05\\\/28\\\/bernanke-sinquiete-pour-un-systeme-bancaire-fragile\\\/#primaryimage\"},\"thumbnailUrl\":\"https:\\\/\\\/www.gold.fr\\\/news\\\/wp-content\\\/uploads\\\/2011\\\/09\\\/harga-emas1.jpg\",\"datePublished\":\"2013-05-28T15:00:58+00:00\",\"dateModified\":\"2017-11-02T10:33:46+00:00\",\"author\":{\"@id\":\"https:\\\/\\\/www.gold.fr\\\/news\\\/#\\\/schema\\\/person\\\/070491b4b4fb7671bf59b3be20302ce9\"},\"breadcrumb\":{\"@id\":\"https:\\\/\\\/www.gold.fr\\\/news\\\/2013\\\/05\\\/28\\\/bernanke-sinquiete-pour-un-systeme-bancaire-fragile\\\/#breadcrumb\"},\"inLanguage\":\"fr-FR\",\"potentialAction\":[{\"@type\":\"ReadAction\",\"target\":[\"https:\\\/\\\/www.gold.fr\\\/news\\\/2013\\\/05\\\/28\\\/bernanke-sinquiete-pour-un-systeme-bancaire-fragile\\\/\"]}]},{\"@type\":\"ImageObject\",\"inLanguage\":\"fr-FR\",\"@id\":\"https:\\\/\\\/www.gold.fr\\\/news\\\/2013\\\/05\\\/28\\\/bernanke-sinquiete-pour-un-systeme-bancaire-fragile\\\/#primaryimage\",\"url\":\"https:\\\/\\\/www.gold.fr\\\/news\\\/wp-content\\\/uploads\\\/2011\\\/09\\\/harga-emas1.jpg\",\"contentUrl\":\"https:\\\/\\\/www.gold.fr\\\/news\\\/wp-content\\\/uploads\\\/2011\\\/09\\\/harga-emas1.jpg\",\"width\":\"636\",\"height\":\"477\",\"caption\":\"L\u2019once en hausse en d\u00e9pit de l\u2019instabilit\u00e9 politique\"},{\"@type\":\"BreadcrumbList\",\"@id\":\"https:\\\/\\\/www.gold.fr\\\/news\\\/2013\\\/05\\\/28\\\/bernanke-sinquiete-pour-un-systeme-bancaire-fragile\\\/#breadcrumb\",\"itemListElement\":[{\"@type\":\"ListItem\",\"position\":1,\"name\":\"Accueil\",\"item\":\"https:\\\/\\\/www.gold.fr\\\/\"},{\"@type\":\"ListItem\",\"position\":2,\"name\":\"Actualit\u00e9s\",\"item\":\"https:\\\/\\\/www.gold.fr\\\/news\\\/\"},{\"@type\":\"ListItem\",\"position\":3,\"name\":\"Bernanke s\u2019inqui\u00e8te pour un syst\u00e8me bancaire \u00ab\u00a0fragile\u00a0\u00bb\"}]},{\"@type\":\"WebSite\",\"@id\":\"https:\\\/\\\/www.gold.fr\\\/news\\\/#website\",\"url\":\"https:\\\/\\\/www.gold.fr\\\/news\\\/\",\"name\":\"Gold.fr\",\"description\":\"Actualit\u00e9s de l&#039;Or et des m\u00e9taux pr\u00e9cieux\",\"potentialAction\":[{\"@type\":\"SearchAction\",\"target\":{\"@type\":\"EntryPoint\",\"urlTemplate\":\"https:\\\/\\\/www.gold.fr\\\/news\\\/?s={search_term_string}\"},\"query-input\":{\"@type\":\"PropertyValueSpecification\",\"valueRequired\":true,\"valueName\":\"search_term_string\"}}],\"inLanguage\":\"fr-FR\"},{\"@type\":\"Person\",\"@id\":\"https:\\\/\\\/www.gold.fr\\\/news\\\/#\\\/schema\\\/person\\\/070491b4b4fb7671bf59b3be20302ce9\",\"name\":\"Comptoir National de l'Or\",\"image\":{\"@type\":\"ImageObject\",\"inLanguage\":\"fr-FR\",\"@id\":\"https:\\\/\\\/secure.gravatar.com\\\/avatar\\\/0a2867fd5abe37bed95d5a65e9d58f01756e11efc68af9888dfc50cfa7f65948?s=96&d=mm&r=gb490554db0a38188709de567aa58480d\",\"url\":\"https:\\\/\\\/secure.gravatar.com\\\/avatar\\\/0a2867fd5abe37bed95d5a65e9d58f01756e11efc68af9888dfc50cfa7f65948?s=96&d=mm&r=g\",\"contentUrl\":\"https:\\\/\\\/secure.gravatar.com\\\/avatar\\\/0a2867fd5abe37bed95d5a65e9d58f01756e11efc68af9888dfc50cfa7f65948?s=96&d=mm&r=g\",\"caption\":\"Comptoir National de l'Or\"},\"description\":\"Notre r\u00e9daction est constitu\u00e9e de membres experts dans les m\u00e9tiers de l'\u00e9conomie et la gestion, des Responsables d'agence Comptoir National de l'Or, des analystes financiers qui publient r\u00e9guli\u00e8rement des \u00e9tudes sur les politiques des banques centrales, le cours de l'or, prix de l'or, cours de l'argent, prix de l'argent, cours du platine, cours du palladium,... la situation en zone euro et l'impact de la strat\u00e9gie mon\u00e9taire de la FED. Notre \u00e9quipe scrute \u00e9galement une information plus g\u00e9n\u00e9raliste \u00e0 la recherche d'actualit\u00e9 \\\"p\u00e9pite\\\" \u00e0 vous partager. Depuis 5 ans, nous avons publi\u00e9 un peu plus de 4000 articles qui s'adressent \u00e0 un public large et vari\u00e9 ayant pour objectif de satisfaire votre curiosit\u00e9 et de partager avec vous une certaine fascination pour le m\u00e9tal jaune, le rachat d'or, et pour ceux qui veulent investir dans l'or, vendre leur or tout simplement en savoir plus... Pour tous vos achat or et argent, n'h\u00e9sitez pas \u00e0 prendre rendez-vous dans l'un de nos nombreux comptoirs.\",\"sameAs\":[\"https:\\\/\\\/www.gold.fr\"]}]}<\/script>\n<!-- \/ Yoast SEO plugin. -->","yoast_head_json":{"title":"Bernanke s\u2019inqui\u00e8te pour un syst\u00e8me bancaire \"fragile\" - Gold.fr","robots":{"index":"index","follow":"follow","max-snippet":"max-snippet:-1","max-image-preview":"max-image-preview:large","max-video-preview":"max-video-preview:-1"},"canonical":"https:\/\/www.gold.fr\/news\/2013\/05\/28\/bernanke-sinquiete-pour-un-systeme-bancaire-fragile\/","og_locale":"fr_FR","og_type":"article","og_title":"Bernanke s\u2019inqui\u00e8te pour un syst\u00e8me bancaire \"fragile\" - Gold.fr","og_description":"Ben Bernanke le disait encore, il y a deux semaines\u00a0; les march\u00e9s financiers demeurent particuli\u00e8rement pr\u00e9caires et instables. Il rappelle, non sans une certaine r\u00e9serve, que \u00ab\u00a0des risques importants demeurent dans les march\u00e9s du cr\u00e9dit de [&hellip;]","og_url":"https:\/\/www.gold.fr\/news\/2013\/05\/28\/bernanke-sinquiete-pour-un-systeme-bancaire-fragile\/","og_site_name":"Gold.fr","article_publisher":"https:\/\/www.facebook.com\/Goldfr\/","article_published_time":"2013-05-28T15:00:58+00:00","article_modified_time":"2017-11-02T10:33:46+00:00","og_image":[{"width":636,"height":477,"url":"https:\/\/www.gold.fr\/news\/wp-content\/uploads\/2011\/09\/harga-emas1.jpg","type":"image\/jpeg"}],"author":"Comptoir National de l'Or","twitter_card":"summary_large_image","twitter_misc":{"\u00c9crit par":"Comptoir National de l'Or","Dur\u00e9e de lecture estim\u00e9e":"1 minute"},"schema":{"@context":"https:\/\/schema.org","@graph":[{"@type":"Article","@id":"https:\/\/www.gold.fr\/news\/2013\/05\/28\/bernanke-sinquiete-pour-un-systeme-bancaire-fragile\/#article","isPartOf":{"@id":"https:\/\/www.gold.fr\/news\/2013\/05\/28\/bernanke-sinquiete-pour-un-systeme-bancaire-fragile\/"},"author":{"name":"Comptoir National de l'Or","@id":"https:\/\/www.gold.fr\/news\/#\/schema\/person\/070491b4b4fb7671bf59b3be20302ce9"},"headline":"Bernanke s\u2019inqui\u00e8te pour un syst\u00e8me bancaire \u00ab\u00a0fragile\u00a0\u00bb","datePublished":"2013-05-28T15:00:58+00:00","dateModified":"2017-11-02T10:33:46+00:00","mainEntityOfPage":{"@id":"https:\/\/www.gold.fr\/news\/2013\/05\/28\/bernanke-sinquiete-pour-un-systeme-bancaire-fragile\/"},"wordCount":267,"commentCount":0,"image":{"@id":"https:\/\/www.gold.fr\/news\/2013\/05\/28\/bernanke-sinquiete-pour-un-systeme-bancaire-fragile\/#primaryimage"},"thumbnailUrl":"https:\/\/www.gold.fr\/news\/wp-content\/uploads\/2011\/09\/harga-emas1.jpg","keywords":["ben bernanke","fed","R\u00e9serve F\u00e9d\u00e9rale Am\u00e9ricaine","syst\u00e8me bancaire"],"articleSection":["Articles de presse"],"inLanguage":"fr-FR"},{"@type":"WebPage","@id":"https:\/\/www.gold.fr\/news\/2013\/05\/28\/bernanke-sinquiete-pour-un-systeme-bancaire-fragile\/","url":"https:\/\/www.gold.fr\/news\/2013\/05\/28\/bernanke-sinquiete-pour-un-systeme-bancaire-fragile\/","name":"Bernanke s\u2019inqui\u00e8te pour un syst\u00e8me bancaire \"fragile\" - Gold.fr","isPartOf":{"@id":"https:\/\/www.gold.fr\/news\/#website"},"primaryImageOfPage":{"@id":"https:\/\/www.gold.fr\/news\/2013\/05\/28\/bernanke-sinquiete-pour-un-systeme-bancaire-fragile\/#primaryimage"},"image":{"@id":"https:\/\/www.gold.fr\/news\/2013\/05\/28\/bernanke-sinquiete-pour-un-systeme-bancaire-fragile\/#primaryimage"},"thumbnailUrl":"https:\/\/www.gold.fr\/news\/wp-content\/uploads\/2011\/09\/harga-emas1.jpg","datePublished":"2013-05-28T15:00:58+00:00","dateModified":"2017-11-02T10:33:46+00:00","author":{"@id":"https:\/\/www.gold.fr\/news\/#\/schema\/person\/070491b4b4fb7671bf59b3be20302ce9"},"breadcrumb":{"@id":"https:\/\/www.gold.fr\/news\/2013\/05\/28\/bernanke-sinquiete-pour-un-systeme-bancaire-fragile\/#breadcrumb"},"inLanguage":"fr-FR","potentialAction":[{"@type":"ReadAction","target":["https:\/\/www.gold.fr\/news\/2013\/05\/28\/bernanke-sinquiete-pour-un-systeme-bancaire-fragile\/"]}]},{"@type":"ImageObject","inLanguage":"fr-FR","@id":"https:\/\/www.gold.fr\/news\/2013\/05\/28\/bernanke-sinquiete-pour-un-systeme-bancaire-fragile\/#primaryimage","url":"https:\/\/www.gold.fr\/news\/wp-content\/uploads\/2011\/09\/harga-emas1.jpg","contentUrl":"https:\/\/www.gold.fr\/news\/wp-content\/uploads\/2011\/09\/harga-emas1.jpg","width":"636","height":"477","caption":"L\u2019once en hausse en d\u00e9pit de l\u2019instabilit\u00e9 politique"},{"@type":"BreadcrumbList","@id":"https:\/\/www.gold.fr\/news\/2013\/05\/28\/bernanke-sinquiete-pour-un-systeme-bancaire-fragile\/#breadcrumb","itemListElement":[{"@type":"ListItem","position":1,"name":"Accueil","item":"https:\/\/www.gold.fr\/"},{"@type":"ListItem","position":2,"name":"Actualit\u00e9s","item":"https:\/\/www.gold.fr\/news\/"},{"@type":"ListItem","position":3,"name":"Bernanke s\u2019inqui\u00e8te pour un syst\u00e8me bancaire \u00ab\u00a0fragile\u00a0\u00bb"}]},{"@type":"WebSite","@id":"https:\/\/www.gold.fr\/news\/#website","url":"https:\/\/www.gold.fr\/news\/","name":"Gold.fr","description":"Actualit\u00e9s de l&#039;Or et des m\u00e9taux pr\u00e9cieux","potentialAction":[{"@type":"SearchAction","target":{"@type":"EntryPoint","urlTemplate":"https:\/\/www.gold.fr\/news\/?s={search_term_string}"},"query-input":{"@type":"PropertyValueSpecification","valueRequired":true,"valueName":"search_term_string"}}],"inLanguage":"fr-FR"},{"@type":"Person","@id":"https:\/\/www.gold.fr\/news\/#\/schema\/person\/070491b4b4fb7671bf59b3be20302ce9","name":"Comptoir National de l'Or","image":{"@type":"ImageObject","inLanguage":"fr-FR","@id":"https:\/\/secure.gravatar.com\/avatar\/0a2867fd5abe37bed95d5a65e9d58f01756e11efc68af9888dfc50cfa7f65948?s=96&d=mm&r=gb490554db0a38188709de567aa58480d","url":"https:\/\/secure.gravatar.com\/avatar\/0a2867fd5abe37bed95d5a65e9d58f01756e11efc68af9888dfc50cfa7f65948?s=96&d=mm&r=g","contentUrl":"https:\/\/secure.gravatar.com\/avatar\/0a2867fd5abe37bed95d5a65e9d58f01756e11efc68af9888dfc50cfa7f65948?s=96&d=mm&r=g","caption":"Comptoir National de l'Or"},"description":"Notre r\u00e9daction est constitu\u00e9e de membres experts dans les m\u00e9tiers de l'\u00e9conomie et la gestion, des Responsables d'agence Comptoir National de l'Or, des analystes financiers qui publient r\u00e9guli\u00e8rement des \u00e9tudes sur les politiques des banques centrales, le cours de l'or, prix de l'or, cours de l'argent, prix de l'argent, cours du platine, cours du palladium,... la situation en zone euro et l'impact de la strat\u00e9gie mon\u00e9taire de la FED. Notre \u00e9quipe scrute \u00e9galement une information plus g\u00e9n\u00e9raliste \u00e0 la recherche d'actualit\u00e9 \"p\u00e9pite\" \u00e0 vous partager. Depuis 5 ans, nous avons publi\u00e9 un peu plus de 4000 articles qui s'adressent \u00e0 un public large et vari\u00e9 ayant pour objectif de satisfaire votre curiosit\u00e9 et de partager avec vous une certaine fascination pour le m\u00e9tal jaune, le rachat d'or, et pour ceux qui veulent investir dans l'or, vendre leur or tout simplement en savoir plus... Pour tous vos achat or et argent, n'h\u00e9sitez pas \u00e0 prendre rendez-vous dans l'un de nos nombreux comptoirs.","sameAs":["https:\/\/www.gold.fr"]}]}},"authors":[{"term_id":2565,"user_id":18,"is_guest":0,"slug":"julie","display_name":"Comptoir National de l'Or","avatar_url":"https:\/\/secure.gravatar.com\/avatar\/713f289e398d35ead876c4a4cc08607f0d6d266058cfc25683fffb6092d0e572?s=96&d=mm&r=g","0":null,"1":"","2":"","3":"","4":"","5":"","6":"","7":"","8":""}],"_links":{"self":[{"href":"https:\/\/www.gold.fr\/news\/wp-json\/wp\/v2\/posts\/11781","targetHints":{"allow":["GET"]}}],"collection":[{"href":"https:\/\/www.gold.fr\/news\/wp-json\/wp\/v2\/posts"}],"about":[{"href":"https:\/\/www.gold.fr\/news\/wp-json\/wp\/v2\/types\/post"}],"author":[{"embeddable":true,"href":"https:\/\/www.gold.fr\/news\/wp-json\/wp\/v2\/users\/18"}],"replies":[{"embeddable":true,"href":"https:\/\/www.gold.fr\/news\/wp-json\/wp\/v2\/comments?post=11781"}],"version-history":[{"count":0,"href":"https:\/\/www.gold.fr\/news\/wp-json\/wp\/v2\/posts\/11781\/revisions"}],"wp:featuredmedia":[{"embeddable":true,"href":"https:\/\/www.gold.fr\/news\/wp-json\/wp\/v2\/media\/2404"}],"wp:attachment":[{"href":"https:\/\/www.gold.fr\/news\/wp-json\/wp\/v2\/media?parent=11781"}],"wp:term":[{"taxonomy":"category","embeddable":true,"href":"https:\/\/www.gold.fr\/news\/wp-json\/wp\/v2\/categories?post=11781"},{"taxonomy":"post_tag","embeddable":true,"href":"https:\/\/www.gold.fr\/news\/wp-json\/wp\/v2\/tags?post=11781"},{"taxonomy":"author","embeddable":true,"href":"https:\/\/www.gold.fr\/news\/wp-json\/wp\/v2\/ppma_author?post=11781"}],"curies":[{"name":"wp","href":"https:\/\/api.w.org\/{rel}","templated":true}]}}