{"id":11779,"date":"2013-05-28T09:00:09","date_gmt":"2013-05-28T07:00:09","guid":{"rendered":"https:\/\/www.gold.fr\/news\/?p=11779"},"modified":"2017-11-02T11:33:46","modified_gmt":"2017-11-02T10:33:46","slug":"4-ans-apres-la-criseson-heritage-reste","status":"publish","type":"post","link":"https:\/\/www.gold.fr\/news\/2013\/05\/28\/4-ans-apres-la-criseson-heritage-reste\/","title":{"rendered":"4 ans apr\u00e8s la crise\u2026\u00abson h\u00e9ritage reste\u00bb"},"content":{"rendered":"<p><span style=\"font-size: small;\"><img loading=\"lazy\" decoding=\"async\" class=\"alignleft size-thumbnail wp-image-10167\" title=\"4 ans apr\u00e8s la crise\u2026&quot;son h\u00e9ritage reste&quot;\" src=\"https:\/\/www.gold.fr\/news\/wp-content\/uploads\/2011\/03\/lingots-or-1kg-150x150.jpg\" alt=\"\" width=\"150\" height=\"150\" \/>Lors de <a title=\"Bernanke cr\u00e9\u00e9 la surprise, et les investisseurs approuvent\" href=\"https:\/\/www.gold.fr\/news\/2013\/05\/23\/bernanke-cree-la-surprise-et-les-investisseurs-approuvent\/11751\/\" target=\"_blank\">la conf\u00e9rence annuelle sur les structures bancaires et les syst\u00e8mes de compensation financi\u00e8re<\/a> (organis\u00e9e, le 10 mai, par <strong>la R\u00e9serve F\u00e9d\u00e9rale de Chicago<\/strong>), <strong>Ben Bernanke<\/strong> affichait ses inqui\u00e9tudes quant \u00e0 la sant\u00e9 \u00ab\u00a0<em>fragile\u00a0<\/em>\u00bb du syst\u00e8me bancaire am\u00e9ricain, certes, mais international aussi.<\/span>    <span style=\"font-size: small;\"><strong> Le pr\u00e9sident de la FED<\/strong> soulignait alors que \u00ab\u00a0<em>m\u00eame si le syst\u00e8me bancaire occulte est moins important aujourd&rsquo;hui qu&rsquo;il ne l&rsquo;\u00e9tait avant la crise (&#8230;) les r\u00e9gulateurs et le secteur priv\u00e9 doivent r\u00e9sorber les poches de fragilit\u00e9 restantes<\/em>\u00a0\u00bb. Il ajoute \u00e9galement que, en d\u00e9pit des quelques signes de reprise, r\u00e9cemment affich\u00e9s par l\u2019\u00e9conomie Us en g\u00e9n\u00e9ral, son institution demeurait, et \u00e0 juste titre, \u00ab\u00a0<em>tr\u00e8s attentive aux risques croissants de bulles financi\u00e8res<\/em>\u00a0\u00bb.<\/span>    <span style=\"font-size: small;\"> Bref\u00a0; le syst\u00e8me bancaire est une bombe \u00e0 retardement et les risques ind\u00e9niables qu\u2019il fait courir \u00e0 l\u2019ensemble des investisseurs (particuliers et professionnels) sont de plus en plus importants et graves. D\u2019ailleurs, les observateurs et analystes (y compris <strong>Ben Bernanke<\/strong>) sont unanimes, sur ce sujet au moins\u00a0; quatre ann\u00e9es apr\u00e8s l\u2019inf\u00e2me vague prolong\u00e9e de crise financi\u00e8re et \u00e9conomique qui a ravag\u00e9 l\u2019ensemble de la plan\u00e8te, \u00ab\u00a0<em>son h\u00e9ritage reste<\/em>\u00a0\u00bb.<\/span>    <span style=\"font-size: small;\"> Quand on pense aux r\u00e9percussions que pourrait avoir le retour d\u2019une telle vague, dans la conjoncture \u00e9conomique mondiale actuelle hautement pr\u00e9caire, on en a froid dans le dos.<\/span><\/p>\n<!-- AddThis Advanced Settings generic via filter on the_content --><!-- AddThis Share Buttons generic via filter on the_content -->","protected":false},"excerpt":{"rendered":"<p>Lors de la conf\u00e9rence annuelle sur les structures bancaires et les syst\u00e8mes de compensation financi\u00e8re (organis\u00e9e, le 10 mai, par la R\u00e9serve F\u00e9d\u00e9rale de Chicago), Ben Bernanke affichait ses inqui\u00e9tudes quant \u00e0 la sant\u00e9 \u00ab\u00a0fragile\u00a0\u00bb du [&hellip;]<\/p>\n","protected":false},"author":18,"featured_media":10167,"comment_status":"open","ping_status":"open","sticky":false,"template":"","format":"standard","meta":{"_mbp_gutenberg_autopost":false,"_pgmb_is_evergreen":false,"_pgmb_ap_template_id":0,"footnotes":""},"categories":[6],"tags":[404,1100,144,887],"ppma_author":[2565],"class_list":["post-11779","post","type-post","status-publish","format-standard","has-post-thumbnail","hentry","category-articles-de-presse","tag-ben-bernanke","tag-economie-us","tag-fed","tag-systeme-bancaire"],"yoast_head":"<!-- This site is optimized with the Yoast SEO plugin v27.5 - https:\/\/yoast.com\/product\/yoast-seo-wordpress\/ -->\n<title>4 ans apr\u00e8s la crise\u2026\u00abson h\u00e9ritage reste\u00bb - Gold.fr<\/title>\n<meta name=\"robots\" content=\"index, follow, max-snippet:-1, max-image-preview:large, max-video-preview:-1\" \/>\n<link rel=\"canonical\" href=\"https:\/\/www.gold.fr\/news\/2013\/05\/28\/4-ans-apres-la-criseson-heritage-reste\/\" \/>\n<meta property=\"og:locale\" content=\"fr_FR\" \/>\n<meta property=\"og:type\" content=\"article\" \/>\n<meta property=\"og:title\" content=\"4 ans apr\u00e8s la crise\u2026\u00abson h\u00e9ritage reste\u00bb - Gold.fr\" \/>\n<meta property=\"og:description\" content=\"Lors de la conf\u00e9rence annuelle sur les structures bancaires et les syst\u00e8mes de compensation financi\u00e8re (organis\u00e9e, le 10 mai, par la R\u00e9serve F\u00e9d\u00e9rale de Chicago), Ben Bernanke affichait ses inqui\u00e9tudes quant \u00e0 la sant\u00e9 \u00ab\u00a0fragile\u00a0\u00bb du [&hellip;]\" \/>\n<meta property=\"og:url\" content=\"https:\/\/www.gold.fr\/news\/2013\/05\/28\/4-ans-apres-la-criseson-heritage-reste\/\" \/>\n<meta property=\"og:site_name\" content=\"Gold.fr\" \/>\n<meta property=\"article:publisher\" content=\"https:\/\/www.facebook.com\/Goldfr\/\" \/>\n<meta property=\"article:published_time\" content=\"2013-05-28T07:00:09+00:00\" \/>\n<meta property=\"article:modified_time\" content=\"2017-11-02T10:33:46+00:00\" \/>\n<meta property=\"og:image\" content=\"https:\/\/www.gold.fr\/news\/wp-content\/uploads\/2011\/03\/lingots-or-1kg-e1473412427214.jpg\" \/>\n\t<meta property=\"og:image:width\" content=\"250\" \/>\n\t<meta property=\"og:image:height\" content=\"167\" \/>\n\t<meta property=\"og:image:type\" content=\"image\/jpeg\" \/>\n<meta name=\"author\" content=\"Comptoir National de l&#039;Or\" \/>\n<meta name=\"twitter:card\" content=\"summary_large_image\" \/>\n<meta name=\"twitter:label1\" content=\"\u00c9crit par\" \/>\n\t<meta name=\"twitter:data1\" content=\"Comptoir National de l&#039;Or\" \/>\n\t<meta name=\"twitter:label2\" content=\"Dur\u00e9e de lecture estim\u00e9e\" \/>\n\t<meta name=\"twitter:data2\" content=\"1 minute\" \/>\n<script type=\"application\/ld+json\" class=\"yoast-schema-graph\">{\"@context\":\"https:\\\/\\\/schema.org\",\"@graph\":[{\"@type\":\"Article\",\"@id\":\"https:\\\/\\\/www.gold.fr\\\/news\\\/2013\\\/05\\\/28\\\/4-ans-apres-la-criseson-heritage-reste\\\/#article\",\"isPartOf\":{\"@id\":\"https:\\\/\\\/www.gold.fr\\\/news\\\/2013\\\/05\\\/28\\\/4-ans-apres-la-criseson-heritage-reste\\\/\"},\"author\":{\"name\":\"Comptoir National de l'Or\",\"@id\":\"https:\\\/\\\/www.gold.fr\\\/news\\\/#\\\/schema\\\/person\\\/070491b4b4fb7671bf59b3be20302ce9\"},\"headline\":\"4 ans apr\u00e8s la crise\u2026\u00abson h\u00e9ritage reste\u00bb\",\"datePublished\":\"2013-05-28T07:00:09+00:00\",\"dateModified\":\"2017-11-02T10:33:46+00:00\",\"mainEntityOfPage\":{\"@id\":\"https:\\\/\\\/www.gold.fr\\\/news\\\/2013\\\/05\\\/28\\\/4-ans-apres-la-criseson-heritage-reste\\\/\"},\"wordCount\":256,\"commentCount\":0,\"image\":{\"@id\":\"https:\\\/\\\/www.gold.fr\\\/news\\\/2013\\\/05\\\/28\\\/4-ans-apres-la-criseson-heritage-reste\\\/#primaryimage\"},\"thumbnailUrl\":\"https:\\\/\\\/www.gold.fr\\\/news\\\/wp-content\\\/uploads\\\/2011\\\/03\\\/lingots-or-1kg-e1473412427214.jpg\",\"keywords\":[\"ben bernanke\",\"\u00e9conomie US\",\"fed\",\"syst\u00e8me bancaire\"],\"articleSection\":[\"Articles de presse\"],\"inLanguage\":\"fr-FR\"},{\"@type\":\"WebPage\",\"@id\":\"https:\\\/\\\/www.gold.fr\\\/news\\\/2013\\\/05\\\/28\\\/4-ans-apres-la-criseson-heritage-reste\\\/\",\"url\":\"https:\\\/\\\/www.gold.fr\\\/news\\\/2013\\\/05\\\/28\\\/4-ans-apres-la-criseson-heritage-reste\\\/\",\"name\":\"4 ans apr\u00e8s la crise\u2026\u00abson h\u00e9ritage reste\u00bb - Gold.fr\",\"isPartOf\":{\"@id\":\"https:\\\/\\\/www.gold.fr\\\/news\\\/#website\"},\"primaryImageOfPage\":{\"@id\":\"https:\\\/\\\/www.gold.fr\\\/news\\\/2013\\\/05\\\/28\\\/4-ans-apres-la-criseson-heritage-reste\\\/#primaryimage\"},\"image\":{\"@id\":\"https:\\\/\\\/www.gold.fr\\\/news\\\/2013\\\/05\\\/28\\\/4-ans-apres-la-criseson-heritage-reste\\\/#primaryimage\"},\"thumbnailUrl\":\"https:\\\/\\\/www.gold.fr\\\/news\\\/wp-content\\\/uploads\\\/2011\\\/03\\\/lingots-or-1kg-e1473412427214.jpg\",\"datePublished\":\"2013-05-28T07:00:09+00:00\",\"dateModified\":\"2017-11-02T10:33:46+00:00\",\"author\":{\"@id\":\"https:\\\/\\\/www.gold.fr\\\/news\\\/#\\\/schema\\\/person\\\/070491b4b4fb7671bf59b3be20302ce9\"},\"breadcrumb\":{\"@id\":\"https:\\\/\\\/www.gold.fr\\\/news\\\/2013\\\/05\\\/28\\\/4-ans-apres-la-criseson-heritage-reste\\\/#breadcrumb\"},\"inLanguage\":\"fr-FR\",\"potentialAction\":[{\"@type\":\"ReadAction\",\"target\":[\"https:\\\/\\\/www.gold.fr\\\/news\\\/2013\\\/05\\\/28\\\/4-ans-apres-la-criseson-heritage-reste\\\/\"]}]},{\"@type\":\"ImageObject\",\"inLanguage\":\"fr-FR\",\"@id\":\"https:\\\/\\\/www.gold.fr\\\/news\\\/2013\\\/05\\\/28\\\/4-ans-apres-la-criseson-heritage-reste\\\/#primaryimage\",\"url\":\"https:\\\/\\\/www.gold.fr\\\/news\\\/wp-content\\\/uploads\\\/2011\\\/03\\\/lingots-or-1kg-e1473412427214.jpg\",\"contentUrl\":\"https:\\\/\\\/www.gold.fr\\\/news\\\/wp-content\\\/uploads\\\/2011\\\/03\\\/lingots-or-1kg-e1473412427214.jpg\",\"width\":250,\"height\":167,\"caption\":\"L'once termine la semaine en \u00e9quilibre\"},{\"@type\":\"BreadcrumbList\",\"@id\":\"https:\\\/\\\/www.gold.fr\\\/news\\\/2013\\\/05\\\/28\\\/4-ans-apres-la-criseson-heritage-reste\\\/#breadcrumb\",\"itemListElement\":[{\"@type\":\"ListItem\",\"position\":1,\"name\":\"Accueil\",\"item\":\"https:\\\/\\\/www.gold.fr\\\/\"},{\"@type\":\"ListItem\",\"position\":2,\"name\":\"Actualit\u00e9s\",\"item\":\"https:\\\/\\\/www.gold.fr\\\/news\\\/\"},{\"@type\":\"ListItem\",\"position\":3,\"name\":\"4 ans apr\u00e8s la crise\u2026\u00abson h\u00e9ritage reste\u00bb\"}]},{\"@type\":\"WebSite\",\"@id\":\"https:\\\/\\\/www.gold.fr\\\/news\\\/#website\",\"url\":\"https:\\\/\\\/www.gold.fr\\\/news\\\/\",\"name\":\"Gold.fr\",\"description\":\"Actualit\u00e9s de l&#039;Or et des m\u00e9taux pr\u00e9cieux\",\"potentialAction\":[{\"@type\":\"SearchAction\",\"target\":{\"@type\":\"EntryPoint\",\"urlTemplate\":\"https:\\\/\\\/www.gold.fr\\\/news\\\/?s={search_term_string}\"},\"query-input\":{\"@type\":\"PropertyValueSpecification\",\"valueRequired\":true,\"valueName\":\"search_term_string\"}}],\"inLanguage\":\"fr-FR\"},{\"@type\":\"Person\",\"@id\":\"https:\\\/\\\/www.gold.fr\\\/news\\\/#\\\/schema\\\/person\\\/070491b4b4fb7671bf59b3be20302ce9\",\"name\":\"Comptoir National de l'Or\",\"image\":{\"@type\":\"ImageObject\",\"inLanguage\":\"fr-FR\",\"@id\":\"https:\\\/\\\/secure.gravatar.com\\\/avatar\\\/0a2867fd5abe37bed95d5a65e9d58f01756e11efc68af9888dfc50cfa7f65948?s=96&d=mm&r=gb490554db0a38188709de567aa58480d\",\"url\":\"https:\\\/\\\/secure.gravatar.com\\\/avatar\\\/0a2867fd5abe37bed95d5a65e9d58f01756e11efc68af9888dfc50cfa7f65948?s=96&d=mm&r=g\",\"contentUrl\":\"https:\\\/\\\/secure.gravatar.com\\\/avatar\\\/0a2867fd5abe37bed95d5a65e9d58f01756e11efc68af9888dfc50cfa7f65948?s=96&d=mm&r=g\",\"caption\":\"Comptoir National de l'Or\"},\"description\":\"Notre r\u00e9daction est constitu\u00e9e de membres experts dans les m\u00e9tiers de l'\u00e9conomie et la gestion, des Responsables d'agence Comptoir National de l'Or, des analystes financiers qui publient r\u00e9guli\u00e8rement des \u00e9tudes sur les politiques des banques centrales, le cours de l'or, prix de l'or, cours de l'argent, prix de l'argent, cours du platine, cours du palladium,... la situation en zone euro et l'impact de la strat\u00e9gie mon\u00e9taire de la FED. Notre \u00e9quipe scrute \u00e9galement une information plus g\u00e9n\u00e9raliste \u00e0 la recherche d'actualit\u00e9 \\\"p\u00e9pite\\\" \u00e0 vous partager. Depuis 5 ans, nous avons publi\u00e9 un peu plus de 4000 articles qui s'adressent \u00e0 un public large et vari\u00e9 ayant pour objectif de satisfaire votre curiosit\u00e9 et de partager avec vous une certaine fascination pour le m\u00e9tal jaune, le rachat d'or, et pour ceux qui veulent investir dans l'or, vendre leur or tout simplement en savoir plus... Pour tous vos achat or et argent, n'h\u00e9sitez pas \u00e0 prendre rendez-vous dans l'un de nos nombreux comptoirs.\",\"sameAs\":[\"https:\\\/\\\/www.gold.fr\"]}]}<\/script>\n<!-- \/ Yoast SEO plugin. -->","yoast_head_json":{"title":"4 ans apr\u00e8s la crise\u2026\u00abson h\u00e9ritage reste\u00bb - Gold.fr","robots":{"index":"index","follow":"follow","max-snippet":"max-snippet:-1","max-image-preview":"max-image-preview:large","max-video-preview":"max-video-preview:-1"},"canonical":"https:\/\/www.gold.fr\/news\/2013\/05\/28\/4-ans-apres-la-criseson-heritage-reste\/","og_locale":"fr_FR","og_type":"article","og_title":"4 ans apr\u00e8s la crise\u2026\u00abson h\u00e9ritage reste\u00bb - Gold.fr","og_description":"Lors de la conf\u00e9rence annuelle sur les structures bancaires et les syst\u00e8mes de compensation financi\u00e8re (organis\u00e9e, le 10 mai, par la R\u00e9serve F\u00e9d\u00e9rale de Chicago), Ben Bernanke affichait ses inqui\u00e9tudes quant \u00e0 la sant\u00e9 \u00ab\u00a0fragile\u00a0\u00bb du [&hellip;]","og_url":"https:\/\/www.gold.fr\/news\/2013\/05\/28\/4-ans-apres-la-criseson-heritage-reste\/","og_site_name":"Gold.fr","article_publisher":"https:\/\/www.facebook.com\/Goldfr\/","article_published_time":"2013-05-28T07:00:09+00:00","article_modified_time":"2017-11-02T10:33:46+00:00","og_image":[{"width":250,"height":167,"url":"https:\/\/www.gold.fr\/news\/wp-content\/uploads\/2011\/03\/lingots-or-1kg-e1473412427214.jpg","type":"image\/jpeg"}],"author":"Comptoir National de l'Or","twitter_card":"summary_large_image","twitter_misc":{"\u00c9crit par":"Comptoir National de l'Or","Dur\u00e9e de lecture estim\u00e9e":"1 minute"},"schema":{"@context":"https:\/\/schema.org","@graph":[{"@type":"Article","@id":"https:\/\/www.gold.fr\/news\/2013\/05\/28\/4-ans-apres-la-criseson-heritage-reste\/#article","isPartOf":{"@id":"https:\/\/www.gold.fr\/news\/2013\/05\/28\/4-ans-apres-la-criseson-heritage-reste\/"},"author":{"name":"Comptoir National de l'Or","@id":"https:\/\/www.gold.fr\/news\/#\/schema\/person\/070491b4b4fb7671bf59b3be20302ce9"},"headline":"4 ans apr\u00e8s la crise\u2026\u00abson h\u00e9ritage reste\u00bb","datePublished":"2013-05-28T07:00:09+00:00","dateModified":"2017-11-02T10:33:46+00:00","mainEntityOfPage":{"@id":"https:\/\/www.gold.fr\/news\/2013\/05\/28\/4-ans-apres-la-criseson-heritage-reste\/"},"wordCount":256,"commentCount":0,"image":{"@id":"https:\/\/www.gold.fr\/news\/2013\/05\/28\/4-ans-apres-la-criseson-heritage-reste\/#primaryimage"},"thumbnailUrl":"https:\/\/www.gold.fr\/news\/wp-content\/uploads\/2011\/03\/lingots-or-1kg-e1473412427214.jpg","keywords":["ben bernanke","\u00e9conomie US","fed","syst\u00e8me bancaire"],"articleSection":["Articles de presse"],"inLanguage":"fr-FR"},{"@type":"WebPage","@id":"https:\/\/www.gold.fr\/news\/2013\/05\/28\/4-ans-apres-la-criseson-heritage-reste\/","url":"https:\/\/www.gold.fr\/news\/2013\/05\/28\/4-ans-apres-la-criseson-heritage-reste\/","name":"4 ans apr\u00e8s la crise\u2026\u00abson h\u00e9ritage reste\u00bb - Gold.fr","isPartOf":{"@id":"https:\/\/www.gold.fr\/news\/#website"},"primaryImageOfPage":{"@id":"https:\/\/www.gold.fr\/news\/2013\/05\/28\/4-ans-apres-la-criseson-heritage-reste\/#primaryimage"},"image":{"@id":"https:\/\/www.gold.fr\/news\/2013\/05\/28\/4-ans-apres-la-criseson-heritage-reste\/#primaryimage"},"thumbnailUrl":"https:\/\/www.gold.fr\/news\/wp-content\/uploads\/2011\/03\/lingots-or-1kg-e1473412427214.jpg","datePublished":"2013-05-28T07:00:09+00:00","dateModified":"2017-11-02T10:33:46+00:00","author":{"@id":"https:\/\/www.gold.fr\/news\/#\/schema\/person\/070491b4b4fb7671bf59b3be20302ce9"},"breadcrumb":{"@id":"https:\/\/www.gold.fr\/news\/2013\/05\/28\/4-ans-apres-la-criseson-heritage-reste\/#breadcrumb"},"inLanguage":"fr-FR","potentialAction":[{"@type":"ReadAction","target":["https:\/\/www.gold.fr\/news\/2013\/05\/28\/4-ans-apres-la-criseson-heritage-reste\/"]}]},{"@type":"ImageObject","inLanguage":"fr-FR","@id":"https:\/\/www.gold.fr\/news\/2013\/05\/28\/4-ans-apres-la-criseson-heritage-reste\/#primaryimage","url":"https:\/\/www.gold.fr\/news\/wp-content\/uploads\/2011\/03\/lingots-or-1kg-e1473412427214.jpg","contentUrl":"https:\/\/www.gold.fr\/news\/wp-content\/uploads\/2011\/03\/lingots-or-1kg-e1473412427214.jpg","width":250,"height":167,"caption":"L'once termine la semaine en \u00e9quilibre"},{"@type":"BreadcrumbList","@id":"https:\/\/www.gold.fr\/news\/2013\/05\/28\/4-ans-apres-la-criseson-heritage-reste\/#breadcrumb","itemListElement":[{"@type":"ListItem","position":1,"name":"Accueil","item":"https:\/\/www.gold.fr\/"},{"@type":"ListItem","position":2,"name":"Actualit\u00e9s","item":"https:\/\/www.gold.fr\/news\/"},{"@type":"ListItem","position":3,"name":"4 ans apr\u00e8s la crise\u2026\u00abson h\u00e9ritage reste\u00bb"}]},{"@type":"WebSite","@id":"https:\/\/www.gold.fr\/news\/#website","url":"https:\/\/www.gold.fr\/news\/","name":"Gold.fr","description":"Actualit\u00e9s de l&#039;Or et des m\u00e9taux pr\u00e9cieux","potentialAction":[{"@type":"SearchAction","target":{"@type":"EntryPoint","urlTemplate":"https:\/\/www.gold.fr\/news\/?s={search_term_string}"},"query-input":{"@type":"PropertyValueSpecification","valueRequired":true,"valueName":"search_term_string"}}],"inLanguage":"fr-FR"},{"@type":"Person","@id":"https:\/\/www.gold.fr\/news\/#\/schema\/person\/070491b4b4fb7671bf59b3be20302ce9","name":"Comptoir National de l'Or","image":{"@type":"ImageObject","inLanguage":"fr-FR","@id":"https:\/\/secure.gravatar.com\/avatar\/0a2867fd5abe37bed95d5a65e9d58f01756e11efc68af9888dfc50cfa7f65948?s=96&d=mm&r=gb490554db0a38188709de567aa58480d","url":"https:\/\/secure.gravatar.com\/avatar\/0a2867fd5abe37bed95d5a65e9d58f01756e11efc68af9888dfc50cfa7f65948?s=96&d=mm&r=g","contentUrl":"https:\/\/secure.gravatar.com\/avatar\/0a2867fd5abe37bed95d5a65e9d58f01756e11efc68af9888dfc50cfa7f65948?s=96&d=mm&r=g","caption":"Comptoir National de l'Or"},"description":"Notre r\u00e9daction est constitu\u00e9e de membres experts dans les m\u00e9tiers de l'\u00e9conomie et la gestion, des Responsables d'agence Comptoir National de l'Or, des analystes financiers qui publient r\u00e9guli\u00e8rement des \u00e9tudes sur les politiques des banques centrales, le cours de l'or, prix de l'or, cours de l'argent, prix de l'argent, cours du platine, cours du palladium,... la situation en zone euro et l'impact de la strat\u00e9gie mon\u00e9taire de la FED. Notre \u00e9quipe scrute \u00e9galement une information plus g\u00e9n\u00e9raliste \u00e0 la recherche d'actualit\u00e9 \"p\u00e9pite\" \u00e0 vous partager. Depuis 5 ans, nous avons publi\u00e9 un peu plus de 4000 articles qui s'adressent \u00e0 un public large et vari\u00e9 ayant pour objectif de satisfaire votre curiosit\u00e9 et de partager avec vous une certaine fascination pour le m\u00e9tal jaune, le rachat d'or, et pour ceux qui veulent investir dans l'or, vendre leur or tout simplement en savoir plus... Pour tous vos achat or et argent, n'h\u00e9sitez pas \u00e0 prendre rendez-vous dans l'un de nos nombreux comptoirs.","sameAs":["https:\/\/www.gold.fr"]}]}},"authors":[{"term_id":2565,"user_id":18,"is_guest":0,"slug":"julie","display_name":"Comptoir National de l'Or","avatar_url":"https:\/\/secure.gravatar.com\/avatar\/713f289e398d35ead876c4a4cc08607f0d6d266058cfc25683fffb6092d0e572?s=96&d=mm&r=g","0":null,"1":"","2":"","3":"","4":"","5":"","6":"","7":"","8":""}],"_links":{"self":[{"href":"https:\/\/www.gold.fr\/news\/wp-json\/wp\/v2\/posts\/11779","targetHints":{"allow":["GET"]}}],"collection":[{"href":"https:\/\/www.gold.fr\/news\/wp-json\/wp\/v2\/posts"}],"about":[{"href":"https:\/\/www.gold.fr\/news\/wp-json\/wp\/v2\/types\/post"}],"author":[{"embeddable":true,"href":"https:\/\/www.gold.fr\/news\/wp-json\/wp\/v2\/users\/18"}],"replies":[{"embeddable":true,"href":"https:\/\/www.gold.fr\/news\/wp-json\/wp\/v2\/comments?post=11779"}],"version-history":[{"count":0,"href":"https:\/\/www.gold.fr\/news\/wp-json\/wp\/v2\/posts\/11779\/revisions"}],"wp:featuredmedia":[{"embeddable":true,"href":"https:\/\/www.gold.fr\/news\/wp-json\/wp\/v2\/media\/10167"}],"wp:attachment":[{"href":"https:\/\/www.gold.fr\/news\/wp-json\/wp\/v2\/media?parent=11779"}],"wp:term":[{"taxonomy":"category","embeddable":true,"href":"https:\/\/www.gold.fr\/news\/wp-json\/wp\/v2\/categories?post=11779"},{"taxonomy":"post_tag","embeddable":true,"href":"https:\/\/www.gold.fr\/news\/wp-json\/wp\/v2\/tags?post=11779"},{"taxonomy":"author","embeddable":true,"href":"https:\/\/www.gold.fr\/news\/wp-json\/wp\/v2\/ppma_author?post=11779"}],"curies":[{"name":"wp","href":"https:\/\/api.w.org\/{rel}","templated":true}]}}