{"id":11735,"date":"2013-05-21T13:00:40","date_gmt":"2013-05-21T11:00:40","guid":{"rendered":"https:\/\/www.gold.fr\/news\/?p=11735"},"modified":"2020-12-08T14:25:06","modified_gmt":"2020-12-08T13:25:06","slug":"lor-rebondit-booste-par-une-demande-inebranlable","status":"publish","type":"post","link":"https:\/\/www.gold.fr\/news\/2013\/05\/21\/lor-rebondit-booste-par-une-demande-inebranlable\/","title":{"rendered":"L&rsquo;or rebondit, boost\u00e9 par une demande in\u00e9branlable"},"content":{"rendered":"<p><span style=\"font-size: small;\"><img loading=\"lazy\" decoding=\"async\" class=\"alignleft size-thumbnail wp-image-5519\" title=\"Cours de l'Or de Bourse\" src=\"https:\/\/www.gold.fr\/news\/wp-content\/uploads\/2012\/02\/Cours-de-lOr-150x150.jpg\" alt=\"\" width=\"150\" height=\"150\" \/>Apr\u00e8s huit s\u00e9ances cons\u00e9cutives <a title=\"Evolution de l\u2019or : Faut-il s\u2019inqui\u00e9ter ?\" href=\"https:\/\/www.gold.fr\/news\/2013\/05\/17\/evolution-de-lor-faut-il-sinquieter\/11718\/\" target=\"_blank\" rel=\"noopener noreferrer\">en constante tendance baissi\u00e8re<\/a>, le <a class=\"esk-seo-plu-link\" href=\"https:\/\/www.gold.fr\/news\/tags\/or\">m\u00e9tal jaune<\/a> reprend enfin des forces et revient en force, regagnant un terrain consid\u00e9rable.<\/span> <span style=\"font-size: small;\"> En d\u00e9pit <a title=\"L\u2019or r\u00e9siste, en d\u00e9pit de l\u2019offensive du dollar\" href=\"https:\/\/www.gold.fr\/news\/2013\/05\/21\/lor-resiste-en-depit-de-loffensive-du-dollar\/11729\/\" target=\"_blank\" rel=\"noopener noreferrer\">des r\u00e9centes performances am\u00e9ricaines<\/a> qui ont \u00e9t\u00e9 d&rsquo;un optimisme surprenant, l&rsquo;<a class=\"esk-seo-plu-link\" href=\"https:\/\/www.gold.fr\/news\/tags\/or\">or<\/a> r\u00e9ussit \u00e0 quitter d\u00e9j\u00e0 l&rsquo;orni\u00e8re de repli qui a naturellement d\u00e9coul\u00e9 du ravivement du billet vert.<\/span> <span style=\"font-size: small;\"> Le <a class=\"esk-seo-plu-link\" href=\"https:\/\/www.gold.fr\/news\/tags\/or\">m\u00e9tal jaune<\/a> accumule pr\u00e8s de <strong>50 dollars<\/strong> de gain, en moins de <strong>24h<\/strong>, et ouvre la s\u00e9ance de ce <strong>mardi 21 mai 2013<\/strong> avec <a title=\"Prix de l'Or\" href=\"https:\/\/www.gold.fr\/cours-prix-de-l-or\/\" target=\"_blank\" rel=\"noopener noreferrer\">un cours<\/a> nettement haussier de <strong>1.391,75 dollars<\/strong> <a title=\"Prix de l'Once d'Or\" href=\"https:\/\/www.gold.fr\/once-en\/\" target=\"_blank\" rel=\"noopener noreferrer\">l&rsquo;once<\/a>.<\/span><\/p>\n<!-- AddThis Advanced Settings generic via filter on the_content --><!-- AddThis Share Buttons generic via filter on the_content -->","protected":false},"excerpt":{"rendered":"<p>Apr\u00e8s huit s\u00e9ances cons\u00e9cutives en constante tendance baissi\u00e8re, le m\u00e9tal jaune reprend enfin des forces et revient en force, regagnant un terrain consid\u00e9rable. En d\u00e9pit des r\u00e9centes performances am\u00e9ricaines qui ont \u00e9t\u00e9 d&rsquo;un optimisme surprenant, l&rsquo;or [&hellip;]<\/p>\n","protected":false},"author":18,"featured_media":30940,"comment_status":"closed","ping_status":"closed","sticky":false,"template":"","format":"standard","meta":{"_mbp_gutenberg_autopost":false,"_pgmb_is_evergreen":false,"_pgmb_ap_template_id":0,"footnotes":""},"categories":[5],"tags":[385,84],"ppma_author":[2565],"class_list":["post-11735","post","type-post","status-publish","format-standard","has-post-thumbnail","hentry","category-flash-infos","tag-cours-de-lor-de-bourse","tag-cours-de-lor"],"yoast_head":"<!-- This site is optimized with the Yoast SEO plugin v26.9 - https:\/\/yoast.com\/product\/yoast-seo-wordpress\/ -->\n<title>L&#039;or rebondit, boost\u00e9 par une demande in\u00e9branlable - Gold.fr<\/title>\n<meta name=\"robots\" content=\"index, follow, max-snippet:-1, max-image-preview:large, max-video-preview:-1\" \/>\n<link rel=\"canonical\" href=\"https:\/\/www.gold.fr\/news\/2013\/05\/21\/lor-rebondit-booste-par-une-demande-inebranlable\/\" \/>\n<meta property=\"og:locale\" content=\"fr_FR\" \/>\n<meta property=\"og:type\" content=\"article\" \/>\n<meta property=\"og:title\" content=\"L&#039;or rebondit, boost\u00e9 par une demande in\u00e9branlable - Gold.fr\" \/>\n<meta property=\"og:description\" content=\"Apr\u00e8s huit s\u00e9ances cons\u00e9cutives en constante tendance baissi\u00e8re, le m\u00e9tal jaune reprend enfin des forces et revient en force, regagnant un terrain consid\u00e9rable. En d\u00e9pit des r\u00e9centes performances am\u00e9ricaines qui ont \u00e9t\u00e9 d&rsquo;un optimisme surprenant, l&rsquo;or [&hellip;]\" \/>\n<meta property=\"og:url\" content=\"https:\/\/www.gold.fr\/news\/2013\/05\/21\/lor-rebondit-booste-par-une-demande-inebranlable\/\" \/>\n<meta property=\"og:site_name\" content=\"Gold.fr\" \/>\n<meta property=\"article:publisher\" content=\"https:\/\/www.facebook.com\/Goldfr\/\" \/>\n<meta property=\"article:published_time\" content=\"2013-05-21T11:00:40+00:00\" \/>\n<meta property=\"article:modified_time\" content=\"2020-12-08T13:25:06+00:00\" \/>\n<meta property=\"og:image\" content=\"https:\/\/www.gold.fr\/news\/wp-content\/uploads\/2017\/06\/10-once-d-or.jpg\" \/>\n\t<meta property=\"og:image:width\" content=\"600\" \/>\n\t<meta property=\"og:image:height\" content=\"491\" \/>\n\t<meta property=\"og:image:type\" content=\"image\/jpeg\" \/>\n<meta name=\"author\" content=\"Comptoir National de l&#039;Or\" \/>\n<meta name=\"twitter:card\" content=\"summary_large_image\" \/>\n<meta name=\"twitter:label1\" content=\"\u00c9crit par\" \/>\n\t<meta name=\"twitter:data1\" content=\"Comptoir National de l&#039;Or\" \/>\n<script type=\"application\/ld+json\" class=\"yoast-schema-graph\">{\"@context\":\"https:\/\/schema.org\",\"@graph\":[{\"@type\":\"Article\",\"@id\":\"https:\/\/www.gold.fr\/news\/2013\/05\/21\/lor-rebondit-booste-par-une-demande-inebranlable\/#article\",\"isPartOf\":{\"@id\":\"https:\/\/www.gold.fr\/news\/2013\/05\/21\/lor-rebondit-booste-par-une-demande-inebranlable\/\"},\"author\":{\"name\":\"Comptoir National de l'Or\",\"@id\":\"https:\/\/www.gold.fr\/news\/#\/schema\/person\/760ee7cec237915eebf2be78df0404c4\"},\"headline\":\"L&rsquo;or rebondit, boost\u00e9 par une demande in\u00e9branlable\",\"datePublished\":\"2013-05-21T11:00:40+00:00\",\"dateModified\":\"2020-12-08T13:25:06+00:00\",\"mainEntityOfPage\":{\"@id\":\"https:\/\/www.gold.fr\/news\/2013\/05\/21\/lor-rebondit-booste-par-une-demande-inebranlable\/\"},\"wordCount\":109,\"image\":{\"@id\":\"https:\/\/www.gold.fr\/news\/2013\/05\/21\/lor-rebondit-booste-par-une-demande-inebranlable\/#primaryimage\"},\"thumbnailUrl\":\"https:\/\/www.gold.fr\/news\/wp-content\/uploads\/2017\/06\/10-once-d-or.jpg\",\"keywords\":[\"cours de l'or de bourse\",\"Tout Cours de l'Or\"],\"articleSection\":[\"Flash infos\"],\"inLanguage\":\"fr-FR\"},{\"@type\":\"WebPage\",\"@id\":\"https:\/\/www.gold.fr\/news\/2013\/05\/21\/lor-rebondit-booste-par-une-demande-inebranlable\/\",\"url\":\"https:\/\/www.gold.fr\/news\/2013\/05\/21\/lor-rebondit-booste-par-une-demande-inebranlable\/\",\"name\":\"L'or rebondit, boost\u00e9 par une demande in\u00e9branlable - Gold.fr\",\"isPartOf\":{\"@id\":\"https:\/\/www.gold.fr\/news\/#website\"},\"primaryImageOfPage\":{\"@id\":\"https:\/\/www.gold.fr\/news\/2013\/05\/21\/lor-rebondit-booste-par-une-demande-inebranlable\/#primaryimage\"},\"image\":{\"@id\":\"https:\/\/www.gold.fr\/news\/2013\/05\/21\/lor-rebondit-booste-par-une-demande-inebranlable\/#primaryimage\"},\"thumbnailUrl\":\"https:\/\/www.gold.fr\/news\/wp-content\/uploads\/2017\/06\/10-once-d-or.jpg\",\"datePublished\":\"2013-05-21T11:00:40+00:00\",\"dateModified\":\"2020-12-08T13:25:06+00:00\",\"author\":{\"@id\":\"https:\/\/www.gold.fr\/news\/#\/schema\/person\/760ee7cec237915eebf2be78df0404c4\"},\"breadcrumb\":{\"@id\":\"https:\/\/www.gold.fr\/news\/2013\/05\/21\/lor-rebondit-booste-par-une-demande-inebranlable\/#breadcrumb\"},\"inLanguage\":\"fr-FR\",\"potentialAction\":[{\"@type\":\"ReadAction\",\"target\":[\"https:\/\/www.gold.fr\/news\/2013\/05\/21\/lor-rebondit-booste-par-une-demande-inebranlable\/\"]}]},{\"@type\":\"ImageObject\",\"inLanguage\":\"fr-FR\",\"@id\":\"https:\/\/www.gold.fr\/news\/2013\/05\/21\/lor-rebondit-booste-par-une-demande-inebranlable\/#primaryimage\",\"url\":\"https:\/\/www.gold.fr\/news\/wp-content\/uploads\/2017\/06\/10-once-d-or.jpg\",\"contentUrl\":\"https:\/\/www.gold.fr\/news\/wp-content\/uploads\/2017\/06\/10-once-d-or.jpg\",\"width\":600,\"height\":491,\"caption\":\"Un autre rebond r\u00e9alis\u00e9 par l\u2019once\"},{\"@type\":\"BreadcrumbList\",\"@id\":\"https:\/\/www.gold.fr\/news\/2013\/05\/21\/lor-rebondit-booste-par-une-demande-inebranlable\/#breadcrumb\",\"itemListElement\":[{\"@type\":\"ListItem\",\"position\":1,\"name\":\"Accueil\",\"item\":\"https:\/\/www.gold.fr\/\"},{\"@type\":\"ListItem\",\"position\":2,\"name\":\"Actualit\u00e9s\",\"item\":\"https:\/\/www.gold.fr\/news\/\"},{\"@type\":\"ListItem\",\"position\":3,\"name\":\"L&rsquo;or rebondit, boost\u00e9 par une demande in\u00e9branlable\"}]},{\"@type\":\"WebSite\",\"@id\":\"https:\/\/www.gold.fr\/news\/#website\",\"url\":\"https:\/\/www.gold.fr\/news\/\",\"name\":\"Gold.fr\",\"description\":\"Actualit\u00e9s de l&#039;Or et des m\u00e9taux pr\u00e9cieux\",\"potentialAction\":[{\"@type\":\"SearchAction\",\"target\":{\"@type\":\"EntryPoint\",\"urlTemplate\":\"https:\/\/www.gold.fr\/news\/?s={search_term_string}\"},\"query-input\":{\"@type\":\"PropertyValueSpecification\",\"valueRequired\":true,\"valueName\":\"search_term_string\"}}],\"inLanguage\":\"fr-FR\"},{\"@type\":\"Person\",\"@id\":\"https:\/\/www.gold.fr\/news\/#\/schema\/person\/760ee7cec237915eebf2be78df0404c4\",\"name\":\"Comptoir National de l'Or\",\"image\":{\"@type\":\"ImageObject\",\"inLanguage\":\"fr-FR\",\"@id\":\"https:\/\/www.gold.fr\/news\/#\/schema\/person\/image\/c36675942654553a86039d2dfa93c740\",\"url\":\"https:\/\/secure.gravatar.com\/avatar\/713f289e398d35ead876c4a4cc08607f0d6d266058cfc25683fffb6092d0e572?s=96&d=mm&r=g\",\"contentUrl\":\"https:\/\/secure.gravatar.com\/avatar\/713f289e398d35ead876c4a4cc08607f0d6d266058cfc25683fffb6092d0e572?s=96&d=mm&r=g\",\"caption\":\"Comptoir National de l'Or\"},\"description\":\"Notre r\u00e9daction est constitu\u00e9e de membres experts dans les m\u00e9tiers de l'\u00e9conomie et la gestion, des Responsables d'agence Comptoir National de l'Or, des analystes financiers qui publient r\u00e9guli\u00e8rement des \u00e9tudes sur les politiques des banques centrales, le cours de l'or, prix de l'or, cours de l'argent, prix de l'argent, cours du platine, cours du palladium,... la situation en zone euro et l'impact de la strat\u00e9gie mon\u00e9taire de la FED. Notre \u00e9quipe scrute \u00e9galement une information plus g\u00e9n\u00e9raliste \u00e0 la recherche d'actualit\u00e9 \\\"p\u00e9pite\\\" \u00e0 vous partager. Depuis 5 ans, nous avons publi\u00e9 un peu plus de 4000 articles qui s'adressent \u00e0 un public large et vari\u00e9 ayant pour objectif de satisfaire votre curiosit\u00e9 et de partager avec vous une certaine fascination pour le m\u00e9tal jaune, le rachat d'or, et pour ceux qui veulent investir dans l'or, vendre leur or tout simplement en savoir plus... Pour tous vos achat or et argent, n'h\u00e9sitez pas \u00e0 prendre rendez-vous dans l'un de nos nombreux comptoirs.\",\"sameAs\":[\"https:\/\/www.gold.fr\"]}]}<\/script>\n<!-- \/ Yoast SEO plugin. -->","yoast_head_json":{"title":"L'or rebondit, boost\u00e9 par une demande in\u00e9branlable - Gold.fr","robots":{"index":"index","follow":"follow","max-snippet":"max-snippet:-1","max-image-preview":"max-image-preview:large","max-video-preview":"max-video-preview:-1"},"canonical":"https:\/\/www.gold.fr\/news\/2013\/05\/21\/lor-rebondit-booste-par-une-demande-inebranlable\/","og_locale":"fr_FR","og_type":"article","og_title":"L'or rebondit, boost\u00e9 par une demande in\u00e9branlable - Gold.fr","og_description":"Apr\u00e8s huit s\u00e9ances cons\u00e9cutives en constante tendance baissi\u00e8re, le m\u00e9tal jaune reprend enfin des forces et revient en force, regagnant un terrain consid\u00e9rable. En d\u00e9pit des r\u00e9centes performances am\u00e9ricaines qui ont \u00e9t\u00e9 d&rsquo;un optimisme surprenant, l&rsquo;or [&hellip;]","og_url":"https:\/\/www.gold.fr\/news\/2013\/05\/21\/lor-rebondit-booste-par-une-demande-inebranlable\/","og_site_name":"Gold.fr","article_publisher":"https:\/\/www.facebook.com\/Goldfr\/","article_published_time":"2013-05-21T11:00:40+00:00","article_modified_time":"2020-12-08T13:25:06+00:00","og_image":[{"width":600,"height":491,"url":"https:\/\/www.gold.fr\/news\/wp-content\/uploads\/2017\/06\/10-once-d-or.jpg","type":"image\/jpeg"}],"author":"Comptoir National de l'Or","twitter_card":"summary_large_image","twitter_misc":{"\u00c9crit par":"Comptoir National de l'Or"},"schema":{"@context":"https:\/\/schema.org","@graph":[{"@type":"Article","@id":"https:\/\/www.gold.fr\/news\/2013\/05\/21\/lor-rebondit-booste-par-une-demande-inebranlable\/#article","isPartOf":{"@id":"https:\/\/www.gold.fr\/news\/2013\/05\/21\/lor-rebondit-booste-par-une-demande-inebranlable\/"},"author":{"name":"Comptoir National de l'Or","@id":"https:\/\/www.gold.fr\/news\/#\/schema\/person\/760ee7cec237915eebf2be78df0404c4"},"headline":"L&rsquo;or rebondit, boost\u00e9 par une demande in\u00e9branlable","datePublished":"2013-05-21T11:00:40+00:00","dateModified":"2020-12-08T13:25:06+00:00","mainEntityOfPage":{"@id":"https:\/\/www.gold.fr\/news\/2013\/05\/21\/lor-rebondit-booste-par-une-demande-inebranlable\/"},"wordCount":109,"image":{"@id":"https:\/\/www.gold.fr\/news\/2013\/05\/21\/lor-rebondit-booste-par-une-demande-inebranlable\/#primaryimage"},"thumbnailUrl":"https:\/\/www.gold.fr\/news\/wp-content\/uploads\/2017\/06\/10-once-d-or.jpg","keywords":["cours de l'or de bourse","Tout Cours de l'Or"],"articleSection":["Flash infos"],"inLanguage":"fr-FR"},{"@type":"WebPage","@id":"https:\/\/www.gold.fr\/news\/2013\/05\/21\/lor-rebondit-booste-par-une-demande-inebranlable\/","url":"https:\/\/www.gold.fr\/news\/2013\/05\/21\/lor-rebondit-booste-par-une-demande-inebranlable\/","name":"L'or rebondit, boost\u00e9 par une demande in\u00e9branlable - Gold.fr","isPartOf":{"@id":"https:\/\/www.gold.fr\/news\/#website"},"primaryImageOfPage":{"@id":"https:\/\/www.gold.fr\/news\/2013\/05\/21\/lor-rebondit-booste-par-une-demande-inebranlable\/#primaryimage"},"image":{"@id":"https:\/\/www.gold.fr\/news\/2013\/05\/21\/lor-rebondit-booste-par-une-demande-inebranlable\/#primaryimage"},"thumbnailUrl":"https:\/\/www.gold.fr\/news\/wp-content\/uploads\/2017\/06\/10-once-d-or.jpg","datePublished":"2013-05-21T11:00:40+00:00","dateModified":"2020-12-08T13:25:06+00:00","author":{"@id":"https:\/\/www.gold.fr\/news\/#\/schema\/person\/760ee7cec237915eebf2be78df0404c4"},"breadcrumb":{"@id":"https:\/\/www.gold.fr\/news\/2013\/05\/21\/lor-rebondit-booste-par-une-demande-inebranlable\/#breadcrumb"},"inLanguage":"fr-FR","potentialAction":[{"@type":"ReadAction","target":["https:\/\/www.gold.fr\/news\/2013\/05\/21\/lor-rebondit-booste-par-une-demande-inebranlable\/"]}]},{"@type":"ImageObject","inLanguage":"fr-FR","@id":"https:\/\/www.gold.fr\/news\/2013\/05\/21\/lor-rebondit-booste-par-une-demande-inebranlable\/#primaryimage","url":"https:\/\/www.gold.fr\/news\/wp-content\/uploads\/2017\/06\/10-once-d-or.jpg","contentUrl":"https:\/\/www.gold.fr\/news\/wp-content\/uploads\/2017\/06\/10-once-d-or.jpg","width":600,"height":491,"caption":"Un autre rebond r\u00e9alis\u00e9 par l\u2019once"},{"@type":"BreadcrumbList","@id":"https:\/\/www.gold.fr\/news\/2013\/05\/21\/lor-rebondit-booste-par-une-demande-inebranlable\/#breadcrumb","itemListElement":[{"@type":"ListItem","position":1,"name":"Accueil","item":"https:\/\/www.gold.fr\/"},{"@type":"ListItem","position":2,"name":"Actualit\u00e9s","item":"https:\/\/www.gold.fr\/news\/"},{"@type":"ListItem","position":3,"name":"L&rsquo;or rebondit, boost\u00e9 par une demande in\u00e9branlable"}]},{"@type":"WebSite","@id":"https:\/\/www.gold.fr\/news\/#website","url":"https:\/\/www.gold.fr\/news\/","name":"Gold.fr","description":"Actualit\u00e9s de l&#039;Or et des m\u00e9taux pr\u00e9cieux","potentialAction":[{"@type":"SearchAction","target":{"@type":"EntryPoint","urlTemplate":"https:\/\/www.gold.fr\/news\/?s={search_term_string}"},"query-input":{"@type":"PropertyValueSpecification","valueRequired":true,"valueName":"search_term_string"}}],"inLanguage":"fr-FR"},{"@type":"Person","@id":"https:\/\/www.gold.fr\/news\/#\/schema\/person\/760ee7cec237915eebf2be78df0404c4","name":"Comptoir National de l'Or","image":{"@type":"ImageObject","inLanguage":"fr-FR","@id":"https:\/\/www.gold.fr\/news\/#\/schema\/person\/image\/c36675942654553a86039d2dfa93c740","url":"https:\/\/secure.gravatar.com\/avatar\/713f289e398d35ead876c4a4cc08607f0d6d266058cfc25683fffb6092d0e572?s=96&d=mm&r=g","contentUrl":"https:\/\/secure.gravatar.com\/avatar\/713f289e398d35ead876c4a4cc08607f0d6d266058cfc25683fffb6092d0e572?s=96&d=mm&r=g","caption":"Comptoir National de l'Or"},"description":"Notre r\u00e9daction est constitu\u00e9e de membres experts dans les m\u00e9tiers de l'\u00e9conomie et la gestion, des Responsables d'agence Comptoir National de l'Or, des analystes financiers qui publient r\u00e9guli\u00e8rement des \u00e9tudes sur les politiques des banques centrales, le cours de l'or, prix de l'or, cours de l'argent, prix de l'argent, cours du platine, cours du palladium,... la situation en zone euro et l'impact de la strat\u00e9gie mon\u00e9taire de la FED. Notre \u00e9quipe scrute \u00e9galement une information plus g\u00e9n\u00e9raliste \u00e0 la recherche d'actualit\u00e9 \"p\u00e9pite\" \u00e0 vous partager. Depuis 5 ans, nous avons publi\u00e9 un peu plus de 4000 articles qui s'adressent \u00e0 un public large et vari\u00e9 ayant pour objectif de satisfaire votre curiosit\u00e9 et de partager avec vous une certaine fascination pour le m\u00e9tal jaune, le rachat d'or, et pour ceux qui veulent investir dans l'or, vendre leur or tout simplement en savoir plus... Pour tous vos achat or et argent, n'h\u00e9sitez pas \u00e0 prendre rendez-vous dans l'un de nos nombreux comptoirs.","sameAs":["https:\/\/www.gold.fr"]}]}},"authors":[{"term_id":2565,"user_id":18,"is_guest":0,"slug":"julie","display_name":"Comptoir National de l'Or","avatar_url":"https:\/\/secure.gravatar.com\/avatar\/713f289e398d35ead876c4a4cc08607f0d6d266058cfc25683fffb6092d0e572?s=96&d=mm&r=g","0":null,"1":"","2":"","3":"","4":"","5":"","6":"","7":"","8":""}],"_links":{"self":[{"href":"https:\/\/www.gold.fr\/news\/wp-json\/wp\/v2\/posts\/11735","targetHints":{"allow":["GET"]}}],"collection":[{"href":"https:\/\/www.gold.fr\/news\/wp-json\/wp\/v2\/posts"}],"about":[{"href":"https:\/\/www.gold.fr\/news\/wp-json\/wp\/v2\/types\/post"}],"author":[{"embeddable":true,"href":"https:\/\/www.gold.fr\/news\/wp-json\/wp\/v2\/users\/18"}],"replies":[{"embeddable":true,"href":"https:\/\/www.gold.fr\/news\/wp-json\/wp\/v2\/comments?post=11735"}],"version-history":[{"count":0,"href":"https:\/\/www.gold.fr\/news\/wp-json\/wp\/v2\/posts\/11735\/revisions"}],"wp:featuredmedia":[{"embeddable":true,"href":"https:\/\/www.gold.fr\/news\/wp-json\/wp\/v2\/media\/30940"}],"wp:attachment":[{"href":"https:\/\/www.gold.fr\/news\/wp-json\/wp\/v2\/media?parent=11735"}],"wp:term":[{"taxonomy":"category","embeddable":true,"href":"https:\/\/www.gold.fr\/news\/wp-json\/wp\/v2\/categories?post=11735"},{"taxonomy":"post_tag","embeddable":true,"href":"https:\/\/www.gold.fr\/news\/wp-json\/wp\/v2\/tags?post=11735"},{"taxonomy":"author","embeddable":true,"href":"https:\/\/www.gold.fr\/news\/wp-json\/wp\/v2\/ppma_author?post=11735"}],"curies":[{"name":"wp","href":"https:\/\/api.w.org\/{rel}","templated":true}]}}