{"id":11718,"date":"2013-05-17T17:00:15","date_gmt":"2013-05-17T15:00:15","guid":{"rendered":"https:\/\/www.gold.fr\/news\/?p=11718"},"modified":"2019-08-12T12:28:43","modified_gmt":"2019-08-12T10:28:43","slug":"evolution-de-lor-faut-il-sinquieter","status":"publish","type":"post","link":"https:\/\/www.gold.fr\/news\/2013\/05\/17\/evolution-de-lor-faut-il-sinquieter\/","title":{"rendered":"Evolution de l\u2019or : Faut-il s\u2019inqui\u00e9ter ?"},"content":{"rendered":"<p><span style=\"font-size: small;\"><img loading=\"lazy\" decoding=\"async\" class=\"alignleft size-thumbnail wp-image-7205\" title=\"Evolution de l\u2019or : Faut-il s\u2019inqui\u00e9ter ?\" src=\"https:\/\/www.gold.fr\/news\/wp-content\/uploads\/2012\/04\/Achat-Or-150x150.jpg\" alt=\"\" width=\"150\" height=\"150\" \/>Le plus grand point d&rsquo;interrogation, concernant les perspectives du march\u00e9 aurif\u00e8re, se situe au niveau de l&rsquo;\u00e9volution des taux r\u00e9els. En effet, <a title=\"Evolution de l\u2019or \u2013 Un bilan positif\u2026malgr\u00e9 tout !\" href=\"https:\/\/www.gold.fr\/news\/2013\/05\/15\/evolution-de-lor-un-bilan-positifmalgre-tout\/11697\/\" target=\"_blank\" rel=\"noopener noreferrer\">une hausse progressive et graduelle<\/a> (signe d&rsquo;une am\u00e9lioration permanente de la situation \u00e9conomique mondiale) nuirait consid\u00e9rablement au <a title=\"Prix de l'Or\" href=\"https:\/\/www.gold.fr\/cours-prix-de-l-or\/\" target=\"_blank\" rel=\"noopener noreferrer\">prix de l\u2019or<\/a>. Par contre, une hausse brusque et massive indiquerait l&rsquo;explosion d&rsquo;un ph\u00e9nom\u00e8ne d&rsquo;inflation, profitant automatiquement au <a class=\"esk-seo-plu-link\" href=\"https:\/\/www.gold.fr\/news\/tags\/or\">m\u00e9tal jaune<\/a>.<\/span> <span style=\"font-size: small;\"> En effet, si une remont\u00e9e progressive des taux r\u00e9els est n\u00e9faste pour l&rsquo;<a class=\"esk-seo-plu-link\" href=\"https:\/\/www.gold.fr\/news\/tags\/or\">or<\/a> (car elle indique un assainissement de la situation), une remont\u00e9e brutale est au contraire favorable au <a class=\"esk-seo-plu-link\" href=\"https:\/\/www.gold.fr\/news\/tags\/or\">m\u00e9tal pr\u00e9cieux<\/a> car elle est le signe d&rsquo;une inflation qui explose. La rapidit\u00e9 avec laquelle les taux vont remonter sera donc cruciale pour les f\u00e9rus du <a class=\"esk-seo-plu-link\" href=\"https:\/\/www.gold.fr\/news\/tags\/or\">m\u00e9tal jaune<\/a>.<\/span> <span style=\"font-size: small;\"> Et, soyons honn\u00eates, tous les indicateurs pointent clairement vers une d\u00e9t\u00e9rioration de la situation \u00e9conomique mondiale. Il y a donc tr\u00e8s peu (voir pas) de chances de voir le premier sc\u00e9nario se r\u00e9aliser. Les observateurs les plus aguerris sont cat\u00e9goriques ; les dettes respectives des <strong>Etats-Unis<\/strong> et de la plupart des pays du <strong>bloc euro<\/strong> ne seront probablement jamais rembours\u00e9es (<a title=\"Or et dollar \u2013 Un duel qui s\u2019\u00e9ternise\" href=\"https:\/\/www.gold.fr\/news\/2013\/05\/15\/or-et-dollar-un-duel-qui-seternise\/11704\/\" target=\"_blank\" rel=\"noopener noreferrer\">ni en dollar<\/a> ni en euro). Le seul pilier qui continue \u00e0 emp\u00eacher ces \u00e9conomies de plonger, en chute libre, vers la faillite totale, demeure l&rsquo;effort renouvel\u00e9 d&rsquo;organisations telles que l&rsquo;<strong>OTAN<\/strong>, le <strong>FMI<\/strong> ou encore l&rsquo;<strong>OMC<\/strong> qui orchestrent, \u00e0 l&rsquo;unisson, le syst\u00e8me financier mondial actuel.<\/span> <span style=\"font-size: small;\"> Il est donc inutile de s&rsquo;inqui\u00e9ter pour l&rsquo;avenir de l&rsquo;<a class=\"esk-seo-plu-link\" href=\"https:\/\/www.gold.fr\/news\/tags\/or\">or<\/a>, car, tant que les <strong>USA<\/strong> et l&rsquo;<strong>UE<\/strong> continueront \u00e0 peiner autant \u00e0 se maintenir \u00e0 la surface, le <a class=\"esk-seo-plu-link\" href=\"https:\/\/www.gold.fr\/news\/tags\/or\">m\u00e9tal jaune<\/a> demeurera, pour tr\u00e8s longtemps, l&rsquo;actif le plus solide et \u00ab refuge \u00bb des march\u00e9s d&rsquo;investissement.<\/span><\/p>\n<!-- AddThis Advanced Settings generic via filter on the_content --><!-- AddThis Share Buttons generic via filter on the_content -->","protected":false},"excerpt":{"rendered":"<p>Le plus grand point d&rsquo;interrogation, concernant les perspectives du march\u00e9 aurif\u00e8re, se situe au niveau de l&rsquo;\u00e9volution des taux r\u00e9els. En effet, une hausse progressive et graduelle (signe d&rsquo;une am\u00e9lioration permanente de la situation \u00e9conomique mondiale) [&hellip;]<\/p>\n","protected":false},"author":18,"featured_media":7205,"comment_status":"open","ping_status":"open","sticky":false,"template":"","format":"standard","meta":{"_mbp_gutenberg_autopost":false,"_pgmb_is_evergreen":false,"_pgmb_ap_template_id":0,"footnotes":""},"categories":[6],"tags":[102,103,1167,83,1333,405],"ppma_author":[2565],"class_list":["post-11718","post","type-post","status-publish","format-standard","has-post-thumbnail","hentry","category-articles-de-presse","tag-dollar","tag-euro","tag-evolution-or","tag-prix-de-lor","tag-ue","tag-usa"],"yoast_head":"<!-- This site is optimized with the Yoast SEO plugin v27.5 - https:\/\/yoast.com\/product\/yoast-seo-wordpress\/ -->\n<title>Evolution de l\u2019or : Faut-il s\u2019inqui\u00e9ter ? - Gold.fr<\/title>\n<meta name=\"description\" content=\"Faut-il s&#039;inqui\u00e9ter de l&#039;\u00e9volution de l&#039;or ? Pour en savoir plus, rendez-vous sur Gold.fr. Le site d&#039;actualit\u00e9 du Comptoir National de l&#039;Or.\" \/>\n<meta name=\"robots\" content=\"index, follow, max-snippet:-1, max-image-preview:large, max-video-preview:-1\" \/>\n<link rel=\"canonical\" href=\"https:\/\/www.gold.fr\/news\/2013\/05\/17\/evolution-de-lor-faut-il-sinquieter\/\" \/>\n<meta property=\"og:locale\" content=\"fr_FR\" \/>\n<meta property=\"og:type\" content=\"article\" \/>\n<meta property=\"og:title\" content=\"Evolution de l\u2019or : Faut-il s\u2019inqui\u00e9ter ? - Gold.fr\" \/>\n<meta property=\"og:description\" content=\"Faut-il s&#039;inqui\u00e9ter de l&#039;\u00e9volution de l&#039;or ? Pour en savoir plus, rendez-vous sur Gold.fr. Le site d&#039;actualit\u00e9 du Comptoir National de l&#039;Or.\" \/>\n<meta property=\"og:url\" content=\"https:\/\/www.gold.fr\/news\/2013\/05\/17\/evolution-de-lor-faut-il-sinquieter\/\" \/>\n<meta property=\"og:site_name\" content=\"Gold.fr\" \/>\n<meta property=\"article:publisher\" content=\"https:\/\/www.facebook.com\/Goldfr\/\" \/>\n<meta property=\"article:published_time\" content=\"2013-05-17T15:00:15+00:00\" \/>\n<meta property=\"article:modified_time\" content=\"2019-08-12T10:28:43+00:00\" \/>\n<meta property=\"og:image\" content=\"https:\/\/www.gold.fr\/news\/wp-content\/uploads\/2012\/04\/Achat-Or.jpg\" \/>\n\t<meta property=\"og:image:width\" content=\"600\" \/>\n\t<meta property=\"og:image:height\" content=\"447\" \/>\n\t<meta property=\"og:image:type\" content=\"image\/jpeg\" \/>\n<meta name=\"author\" content=\"Comptoir National de l&#039;Or\" \/>\n<meta name=\"twitter:card\" content=\"summary_large_image\" \/>\n<meta name=\"twitter:label1\" content=\"\u00c9crit par\" \/>\n\t<meta name=\"twitter:data1\" content=\"Comptoir National de l&#039;Or\" \/>\n\t<meta name=\"twitter:label2\" content=\"Dur\u00e9e de lecture estim\u00e9e\" \/>\n\t<meta name=\"twitter:data2\" content=\"1 minute\" \/>\n<script type=\"application\/ld+json\" class=\"yoast-schema-graph\">{\"@context\":\"https:\\\/\\\/schema.org\",\"@graph\":[{\"@type\":\"Article\",\"@id\":\"https:\\\/\\\/www.gold.fr\\\/news\\\/2013\\\/05\\\/17\\\/evolution-de-lor-faut-il-sinquieter\\\/#article\",\"isPartOf\":{\"@id\":\"https:\\\/\\\/www.gold.fr\\\/news\\\/2013\\\/05\\\/17\\\/evolution-de-lor-faut-il-sinquieter\\\/\"},\"author\":{\"name\":\"Comptoir National de l'Or\",\"@id\":\"https:\\\/\\\/www.gold.fr\\\/news\\\/#\\\/schema\\\/person\\\/070491b4b4fb7671bf59b3be20302ce9\"},\"headline\":\"Evolution de l\u2019or : Faut-il s\u2019inqui\u00e9ter ?\",\"datePublished\":\"2013-05-17T15:00:15+00:00\",\"dateModified\":\"2019-08-12T10:28:43+00:00\",\"mainEntityOfPage\":{\"@id\":\"https:\\\/\\\/www.gold.fr\\\/news\\\/2013\\\/05\\\/17\\\/evolution-de-lor-faut-il-sinquieter\\\/\"},\"wordCount\":315,\"commentCount\":0,\"image\":{\"@id\":\"https:\\\/\\\/www.gold.fr\\\/news\\\/2013\\\/05\\\/17\\\/evolution-de-lor-faut-il-sinquieter\\\/#primaryimage\"},\"thumbnailUrl\":\"https:\\\/\\\/www.gold.fr\\\/news\\\/wp-content\\\/uploads\\\/2012\\\/04\\\/Achat-Or.jpg\",\"keywords\":[\"dollar\",\"euro\",\"evolution or\",\"prix de l'or\",\"UE\",\"usa\"],\"articleSection\":[\"Articles de presse\"],\"inLanguage\":\"fr-FR\"},{\"@type\":\"WebPage\",\"@id\":\"https:\\\/\\\/www.gold.fr\\\/news\\\/2013\\\/05\\\/17\\\/evolution-de-lor-faut-il-sinquieter\\\/\",\"url\":\"https:\\\/\\\/www.gold.fr\\\/news\\\/2013\\\/05\\\/17\\\/evolution-de-lor-faut-il-sinquieter\\\/\",\"name\":\"Evolution de l\u2019or : Faut-il s\u2019inqui\u00e9ter ? - Gold.fr\",\"isPartOf\":{\"@id\":\"https:\\\/\\\/www.gold.fr\\\/news\\\/#website\"},\"primaryImageOfPage\":{\"@id\":\"https:\\\/\\\/www.gold.fr\\\/news\\\/2013\\\/05\\\/17\\\/evolution-de-lor-faut-il-sinquieter\\\/#primaryimage\"},\"image\":{\"@id\":\"https:\\\/\\\/www.gold.fr\\\/news\\\/2013\\\/05\\\/17\\\/evolution-de-lor-faut-il-sinquieter\\\/#primaryimage\"},\"thumbnailUrl\":\"https:\\\/\\\/www.gold.fr\\\/news\\\/wp-content\\\/uploads\\\/2012\\\/04\\\/Achat-Or.jpg\",\"datePublished\":\"2013-05-17T15:00:15+00:00\",\"dateModified\":\"2019-08-12T10:28:43+00:00\",\"author\":{\"@id\":\"https:\\\/\\\/www.gold.fr\\\/news\\\/#\\\/schema\\\/person\\\/070491b4b4fb7671bf59b3be20302ce9\"},\"description\":\"Faut-il s'inqui\u00e9ter de l'\u00e9volution de l'or ? Pour en savoir plus, rendez-vous sur Gold.fr. Le site d'actualit\u00e9 du Comptoir National de l'Or.\",\"breadcrumb\":{\"@id\":\"https:\\\/\\\/www.gold.fr\\\/news\\\/2013\\\/05\\\/17\\\/evolution-de-lor-faut-il-sinquieter\\\/#breadcrumb\"},\"inLanguage\":\"fr-FR\",\"potentialAction\":[{\"@type\":\"ReadAction\",\"target\":[\"https:\\\/\\\/www.gold.fr\\\/news\\\/2013\\\/05\\\/17\\\/evolution-de-lor-faut-il-sinquieter\\\/\"]}]},{\"@type\":\"ImageObject\",\"inLanguage\":\"fr-FR\",\"@id\":\"https:\\\/\\\/www.gold.fr\\\/news\\\/2013\\\/05\\\/17\\\/evolution-de-lor-faut-il-sinquieter\\\/#primaryimage\",\"url\":\"https:\\\/\\\/www.gold.fr\\\/news\\\/wp-content\\\/uploads\\\/2012\\\/04\\\/Achat-Or.jpg\",\"contentUrl\":\"https:\\\/\\\/www.gold.fr\\\/news\\\/wp-content\\\/uploads\\\/2012\\\/04\\\/Achat-Or.jpg\",\"width\":\"600\",\"height\":\"447\",\"caption\":\"L\u2019or en qu\u00eate d\u2019un catalyseur solide\"},{\"@type\":\"BreadcrumbList\",\"@id\":\"https:\\\/\\\/www.gold.fr\\\/news\\\/2013\\\/05\\\/17\\\/evolution-de-lor-faut-il-sinquieter\\\/#breadcrumb\",\"itemListElement\":[{\"@type\":\"ListItem\",\"position\":1,\"name\":\"Accueil\",\"item\":\"https:\\\/\\\/www.gold.fr\\\/\"},{\"@type\":\"ListItem\",\"position\":2,\"name\":\"Actualit\u00e9s\",\"item\":\"https:\\\/\\\/www.gold.fr\\\/news\\\/\"},{\"@type\":\"ListItem\",\"position\":3,\"name\":\"Evolution de l\u2019or : Faut-il s\u2019inqui\u00e9ter ?\"}]},{\"@type\":\"WebSite\",\"@id\":\"https:\\\/\\\/www.gold.fr\\\/news\\\/#website\",\"url\":\"https:\\\/\\\/www.gold.fr\\\/news\\\/\",\"name\":\"Gold.fr\",\"description\":\"Actualit\u00e9s de l&#039;Or et des m\u00e9taux pr\u00e9cieux\",\"potentialAction\":[{\"@type\":\"SearchAction\",\"target\":{\"@type\":\"EntryPoint\",\"urlTemplate\":\"https:\\\/\\\/www.gold.fr\\\/news\\\/?s={search_term_string}\"},\"query-input\":{\"@type\":\"PropertyValueSpecification\",\"valueRequired\":true,\"valueName\":\"search_term_string\"}}],\"inLanguage\":\"fr-FR\"},{\"@type\":\"Person\",\"@id\":\"https:\\\/\\\/www.gold.fr\\\/news\\\/#\\\/schema\\\/person\\\/070491b4b4fb7671bf59b3be20302ce9\",\"name\":\"Comptoir National de l'Or\",\"image\":{\"@type\":\"ImageObject\",\"inLanguage\":\"fr-FR\",\"@id\":\"https:\\\/\\\/secure.gravatar.com\\\/avatar\\\/0a2867fd5abe37bed95d5a65e9d58f01756e11efc68af9888dfc50cfa7f65948?s=96&d=mm&r=gb490554db0a38188709de567aa58480d\",\"url\":\"https:\\\/\\\/secure.gravatar.com\\\/avatar\\\/0a2867fd5abe37bed95d5a65e9d58f01756e11efc68af9888dfc50cfa7f65948?s=96&d=mm&r=g\",\"contentUrl\":\"https:\\\/\\\/secure.gravatar.com\\\/avatar\\\/0a2867fd5abe37bed95d5a65e9d58f01756e11efc68af9888dfc50cfa7f65948?s=96&d=mm&r=g\",\"caption\":\"Comptoir National de l'Or\"},\"description\":\"Notre r\u00e9daction est constitu\u00e9e de membres experts dans les m\u00e9tiers de l'\u00e9conomie et la gestion, des Responsables d'agence Comptoir National de l'Or, des analystes financiers qui publient r\u00e9guli\u00e8rement des \u00e9tudes sur les politiques des banques centrales, le cours de l'or, prix de l'or, cours de l'argent, prix de l'argent, cours du platine, cours du palladium,... la situation en zone euro et l'impact de la strat\u00e9gie mon\u00e9taire de la FED. Notre \u00e9quipe scrute \u00e9galement une information plus g\u00e9n\u00e9raliste \u00e0 la recherche d'actualit\u00e9 \\\"p\u00e9pite\\\" \u00e0 vous partager. Depuis 5 ans, nous avons publi\u00e9 un peu plus de 4000 articles qui s'adressent \u00e0 un public large et vari\u00e9 ayant pour objectif de satisfaire votre curiosit\u00e9 et de partager avec vous une certaine fascination pour le m\u00e9tal jaune, le rachat d'or, et pour ceux qui veulent investir dans l'or, vendre leur or tout simplement en savoir plus... Pour tous vos achat or et argent, n'h\u00e9sitez pas \u00e0 prendre rendez-vous dans l'un de nos nombreux comptoirs.\",\"sameAs\":[\"https:\\\/\\\/www.gold.fr\"]}]}<\/script>\n<!-- \/ Yoast SEO plugin. -->","yoast_head_json":{"title":"Evolution de l\u2019or : Faut-il s\u2019inqui\u00e9ter ? - Gold.fr","description":"Faut-il s'inqui\u00e9ter de l'\u00e9volution de l'or ? Pour en savoir plus, rendez-vous sur Gold.fr. Le site d'actualit\u00e9 du Comptoir National de l'Or.","robots":{"index":"index","follow":"follow","max-snippet":"max-snippet:-1","max-image-preview":"max-image-preview:large","max-video-preview":"max-video-preview:-1"},"canonical":"https:\/\/www.gold.fr\/news\/2013\/05\/17\/evolution-de-lor-faut-il-sinquieter\/","og_locale":"fr_FR","og_type":"article","og_title":"Evolution de l\u2019or : Faut-il s\u2019inqui\u00e9ter ? - Gold.fr","og_description":"Faut-il s'inqui\u00e9ter de l'\u00e9volution de l'or ? Pour en savoir plus, rendez-vous sur Gold.fr. Le site d'actualit\u00e9 du Comptoir National de l'Or.","og_url":"https:\/\/www.gold.fr\/news\/2013\/05\/17\/evolution-de-lor-faut-il-sinquieter\/","og_site_name":"Gold.fr","article_publisher":"https:\/\/www.facebook.com\/Goldfr\/","article_published_time":"2013-05-17T15:00:15+00:00","article_modified_time":"2019-08-12T10:28:43+00:00","og_image":[{"width":600,"height":447,"url":"https:\/\/www.gold.fr\/news\/wp-content\/uploads\/2012\/04\/Achat-Or.jpg","type":"image\/jpeg"}],"author":"Comptoir National de l'Or","twitter_card":"summary_large_image","twitter_misc":{"\u00c9crit par":"Comptoir National de l'Or","Dur\u00e9e de lecture estim\u00e9e":"1 minute"},"schema":{"@context":"https:\/\/schema.org","@graph":[{"@type":"Article","@id":"https:\/\/www.gold.fr\/news\/2013\/05\/17\/evolution-de-lor-faut-il-sinquieter\/#article","isPartOf":{"@id":"https:\/\/www.gold.fr\/news\/2013\/05\/17\/evolution-de-lor-faut-il-sinquieter\/"},"author":{"name":"Comptoir National de l'Or","@id":"https:\/\/www.gold.fr\/news\/#\/schema\/person\/070491b4b4fb7671bf59b3be20302ce9"},"headline":"Evolution de l\u2019or : Faut-il s\u2019inqui\u00e9ter ?","datePublished":"2013-05-17T15:00:15+00:00","dateModified":"2019-08-12T10:28:43+00:00","mainEntityOfPage":{"@id":"https:\/\/www.gold.fr\/news\/2013\/05\/17\/evolution-de-lor-faut-il-sinquieter\/"},"wordCount":315,"commentCount":0,"image":{"@id":"https:\/\/www.gold.fr\/news\/2013\/05\/17\/evolution-de-lor-faut-il-sinquieter\/#primaryimage"},"thumbnailUrl":"https:\/\/www.gold.fr\/news\/wp-content\/uploads\/2012\/04\/Achat-Or.jpg","keywords":["dollar","euro","evolution or","prix de l'or","UE","usa"],"articleSection":["Articles de presse"],"inLanguage":"fr-FR"},{"@type":"WebPage","@id":"https:\/\/www.gold.fr\/news\/2013\/05\/17\/evolution-de-lor-faut-il-sinquieter\/","url":"https:\/\/www.gold.fr\/news\/2013\/05\/17\/evolution-de-lor-faut-il-sinquieter\/","name":"Evolution de l\u2019or : Faut-il s\u2019inqui\u00e9ter ? - Gold.fr","isPartOf":{"@id":"https:\/\/www.gold.fr\/news\/#website"},"primaryImageOfPage":{"@id":"https:\/\/www.gold.fr\/news\/2013\/05\/17\/evolution-de-lor-faut-il-sinquieter\/#primaryimage"},"image":{"@id":"https:\/\/www.gold.fr\/news\/2013\/05\/17\/evolution-de-lor-faut-il-sinquieter\/#primaryimage"},"thumbnailUrl":"https:\/\/www.gold.fr\/news\/wp-content\/uploads\/2012\/04\/Achat-Or.jpg","datePublished":"2013-05-17T15:00:15+00:00","dateModified":"2019-08-12T10:28:43+00:00","author":{"@id":"https:\/\/www.gold.fr\/news\/#\/schema\/person\/070491b4b4fb7671bf59b3be20302ce9"},"description":"Faut-il s'inqui\u00e9ter de l'\u00e9volution de l'or ? Pour en savoir plus, rendez-vous sur Gold.fr. Le site d'actualit\u00e9 du Comptoir National de l'Or.","breadcrumb":{"@id":"https:\/\/www.gold.fr\/news\/2013\/05\/17\/evolution-de-lor-faut-il-sinquieter\/#breadcrumb"},"inLanguage":"fr-FR","potentialAction":[{"@type":"ReadAction","target":["https:\/\/www.gold.fr\/news\/2013\/05\/17\/evolution-de-lor-faut-il-sinquieter\/"]}]},{"@type":"ImageObject","inLanguage":"fr-FR","@id":"https:\/\/www.gold.fr\/news\/2013\/05\/17\/evolution-de-lor-faut-il-sinquieter\/#primaryimage","url":"https:\/\/www.gold.fr\/news\/wp-content\/uploads\/2012\/04\/Achat-Or.jpg","contentUrl":"https:\/\/www.gold.fr\/news\/wp-content\/uploads\/2012\/04\/Achat-Or.jpg","width":"600","height":"447","caption":"L\u2019or en qu\u00eate d\u2019un catalyseur solide"},{"@type":"BreadcrumbList","@id":"https:\/\/www.gold.fr\/news\/2013\/05\/17\/evolution-de-lor-faut-il-sinquieter\/#breadcrumb","itemListElement":[{"@type":"ListItem","position":1,"name":"Accueil","item":"https:\/\/www.gold.fr\/"},{"@type":"ListItem","position":2,"name":"Actualit\u00e9s","item":"https:\/\/www.gold.fr\/news\/"},{"@type":"ListItem","position":3,"name":"Evolution de l\u2019or : Faut-il s\u2019inqui\u00e9ter ?"}]},{"@type":"WebSite","@id":"https:\/\/www.gold.fr\/news\/#website","url":"https:\/\/www.gold.fr\/news\/","name":"Gold.fr","description":"Actualit\u00e9s de l&#039;Or et des m\u00e9taux pr\u00e9cieux","potentialAction":[{"@type":"SearchAction","target":{"@type":"EntryPoint","urlTemplate":"https:\/\/www.gold.fr\/news\/?s={search_term_string}"},"query-input":{"@type":"PropertyValueSpecification","valueRequired":true,"valueName":"search_term_string"}}],"inLanguage":"fr-FR"},{"@type":"Person","@id":"https:\/\/www.gold.fr\/news\/#\/schema\/person\/070491b4b4fb7671bf59b3be20302ce9","name":"Comptoir National de l'Or","image":{"@type":"ImageObject","inLanguage":"fr-FR","@id":"https:\/\/secure.gravatar.com\/avatar\/0a2867fd5abe37bed95d5a65e9d58f01756e11efc68af9888dfc50cfa7f65948?s=96&d=mm&r=gb490554db0a38188709de567aa58480d","url":"https:\/\/secure.gravatar.com\/avatar\/0a2867fd5abe37bed95d5a65e9d58f01756e11efc68af9888dfc50cfa7f65948?s=96&d=mm&r=g","contentUrl":"https:\/\/secure.gravatar.com\/avatar\/0a2867fd5abe37bed95d5a65e9d58f01756e11efc68af9888dfc50cfa7f65948?s=96&d=mm&r=g","caption":"Comptoir National de l'Or"},"description":"Notre r\u00e9daction est constitu\u00e9e de membres experts dans les m\u00e9tiers de l'\u00e9conomie et la gestion, des Responsables d'agence Comptoir National de l'Or, des analystes financiers qui publient r\u00e9guli\u00e8rement des \u00e9tudes sur les politiques des banques centrales, le cours de l'or, prix de l'or, cours de l'argent, prix de l'argent, cours du platine, cours du palladium,... la situation en zone euro et l'impact de la strat\u00e9gie mon\u00e9taire de la FED. Notre \u00e9quipe scrute \u00e9galement une information plus g\u00e9n\u00e9raliste \u00e0 la recherche d'actualit\u00e9 \"p\u00e9pite\" \u00e0 vous partager. Depuis 5 ans, nous avons publi\u00e9 un peu plus de 4000 articles qui s'adressent \u00e0 un public large et vari\u00e9 ayant pour objectif de satisfaire votre curiosit\u00e9 et de partager avec vous une certaine fascination pour le m\u00e9tal jaune, le rachat d'or, et pour ceux qui veulent investir dans l'or, vendre leur or tout simplement en savoir plus... Pour tous vos achat or et argent, n'h\u00e9sitez pas \u00e0 prendre rendez-vous dans l'un de nos nombreux comptoirs.","sameAs":["https:\/\/www.gold.fr"]}]}},"authors":[{"term_id":2565,"user_id":18,"is_guest":0,"slug":"julie","display_name":"Comptoir National de l'Or","avatar_url":"https:\/\/secure.gravatar.com\/avatar\/713f289e398d35ead876c4a4cc08607f0d6d266058cfc25683fffb6092d0e572?s=96&d=mm&r=g","0":null,"1":"","2":"","3":"","4":"","5":"","6":"","7":"","8":""}],"_links":{"self":[{"href":"https:\/\/www.gold.fr\/news\/wp-json\/wp\/v2\/posts\/11718","targetHints":{"allow":["GET"]}}],"collection":[{"href":"https:\/\/www.gold.fr\/news\/wp-json\/wp\/v2\/posts"}],"about":[{"href":"https:\/\/www.gold.fr\/news\/wp-json\/wp\/v2\/types\/post"}],"author":[{"embeddable":true,"href":"https:\/\/www.gold.fr\/news\/wp-json\/wp\/v2\/users\/18"}],"replies":[{"embeddable":true,"href":"https:\/\/www.gold.fr\/news\/wp-json\/wp\/v2\/comments?post=11718"}],"version-history":[{"count":0,"href":"https:\/\/www.gold.fr\/news\/wp-json\/wp\/v2\/posts\/11718\/revisions"}],"wp:featuredmedia":[{"embeddable":true,"href":"https:\/\/www.gold.fr\/news\/wp-json\/wp\/v2\/media\/7205"}],"wp:attachment":[{"href":"https:\/\/www.gold.fr\/news\/wp-json\/wp\/v2\/media?parent=11718"}],"wp:term":[{"taxonomy":"category","embeddable":true,"href":"https:\/\/www.gold.fr\/news\/wp-json\/wp\/v2\/categories?post=11718"},{"taxonomy":"post_tag","embeddable":true,"href":"https:\/\/www.gold.fr\/news\/wp-json\/wp\/v2\/tags?post=11718"},{"taxonomy":"author","embeddable":true,"href":"https:\/\/www.gold.fr\/news\/wp-json\/wp\/v2\/ppma_author?post=11718"}],"curies":[{"name":"wp","href":"https:\/\/api.w.org\/{rel}","templated":true}]}}