{"id":11716,"date":"2013-05-17T09:00:06","date_gmt":"2013-05-17T07:00:06","guid":{"rendered":"https:\/\/www.gold.fr\/news\/?p=11716"},"modified":"2017-11-02T11:39:59","modified_gmt":"2017-11-02T10:39:59","slug":"or-en-baisse-la-crise-en-ue-reste-un-pilier-2","status":"publish","type":"post","link":"https:\/\/www.gold.fr\/news\/2013\/05\/17\/or-en-baisse-la-crise-en-ue-reste-un-pilier-2\/","title":{"rendered":"Or en baisse : La crise en UE reste un pilier (2)"},"content":{"rendered":"<p><span style=\"font-size: small;\"><img loading=\"lazy\" decoding=\"async\" class=\"alignleft size-thumbnail wp-image-6319\" title=\"Or en baisse : La crise en UE reste un pilier\" src=\"https:\/\/www.gold.fr\/news\/wp-content\/uploads\/2012\/03\/baisse-cours-or1-150x150.jpg\" alt=\"\" width=\"150\" height=\"150\" \/>La situation chypriote est loin d&rsquo;\u00eatre le seul cas confirmant la solidit\u00e9 de la position de l&rsquo;<a href='https:\/\/www.gold.fr\/news\/tags\/or' class='esk-seo-plu-link'>or<\/a>, en d\u00e9pit de la baisse. Il faut, en effet, avouer que le bloc euro, dans son ensemble, est une source intarissable de crises en s\u00e9ries, maintenant ainsi le statut de valeur refuge du <a href='https:\/\/www.gold.fr\/news\/tags\/or' class='esk-seo-plu-link'>m\u00e9tal jaune<\/a>.<\/span>    <span style=\"font-size: small;\"> R\u00e9cemment, c&rsquo;est surtout <a title=\"Crise en UE \u2013 C\u2019est au tour du Portugal\" href=\"https:\/\/www.gold.fr\/news\/2013\/05\/14\/crise-en-ue-cest-au-tour-du-portugal\/11673\/\" target=\"_blank\">la situation au Portugal<\/a> qui a fait couler beaucoup d&rsquo;encre. Avec la s\u00e9rie de \u00ab <em>coupes s\u00e9v\u00e8res dans les d\u00e9penses publiques pour permettre au pays, sous assistance financi\u00e8re, de respecter ses engagements budg\u00e9taires<\/em> \u00bb, le gouvernement portugais jouait la carte \u2013tr\u00e8s risqu\u00e9e, par ces temps- de l&rsquo;aust\u00e9rit\u00e9.<\/span>    <span style=\"font-size: small;\"> Ces mesures s&rsquo;inscrivent dans le cadre des efforts redoubl\u00e9s de la \u00ab <em>Tro\u00efka <\/em>\u00bb portugaise de d\u00e9crocher une nouvelle tranche d&rsquo;aide de 2 milliards d&rsquo;euros, n\u00e9cessaire pour mener \u00e0 bien son plan de sauvetage de <strong>78 milliards d&rsquo;euros<\/strong> (accord\u00e9 par l&rsquo;UE et le FMI, en mai 2011).<\/span>    <span style=\"font-size: small;\"> Mais cette strat\u00e9gie particuli\u00e8rement s\u00e9v\u00e8re devrait \u00e9galement ouvrir au pays la possibilit\u00e9 de voir ses d\u00e9lais de remboursement des pr\u00eats qui lui ont \u00e9t\u00e9 accord\u00e9s s&rsquo;allonger. Une telle marge lui permettrait de revenir sur les march\u00e9s internationaux d&rsquo;ici la fin du <strong>deuxi\u00e8me trimestre 2013<\/strong>. Au total, <strong>4,8 milliards d&rsquo;euros<\/strong> d&rsquo;\u00e9conomies devront \u00eatre accumul\u00e9s par le Portugal, d&rsquo;ici \u00e0 <strong>2015<\/strong>. Et le premier ministre national est cat\u00e9gorique ; \u00ab <em>H\u00e9siter maintenant porterait un coup \u00e0 la cr\u00e9dibilit\u00e9 que nous avons d\u00e9j\u00e0 reconquise<\/em> \u00bb. Il ajoute que l&rsquo;alternative, \u00e0 ces mesures aust\u00e8res, serait le sc\u00e9nario catastrophe d&rsquo;\u00ab un second plan de sauvetage, menant \u00e0 une aust\u00e9rit\u00e9 plus dure et plus longue \u00bb.<\/span>    <span style=\"font-size: small;\"> Dans ce climat tendu, l&rsquo;<a href='https:\/\/www.gold.fr\/news\/tags\/or' class='esk-seo-plu-link'>or<\/a> profite des incertitudes qui planent autour de l&rsquo;avenir portugais et redore le blason de sa valeur refuge aupr\u00e8s des investisseurs naturellement inquiets.<\/span><\/p>\n<!-- AddThis Advanced Settings generic via filter on the_content --><!-- AddThis Share Buttons generic via filter on the_content -->","protected":false},"excerpt":{"rendered":"<p>La situation chypriote est loin d&rsquo;\u00eatre le seul cas confirmant la solidit\u00e9 de la position de l&rsquo;or, en d\u00e9pit de la baisse. Il faut, en effet, avouer que le bloc euro, dans son ensemble, est une [&hellip;]<\/p>\n","protected":false},"author":18,"featured_media":6319,"comment_status":"open","ping_status":"open","sticky":false,"template":"","format":"standard","meta":{"_mbp_gutenberg_autopost":false,"_pgmb_is_evergreen":false,"_pgmb_ap_template_id":0,"footnotes":""},"categories":[6],"tags":[1269,1242,1326],"ppma_author":[2565],"class_list":["post-11716","post","type-post","status-publish","format-standard","has-post-thumbnail","hentry","category-articles-de-presse","tag-baisse-or","tag-crise-euro","tag-portugal"],"yoast_head":"<!-- This site is optimized with the Yoast SEO plugin v27.5 - https:\/\/yoast.com\/product\/yoast-seo-wordpress\/ -->\n<title>Or en baisse : La crise en UE reste un pilier (2) - Gold.fr<\/title>\n<meta name=\"robots\" content=\"index, follow, max-snippet:-1, max-image-preview:large, max-video-preview:-1\" \/>\n<link rel=\"canonical\" href=\"https:\/\/www.gold.fr\/news\/2013\/05\/17\/or-en-baisse-la-crise-en-ue-reste-un-pilier-2\/\" \/>\n<meta property=\"og:locale\" content=\"fr_FR\" \/>\n<meta property=\"og:type\" content=\"article\" \/>\n<meta property=\"og:title\" content=\"Or en baisse : La crise en UE reste un pilier (2) - Gold.fr\" \/>\n<meta property=\"og:description\" content=\"La situation chypriote est loin d&rsquo;\u00eatre le seul cas confirmant la solidit\u00e9 de la position de l&rsquo;or, en d\u00e9pit de la baisse. Il faut, en effet, avouer que le bloc euro, dans son ensemble, est une [&hellip;]\" \/>\n<meta property=\"og:url\" content=\"https:\/\/www.gold.fr\/news\/2013\/05\/17\/or-en-baisse-la-crise-en-ue-reste-un-pilier-2\/\" \/>\n<meta property=\"og:site_name\" content=\"Gold.fr\" \/>\n<meta property=\"article:publisher\" content=\"https:\/\/www.facebook.com\/Goldfr\/\" \/>\n<meta property=\"article:published_time\" content=\"2013-05-17T07:00:06+00:00\" \/>\n<meta property=\"article:modified_time\" content=\"2017-11-02T10:39:59+00:00\" \/>\n<meta property=\"og:image\" content=\"https:\/\/www.gold.fr\/news\/wp-content\/uploads\/2012\/03\/baisse-cours-or1.jpg\" \/>\n\t<meta property=\"og:image:width\" content=\"600\" \/>\n\t<meta property=\"og:image:height\" content=\"400\" \/>\n\t<meta property=\"og:image:type\" content=\"image\/jpeg\" \/>\n<meta name=\"author\" content=\"Comptoir National de l&#039;Or\" \/>\n<meta name=\"twitter:card\" content=\"summary_large_image\" \/>\n<meta name=\"twitter:label1\" content=\"\u00c9crit par\" \/>\n\t<meta name=\"twitter:data1\" content=\"Comptoir National de l&#039;Or\" \/>\n\t<meta name=\"twitter:label2\" content=\"Dur\u00e9e de lecture estim\u00e9e\" \/>\n\t<meta name=\"twitter:data2\" content=\"2 minutes\" \/>\n<script type=\"application\/ld+json\" class=\"yoast-schema-graph\">{\"@context\":\"https:\\\/\\\/schema.org\",\"@graph\":[{\"@type\":\"Article\",\"@id\":\"https:\\\/\\\/www.gold.fr\\\/news\\\/2013\\\/05\\\/17\\\/or-en-baisse-la-crise-en-ue-reste-un-pilier-2\\\/#article\",\"isPartOf\":{\"@id\":\"https:\\\/\\\/www.gold.fr\\\/news\\\/2013\\\/05\\\/17\\\/or-en-baisse-la-crise-en-ue-reste-un-pilier-2\\\/\"},\"author\":{\"name\":\"Comptoir National de l'Or\",\"@id\":\"https:\\\/\\\/www.gold.fr\\\/news\\\/#\\\/schema\\\/person\\\/070491b4b4fb7671bf59b3be20302ce9\"},\"headline\":\"Or en baisse : La crise en UE reste un pilier (2)\",\"datePublished\":\"2013-05-17T07:00:06+00:00\",\"dateModified\":\"2017-11-02T10:39:59+00:00\",\"mainEntityOfPage\":{\"@id\":\"https:\\\/\\\/www.gold.fr\\\/news\\\/2013\\\/05\\\/17\\\/or-en-baisse-la-crise-en-ue-reste-un-pilier-2\\\/\"},\"wordCount\":330,\"commentCount\":0,\"image\":{\"@id\":\"https:\\\/\\\/www.gold.fr\\\/news\\\/2013\\\/05\\\/17\\\/or-en-baisse-la-crise-en-ue-reste-un-pilier-2\\\/#primaryimage\"},\"thumbnailUrl\":\"https:\\\/\\\/www.gold.fr\\\/news\\\/wp-content\\\/uploads\\\/2012\\\/03\\\/baisse-cours-or1.jpg\",\"keywords\":[\"baisse or\",\"crise euro\",\"portugal\"],\"articleSection\":[\"Articles de presse\"],\"inLanguage\":\"fr-FR\"},{\"@type\":\"WebPage\",\"@id\":\"https:\\\/\\\/www.gold.fr\\\/news\\\/2013\\\/05\\\/17\\\/or-en-baisse-la-crise-en-ue-reste-un-pilier-2\\\/\",\"url\":\"https:\\\/\\\/www.gold.fr\\\/news\\\/2013\\\/05\\\/17\\\/or-en-baisse-la-crise-en-ue-reste-un-pilier-2\\\/\",\"name\":\"Or en baisse : La crise en UE reste un pilier (2) - Gold.fr\",\"isPartOf\":{\"@id\":\"https:\\\/\\\/www.gold.fr\\\/news\\\/#website\"},\"primaryImageOfPage\":{\"@id\":\"https:\\\/\\\/www.gold.fr\\\/news\\\/2013\\\/05\\\/17\\\/or-en-baisse-la-crise-en-ue-reste-un-pilier-2\\\/#primaryimage\"},\"image\":{\"@id\":\"https:\\\/\\\/www.gold.fr\\\/news\\\/2013\\\/05\\\/17\\\/or-en-baisse-la-crise-en-ue-reste-un-pilier-2\\\/#primaryimage\"},\"thumbnailUrl\":\"https:\\\/\\\/www.gold.fr\\\/news\\\/wp-content\\\/uploads\\\/2012\\\/03\\\/baisse-cours-or1.jpg\",\"datePublished\":\"2013-05-17T07:00:06+00:00\",\"dateModified\":\"2017-11-02T10:39:59+00:00\",\"author\":{\"@id\":\"https:\\\/\\\/www.gold.fr\\\/news\\\/#\\\/schema\\\/person\\\/070491b4b4fb7671bf59b3be20302ce9\"},\"breadcrumb\":{\"@id\":\"https:\\\/\\\/www.gold.fr\\\/news\\\/2013\\\/05\\\/17\\\/or-en-baisse-la-crise-en-ue-reste-un-pilier-2\\\/#breadcrumb\"},\"inLanguage\":\"fr-FR\",\"potentialAction\":[{\"@type\":\"ReadAction\",\"target\":[\"https:\\\/\\\/www.gold.fr\\\/news\\\/2013\\\/05\\\/17\\\/or-en-baisse-la-crise-en-ue-reste-un-pilier-2\\\/\"]}]},{\"@type\":\"ImageObject\",\"inLanguage\":\"fr-FR\",\"@id\":\"https:\\\/\\\/www.gold.fr\\\/news\\\/2013\\\/05\\\/17\\\/or-en-baisse-la-crise-en-ue-reste-un-pilier-2\\\/#primaryimage\",\"url\":\"https:\\\/\\\/www.gold.fr\\\/news\\\/wp-content\\\/uploads\\\/2012\\\/03\\\/baisse-cours-or1.jpg\",\"contentUrl\":\"https:\\\/\\\/www.gold.fr\\\/news\\\/wp-content\\\/uploads\\\/2012\\\/03\\\/baisse-cours-or1.jpg\",\"width\":\"600\",\"height\":\"400\",\"caption\":\"Le march\u00e9 p\u00e9trolier en qu\u00eate de tendance\"},{\"@type\":\"BreadcrumbList\",\"@id\":\"https:\\\/\\\/www.gold.fr\\\/news\\\/2013\\\/05\\\/17\\\/or-en-baisse-la-crise-en-ue-reste-un-pilier-2\\\/#breadcrumb\",\"itemListElement\":[{\"@type\":\"ListItem\",\"position\":1,\"name\":\"Accueil\",\"item\":\"https:\\\/\\\/www.gold.fr\\\/\"},{\"@type\":\"ListItem\",\"position\":2,\"name\":\"Actualit\u00e9s\",\"item\":\"https:\\\/\\\/www.gold.fr\\\/news\\\/\"},{\"@type\":\"ListItem\",\"position\":3,\"name\":\"Or en baisse : La crise en UE reste un pilier (2)\"}]},{\"@type\":\"WebSite\",\"@id\":\"https:\\\/\\\/www.gold.fr\\\/news\\\/#website\",\"url\":\"https:\\\/\\\/www.gold.fr\\\/news\\\/\",\"name\":\"Gold.fr\",\"description\":\"Actualit\u00e9s de l&#039;Or et des m\u00e9taux pr\u00e9cieux\",\"potentialAction\":[{\"@type\":\"SearchAction\",\"target\":{\"@type\":\"EntryPoint\",\"urlTemplate\":\"https:\\\/\\\/www.gold.fr\\\/news\\\/?s={search_term_string}\"},\"query-input\":{\"@type\":\"PropertyValueSpecification\",\"valueRequired\":true,\"valueName\":\"search_term_string\"}}],\"inLanguage\":\"fr-FR\"},{\"@type\":\"Person\",\"@id\":\"https:\\\/\\\/www.gold.fr\\\/news\\\/#\\\/schema\\\/person\\\/070491b4b4fb7671bf59b3be20302ce9\",\"name\":\"Comptoir National de l'Or\",\"image\":{\"@type\":\"ImageObject\",\"inLanguage\":\"fr-FR\",\"@id\":\"https:\\\/\\\/secure.gravatar.com\\\/avatar\\\/0a2867fd5abe37bed95d5a65e9d58f01756e11efc68af9888dfc50cfa7f65948?s=96&d=mm&r=gb490554db0a38188709de567aa58480d\",\"url\":\"https:\\\/\\\/secure.gravatar.com\\\/avatar\\\/0a2867fd5abe37bed95d5a65e9d58f01756e11efc68af9888dfc50cfa7f65948?s=96&d=mm&r=g\",\"contentUrl\":\"https:\\\/\\\/secure.gravatar.com\\\/avatar\\\/0a2867fd5abe37bed95d5a65e9d58f01756e11efc68af9888dfc50cfa7f65948?s=96&d=mm&r=g\",\"caption\":\"Comptoir National de l'Or\"},\"description\":\"Notre r\u00e9daction est constitu\u00e9e de membres experts dans les m\u00e9tiers de l'\u00e9conomie et la gestion, des Responsables d'agence Comptoir National de l'Or, des analystes financiers qui publient r\u00e9guli\u00e8rement des \u00e9tudes sur les politiques des banques centrales, le cours de l'or, prix de l'or, cours de l'argent, prix de l'argent, cours du platine, cours du palladium,... la situation en zone euro et l'impact de la strat\u00e9gie mon\u00e9taire de la FED. Notre \u00e9quipe scrute \u00e9galement une information plus g\u00e9n\u00e9raliste \u00e0 la recherche d'actualit\u00e9 \\\"p\u00e9pite\\\" \u00e0 vous partager. Depuis 5 ans, nous avons publi\u00e9 un peu plus de 4000 articles qui s'adressent \u00e0 un public large et vari\u00e9 ayant pour objectif de satisfaire votre curiosit\u00e9 et de partager avec vous une certaine fascination pour le m\u00e9tal jaune, le rachat d'or, et pour ceux qui veulent investir dans l'or, vendre leur or tout simplement en savoir plus... Pour tous vos achat or et argent, n'h\u00e9sitez pas \u00e0 prendre rendez-vous dans l'un de nos nombreux comptoirs.\",\"sameAs\":[\"https:\\\/\\\/www.gold.fr\"]}]}<\/script>\n<!-- \/ Yoast SEO plugin. -->","yoast_head_json":{"title":"Or en baisse : La crise en UE reste un pilier (2) - Gold.fr","robots":{"index":"index","follow":"follow","max-snippet":"max-snippet:-1","max-image-preview":"max-image-preview:large","max-video-preview":"max-video-preview:-1"},"canonical":"https:\/\/www.gold.fr\/news\/2013\/05\/17\/or-en-baisse-la-crise-en-ue-reste-un-pilier-2\/","og_locale":"fr_FR","og_type":"article","og_title":"Or en baisse : La crise en UE reste un pilier (2) - Gold.fr","og_description":"La situation chypriote est loin d&rsquo;\u00eatre le seul cas confirmant la solidit\u00e9 de la position de l&rsquo;or, en d\u00e9pit de la baisse. Il faut, en effet, avouer que le bloc euro, dans son ensemble, est une [&hellip;]","og_url":"https:\/\/www.gold.fr\/news\/2013\/05\/17\/or-en-baisse-la-crise-en-ue-reste-un-pilier-2\/","og_site_name":"Gold.fr","article_publisher":"https:\/\/www.facebook.com\/Goldfr\/","article_published_time":"2013-05-17T07:00:06+00:00","article_modified_time":"2017-11-02T10:39:59+00:00","og_image":[{"width":600,"height":400,"url":"https:\/\/www.gold.fr\/news\/wp-content\/uploads\/2012\/03\/baisse-cours-or1.jpg","type":"image\/jpeg"}],"author":"Comptoir National de l'Or","twitter_card":"summary_large_image","twitter_misc":{"\u00c9crit par":"Comptoir National de l'Or","Dur\u00e9e de lecture estim\u00e9e":"2 minutes"},"schema":{"@context":"https:\/\/schema.org","@graph":[{"@type":"Article","@id":"https:\/\/www.gold.fr\/news\/2013\/05\/17\/or-en-baisse-la-crise-en-ue-reste-un-pilier-2\/#article","isPartOf":{"@id":"https:\/\/www.gold.fr\/news\/2013\/05\/17\/or-en-baisse-la-crise-en-ue-reste-un-pilier-2\/"},"author":{"name":"Comptoir National de l'Or","@id":"https:\/\/www.gold.fr\/news\/#\/schema\/person\/070491b4b4fb7671bf59b3be20302ce9"},"headline":"Or en baisse : La crise en UE reste un pilier (2)","datePublished":"2013-05-17T07:00:06+00:00","dateModified":"2017-11-02T10:39:59+00:00","mainEntityOfPage":{"@id":"https:\/\/www.gold.fr\/news\/2013\/05\/17\/or-en-baisse-la-crise-en-ue-reste-un-pilier-2\/"},"wordCount":330,"commentCount":0,"image":{"@id":"https:\/\/www.gold.fr\/news\/2013\/05\/17\/or-en-baisse-la-crise-en-ue-reste-un-pilier-2\/#primaryimage"},"thumbnailUrl":"https:\/\/www.gold.fr\/news\/wp-content\/uploads\/2012\/03\/baisse-cours-or1.jpg","keywords":["baisse or","crise euro","portugal"],"articleSection":["Articles de presse"],"inLanguage":"fr-FR"},{"@type":"WebPage","@id":"https:\/\/www.gold.fr\/news\/2013\/05\/17\/or-en-baisse-la-crise-en-ue-reste-un-pilier-2\/","url":"https:\/\/www.gold.fr\/news\/2013\/05\/17\/or-en-baisse-la-crise-en-ue-reste-un-pilier-2\/","name":"Or en baisse : La crise en UE reste un pilier (2) - Gold.fr","isPartOf":{"@id":"https:\/\/www.gold.fr\/news\/#website"},"primaryImageOfPage":{"@id":"https:\/\/www.gold.fr\/news\/2013\/05\/17\/or-en-baisse-la-crise-en-ue-reste-un-pilier-2\/#primaryimage"},"image":{"@id":"https:\/\/www.gold.fr\/news\/2013\/05\/17\/or-en-baisse-la-crise-en-ue-reste-un-pilier-2\/#primaryimage"},"thumbnailUrl":"https:\/\/www.gold.fr\/news\/wp-content\/uploads\/2012\/03\/baisse-cours-or1.jpg","datePublished":"2013-05-17T07:00:06+00:00","dateModified":"2017-11-02T10:39:59+00:00","author":{"@id":"https:\/\/www.gold.fr\/news\/#\/schema\/person\/070491b4b4fb7671bf59b3be20302ce9"},"breadcrumb":{"@id":"https:\/\/www.gold.fr\/news\/2013\/05\/17\/or-en-baisse-la-crise-en-ue-reste-un-pilier-2\/#breadcrumb"},"inLanguage":"fr-FR","potentialAction":[{"@type":"ReadAction","target":["https:\/\/www.gold.fr\/news\/2013\/05\/17\/or-en-baisse-la-crise-en-ue-reste-un-pilier-2\/"]}]},{"@type":"ImageObject","inLanguage":"fr-FR","@id":"https:\/\/www.gold.fr\/news\/2013\/05\/17\/or-en-baisse-la-crise-en-ue-reste-un-pilier-2\/#primaryimage","url":"https:\/\/www.gold.fr\/news\/wp-content\/uploads\/2012\/03\/baisse-cours-or1.jpg","contentUrl":"https:\/\/www.gold.fr\/news\/wp-content\/uploads\/2012\/03\/baisse-cours-or1.jpg","width":"600","height":"400","caption":"Le march\u00e9 p\u00e9trolier en qu\u00eate de tendance"},{"@type":"BreadcrumbList","@id":"https:\/\/www.gold.fr\/news\/2013\/05\/17\/or-en-baisse-la-crise-en-ue-reste-un-pilier-2\/#breadcrumb","itemListElement":[{"@type":"ListItem","position":1,"name":"Accueil","item":"https:\/\/www.gold.fr\/"},{"@type":"ListItem","position":2,"name":"Actualit\u00e9s","item":"https:\/\/www.gold.fr\/news\/"},{"@type":"ListItem","position":3,"name":"Or en baisse : La crise en UE reste un pilier (2)"}]},{"@type":"WebSite","@id":"https:\/\/www.gold.fr\/news\/#website","url":"https:\/\/www.gold.fr\/news\/","name":"Gold.fr","description":"Actualit\u00e9s de l&#039;Or et des m\u00e9taux pr\u00e9cieux","potentialAction":[{"@type":"SearchAction","target":{"@type":"EntryPoint","urlTemplate":"https:\/\/www.gold.fr\/news\/?s={search_term_string}"},"query-input":{"@type":"PropertyValueSpecification","valueRequired":true,"valueName":"search_term_string"}}],"inLanguage":"fr-FR"},{"@type":"Person","@id":"https:\/\/www.gold.fr\/news\/#\/schema\/person\/070491b4b4fb7671bf59b3be20302ce9","name":"Comptoir National de l'Or","image":{"@type":"ImageObject","inLanguage":"fr-FR","@id":"https:\/\/secure.gravatar.com\/avatar\/0a2867fd5abe37bed95d5a65e9d58f01756e11efc68af9888dfc50cfa7f65948?s=96&d=mm&r=gb490554db0a38188709de567aa58480d","url":"https:\/\/secure.gravatar.com\/avatar\/0a2867fd5abe37bed95d5a65e9d58f01756e11efc68af9888dfc50cfa7f65948?s=96&d=mm&r=g","contentUrl":"https:\/\/secure.gravatar.com\/avatar\/0a2867fd5abe37bed95d5a65e9d58f01756e11efc68af9888dfc50cfa7f65948?s=96&d=mm&r=g","caption":"Comptoir National de l'Or"},"description":"Notre r\u00e9daction est constitu\u00e9e de membres experts dans les m\u00e9tiers de l'\u00e9conomie et la gestion, des Responsables d'agence Comptoir National de l'Or, des analystes financiers qui publient r\u00e9guli\u00e8rement des \u00e9tudes sur les politiques des banques centrales, le cours de l'or, prix de l'or, cours de l'argent, prix de l'argent, cours du platine, cours du palladium,... la situation en zone euro et l'impact de la strat\u00e9gie mon\u00e9taire de la FED. Notre \u00e9quipe scrute \u00e9galement une information plus g\u00e9n\u00e9raliste \u00e0 la recherche d'actualit\u00e9 \"p\u00e9pite\" \u00e0 vous partager. Depuis 5 ans, nous avons publi\u00e9 un peu plus de 4000 articles qui s'adressent \u00e0 un public large et vari\u00e9 ayant pour objectif de satisfaire votre curiosit\u00e9 et de partager avec vous une certaine fascination pour le m\u00e9tal jaune, le rachat d'or, et pour ceux qui veulent investir dans l'or, vendre leur or tout simplement en savoir plus... Pour tous vos achat or et argent, n'h\u00e9sitez pas \u00e0 prendre rendez-vous dans l'un de nos nombreux comptoirs.","sameAs":["https:\/\/www.gold.fr"]}]}},"authors":[{"term_id":2565,"user_id":18,"is_guest":0,"slug":"julie","display_name":"Comptoir National de l'Or","avatar_url":"https:\/\/secure.gravatar.com\/avatar\/713f289e398d35ead876c4a4cc08607f0d6d266058cfc25683fffb6092d0e572?s=96&d=mm&r=g","0":null,"1":"","2":"","3":"","4":"","5":"","6":"","7":"","8":""}],"_links":{"self":[{"href":"https:\/\/www.gold.fr\/news\/wp-json\/wp\/v2\/posts\/11716","targetHints":{"allow":["GET"]}}],"collection":[{"href":"https:\/\/www.gold.fr\/news\/wp-json\/wp\/v2\/posts"}],"about":[{"href":"https:\/\/www.gold.fr\/news\/wp-json\/wp\/v2\/types\/post"}],"author":[{"embeddable":true,"href":"https:\/\/www.gold.fr\/news\/wp-json\/wp\/v2\/users\/18"}],"replies":[{"embeddable":true,"href":"https:\/\/www.gold.fr\/news\/wp-json\/wp\/v2\/comments?post=11716"}],"version-history":[{"count":0,"href":"https:\/\/www.gold.fr\/news\/wp-json\/wp\/v2\/posts\/11716\/revisions"}],"wp:featuredmedia":[{"embeddable":true,"href":"https:\/\/www.gold.fr\/news\/wp-json\/wp\/v2\/media\/6319"}],"wp:attachment":[{"href":"https:\/\/www.gold.fr\/news\/wp-json\/wp\/v2\/media?parent=11716"}],"wp:term":[{"taxonomy":"category","embeddable":true,"href":"https:\/\/www.gold.fr\/news\/wp-json\/wp\/v2\/categories?post=11716"},{"taxonomy":"post_tag","embeddable":true,"href":"https:\/\/www.gold.fr\/news\/wp-json\/wp\/v2\/tags?post=11716"},{"taxonomy":"author","embeddable":true,"href":"https:\/\/www.gold.fr\/news\/wp-json\/wp\/v2\/ppma_author?post=11716"}],"curies":[{"name":"wp","href":"https:\/\/api.w.org\/{rel}","templated":true}]}}