{"id":11712,"date":"2013-05-16T17:00:22","date_gmt":"2013-05-16T15:00:22","guid":{"rendered":"https:\/\/www.gold.fr\/news\/?p=11712"},"modified":"2020-12-08T14:24:29","modified_gmt":"2020-12-08T13:24:29","slug":"or-en-baisse-la-crise-en-ue-reste-un-pilier-1","status":"publish","type":"post","link":"https:\/\/www.gold.fr\/news\/2013\/05\/16\/or-en-baisse-la-crise-en-ue-reste-un-pilier-1\/","title":{"rendered":"Or en baisse : La crise en UE reste un pilier (1)"},"content":{"rendered":"<p><span style=\"font-size: small;\"><img loading=\"lazy\" decoding=\"async\" class=\"alignleft size-thumbnail wp-image-6306\" title=\"Or en baisse : La crise en UE reste un pilier\" src=\"https:\/\/www.gold.fr\/news\/wp-content\/uploads\/2012\/03\/baisse-cours-or-150x150.jpg\" alt=\"\" width=\"150\" height=\"150\" srcset=\"https:\/\/www.gold.fr\/news\/wp-content\/uploads\/2012\/03\/baisse-cours-or-150x150.jpg 150w, https:\/\/www.gold.fr\/news\/wp-content\/uploads\/2012\/03\/baisse-cours-or-80x80.jpg 80w, https:\/\/www.gold.fr\/news\/wp-content\/uploads\/2012\/03\/baisse-cours-or-1x1.jpg 1w\" sizes=\"auto, (max-width: 150px) 100vw, 150px\" \/>Le <a class=\"esk-seo-plu-link\" href=\"https:\/\/www.gold.fr\/news\/tags\/or\">m\u00e9tal jaune<\/a> joue au yo-yo, depuis quelques s\u00e9ances. Tiraill\u00e9 entre une demande solide et <a title=\"Repli de l\u2019or, sur fond de nouveaux espoirs US\" href=\"https:\/\/www.gold.fr\/news\/2013\/05\/16\/repli-de-lor-sur-fond-de-nouveaux-espoirs-us\/11710\/\" target=\"_blank\" rel=\"noopener noreferrer\">une \u00e9conomie US<\/a> vacillant entre espoirs de reprise et chiffres d\u00e9primants, <a title=\"Prix de l'Or\" href=\"https:\/\/www.gold.fr\/cours-prix-de-l-or\/\" target=\"_blank\" rel=\"noopener noreferrer\">le prix de l\u2019or<\/a> ne sait plus sur quel pied danser.<\/span> <span style=\"font-size: small;\"> Il est pourtant \u00e9tonnant de constater \u00e0 quel point <a title=\"Evolution de l\u2019or \u2013 Les raisons de la baisse\" href=\"https:\/\/www.gold.fr\/news\/2013\/05\/13\/evolution-de-lor-les-raisons-de-la-baisse-1\/11657\/\" target=\"_blank\" rel=\"noopener noreferrer\">la derni\u00e8re vague de baisse<\/a> est enti\u00e8rement b\u00e2tie sur des sp\u00e9culations et des rumeurs dont l&rsquo;authenticit\u00e9 demeure \u2013pour la plupart- tr\u00e8s douteuse.<\/span> <span style=\"font-size: small;\"> L&rsquo;issue de <strong>la situation chypriote<\/strong> reste l&rsquo;une des toute premi\u00e8res rumeurs ayant consid\u00e9rablement pes\u00e9 sur le march\u00e9 aurif\u00e8re. Le bruit courait alors que l&rsquo;\u00eele serait sur le point de vendre 10 (sur un total de 14) tonnes de r\u00e9serves d&rsquo;<a class=\"esk-seo-plu-link\" href=\"https:\/\/www.gold.fr\/news\/tags\/or\">or<\/a> de Chypre, dans le but d&rsquo;obtenir les quelques <strong>400 millions de dollars<\/strong> lui permettant de financer (partiellement) son plan de sauvetage. Du coup, la crainte d&rsquo;un \u00e9ventuel effet \u00ab<em> boule de neige<\/em> \u00bb a mis l&rsquo;ensemble des march\u00e9s d&rsquo;investissement en panique, faisant consid\u00e9rablement chuter les prix. D&rsquo;ailleurs, ces craintes persistent encore, au sein du bloc euro, avec des pays en constante crise (Italie, <a title=\"Crise en UE \u2013 C\u2019est au tour du Portugal\" href=\"https:\/\/www.gold.fr\/news\/2013\/05\/14\/crise-en-ue-cest-au-tour-du-portugal\/11673\/\" target=\"_blank\" rel=\"noopener noreferrer\">Portugal<\/a>, et m\u00eame la France). Et les sp\u00e9culations pessimistes ne cessent de rappeler que les r\u00e9serves d&rsquo;<a class=\"esk-seo-plu-link\" href=\"https:\/\/www.gold.fr\/news\/tags\/or\">or<\/a> de ces pays sont nettement plus cons\u00e9quentes que celles de Chypre. La possibilit\u00e9 d&rsquo;une telle masse de <a class=\"esk-seo-plu-link\" href=\"https:\/\/www.gold.fr\/news\/tags\/or\">m\u00e9tal jaune<\/a> se retrouvant soudain en circulation reste donc le spectre que certains analystes font peser sur le march\u00e9 aurif\u00e8re.<\/span> <span style=\"font-size: small;\"> Quelques semaines plus tard, l&rsquo;<a class=\"esk-seo-plu-link\" href=\"https:\/\/www.gold.fr\/news\/tags\/or\">or<\/a> chypriote demeure intact\u2026.ainsi que sa valeur refuge !<\/span><\/p>\n<!-- AddThis Advanced Settings generic via filter on the_content --><!-- AddThis Share Buttons generic via filter on the_content -->","protected":false},"excerpt":{"rendered":"<p>Le m\u00e9tal jaune joue au yo-yo, depuis quelques s\u00e9ances. Tiraill\u00e9 entre une demande solide et une \u00e9conomie US vacillant entre espoirs de reprise et chiffres d\u00e9primants, le prix de l\u2019or ne sait plus sur quel pied [&hellip;]<\/p>\n","protected":false},"author":18,"featured_media":33087,"comment_status":"closed","ping_status":"closed","sticky":false,"template":"","format":"standard","meta":{"_mbp_gutenberg_autopost":false,"_pgmb_is_evergreen":false,"_pgmb_ap_template_id":0,"footnotes":""},"categories":[6],"tags":[1269,1214,1325,1100,1326,83],"ppma_author":[2565],"class_list":["post-11712","post","type-post","status-publish","format-standard","has-post-thumbnail","hentry","category-articles-de-presse","tag-baisse-or","tag-chypre","tag-crise-ue","tag-economie-us","tag-portugal","tag-prix-de-lor"],"yoast_head":"<!-- This site is optimized with the Yoast SEO plugin v27.5 - https:\/\/yoast.com\/product\/yoast-seo-wordpress\/ -->\n<title>Or en baisse : La crise en UE reste un pilier (1) - Gold.fr<\/title>\n<meta name=\"robots\" content=\"index, follow, max-snippet:-1, max-image-preview:large, max-video-preview:-1\" \/>\n<link rel=\"canonical\" href=\"https:\/\/www.gold.fr\/news\/2013\/05\/16\/or-en-baisse-la-crise-en-ue-reste-un-pilier-1\/\" \/>\n<meta property=\"og:locale\" content=\"fr_FR\" \/>\n<meta property=\"og:type\" content=\"article\" \/>\n<meta property=\"og:title\" content=\"Or en baisse : La crise en UE reste un pilier (1) - Gold.fr\" \/>\n<meta property=\"og:description\" content=\"Le m\u00e9tal jaune joue au yo-yo, depuis quelques s\u00e9ances. Tiraill\u00e9 entre une demande solide et une \u00e9conomie US vacillant entre espoirs de reprise et chiffres d\u00e9primants, le prix de l\u2019or ne sait plus sur quel pied [&hellip;]\" \/>\n<meta property=\"og:url\" content=\"https:\/\/www.gold.fr\/news\/2013\/05\/16\/or-en-baisse-la-crise-en-ue-reste-un-pilier-1\/\" \/>\n<meta property=\"og:site_name\" content=\"Gold.fr\" \/>\n<meta property=\"article:publisher\" content=\"https:\/\/www.facebook.com\/Goldfr\/\" \/>\n<meta property=\"article:published_time\" content=\"2013-05-16T15:00:22+00:00\" \/>\n<meta property=\"article:modified_time\" content=\"2020-12-08T13:24:29+00:00\" \/>\n<meta property=\"og:image\" content=\"https:\/\/www.gold.fr\/news\/wp-content\/uploads\/2018\/06\/BCE.jpg\" \/>\n\t<meta property=\"og:image:width\" content=\"1254\" \/>\n\t<meta property=\"og:image:height\" content=\"837\" \/>\n\t<meta property=\"og:image:type\" content=\"image\/jpeg\" \/>\n<meta name=\"author\" content=\"Comptoir National de l&#039;Or\" \/>\n<meta name=\"twitter:card\" content=\"summary_large_image\" \/>\n<meta name=\"twitter:label1\" content=\"\u00c9crit par\" \/>\n\t<meta name=\"twitter:data1\" content=\"Comptoir National de l&#039;Or\" \/>\n\t<meta name=\"twitter:label2\" content=\"Dur\u00e9e de lecture estim\u00e9e\" \/>\n\t<meta name=\"twitter:data2\" content=\"1 minute\" \/>\n<script type=\"application\/ld+json\" class=\"yoast-schema-graph\">{\"@context\":\"https:\\\/\\\/schema.org\",\"@graph\":[{\"@type\":\"Article\",\"@id\":\"https:\\\/\\\/www.gold.fr\\\/news\\\/2013\\\/05\\\/16\\\/or-en-baisse-la-crise-en-ue-reste-un-pilier-1\\\/#article\",\"isPartOf\":{\"@id\":\"https:\\\/\\\/www.gold.fr\\\/news\\\/2013\\\/05\\\/16\\\/or-en-baisse-la-crise-en-ue-reste-un-pilier-1\\\/\"},\"author\":{\"name\":\"Comptoir National de l'Or\",\"@id\":\"https:\\\/\\\/www.gold.fr\\\/news\\\/#\\\/schema\\\/person\\\/070491b4b4fb7671bf59b3be20302ce9\"},\"headline\":\"Or en baisse : La crise en UE reste un pilier (1)\",\"datePublished\":\"2013-05-16T15:00:22+00:00\",\"dateModified\":\"2020-12-08T13:24:29+00:00\",\"mainEntityOfPage\":{\"@id\":\"https:\\\/\\\/www.gold.fr\\\/news\\\/2013\\\/05\\\/16\\\/or-en-baisse-la-crise-en-ue-reste-un-pilier-1\\\/\"},\"wordCount\":276,\"image\":{\"@id\":\"https:\\\/\\\/www.gold.fr\\\/news\\\/2013\\\/05\\\/16\\\/or-en-baisse-la-crise-en-ue-reste-un-pilier-1\\\/#primaryimage\"},\"thumbnailUrl\":\"https:\\\/\\\/www.gold.fr\\\/news\\\/wp-content\\\/uploads\\\/2018\\\/06\\\/BCE.jpg\",\"keywords\":[\"baisse or\",\"Chypre\",\"crise UE\",\"\u00e9conomie US\",\"portugal\",\"prix de l'or\"],\"articleSection\":[\"Articles de presse\"],\"inLanguage\":\"fr-FR\"},{\"@type\":\"WebPage\",\"@id\":\"https:\\\/\\\/www.gold.fr\\\/news\\\/2013\\\/05\\\/16\\\/or-en-baisse-la-crise-en-ue-reste-un-pilier-1\\\/\",\"url\":\"https:\\\/\\\/www.gold.fr\\\/news\\\/2013\\\/05\\\/16\\\/or-en-baisse-la-crise-en-ue-reste-un-pilier-1\\\/\",\"name\":\"Or en baisse : La crise en UE reste un pilier (1) - Gold.fr\",\"isPartOf\":{\"@id\":\"https:\\\/\\\/www.gold.fr\\\/news\\\/#website\"},\"primaryImageOfPage\":{\"@id\":\"https:\\\/\\\/www.gold.fr\\\/news\\\/2013\\\/05\\\/16\\\/or-en-baisse-la-crise-en-ue-reste-un-pilier-1\\\/#primaryimage\"},\"image\":{\"@id\":\"https:\\\/\\\/www.gold.fr\\\/news\\\/2013\\\/05\\\/16\\\/or-en-baisse-la-crise-en-ue-reste-un-pilier-1\\\/#primaryimage\"},\"thumbnailUrl\":\"https:\\\/\\\/www.gold.fr\\\/news\\\/wp-content\\\/uploads\\\/2018\\\/06\\\/BCE.jpg\",\"datePublished\":\"2013-05-16T15:00:22+00:00\",\"dateModified\":\"2020-12-08T13:24:29+00:00\",\"author\":{\"@id\":\"https:\\\/\\\/www.gold.fr\\\/news\\\/#\\\/schema\\\/person\\\/070491b4b4fb7671bf59b3be20302ce9\"},\"breadcrumb\":{\"@id\":\"https:\\\/\\\/www.gold.fr\\\/news\\\/2013\\\/05\\\/16\\\/or-en-baisse-la-crise-en-ue-reste-un-pilier-1\\\/#breadcrumb\"},\"inLanguage\":\"fr-FR\",\"potentialAction\":[{\"@type\":\"ReadAction\",\"target\":[\"https:\\\/\\\/www.gold.fr\\\/news\\\/2013\\\/05\\\/16\\\/or-en-baisse-la-crise-en-ue-reste-un-pilier-1\\\/\"]}]},{\"@type\":\"ImageObject\",\"inLanguage\":\"fr-FR\",\"@id\":\"https:\\\/\\\/www.gold.fr\\\/news\\\/2013\\\/05\\\/16\\\/or-en-baisse-la-crise-en-ue-reste-un-pilier-1\\\/#primaryimage\",\"url\":\"https:\\\/\\\/www.gold.fr\\\/news\\\/wp-content\\\/uploads\\\/2018\\\/06\\\/BCE.jpg\",\"contentUrl\":\"https:\\\/\\\/www.gold.fr\\\/news\\\/wp-content\\\/uploads\\\/2018\\\/06\\\/BCE.jpg\",\"width\":1254,\"height\":837,\"caption\":\"Les inqui\u00e9tudes de la Banque Centrale europ\u00e9enne\"},{\"@type\":\"BreadcrumbList\",\"@id\":\"https:\\\/\\\/www.gold.fr\\\/news\\\/2013\\\/05\\\/16\\\/or-en-baisse-la-crise-en-ue-reste-un-pilier-1\\\/#breadcrumb\",\"itemListElement\":[{\"@type\":\"ListItem\",\"position\":1,\"name\":\"Accueil\",\"item\":\"https:\\\/\\\/www.gold.fr\\\/\"},{\"@type\":\"ListItem\",\"position\":2,\"name\":\"Actualit\u00e9s\",\"item\":\"https:\\\/\\\/www.gold.fr\\\/news\\\/\"},{\"@type\":\"ListItem\",\"position\":3,\"name\":\"Or en baisse : La crise en UE reste un pilier (1)\"}]},{\"@type\":\"WebSite\",\"@id\":\"https:\\\/\\\/www.gold.fr\\\/news\\\/#website\",\"url\":\"https:\\\/\\\/www.gold.fr\\\/news\\\/\",\"name\":\"Gold.fr\",\"description\":\"Actualit\u00e9s de l&#039;Or et des m\u00e9taux pr\u00e9cieux\",\"potentialAction\":[{\"@type\":\"SearchAction\",\"target\":{\"@type\":\"EntryPoint\",\"urlTemplate\":\"https:\\\/\\\/www.gold.fr\\\/news\\\/?s={search_term_string}\"},\"query-input\":{\"@type\":\"PropertyValueSpecification\",\"valueRequired\":true,\"valueName\":\"search_term_string\"}}],\"inLanguage\":\"fr-FR\"},{\"@type\":\"Person\",\"@id\":\"https:\\\/\\\/www.gold.fr\\\/news\\\/#\\\/schema\\\/person\\\/070491b4b4fb7671bf59b3be20302ce9\",\"name\":\"Comptoir National de l'Or\",\"image\":{\"@type\":\"ImageObject\",\"inLanguage\":\"fr-FR\",\"@id\":\"https:\\\/\\\/secure.gravatar.com\\\/avatar\\\/0a2867fd5abe37bed95d5a65e9d58f01756e11efc68af9888dfc50cfa7f65948?s=96&d=mm&r=gb490554db0a38188709de567aa58480d\",\"url\":\"https:\\\/\\\/secure.gravatar.com\\\/avatar\\\/0a2867fd5abe37bed95d5a65e9d58f01756e11efc68af9888dfc50cfa7f65948?s=96&d=mm&r=g\",\"contentUrl\":\"https:\\\/\\\/secure.gravatar.com\\\/avatar\\\/0a2867fd5abe37bed95d5a65e9d58f01756e11efc68af9888dfc50cfa7f65948?s=96&d=mm&r=g\",\"caption\":\"Comptoir National de l'Or\"},\"description\":\"Notre r\u00e9daction est constitu\u00e9e de membres experts dans les m\u00e9tiers de l'\u00e9conomie et la gestion, des Responsables d'agence Comptoir National de l'Or, des analystes financiers qui publient r\u00e9guli\u00e8rement des \u00e9tudes sur les politiques des banques centrales, le cours de l'or, prix de l'or, cours de l'argent, prix de l'argent, cours du platine, cours du palladium,... la situation en zone euro et l'impact de la strat\u00e9gie mon\u00e9taire de la FED. Notre \u00e9quipe scrute \u00e9galement une information plus g\u00e9n\u00e9raliste \u00e0 la recherche d'actualit\u00e9 \\\"p\u00e9pite\\\" \u00e0 vous partager. Depuis 5 ans, nous avons publi\u00e9 un peu plus de 4000 articles qui s'adressent \u00e0 un public large et vari\u00e9 ayant pour objectif de satisfaire votre curiosit\u00e9 et de partager avec vous une certaine fascination pour le m\u00e9tal jaune, le rachat d'or, et pour ceux qui veulent investir dans l'or, vendre leur or tout simplement en savoir plus... Pour tous vos achat or et argent, n'h\u00e9sitez pas \u00e0 prendre rendez-vous dans l'un de nos nombreux comptoirs.\",\"sameAs\":[\"https:\\\/\\\/www.gold.fr\"]}]}<\/script>\n<!-- \/ Yoast SEO plugin. -->","yoast_head_json":{"title":"Or en baisse : La crise en UE reste un pilier (1) - Gold.fr","robots":{"index":"index","follow":"follow","max-snippet":"max-snippet:-1","max-image-preview":"max-image-preview:large","max-video-preview":"max-video-preview:-1"},"canonical":"https:\/\/www.gold.fr\/news\/2013\/05\/16\/or-en-baisse-la-crise-en-ue-reste-un-pilier-1\/","og_locale":"fr_FR","og_type":"article","og_title":"Or en baisse : La crise en UE reste un pilier (1) - Gold.fr","og_description":"Le m\u00e9tal jaune joue au yo-yo, depuis quelques s\u00e9ances. Tiraill\u00e9 entre une demande solide et une \u00e9conomie US vacillant entre espoirs de reprise et chiffres d\u00e9primants, le prix de l\u2019or ne sait plus sur quel pied [&hellip;]","og_url":"https:\/\/www.gold.fr\/news\/2013\/05\/16\/or-en-baisse-la-crise-en-ue-reste-un-pilier-1\/","og_site_name":"Gold.fr","article_publisher":"https:\/\/www.facebook.com\/Goldfr\/","article_published_time":"2013-05-16T15:00:22+00:00","article_modified_time":"2020-12-08T13:24:29+00:00","og_image":[{"width":1254,"height":837,"url":"https:\/\/www.gold.fr\/news\/wp-content\/uploads\/2018\/06\/BCE.jpg","type":"image\/jpeg"}],"author":"Comptoir National de l'Or","twitter_card":"summary_large_image","twitter_misc":{"\u00c9crit par":"Comptoir National de l'Or","Dur\u00e9e de lecture estim\u00e9e":"1 minute"},"schema":{"@context":"https:\/\/schema.org","@graph":[{"@type":"Article","@id":"https:\/\/www.gold.fr\/news\/2013\/05\/16\/or-en-baisse-la-crise-en-ue-reste-un-pilier-1\/#article","isPartOf":{"@id":"https:\/\/www.gold.fr\/news\/2013\/05\/16\/or-en-baisse-la-crise-en-ue-reste-un-pilier-1\/"},"author":{"name":"Comptoir National de l'Or","@id":"https:\/\/www.gold.fr\/news\/#\/schema\/person\/070491b4b4fb7671bf59b3be20302ce9"},"headline":"Or en baisse : La crise en UE reste un pilier (1)","datePublished":"2013-05-16T15:00:22+00:00","dateModified":"2020-12-08T13:24:29+00:00","mainEntityOfPage":{"@id":"https:\/\/www.gold.fr\/news\/2013\/05\/16\/or-en-baisse-la-crise-en-ue-reste-un-pilier-1\/"},"wordCount":276,"image":{"@id":"https:\/\/www.gold.fr\/news\/2013\/05\/16\/or-en-baisse-la-crise-en-ue-reste-un-pilier-1\/#primaryimage"},"thumbnailUrl":"https:\/\/www.gold.fr\/news\/wp-content\/uploads\/2018\/06\/BCE.jpg","keywords":["baisse or","Chypre","crise UE","\u00e9conomie US","portugal","prix de l'or"],"articleSection":["Articles de presse"],"inLanguage":"fr-FR"},{"@type":"WebPage","@id":"https:\/\/www.gold.fr\/news\/2013\/05\/16\/or-en-baisse-la-crise-en-ue-reste-un-pilier-1\/","url":"https:\/\/www.gold.fr\/news\/2013\/05\/16\/or-en-baisse-la-crise-en-ue-reste-un-pilier-1\/","name":"Or en baisse : La crise en UE reste un pilier (1) - Gold.fr","isPartOf":{"@id":"https:\/\/www.gold.fr\/news\/#website"},"primaryImageOfPage":{"@id":"https:\/\/www.gold.fr\/news\/2013\/05\/16\/or-en-baisse-la-crise-en-ue-reste-un-pilier-1\/#primaryimage"},"image":{"@id":"https:\/\/www.gold.fr\/news\/2013\/05\/16\/or-en-baisse-la-crise-en-ue-reste-un-pilier-1\/#primaryimage"},"thumbnailUrl":"https:\/\/www.gold.fr\/news\/wp-content\/uploads\/2018\/06\/BCE.jpg","datePublished":"2013-05-16T15:00:22+00:00","dateModified":"2020-12-08T13:24:29+00:00","author":{"@id":"https:\/\/www.gold.fr\/news\/#\/schema\/person\/070491b4b4fb7671bf59b3be20302ce9"},"breadcrumb":{"@id":"https:\/\/www.gold.fr\/news\/2013\/05\/16\/or-en-baisse-la-crise-en-ue-reste-un-pilier-1\/#breadcrumb"},"inLanguage":"fr-FR","potentialAction":[{"@type":"ReadAction","target":["https:\/\/www.gold.fr\/news\/2013\/05\/16\/or-en-baisse-la-crise-en-ue-reste-un-pilier-1\/"]}]},{"@type":"ImageObject","inLanguage":"fr-FR","@id":"https:\/\/www.gold.fr\/news\/2013\/05\/16\/or-en-baisse-la-crise-en-ue-reste-un-pilier-1\/#primaryimage","url":"https:\/\/www.gold.fr\/news\/wp-content\/uploads\/2018\/06\/BCE.jpg","contentUrl":"https:\/\/www.gold.fr\/news\/wp-content\/uploads\/2018\/06\/BCE.jpg","width":1254,"height":837,"caption":"Les inqui\u00e9tudes de la Banque Centrale europ\u00e9enne"},{"@type":"BreadcrumbList","@id":"https:\/\/www.gold.fr\/news\/2013\/05\/16\/or-en-baisse-la-crise-en-ue-reste-un-pilier-1\/#breadcrumb","itemListElement":[{"@type":"ListItem","position":1,"name":"Accueil","item":"https:\/\/www.gold.fr\/"},{"@type":"ListItem","position":2,"name":"Actualit\u00e9s","item":"https:\/\/www.gold.fr\/news\/"},{"@type":"ListItem","position":3,"name":"Or en baisse : La crise en UE reste un pilier (1)"}]},{"@type":"WebSite","@id":"https:\/\/www.gold.fr\/news\/#website","url":"https:\/\/www.gold.fr\/news\/","name":"Gold.fr","description":"Actualit\u00e9s de l&#039;Or et des m\u00e9taux pr\u00e9cieux","potentialAction":[{"@type":"SearchAction","target":{"@type":"EntryPoint","urlTemplate":"https:\/\/www.gold.fr\/news\/?s={search_term_string}"},"query-input":{"@type":"PropertyValueSpecification","valueRequired":true,"valueName":"search_term_string"}}],"inLanguage":"fr-FR"},{"@type":"Person","@id":"https:\/\/www.gold.fr\/news\/#\/schema\/person\/070491b4b4fb7671bf59b3be20302ce9","name":"Comptoir National de l'Or","image":{"@type":"ImageObject","inLanguage":"fr-FR","@id":"https:\/\/secure.gravatar.com\/avatar\/0a2867fd5abe37bed95d5a65e9d58f01756e11efc68af9888dfc50cfa7f65948?s=96&d=mm&r=gb490554db0a38188709de567aa58480d","url":"https:\/\/secure.gravatar.com\/avatar\/0a2867fd5abe37bed95d5a65e9d58f01756e11efc68af9888dfc50cfa7f65948?s=96&d=mm&r=g","contentUrl":"https:\/\/secure.gravatar.com\/avatar\/0a2867fd5abe37bed95d5a65e9d58f01756e11efc68af9888dfc50cfa7f65948?s=96&d=mm&r=g","caption":"Comptoir National de l'Or"},"description":"Notre r\u00e9daction est constitu\u00e9e de membres experts dans les m\u00e9tiers de l'\u00e9conomie et la gestion, des Responsables d'agence Comptoir National de l'Or, des analystes financiers qui publient r\u00e9guli\u00e8rement des \u00e9tudes sur les politiques des banques centrales, le cours de l'or, prix de l'or, cours de l'argent, prix de l'argent, cours du platine, cours du palladium,... la situation en zone euro et l'impact de la strat\u00e9gie mon\u00e9taire de la FED. Notre \u00e9quipe scrute \u00e9galement une information plus g\u00e9n\u00e9raliste \u00e0 la recherche d'actualit\u00e9 \"p\u00e9pite\" \u00e0 vous partager. Depuis 5 ans, nous avons publi\u00e9 un peu plus de 4000 articles qui s'adressent \u00e0 un public large et vari\u00e9 ayant pour objectif de satisfaire votre curiosit\u00e9 et de partager avec vous une certaine fascination pour le m\u00e9tal jaune, le rachat d'or, et pour ceux qui veulent investir dans l'or, vendre leur or tout simplement en savoir plus... Pour tous vos achat or et argent, n'h\u00e9sitez pas \u00e0 prendre rendez-vous dans l'un de nos nombreux comptoirs.","sameAs":["https:\/\/www.gold.fr"]}]}},"authors":[{"term_id":2565,"user_id":18,"is_guest":0,"slug":"julie","display_name":"Comptoir National de l'Or","avatar_url":"https:\/\/secure.gravatar.com\/avatar\/713f289e398d35ead876c4a4cc08607f0d6d266058cfc25683fffb6092d0e572?s=96&d=mm&r=g","0":null,"1":"","2":"","3":"","4":"","5":"","6":"","7":"","8":""}],"_links":{"self":[{"href":"https:\/\/www.gold.fr\/news\/wp-json\/wp\/v2\/posts\/11712","targetHints":{"allow":["GET"]}}],"collection":[{"href":"https:\/\/www.gold.fr\/news\/wp-json\/wp\/v2\/posts"}],"about":[{"href":"https:\/\/www.gold.fr\/news\/wp-json\/wp\/v2\/types\/post"}],"author":[{"embeddable":true,"href":"https:\/\/www.gold.fr\/news\/wp-json\/wp\/v2\/users\/18"}],"replies":[{"embeddable":true,"href":"https:\/\/www.gold.fr\/news\/wp-json\/wp\/v2\/comments?post=11712"}],"version-history":[{"count":0,"href":"https:\/\/www.gold.fr\/news\/wp-json\/wp\/v2\/posts\/11712\/revisions"}],"wp:featuredmedia":[{"embeddable":true,"href":"https:\/\/www.gold.fr\/news\/wp-json\/wp\/v2\/media\/33087"}],"wp:attachment":[{"href":"https:\/\/www.gold.fr\/news\/wp-json\/wp\/v2\/media?parent=11712"}],"wp:term":[{"taxonomy":"category","embeddable":true,"href":"https:\/\/www.gold.fr\/news\/wp-json\/wp\/v2\/categories?post=11712"},{"taxonomy":"post_tag","embeddable":true,"href":"https:\/\/www.gold.fr\/news\/wp-json\/wp\/v2\/tags?post=11712"},{"taxonomy":"author","embeddable":true,"href":"https:\/\/www.gold.fr\/news\/wp-json\/wp\/v2\/ppma_author?post=11712"}],"curies":[{"name":"wp","href":"https:\/\/api.w.org\/{rel}","templated":true}]}}