{"id":11697,"date":"2013-05-15T09:00:00","date_gmt":"2013-05-15T07:00:00","guid":{"rendered":"https:\/\/www.gold.fr\/news\/?p=11697"},"modified":"2018-02-23T16:53:29","modified_gmt":"2018-02-23T15:53:29","slug":"evolution-de-lor-un-bilan-positifmalgre-tout","status":"publish","type":"post","link":"https:\/\/www.gold.fr\/news\/2013\/05\/15\/evolution-de-lor-un-bilan-positifmalgre-tout\/","title":{"rendered":"Evolution de l\u2019or \u2013 Un bilan positif\u2026malgr\u00e9 tout !"},"content":{"rendered":"<p><span style=\"font-size: small;\"><img loading=\"lazy\" decoding=\"async\" class=\"alignleft size-thumbnail wp-image-2773\" title=\"Evolution de l\u2019or \u2013 Un bilan positif\u2026malgr\u00e9 tout !\" src=\"https:\/\/www.gold.fr\/news\/wp-content\/uploads\/2011\/10\/Or-Evolution-150x150.jpg\" alt=\"\" width=\"150\" height=\"150\" \/>C&rsquo;est ind\u00e9niable ; le premier trimestre <strong>2013<\/strong> a \u00e9t\u00e9 pour le moins mouvement\u00e9 pour le march\u00e9 aurif\u00e8re. <a title=\"Evolution de l\u2019or \u2013 Les raisons de la baisse\" href=\"https:\/\/www.gold.fr\/news\/2013\/05\/13\/evolution-de-lor-les-raisons-de-la-baisse-1\/11657\/\" target=\"_blank\" rel=\"noopener\">Une \u00e9volution en dents de scie<\/a> et des hauts et des bas vertigineux qui ont finalement abouti \u00e0 un repli consid\u00e9rable, durant le mois d&rsquo;avril.<\/span> <span style=\"font-size: small;\"> La situation s&rsquo;est, depuis, nettement am\u00e9lior\u00e9e, rattrapant une grande partie du terrain c\u00e9d\u00e9 durant la phase de la correction, et profitant surtout d&rsquo;acquisitions au comptant de la part des <strong>Etats-Unis<\/strong> et de <strong>l&rsquo;Asie<\/strong> (Inde et <a title=\"La demande chinoise cr\u00e9\u00e9 la surprise\" href=\"https:\/\/www.gold.fr\/news\/2013\/05\/10\/la-demande-chinoise-cree-la-surprise\/11660\/\" target=\"_blank\" rel=\"noopener\">Chine<\/a>).<\/span> <span style=\"font-size: small;\"> Mais la reprise de la demande mondiale n&rsquo;est pas le seul facteur \u00e0 l&rsquo;origine de ce retour en force. Car il faut avouer que les investisseurs avaient \u00e9galement pleinement profit\u00e9 de ce repli, s&rsquo;assurant leurs propres r\u00e9serves de valeur refuge, tant que les prix exceptionnellement bas le permettaient encore.<\/span> <span style=\"font-size: small;\"><strong> L&rsquo;U.S. Mint<\/strong> (organisme en charge de battre la monnaie am\u00e9ricaine) a m\u00eame d\u00fb supprimer temporairement la vente de ses pi\u00e8ces d&rsquo;<a class=\"esk-seo-plu-link\" href=\"https:\/\/www.gold.fr\/news\/tags\/or\">or<\/a> d&rsquo;un dixi\u00e8me <a title=\"Prix de l'Once d'Or\" href=\"https:\/\/www.gold.fr\/once-en\/\" target=\"_blank\" rel=\"noopener\">d&rsquo;once<\/a>, suite \u00e0 la flamb\u00e9e ing\u00e9rable de la demande nationale.<\/span> <span style=\"font-size: small;\"> Mais le bilan est d\u00e9j\u00e0 assez impressionnant ; <strong>85.000 pi\u00e8ces<\/strong> vendues en avril, soit le deuxi\u00e8me plus gros volume mensuel de l&rsquo;organisme (le volume enregistr\u00e9 en janvier \u00e9tant encore en t\u00eate). Donc, avec <strong>175.000 onces d&rsquo;<a class=\"esk-seo-plu-link\" href=\"https:\/\/www.gold.fr\/news\/tags\/or\">or<\/a><\/strong> ainsi \u00e9coul\u00e9es (en avril), c&rsquo;est un nouveau record que les ventes de <a class=\"esk-seo-plu-link\" href=\"https:\/\/www.gold.fr\/news\/tags\/or\">m\u00e9tal jaune<\/a> \u00e9tablissent (pr\u00e8s du triple des quelques <strong>62.000 onces<\/strong> enregistr\u00e9es en mars).<\/span><\/p>\n<!-- AddThis Advanced Settings generic via filter on the_content --><!-- AddThis Share Buttons generic via filter on the_content -->","protected":false},"excerpt":{"rendered":"<p>C&rsquo;est ind\u00e9niable ; le premier trimestre 2013 a \u00e9t\u00e9 pour le moins mouvement\u00e9 pour le march\u00e9 aurif\u00e8re. Une \u00e9volution en dents de scie et des hauts et des bas vertigineux qui ont finalement abouti \u00e0 un [&hellip;]<\/p>\n","protected":false},"author":18,"featured_media":2773,"comment_status":"open","ping_status":"open","sticky":false,"template":"","format":"standard","meta":{"_mbp_gutenberg_autopost":false,"_pgmb_is_evergreen":false,"_pgmb_ap_template_id":0,"footnotes":""},"categories":[6],"tags":[423,1043,146,443,1167,1045,1328],"ppma_author":[2565],"class_list":["post-11697","post","type-post","status-publish","format-standard","has-post-thumbnail","hentry","category-articles-de-presse","tag-asie","tag-bilan","tag-chine","tag-etats-unis","tag-evolution-or","tag-hausse-or","tag-u-s-minit"],"yoast_head":"<!-- This site is optimized with the Yoast SEO plugin v27.5 - https:\/\/yoast.com\/product\/yoast-seo-wordpress\/ -->\n<title>Evolution de l\u2019or \u2013 Un bilan positif\u2026malgr\u00e9 tout ! - Gold.fr<\/title>\n<meta name=\"robots\" content=\"index, follow, max-snippet:-1, max-image-preview:large, max-video-preview:-1\" \/>\n<link rel=\"canonical\" href=\"https:\/\/www.gold.fr\/news\/2013\/05\/15\/evolution-de-lor-un-bilan-positifmalgre-tout\/\" \/>\n<meta property=\"og:locale\" content=\"fr_FR\" \/>\n<meta property=\"og:type\" content=\"article\" \/>\n<meta property=\"og:title\" content=\"Evolution de l\u2019or \u2013 Un bilan positif\u2026malgr\u00e9 tout ! - Gold.fr\" \/>\n<meta property=\"og:description\" content=\"C&rsquo;est ind\u00e9niable ; le premier trimestre 2013 a \u00e9t\u00e9 pour le moins mouvement\u00e9 pour le march\u00e9 aurif\u00e8re. Une \u00e9volution en dents de scie et des hauts et des bas vertigineux qui ont finalement abouti \u00e0 un [&hellip;]\" \/>\n<meta property=\"og:url\" content=\"https:\/\/www.gold.fr\/news\/2013\/05\/15\/evolution-de-lor-un-bilan-positifmalgre-tout\/\" \/>\n<meta property=\"og:site_name\" content=\"Gold.fr\" \/>\n<meta property=\"article:publisher\" content=\"https:\/\/www.facebook.com\/Goldfr\/\" \/>\n<meta property=\"article:published_time\" content=\"2013-05-15T07:00:00+00:00\" \/>\n<meta property=\"article:modified_time\" content=\"2018-02-23T15:53:29+00:00\" \/>\n<meta property=\"og:image\" content=\"https:\/\/www.gold.fr\/news\/wp-content\/uploads\/2011\/10\/Or-Evolution.jpg\" \/>\n\t<meta property=\"og:image:width\" content=\"600\" \/>\n\t<meta property=\"og:image:height\" content=\"400\" \/>\n\t<meta property=\"og:image:type\" content=\"image\/jpeg\" \/>\n<meta name=\"author\" content=\"Comptoir National de l&#039;Or\" \/>\n<meta name=\"twitter:card\" content=\"summary_large_image\" \/>\n<meta name=\"twitter:label1\" content=\"\u00c9crit par\" \/>\n\t<meta name=\"twitter:data1\" content=\"Comptoir National de l&#039;Or\" \/>\n\t<meta name=\"twitter:label2\" content=\"Dur\u00e9e de lecture estim\u00e9e\" \/>\n\t<meta name=\"twitter:data2\" content=\"1 minute\" \/>\n<script type=\"application\/ld+json\" class=\"yoast-schema-graph\">{\"@context\":\"https:\\\/\\\/schema.org\",\"@graph\":[{\"@type\":\"Article\",\"@id\":\"https:\\\/\\\/www.gold.fr\\\/news\\\/2013\\\/05\\\/15\\\/evolution-de-lor-un-bilan-positifmalgre-tout\\\/#article\",\"isPartOf\":{\"@id\":\"https:\\\/\\\/www.gold.fr\\\/news\\\/2013\\\/05\\\/15\\\/evolution-de-lor-un-bilan-positifmalgre-tout\\\/\"},\"author\":{\"name\":\"Comptoir National de l'Or\",\"@id\":\"https:\\\/\\\/www.gold.fr\\\/news\\\/#\\\/schema\\\/person\\\/070491b4b4fb7671bf59b3be20302ce9\"},\"headline\":\"Evolution de l\u2019or \u2013 Un bilan positif\u2026malgr\u00e9 tout !\",\"datePublished\":\"2013-05-15T07:00:00+00:00\",\"dateModified\":\"2018-02-23T15:53:29+00:00\",\"mainEntityOfPage\":{\"@id\":\"https:\\\/\\\/www.gold.fr\\\/news\\\/2013\\\/05\\\/15\\\/evolution-de-lor-un-bilan-positifmalgre-tout\\\/\"},\"wordCount\":258,\"commentCount\":0,\"image\":{\"@id\":\"https:\\\/\\\/www.gold.fr\\\/news\\\/2013\\\/05\\\/15\\\/evolution-de-lor-un-bilan-positifmalgre-tout\\\/#primaryimage\"},\"thumbnailUrl\":\"https:\\\/\\\/www.gold.fr\\\/news\\\/wp-content\\\/uploads\\\/2011\\\/10\\\/Or-Evolution.jpg\",\"keywords\":[\"asie\",\"Bilan\",\"chine\",\"etats-unis\",\"evolution or\",\"hausse or\",\"U.S Minit\"],\"articleSection\":[\"Articles de presse\"],\"inLanguage\":\"fr-FR\"},{\"@type\":\"WebPage\",\"@id\":\"https:\\\/\\\/www.gold.fr\\\/news\\\/2013\\\/05\\\/15\\\/evolution-de-lor-un-bilan-positifmalgre-tout\\\/\",\"url\":\"https:\\\/\\\/www.gold.fr\\\/news\\\/2013\\\/05\\\/15\\\/evolution-de-lor-un-bilan-positifmalgre-tout\\\/\",\"name\":\"Evolution de l\u2019or \u2013 Un bilan positif\u2026malgr\u00e9 tout ! - Gold.fr\",\"isPartOf\":{\"@id\":\"https:\\\/\\\/www.gold.fr\\\/news\\\/#website\"},\"primaryImageOfPage\":{\"@id\":\"https:\\\/\\\/www.gold.fr\\\/news\\\/2013\\\/05\\\/15\\\/evolution-de-lor-un-bilan-positifmalgre-tout\\\/#primaryimage\"},\"image\":{\"@id\":\"https:\\\/\\\/www.gold.fr\\\/news\\\/2013\\\/05\\\/15\\\/evolution-de-lor-un-bilan-positifmalgre-tout\\\/#primaryimage\"},\"thumbnailUrl\":\"https:\\\/\\\/www.gold.fr\\\/news\\\/wp-content\\\/uploads\\\/2011\\\/10\\\/Or-Evolution.jpg\",\"datePublished\":\"2013-05-15T07:00:00+00:00\",\"dateModified\":\"2018-02-23T15:53:29+00:00\",\"author\":{\"@id\":\"https:\\\/\\\/www.gold.fr\\\/news\\\/#\\\/schema\\\/person\\\/070491b4b4fb7671bf59b3be20302ce9\"},\"breadcrumb\":{\"@id\":\"https:\\\/\\\/www.gold.fr\\\/news\\\/2013\\\/05\\\/15\\\/evolution-de-lor-un-bilan-positifmalgre-tout\\\/#breadcrumb\"},\"inLanguage\":\"fr-FR\",\"potentialAction\":[{\"@type\":\"ReadAction\",\"target\":[\"https:\\\/\\\/www.gold.fr\\\/news\\\/2013\\\/05\\\/15\\\/evolution-de-lor-un-bilan-positifmalgre-tout\\\/\"]}]},{\"@type\":\"ImageObject\",\"inLanguage\":\"fr-FR\",\"@id\":\"https:\\\/\\\/www.gold.fr\\\/news\\\/2013\\\/05\\\/15\\\/evolution-de-lor-un-bilan-positifmalgre-tout\\\/#primaryimage\",\"url\":\"https:\\\/\\\/www.gold.fr\\\/news\\\/wp-content\\\/uploads\\\/2011\\\/10\\\/Or-Evolution.jpg\",\"contentUrl\":\"https:\\\/\\\/www.gold.fr\\\/news\\\/wp-content\\\/uploads\\\/2011\\\/10\\\/Or-Evolution.jpg\",\"width\":\"600\",\"height\":\"400\",\"caption\":\"Enqu\u00eate Comco : La derni\u00e8re d\u2019une longue liste\"},{\"@type\":\"BreadcrumbList\",\"@id\":\"https:\\\/\\\/www.gold.fr\\\/news\\\/2013\\\/05\\\/15\\\/evolution-de-lor-un-bilan-positifmalgre-tout\\\/#breadcrumb\",\"itemListElement\":[{\"@type\":\"ListItem\",\"position\":1,\"name\":\"Accueil\",\"item\":\"https:\\\/\\\/www.gold.fr\\\/\"},{\"@type\":\"ListItem\",\"position\":2,\"name\":\"Actualit\u00e9s\",\"item\":\"https:\\\/\\\/www.gold.fr\\\/news\\\/\"},{\"@type\":\"ListItem\",\"position\":3,\"name\":\"Evolution de l\u2019or \u2013 Un bilan positif\u2026malgr\u00e9 tout !\"}]},{\"@type\":\"WebSite\",\"@id\":\"https:\\\/\\\/www.gold.fr\\\/news\\\/#website\",\"url\":\"https:\\\/\\\/www.gold.fr\\\/news\\\/\",\"name\":\"Gold.fr\",\"description\":\"Actualit\u00e9s de l&#039;Or et des m\u00e9taux pr\u00e9cieux\",\"potentialAction\":[{\"@type\":\"SearchAction\",\"target\":{\"@type\":\"EntryPoint\",\"urlTemplate\":\"https:\\\/\\\/www.gold.fr\\\/news\\\/?s={search_term_string}\"},\"query-input\":{\"@type\":\"PropertyValueSpecification\",\"valueRequired\":true,\"valueName\":\"search_term_string\"}}],\"inLanguage\":\"fr-FR\"},{\"@type\":\"Person\",\"@id\":\"https:\\\/\\\/www.gold.fr\\\/news\\\/#\\\/schema\\\/person\\\/070491b4b4fb7671bf59b3be20302ce9\",\"name\":\"Comptoir National de l'Or\",\"image\":{\"@type\":\"ImageObject\",\"inLanguage\":\"fr-FR\",\"@id\":\"https:\\\/\\\/secure.gravatar.com\\\/avatar\\\/0a2867fd5abe37bed95d5a65e9d58f01756e11efc68af9888dfc50cfa7f65948?s=96&d=mm&r=gb490554db0a38188709de567aa58480d\",\"url\":\"https:\\\/\\\/secure.gravatar.com\\\/avatar\\\/0a2867fd5abe37bed95d5a65e9d58f01756e11efc68af9888dfc50cfa7f65948?s=96&d=mm&r=g\",\"contentUrl\":\"https:\\\/\\\/secure.gravatar.com\\\/avatar\\\/0a2867fd5abe37bed95d5a65e9d58f01756e11efc68af9888dfc50cfa7f65948?s=96&d=mm&r=g\",\"caption\":\"Comptoir National de l'Or\"},\"description\":\"Notre r\u00e9daction est constitu\u00e9e de membres experts dans les m\u00e9tiers de l'\u00e9conomie et la gestion, des Responsables d'agence Comptoir National de l'Or, des analystes financiers qui publient r\u00e9guli\u00e8rement des \u00e9tudes sur les politiques des banques centrales, le cours de l'or, prix de l'or, cours de l'argent, prix de l'argent, cours du platine, cours du palladium,... la situation en zone euro et l'impact de la strat\u00e9gie mon\u00e9taire de la FED. Notre \u00e9quipe scrute \u00e9galement une information plus g\u00e9n\u00e9raliste \u00e0 la recherche d'actualit\u00e9 \\\"p\u00e9pite\\\" \u00e0 vous partager. Depuis 5 ans, nous avons publi\u00e9 un peu plus de 4000 articles qui s'adressent \u00e0 un public large et vari\u00e9 ayant pour objectif de satisfaire votre curiosit\u00e9 et de partager avec vous une certaine fascination pour le m\u00e9tal jaune, le rachat d'or, et pour ceux qui veulent investir dans l'or, vendre leur or tout simplement en savoir plus... Pour tous vos achat or et argent, n'h\u00e9sitez pas \u00e0 prendre rendez-vous dans l'un de nos nombreux comptoirs.\",\"sameAs\":[\"https:\\\/\\\/www.gold.fr\"]}]}<\/script>\n<!-- \/ Yoast SEO plugin. -->","yoast_head_json":{"title":"Evolution de l\u2019or \u2013 Un bilan positif\u2026malgr\u00e9 tout ! - Gold.fr","robots":{"index":"index","follow":"follow","max-snippet":"max-snippet:-1","max-image-preview":"max-image-preview:large","max-video-preview":"max-video-preview:-1"},"canonical":"https:\/\/www.gold.fr\/news\/2013\/05\/15\/evolution-de-lor-un-bilan-positifmalgre-tout\/","og_locale":"fr_FR","og_type":"article","og_title":"Evolution de l\u2019or \u2013 Un bilan positif\u2026malgr\u00e9 tout ! - Gold.fr","og_description":"C&rsquo;est ind\u00e9niable ; le premier trimestre 2013 a \u00e9t\u00e9 pour le moins mouvement\u00e9 pour le march\u00e9 aurif\u00e8re. Une \u00e9volution en dents de scie et des hauts et des bas vertigineux qui ont finalement abouti \u00e0 un [&hellip;]","og_url":"https:\/\/www.gold.fr\/news\/2013\/05\/15\/evolution-de-lor-un-bilan-positifmalgre-tout\/","og_site_name":"Gold.fr","article_publisher":"https:\/\/www.facebook.com\/Goldfr\/","article_published_time":"2013-05-15T07:00:00+00:00","article_modified_time":"2018-02-23T15:53:29+00:00","og_image":[{"width":600,"height":400,"url":"https:\/\/www.gold.fr\/news\/wp-content\/uploads\/2011\/10\/Or-Evolution.jpg","type":"image\/jpeg"}],"author":"Comptoir National de l'Or","twitter_card":"summary_large_image","twitter_misc":{"\u00c9crit par":"Comptoir National de l'Or","Dur\u00e9e de lecture estim\u00e9e":"1 minute"},"schema":{"@context":"https:\/\/schema.org","@graph":[{"@type":"Article","@id":"https:\/\/www.gold.fr\/news\/2013\/05\/15\/evolution-de-lor-un-bilan-positifmalgre-tout\/#article","isPartOf":{"@id":"https:\/\/www.gold.fr\/news\/2013\/05\/15\/evolution-de-lor-un-bilan-positifmalgre-tout\/"},"author":{"name":"Comptoir National de l'Or","@id":"https:\/\/www.gold.fr\/news\/#\/schema\/person\/070491b4b4fb7671bf59b3be20302ce9"},"headline":"Evolution de l\u2019or \u2013 Un bilan positif\u2026malgr\u00e9 tout !","datePublished":"2013-05-15T07:00:00+00:00","dateModified":"2018-02-23T15:53:29+00:00","mainEntityOfPage":{"@id":"https:\/\/www.gold.fr\/news\/2013\/05\/15\/evolution-de-lor-un-bilan-positifmalgre-tout\/"},"wordCount":258,"commentCount":0,"image":{"@id":"https:\/\/www.gold.fr\/news\/2013\/05\/15\/evolution-de-lor-un-bilan-positifmalgre-tout\/#primaryimage"},"thumbnailUrl":"https:\/\/www.gold.fr\/news\/wp-content\/uploads\/2011\/10\/Or-Evolution.jpg","keywords":["asie","Bilan","chine","etats-unis","evolution or","hausse or","U.S Minit"],"articleSection":["Articles de presse"],"inLanguage":"fr-FR"},{"@type":"WebPage","@id":"https:\/\/www.gold.fr\/news\/2013\/05\/15\/evolution-de-lor-un-bilan-positifmalgre-tout\/","url":"https:\/\/www.gold.fr\/news\/2013\/05\/15\/evolution-de-lor-un-bilan-positifmalgre-tout\/","name":"Evolution de l\u2019or \u2013 Un bilan positif\u2026malgr\u00e9 tout ! - Gold.fr","isPartOf":{"@id":"https:\/\/www.gold.fr\/news\/#website"},"primaryImageOfPage":{"@id":"https:\/\/www.gold.fr\/news\/2013\/05\/15\/evolution-de-lor-un-bilan-positifmalgre-tout\/#primaryimage"},"image":{"@id":"https:\/\/www.gold.fr\/news\/2013\/05\/15\/evolution-de-lor-un-bilan-positifmalgre-tout\/#primaryimage"},"thumbnailUrl":"https:\/\/www.gold.fr\/news\/wp-content\/uploads\/2011\/10\/Or-Evolution.jpg","datePublished":"2013-05-15T07:00:00+00:00","dateModified":"2018-02-23T15:53:29+00:00","author":{"@id":"https:\/\/www.gold.fr\/news\/#\/schema\/person\/070491b4b4fb7671bf59b3be20302ce9"},"breadcrumb":{"@id":"https:\/\/www.gold.fr\/news\/2013\/05\/15\/evolution-de-lor-un-bilan-positifmalgre-tout\/#breadcrumb"},"inLanguage":"fr-FR","potentialAction":[{"@type":"ReadAction","target":["https:\/\/www.gold.fr\/news\/2013\/05\/15\/evolution-de-lor-un-bilan-positifmalgre-tout\/"]}]},{"@type":"ImageObject","inLanguage":"fr-FR","@id":"https:\/\/www.gold.fr\/news\/2013\/05\/15\/evolution-de-lor-un-bilan-positifmalgre-tout\/#primaryimage","url":"https:\/\/www.gold.fr\/news\/wp-content\/uploads\/2011\/10\/Or-Evolution.jpg","contentUrl":"https:\/\/www.gold.fr\/news\/wp-content\/uploads\/2011\/10\/Or-Evolution.jpg","width":"600","height":"400","caption":"Enqu\u00eate Comco : La derni\u00e8re d\u2019une longue liste"},{"@type":"BreadcrumbList","@id":"https:\/\/www.gold.fr\/news\/2013\/05\/15\/evolution-de-lor-un-bilan-positifmalgre-tout\/#breadcrumb","itemListElement":[{"@type":"ListItem","position":1,"name":"Accueil","item":"https:\/\/www.gold.fr\/"},{"@type":"ListItem","position":2,"name":"Actualit\u00e9s","item":"https:\/\/www.gold.fr\/news\/"},{"@type":"ListItem","position":3,"name":"Evolution de l\u2019or \u2013 Un bilan positif\u2026malgr\u00e9 tout !"}]},{"@type":"WebSite","@id":"https:\/\/www.gold.fr\/news\/#website","url":"https:\/\/www.gold.fr\/news\/","name":"Gold.fr","description":"Actualit\u00e9s de l&#039;Or et des m\u00e9taux pr\u00e9cieux","potentialAction":[{"@type":"SearchAction","target":{"@type":"EntryPoint","urlTemplate":"https:\/\/www.gold.fr\/news\/?s={search_term_string}"},"query-input":{"@type":"PropertyValueSpecification","valueRequired":true,"valueName":"search_term_string"}}],"inLanguage":"fr-FR"},{"@type":"Person","@id":"https:\/\/www.gold.fr\/news\/#\/schema\/person\/070491b4b4fb7671bf59b3be20302ce9","name":"Comptoir National de l'Or","image":{"@type":"ImageObject","inLanguage":"fr-FR","@id":"https:\/\/secure.gravatar.com\/avatar\/0a2867fd5abe37bed95d5a65e9d58f01756e11efc68af9888dfc50cfa7f65948?s=96&d=mm&r=gb490554db0a38188709de567aa58480d","url":"https:\/\/secure.gravatar.com\/avatar\/0a2867fd5abe37bed95d5a65e9d58f01756e11efc68af9888dfc50cfa7f65948?s=96&d=mm&r=g","contentUrl":"https:\/\/secure.gravatar.com\/avatar\/0a2867fd5abe37bed95d5a65e9d58f01756e11efc68af9888dfc50cfa7f65948?s=96&d=mm&r=g","caption":"Comptoir National de l'Or"},"description":"Notre r\u00e9daction est constitu\u00e9e de membres experts dans les m\u00e9tiers de l'\u00e9conomie et la gestion, des Responsables d'agence Comptoir National de l'Or, des analystes financiers qui publient r\u00e9guli\u00e8rement des \u00e9tudes sur les politiques des banques centrales, le cours de l'or, prix de l'or, cours de l'argent, prix de l'argent, cours du platine, cours du palladium,... la situation en zone euro et l'impact de la strat\u00e9gie mon\u00e9taire de la FED. Notre \u00e9quipe scrute \u00e9galement une information plus g\u00e9n\u00e9raliste \u00e0 la recherche d'actualit\u00e9 \"p\u00e9pite\" \u00e0 vous partager. Depuis 5 ans, nous avons publi\u00e9 un peu plus de 4000 articles qui s'adressent \u00e0 un public large et vari\u00e9 ayant pour objectif de satisfaire votre curiosit\u00e9 et de partager avec vous une certaine fascination pour le m\u00e9tal jaune, le rachat d'or, et pour ceux qui veulent investir dans l'or, vendre leur or tout simplement en savoir plus... Pour tous vos achat or et argent, n'h\u00e9sitez pas \u00e0 prendre rendez-vous dans l'un de nos nombreux comptoirs.","sameAs":["https:\/\/www.gold.fr"]}]}},"authors":[{"term_id":2565,"user_id":18,"is_guest":0,"slug":"julie","display_name":"Comptoir National de l'Or","avatar_url":"https:\/\/secure.gravatar.com\/avatar\/713f289e398d35ead876c4a4cc08607f0d6d266058cfc25683fffb6092d0e572?s=96&d=mm&r=g","0":null,"1":"","2":"","3":"","4":"","5":"","6":"","7":"","8":""}],"_links":{"self":[{"href":"https:\/\/www.gold.fr\/news\/wp-json\/wp\/v2\/posts\/11697","targetHints":{"allow":["GET"]}}],"collection":[{"href":"https:\/\/www.gold.fr\/news\/wp-json\/wp\/v2\/posts"}],"about":[{"href":"https:\/\/www.gold.fr\/news\/wp-json\/wp\/v2\/types\/post"}],"author":[{"embeddable":true,"href":"https:\/\/www.gold.fr\/news\/wp-json\/wp\/v2\/users\/18"}],"replies":[{"embeddable":true,"href":"https:\/\/www.gold.fr\/news\/wp-json\/wp\/v2\/comments?post=11697"}],"version-history":[{"count":0,"href":"https:\/\/www.gold.fr\/news\/wp-json\/wp\/v2\/posts\/11697\/revisions"}],"wp:featuredmedia":[{"embeddable":true,"href":"https:\/\/www.gold.fr\/news\/wp-json\/wp\/v2\/media\/2773"}],"wp:attachment":[{"href":"https:\/\/www.gold.fr\/news\/wp-json\/wp\/v2\/media?parent=11697"}],"wp:term":[{"taxonomy":"category","embeddable":true,"href":"https:\/\/www.gold.fr\/news\/wp-json\/wp\/v2\/categories?post=11697"},{"taxonomy":"post_tag","embeddable":true,"href":"https:\/\/www.gold.fr\/news\/wp-json\/wp\/v2\/tags?post=11697"},{"taxonomy":"author","embeddable":true,"href":"https:\/\/www.gold.fr\/news\/wp-json\/wp\/v2\/ppma_author?post=11697"}],"curies":[{"name":"wp","href":"https:\/\/api.w.org\/{rel}","templated":true}]}}