{"id":11643,"date":"2013-05-08T09:00:29","date_gmt":"2013-05-08T07:00:29","guid":{"rendered":"https:\/\/www.gold.fr\/news\/?p=11643"},"modified":"2020-06-29T17:50:32","modified_gmt":"2020-06-29T15:50:32","slug":"la-bce-decide-dun-plus-bas-historique-a-05","status":"publish","type":"post","link":"https:\/\/www.gold.fr\/news\/2013\/05\/08\/la-bce-decide-dun-plus-bas-historique-a-05\/","title":{"rendered":"La BCE d\u00e9cide d\u2019un plus bas historique \u00e0 0,5 %"},"content":{"rendered":"<p><span style=\"font-size: small;\"><img loading=\"lazy\" decoding=\"async\" class=\"alignleft wp-image-5011 size-thumbnail\" title=\"La BCE d\u00e9cide d\u2019un plus bas historique \u00e0 0,5 %\" src=\"https:\/\/www.gold.fr\/news\/wp-content\/uploads\/2012\/01\/Europe-298x298.jpg\" alt=\"La BCE d\u00e9cide d\u2019un plus bas historique \u00e0 0,5 %\" width=\"298\" height=\"298\" srcset=\"https:\/\/www.gold.fr\/news\/wp-content\/uploads\/2012\/01\/Europe-298x298.jpg 298w, https:\/\/www.gold.fr\/news\/wp-content\/uploads\/2012\/01\/Europe-1x1.jpg 1w, https:\/\/www.gold.fr\/news\/wp-content\/uploads\/2012\/01\/Europe-266x266.jpg 266w\" sizes=\"auto, (max-width: 298px) 100vw, 298px\" \/>Au terme d\u2019une longue r\u00e9union, qui s\u2019est tenue <strong>jeudi 2 mai<\/strong>, la <a title=\"BCE et FED : La triste rivalit\u00e9\" href=\"https:\/\/www.gold.fr\/news\/2013\/05\/07\/bce-et-fed-la-triste-rivalite\/11640\/\" target=\"_blank\" rel=\"noopener noreferrer\">Banque Centrale Europ\u00e9enne<\/a> a d\u00e9cid\u00e9 d\u2019abaisser son principal taux directeur (\u00e9galement appel\u00e9 le \u00ab<em>\u00a0refi\u00a0<\/em>\u00bb), le ramenant \u00e0 <strong>0,5%<\/strong>. Ce taux a la particularit\u00e9 de battre un record historique\u00a0; il est, \u00e0 ce jour, le plus bas taux directeur adopt\u00e9 par l\u2019institution.<\/span> <span style=\"font-size: small;\"><strong> Mario Draghi<\/strong>, pr\u00e9sident de <strong>la BCE<\/strong>, a d\u2019ailleurs soulign\u00e9 que ce choix n\u2019avait pas \u00e9t\u00e9 unanime (parmi les membres du conseil des gouverneurs), mais qu\u2019il avait \u00e9t\u00e9 l\u2019objet d\u2019un tr\u00e8s \u00ab\u00a0<em>fort consensus<\/em>\u00a0\u00bb. <strong>Mr Draghi<\/strong> a \u00e9galement rappel\u00e9 que <strong>la Banque Centrale Europ\u00e9enne<\/strong> demeurait \u00ab\u00a0<em>pr\u00eate \u00e0 agir<\/em>\u00a0\u00bb et maintiendrait cette strat\u00e9gie accommodante \u00ab\u00a0<em>aussi longtemps que n\u00e9cessaire<\/em>\u00a0\u00bb. En d\u2019autres termes, et selon les observateurs, cette politique devrait se prolonger au moins jusqu\u2019au mois de <strong>juillet 2014<\/strong>.<\/span> <span style=\"font-size: small;\"> D\u2019apr\u00e8s les indications collect\u00e9es des diff\u00e9rents discours r\u00e9cemment donn\u00e9s, ce taux est essentiellement destin\u00e9 \u00e0 favoriser le refinancement des banques europ\u00e9ennes, \u00ab\u00a0<em>avec pr\u00eats \u00e0 taux fixes et montants illimit\u00e9s sur une semaine<\/em>\u00a0\u00bb. Une op\u00e9ration identique (d\u2019une dur\u00e9e de <strong>3 mois<\/strong>) se prolongera jusqu&rsquo;\u00e0 la fin du deuxi\u00e8me trimestre <strong>2014<\/strong>, \u00ab\u00a0<em>\u00e0 taux fixe et pour des montants illimit\u00e9s<\/em>\u00a0\u00bb.<\/span> <span style=\"font-size: small;\"> Une autre politique mon\u00e9taire et financi\u00e8re accommodante qui sert directement les int\u00e9r\u00eats du march\u00e9 aurif\u00e8re.<\/span><\/p>\n<!-- AddThis Advanced Settings generic via filter on the_content --><!-- AddThis Share Buttons generic via filter on the_content -->","protected":false},"excerpt":{"rendered":"<p>Au terme d\u2019une longue r\u00e9union, qui s\u2019est tenue jeudi 2 mai, la Banque Centrale Europ\u00e9enne a d\u00e9cid\u00e9 d\u2019abaisser son principal taux directeur (\u00e9galement appel\u00e9 le \u00ab\u00a0refi\u00a0\u00bb), le ramenant \u00e0 0,5%. Ce taux a la particularit\u00e9 de [&hellip;]<\/p>\n","protected":false},"author":18,"featured_media":5011,"comment_status":"closed","ping_status":"closed","sticky":false,"template":"","format":"standard","meta":{"_mbp_gutenberg_autopost":false,"_pgmb_is_evergreen":false,"_pgmb_ap_template_id":0,"footnotes":""},"categories":[6],"tags":[143,495,1316,1315],"ppma_author":[2565],"class_list":["post-11643","post","type-post","status-publish","format-standard","has-post-thumbnail","hentry","category-articles-de-presse","tag-bce","tag-mario-draghi","tag-refi","tag-taux-directeur"],"yoast_head":"<!-- This site is optimized with the Yoast SEO plugin v27.5 - https:\/\/yoast.com\/product\/yoast-seo-wordpress\/ -->\n<title>La BCE d\u00e9cide d\u2019un plus bas historique \u00e0 0,5 % - Gold.fr<\/title>\n<meta name=\"description\" content=\"D\u00e9couvrez l&#039;actualit\u00e9 sur la BCE et la d\u00e9cision de baisser son principal taux directeur et suivez l&#039;impact sur le cours de l&#039;or\" \/>\n<meta name=\"robots\" content=\"index, follow, max-snippet:-1, max-image-preview:large, max-video-preview:-1\" \/>\n<link rel=\"canonical\" href=\"https:\/\/www.gold.fr\/news\/2013\/05\/08\/la-bce-decide-dun-plus-bas-historique-a-05\/\" \/>\n<meta property=\"og:locale\" content=\"fr_FR\" \/>\n<meta property=\"og:type\" content=\"article\" \/>\n<meta property=\"og:title\" content=\"La BCE d\u00e9cide d\u2019un plus bas historique \u00e0 0,5 % - Gold.fr\" \/>\n<meta property=\"og:description\" content=\"D\u00e9couvrez l&#039;actualit\u00e9 sur la BCE et la d\u00e9cision de baisser son principal taux directeur et suivez l&#039;impact sur le cours de l&#039;or\" \/>\n<meta property=\"og:url\" content=\"https:\/\/www.gold.fr\/news\/2013\/05\/08\/la-bce-decide-dun-plus-bas-historique-a-05\/\" \/>\n<meta property=\"og:site_name\" content=\"Gold.fr\" \/>\n<meta property=\"article:publisher\" content=\"https:\/\/www.facebook.com\/Goldfr\/\" \/>\n<meta property=\"article:published_time\" content=\"2013-05-08T07:00:29+00:00\" \/>\n<meta property=\"article:modified_time\" content=\"2020-06-29T15:50:32+00:00\" \/>\n<meta property=\"og:image\" content=\"https:\/\/www.gold.fr\/news\/wp-content\/uploads\/2012\/01\/Europe.jpg\" \/>\n\t<meta property=\"og:image:width\" content=\"600\" \/>\n\t<meta property=\"og:image:height\" content=\"417\" \/>\n\t<meta property=\"og:image:type\" content=\"image\/jpeg\" \/>\n<meta name=\"author\" content=\"Comptoir National de l&#039;Or\" \/>\n<meta name=\"twitter:card\" content=\"summary_large_image\" \/>\n<meta name=\"twitter:label1\" content=\"\u00c9crit par\" \/>\n\t<meta name=\"twitter:data1\" content=\"Comptoir National de l&#039;Or\" \/>\n\t<meta name=\"twitter:label2\" content=\"Dur\u00e9e de lecture estim\u00e9e\" \/>\n\t<meta name=\"twitter:data2\" content=\"1 minute\" \/>\n<script type=\"application\/ld+json\" class=\"yoast-schema-graph\">{\"@context\":\"https:\\\/\\\/schema.org\",\"@graph\":[{\"@type\":\"Article\",\"@id\":\"https:\\\/\\\/www.gold.fr\\\/news\\\/2013\\\/05\\\/08\\\/la-bce-decide-dun-plus-bas-historique-a-05\\\/#article\",\"isPartOf\":{\"@id\":\"https:\\\/\\\/www.gold.fr\\\/news\\\/2013\\\/05\\\/08\\\/la-bce-decide-dun-plus-bas-historique-a-05\\\/\"},\"author\":{\"name\":\"Comptoir National de l'Or\",\"@id\":\"https:\\\/\\\/www.gold.fr\\\/news\\\/#\\\/schema\\\/person\\\/070491b4b4fb7671bf59b3be20302ce9\"},\"headline\":\"La BCE d\u00e9cide d\u2019un plus bas historique \u00e0 0,5 %\",\"datePublished\":\"2013-05-08T07:00:29+00:00\",\"dateModified\":\"2020-06-29T15:50:32+00:00\",\"mainEntityOfPage\":{\"@id\":\"https:\\\/\\\/www.gold.fr\\\/news\\\/2013\\\/05\\\/08\\\/la-bce-decide-dun-plus-bas-historique-a-05\\\/\"},\"wordCount\":236,\"image\":{\"@id\":\"https:\\\/\\\/www.gold.fr\\\/news\\\/2013\\\/05\\\/08\\\/la-bce-decide-dun-plus-bas-historique-a-05\\\/#primaryimage\"},\"thumbnailUrl\":\"https:\\\/\\\/www.gold.fr\\\/news\\\/wp-content\\\/uploads\\\/2012\\\/01\\\/Europe.jpg\",\"keywords\":[\"bce\",\"mario draghi\",\"refi\",\"taux directeur\"],\"articleSection\":[\"Articles de presse\"],\"inLanguage\":\"fr-FR\"},{\"@type\":\"WebPage\",\"@id\":\"https:\\\/\\\/www.gold.fr\\\/news\\\/2013\\\/05\\\/08\\\/la-bce-decide-dun-plus-bas-historique-a-05\\\/\",\"url\":\"https:\\\/\\\/www.gold.fr\\\/news\\\/2013\\\/05\\\/08\\\/la-bce-decide-dun-plus-bas-historique-a-05\\\/\",\"name\":\"La BCE d\u00e9cide d\u2019un plus bas historique \u00e0 0,5 % - Gold.fr\",\"isPartOf\":{\"@id\":\"https:\\\/\\\/www.gold.fr\\\/news\\\/#website\"},\"primaryImageOfPage\":{\"@id\":\"https:\\\/\\\/www.gold.fr\\\/news\\\/2013\\\/05\\\/08\\\/la-bce-decide-dun-plus-bas-historique-a-05\\\/#primaryimage\"},\"image\":{\"@id\":\"https:\\\/\\\/www.gold.fr\\\/news\\\/2013\\\/05\\\/08\\\/la-bce-decide-dun-plus-bas-historique-a-05\\\/#primaryimage\"},\"thumbnailUrl\":\"https:\\\/\\\/www.gold.fr\\\/news\\\/wp-content\\\/uploads\\\/2012\\\/01\\\/Europe.jpg\",\"datePublished\":\"2013-05-08T07:00:29+00:00\",\"dateModified\":\"2020-06-29T15:50:32+00:00\",\"author\":{\"@id\":\"https:\\\/\\\/www.gold.fr\\\/news\\\/#\\\/schema\\\/person\\\/070491b4b4fb7671bf59b3be20302ce9\"},\"description\":\"D\u00e9couvrez l'actualit\u00e9 sur la BCE et la d\u00e9cision de baisser son principal taux directeur et suivez l'impact sur le cours de l'or\",\"breadcrumb\":{\"@id\":\"https:\\\/\\\/www.gold.fr\\\/news\\\/2013\\\/05\\\/08\\\/la-bce-decide-dun-plus-bas-historique-a-05\\\/#breadcrumb\"},\"inLanguage\":\"fr-FR\",\"potentialAction\":[{\"@type\":\"ReadAction\",\"target\":[\"https:\\\/\\\/www.gold.fr\\\/news\\\/2013\\\/05\\\/08\\\/la-bce-decide-dun-plus-bas-historique-a-05\\\/\"]}]},{\"@type\":\"ImageObject\",\"inLanguage\":\"fr-FR\",\"@id\":\"https:\\\/\\\/www.gold.fr\\\/news\\\/2013\\\/05\\\/08\\\/la-bce-decide-dun-plus-bas-historique-a-05\\\/#primaryimage\",\"url\":\"https:\\\/\\\/www.gold.fr\\\/news\\\/wp-content\\\/uploads\\\/2012\\\/01\\\/Europe.jpg\",\"contentUrl\":\"https:\\\/\\\/www.gold.fr\\\/news\\\/wp-content\\\/uploads\\\/2012\\\/01\\\/Europe.jpg\",\"width\":\"600\",\"height\":\"417\"},{\"@type\":\"BreadcrumbList\",\"@id\":\"https:\\\/\\\/www.gold.fr\\\/news\\\/2013\\\/05\\\/08\\\/la-bce-decide-dun-plus-bas-historique-a-05\\\/#breadcrumb\",\"itemListElement\":[{\"@type\":\"ListItem\",\"position\":1,\"name\":\"Accueil\",\"item\":\"https:\\\/\\\/www.gold.fr\\\/\"},{\"@type\":\"ListItem\",\"position\":2,\"name\":\"Actualit\u00e9s\",\"item\":\"https:\\\/\\\/www.gold.fr\\\/news\\\/\"},{\"@type\":\"ListItem\",\"position\":3,\"name\":\"La BCE d\u00e9cide d\u2019un plus bas historique \u00e0 0,5 %\"}]},{\"@type\":\"WebSite\",\"@id\":\"https:\\\/\\\/www.gold.fr\\\/news\\\/#website\",\"url\":\"https:\\\/\\\/www.gold.fr\\\/news\\\/\",\"name\":\"Gold.fr\",\"description\":\"Actualit\u00e9s de l&#039;Or et des m\u00e9taux pr\u00e9cieux\",\"potentialAction\":[{\"@type\":\"SearchAction\",\"target\":{\"@type\":\"EntryPoint\",\"urlTemplate\":\"https:\\\/\\\/www.gold.fr\\\/news\\\/?s={search_term_string}\"},\"query-input\":{\"@type\":\"PropertyValueSpecification\",\"valueRequired\":true,\"valueName\":\"search_term_string\"}}],\"inLanguage\":\"fr-FR\"},{\"@type\":\"Person\",\"@id\":\"https:\\\/\\\/www.gold.fr\\\/news\\\/#\\\/schema\\\/person\\\/070491b4b4fb7671bf59b3be20302ce9\",\"name\":\"Comptoir National de l'Or\",\"image\":{\"@type\":\"ImageObject\",\"inLanguage\":\"fr-FR\",\"@id\":\"https:\\\/\\\/secure.gravatar.com\\\/avatar\\\/0a2867fd5abe37bed95d5a65e9d58f01756e11efc68af9888dfc50cfa7f65948?s=96&d=mm&r=gb490554db0a38188709de567aa58480d\",\"url\":\"https:\\\/\\\/secure.gravatar.com\\\/avatar\\\/0a2867fd5abe37bed95d5a65e9d58f01756e11efc68af9888dfc50cfa7f65948?s=96&d=mm&r=g\",\"contentUrl\":\"https:\\\/\\\/secure.gravatar.com\\\/avatar\\\/0a2867fd5abe37bed95d5a65e9d58f01756e11efc68af9888dfc50cfa7f65948?s=96&d=mm&r=g\",\"caption\":\"Comptoir National de l'Or\"},\"description\":\"Notre r\u00e9daction est constitu\u00e9e de membres experts dans les m\u00e9tiers de l'\u00e9conomie et la gestion, des Responsables d'agence Comptoir National de l'Or, des analystes financiers qui publient r\u00e9guli\u00e8rement des \u00e9tudes sur les politiques des banques centrales, le cours de l'or, prix de l'or, cours de l'argent, prix de l'argent, cours du platine, cours du palladium,... la situation en zone euro et l'impact de la strat\u00e9gie mon\u00e9taire de la FED. Notre \u00e9quipe scrute \u00e9galement une information plus g\u00e9n\u00e9raliste \u00e0 la recherche d'actualit\u00e9 \\\"p\u00e9pite\\\" \u00e0 vous partager. Depuis 5 ans, nous avons publi\u00e9 un peu plus de 4000 articles qui s'adressent \u00e0 un public large et vari\u00e9 ayant pour objectif de satisfaire votre curiosit\u00e9 et de partager avec vous une certaine fascination pour le m\u00e9tal jaune, le rachat d'or, et pour ceux qui veulent investir dans l'or, vendre leur or tout simplement en savoir plus... Pour tous vos achat or et argent, n'h\u00e9sitez pas \u00e0 prendre rendez-vous dans l'un de nos nombreux comptoirs.\",\"sameAs\":[\"https:\\\/\\\/www.gold.fr\"]}]}<\/script>\n<!-- \/ Yoast SEO plugin. -->","yoast_head_json":{"title":"La BCE d\u00e9cide d\u2019un plus bas historique \u00e0 0,5 % - Gold.fr","description":"D\u00e9couvrez l'actualit\u00e9 sur la BCE et la d\u00e9cision de baisser son principal taux directeur et suivez l'impact sur le cours de l'or","robots":{"index":"index","follow":"follow","max-snippet":"max-snippet:-1","max-image-preview":"max-image-preview:large","max-video-preview":"max-video-preview:-1"},"canonical":"https:\/\/www.gold.fr\/news\/2013\/05\/08\/la-bce-decide-dun-plus-bas-historique-a-05\/","og_locale":"fr_FR","og_type":"article","og_title":"La BCE d\u00e9cide d\u2019un plus bas historique \u00e0 0,5 % - Gold.fr","og_description":"D\u00e9couvrez l'actualit\u00e9 sur la BCE et la d\u00e9cision de baisser son principal taux directeur et suivez l'impact sur le cours de l'or","og_url":"https:\/\/www.gold.fr\/news\/2013\/05\/08\/la-bce-decide-dun-plus-bas-historique-a-05\/","og_site_name":"Gold.fr","article_publisher":"https:\/\/www.facebook.com\/Goldfr\/","article_published_time":"2013-05-08T07:00:29+00:00","article_modified_time":"2020-06-29T15:50:32+00:00","og_image":[{"width":600,"height":417,"url":"https:\/\/www.gold.fr\/news\/wp-content\/uploads\/2012\/01\/Europe.jpg","type":"image\/jpeg"}],"author":"Comptoir National de l'Or","twitter_card":"summary_large_image","twitter_misc":{"\u00c9crit par":"Comptoir National de l'Or","Dur\u00e9e de lecture estim\u00e9e":"1 minute"},"schema":{"@context":"https:\/\/schema.org","@graph":[{"@type":"Article","@id":"https:\/\/www.gold.fr\/news\/2013\/05\/08\/la-bce-decide-dun-plus-bas-historique-a-05\/#article","isPartOf":{"@id":"https:\/\/www.gold.fr\/news\/2013\/05\/08\/la-bce-decide-dun-plus-bas-historique-a-05\/"},"author":{"name":"Comptoir National de l'Or","@id":"https:\/\/www.gold.fr\/news\/#\/schema\/person\/070491b4b4fb7671bf59b3be20302ce9"},"headline":"La BCE d\u00e9cide d\u2019un plus bas historique \u00e0 0,5 %","datePublished":"2013-05-08T07:00:29+00:00","dateModified":"2020-06-29T15:50:32+00:00","mainEntityOfPage":{"@id":"https:\/\/www.gold.fr\/news\/2013\/05\/08\/la-bce-decide-dun-plus-bas-historique-a-05\/"},"wordCount":236,"image":{"@id":"https:\/\/www.gold.fr\/news\/2013\/05\/08\/la-bce-decide-dun-plus-bas-historique-a-05\/#primaryimage"},"thumbnailUrl":"https:\/\/www.gold.fr\/news\/wp-content\/uploads\/2012\/01\/Europe.jpg","keywords":["bce","mario draghi","refi","taux directeur"],"articleSection":["Articles de presse"],"inLanguage":"fr-FR"},{"@type":"WebPage","@id":"https:\/\/www.gold.fr\/news\/2013\/05\/08\/la-bce-decide-dun-plus-bas-historique-a-05\/","url":"https:\/\/www.gold.fr\/news\/2013\/05\/08\/la-bce-decide-dun-plus-bas-historique-a-05\/","name":"La BCE d\u00e9cide d\u2019un plus bas historique \u00e0 0,5 % - Gold.fr","isPartOf":{"@id":"https:\/\/www.gold.fr\/news\/#website"},"primaryImageOfPage":{"@id":"https:\/\/www.gold.fr\/news\/2013\/05\/08\/la-bce-decide-dun-plus-bas-historique-a-05\/#primaryimage"},"image":{"@id":"https:\/\/www.gold.fr\/news\/2013\/05\/08\/la-bce-decide-dun-plus-bas-historique-a-05\/#primaryimage"},"thumbnailUrl":"https:\/\/www.gold.fr\/news\/wp-content\/uploads\/2012\/01\/Europe.jpg","datePublished":"2013-05-08T07:00:29+00:00","dateModified":"2020-06-29T15:50:32+00:00","author":{"@id":"https:\/\/www.gold.fr\/news\/#\/schema\/person\/070491b4b4fb7671bf59b3be20302ce9"},"description":"D\u00e9couvrez l'actualit\u00e9 sur la BCE et la d\u00e9cision de baisser son principal taux directeur et suivez l'impact sur le cours de l'or","breadcrumb":{"@id":"https:\/\/www.gold.fr\/news\/2013\/05\/08\/la-bce-decide-dun-plus-bas-historique-a-05\/#breadcrumb"},"inLanguage":"fr-FR","potentialAction":[{"@type":"ReadAction","target":["https:\/\/www.gold.fr\/news\/2013\/05\/08\/la-bce-decide-dun-plus-bas-historique-a-05\/"]}]},{"@type":"ImageObject","inLanguage":"fr-FR","@id":"https:\/\/www.gold.fr\/news\/2013\/05\/08\/la-bce-decide-dun-plus-bas-historique-a-05\/#primaryimage","url":"https:\/\/www.gold.fr\/news\/wp-content\/uploads\/2012\/01\/Europe.jpg","contentUrl":"https:\/\/www.gold.fr\/news\/wp-content\/uploads\/2012\/01\/Europe.jpg","width":"600","height":"417"},{"@type":"BreadcrumbList","@id":"https:\/\/www.gold.fr\/news\/2013\/05\/08\/la-bce-decide-dun-plus-bas-historique-a-05\/#breadcrumb","itemListElement":[{"@type":"ListItem","position":1,"name":"Accueil","item":"https:\/\/www.gold.fr\/"},{"@type":"ListItem","position":2,"name":"Actualit\u00e9s","item":"https:\/\/www.gold.fr\/news\/"},{"@type":"ListItem","position":3,"name":"La BCE d\u00e9cide d\u2019un plus bas historique \u00e0 0,5 %"}]},{"@type":"WebSite","@id":"https:\/\/www.gold.fr\/news\/#website","url":"https:\/\/www.gold.fr\/news\/","name":"Gold.fr","description":"Actualit\u00e9s de l&#039;Or et des m\u00e9taux pr\u00e9cieux","potentialAction":[{"@type":"SearchAction","target":{"@type":"EntryPoint","urlTemplate":"https:\/\/www.gold.fr\/news\/?s={search_term_string}"},"query-input":{"@type":"PropertyValueSpecification","valueRequired":true,"valueName":"search_term_string"}}],"inLanguage":"fr-FR"},{"@type":"Person","@id":"https:\/\/www.gold.fr\/news\/#\/schema\/person\/070491b4b4fb7671bf59b3be20302ce9","name":"Comptoir National de l'Or","image":{"@type":"ImageObject","inLanguage":"fr-FR","@id":"https:\/\/secure.gravatar.com\/avatar\/0a2867fd5abe37bed95d5a65e9d58f01756e11efc68af9888dfc50cfa7f65948?s=96&d=mm&r=gb490554db0a38188709de567aa58480d","url":"https:\/\/secure.gravatar.com\/avatar\/0a2867fd5abe37bed95d5a65e9d58f01756e11efc68af9888dfc50cfa7f65948?s=96&d=mm&r=g","contentUrl":"https:\/\/secure.gravatar.com\/avatar\/0a2867fd5abe37bed95d5a65e9d58f01756e11efc68af9888dfc50cfa7f65948?s=96&d=mm&r=g","caption":"Comptoir National de l'Or"},"description":"Notre r\u00e9daction est constitu\u00e9e de membres experts dans les m\u00e9tiers de l'\u00e9conomie et la gestion, des Responsables d'agence Comptoir National de l'Or, des analystes financiers qui publient r\u00e9guli\u00e8rement des \u00e9tudes sur les politiques des banques centrales, le cours de l'or, prix de l'or, cours de l'argent, prix de l'argent, cours du platine, cours du palladium,... la situation en zone euro et l'impact de la strat\u00e9gie mon\u00e9taire de la FED. Notre \u00e9quipe scrute \u00e9galement une information plus g\u00e9n\u00e9raliste \u00e0 la recherche d'actualit\u00e9 \"p\u00e9pite\" \u00e0 vous partager. Depuis 5 ans, nous avons publi\u00e9 un peu plus de 4000 articles qui s'adressent \u00e0 un public large et vari\u00e9 ayant pour objectif de satisfaire votre curiosit\u00e9 et de partager avec vous une certaine fascination pour le m\u00e9tal jaune, le rachat d'or, et pour ceux qui veulent investir dans l'or, vendre leur or tout simplement en savoir plus... Pour tous vos achat or et argent, n'h\u00e9sitez pas \u00e0 prendre rendez-vous dans l'un de nos nombreux comptoirs.","sameAs":["https:\/\/www.gold.fr"]}]}},"authors":[{"term_id":2565,"user_id":18,"is_guest":0,"slug":"julie","display_name":"Comptoir National de l'Or","avatar_url":"https:\/\/secure.gravatar.com\/avatar\/713f289e398d35ead876c4a4cc08607f0d6d266058cfc25683fffb6092d0e572?s=96&d=mm&r=g","0":null,"1":"","2":"","3":"","4":"","5":"","6":"","7":"","8":""}],"_links":{"self":[{"href":"https:\/\/www.gold.fr\/news\/wp-json\/wp\/v2\/posts\/11643","targetHints":{"allow":["GET"]}}],"collection":[{"href":"https:\/\/www.gold.fr\/news\/wp-json\/wp\/v2\/posts"}],"about":[{"href":"https:\/\/www.gold.fr\/news\/wp-json\/wp\/v2\/types\/post"}],"author":[{"embeddable":true,"href":"https:\/\/www.gold.fr\/news\/wp-json\/wp\/v2\/users\/18"}],"replies":[{"embeddable":true,"href":"https:\/\/www.gold.fr\/news\/wp-json\/wp\/v2\/comments?post=11643"}],"version-history":[{"count":0,"href":"https:\/\/www.gold.fr\/news\/wp-json\/wp\/v2\/posts\/11643\/revisions"}],"wp:featuredmedia":[{"embeddable":true,"href":"https:\/\/www.gold.fr\/news\/wp-json\/wp\/v2\/media\/5011"}],"wp:attachment":[{"href":"https:\/\/www.gold.fr\/news\/wp-json\/wp\/v2\/media?parent=11643"}],"wp:term":[{"taxonomy":"category","embeddable":true,"href":"https:\/\/www.gold.fr\/news\/wp-json\/wp\/v2\/categories?post=11643"},{"taxonomy":"post_tag","embeddable":true,"href":"https:\/\/www.gold.fr\/news\/wp-json\/wp\/v2\/tags?post=11643"},{"taxonomy":"author","embeddable":true,"href":"https:\/\/www.gold.fr\/news\/wp-json\/wp\/v2\/ppma_author?post=11643"}],"curies":[{"name":"wp","href":"https:\/\/api.w.org\/{rel}","templated":true}]}}