{"id":11547,"date":"2013-04-29T17:00:32","date_gmt":"2013-04-29T15:00:32","guid":{"rendered":"https:\/\/www.gold.fr\/news\/?p=11547"},"modified":"2017-11-02T11:33:56","modified_gmt":"2017-11-02T10:33:56","slug":"flambee-de-lor-une-histoire-qui-se-repete","status":"publish","type":"post","link":"https:\/\/www.gold.fr\/news\/2013\/04\/29\/flambee-de-lor-une-histoire-qui-se-repete\/","title":{"rendered":"Flamb\u00e9e de l&rsquo;or : Une histoire qui se r\u00e9p\u00e8te"},"content":{"rendered":"<p><span style=\"font-size: small;\"><img loading=\"lazy\" decoding=\"async\" class=\"alignleft size-thumbnail wp-image-2937\" title=\"Flamb\u00e9e de l'or : Une histoire qui se r\u00e9p\u00e8te\" src=\"https:\/\/www.gold.fr\/news\/wp-content\/uploads\/2011\/10\/skd284023sdc-e1366361443537-150x150.jpg\" alt=\"\" width=\"150\" height=\"150\" \/>Chutera ? Ne chutera pas ? Si <a title=\"Evolution de l\u2019or \u2013 Le retour de gr\u00e2ce\" href=\"https:\/\/www.gold.fr\/news\/2013\/04\/25\/evolution-de-lor-le-retour-de-grace\/11507\/\" target=\"_blank\">les r\u00e9cents mouvements de l\u2019\u00e9volution de l\u2019or<\/a> (\u00e0 la fois brusques et contradictoires) vous donnent le vertige, rassurez-vous avec deux id\u00e9es ind\u00e9niables :<\/span>    <span style=\"font-size: small;\">1- Le sc\u00e9nario qui se d\u00e9roule aujourd&rsquo;hui est simplement une histoire qui se r\u00e9p\u00e8te<\/span>    <span style=\"font-size: small;\">2- Cette phase passag\u00e8re en dents de scie aura un \u00ab <em>heureux d\u00e9nouement<\/em> \u00bb<\/span>    <span style=\"font-size: small;\">Le saviez-vous ? Durant les ann\u00e9es <strong>70<\/strong> et <strong>80<\/strong>, <a title=\"Prix de l\u2019or\" href=\"https:\/\/www.gold.fr\/cours-prix-de-l-or\/\" target=\"_blank\">le prix de l\u2019or<\/a> a jou\u00e9 les m\u00eames montagnes russes dont nous sommes t\u00e9moins, en ce moment, passant de quelques <strong>35 dollars<\/strong> <a title=\"Prix de l'Once d'Or\" href=\"https:\/\/www.gold.fr\/once-en\/\" target=\"_blank\">l&rsquo;once<\/a> \u00e0 un pic historique de <strong>850 dollars<\/strong> l&rsquo;once (<strong>1980<\/strong>). Plus pr\u00e9cis\u00e9ment, au milieu des ann\u00e9es <strong>1970<\/strong>, l&rsquo;once d&rsquo;<a href='https:\/\/www.gold.fr\/news\/tags\/or' class='esk-seo-plu-link'>or<\/a> passe de <strong>35 dollars<\/strong>, en <strong>1971<\/strong>, \u00e0 <strong>195 dollars<\/strong>, en <strong>1974<\/strong>. Stabilis\u00e9, pour un temps, pas loin de ses plus hauts, le <a href='https:\/\/www.gold.fr\/news\/tags\/or' class='esk-seo-plu-link'>m\u00e9tal jaune<\/a> entamera, en <strong>septembre 1975<\/strong>, une d\u00e9gringolade impressionnante qui fera atterrir son cours dans les <strong>104 dollars<\/strong>, vers la fin <strong>ao\u00fbt 1976<\/strong>. En l&rsquo;espace de seulement deux ans, l&rsquo;<a href='https:\/\/www.gold.fr\/news\/tags\/or' class='esk-seo-plu-link'>or<\/a> aura perdu pr\u00e8s de <strong>45%<\/strong> de sa valeur.<\/span>    <span style=\"font-size: small;\"> Mais on ne peut parler alors d&rsquo;explosion de la bulle de l&rsquo;<a href='https:\/\/www.gold.fr\/news\/tags\/or' class='esk-seo-plu-link'>or<\/a>, puisqu&rsquo;en <strong>janvier 1980<\/strong> l&rsquo;once d&rsquo;<a href='https:\/\/www.gold.fr\/news\/tags\/or' class='esk-seo-plu-link'>or<\/a> atteindra le record historique de <strong>850$ l&rsquo;once<\/strong>, la valeur de celle-ci \u00e9tant <strong>multipli\u00e9e par 8<\/strong> par rapport \u00e0 ses plus bas de 1976.<\/span>  <span style=\"font-size: small;\"> Le <a href='https:\/\/www.gold.fr\/news\/tags\/or' class='esk-seo-plu-link'>m\u00e9tal jaune<\/a> traversera, par la suite, un tr\u00e8s long passage \u00e0 vide (pr\u00e8s d&rsquo;une vingtaine d&rsquo;ann\u00e9e), durant lequel <a title=\"La demande mondiale de l\u2019or, toujours au beau fixe\" href=\"https:\/\/www.gold.fr\/news\/2013\/04\/23\/la-demande-mondiale-de-lor-toujours-au-beau-fixe\/11497\/\" target=\"_blank\">le march\u00e9 aurif\u00e8re<\/a> se maintient \u00e0 peine \u00e0 la surface. Puis, au lendemain des tragiques \u00e9v\u00e8nements du <strong>11 septembre 2001<\/strong>, l&rsquo;<a href='https:\/\/www.gold.fr\/news\/tags\/or' class='esk-seo-plu-link'>or<\/a> commence sa flamb\u00e9e extraordinaire, d\u00e9sormais c\u00e9l\u00e8bre.<\/span><\/p>\n<!-- AddThis Advanced Settings generic via filter on the_content --><!-- AddThis Share Buttons generic via filter on the_content -->","protected":false},"excerpt":{"rendered":"<p>Chutera ? Ne chutera pas ? Si les r\u00e9cents mouvements de l\u2019\u00e9volution de l\u2019or (\u00e0 la fois brusques et contradictoires) vous donnent le vertige, rassurez-vous avec deux id\u00e9es ind\u00e9niables : 1- Le sc\u00e9nario qui se d\u00e9roule [&hellip;]<\/p>\n","protected":false},"author":18,"featured_media":2937,"comment_status":"open","ping_status":"open","sticky":false,"template":"","format":"standard","meta":{"_mbp_gutenberg_autopost":false,"_pgmb_is_evergreen":false,"_pgmb_ap_template_id":0,"footnotes":""},"categories":[6],"tags":[1167,1291,85,962],"ppma_author":[2565],"class_list":["post-11547","post","type-post","status-publish","format-standard","has-post-thumbnail","hentry","category-articles-de-presse","tag-evolution-or","tag-flambee-or","tag-once-dor","tag-prix-or"],"yoast_head":"<!-- This site is optimized with the Yoast SEO plugin v27.5 - https:\/\/yoast.com\/product\/yoast-seo-wordpress\/ -->\n<title>Flamb\u00e9e de l&#039;or : Une histoire qui se r\u00e9p\u00e8te - Gold.fr<\/title>\n<meta name=\"robots\" content=\"index, follow, max-snippet:-1, max-image-preview:large, max-video-preview:-1\" \/>\n<link rel=\"canonical\" href=\"https:\/\/www.gold.fr\/news\/2013\/04\/29\/flambee-de-lor-une-histoire-qui-se-repete\/\" \/>\n<meta property=\"og:locale\" content=\"fr_FR\" \/>\n<meta property=\"og:type\" content=\"article\" \/>\n<meta property=\"og:title\" content=\"Flamb\u00e9e de l&#039;or : Une histoire qui se r\u00e9p\u00e8te - Gold.fr\" \/>\n<meta property=\"og:description\" content=\"Chutera ? Ne chutera pas ? Si les r\u00e9cents mouvements de l\u2019\u00e9volution de l\u2019or (\u00e0 la fois brusques et contradictoires) vous donnent le vertige, rassurez-vous avec deux id\u00e9es ind\u00e9niables : 1- Le sc\u00e9nario qui se d\u00e9roule [&hellip;]\" \/>\n<meta property=\"og:url\" content=\"https:\/\/www.gold.fr\/news\/2013\/04\/29\/flambee-de-lor-une-histoire-qui-se-repete\/\" \/>\n<meta property=\"og:site_name\" content=\"Gold.fr\" \/>\n<meta property=\"article:publisher\" content=\"https:\/\/www.facebook.com\/Goldfr\/\" \/>\n<meta property=\"article:published_time\" content=\"2013-04-29T15:00:32+00:00\" \/>\n<meta property=\"article:modified_time\" content=\"2017-11-02T10:33:56+00:00\" \/>\n<meta property=\"og:image\" content=\"https:\/\/www.gold.fr\/news\/wp-content\/uploads\/2011\/10\/skd284023sdc-e1366361443537.jpg\" \/>\n\t<meta property=\"og:image:width\" content=\"600\" \/>\n\t<meta property=\"og:image:height\" content=\"355\" \/>\n\t<meta property=\"og:image:type\" content=\"image\/jpeg\" \/>\n<meta name=\"author\" content=\"Comptoir National de l&#039;Or\" \/>\n<meta name=\"twitter:card\" content=\"summary_large_image\" \/>\n<meta name=\"twitter:label1\" content=\"\u00c9crit par\" \/>\n\t<meta name=\"twitter:data1\" content=\"Comptoir National de l&#039;Or\" \/>\n\t<meta name=\"twitter:label2\" content=\"Dur\u00e9e de lecture estim\u00e9e\" \/>\n\t<meta name=\"twitter:data2\" content=\"1 minute\" \/>\n<script type=\"application\/ld+json\" class=\"yoast-schema-graph\">{\"@context\":\"https:\\\/\\\/schema.org\",\"@graph\":[{\"@type\":\"Article\",\"@id\":\"https:\\\/\\\/www.gold.fr\\\/news\\\/2013\\\/04\\\/29\\\/flambee-de-lor-une-histoire-qui-se-repete\\\/#article\",\"isPartOf\":{\"@id\":\"https:\\\/\\\/www.gold.fr\\\/news\\\/2013\\\/04\\\/29\\\/flambee-de-lor-une-histoire-qui-se-repete\\\/\"},\"author\":{\"name\":\"Comptoir National de l'Or\",\"@id\":\"https:\\\/\\\/www.gold.fr\\\/news\\\/#\\\/schema\\\/person\\\/070491b4b4fb7671bf59b3be20302ce9\"},\"headline\":\"Flamb\u00e9e de l&rsquo;or : Une histoire qui se r\u00e9p\u00e8te\",\"datePublished\":\"2013-04-29T15:00:32+00:00\",\"dateModified\":\"2017-11-02T10:33:56+00:00\",\"mainEntityOfPage\":{\"@id\":\"https:\\\/\\\/www.gold.fr\\\/news\\\/2013\\\/04\\\/29\\\/flambee-de-lor-une-histoire-qui-se-repete\\\/\"},\"wordCount\":282,\"commentCount\":0,\"image\":{\"@id\":\"https:\\\/\\\/www.gold.fr\\\/news\\\/2013\\\/04\\\/29\\\/flambee-de-lor-une-histoire-qui-se-repete\\\/#primaryimage\"},\"thumbnailUrl\":\"https:\\\/\\\/www.gold.fr\\\/news\\\/wp-content\\\/uploads\\\/2011\\\/10\\\/skd284023sdc-e1366361443537.jpg\",\"keywords\":[\"evolution or\",\"flamb\u00e9e or\",\"once d'or\",\"prix or\"],\"articleSection\":[\"Articles de presse\"],\"inLanguage\":\"fr-FR\"},{\"@type\":\"WebPage\",\"@id\":\"https:\\\/\\\/www.gold.fr\\\/news\\\/2013\\\/04\\\/29\\\/flambee-de-lor-une-histoire-qui-se-repete\\\/\",\"url\":\"https:\\\/\\\/www.gold.fr\\\/news\\\/2013\\\/04\\\/29\\\/flambee-de-lor-une-histoire-qui-se-repete\\\/\",\"name\":\"Flamb\u00e9e de l'or : Une histoire qui se r\u00e9p\u00e8te - Gold.fr\",\"isPartOf\":{\"@id\":\"https:\\\/\\\/www.gold.fr\\\/news\\\/#website\"},\"primaryImageOfPage\":{\"@id\":\"https:\\\/\\\/www.gold.fr\\\/news\\\/2013\\\/04\\\/29\\\/flambee-de-lor-une-histoire-qui-se-repete\\\/#primaryimage\"},\"image\":{\"@id\":\"https:\\\/\\\/www.gold.fr\\\/news\\\/2013\\\/04\\\/29\\\/flambee-de-lor-une-histoire-qui-se-repete\\\/#primaryimage\"},\"thumbnailUrl\":\"https:\\\/\\\/www.gold.fr\\\/news\\\/wp-content\\\/uploads\\\/2011\\\/10\\\/skd284023sdc-e1366361443537.jpg\",\"datePublished\":\"2013-04-29T15:00:32+00:00\",\"dateModified\":\"2017-11-02T10:33:56+00:00\",\"author\":{\"@id\":\"https:\\\/\\\/www.gold.fr\\\/news\\\/#\\\/schema\\\/person\\\/070491b4b4fb7671bf59b3be20302ce9\"},\"breadcrumb\":{\"@id\":\"https:\\\/\\\/www.gold.fr\\\/news\\\/2013\\\/04\\\/29\\\/flambee-de-lor-une-histoire-qui-se-repete\\\/#breadcrumb\"},\"inLanguage\":\"fr-FR\",\"potentialAction\":[{\"@type\":\"ReadAction\",\"target\":[\"https:\\\/\\\/www.gold.fr\\\/news\\\/2013\\\/04\\\/29\\\/flambee-de-lor-une-histoire-qui-se-repete\\\/\"]}]},{\"@type\":\"ImageObject\",\"inLanguage\":\"fr-FR\",\"@id\":\"https:\\\/\\\/www.gold.fr\\\/news\\\/2013\\\/04\\\/29\\\/flambee-de-lor-une-histoire-qui-se-repete\\\/#primaryimage\",\"url\":\"https:\\\/\\\/www.gold.fr\\\/news\\\/wp-content\\\/uploads\\\/2011\\\/10\\\/skd284023sdc-e1366361443537.jpg\",\"contentUrl\":\"https:\\\/\\\/www.gold.fr\\\/news\\\/wp-content\\\/uploads\\\/2011\\\/10\\\/skd284023sdc-e1366361443537.jpg\",\"width\":\"600\",\"height\":\"355\",\"caption\":\"Emission d\u2019obligation AUPLATA : Le producteur aurif\u00e8re joue la carte de la prudence\"},{\"@type\":\"BreadcrumbList\",\"@id\":\"https:\\\/\\\/www.gold.fr\\\/news\\\/2013\\\/04\\\/29\\\/flambee-de-lor-une-histoire-qui-se-repete\\\/#breadcrumb\",\"itemListElement\":[{\"@type\":\"ListItem\",\"position\":1,\"name\":\"Accueil\",\"item\":\"https:\\\/\\\/www.gold.fr\\\/\"},{\"@type\":\"ListItem\",\"position\":2,\"name\":\"Actualit\u00e9s\",\"item\":\"https:\\\/\\\/www.gold.fr\\\/news\\\/\"},{\"@type\":\"ListItem\",\"position\":3,\"name\":\"Flamb\u00e9e de l&rsquo;or : Une histoire qui se r\u00e9p\u00e8te\"}]},{\"@type\":\"WebSite\",\"@id\":\"https:\\\/\\\/www.gold.fr\\\/news\\\/#website\",\"url\":\"https:\\\/\\\/www.gold.fr\\\/news\\\/\",\"name\":\"Gold.fr\",\"description\":\"Actualit\u00e9s de l&#039;Or et des m\u00e9taux pr\u00e9cieux\",\"potentialAction\":[{\"@type\":\"SearchAction\",\"target\":{\"@type\":\"EntryPoint\",\"urlTemplate\":\"https:\\\/\\\/www.gold.fr\\\/news\\\/?s={search_term_string}\"},\"query-input\":{\"@type\":\"PropertyValueSpecification\",\"valueRequired\":true,\"valueName\":\"search_term_string\"}}],\"inLanguage\":\"fr-FR\"},{\"@type\":\"Person\",\"@id\":\"https:\\\/\\\/www.gold.fr\\\/news\\\/#\\\/schema\\\/person\\\/070491b4b4fb7671bf59b3be20302ce9\",\"name\":\"Comptoir National de l'Or\",\"image\":{\"@type\":\"ImageObject\",\"inLanguage\":\"fr-FR\",\"@id\":\"https:\\\/\\\/secure.gravatar.com\\\/avatar\\\/0a2867fd5abe37bed95d5a65e9d58f01756e11efc68af9888dfc50cfa7f65948?s=96&d=mm&r=gb490554db0a38188709de567aa58480d\",\"url\":\"https:\\\/\\\/secure.gravatar.com\\\/avatar\\\/0a2867fd5abe37bed95d5a65e9d58f01756e11efc68af9888dfc50cfa7f65948?s=96&d=mm&r=g\",\"contentUrl\":\"https:\\\/\\\/secure.gravatar.com\\\/avatar\\\/0a2867fd5abe37bed95d5a65e9d58f01756e11efc68af9888dfc50cfa7f65948?s=96&d=mm&r=g\",\"caption\":\"Comptoir National de l'Or\"},\"description\":\"Notre r\u00e9daction est constitu\u00e9e de membres experts dans les m\u00e9tiers de l'\u00e9conomie et la gestion, des Responsables d'agence Comptoir National de l'Or, des analystes financiers qui publient r\u00e9guli\u00e8rement des \u00e9tudes sur les politiques des banques centrales, le cours de l'or, prix de l'or, cours de l'argent, prix de l'argent, cours du platine, cours du palladium,... la situation en zone euro et l'impact de la strat\u00e9gie mon\u00e9taire de la FED. Notre \u00e9quipe scrute \u00e9galement une information plus g\u00e9n\u00e9raliste \u00e0 la recherche d'actualit\u00e9 \\\"p\u00e9pite\\\" \u00e0 vous partager. Depuis 5 ans, nous avons publi\u00e9 un peu plus de 4000 articles qui s'adressent \u00e0 un public large et vari\u00e9 ayant pour objectif de satisfaire votre curiosit\u00e9 et de partager avec vous une certaine fascination pour le m\u00e9tal jaune, le rachat d'or, et pour ceux qui veulent investir dans l'or, vendre leur or tout simplement en savoir plus... Pour tous vos achat or et argent, n'h\u00e9sitez pas \u00e0 prendre rendez-vous dans l'un de nos nombreux comptoirs.\",\"sameAs\":[\"https:\\\/\\\/www.gold.fr\"]}]}<\/script>\n<!-- \/ Yoast SEO plugin. -->","yoast_head_json":{"title":"Flamb\u00e9e de l'or : Une histoire qui se r\u00e9p\u00e8te - Gold.fr","robots":{"index":"index","follow":"follow","max-snippet":"max-snippet:-1","max-image-preview":"max-image-preview:large","max-video-preview":"max-video-preview:-1"},"canonical":"https:\/\/www.gold.fr\/news\/2013\/04\/29\/flambee-de-lor-une-histoire-qui-se-repete\/","og_locale":"fr_FR","og_type":"article","og_title":"Flamb\u00e9e de l'or : Une histoire qui se r\u00e9p\u00e8te - Gold.fr","og_description":"Chutera ? Ne chutera pas ? Si les r\u00e9cents mouvements de l\u2019\u00e9volution de l\u2019or (\u00e0 la fois brusques et contradictoires) vous donnent le vertige, rassurez-vous avec deux id\u00e9es ind\u00e9niables : 1- Le sc\u00e9nario qui se d\u00e9roule [&hellip;]","og_url":"https:\/\/www.gold.fr\/news\/2013\/04\/29\/flambee-de-lor-une-histoire-qui-se-repete\/","og_site_name":"Gold.fr","article_publisher":"https:\/\/www.facebook.com\/Goldfr\/","article_published_time":"2013-04-29T15:00:32+00:00","article_modified_time":"2017-11-02T10:33:56+00:00","og_image":[{"width":600,"height":355,"url":"https:\/\/www.gold.fr\/news\/wp-content\/uploads\/2011\/10\/skd284023sdc-e1366361443537.jpg","type":"image\/jpeg"}],"author":"Comptoir National de l'Or","twitter_card":"summary_large_image","twitter_misc":{"\u00c9crit par":"Comptoir National de l'Or","Dur\u00e9e de lecture estim\u00e9e":"1 minute"},"schema":{"@context":"https:\/\/schema.org","@graph":[{"@type":"Article","@id":"https:\/\/www.gold.fr\/news\/2013\/04\/29\/flambee-de-lor-une-histoire-qui-se-repete\/#article","isPartOf":{"@id":"https:\/\/www.gold.fr\/news\/2013\/04\/29\/flambee-de-lor-une-histoire-qui-se-repete\/"},"author":{"name":"Comptoir National de l'Or","@id":"https:\/\/www.gold.fr\/news\/#\/schema\/person\/070491b4b4fb7671bf59b3be20302ce9"},"headline":"Flamb\u00e9e de l&rsquo;or : Une histoire qui se r\u00e9p\u00e8te","datePublished":"2013-04-29T15:00:32+00:00","dateModified":"2017-11-02T10:33:56+00:00","mainEntityOfPage":{"@id":"https:\/\/www.gold.fr\/news\/2013\/04\/29\/flambee-de-lor-une-histoire-qui-se-repete\/"},"wordCount":282,"commentCount":0,"image":{"@id":"https:\/\/www.gold.fr\/news\/2013\/04\/29\/flambee-de-lor-une-histoire-qui-se-repete\/#primaryimage"},"thumbnailUrl":"https:\/\/www.gold.fr\/news\/wp-content\/uploads\/2011\/10\/skd284023sdc-e1366361443537.jpg","keywords":["evolution or","flamb\u00e9e or","once d'or","prix or"],"articleSection":["Articles de presse"],"inLanguage":"fr-FR"},{"@type":"WebPage","@id":"https:\/\/www.gold.fr\/news\/2013\/04\/29\/flambee-de-lor-une-histoire-qui-se-repete\/","url":"https:\/\/www.gold.fr\/news\/2013\/04\/29\/flambee-de-lor-une-histoire-qui-se-repete\/","name":"Flamb\u00e9e de l'or : Une histoire qui se r\u00e9p\u00e8te - Gold.fr","isPartOf":{"@id":"https:\/\/www.gold.fr\/news\/#website"},"primaryImageOfPage":{"@id":"https:\/\/www.gold.fr\/news\/2013\/04\/29\/flambee-de-lor-une-histoire-qui-se-repete\/#primaryimage"},"image":{"@id":"https:\/\/www.gold.fr\/news\/2013\/04\/29\/flambee-de-lor-une-histoire-qui-se-repete\/#primaryimage"},"thumbnailUrl":"https:\/\/www.gold.fr\/news\/wp-content\/uploads\/2011\/10\/skd284023sdc-e1366361443537.jpg","datePublished":"2013-04-29T15:00:32+00:00","dateModified":"2017-11-02T10:33:56+00:00","author":{"@id":"https:\/\/www.gold.fr\/news\/#\/schema\/person\/070491b4b4fb7671bf59b3be20302ce9"},"breadcrumb":{"@id":"https:\/\/www.gold.fr\/news\/2013\/04\/29\/flambee-de-lor-une-histoire-qui-se-repete\/#breadcrumb"},"inLanguage":"fr-FR","potentialAction":[{"@type":"ReadAction","target":["https:\/\/www.gold.fr\/news\/2013\/04\/29\/flambee-de-lor-une-histoire-qui-se-repete\/"]}]},{"@type":"ImageObject","inLanguage":"fr-FR","@id":"https:\/\/www.gold.fr\/news\/2013\/04\/29\/flambee-de-lor-une-histoire-qui-se-repete\/#primaryimage","url":"https:\/\/www.gold.fr\/news\/wp-content\/uploads\/2011\/10\/skd284023sdc-e1366361443537.jpg","contentUrl":"https:\/\/www.gold.fr\/news\/wp-content\/uploads\/2011\/10\/skd284023sdc-e1366361443537.jpg","width":"600","height":"355","caption":"Emission d\u2019obligation AUPLATA : Le producteur aurif\u00e8re joue la carte de la prudence"},{"@type":"BreadcrumbList","@id":"https:\/\/www.gold.fr\/news\/2013\/04\/29\/flambee-de-lor-une-histoire-qui-se-repete\/#breadcrumb","itemListElement":[{"@type":"ListItem","position":1,"name":"Accueil","item":"https:\/\/www.gold.fr\/"},{"@type":"ListItem","position":2,"name":"Actualit\u00e9s","item":"https:\/\/www.gold.fr\/news\/"},{"@type":"ListItem","position":3,"name":"Flamb\u00e9e de l&rsquo;or : Une histoire qui se r\u00e9p\u00e8te"}]},{"@type":"WebSite","@id":"https:\/\/www.gold.fr\/news\/#website","url":"https:\/\/www.gold.fr\/news\/","name":"Gold.fr","description":"Actualit\u00e9s de l&#039;Or et des m\u00e9taux pr\u00e9cieux","potentialAction":[{"@type":"SearchAction","target":{"@type":"EntryPoint","urlTemplate":"https:\/\/www.gold.fr\/news\/?s={search_term_string}"},"query-input":{"@type":"PropertyValueSpecification","valueRequired":true,"valueName":"search_term_string"}}],"inLanguage":"fr-FR"},{"@type":"Person","@id":"https:\/\/www.gold.fr\/news\/#\/schema\/person\/070491b4b4fb7671bf59b3be20302ce9","name":"Comptoir National de l'Or","image":{"@type":"ImageObject","inLanguage":"fr-FR","@id":"https:\/\/secure.gravatar.com\/avatar\/0a2867fd5abe37bed95d5a65e9d58f01756e11efc68af9888dfc50cfa7f65948?s=96&d=mm&r=gb490554db0a38188709de567aa58480d","url":"https:\/\/secure.gravatar.com\/avatar\/0a2867fd5abe37bed95d5a65e9d58f01756e11efc68af9888dfc50cfa7f65948?s=96&d=mm&r=g","contentUrl":"https:\/\/secure.gravatar.com\/avatar\/0a2867fd5abe37bed95d5a65e9d58f01756e11efc68af9888dfc50cfa7f65948?s=96&d=mm&r=g","caption":"Comptoir National de l'Or"},"description":"Notre r\u00e9daction est constitu\u00e9e de membres experts dans les m\u00e9tiers de l'\u00e9conomie et la gestion, des Responsables d'agence Comptoir National de l'Or, des analystes financiers qui publient r\u00e9guli\u00e8rement des \u00e9tudes sur les politiques des banques centrales, le cours de l'or, prix de l'or, cours de l'argent, prix de l'argent, cours du platine, cours du palladium,... la situation en zone euro et l'impact de la strat\u00e9gie mon\u00e9taire de la FED. Notre \u00e9quipe scrute \u00e9galement une information plus g\u00e9n\u00e9raliste \u00e0 la recherche d'actualit\u00e9 \"p\u00e9pite\" \u00e0 vous partager. Depuis 5 ans, nous avons publi\u00e9 un peu plus de 4000 articles qui s'adressent \u00e0 un public large et vari\u00e9 ayant pour objectif de satisfaire votre curiosit\u00e9 et de partager avec vous une certaine fascination pour le m\u00e9tal jaune, le rachat d'or, et pour ceux qui veulent investir dans l'or, vendre leur or tout simplement en savoir plus... Pour tous vos achat or et argent, n'h\u00e9sitez pas \u00e0 prendre rendez-vous dans l'un de nos nombreux comptoirs.","sameAs":["https:\/\/www.gold.fr"]}]}},"authors":[{"term_id":2565,"user_id":18,"is_guest":0,"slug":"julie","display_name":"Comptoir National de l'Or","avatar_url":"https:\/\/secure.gravatar.com\/avatar\/713f289e398d35ead876c4a4cc08607f0d6d266058cfc25683fffb6092d0e572?s=96&d=mm&r=g","0":null,"1":"","2":"","3":"","4":"","5":"","6":"","7":"","8":""}],"_links":{"self":[{"href":"https:\/\/www.gold.fr\/news\/wp-json\/wp\/v2\/posts\/11547","targetHints":{"allow":["GET"]}}],"collection":[{"href":"https:\/\/www.gold.fr\/news\/wp-json\/wp\/v2\/posts"}],"about":[{"href":"https:\/\/www.gold.fr\/news\/wp-json\/wp\/v2\/types\/post"}],"author":[{"embeddable":true,"href":"https:\/\/www.gold.fr\/news\/wp-json\/wp\/v2\/users\/18"}],"replies":[{"embeddable":true,"href":"https:\/\/www.gold.fr\/news\/wp-json\/wp\/v2\/comments?post=11547"}],"version-history":[{"count":0,"href":"https:\/\/www.gold.fr\/news\/wp-json\/wp\/v2\/posts\/11547\/revisions"}],"wp:featuredmedia":[{"embeddable":true,"href":"https:\/\/www.gold.fr\/news\/wp-json\/wp\/v2\/media\/2937"}],"wp:attachment":[{"href":"https:\/\/www.gold.fr\/news\/wp-json\/wp\/v2\/media?parent=11547"}],"wp:term":[{"taxonomy":"category","embeddable":true,"href":"https:\/\/www.gold.fr\/news\/wp-json\/wp\/v2\/categories?post=11547"},{"taxonomy":"post_tag","embeddable":true,"href":"https:\/\/www.gold.fr\/news\/wp-json\/wp\/v2\/tags?post=11547"},{"taxonomy":"author","embeddable":true,"href":"https:\/\/www.gold.fr\/news\/wp-json\/wp\/v2\/ppma_author?post=11547"}],"curies":[{"name":"wp","href":"https:\/\/api.w.org\/{rel}","templated":true}]}}