{"id":11545,"date":"2013-04-29T09:00:00","date_gmt":"2013-04-29T07:00:00","guid":{"rendered":"https:\/\/www.gold.fr\/news\/?p=11545"},"modified":"2017-11-02T11:33:56","modified_gmt":"2017-11-02T10:33:56","slug":"evolution-de-lor-la-theorie-du-tff","status":"publish","type":"post","link":"https:\/\/www.gold.fr\/news\/2013\/04\/29\/evolution-de-lor-la-theorie-du-tff\/","title":{"rendered":"Evolution de l\u2019or &#8211; La th\u00e9orie du TFF"},"content":{"rendered":"<p><span style=\"font-size: small;\"><img loading=\"lazy\" decoding=\"async\" class=\"alignleft size-thumbnail wp-image-2773\" title=\"Evolution de l\u2019or - La th\u00e9orie du TFF\" src=\"https:\/\/www.gold.fr\/news\/wp-content\/uploads\/2011\/10\/Or-Evolution-150x150.jpg\" alt=\"\" width=\"150\" height=\"150\" \/>Simple <a title=\"Evolution de l\u2019or \u2013 Une hausse \u00e0 travers l\u2019incertitude\" href=\"https:\/\/www.gold.fr\/news\/2013\/04\/25\/evolution-de-lor-une-hausse-a-travers-lincertitude\/11509\/\" target=\"_blank\">correction passag\u00e8re<\/a> ? Ou <a title=\"Evolution de l\u2019or \u2013 Le retour de gr\u00e2ce\" href=\"https:\/\/www.gold.fr\/news\/2013\/04\/25\/evolution-de-lor-le-retour-de-grace\/11507\/\" target=\"_blank\">d\u00e9but de l\u2019explosion de la bulle<\/a> ? Si vous \u00eates pris au milieu de ce m\u00eame dilemme qui semble tirailler une bonne partie des investisseurs, rassurez-vous ; vous pouvez toujours vous tourner vers les professionnels. Et les analystes s&rsquo;accordent \u00e0 affirmer que le creux encaiss\u00e9 par le march\u00e9 aurif\u00e8re \u00e9tait passager et la preuve est l\u00e0 ; <a title=\"Prix de l\u2019or\" href=\"https:\/\/www.gold.fr\/cours-prix-de-l-or\/\" target=\"_blank\">le cours<\/a> remonte d\u00e9j\u00e0 \u00e0 une vitesse grand V.<\/span>    <span style=\"font-size: small;\"> Mais si vous \u00eates toujours sceptique, vous pouvez toujours vous appuyer sur la th\u00e9orie \u00e9conomique \u2013test\u00e9e et approuv\u00e9e- du <strong>TFF<\/strong> : <strong>Tendance, Flux, et Fondamentaux<\/strong>.<\/span>    <span style=\"font-size: small;\"> Pour rester dans <a title=\"La demande mondiale de l\u2019or, toujours au beau fixe\" href=\"https:\/\/www.gold.fr\/news\/2013\/04\/23\/la-demande-mondiale-de-lor-toujours-au-beau-fixe\/11497\/\" target=\"_blank\">le march\u00e9 aurif\u00e8re<\/a>, m\u00eame quand l&rsquo;orientation est baissi\u00e8re (et que les flux s&rsquo;en retrouvent automatiquement vendeurs), les fondamentaux, eux, demeurent tr\u00e8s solides. Et bien que la solidit\u00e9 de ces fondamentaux ne suffise pas \u00e0 renverser la donne et aboutir, dans le court terme, \u00e0 une hausse imm\u00e9diate, la force de ces bases maintient toujours le march\u00e9 suffisamment \u00e0 flot pour ne jamais laisser exploser sa bulle.<\/span>    <span style=\"font-size: small;\"> Le m\u00eame cas de figure avait eu lieu en <strong>1976<\/strong>, lorsque le march\u00e9 aurif\u00e8re avait vu ses cours s&rsquo;effondrer, sans pour autant perdre ses fondamentaux qui demeuraient excellents. Et, tout comme \u00e0 cette m\u00eame \u00e9poque, <a title=\"Rebond de l\u2019or, la demande mondiale \u00e0 l\u2019appui\" href=\"https:\/\/www.gold.fr\/news\/2013\/04\/25\/rebond-de-lor-la-demande-mondiale-a-lappui\/11539\/\" target=\"_blank\">la remont\u00e9e de l\u2019or sera tr\u00e8s importante<\/a>, offrant, donc, une simple halte \u00e0 ceux qui souhaitent acqu\u00e9rir leur part de <a href='https:\/\/www.gold.fr\/news\/tags\/or' class='esk-seo-plu-link'>m\u00e9tal jaune<\/a> \u00e0 bas prix.<\/span><\/p>\n<!-- AddThis Advanced Settings generic via filter on the_content --><!-- AddThis Share Buttons generic via filter on the_content -->","protected":false},"excerpt":{"rendered":"<p>Simple correction passag\u00e8re ? Ou d\u00e9but de l\u2019explosion de la bulle ? Si vous \u00eates pris au milieu de ce m\u00eame dilemme qui semble tirailler une bonne partie des investisseurs, rassurez-vous ; vous pouvez toujours vous [&hellip;]<\/p>\n","protected":false},"author":18,"featured_media":2773,"comment_status":"open","ping_status":"open","sticky":false,"template":"","format":"standard","meta":{"_mbp_gutenberg_autopost":false,"_pgmb_is_evergreen":false,"_pgmb_ap_template_id":0,"footnotes":""},"categories":[6],"tags":[961,1167,1047,1290,1204],"ppma_author":[2565],"class_list":["post-11545","post","type-post","status-publish","format-standard","has-post-thumbnail","hentry","category-articles-de-presse","tag-cours-or","tag-evolution-or","tag-marche-aurifere","tag-tff","tag-us"],"yoast_head":"<!-- This site is optimized with the Yoast SEO plugin v27.5 - https:\/\/yoast.com\/product\/yoast-seo-wordpress\/ -->\n<title>Evolution de l\u2019or - La th\u00e9orie du TFF - Gold.fr<\/title>\n<meta name=\"robots\" content=\"index, follow, max-snippet:-1, max-image-preview:large, max-video-preview:-1\" \/>\n<link rel=\"canonical\" href=\"https:\/\/www.gold.fr\/news\/2013\/04\/29\/evolution-de-lor-la-theorie-du-tff\/\" \/>\n<meta property=\"og:locale\" content=\"fr_FR\" \/>\n<meta property=\"og:type\" content=\"article\" \/>\n<meta property=\"og:title\" content=\"Evolution de l\u2019or - La th\u00e9orie du TFF - Gold.fr\" \/>\n<meta property=\"og:description\" content=\"Simple correction passag\u00e8re ? Ou d\u00e9but de l\u2019explosion de la bulle ? Si vous \u00eates pris au milieu de ce m\u00eame dilemme qui semble tirailler une bonne partie des investisseurs, rassurez-vous ; vous pouvez toujours vous [&hellip;]\" \/>\n<meta property=\"og:url\" content=\"https:\/\/www.gold.fr\/news\/2013\/04\/29\/evolution-de-lor-la-theorie-du-tff\/\" \/>\n<meta property=\"og:site_name\" content=\"Gold.fr\" \/>\n<meta property=\"article:publisher\" content=\"https:\/\/www.facebook.com\/Goldfr\/\" \/>\n<meta property=\"article:published_time\" content=\"2013-04-29T07:00:00+00:00\" \/>\n<meta property=\"article:modified_time\" content=\"2017-11-02T10:33:56+00:00\" \/>\n<meta property=\"og:image\" content=\"https:\/\/www.gold.fr\/news\/wp-content\/uploads\/2011\/10\/Or-Evolution.jpg\" \/>\n\t<meta property=\"og:image:width\" content=\"600\" \/>\n\t<meta property=\"og:image:height\" content=\"400\" \/>\n\t<meta property=\"og:image:type\" content=\"image\/jpeg\" \/>\n<meta name=\"author\" content=\"Comptoir National de l&#039;Or\" \/>\n<meta name=\"twitter:card\" content=\"summary_large_image\" \/>\n<meta name=\"twitter:label1\" content=\"\u00c9crit par\" \/>\n\t<meta name=\"twitter:data1\" content=\"Comptoir National de l&#039;Or\" \/>\n\t<meta name=\"twitter:label2\" content=\"Dur\u00e9e de lecture estim\u00e9e\" \/>\n\t<meta name=\"twitter:data2\" content=\"1 minute\" \/>\n<script type=\"application\/ld+json\" class=\"yoast-schema-graph\">{\"@context\":\"https:\\\/\\\/schema.org\",\"@graph\":[{\"@type\":\"Article\",\"@id\":\"https:\\\/\\\/www.gold.fr\\\/news\\\/2013\\\/04\\\/29\\\/evolution-de-lor-la-theorie-du-tff\\\/#article\",\"isPartOf\":{\"@id\":\"https:\\\/\\\/www.gold.fr\\\/news\\\/2013\\\/04\\\/29\\\/evolution-de-lor-la-theorie-du-tff\\\/\"},\"author\":{\"name\":\"Comptoir National de l'Or\",\"@id\":\"https:\\\/\\\/www.gold.fr\\\/news\\\/#\\\/schema\\\/person\\\/070491b4b4fb7671bf59b3be20302ce9\"},\"headline\":\"Evolution de l\u2019or &#8211; La th\u00e9orie du TFF\",\"datePublished\":\"2013-04-29T07:00:00+00:00\",\"dateModified\":\"2017-11-02T10:33:56+00:00\",\"mainEntityOfPage\":{\"@id\":\"https:\\\/\\\/www.gold.fr\\\/news\\\/2013\\\/04\\\/29\\\/evolution-de-lor-la-theorie-du-tff\\\/\"},\"wordCount\":247,\"commentCount\":0,\"image\":{\"@id\":\"https:\\\/\\\/www.gold.fr\\\/news\\\/2013\\\/04\\\/29\\\/evolution-de-lor-la-theorie-du-tff\\\/#primaryimage\"},\"thumbnailUrl\":\"https:\\\/\\\/www.gold.fr\\\/news\\\/wp-content\\\/uploads\\\/2011\\\/10\\\/Or-Evolution.jpg\",\"keywords\":[\"cours or\",\"evolution or\",\"march\u00e9 aurif\u00e8re\",\"TFF\",\"US\"],\"articleSection\":[\"Articles de presse\"],\"inLanguage\":\"fr-FR\"},{\"@type\":\"WebPage\",\"@id\":\"https:\\\/\\\/www.gold.fr\\\/news\\\/2013\\\/04\\\/29\\\/evolution-de-lor-la-theorie-du-tff\\\/\",\"url\":\"https:\\\/\\\/www.gold.fr\\\/news\\\/2013\\\/04\\\/29\\\/evolution-de-lor-la-theorie-du-tff\\\/\",\"name\":\"Evolution de l\u2019or - La th\u00e9orie du TFF - Gold.fr\",\"isPartOf\":{\"@id\":\"https:\\\/\\\/www.gold.fr\\\/news\\\/#website\"},\"primaryImageOfPage\":{\"@id\":\"https:\\\/\\\/www.gold.fr\\\/news\\\/2013\\\/04\\\/29\\\/evolution-de-lor-la-theorie-du-tff\\\/#primaryimage\"},\"image\":{\"@id\":\"https:\\\/\\\/www.gold.fr\\\/news\\\/2013\\\/04\\\/29\\\/evolution-de-lor-la-theorie-du-tff\\\/#primaryimage\"},\"thumbnailUrl\":\"https:\\\/\\\/www.gold.fr\\\/news\\\/wp-content\\\/uploads\\\/2011\\\/10\\\/Or-Evolution.jpg\",\"datePublished\":\"2013-04-29T07:00:00+00:00\",\"dateModified\":\"2017-11-02T10:33:56+00:00\",\"author\":{\"@id\":\"https:\\\/\\\/www.gold.fr\\\/news\\\/#\\\/schema\\\/person\\\/070491b4b4fb7671bf59b3be20302ce9\"},\"breadcrumb\":{\"@id\":\"https:\\\/\\\/www.gold.fr\\\/news\\\/2013\\\/04\\\/29\\\/evolution-de-lor-la-theorie-du-tff\\\/#breadcrumb\"},\"inLanguage\":\"fr-FR\",\"potentialAction\":[{\"@type\":\"ReadAction\",\"target\":[\"https:\\\/\\\/www.gold.fr\\\/news\\\/2013\\\/04\\\/29\\\/evolution-de-lor-la-theorie-du-tff\\\/\"]}]},{\"@type\":\"ImageObject\",\"inLanguage\":\"fr-FR\",\"@id\":\"https:\\\/\\\/www.gold.fr\\\/news\\\/2013\\\/04\\\/29\\\/evolution-de-lor-la-theorie-du-tff\\\/#primaryimage\",\"url\":\"https:\\\/\\\/www.gold.fr\\\/news\\\/wp-content\\\/uploads\\\/2011\\\/10\\\/Or-Evolution.jpg\",\"contentUrl\":\"https:\\\/\\\/www.gold.fr\\\/news\\\/wp-content\\\/uploads\\\/2011\\\/10\\\/Or-Evolution.jpg\",\"width\":\"600\",\"height\":\"400\",\"caption\":\"Enqu\u00eate Comco : La derni\u00e8re d\u2019une longue liste\"},{\"@type\":\"BreadcrumbList\",\"@id\":\"https:\\\/\\\/www.gold.fr\\\/news\\\/2013\\\/04\\\/29\\\/evolution-de-lor-la-theorie-du-tff\\\/#breadcrumb\",\"itemListElement\":[{\"@type\":\"ListItem\",\"position\":1,\"name\":\"Accueil\",\"item\":\"https:\\\/\\\/www.gold.fr\\\/\"},{\"@type\":\"ListItem\",\"position\":2,\"name\":\"Actualit\u00e9s\",\"item\":\"https:\\\/\\\/www.gold.fr\\\/news\\\/\"},{\"@type\":\"ListItem\",\"position\":3,\"name\":\"Evolution de l\u2019or &#8211; La th\u00e9orie du TFF\"}]},{\"@type\":\"WebSite\",\"@id\":\"https:\\\/\\\/www.gold.fr\\\/news\\\/#website\",\"url\":\"https:\\\/\\\/www.gold.fr\\\/news\\\/\",\"name\":\"Gold.fr\",\"description\":\"Actualit\u00e9s de l&#039;Or et des m\u00e9taux pr\u00e9cieux\",\"potentialAction\":[{\"@type\":\"SearchAction\",\"target\":{\"@type\":\"EntryPoint\",\"urlTemplate\":\"https:\\\/\\\/www.gold.fr\\\/news\\\/?s={search_term_string}\"},\"query-input\":{\"@type\":\"PropertyValueSpecification\",\"valueRequired\":true,\"valueName\":\"search_term_string\"}}],\"inLanguage\":\"fr-FR\"},{\"@type\":\"Person\",\"@id\":\"https:\\\/\\\/www.gold.fr\\\/news\\\/#\\\/schema\\\/person\\\/070491b4b4fb7671bf59b3be20302ce9\",\"name\":\"Comptoir National de l'Or\",\"image\":{\"@type\":\"ImageObject\",\"inLanguage\":\"fr-FR\",\"@id\":\"https:\\\/\\\/secure.gravatar.com\\\/avatar\\\/0a2867fd5abe37bed95d5a65e9d58f01756e11efc68af9888dfc50cfa7f65948?s=96&d=mm&r=gb490554db0a38188709de567aa58480d\",\"url\":\"https:\\\/\\\/secure.gravatar.com\\\/avatar\\\/0a2867fd5abe37bed95d5a65e9d58f01756e11efc68af9888dfc50cfa7f65948?s=96&d=mm&r=g\",\"contentUrl\":\"https:\\\/\\\/secure.gravatar.com\\\/avatar\\\/0a2867fd5abe37bed95d5a65e9d58f01756e11efc68af9888dfc50cfa7f65948?s=96&d=mm&r=g\",\"caption\":\"Comptoir National de l'Or\"},\"description\":\"Notre r\u00e9daction est constitu\u00e9e de membres experts dans les m\u00e9tiers de l'\u00e9conomie et la gestion, des Responsables d'agence Comptoir National de l'Or, des analystes financiers qui publient r\u00e9guli\u00e8rement des \u00e9tudes sur les politiques des banques centrales, le cours de l'or, prix de l'or, cours de l'argent, prix de l'argent, cours du platine, cours du palladium,... la situation en zone euro et l'impact de la strat\u00e9gie mon\u00e9taire de la FED. Notre \u00e9quipe scrute \u00e9galement une information plus g\u00e9n\u00e9raliste \u00e0 la recherche d'actualit\u00e9 \\\"p\u00e9pite\\\" \u00e0 vous partager. Depuis 5 ans, nous avons publi\u00e9 un peu plus de 4000 articles qui s'adressent \u00e0 un public large et vari\u00e9 ayant pour objectif de satisfaire votre curiosit\u00e9 et de partager avec vous une certaine fascination pour le m\u00e9tal jaune, le rachat d'or, et pour ceux qui veulent investir dans l'or, vendre leur or tout simplement en savoir plus... Pour tous vos achat or et argent, n'h\u00e9sitez pas \u00e0 prendre rendez-vous dans l'un de nos nombreux comptoirs.\",\"sameAs\":[\"https:\\\/\\\/www.gold.fr\"]}]}<\/script>\n<!-- \/ Yoast SEO plugin. -->","yoast_head_json":{"title":"Evolution de l\u2019or - La th\u00e9orie du TFF - Gold.fr","robots":{"index":"index","follow":"follow","max-snippet":"max-snippet:-1","max-image-preview":"max-image-preview:large","max-video-preview":"max-video-preview:-1"},"canonical":"https:\/\/www.gold.fr\/news\/2013\/04\/29\/evolution-de-lor-la-theorie-du-tff\/","og_locale":"fr_FR","og_type":"article","og_title":"Evolution de l\u2019or - La th\u00e9orie du TFF - Gold.fr","og_description":"Simple correction passag\u00e8re ? Ou d\u00e9but de l\u2019explosion de la bulle ? Si vous \u00eates pris au milieu de ce m\u00eame dilemme qui semble tirailler une bonne partie des investisseurs, rassurez-vous ; vous pouvez toujours vous [&hellip;]","og_url":"https:\/\/www.gold.fr\/news\/2013\/04\/29\/evolution-de-lor-la-theorie-du-tff\/","og_site_name":"Gold.fr","article_publisher":"https:\/\/www.facebook.com\/Goldfr\/","article_published_time":"2013-04-29T07:00:00+00:00","article_modified_time":"2017-11-02T10:33:56+00:00","og_image":[{"width":600,"height":400,"url":"https:\/\/www.gold.fr\/news\/wp-content\/uploads\/2011\/10\/Or-Evolution.jpg","type":"image\/jpeg"}],"author":"Comptoir National de l'Or","twitter_card":"summary_large_image","twitter_misc":{"\u00c9crit par":"Comptoir National de l'Or","Dur\u00e9e de lecture estim\u00e9e":"1 minute"},"schema":{"@context":"https:\/\/schema.org","@graph":[{"@type":"Article","@id":"https:\/\/www.gold.fr\/news\/2013\/04\/29\/evolution-de-lor-la-theorie-du-tff\/#article","isPartOf":{"@id":"https:\/\/www.gold.fr\/news\/2013\/04\/29\/evolution-de-lor-la-theorie-du-tff\/"},"author":{"name":"Comptoir National de l'Or","@id":"https:\/\/www.gold.fr\/news\/#\/schema\/person\/070491b4b4fb7671bf59b3be20302ce9"},"headline":"Evolution de l\u2019or &#8211; La th\u00e9orie du TFF","datePublished":"2013-04-29T07:00:00+00:00","dateModified":"2017-11-02T10:33:56+00:00","mainEntityOfPage":{"@id":"https:\/\/www.gold.fr\/news\/2013\/04\/29\/evolution-de-lor-la-theorie-du-tff\/"},"wordCount":247,"commentCount":0,"image":{"@id":"https:\/\/www.gold.fr\/news\/2013\/04\/29\/evolution-de-lor-la-theorie-du-tff\/#primaryimage"},"thumbnailUrl":"https:\/\/www.gold.fr\/news\/wp-content\/uploads\/2011\/10\/Or-Evolution.jpg","keywords":["cours or","evolution or","march\u00e9 aurif\u00e8re","TFF","US"],"articleSection":["Articles de presse"],"inLanguage":"fr-FR"},{"@type":"WebPage","@id":"https:\/\/www.gold.fr\/news\/2013\/04\/29\/evolution-de-lor-la-theorie-du-tff\/","url":"https:\/\/www.gold.fr\/news\/2013\/04\/29\/evolution-de-lor-la-theorie-du-tff\/","name":"Evolution de l\u2019or - La th\u00e9orie du TFF - Gold.fr","isPartOf":{"@id":"https:\/\/www.gold.fr\/news\/#website"},"primaryImageOfPage":{"@id":"https:\/\/www.gold.fr\/news\/2013\/04\/29\/evolution-de-lor-la-theorie-du-tff\/#primaryimage"},"image":{"@id":"https:\/\/www.gold.fr\/news\/2013\/04\/29\/evolution-de-lor-la-theorie-du-tff\/#primaryimage"},"thumbnailUrl":"https:\/\/www.gold.fr\/news\/wp-content\/uploads\/2011\/10\/Or-Evolution.jpg","datePublished":"2013-04-29T07:00:00+00:00","dateModified":"2017-11-02T10:33:56+00:00","author":{"@id":"https:\/\/www.gold.fr\/news\/#\/schema\/person\/070491b4b4fb7671bf59b3be20302ce9"},"breadcrumb":{"@id":"https:\/\/www.gold.fr\/news\/2013\/04\/29\/evolution-de-lor-la-theorie-du-tff\/#breadcrumb"},"inLanguage":"fr-FR","potentialAction":[{"@type":"ReadAction","target":["https:\/\/www.gold.fr\/news\/2013\/04\/29\/evolution-de-lor-la-theorie-du-tff\/"]}]},{"@type":"ImageObject","inLanguage":"fr-FR","@id":"https:\/\/www.gold.fr\/news\/2013\/04\/29\/evolution-de-lor-la-theorie-du-tff\/#primaryimage","url":"https:\/\/www.gold.fr\/news\/wp-content\/uploads\/2011\/10\/Or-Evolution.jpg","contentUrl":"https:\/\/www.gold.fr\/news\/wp-content\/uploads\/2011\/10\/Or-Evolution.jpg","width":"600","height":"400","caption":"Enqu\u00eate Comco : La derni\u00e8re d\u2019une longue liste"},{"@type":"BreadcrumbList","@id":"https:\/\/www.gold.fr\/news\/2013\/04\/29\/evolution-de-lor-la-theorie-du-tff\/#breadcrumb","itemListElement":[{"@type":"ListItem","position":1,"name":"Accueil","item":"https:\/\/www.gold.fr\/"},{"@type":"ListItem","position":2,"name":"Actualit\u00e9s","item":"https:\/\/www.gold.fr\/news\/"},{"@type":"ListItem","position":3,"name":"Evolution de l\u2019or &#8211; La th\u00e9orie du TFF"}]},{"@type":"WebSite","@id":"https:\/\/www.gold.fr\/news\/#website","url":"https:\/\/www.gold.fr\/news\/","name":"Gold.fr","description":"Actualit\u00e9s de l&#039;Or et des m\u00e9taux pr\u00e9cieux","potentialAction":[{"@type":"SearchAction","target":{"@type":"EntryPoint","urlTemplate":"https:\/\/www.gold.fr\/news\/?s={search_term_string}"},"query-input":{"@type":"PropertyValueSpecification","valueRequired":true,"valueName":"search_term_string"}}],"inLanguage":"fr-FR"},{"@type":"Person","@id":"https:\/\/www.gold.fr\/news\/#\/schema\/person\/070491b4b4fb7671bf59b3be20302ce9","name":"Comptoir National de l'Or","image":{"@type":"ImageObject","inLanguage":"fr-FR","@id":"https:\/\/secure.gravatar.com\/avatar\/0a2867fd5abe37bed95d5a65e9d58f01756e11efc68af9888dfc50cfa7f65948?s=96&d=mm&r=gb490554db0a38188709de567aa58480d","url":"https:\/\/secure.gravatar.com\/avatar\/0a2867fd5abe37bed95d5a65e9d58f01756e11efc68af9888dfc50cfa7f65948?s=96&d=mm&r=g","contentUrl":"https:\/\/secure.gravatar.com\/avatar\/0a2867fd5abe37bed95d5a65e9d58f01756e11efc68af9888dfc50cfa7f65948?s=96&d=mm&r=g","caption":"Comptoir National de l'Or"},"description":"Notre r\u00e9daction est constitu\u00e9e de membres experts dans les m\u00e9tiers de l'\u00e9conomie et la gestion, des Responsables d'agence Comptoir National de l'Or, des analystes financiers qui publient r\u00e9guli\u00e8rement des \u00e9tudes sur les politiques des banques centrales, le cours de l'or, prix de l'or, cours de l'argent, prix de l'argent, cours du platine, cours du palladium,... la situation en zone euro et l'impact de la strat\u00e9gie mon\u00e9taire de la FED. Notre \u00e9quipe scrute \u00e9galement une information plus g\u00e9n\u00e9raliste \u00e0 la recherche d'actualit\u00e9 \"p\u00e9pite\" \u00e0 vous partager. Depuis 5 ans, nous avons publi\u00e9 un peu plus de 4000 articles qui s'adressent \u00e0 un public large et vari\u00e9 ayant pour objectif de satisfaire votre curiosit\u00e9 et de partager avec vous une certaine fascination pour le m\u00e9tal jaune, le rachat d'or, et pour ceux qui veulent investir dans l'or, vendre leur or tout simplement en savoir plus... Pour tous vos achat or et argent, n'h\u00e9sitez pas \u00e0 prendre rendez-vous dans l'un de nos nombreux comptoirs.","sameAs":["https:\/\/www.gold.fr"]}]}},"authors":[{"term_id":2565,"user_id":18,"is_guest":0,"slug":"julie","display_name":"Comptoir National de l'Or","avatar_url":"https:\/\/secure.gravatar.com\/avatar\/713f289e398d35ead876c4a4cc08607f0d6d266058cfc25683fffb6092d0e572?s=96&d=mm&r=g","0":null,"1":"","2":"","3":"","4":"","5":"","6":"","7":"","8":""}],"_links":{"self":[{"href":"https:\/\/www.gold.fr\/news\/wp-json\/wp\/v2\/posts\/11545","targetHints":{"allow":["GET"]}}],"collection":[{"href":"https:\/\/www.gold.fr\/news\/wp-json\/wp\/v2\/posts"}],"about":[{"href":"https:\/\/www.gold.fr\/news\/wp-json\/wp\/v2\/types\/post"}],"author":[{"embeddable":true,"href":"https:\/\/www.gold.fr\/news\/wp-json\/wp\/v2\/users\/18"}],"replies":[{"embeddable":true,"href":"https:\/\/www.gold.fr\/news\/wp-json\/wp\/v2\/comments?post=11545"}],"version-history":[{"count":0,"href":"https:\/\/www.gold.fr\/news\/wp-json\/wp\/v2\/posts\/11545\/revisions"}],"wp:featuredmedia":[{"embeddable":true,"href":"https:\/\/www.gold.fr\/news\/wp-json\/wp\/v2\/media\/2773"}],"wp:attachment":[{"href":"https:\/\/www.gold.fr\/news\/wp-json\/wp\/v2\/media?parent=11545"}],"wp:term":[{"taxonomy":"category","embeddable":true,"href":"https:\/\/www.gold.fr\/news\/wp-json\/wp\/v2\/categories?post=11545"},{"taxonomy":"post_tag","embeddable":true,"href":"https:\/\/www.gold.fr\/news\/wp-json\/wp\/v2\/tags?post=11545"},{"taxonomy":"author","embeddable":true,"href":"https:\/\/www.gold.fr\/news\/wp-json\/wp\/v2\/ppma_author?post=11545"}],"curies":[{"name":"wp","href":"https:\/\/api.w.org\/{rel}","templated":true}]}}