{"id":11531,"date":"2013-04-26T17:00:35","date_gmt":"2013-04-26T15:00:35","guid":{"rendered":"https:\/\/www.gold.fr\/news\/?p=11531"},"modified":"2017-11-02T11:33:56","modified_gmt":"2017-11-02T10:33:56","slug":"la-tunisie-plebiscite-son-or","status":"publish","type":"post","link":"https:\/\/www.gold.fr\/news\/2013\/04\/26\/la-tunisie-plebiscite-son-or\/","title":{"rendered":"La Tunisie pl\u00e9biscite son or"},"content":{"rendered":"<p><img loading=\"lazy\" decoding=\"async\" class=\"alignleft size-thumbnail wp-image-11532\" title=\"La Tunisie pl\u00e9biscite son or\" src=\"https:\/\/www.gold.fr\/news\/wp-content\/uploads\/2013\/04\/drapeau-tunisien-150x150.jpg\" alt=\"\" width=\"150\" height=\"150\" \/><span style=\"font-size: small;\">Dans la lign\u00e9e des pays qui cherchent \u00e0 prot\u00e9ger, r\u00e9cup\u00e9rer ou encore pl\u00e9bisciter leur <a href='https:\/\/www.gold.fr\/news\/tags\/or' class='esk-seo-plu-link'>m\u00e9tal jaune<\/a> (<a title=\"L\u2019Allemagne et l\u2019or \u2013 Une histoire charg\u00e9e\" href=\"https:\/\/www.gold.fr\/news\/2013\/01\/28\/lallemagne-et-lor-une-histoire-chargee\/10491\/\" target=\"_blank\">Allemagne<\/a>, Suisse, <a title=\"L\u2019Alg\u00e9rie remonte dans le classement mondial de d\u00e9tention d\u2019or\" href=\"https:\/\/www.gold.fr\/news\/2013\/03\/28\/lalgerie-remonte-dans-le-classement-mondial-de-detention-dor\/11173\/\" target=\"_blank\">Alg\u00e9rie<\/a>\u2026), la Tunisie offre un exemple assez \u00e9loquent.<\/span>    <span style=\"font-size: small;\">Le pr\u00e9sident de la chambre syndicale des bijoutiers tunisiens a r\u00e9cemment d\u00e9clar\u00e9, dans une interview accord\u00e9e au site Africanmanager, que \u00ab <em>la baisse des <a title=\"Prix de l\u2019or\" href=\"https:\/\/www.gold.fr\/cours-prix-de-l-or\/\" target=\"_blank\">cours de l\u2019or<\/a> sur le march\u00e9 mondial n&rsquo;aura aucune incidence sur le prix du <a href='https:\/\/www.gold.fr\/news\/tags\/or' class='esk-seo-plu-link'>m\u00e9tal jaune<\/a> en Tunisie, car il s&rsquo;agit d&rsquo;une baisse artificielle et \u00e9ph\u00e9m\u00e8re<\/em> \u00bb. En d&rsquo;autres termes, le gouvernement tunisien maintient et consolide sa confiance au march\u00e9 aurif\u00e8re, en d\u00e9pit des r\u00e9cents creux enregistr\u00e9s depuis le d\u00e9but de l&rsquo;ann\u00e9e <strong>2013<\/strong>.<\/span>    <span style=\"font-size: small;\">Egalement interview\u00e9 par le journal \u00ab <strong>Attounsia <\/strong>\u00bb, le repr\u00e9sentant officiel explique toutefois que cette confiance ne sera revue et r\u00e9examin\u00e9e que dans un seul et unique cas ; que le <a href='https:\/\/www.gold.fr\/news\/tags\/cours-de-lor' class='esk-seo-plu-link'>cours de l&rsquo;or<\/a> encaisse une baisse prolong\u00e9e, sur les march\u00e9s internationaux, \u00ab <em>sur une p\u00e9riode de deux ou trois mois<\/em> \u00bb. Pour l&rsquo;instant, on en est bien loin !<\/span>    <span style=\"font-size: small;\">Il a ajout\u00e9 que le prix de l&rsquo;<a href='https:\/\/www.gold.fr\/news\/tags\/or' class='esk-seo-plu-link'>or<\/a>, en Tunisie, n&rsquo;a pas quitt\u00e9 sa pente haussi\u00e8re, depuis quelques d\u00e9cennies d\u00e9j\u00e0. Il rappelle \u00e9galement que le prix du gramme (actuellement en vigueur \u00e0 la Banque centrale de Tunisie) est de <strong>87 dinars<\/strong> environ (pr\u00e8s de <strong>41 euros<\/strong>), alors qu&rsquo;il est de <strong>50 dinars<\/strong> seulement (environ <strong>23.5 euros<\/strong>) sur le march\u00e9 mondial.<\/span>    <span style=\"font-size: small;\">Selon ses d\u00e9clarations, le gouverneur de la Banque Centrale Tunisienne serait fermement oppos\u00e9 \u00e0 une quelconque baisse \u2013ou m\u00eame r\u00e9vision- des prix. En tout cas, pas avant  que les r\u00e9serves de l&rsquo;institution ne soient totalement \u00e9coul\u00e9s. Pour information, ces r\u00e9serves vont de <strong>40<\/strong> \u00e0 <strong>50 kilogrammes<\/strong> (et m\u00eame <strong>80 kilos<\/strong>, d&rsquo;apr\u00e8s les rapports officiels).<\/span><\/p>\n<!-- AddThis Advanced Settings generic via filter on the_content --><!-- AddThis Share Buttons generic via filter on the_content -->","protected":false},"excerpt":{"rendered":"<p>Dans la lign\u00e9e des pays qui cherchent \u00e0 prot\u00e9ger, r\u00e9cup\u00e9rer ou encore pl\u00e9bisciter leur m\u00e9tal jaune (Allemagne, Suisse, Alg\u00e9rie\u2026), la Tunisie offre un exemple assez \u00e9loquent. Le pr\u00e9sident de la chambre syndicale des bijoutiers tunisiens a [&hellip;]<\/p>\n","protected":false},"author":18,"featured_media":11532,"comment_status":"open","ping_status":"open","sticky":false,"template":"","format":"standard","meta":{"_mbp_gutenberg_autopost":false,"_pgmb_is_evergreen":false,"_pgmb_ap_template_id":0,"footnotes":""},"categories":[6],"tags":[961,1289,83,1288],"ppma_author":[2565],"class_list":["post-11531","post","type-post","status-publish","format-standard","has-post-thumbnail","hentry","category-articles-de-presse","tag-cours-or","tag-or-tunisien","tag-prix-de-lor","tag-tunisie"],"yoast_head":"<!-- This site is optimized with the Yoast SEO plugin v27.5 - https:\/\/yoast.com\/product\/yoast-seo-wordpress\/ -->\n<title>La Tunisie pl\u00e9biscite son or - Gold.fr<\/title>\n<meta name=\"robots\" content=\"index, follow, max-snippet:-1, max-image-preview:large, max-video-preview:-1\" \/>\n<link rel=\"canonical\" href=\"https:\/\/www.gold.fr\/news\/2013\/04\/26\/la-tunisie-plebiscite-son-or\/\" \/>\n<meta property=\"og:locale\" content=\"fr_FR\" \/>\n<meta property=\"og:type\" content=\"article\" \/>\n<meta property=\"og:title\" content=\"La Tunisie pl\u00e9biscite son or - Gold.fr\" \/>\n<meta property=\"og:description\" content=\"Dans la lign\u00e9e des pays qui cherchent \u00e0 prot\u00e9ger, r\u00e9cup\u00e9rer ou encore pl\u00e9bisciter leur m\u00e9tal jaune (Allemagne, Suisse, Alg\u00e9rie\u2026), la Tunisie offre un exemple assez \u00e9loquent. Le pr\u00e9sident de la chambre syndicale des bijoutiers tunisiens a [&hellip;]\" \/>\n<meta property=\"og:url\" content=\"https:\/\/www.gold.fr\/news\/2013\/04\/26\/la-tunisie-plebiscite-son-or\/\" \/>\n<meta property=\"og:site_name\" content=\"Gold.fr\" \/>\n<meta property=\"article:publisher\" content=\"https:\/\/www.facebook.com\/Goldfr\/\" \/>\n<meta property=\"article:published_time\" content=\"2013-04-26T15:00:35+00:00\" \/>\n<meta property=\"article:modified_time\" content=\"2017-11-02T10:33:56+00:00\" \/>\n<meta property=\"og:image\" content=\"https:\/\/www.gold.fr\/news\/wp-content\/uploads\/2013\/04\/drapeau-tunisien.jpg\" \/>\n\t<meta property=\"og:image:width\" content=\"600\" \/>\n\t<meta property=\"og:image:height\" content=\"350\" \/>\n\t<meta property=\"og:image:type\" content=\"image\/jpeg\" \/>\n<meta name=\"author\" content=\"Comptoir National de l&#039;Or\" \/>\n<meta name=\"twitter:card\" content=\"summary_large_image\" \/>\n<meta name=\"twitter:label1\" content=\"\u00c9crit par\" \/>\n\t<meta name=\"twitter:data1\" content=\"Comptoir National de l&#039;Or\" \/>\n\t<meta name=\"twitter:label2\" content=\"Dur\u00e9e de lecture estim\u00e9e\" \/>\n\t<meta name=\"twitter:data2\" content=\"1 minute\" \/>\n<script type=\"application\/ld+json\" class=\"yoast-schema-graph\">{\"@context\":\"https:\\\/\\\/schema.org\",\"@graph\":[{\"@type\":\"Article\",\"@id\":\"https:\\\/\\\/www.gold.fr\\\/news\\\/2013\\\/04\\\/26\\\/la-tunisie-plebiscite-son-or\\\/#article\",\"isPartOf\":{\"@id\":\"https:\\\/\\\/www.gold.fr\\\/news\\\/2013\\\/04\\\/26\\\/la-tunisie-plebiscite-son-or\\\/\"},\"author\":{\"name\":\"Comptoir National de l'Or\",\"@id\":\"https:\\\/\\\/www.gold.fr\\\/news\\\/#\\\/schema\\\/person\\\/070491b4b4fb7671bf59b3be20302ce9\"},\"headline\":\"La Tunisie pl\u00e9biscite son or\",\"datePublished\":\"2013-04-26T15:00:35+00:00\",\"dateModified\":\"2017-11-02T10:33:56+00:00\",\"mainEntityOfPage\":{\"@id\":\"https:\\\/\\\/www.gold.fr\\\/news\\\/2013\\\/04\\\/26\\\/la-tunisie-plebiscite-son-or\\\/\"},\"wordCount\":314,\"commentCount\":2,\"image\":{\"@id\":\"https:\\\/\\\/www.gold.fr\\\/news\\\/2013\\\/04\\\/26\\\/la-tunisie-plebiscite-son-or\\\/#primaryimage\"},\"thumbnailUrl\":\"https:\\\/\\\/www.gold.fr\\\/news\\\/wp-content\\\/uploads\\\/2013\\\/04\\\/drapeau-tunisien.jpg\",\"keywords\":[\"cours or\",\"or tunisien\",\"prix de l'or\",\"tunisie\"],\"articleSection\":[\"Articles de presse\"],\"inLanguage\":\"fr-FR\"},{\"@type\":\"WebPage\",\"@id\":\"https:\\\/\\\/www.gold.fr\\\/news\\\/2013\\\/04\\\/26\\\/la-tunisie-plebiscite-son-or\\\/\",\"url\":\"https:\\\/\\\/www.gold.fr\\\/news\\\/2013\\\/04\\\/26\\\/la-tunisie-plebiscite-son-or\\\/\",\"name\":\"La Tunisie pl\u00e9biscite son or - Gold.fr\",\"isPartOf\":{\"@id\":\"https:\\\/\\\/www.gold.fr\\\/news\\\/#website\"},\"primaryImageOfPage\":{\"@id\":\"https:\\\/\\\/www.gold.fr\\\/news\\\/2013\\\/04\\\/26\\\/la-tunisie-plebiscite-son-or\\\/#primaryimage\"},\"image\":{\"@id\":\"https:\\\/\\\/www.gold.fr\\\/news\\\/2013\\\/04\\\/26\\\/la-tunisie-plebiscite-son-or\\\/#primaryimage\"},\"thumbnailUrl\":\"https:\\\/\\\/www.gold.fr\\\/news\\\/wp-content\\\/uploads\\\/2013\\\/04\\\/drapeau-tunisien.jpg\",\"datePublished\":\"2013-04-26T15:00:35+00:00\",\"dateModified\":\"2017-11-02T10:33:56+00:00\",\"author\":{\"@id\":\"https:\\\/\\\/www.gold.fr\\\/news\\\/#\\\/schema\\\/person\\\/070491b4b4fb7671bf59b3be20302ce9\"},\"breadcrumb\":{\"@id\":\"https:\\\/\\\/www.gold.fr\\\/news\\\/2013\\\/04\\\/26\\\/la-tunisie-plebiscite-son-or\\\/#breadcrumb\"},\"inLanguage\":\"fr-FR\",\"potentialAction\":[{\"@type\":\"ReadAction\",\"target\":[\"https:\\\/\\\/www.gold.fr\\\/news\\\/2013\\\/04\\\/26\\\/la-tunisie-plebiscite-son-or\\\/\"]}]},{\"@type\":\"ImageObject\",\"inLanguage\":\"fr-FR\",\"@id\":\"https:\\\/\\\/www.gold.fr\\\/news\\\/2013\\\/04\\\/26\\\/la-tunisie-plebiscite-son-or\\\/#primaryimage\",\"url\":\"https:\\\/\\\/www.gold.fr\\\/news\\\/wp-content\\\/uploads\\\/2013\\\/04\\\/drapeau-tunisien.jpg\",\"contentUrl\":\"https:\\\/\\\/www.gold.fr\\\/news\\\/wp-content\\\/uploads\\\/2013\\\/04\\\/drapeau-tunisien.jpg\",\"width\":\"600\",\"height\":\"350\",\"caption\":\"La Tunisie pl\u00e9biscite son or\"},{\"@type\":\"BreadcrumbList\",\"@id\":\"https:\\\/\\\/www.gold.fr\\\/news\\\/2013\\\/04\\\/26\\\/la-tunisie-plebiscite-son-or\\\/#breadcrumb\",\"itemListElement\":[{\"@type\":\"ListItem\",\"position\":1,\"name\":\"Accueil\",\"item\":\"https:\\\/\\\/www.gold.fr\\\/\"},{\"@type\":\"ListItem\",\"position\":2,\"name\":\"Actualit\u00e9s\",\"item\":\"https:\\\/\\\/www.gold.fr\\\/news\\\/\"},{\"@type\":\"ListItem\",\"position\":3,\"name\":\"La Tunisie pl\u00e9biscite son or\"}]},{\"@type\":\"WebSite\",\"@id\":\"https:\\\/\\\/www.gold.fr\\\/news\\\/#website\",\"url\":\"https:\\\/\\\/www.gold.fr\\\/news\\\/\",\"name\":\"Gold.fr\",\"description\":\"Actualit\u00e9s de l&#039;Or et des m\u00e9taux pr\u00e9cieux\",\"potentialAction\":[{\"@type\":\"SearchAction\",\"target\":{\"@type\":\"EntryPoint\",\"urlTemplate\":\"https:\\\/\\\/www.gold.fr\\\/news\\\/?s={search_term_string}\"},\"query-input\":{\"@type\":\"PropertyValueSpecification\",\"valueRequired\":true,\"valueName\":\"search_term_string\"}}],\"inLanguage\":\"fr-FR\"},{\"@type\":\"Person\",\"@id\":\"https:\\\/\\\/www.gold.fr\\\/news\\\/#\\\/schema\\\/person\\\/070491b4b4fb7671bf59b3be20302ce9\",\"name\":\"Comptoir National de l'Or\",\"image\":{\"@type\":\"ImageObject\",\"inLanguage\":\"fr-FR\",\"@id\":\"https:\\\/\\\/secure.gravatar.com\\\/avatar\\\/0a2867fd5abe37bed95d5a65e9d58f01756e11efc68af9888dfc50cfa7f65948?s=96&d=mm&r=gb490554db0a38188709de567aa58480d\",\"url\":\"https:\\\/\\\/secure.gravatar.com\\\/avatar\\\/0a2867fd5abe37bed95d5a65e9d58f01756e11efc68af9888dfc50cfa7f65948?s=96&d=mm&r=g\",\"contentUrl\":\"https:\\\/\\\/secure.gravatar.com\\\/avatar\\\/0a2867fd5abe37bed95d5a65e9d58f01756e11efc68af9888dfc50cfa7f65948?s=96&d=mm&r=g\",\"caption\":\"Comptoir National de l'Or\"},\"description\":\"Notre r\u00e9daction est constitu\u00e9e de membres experts dans les m\u00e9tiers de l'\u00e9conomie et la gestion, des Responsables d'agence Comptoir National de l'Or, des analystes financiers qui publient r\u00e9guli\u00e8rement des \u00e9tudes sur les politiques des banques centrales, le cours de l'or, prix de l'or, cours de l'argent, prix de l'argent, cours du platine, cours du palladium,... la situation en zone euro et l'impact de la strat\u00e9gie mon\u00e9taire de la FED. Notre \u00e9quipe scrute \u00e9galement une information plus g\u00e9n\u00e9raliste \u00e0 la recherche d'actualit\u00e9 \\\"p\u00e9pite\\\" \u00e0 vous partager. Depuis 5 ans, nous avons publi\u00e9 un peu plus de 4000 articles qui s'adressent \u00e0 un public large et vari\u00e9 ayant pour objectif de satisfaire votre curiosit\u00e9 et de partager avec vous une certaine fascination pour le m\u00e9tal jaune, le rachat d'or, et pour ceux qui veulent investir dans l'or, vendre leur or tout simplement en savoir plus... Pour tous vos achat or et argent, n'h\u00e9sitez pas \u00e0 prendre rendez-vous dans l'un de nos nombreux comptoirs.\",\"sameAs\":[\"https:\\\/\\\/www.gold.fr\"]}]}<\/script>\n<!-- \/ Yoast SEO plugin. -->","yoast_head_json":{"title":"La Tunisie pl\u00e9biscite son or - Gold.fr","robots":{"index":"index","follow":"follow","max-snippet":"max-snippet:-1","max-image-preview":"max-image-preview:large","max-video-preview":"max-video-preview:-1"},"canonical":"https:\/\/www.gold.fr\/news\/2013\/04\/26\/la-tunisie-plebiscite-son-or\/","og_locale":"fr_FR","og_type":"article","og_title":"La Tunisie pl\u00e9biscite son or - Gold.fr","og_description":"Dans la lign\u00e9e des pays qui cherchent \u00e0 prot\u00e9ger, r\u00e9cup\u00e9rer ou encore pl\u00e9bisciter leur m\u00e9tal jaune (Allemagne, Suisse, Alg\u00e9rie\u2026), la Tunisie offre un exemple assez \u00e9loquent. Le pr\u00e9sident de la chambre syndicale des bijoutiers tunisiens a [&hellip;]","og_url":"https:\/\/www.gold.fr\/news\/2013\/04\/26\/la-tunisie-plebiscite-son-or\/","og_site_name":"Gold.fr","article_publisher":"https:\/\/www.facebook.com\/Goldfr\/","article_published_time":"2013-04-26T15:00:35+00:00","article_modified_time":"2017-11-02T10:33:56+00:00","og_image":[{"width":600,"height":350,"url":"https:\/\/www.gold.fr\/news\/wp-content\/uploads\/2013\/04\/drapeau-tunisien.jpg","type":"image\/jpeg"}],"author":"Comptoir National de l'Or","twitter_card":"summary_large_image","twitter_misc":{"\u00c9crit par":"Comptoir National de l'Or","Dur\u00e9e de lecture estim\u00e9e":"1 minute"},"schema":{"@context":"https:\/\/schema.org","@graph":[{"@type":"Article","@id":"https:\/\/www.gold.fr\/news\/2013\/04\/26\/la-tunisie-plebiscite-son-or\/#article","isPartOf":{"@id":"https:\/\/www.gold.fr\/news\/2013\/04\/26\/la-tunisie-plebiscite-son-or\/"},"author":{"name":"Comptoir National de l'Or","@id":"https:\/\/www.gold.fr\/news\/#\/schema\/person\/070491b4b4fb7671bf59b3be20302ce9"},"headline":"La Tunisie pl\u00e9biscite son or","datePublished":"2013-04-26T15:00:35+00:00","dateModified":"2017-11-02T10:33:56+00:00","mainEntityOfPage":{"@id":"https:\/\/www.gold.fr\/news\/2013\/04\/26\/la-tunisie-plebiscite-son-or\/"},"wordCount":314,"commentCount":2,"image":{"@id":"https:\/\/www.gold.fr\/news\/2013\/04\/26\/la-tunisie-plebiscite-son-or\/#primaryimage"},"thumbnailUrl":"https:\/\/www.gold.fr\/news\/wp-content\/uploads\/2013\/04\/drapeau-tunisien.jpg","keywords":["cours or","or tunisien","prix de l'or","tunisie"],"articleSection":["Articles de presse"],"inLanguage":"fr-FR"},{"@type":"WebPage","@id":"https:\/\/www.gold.fr\/news\/2013\/04\/26\/la-tunisie-plebiscite-son-or\/","url":"https:\/\/www.gold.fr\/news\/2013\/04\/26\/la-tunisie-plebiscite-son-or\/","name":"La Tunisie pl\u00e9biscite son or - Gold.fr","isPartOf":{"@id":"https:\/\/www.gold.fr\/news\/#website"},"primaryImageOfPage":{"@id":"https:\/\/www.gold.fr\/news\/2013\/04\/26\/la-tunisie-plebiscite-son-or\/#primaryimage"},"image":{"@id":"https:\/\/www.gold.fr\/news\/2013\/04\/26\/la-tunisie-plebiscite-son-or\/#primaryimage"},"thumbnailUrl":"https:\/\/www.gold.fr\/news\/wp-content\/uploads\/2013\/04\/drapeau-tunisien.jpg","datePublished":"2013-04-26T15:00:35+00:00","dateModified":"2017-11-02T10:33:56+00:00","author":{"@id":"https:\/\/www.gold.fr\/news\/#\/schema\/person\/070491b4b4fb7671bf59b3be20302ce9"},"breadcrumb":{"@id":"https:\/\/www.gold.fr\/news\/2013\/04\/26\/la-tunisie-plebiscite-son-or\/#breadcrumb"},"inLanguage":"fr-FR","potentialAction":[{"@type":"ReadAction","target":["https:\/\/www.gold.fr\/news\/2013\/04\/26\/la-tunisie-plebiscite-son-or\/"]}]},{"@type":"ImageObject","inLanguage":"fr-FR","@id":"https:\/\/www.gold.fr\/news\/2013\/04\/26\/la-tunisie-plebiscite-son-or\/#primaryimage","url":"https:\/\/www.gold.fr\/news\/wp-content\/uploads\/2013\/04\/drapeau-tunisien.jpg","contentUrl":"https:\/\/www.gold.fr\/news\/wp-content\/uploads\/2013\/04\/drapeau-tunisien.jpg","width":"600","height":"350","caption":"La Tunisie pl\u00e9biscite son or"},{"@type":"BreadcrumbList","@id":"https:\/\/www.gold.fr\/news\/2013\/04\/26\/la-tunisie-plebiscite-son-or\/#breadcrumb","itemListElement":[{"@type":"ListItem","position":1,"name":"Accueil","item":"https:\/\/www.gold.fr\/"},{"@type":"ListItem","position":2,"name":"Actualit\u00e9s","item":"https:\/\/www.gold.fr\/news\/"},{"@type":"ListItem","position":3,"name":"La Tunisie pl\u00e9biscite son or"}]},{"@type":"WebSite","@id":"https:\/\/www.gold.fr\/news\/#website","url":"https:\/\/www.gold.fr\/news\/","name":"Gold.fr","description":"Actualit\u00e9s de l&#039;Or et des m\u00e9taux pr\u00e9cieux","potentialAction":[{"@type":"SearchAction","target":{"@type":"EntryPoint","urlTemplate":"https:\/\/www.gold.fr\/news\/?s={search_term_string}"},"query-input":{"@type":"PropertyValueSpecification","valueRequired":true,"valueName":"search_term_string"}}],"inLanguage":"fr-FR"},{"@type":"Person","@id":"https:\/\/www.gold.fr\/news\/#\/schema\/person\/070491b4b4fb7671bf59b3be20302ce9","name":"Comptoir National de l'Or","image":{"@type":"ImageObject","inLanguage":"fr-FR","@id":"https:\/\/secure.gravatar.com\/avatar\/0a2867fd5abe37bed95d5a65e9d58f01756e11efc68af9888dfc50cfa7f65948?s=96&d=mm&r=gb490554db0a38188709de567aa58480d","url":"https:\/\/secure.gravatar.com\/avatar\/0a2867fd5abe37bed95d5a65e9d58f01756e11efc68af9888dfc50cfa7f65948?s=96&d=mm&r=g","contentUrl":"https:\/\/secure.gravatar.com\/avatar\/0a2867fd5abe37bed95d5a65e9d58f01756e11efc68af9888dfc50cfa7f65948?s=96&d=mm&r=g","caption":"Comptoir National de l'Or"},"description":"Notre r\u00e9daction est constitu\u00e9e de membres experts dans les m\u00e9tiers de l'\u00e9conomie et la gestion, des Responsables d'agence Comptoir National de l'Or, des analystes financiers qui publient r\u00e9guli\u00e8rement des \u00e9tudes sur les politiques des banques centrales, le cours de l'or, prix de l'or, cours de l'argent, prix de l'argent, cours du platine, cours du palladium,... la situation en zone euro et l'impact de la strat\u00e9gie mon\u00e9taire de la FED. Notre \u00e9quipe scrute \u00e9galement une information plus g\u00e9n\u00e9raliste \u00e0 la recherche d'actualit\u00e9 \"p\u00e9pite\" \u00e0 vous partager. Depuis 5 ans, nous avons publi\u00e9 un peu plus de 4000 articles qui s'adressent \u00e0 un public large et vari\u00e9 ayant pour objectif de satisfaire votre curiosit\u00e9 et de partager avec vous une certaine fascination pour le m\u00e9tal jaune, le rachat d'or, et pour ceux qui veulent investir dans l'or, vendre leur or tout simplement en savoir plus... Pour tous vos achat or et argent, n'h\u00e9sitez pas \u00e0 prendre rendez-vous dans l'un de nos nombreux comptoirs.","sameAs":["https:\/\/www.gold.fr"]}]}},"authors":[{"term_id":2565,"user_id":18,"is_guest":0,"slug":"julie","display_name":"Comptoir National de l'Or","avatar_url":"https:\/\/secure.gravatar.com\/avatar\/713f289e398d35ead876c4a4cc08607f0d6d266058cfc25683fffb6092d0e572?s=96&d=mm&r=g","0":null,"1":"","2":"","3":"","4":"","5":"","6":"","7":"","8":""}],"_links":{"self":[{"href":"https:\/\/www.gold.fr\/news\/wp-json\/wp\/v2\/posts\/11531","targetHints":{"allow":["GET"]}}],"collection":[{"href":"https:\/\/www.gold.fr\/news\/wp-json\/wp\/v2\/posts"}],"about":[{"href":"https:\/\/www.gold.fr\/news\/wp-json\/wp\/v2\/types\/post"}],"author":[{"embeddable":true,"href":"https:\/\/www.gold.fr\/news\/wp-json\/wp\/v2\/users\/18"}],"replies":[{"embeddable":true,"href":"https:\/\/www.gold.fr\/news\/wp-json\/wp\/v2\/comments?post=11531"}],"version-history":[{"count":0,"href":"https:\/\/www.gold.fr\/news\/wp-json\/wp\/v2\/posts\/11531\/revisions"}],"wp:featuredmedia":[{"embeddable":true,"href":"https:\/\/www.gold.fr\/news\/wp-json\/wp\/v2\/media\/11532"}],"wp:attachment":[{"href":"https:\/\/www.gold.fr\/news\/wp-json\/wp\/v2\/media?parent=11531"}],"wp:term":[{"taxonomy":"category","embeddable":true,"href":"https:\/\/www.gold.fr\/news\/wp-json\/wp\/v2\/categories?post=11531"},{"taxonomy":"post_tag","embeddable":true,"href":"https:\/\/www.gold.fr\/news\/wp-json\/wp\/v2\/tags?post=11531"},{"taxonomy":"author","embeddable":true,"href":"https:\/\/www.gold.fr\/news\/wp-json\/wp\/v2\/ppma_author?post=11531"}],"curies":[{"name":"wp","href":"https:\/\/api.w.org\/{rel}","templated":true}]}}