{"id":11507,"date":"2013-04-25T09:00:58","date_gmt":"2013-04-25T07:00:58","guid":{"rendered":"https:\/\/www.gold.fr\/news\/?p=11507"},"modified":"2017-10-26T19:00:59","modified_gmt":"2017-10-26T17:00:59","slug":"evolution-de-lor-le-retour-de-grace","status":"publish","type":"post","link":"https:\/\/www.gold.fr\/news\/2013\/04\/25\/evolution-de-lor-le-retour-de-grace\/","title":{"rendered":"Evolution de l\u2019or \u2013 Le retour de gr\u00e2ce"},"content":{"rendered":"<p><span style=\"font-size: small;\"><img loading=\"lazy\" decoding=\"async\" class=\"alignleft size-thumbnail wp-image-3395\" title=\"Evolution de l\u2019or \u2013 Le retour de gr\u00e2ce\" src=\"https:\/\/www.gold.fr\/news\/wp-content\/uploads\/2011\/11\/Once-or-2-150x150.jpg\" alt=\"\" width=\"150\" height=\"150\" \/>Depuis <a title=\"L\u2019or remonte, boost\u00e9 par la confiance mondiale\" href=\"https:\/\/www.gold.fr\/news\/2013\/04\/19\/lor-remonte-booste-par-la-confiance-mondiale\/11474\/\" target=\"_blank\">le milieu de la semaine derni\u00e8re<\/a>, les signes de reprise avaient d\u00e9j\u00e0 fait leur apparition discr\u00e8te. Le <a href='https:\/\/www.gold.fr\/news\/tags\/or' class='esk-seo-plu-link'>m\u00e9tal jaune<\/a> reprenait lentement la hausse, donnant, dans la foul\u00e9e, un coup de pouce salvateur aux autres m\u00e9taux pr\u00e9cieux (<a href='https:\/\/www.gold.fr\/news\/tags\/argent' class='esk-seo-plu-link'>argent<\/a>, cuivre\u2026), mais \u00e9galement au p\u00e9trole.<\/span>    <span style=\"font-size: small;\"> Le creux s\u00e9v\u00e8re, subi il y a une semaine par l&rsquo;<a href='https:\/\/www.gold.fr\/news\/tags\/or' class='esk-seo-plu-link'>or<\/a>, \u00e9tait \u00ab <em>pr\u00e9visible <\/em>\u00bb, d&rsquo;apr\u00e8s la plupart des observateurs du march\u00e9. <a title=\"La Chine renforce la correction de l\u2019or\" href=\"https:\/\/www.gold.fr\/news\/2013\/04\/15\/la-chine-renforce-la-correction-de-lor\/11383\/\" target=\"_blank\">La Chine<\/a> avait donn\u00e9 le coup d&rsquo;envoi de ce repli, avec l&rsquo;annonce du \u00ab <em>ralentissement de sa croissance<\/em> \u00bb (<strong>premier trimestre 2013<\/strong>). Rappelons que <a title=\"La banque du Japon \u00e0 la rescousse de l\u2019\u00e9conomie nationale\" href=\"https:\/\/www.gold.fr\/news\/2013\/04\/17\/la-banque-du-japon-a-la-rescousse-de-leconomie-nationale\/11359\/\" target=\"_blank\">l\u2019Asie<\/a>, en g\u00e9n\u00e9ral, et la Chine, en particulier, demeurent parmi les plus gros consommateurs de <a href='https:\/\/www.gold.fr\/news\/tags\/or' class='esk-seo-plu-link'>m\u00e9tal jaune<\/a> dans le monde.<\/span>    <span style=\"font-size: small;\"> Puis le <a title=\"Chypre et baisse de l\u2019or : Quel est le rapport ?\" href=\"https:\/\/www.gold.fr\/news\/2013\/04\/24\/chypre-et-baisse-de-lor-quel-est-le-rapport\/11503\/\" target=\"_blank\">gouvernement chypriote<\/a>, dans une tentative de sauver les meubles, a annonc\u00e9 son intention (non confirm\u00e9e, \u00e0 ce jour) de vendre une part de ses r\u00e9serves d&rsquo;<a href='https:\/\/www.gold.fr\/news\/tags\/or' class='esk-seo-plu-link'>or<\/a>. L&rsquo;\u00eele esp\u00e8re ainsi arriver \u00e0 assurer le financement du plan de sauvetage bancaire pour lequel elle a opt\u00e9. Cette possibilit\u00e9 a vite fait de raviver les inqui\u00e9tudes relatives \u00e0 la solidit\u00e9 de l&rsquo;\u00e9conomie du bloc euro, dans son ensemble.<\/span>    <span style=\"font-size: small;\"> Et la <strong>FED<\/strong> a enfin d\u00e9cid\u00e9 de rajouter son grain de sel, annon\u00e7ant, \u00e0 son tour, la possibilit\u00e9 (pas non plus confirm\u00e9e) de diminuer \u2013voire, \u00e9ventuellement, mettre un terme- \u00e0 sa strat\u00e9gie d&rsquo;assouplissements mon\u00e9taires.<\/span>  <span style=\"font-size: small;\"> Bref ; <a title=\"Evolution de l\u2019or : Retour sur une dure semaine\" href=\"https:\/\/www.gold.fr\/news\/2013\/04\/22\/evolution-de-lor-retour-sur-une-dure-semaine\/11495\/\" target=\"_blank\">la semaine \u00e9tait un v\u00e9ritable parcours du combattant<\/a> que l&rsquo;<a href='https:\/\/www.gold.fr\/news\/tags\/or' class='esk-seo-plu-link'>or<\/a> a pu traverser et d\u00e9passer avec succ\u00e8s.<\/span>    <span style=\"font-size: small;\"> A l&rsquo;ouverture de <a title=\"L\u2019or toujours en hausse, les r\u00e9sultats US en vue\" href=\"https:\/\/www.gold.fr\/news\/2013\/04\/22\/lor-toujours-en-hausse-les-resultats-us-en-vue\/11493\/\" target=\"_blank\">la s\u00e9ance du lundi 22 avril<\/a>, le <a href='https:\/\/www.gold.fr\/news\/tags\/or' class='esk-seo-plu-link'>m\u00e9tal jaune<\/a> reprenait une bonne part de ses couleurs dor\u00e9es et marquait un rebondissement haussier de plus de <strong><a href='https:\/\/www.gold.fr\/news\/tags\/piece-dor' class='esk-seo-plu-link'>20 dollars<\/a><\/strong>.<\/span><\/p>\n<!-- AddThis Advanced Settings generic via filter on the_content --><!-- AddThis Share Buttons generic via filter on the_content -->","protected":false},"excerpt":{"rendered":"<p>Depuis le milieu de la semaine derni\u00e8re, les signes de reprise avaient d\u00e9j\u00e0 fait leur apparition discr\u00e8te. Le m\u00e9tal jaune reprenait lentement la hausse, donnant, dans la foul\u00e9e, un coup de pouce salvateur aux autres m\u00e9taux [&hellip;]<\/p>\n","protected":false},"author":18,"featured_media":3395,"comment_status":"open","ping_status":"open","sticky":false,"template":"","format":"standard","meta":{"_mbp_gutenberg_autopost":false,"_pgmb_is_evergreen":false,"_pgmb_ap_template_id":0,"footnotes":""},"categories":[6],"tags":[423,146,1214,961,1167],"ppma_author":[2565],"class_list":["post-11507","post","type-post","status-publish","format-standard","has-post-thumbnail","hentry","category-articles-de-presse","tag-asie","tag-chine","tag-chypre","tag-cours-or","tag-evolution-or"],"yoast_head":"<!-- This site is optimized with the Yoast SEO plugin v27.5 - https:\/\/yoast.com\/product\/yoast-seo-wordpress\/ -->\n<title>Evolution de l\u2019or \u2013 Le retour de gr\u00e2ce - Gold.fr<\/title>\n<meta name=\"robots\" content=\"index, follow, max-snippet:-1, max-image-preview:large, max-video-preview:-1\" \/>\n<link rel=\"canonical\" href=\"https:\/\/www.gold.fr\/news\/2013\/04\/25\/evolution-de-lor-le-retour-de-grace\/\" \/>\n<meta property=\"og:locale\" content=\"fr_FR\" \/>\n<meta property=\"og:type\" content=\"article\" \/>\n<meta property=\"og:title\" content=\"Evolution de l\u2019or \u2013 Le retour de gr\u00e2ce - Gold.fr\" \/>\n<meta property=\"og:description\" content=\"Depuis le milieu de la semaine derni\u00e8re, les signes de reprise avaient d\u00e9j\u00e0 fait leur apparition discr\u00e8te. Le m\u00e9tal jaune reprenait lentement la hausse, donnant, dans la foul\u00e9e, un coup de pouce salvateur aux autres m\u00e9taux [&hellip;]\" \/>\n<meta property=\"og:url\" content=\"https:\/\/www.gold.fr\/news\/2013\/04\/25\/evolution-de-lor-le-retour-de-grace\/\" \/>\n<meta property=\"og:site_name\" content=\"Gold.fr\" \/>\n<meta property=\"article:publisher\" content=\"https:\/\/www.facebook.com\/Goldfr\/\" \/>\n<meta property=\"article:published_time\" content=\"2013-04-25T07:00:58+00:00\" \/>\n<meta property=\"article:modified_time\" content=\"2017-10-26T17:00:59+00:00\" \/>\n<meta property=\"og:image\" content=\"https:\/\/www.gold.fr\/news\/wp-content\/uploads\/2011\/11\/Once-or-2-e1320242655984.jpg\" \/>\n\t<meta property=\"og:image:width\" content=\"600\" \/>\n\t<meta property=\"og:image:height\" content=\"404\" \/>\n\t<meta property=\"og:image:type\" content=\"image\/jpeg\" \/>\n<meta name=\"author\" content=\"Comptoir National de l&#039;Or\" \/>\n<meta name=\"twitter:card\" content=\"summary_large_image\" \/>\n<meta name=\"twitter:label1\" content=\"\u00c9crit par\" \/>\n\t<meta name=\"twitter:data1\" content=\"Comptoir National de l&#039;Or\" \/>\n\t<meta name=\"twitter:label2\" content=\"Dur\u00e9e de lecture estim\u00e9e\" \/>\n\t<meta name=\"twitter:data2\" content=\"1 minute\" \/>\n<script type=\"application\/ld+json\" class=\"yoast-schema-graph\">{\"@context\":\"https:\\\/\\\/schema.org\",\"@graph\":[{\"@type\":\"Article\",\"@id\":\"https:\\\/\\\/www.gold.fr\\\/news\\\/2013\\\/04\\\/25\\\/evolution-de-lor-le-retour-de-grace\\\/#article\",\"isPartOf\":{\"@id\":\"https:\\\/\\\/www.gold.fr\\\/news\\\/2013\\\/04\\\/25\\\/evolution-de-lor-le-retour-de-grace\\\/\"},\"author\":{\"name\":\"Comptoir National de l'Or\",\"@id\":\"https:\\\/\\\/www.gold.fr\\\/news\\\/#\\\/schema\\\/person\\\/070491b4b4fb7671bf59b3be20302ce9\"},\"headline\":\"Evolution de l\u2019or \u2013 Le retour de gr\u00e2ce\",\"datePublished\":\"2013-04-25T07:00:58+00:00\",\"dateModified\":\"2017-10-26T17:00:59+00:00\",\"mainEntityOfPage\":{\"@id\":\"https:\\\/\\\/www.gold.fr\\\/news\\\/2013\\\/04\\\/25\\\/evolution-de-lor-le-retour-de-grace\\\/\"},\"wordCount\":296,\"commentCount\":0,\"image\":{\"@id\":\"https:\\\/\\\/www.gold.fr\\\/news\\\/2013\\\/04\\\/25\\\/evolution-de-lor-le-retour-de-grace\\\/#primaryimage\"},\"thumbnailUrl\":\"https:\\\/\\\/www.gold.fr\\\/news\\\/wp-content\\\/uploads\\\/2011\\\/11\\\/Once-or-2-e1320242655984.jpg\",\"keywords\":[\"asie\",\"chine\",\"Chypre\",\"cours or\",\"evolution or\"],\"articleSection\":[\"Articles de presse\"],\"inLanguage\":\"fr-FR\"},{\"@type\":\"WebPage\",\"@id\":\"https:\\\/\\\/www.gold.fr\\\/news\\\/2013\\\/04\\\/25\\\/evolution-de-lor-le-retour-de-grace\\\/\",\"url\":\"https:\\\/\\\/www.gold.fr\\\/news\\\/2013\\\/04\\\/25\\\/evolution-de-lor-le-retour-de-grace\\\/\",\"name\":\"Evolution de l\u2019or \u2013 Le retour de gr\u00e2ce - Gold.fr\",\"isPartOf\":{\"@id\":\"https:\\\/\\\/www.gold.fr\\\/news\\\/#website\"},\"primaryImageOfPage\":{\"@id\":\"https:\\\/\\\/www.gold.fr\\\/news\\\/2013\\\/04\\\/25\\\/evolution-de-lor-le-retour-de-grace\\\/#primaryimage\"},\"image\":{\"@id\":\"https:\\\/\\\/www.gold.fr\\\/news\\\/2013\\\/04\\\/25\\\/evolution-de-lor-le-retour-de-grace\\\/#primaryimage\"},\"thumbnailUrl\":\"https:\\\/\\\/www.gold.fr\\\/news\\\/wp-content\\\/uploads\\\/2011\\\/11\\\/Once-or-2-e1320242655984.jpg\",\"datePublished\":\"2013-04-25T07:00:58+00:00\",\"dateModified\":\"2017-10-26T17:00:59+00:00\",\"author\":{\"@id\":\"https:\\\/\\\/www.gold.fr\\\/news\\\/#\\\/schema\\\/person\\\/070491b4b4fb7671bf59b3be20302ce9\"},\"breadcrumb\":{\"@id\":\"https:\\\/\\\/www.gold.fr\\\/news\\\/2013\\\/04\\\/25\\\/evolution-de-lor-le-retour-de-grace\\\/#breadcrumb\"},\"inLanguage\":\"fr-FR\",\"potentialAction\":[{\"@type\":\"ReadAction\",\"target\":[\"https:\\\/\\\/www.gold.fr\\\/news\\\/2013\\\/04\\\/25\\\/evolution-de-lor-le-retour-de-grace\\\/\"]}]},{\"@type\":\"ImageObject\",\"inLanguage\":\"fr-FR\",\"@id\":\"https:\\\/\\\/www.gold.fr\\\/news\\\/2013\\\/04\\\/25\\\/evolution-de-lor-le-retour-de-grace\\\/#primaryimage\",\"url\":\"https:\\\/\\\/www.gold.fr\\\/news\\\/wp-content\\\/uploads\\\/2011\\\/11\\\/Once-or-2-e1320242655984.jpg\",\"contentUrl\":\"https:\\\/\\\/www.gold.fr\\\/news\\\/wp-content\\\/uploads\\\/2011\\\/11\\\/Once-or-2-e1320242655984.jpg\",\"width\":\"600\",\"height\":\"404\",\"caption\":\"L\u2019once toujours dans le vert\"},{\"@type\":\"BreadcrumbList\",\"@id\":\"https:\\\/\\\/www.gold.fr\\\/news\\\/2013\\\/04\\\/25\\\/evolution-de-lor-le-retour-de-grace\\\/#breadcrumb\",\"itemListElement\":[{\"@type\":\"ListItem\",\"position\":1,\"name\":\"Accueil\",\"item\":\"https:\\\/\\\/www.gold.fr\\\/\"},{\"@type\":\"ListItem\",\"position\":2,\"name\":\"Actualit\u00e9s\",\"item\":\"https:\\\/\\\/www.gold.fr\\\/news\\\/\"},{\"@type\":\"ListItem\",\"position\":3,\"name\":\"Evolution de l\u2019or \u2013 Le retour de gr\u00e2ce\"}]},{\"@type\":\"WebSite\",\"@id\":\"https:\\\/\\\/www.gold.fr\\\/news\\\/#website\",\"url\":\"https:\\\/\\\/www.gold.fr\\\/news\\\/\",\"name\":\"Gold.fr\",\"description\":\"Actualit\u00e9s de l&#039;Or et des m\u00e9taux pr\u00e9cieux\",\"potentialAction\":[{\"@type\":\"SearchAction\",\"target\":{\"@type\":\"EntryPoint\",\"urlTemplate\":\"https:\\\/\\\/www.gold.fr\\\/news\\\/?s={search_term_string}\"},\"query-input\":{\"@type\":\"PropertyValueSpecification\",\"valueRequired\":true,\"valueName\":\"search_term_string\"}}],\"inLanguage\":\"fr-FR\"},{\"@type\":\"Person\",\"@id\":\"https:\\\/\\\/www.gold.fr\\\/news\\\/#\\\/schema\\\/person\\\/070491b4b4fb7671bf59b3be20302ce9\",\"name\":\"Comptoir National de l'Or\",\"image\":{\"@type\":\"ImageObject\",\"inLanguage\":\"fr-FR\",\"@id\":\"https:\\\/\\\/secure.gravatar.com\\\/avatar\\\/0a2867fd5abe37bed95d5a65e9d58f01756e11efc68af9888dfc50cfa7f65948?s=96&d=mm&r=gb490554db0a38188709de567aa58480d\",\"url\":\"https:\\\/\\\/secure.gravatar.com\\\/avatar\\\/0a2867fd5abe37bed95d5a65e9d58f01756e11efc68af9888dfc50cfa7f65948?s=96&d=mm&r=g\",\"contentUrl\":\"https:\\\/\\\/secure.gravatar.com\\\/avatar\\\/0a2867fd5abe37bed95d5a65e9d58f01756e11efc68af9888dfc50cfa7f65948?s=96&d=mm&r=g\",\"caption\":\"Comptoir National de l'Or\"},\"description\":\"Notre r\u00e9daction est constitu\u00e9e de membres experts dans les m\u00e9tiers de l'\u00e9conomie et la gestion, des Responsables d'agence Comptoir National de l'Or, des analystes financiers qui publient r\u00e9guli\u00e8rement des \u00e9tudes sur les politiques des banques centrales, le cours de l'or, prix de l'or, cours de l'argent, prix de l'argent, cours du platine, cours du palladium,... la situation en zone euro et l'impact de la strat\u00e9gie mon\u00e9taire de la FED. Notre \u00e9quipe scrute \u00e9galement une information plus g\u00e9n\u00e9raliste \u00e0 la recherche d'actualit\u00e9 \\\"p\u00e9pite\\\" \u00e0 vous partager. Depuis 5 ans, nous avons publi\u00e9 un peu plus de 4000 articles qui s'adressent \u00e0 un public large et vari\u00e9 ayant pour objectif de satisfaire votre curiosit\u00e9 et de partager avec vous une certaine fascination pour le m\u00e9tal jaune, le rachat d'or, et pour ceux qui veulent investir dans l'or, vendre leur or tout simplement en savoir plus... Pour tous vos achat or et argent, n'h\u00e9sitez pas \u00e0 prendre rendez-vous dans l'un de nos nombreux comptoirs.\",\"sameAs\":[\"https:\\\/\\\/www.gold.fr\"]}]}<\/script>\n<!-- \/ Yoast SEO plugin. -->","yoast_head_json":{"title":"Evolution de l\u2019or \u2013 Le retour de gr\u00e2ce - Gold.fr","robots":{"index":"index","follow":"follow","max-snippet":"max-snippet:-1","max-image-preview":"max-image-preview:large","max-video-preview":"max-video-preview:-1"},"canonical":"https:\/\/www.gold.fr\/news\/2013\/04\/25\/evolution-de-lor-le-retour-de-grace\/","og_locale":"fr_FR","og_type":"article","og_title":"Evolution de l\u2019or \u2013 Le retour de gr\u00e2ce - Gold.fr","og_description":"Depuis le milieu de la semaine derni\u00e8re, les signes de reprise avaient d\u00e9j\u00e0 fait leur apparition discr\u00e8te. Le m\u00e9tal jaune reprenait lentement la hausse, donnant, dans la foul\u00e9e, un coup de pouce salvateur aux autres m\u00e9taux [&hellip;]","og_url":"https:\/\/www.gold.fr\/news\/2013\/04\/25\/evolution-de-lor-le-retour-de-grace\/","og_site_name":"Gold.fr","article_publisher":"https:\/\/www.facebook.com\/Goldfr\/","article_published_time":"2013-04-25T07:00:58+00:00","article_modified_time":"2017-10-26T17:00:59+00:00","og_image":[{"width":600,"height":404,"url":"https:\/\/www.gold.fr\/news\/wp-content\/uploads\/2011\/11\/Once-or-2-e1320242655984.jpg","type":"image\/jpeg"}],"author":"Comptoir National de l'Or","twitter_card":"summary_large_image","twitter_misc":{"\u00c9crit par":"Comptoir National de l'Or","Dur\u00e9e de lecture estim\u00e9e":"1 minute"},"schema":{"@context":"https:\/\/schema.org","@graph":[{"@type":"Article","@id":"https:\/\/www.gold.fr\/news\/2013\/04\/25\/evolution-de-lor-le-retour-de-grace\/#article","isPartOf":{"@id":"https:\/\/www.gold.fr\/news\/2013\/04\/25\/evolution-de-lor-le-retour-de-grace\/"},"author":{"name":"Comptoir National de l'Or","@id":"https:\/\/www.gold.fr\/news\/#\/schema\/person\/070491b4b4fb7671bf59b3be20302ce9"},"headline":"Evolution de l\u2019or \u2013 Le retour de gr\u00e2ce","datePublished":"2013-04-25T07:00:58+00:00","dateModified":"2017-10-26T17:00:59+00:00","mainEntityOfPage":{"@id":"https:\/\/www.gold.fr\/news\/2013\/04\/25\/evolution-de-lor-le-retour-de-grace\/"},"wordCount":296,"commentCount":0,"image":{"@id":"https:\/\/www.gold.fr\/news\/2013\/04\/25\/evolution-de-lor-le-retour-de-grace\/#primaryimage"},"thumbnailUrl":"https:\/\/www.gold.fr\/news\/wp-content\/uploads\/2011\/11\/Once-or-2-e1320242655984.jpg","keywords":["asie","chine","Chypre","cours or","evolution or"],"articleSection":["Articles de presse"],"inLanguage":"fr-FR"},{"@type":"WebPage","@id":"https:\/\/www.gold.fr\/news\/2013\/04\/25\/evolution-de-lor-le-retour-de-grace\/","url":"https:\/\/www.gold.fr\/news\/2013\/04\/25\/evolution-de-lor-le-retour-de-grace\/","name":"Evolution de l\u2019or \u2013 Le retour de gr\u00e2ce - Gold.fr","isPartOf":{"@id":"https:\/\/www.gold.fr\/news\/#website"},"primaryImageOfPage":{"@id":"https:\/\/www.gold.fr\/news\/2013\/04\/25\/evolution-de-lor-le-retour-de-grace\/#primaryimage"},"image":{"@id":"https:\/\/www.gold.fr\/news\/2013\/04\/25\/evolution-de-lor-le-retour-de-grace\/#primaryimage"},"thumbnailUrl":"https:\/\/www.gold.fr\/news\/wp-content\/uploads\/2011\/11\/Once-or-2-e1320242655984.jpg","datePublished":"2013-04-25T07:00:58+00:00","dateModified":"2017-10-26T17:00:59+00:00","author":{"@id":"https:\/\/www.gold.fr\/news\/#\/schema\/person\/070491b4b4fb7671bf59b3be20302ce9"},"breadcrumb":{"@id":"https:\/\/www.gold.fr\/news\/2013\/04\/25\/evolution-de-lor-le-retour-de-grace\/#breadcrumb"},"inLanguage":"fr-FR","potentialAction":[{"@type":"ReadAction","target":["https:\/\/www.gold.fr\/news\/2013\/04\/25\/evolution-de-lor-le-retour-de-grace\/"]}]},{"@type":"ImageObject","inLanguage":"fr-FR","@id":"https:\/\/www.gold.fr\/news\/2013\/04\/25\/evolution-de-lor-le-retour-de-grace\/#primaryimage","url":"https:\/\/www.gold.fr\/news\/wp-content\/uploads\/2011\/11\/Once-or-2-e1320242655984.jpg","contentUrl":"https:\/\/www.gold.fr\/news\/wp-content\/uploads\/2011\/11\/Once-or-2-e1320242655984.jpg","width":"600","height":"404","caption":"L\u2019once toujours dans le vert"},{"@type":"BreadcrumbList","@id":"https:\/\/www.gold.fr\/news\/2013\/04\/25\/evolution-de-lor-le-retour-de-grace\/#breadcrumb","itemListElement":[{"@type":"ListItem","position":1,"name":"Accueil","item":"https:\/\/www.gold.fr\/"},{"@type":"ListItem","position":2,"name":"Actualit\u00e9s","item":"https:\/\/www.gold.fr\/news\/"},{"@type":"ListItem","position":3,"name":"Evolution de l\u2019or \u2013 Le retour de gr\u00e2ce"}]},{"@type":"WebSite","@id":"https:\/\/www.gold.fr\/news\/#website","url":"https:\/\/www.gold.fr\/news\/","name":"Gold.fr","description":"Actualit\u00e9s de l&#039;Or et des m\u00e9taux pr\u00e9cieux","potentialAction":[{"@type":"SearchAction","target":{"@type":"EntryPoint","urlTemplate":"https:\/\/www.gold.fr\/news\/?s={search_term_string}"},"query-input":{"@type":"PropertyValueSpecification","valueRequired":true,"valueName":"search_term_string"}}],"inLanguage":"fr-FR"},{"@type":"Person","@id":"https:\/\/www.gold.fr\/news\/#\/schema\/person\/070491b4b4fb7671bf59b3be20302ce9","name":"Comptoir National de l'Or","image":{"@type":"ImageObject","inLanguage":"fr-FR","@id":"https:\/\/secure.gravatar.com\/avatar\/0a2867fd5abe37bed95d5a65e9d58f01756e11efc68af9888dfc50cfa7f65948?s=96&d=mm&r=gb490554db0a38188709de567aa58480d","url":"https:\/\/secure.gravatar.com\/avatar\/0a2867fd5abe37bed95d5a65e9d58f01756e11efc68af9888dfc50cfa7f65948?s=96&d=mm&r=g","contentUrl":"https:\/\/secure.gravatar.com\/avatar\/0a2867fd5abe37bed95d5a65e9d58f01756e11efc68af9888dfc50cfa7f65948?s=96&d=mm&r=g","caption":"Comptoir National de l'Or"},"description":"Notre r\u00e9daction est constitu\u00e9e de membres experts dans les m\u00e9tiers de l'\u00e9conomie et la gestion, des Responsables d'agence Comptoir National de l'Or, des analystes financiers qui publient r\u00e9guli\u00e8rement des \u00e9tudes sur les politiques des banques centrales, le cours de l'or, prix de l'or, cours de l'argent, prix de l'argent, cours du platine, cours du palladium,... la situation en zone euro et l'impact de la strat\u00e9gie mon\u00e9taire de la FED. Notre \u00e9quipe scrute \u00e9galement une information plus g\u00e9n\u00e9raliste \u00e0 la recherche d'actualit\u00e9 \"p\u00e9pite\" \u00e0 vous partager. Depuis 5 ans, nous avons publi\u00e9 un peu plus de 4000 articles qui s'adressent \u00e0 un public large et vari\u00e9 ayant pour objectif de satisfaire votre curiosit\u00e9 et de partager avec vous une certaine fascination pour le m\u00e9tal jaune, le rachat d'or, et pour ceux qui veulent investir dans l'or, vendre leur or tout simplement en savoir plus... Pour tous vos achat or et argent, n'h\u00e9sitez pas \u00e0 prendre rendez-vous dans l'un de nos nombreux comptoirs.","sameAs":["https:\/\/www.gold.fr"]}]}},"authors":[{"term_id":2565,"user_id":18,"is_guest":0,"slug":"julie","display_name":"Comptoir National de l'Or","avatar_url":"https:\/\/secure.gravatar.com\/avatar\/713f289e398d35ead876c4a4cc08607f0d6d266058cfc25683fffb6092d0e572?s=96&d=mm&r=g","0":null,"1":"","2":"","3":"","4":"","5":"","6":"","7":"","8":""}],"_links":{"self":[{"href":"https:\/\/www.gold.fr\/news\/wp-json\/wp\/v2\/posts\/11507","targetHints":{"allow":["GET"]}}],"collection":[{"href":"https:\/\/www.gold.fr\/news\/wp-json\/wp\/v2\/posts"}],"about":[{"href":"https:\/\/www.gold.fr\/news\/wp-json\/wp\/v2\/types\/post"}],"author":[{"embeddable":true,"href":"https:\/\/www.gold.fr\/news\/wp-json\/wp\/v2\/users\/18"}],"replies":[{"embeddable":true,"href":"https:\/\/www.gold.fr\/news\/wp-json\/wp\/v2\/comments?post=11507"}],"version-history":[{"count":0,"href":"https:\/\/www.gold.fr\/news\/wp-json\/wp\/v2\/posts\/11507\/revisions"}],"wp:featuredmedia":[{"embeddable":true,"href":"https:\/\/www.gold.fr\/news\/wp-json\/wp\/v2\/media\/3395"}],"wp:attachment":[{"href":"https:\/\/www.gold.fr\/news\/wp-json\/wp\/v2\/media?parent=11507"}],"wp:term":[{"taxonomy":"category","embeddable":true,"href":"https:\/\/www.gold.fr\/news\/wp-json\/wp\/v2\/categories?post=11507"},{"taxonomy":"post_tag","embeddable":true,"href":"https:\/\/www.gold.fr\/news\/wp-json\/wp\/v2\/tags?post=11507"},{"taxonomy":"author","embeddable":true,"href":"https:\/\/www.gold.fr\/news\/wp-json\/wp\/v2\/ppma_author?post=11507"}],"curies":[{"name":"wp","href":"https:\/\/api.w.org\/{rel}","templated":true}]}}