{"id":11467,"date":"2013-04-19T09:00:57","date_gmt":"2013-04-19T07:00:57","guid":{"rendered":"https:\/\/www.gold.fr\/news\/?p=11467"},"modified":"2017-11-02T11:34:00","modified_gmt":"2017-11-02T10:34:00","slug":"or-et-fed-les-dessous-dune-decision-controversee","status":"publish","type":"post","link":"https:\/\/www.gold.fr\/news\/2013\/04\/19\/or-et-fed-les-dessous-dune-decision-controversee\/","title":{"rendered":"Or et FED : Les dessous d\u2019une d\u00e9cision controvers\u00e9e"},"content":{"rendered":"<p><span style=\"font-size: small;\"><img loading=\"lazy\" decoding=\"async\" class=\"alignleft size-thumbnail wp-image-10169\" title=\"Or et FED : Les dessous d\u2019une d\u00e9cision controvers\u00e9e\" src=\"https:\/\/www.gold.fr\/news\/wp-content\/uploads\/2011\/03\/record-cours-or-150x150.jpg\" alt=\"\" width=\"150\" height=\"150\" \/>Plusieurs observateurs l&rsquo;annon\u00e7aient et le pr\u00e9disaient, depuis des semaines ; les espoirs d&rsquo;une reprise am\u00e9ricaine devaient in\u00e9luctablement conduire la <strong>FED<\/strong> \u00e0 revoir, <a title=\"L\u2019\u00e9conomie mondiale en phase de confusion\" href=\"https:\/\/www.gold.fr\/news\/2013\/04\/17\/leconomie-mondiale-en-phase-de-confusion\/11370\/\" target=\"_blank\">\u00e0 la baisse, sa politique mon\u00e9taire<\/a> notoirement accommodante. Les analystes de la <strong>Soci\u00e9t\u00e9 G\u00e9n\u00e9rale<\/strong> soulignaient r\u00e9cemment que \u00ab <em>nous commen\u00e7ons \u00e0 voir les conditions \u00e9conomiques qui justifieraient la fin des <strong>QE<\/strong> de la <strong>Fed<\/strong><\/em> \u00bb. Ce fameux <strong>QE<\/strong> (quantitative easing, termes anglais pour \u00ab\u00a0<em>assouplissement mon\u00e9taire<\/em>\u00ab\u00a0), est une strat\u00e9gie mon\u00e9taire consistant \u00e0 faire racheter par la banque centrale des titres (essentiellement des obligations d&rsquo;\u00c9tat).<\/span>    <span style=\"font-size: small;\"> Les espoirs de reprise s&rsquo;\u00e9taient consid\u00e9rablement amplifi\u00e9s durant ce premier trimestre <strong>2013<\/strong>, sur fond de rapports chiffr\u00e9s pourtant tr\u00e8s mitig\u00e9s et globalement assez d\u00e9cevants. Bon nombre d&rsquo;intervenants voient dans la r\u00e9cente annonce de la <strong>FED<\/strong> (insinuant son intention de diminuer bient\u00f4t ses achats d&rsquo;actions) un moyen ultime de tirer la valeur du <a href='https:\/\/www.gold.fr\/news\/tags\/or' class='esk-seo-plu-link'>m\u00e9tal jaune<\/a> vers le bas, entre autres motifs non-d\u00e9clar\u00e9s. Il y a \u00e9galement la volont\u00e9 de l&rsquo;institution de booster la valeur du billet vert, ternie consid\u00e9rablement depuis la crise \u00e9conomique <strong>2008<\/strong>.<\/span>    <span style=\"font-size: small;\"> L&rsquo;analyste professionnel <strong>Charles Sannat<\/strong> soutient d&rsquo;ailleurs cette th\u00e8se, soulignant que \u00ab <em>on est clairement dans le pi\u00e8ge des taux bas, comme on le vit dans la situation japonaise depuis 30 ans <\/em>\u00bb. Selon lui, dans le cas o\u00f9 les taux d&rsquo;int\u00e9r\u00eat europ\u00e9ens et am\u00e9ricains remonteraient \u00ab <em>\u00e0 5 ou 6%, c&rsquo;est l&rsquo;insolvabilit\u00e9 ; nous serions incapables de payer les int\u00e9r\u00eats de notre dette<\/em> \u00bb.<\/span><\/p>\n<!-- AddThis Advanced Settings generic via filter on the_content --><!-- AddThis Share Buttons generic via filter on the_content -->","protected":false},"excerpt":{"rendered":"<p>Plusieurs observateurs l&rsquo;annon\u00e7aient et le pr\u00e9disaient, depuis des semaines ; les espoirs d&rsquo;une reprise am\u00e9ricaine devaient in\u00e9luctablement conduire la FED \u00e0 revoir, \u00e0 la baisse, sa politique mon\u00e9taire notoirement accommodante. Les analystes de la Soci\u00e9t\u00e9 G\u00e9n\u00e9rale [&hellip;]<\/p>\n","protected":false},"author":18,"featured_media":10169,"comment_status":"open","ping_status":"open","sticky":false,"template":"","format":"standard","meta":{"_mbp_gutenberg_autopost":false,"_pgmb_is_evergreen":false,"_pgmb_ap_template_id":0,"footnotes":""},"categories":[6],"tags":[144,1275,1035,494],"ppma_author":[2565],"class_list":["post-11467","post","type-post","status-publish","format-standard","has-post-thumbnail","hentry","category-articles-de-presse","tag-fed","tag-or-et-fed","tag-politique-monetaire","tag-qe"],"yoast_head":"<!-- This site is optimized with the Yoast SEO plugin v27.5 - https:\/\/yoast.com\/product\/yoast-seo-wordpress\/ -->\n<title>Or et FED : Les dessous d\u2019une d\u00e9cision controvers\u00e9e - Gold.fr<\/title>\n<meta name=\"robots\" content=\"index, follow, max-snippet:-1, max-image-preview:large, max-video-preview:-1\" \/>\n<link rel=\"canonical\" href=\"https:\/\/www.gold.fr\/news\/2013\/04\/19\/or-et-fed-les-dessous-dune-decision-controversee\/\" \/>\n<meta property=\"og:locale\" content=\"fr_FR\" \/>\n<meta property=\"og:type\" content=\"article\" \/>\n<meta property=\"og:title\" content=\"Or et FED : Les dessous d\u2019une d\u00e9cision controvers\u00e9e - Gold.fr\" \/>\n<meta property=\"og:description\" content=\"Plusieurs observateurs l&rsquo;annon\u00e7aient et le pr\u00e9disaient, depuis des semaines ; les espoirs d&rsquo;une reprise am\u00e9ricaine devaient in\u00e9luctablement conduire la FED \u00e0 revoir, \u00e0 la baisse, sa politique mon\u00e9taire notoirement accommodante. Les analystes de la Soci\u00e9t\u00e9 G\u00e9n\u00e9rale [&hellip;]\" \/>\n<meta property=\"og:url\" content=\"https:\/\/www.gold.fr\/news\/2013\/04\/19\/or-et-fed-les-dessous-dune-decision-controversee\/\" \/>\n<meta property=\"og:site_name\" content=\"Gold.fr\" \/>\n<meta property=\"article:publisher\" content=\"https:\/\/www.facebook.com\/Goldfr\/\" \/>\n<meta property=\"article:published_time\" content=\"2013-04-19T07:00:57+00:00\" \/>\n<meta property=\"article:modified_time\" content=\"2017-11-02T10:34:00+00:00\" \/>\n<meta property=\"og:image\" content=\"https:\/\/www.gold.fr\/news\/wp-content\/uploads\/2011\/03\/record-cours-or.jpg\" \/>\n\t<meta property=\"og:image:width\" content=\"600\" \/>\n\t<meta property=\"og:image:height\" content=\"400\" \/>\n\t<meta property=\"og:image:type\" content=\"image\/jpeg\" \/>\n<meta name=\"author\" content=\"Comptoir National de l&#039;Or\" \/>\n<meta name=\"twitter:card\" content=\"summary_large_image\" \/>\n<meta name=\"twitter:label1\" content=\"\u00c9crit par\" \/>\n\t<meta name=\"twitter:data1\" content=\"Comptoir National de l&#039;Or\" \/>\n\t<meta name=\"twitter:label2\" content=\"Dur\u00e9e de lecture estim\u00e9e\" \/>\n\t<meta name=\"twitter:data2\" content=\"1 minute\" \/>\n<script type=\"application\/ld+json\" class=\"yoast-schema-graph\">{\"@context\":\"https:\\\/\\\/schema.org\",\"@graph\":[{\"@type\":\"Article\",\"@id\":\"https:\\\/\\\/www.gold.fr\\\/news\\\/2013\\\/04\\\/19\\\/or-et-fed-les-dessous-dune-decision-controversee\\\/#article\",\"isPartOf\":{\"@id\":\"https:\\\/\\\/www.gold.fr\\\/news\\\/2013\\\/04\\\/19\\\/or-et-fed-les-dessous-dune-decision-controversee\\\/\"},\"author\":{\"name\":\"Comptoir National de l'Or\",\"@id\":\"https:\\\/\\\/www.gold.fr\\\/news\\\/#\\\/schema\\\/person\\\/070491b4b4fb7671bf59b3be20302ce9\"},\"headline\":\"Or et FED : Les dessous d\u2019une d\u00e9cision controvers\u00e9e\",\"datePublished\":\"2013-04-19T07:00:57+00:00\",\"dateModified\":\"2017-11-02T10:34:00+00:00\",\"mainEntityOfPage\":{\"@id\":\"https:\\\/\\\/www.gold.fr\\\/news\\\/2013\\\/04\\\/19\\\/or-et-fed-les-dessous-dune-decision-controversee\\\/\"},\"wordCount\":270,\"commentCount\":0,\"image\":{\"@id\":\"https:\\\/\\\/www.gold.fr\\\/news\\\/2013\\\/04\\\/19\\\/or-et-fed-les-dessous-dune-decision-controversee\\\/#primaryimage\"},\"thumbnailUrl\":\"https:\\\/\\\/www.gold.fr\\\/news\\\/wp-content\\\/uploads\\\/2011\\\/03\\\/record-cours-or.jpg\",\"keywords\":[\"fed\",\"Or et fed\",\"politique mon\u00e9taire\",\"QE\"],\"articleSection\":[\"Articles de presse\"],\"inLanguage\":\"fr-FR\"},{\"@type\":\"WebPage\",\"@id\":\"https:\\\/\\\/www.gold.fr\\\/news\\\/2013\\\/04\\\/19\\\/or-et-fed-les-dessous-dune-decision-controversee\\\/\",\"url\":\"https:\\\/\\\/www.gold.fr\\\/news\\\/2013\\\/04\\\/19\\\/or-et-fed-les-dessous-dune-decision-controversee\\\/\",\"name\":\"Or et FED : Les dessous d\u2019une d\u00e9cision controvers\u00e9e - Gold.fr\",\"isPartOf\":{\"@id\":\"https:\\\/\\\/www.gold.fr\\\/news\\\/#website\"},\"primaryImageOfPage\":{\"@id\":\"https:\\\/\\\/www.gold.fr\\\/news\\\/2013\\\/04\\\/19\\\/or-et-fed-les-dessous-dune-decision-controversee\\\/#primaryimage\"},\"image\":{\"@id\":\"https:\\\/\\\/www.gold.fr\\\/news\\\/2013\\\/04\\\/19\\\/or-et-fed-les-dessous-dune-decision-controversee\\\/#primaryimage\"},\"thumbnailUrl\":\"https:\\\/\\\/www.gold.fr\\\/news\\\/wp-content\\\/uploads\\\/2011\\\/03\\\/record-cours-or.jpg\",\"datePublished\":\"2013-04-19T07:00:57+00:00\",\"dateModified\":\"2017-11-02T10:34:00+00:00\",\"author\":{\"@id\":\"https:\\\/\\\/www.gold.fr\\\/news\\\/#\\\/schema\\\/person\\\/070491b4b4fb7671bf59b3be20302ce9\"},\"breadcrumb\":{\"@id\":\"https:\\\/\\\/www.gold.fr\\\/news\\\/2013\\\/04\\\/19\\\/or-et-fed-les-dessous-dune-decision-controversee\\\/#breadcrumb\"},\"inLanguage\":\"fr-FR\",\"potentialAction\":[{\"@type\":\"ReadAction\",\"target\":[\"https:\\\/\\\/www.gold.fr\\\/news\\\/2013\\\/04\\\/19\\\/or-et-fed-les-dessous-dune-decision-controversee\\\/\"]}]},{\"@type\":\"ImageObject\",\"inLanguage\":\"fr-FR\",\"@id\":\"https:\\\/\\\/www.gold.fr\\\/news\\\/2013\\\/04\\\/19\\\/or-et-fed-les-dessous-dune-decision-controversee\\\/#primaryimage\",\"url\":\"https:\\\/\\\/www.gold.fr\\\/news\\\/wp-content\\\/uploads\\\/2011\\\/03\\\/record-cours-or.jpg\",\"contentUrl\":\"https:\\\/\\\/www.gold.fr\\\/news\\\/wp-content\\\/uploads\\\/2011\\\/03\\\/record-cours-or.jpg\",\"width\":\"600\",\"height\":\"400\",\"caption\":\"Or : Une fin d\u2019ann\u00e9e assez mitig\u00e9e\"},{\"@type\":\"BreadcrumbList\",\"@id\":\"https:\\\/\\\/www.gold.fr\\\/news\\\/2013\\\/04\\\/19\\\/or-et-fed-les-dessous-dune-decision-controversee\\\/#breadcrumb\",\"itemListElement\":[{\"@type\":\"ListItem\",\"position\":1,\"name\":\"Accueil\",\"item\":\"https:\\\/\\\/www.gold.fr\\\/\"},{\"@type\":\"ListItem\",\"position\":2,\"name\":\"Actualit\u00e9s\",\"item\":\"https:\\\/\\\/www.gold.fr\\\/news\\\/\"},{\"@type\":\"ListItem\",\"position\":3,\"name\":\"Or et FED : Les dessous d\u2019une d\u00e9cision controvers\u00e9e\"}]},{\"@type\":\"WebSite\",\"@id\":\"https:\\\/\\\/www.gold.fr\\\/news\\\/#website\",\"url\":\"https:\\\/\\\/www.gold.fr\\\/news\\\/\",\"name\":\"Gold.fr\",\"description\":\"Actualit\u00e9s de l&#039;Or et des m\u00e9taux pr\u00e9cieux\",\"potentialAction\":[{\"@type\":\"SearchAction\",\"target\":{\"@type\":\"EntryPoint\",\"urlTemplate\":\"https:\\\/\\\/www.gold.fr\\\/news\\\/?s={search_term_string}\"},\"query-input\":{\"@type\":\"PropertyValueSpecification\",\"valueRequired\":true,\"valueName\":\"search_term_string\"}}],\"inLanguage\":\"fr-FR\"},{\"@type\":\"Person\",\"@id\":\"https:\\\/\\\/www.gold.fr\\\/news\\\/#\\\/schema\\\/person\\\/070491b4b4fb7671bf59b3be20302ce9\",\"name\":\"Comptoir National de l'Or\",\"image\":{\"@type\":\"ImageObject\",\"inLanguage\":\"fr-FR\",\"@id\":\"https:\\\/\\\/secure.gravatar.com\\\/avatar\\\/0a2867fd5abe37bed95d5a65e9d58f01756e11efc68af9888dfc50cfa7f65948?s=96&d=mm&r=gb490554db0a38188709de567aa58480d\",\"url\":\"https:\\\/\\\/secure.gravatar.com\\\/avatar\\\/0a2867fd5abe37bed95d5a65e9d58f01756e11efc68af9888dfc50cfa7f65948?s=96&d=mm&r=g\",\"contentUrl\":\"https:\\\/\\\/secure.gravatar.com\\\/avatar\\\/0a2867fd5abe37bed95d5a65e9d58f01756e11efc68af9888dfc50cfa7f65948?s=96&d=mm&r=g\",\"caption\":\"Comptoir National de l'Or\"},\"description\":\"Notre r\u00e9daction est constitu\u00e9e de membres experts dans les m\u00e9tiers de l'\u00e9conomie et la gestion, des Responsables d'agence Comptoir National de l'Or, des analystes financiers qui publient r\u00e9guli\u00e8rement des \u00e9tudes sur les politiques des banques centrales, le cours de l'or, prix de l'or, cours de l'argent, prix de l'argent, cours du platine, cours du palladium,... la situation en zone euro et l'impact de la strat\u00e9gie mon\u00e9taire de la FED. Notre \u00e9quipe scrute \u00e9galement une information plus g\u00e9n\u00e9raliste \u00e0 la recherche d'actualit\u00e9 \\\"p\u00e9pite\\\" \u00e0 vous partager. Depuis 5 ans, nous avons publi\u00e9 un peu plus de 4000 articles qui s'adressent \u00e0 un public large et vari\u00e9 ayant pour objectif de satisfaire votre curiosit\u00e9 et de partager avec vous une certaine fascination pour le m\u00e9tal jaune, le rachat d'or, et pour ceux qui veulent investir dans l'or, vendre leur or tout simplement en savoir plus... Pour tous vos achat or et argent, n'h\u00e9sitez pas \u00e0 prendre rendez-vous dans l'un de nos nombreux comptoirs.\",\"sameAs\":[\"https:\\\/\\\/www.gold.fr\"]}]}<\/script>\n<!-- \/ Yoast SEO plugin. -->","yoast_head_json":{"title":"Or et FED : Les dessous d\u2019une d\u00e9cision controvers\u00e9e - Gold.fr","robots":{"index":"index","follow":"follow","max-snippet":"max-snippet:-1","max-image-preview":"max-image-preview:large","max-video-preview":"max-video-preview:-1"},"canonical":"https:\/\/www.gold.fr\/news\/2013\/04\/19\/or-et-fed-les-dessous-dune-decision-controversee\/","og_locale":"fr_FR","og_type":"article","og_title":"Or et FED : Les dessous d\u2019une d\u00e9cision controvers\u00e9e - Gold.fr","og_description":"Plusieurs observateurs l&rsquo;annon\u00e7aient et le pr\u00e9disaient, depuis des semaines ; les espoirs d&rsquo;une reprise am\u00e9ricaine devaient in\u00e9luctablement conduire la FED \u00e0 revoir, \u00e0 la baisse, sa politique mon\u00e9taire notoirement accommodante. Les analystes de la Soci\u00e9t\u00e9 G\u00e9n\u00e9rale [&hellip;]","og_url":"https:\/\/www.gold.fr\/news\/2013\/04\/19\/or-et-fed-les-dessous-dune-decision-controversee\/","og_site_name":"Gold.fr","article_publisher":"https:\/\/www.facebook.com\/Goldfr\/","article_published_time":"2013-04-19T07:00:57+00:00","article_modified_time":"2017-11-02T10:34:00+00:00","og_image":[{"width":600,"height":400,"url":"https:\/\/www.gold.fr\/news\/wp-content\/uploads\/2011\/03\/record-cours-or.jpg","type":"image\/jpeg"}],"author":"Comptoir National de l'Or","twitter_card":"summary_large_image","twitter_misc":{"\u00c9crit par":"Comptoir National de l'Or","Dur\u00e9e de lecture estim\u00e9e":"1 minute"},"schema":{"@context":"https:\/\/schema.org","@graph":[{"@type":"Article","@id":"https:\/\/www.gold.fr\/news\/2013\/04\/19\/or-et-fed-les-dessous-dune-decision-controversee\/#article","isPartOf":{"@id":"https:\/\/www.gold.fr\/news\/2013\/04\/19\/or-et-fed-les-dessous-dune-decision-controversee\/"},"author":{"name":"Comptoir National de l'Or","@id":"https:\/\/www.gold.fr\/news\/#\/schema\/person\/070491b4b4fb7671bf59b3be20302ce9"},"headline":"Or et FED : Les dessous d\u2019une d\u00e9cision controvers\u00e9e","datePublished":"2013-04-19T07:00:57+00:00","dateModified":"2017-11-02T10:34:00+00:00","mainEntityOfPage":{"@id":"https:\/\/www.gold.fr\/news\/2013\/04\/19\/or-et-fed-les-dessous-dune-decision-controversee\/"},"wordCount":270,"commentCount":0,"image":{"@id":"https:\/\/www.gold.fr\/news\/2013\/04\/19\/or-et-fed-les-dessous-dune-decision-controversee\/#primaryimage"},"thumbnailUrl":"https:\/\/www.gold.fr\/news\/wp-content\/uploads\/2011\/03\/record-cours-or.jpg","keywords":["fed","Or et fed","politique mon\u00e9taire","QE"],"articleSection":["Articles de presse"],"inLanguage":"fr-FR"},{"@type":"WebPage","@id":"https:\/\/www.gold.fr\/news\/2013\/04\/19\/or-et-fed-les-dessous-dune-decision-controversee\/","url":"https:\/\/www.gold.fr\/news\/2013\/04\/19\/or-et-fed-les-dessous-dune-decision-controversee\/","name":"Or et FED : Les dessous d\u2019une d\u00e9cision controvers\u00e9e - Gold.fr","isPartOf":{"@id":"https:\/\/www.gold.fr\/news\/#website"},"primaryImageOfPage":{"@id":"https:\/\/www.gold.fr\/news\/2013\/04\/19\/or-et-fed-les-dessous-dune-decision-controversee\/#primaryimage"},"image":{"@id":"https:\/\/www.gold.fr\/news\/2013\/04\/19\/or-et-fed-les-dessous-dune-decision-controversee\/#primaryimage"},"thumbnailUrl":"https:\/\/www.gold.fr\/news\/wp-content\/uploads\/2011\/03\/record-cours-or.jpg","datePublished":"2013-04-19T07:00:57+00:00","dateModified":"2017-11-02T10:34:00+00:00","author":{"@id":"https:\/\/www.gold.fr\/news\/#\/schema\/person\/070491b4b4fb7671bf59b3be20302ce9"},"breadcrumb":{"@id":"https:\/\/www.gold.fr\/news\/2013\/04\/19\/or-et-fed-les-dessous-dune-decision-controversee\/#breadcrumb"},"inLanguage":"fr-FR","potentialAction":[{"@type":"ReadAction","target":["https:\/\/www.gold.fr\/news\/2013\/04\/19\/or-et-fed-les-dessous-dune-decision-controversee\/"]}]},{"@type":"ImageObject","inLanguage":"fr-FR","@id":"https:\/\/www.gold.fr\/news\/2013\/04\/19\/or-et-fed-les-dessous-dune-decision-controversee\/#primaryimage","url":"https:\/\/www.gold.fr\/news\/wp-content\/uploads\/2011\/03\/record-cours-or.jpg","contentUrl":"https:\/\/www.gold.fr\/news\/wp-content\/uploads\/2011\/03\/record-cours-or.jpg","width":"600","height":"400","caption":"Or : Une fin d\u2019ann\u00e9e assez mitig\u00e9e"},{"@type":"BreadcrumbList","@id":"https:\/\/www.gold.fr\/news\/2013\/04\/19\/or-et-fed-les-dessous-dune-decision-controversee\/#breadcrumb","itemListElement":[{"@type":"ListItem","position":1,"name":"Accueil","item":"https:\/\/www.gold.fr\/"},{"@type":"ListItem","position":2,"name":"Actualit\u00e9s","item":"https:\/\/www.gold.fr\/news\/"},{"@type":"ListItem","position":3,"name":"Or et FED : Les dessous d\u2019une d\u00e9cision controvers\u00e9e"}]},{"@type":"WebSite","@id":"https:\/\/www.gold.fr\/news\/#website","url":"https:\/\/www.gold.fr\/news\/","name":"Gold.fr","description":"Actualit\u00e9s de l&#039;Or et des m\u00e9taux pr\u00e9cieux","potentialAction":[{"@type":"SearchAction","target":{"@type":"EntryPoint","urlTemplate":"https:\/\/www.gold.fr\/news\/?s={search_term_string}"},"query-input":{"@type":"PropertyValueSpecification","valueRequired":true,"valueName":"search_term_string"}}],"inLanguage":"fr-FR"},{"@type":"Person","@id":"https:\/\/www.gold.fr\/news\/#\/schema\/person\/070491b4b4fb7671bf59b3be20302ce9","name":"Comptoir National de l'Or","image":{"@type":"ImageObject","inLanguage":"fr-FR","@id":"https:\/\/secure.gravatar.com\/avatar\/0a2867fd5abe37bed95d5a65e9d58f01756e11efc68af9888dfc50cfa7f65948?s=96&d=mm&r=gb490554db0a38188709de567aa58480d","url":"https:\/\/secure.gravatar.com\/avatar\/0a2867fd5abe37bed95d5a65e9d58f01756e11efc68af9888dfc50cfa7f65948?s=96&d=mm&r=g","contentUrl":"https:\/\/secure.gravatar.com\/avatar\/0a2867fd5abe37bed95d5a65e9d58f01756e11efc68af9888dfc50cfa7f65948?s=96&d=mm&r=g","caption":"Comptoir National de l'Or"},"description":"Notre r\u00e9daction est constitu\u00e9e de membres experts dans les m\u00e9tiers de l'\u00e9conomie et la gestion, des Responsables d'agence Comptoir National de l'Or, des analystes financiers qui publient r\u00e9guli\u00e8rement des \u00e9tudes sur les politiques des banques centrales, le cours de l'or, prix de l'or, cours de l'argent, prix de l'argent, cours du platine, cours du palladium,... la situation en zone euro et l'impact de la strat\u00e9gie mon\u00e9taire de la FED. Notre \u00e9quipe scrute \u00e9galement une information plus g\u00e9n\u00e9raliste \u00e0 la recherche d'actualit\u00e9 \"p\u00e9pite\" \u00e0 vous partager. Depuis 5 ans, nous avons publi\u00e9 un peu plus de 4000 articles qui s'adressent \u00e0 un public large et vari\u00e9 ayant pour objectif de satisfaire votre curiosit\u00e9 et de partager avec vous une certaine fascination pour le m\u00e9tal jaune, le rachat d'or, et pour ceux qui veulent investir dans l'or, vendre leur or tout simplement en savoir plus... Pour tous vos achat or et argent, n'h\u00e9sitez pas \u00e0 prendre rendez-vous dans l'un de nos nombreux comptoirs.","sameAs":["https:\/\/www.gold.fr"]}]}},"authors":[{"term_id":2565,"user_id":18,"is_guest":0,"slug":"julie","display_name":"Comptoir National de l'Or","avatar_url":"https:\/\/secure.gravatar.com\/avatar\/713f289e398d35ead876c4a4cc08607f0d6d266058cfc25683fffb6092d0e572?s=96&d=mm&r=g","0":null,"1":"","2":"","3":"","4":"","5":"","6":"","7":"","8":""}],"_links":{"self":[{"href":"https:\/\/www.gold.fr\/news\/wp-json\/wp\/v2\/posts\/11467","targetHints":{"allow":["GET"]}}],"collection":[{"href":"https:\/\/www.gold.fr\/news\/wp-json\/wp\/v2\/posts"}],"about":[{"href":"https:\/\/www.gold.fr\/news\/wp-json\/wp\/v2\/types\/post"}],"author":[{"embeddable":true,"href":"https:\/\/www.gold.fr\/news\/wp-json\/wp\/v2\/users\/18"}],"replies":[{"embeddable":true,"href":"https:\/\/www.gold.fr\/news\/wp-json\/wp\/v2\/comments?post=11467"}],"version-history":[{"count":0,"href":"https:\/\/www.gold.fr\/news\/wp-json\/wp\/v2\/posts\/11467\/revisions"}],"wp:featuredmedia":[{"embeddable":true,"href":"https:\/\/www.gold.fr\/news\/wp-json\/wp\/v2\/media\/10169"}],"wp:attachment":[{"href":"https:\/\/www.gold.fr\/news\/wp-json\/wp\/v2\/media?parent=11467"}],"wp:term":[{"taxonomy":"category","embeddable":true,"href":"https:\/\/www.gold.fr\/news\/wp-json\/wp\/v2\/categories?post=11467"},{"taxonomy":"post_tag","embeddable":true,"href":"https:\/\/www.gold.fr\/news\/wp-json\/wp\/v2\/tags?post=11467"},{"taxonomy":"author","embeddable":true,"href":"https:\/\/www.gold.fr\/news\/wp-json\/wp\/v2\/ppma_author?post=11467"}],"curies":[{"name":"wp","href":"https:\/\/api.w.org\/{rel}","templated":true}]}}