{"id":11421,"date":"2013-04-15T15:40:13","date_gmt":"2013-04-15T13:40:13","guid":{"rendered":"https:\/\/www.gold.fr\/news\/?p=11421"},"modified":"2021-09-09T11:25:51","modified_gmt":"2021-09-09T09:25:51","slug":"la-contraction-de-lor-une-opportunite","status":"publish","type":"post","link":"https:\/\/www.gold.fr\/news\/2013\/04\/15\/la-contraction-de-lor-une-opportunite\/","title":{"rendered":"La contraction de l\u2019Or, une opportunit\u00e9 ?"},"content":{"rendered":"<p style=\"text-align: justify;\"><span style=\"font-size: small;\"><img loading=\"lazy\" decoding=\"async\" class=\"alignleft size-thumbnail wp-image-11424\" style=\"float: left; margin: 5px; border: 1px solid black;\" title=\"achat-or\" src=\"https:\/\/www.gold.fr\/news\/wp-content\/uploads\/2019\/06\/Taux-r\u00e9el-en-baisse-les-banques-rehaussent-leurs-pr\u00e9visions-pour-lor.jpg\" alt=\"\" width=\"150\" height=\"150\" \/>De fin d\u00e9cembre 2012 \u00e0 fin mars 2013, <strong><a title=\"Cours Once d'Or\" href=\"https:\/\/www.gold.fr\/once-en\/\" target=\"_blank\" rel=\"noopener\">l&rsquo;once d&rsquo;or a perdu 4%<\/a> de sa valeur en dollars<\/strong>. Pour la Commerzbank, ce sont les d\u00e9caissements des ETF qui jusque l\u00e0, n&rsquo;ont cess\u00e9 de bloquer toute hausse explicite du prix de l&rsquo;<a class=\"esk-seo-plu-link\" href=\"https:\/\/www.gold.fr\/news\/tags\/or\">or<\/a>, poursuivant sa tendance baissi\u00e8re. La situation est assez in\u00e9dite \u00e9tant donn\u00e9 que le climat d&rsquo;incertitude profite habituellement au <a class=\"esk-seo-plu-link\" href=\"https:\/\/www.gold.fr\/news\/tags\/or\">m\u00e9tal pr\u00e9cieux<\/a>&#8230;<\/span><\/p>\n<p style=\"text-align: justify;\"><span style=\"font-size: small;\">Pour tenter d&rsquo;amortir la crise, les gouvernements continuent d&rsquo;imprimer des billets, lesquels profitent davantage \u00e0 l&rsquo;\u00e9conomie des march\u00e9s qu&rsquo;\u00e0 l&rsquo;\u00e9conomie r\u00e9elle. D&rsquo;ailleurs, le petit redressement des bourses ces derniers mois le d\u00e9<a class=\"esk-seo-plu-link\" href=\"https:\/\/www.gold.fr\/news\/tags\/bijoux-or\">montre<\/a> bien ! En r\u00e9alit\u00e9, les programmes de \u00ab\u00a0quantitative easing\u00a0\u00bb de Bernanke aggravent consid\u00e9rablement le surendettement et finiront pas d\u00e9valoriser le dollar et l&rsquo;euro sur le long terme sachant que les d\u00e9ficits publics continuent d&rsquo;augmenter \u00e0 un rythme alarmant. La dette mondiale s&rsquo;\u00e9l\u00e8ve aujourd&rsquo;hui \u00e0 220 mille milliards de dollars et celle-ci a tripl\u00e9 au cours des 10 derni\u00e8res ann\u00e9es.<\/span><\/p>\n<p style=\"text-align: justify;\"><span style=\"font-size: small;\">Si un rel\u00e8vement des pr\u00e9visions inflationnistes se concr\u00e9tise, alors il devient \u00e9vident que l&rsquo;\u00e9tranglement <a title=\"Cours de l'Or\" href=\"https:\/\/www.gold.fr\/cours-prix-de-l-or\/\" target=\"_blank\" rel=\"noopener\">des cours du m\u00e9tal pr\u00e9cieux<\/a> ne pourra plus s&rsquo;\u00e9terniser.<\/span><\/p>\n<p style=\"text-align: justify;\"><span style=\"font-size: small;\">D&rsquo;ailleurs les chinois eux, l&rsquo;appr\u00e9hendent bien ! Non seulement, ils r\u00e9duisent la part de leurs r\u00e9serves libell\u00e9es en dollar, mais ils ne cessent d&rsquo;augmenter leur stock d&rsquo;<a class=\"esk-seo-plu-link\" href=\"https:\/\/www.gold.fr\/news\/tags\/or\">or<\/a> physique (production nationale, encouragement de l&rsquo;investissement aurif\u00e8re, rachats massifs de production \u00e9trang\u00e8re).<strong> Le directeur du Bureau des \u00e9tudes de la Banque populaire de Chine, consid\u00e8re que l&rsquo;unique moyen de se prot\u00e9ger contre le risque est de d\u00e9tenir de l&rsquo;<a class=\"esk-seo-plu-link\" href=\"https:\/\/www.gold.fr\/news\/tags\/or\">or<\/a><\/strong>. De son c\u00f4t\u00e9, le service chinois des affaires \u00e9conomiques mondiales, estime que les r\u00e9serves d&rsquo;<a class=\"esk-seo-plu-link\" href=\"https:\/\/www.gold.fr\/news\/tags\/or\">or<\/a> chinoises sont encore \u00ab\u00a0trop faibles\u00a0\u00bb. Et c&rsquo;est justement le moment d&rsquo;en profiter.<\/span><\/p>\n<p style=\"text-align: justify;\"><span style=\"font-size: small;\">En effet, <a title=\"Cours de l'Or\" href=\"https:\/\/www.gold.fr\/cours-prix-de-l-or\/\" target=\"_blank\" rel=\"noopener\">les cours de l&rsquo;or<\/a> ont subit <a title=\"L\u2019annonce de la FED plombe le march\u00e9\" href=\"https:\/\/www.gold.fr\/news\/2013\/04\/12\/lannonce-de-la-fed-plombe-le-marche\/11362\/\" target=\"_blank\" rel=\"noopener\">un brutal d\u00e9crochage vendredi dernier<\/a>, <strong>plongeant l&rsquo;once en dessous des 1500 dollars pour la premi\u00e8re fois depuis juillet 2011<\/strong>. Ce lourd fl\u00e9chissement a \u00e9t\u00e9 caus\u00e9 par la division de la FED en deux clans au sujet du \u00ab\u00a0quantitative easing\u00a0\u00bb, mais tout particuli\u00e8rement aliment\u00e9 par la rumeur autour de la vente d&rsquo;<a class=\"esk-seo-plu-link\" href=\"https:\/\/www.gold.fr\/news\/tags\/or\">or<\/a> \u00e9ventuelle de Chypre, dans le cadre de son plan de sauvetage. Cependant, \u00e0 l&rsquo;heure actuelle, ces \u00e9l\u00e9ments qui demeurent provisoires et incertains ne justifient en aucun cas la nervosit\u00e9 des investisseurs puisqu&rsquo;il s&rsquo;agit en toute logique d&rsquo;<a title=\"Achat d'Or\" href=\"https:\/\/www.gold.fr\/achat-or\/\" target=\"_blank\" rel=\"noopener\">une belle opportunit\u00e9 d&rsquo;achat<\/a> \u00e0 ne pas rater !<\/span><\/p>\n<p style=\"text-align: right;\"><span style=\"font-size: x-small;\">(Sources : dailybourse\/Le Figaro\/ Les \u00e9chos)<\/span><\/p>\n<!-- AddThis Advanced Settings generic via filter on the_content --><!-- AddThis Share Buttons generic via filter on the_content -->","protected":false},"excerpt":{"rendered":"<p>De fin d\u00e9cembre 2012 \u00e0 fin mars 2013, l&rsquo;once d&rsquo;or a perdu 4% de sa valeur en dollars. Pour la Commerzbank, ce sont les d\u00e9caissements des ETF qui jusque l\u00e0, n&rsquo;ont cess\u00e9 de bloquer toute hausse [&hellip;]<\/p>\n","protected":false},"author":43,"featured_media":35196,"comment_status":"closed","ping_status":"closed","sticky":false,"template":"","format":"standard","meta":{"_mbp_gutenberg_autopost":false,"_pgmb_is_evergreen":false,"_pgmb_ap_template_id":0,"footnotes":""},"categories":[4],"tags":[231,1171,1214,961,1213,308,84],"ppma_author":[2562],"class_list":["post-11421","post","type-post","status-publish","format-standard","has-post-thumbnail","hentry","category-analyses-economiques","tag-achat-or","tag-baisse-cours-or","tag-chypre","tag-cours-or","tag-crise-chypriote","tag-or-investissement","tag-cours-de-lor"],"yoast_head":"<!-- This site is optimized with the Yoast SEO plugin v27.5 - https:\/\/yoast.com\/product\/yoast-seo-wordpress\/ -->\n<title>La contraction de l\u2019Or, une opportunit\u00e9 ? - Gold.fr<\/title>\n<meta name=\"robots\" content=\"index, follow, max-snippet:-1, max-image-preview:large, max-video-preview:-1\" \/>\n<link rel=\"canonical\" href=\"https:\/\/www.gold.fr\/news\/2013\/04\/15\/la-contraction-de-lor-une-opportunite\/\" \/>\n<meta property=\"og:locale\" content=\"fr_FR\" \/>\n<meta property=\"og:type\" content=\"article\" \/>\n<meta property=\"og:title\" content=\"La contraction de l\u2019Or, une opportunit\u00e9 ? - Gold.fr\" \/>\n<meta property=\"og:description\" content=\"De fin d\u00e9cembre 2012 \u00e0 fin mars 2013, l&rsquo;once d&rsquo;or a perdu 4% de sa valeur en dollars. Pour la Commerzbank, ce sont les d\u00e9caissements des ETF qui jusque l\u00e0, n&rsquo;ont cess\u00e9 de bloquer toute hausse [&hellip;]\" \/>\n<meta property=\"og:url\" content=\"https:\/\/www.gold.fr\/news\/2013\/04\/15\/la-contraction-de-lor-une-opportunite\/\" \/>\n<meta property=\"og:site_name\" content=\"Gold.fr\" \/>\n<meta property=\"article:publisher\" content=\"https:\/\/www.facebook.com\/Goldfr\/\" \/>\n<meta property=\"article:published_time\" content=\"2013-04-15T13:40:13+00:00\" \/>\n<meta property=\"article:modified_time\" content=\"2021-09-09T09:25:51+00:00\" \/>\n<meta property=\"og:image\" content=\"https:\/\/www.gold.fr\/news\/wp-content\/uploads\/2019\/06\/Taux-r\u00e9el-en-baisse-les-banques-rehaussent-leurs-pr\u00e9visions-pour-lor.jpg\" \/>\n\t<meta property=\"og:image:width\" content=\"2121\" \/>\n\t<meta property=\"og:image:height\" content=\"1414\" \/>\n\t<meta property=\"og:image:type\" content=\"image\/jpeg\" \/>\n<meta name=\"author\" content=\"Anthony\" \/>\n<meta name=\"twitter:card\" content=\"summary_large_image\" \/>\n<meta name=\"twitter:label1\" content=\"\u00c9crit par\" \/>\n\t<meta name=\"twitter:data1\" content=\"Samy\" \/>\n\t<meta name=\"twitter:label2\" content=\"Dur\u00e9e de lecture estim\u00e9e\" \/>\n\t<meta name=\"twitter:data2\" content=\"2 minutes\" \/>\n<script type=\"application\/ld+json\" class=\"yoast-schema-graph\">{\"@context\":\"https:\\\/\\\/schema.org\",\"@graph\":[{\"@type\":\"Article\",\"@id\":\"https:\\\/\\\/www.gold.fr\\\/news\\\/2013\\\/04\\\/15\\\/la-contraction-de-lor-une-opportunite\\\/#article\",\"isPartOf\":{\"@id\":\"https:\\\/\\\/www.gold.fr\\\/news\\\/2013\\\/04\\\/15\\\/la-contraction-de-lor-une-opportunite\\\/\"},\"author\":{\"name\":\"Samy\",\"@id\":\"https:\\\/\\\/www.gold.fr\\\/news\\\/#\\\/schema\\\/person\\\/6a977448ae6ba85f43a46d35fc66f82b\"},\"headline\":\"La contraction de l\u2019Or, une opportunit\u00e9 ?\",\"datePublished\":\"2013-04-15T13:40:13+00:00\",\"dateModified\":\"2021-09-09T09:25:51+00:00\",\"mainEntityOfPage\":{\"@id\":\"https:\\\/\\\/www.gold.fr\\\/news\\\/2013\\\/04\\\/15\\\/la-contraction-de-lor-une-opportunite\\\/\"},\"wordCount\":440,\"image\":{\"@id\":\"https:\\\/\\\/www.gold.fr\\\/news\\\/2013\\\/04\\\/15\\\/la-contraction-de-lor-une-opportunite\\\/#primaryimage\"},\"thumbnailUrl\":\"https:\\\/\\\/www.gold.fr\\\/news\\\/wp-content\\\/uploads\\\/2019\\\/06\\\/Taux-r\u00e9el-en-baisse-les-banques-rehaussent-leurs-pr\u00e9visions-pour-lor.jpg\",\"keywords\":[\"Achat or\",\"baisse cours or\",\"Chypre\",\"cours or\",\"crise chypriote\",\"Or investissement\",\"Tout Cours de l'Or\"],\"articleSection\":[\"Analyses Economiques\"],\"inLanguage\":\"fr-FR\"},{\"@type\":\"WebPage\",\"@id\":\"https:\\\/\\\/www.gold.fr\\\/news\\\/2013\\\/04\\\/15\\\/la-contraction-de-lor-une-opportunite\\\/\",\"url\":\"https:\\\/\\\/www.gold.fr\\\/news\\\/2013\\\/04\\\/15\\\/la-contraction-de-lor-une-opportunite\\\/\",\"name\":\"La contraction de l\u2019Or, une opportunit\u00e9 ? - Gold.fr\",\"isPartOf\":{\"@id\":\"https:\\\/\\\/www.gold.fr\\\/news\\\/#website\"},\"primaryImageOfPage\":{\"@id\":\"https:\\\/\\\/www.gold.fr\\\/news\\\/2013\\\/04\\\/15\\\/la-contraction-de-lor-une-opportunite\\\/#primaryimage\"},\"image\":{\"@id\":\"https:\\\/\\\/www.gold.fr\\\/news\\\/2013\\\/04\\\/15\\\/la-contraction-de-lor-une-opportunite\\\/#primaryimage\"},\"thumbnailUrl\":\"https:\\\/\\\/www.gold.fr\\\/news\\\/wp-content\\\/uploads\\\/2019\\\/06\\\/Taux-r\u00e9el-en-baisse-les-banques-rehaussent-leurs-pr\u00e9visions-pour-lor.jpg\",\"datePublished\":\"2013-04-15T13:40:13+00:00\",\"dateModified\":\"2021-09-09T09:25:51+00:00\",\"author\":{\"@id\":\"https:\\\/\\\/www.gold.fr\\\/news\\\/#\\\/schema\\\/person\\\/6a977448ae6ba85f43a46d35fc66f82b\"},\"breadcrumb\":{\"@id\":\"https:\\\/\\\/www.gold.fr\\\/news\\\/2013\\\/04\\\/15\\\/la-contraction-de-lor-une-opportunite\\\/#breadcrumb\"},\"inLanguage\":\"fr-FR\",\"potentialAction\":[{\"@type\":\"ReadAction\",\"target\":[\"https:\\\/\\\/www.gold.fr\\\/news\\\/2013\\\/04\\\/15\\\/la-contraction-de-lor-une-opportunite\\\/\"]}]},{\"@type\":\"ImageObject\",\"inLanguage\":\"fr-FR\",\"@id\":\"https:\\\/\\\/www.gold.fr\\\/news\\\/2013\\\/04\\\/15\\\/la-contraction-de-lor-une-opportunite\\\/#primaryimage\",\"url\":\"https:\\\/\\\/www.gold.fr\\\/news\\\/wp-content\\\/uploads\\\/2019\\\/06\\\/Taux-r\u00e9el-en-baisse-les-banques-rehaussent-leurs-pr\u00e9visions-pour-lor.jpg\",\"contentUrl\":\"https:\\\/\\\/www.gold.fr\\\/news\\\/wp-content\\\/uploads\\\/2019\\\/06\\\/Taux-r\u00e9el-en-baisse-les-banques-rehaussent-leurs-pr\u00e9visions-pour-lor.jpg\",\"width\":2121,\"height\":1414,\"caption\":\"Taux r\u00e9el en baisse : les banques rehaussent leurs pr\u00e9visions pour l'or\"},{\"@type\":\"BreadcrumbList\",\"@id\":\"https:\\\/\\\/www.gold.fr\\\/news\\\/2013\\\/04\\\/15\\\/la-contraction-de-lor-une-opportunite\\\/#breadcrumb\",\"itemListElement\":[{\"@type\":\"ListItem\",\"position\":1,\"name\":\"Accueil\",\"item\":\"https:\\\/\\\/www.gold.fr\\\/\"},{\"@type\":\"ListItem\",\"position\":2,\"name\":\"Actualit\u00e9s\",\"item\":\"https:\\\/\\\/www.gold.fr\\\/news\\\/\"},{\"@type\":\"ListItem\",\"position\":3,\"name\":\"La contraction de l\u2019Or, une opportunit\u00e9 ?\"}]},{\"@type\":\"WebSite\",\"@id\":\"https:\\\/\\\/www.gold.fr\\\/news\\\/#website\",\"url\":\"https:\\\/\\\/www.gold.fr\\\/news\\\/\",\"name\":\"Gold.fr\",\"description\":\"Actualit\u00e9s de l&#039;Or et des m\u00e9taux pr\u00e9cieux\",\"potentialAction\":[{\"@type\":\"SearchAction\",\"target\":{\"@type\":\"EntryPoint\",\"urlTemplate\":\"https:\\\/\\\/www.gold.fr\\\/news\\\/?s={search_term_string}\"},\"query-input\":{\"@type\":\"PropertyValueSpecification\",\"valueRequired\":true,\"valueName\":\"search_term_string\"}}],\"inLanguage\":\"fr-FR\"},{\"@type\":\"Person\",\"@id\":\"https:\\\/\\\/www.gold.fr\\\/news\\\/#\\\/schema\\\/person\\\/6a977448ae6ba85f43a46d35fc66f82b\",\"name\":\"Samy\",\"image\":{\"@type\":\"ImageObject\",\"inLanguage\":\"fr-FR\",\"@id\":\"https:\\\/\\\/secure.gravatar.com\\\/avatar\\\/ec3b1ee8da06b98b0d3b7da383393987ae73756a23e0f3ec4c1ea09e0e65804d?s=96&d=mm&r=g9bbe2ee6067d4fa1a1e531a356169f97\",\"url\":\"https:\\\/\\\/secure.gravatar.com\\\/avatar\\\/ec3b1ee8da06b98b0d3b7da383393987ae73756a23e0f3ec4c1ea09e0e65804d?s=96&d=mm&r=g\",\"contentUrl\":\"https:\\\/\\\/secure.gravatar.com\\\/avatar\\\/ec3b1ee8da06b98b0d3b7da383393987ae73756a23e0f3ec4c1ea09e0e65804d?s=96&d=mm&r=g\",\"caption\":\"Samy\"},\"description\":\"Notre r\u00e9daction est constitu\u00e9e de membres experts dans les m\u00e9tiers de l'\u00e9conomie et la gestion, des Responsables d'agence Comptoir National de l'Or, des analystes financiers qui publient r\u00e9guli\u00e8rement des \u00e9tudes sur les politiques des banques centrales, le cours de l'or, le cours de l'argent, cours du platine, cours du palladium... la situation en zone euro et l'impact de la strat\u00e9gie mon\u00e9taire de la FED. Notre \u00e9quipe scrute \u00e9galement une information plus g\u00e9n\u00e9raliste \u00e0 la recherche d'actualit\u00e9 \\\"p\u00e9pite\\\" \u00e0 vous partager. Depuis 5 ans, nous avons publi\u00e9 un peu plus de 4000 articles qui s'adressent \u00e0 un public large et vari\u00e9 ayant pour objectif de satisfaire votre curiosit\u00e9 et de partager avec vous une certaine fascination pour le m\u00e9tal jaune, pour ceux qui veulent investir dans l'or, vendre leur or tout simplement en savoir plus...\"}]}<\/script>\n<!-- \/ Yoast SEO plugin. -->","yoast_head_json":{"title":"La contraction de l\u2019Or, une opportunit\u00e9 ? - Gold.fr","robots":{"index":"index","follow":"follow","max-snippet":"max-snippet:-1","max-image-preview":"max-image-preview:large","max-video-preview":"max-video-preview:-1"},"canonical":"https:\/\/www.gold.fr\/news\/2013\/04\/15\/la-contraction-de-lor-une-opportunite\/","og_locale":"fr_FR","og_type":"article","og_title":"La contraction de l\u2019Or, une opportunit\u00e9 ? - Gold.fr","og_description":"De fin d\u00e9cembre 2012 \u00e0 fin mars 2013, l&rsquo;once d&rsquo;or a perdu 4% de sa valeur en dollars. Pour la Commerzbank, ce sont les d\u00e9caissements des ETF qui jusque l\u00e0, n&rsquo;ont cess\u00e9 de bloquer toute hausse [&hellip;]","og_url":"https:\/\/www.gold.fr\/news\/2013\/04\/15\/la-contraction-de-lor-une-opportunite\/","og_site_name":"Gold.fr","article_publisher":"https:\/\/www.facebook.com\/Goldfr\/","article_published_time":"2013-04-15T13:40:13+00:00","article_modified_time":"2021-09-09T09:25:51+00:00","og_image":[{"width":2121,"height":1414,"url":"https:\/\/www.gold.fr\/news\/wp-content\/uploads\/2019\/06\/Taux-r\u00e9el-en-baisse-les-banques-rehaussent-leurs-pr\u00e9visions-pour-lor.jpg","type":"image\/jpeg"}],"author":"Anthony","twitter_card":"summary_large_image","twitter_misc":{"\u00c9crit par":"Samy","Dur\u00e9e de lecture estim\u00e9e":"2 minutes"},"schema":{"@context":"https:\/\/schema.org","@graph":[{"@type":"Article","@id":"https:\/\/www.gold.fr\/news\/2013\/04\/15\/la-contraction-de-lor-une-opportunite\/#article","isPartOf":{"@id":"https:\/\/www.gold.fr\/news\/2013\/04\/15\/la-contraction-de-lor-une-opportunite\/"},"author":{"name":"Samy","@id":"https:\/\/www.gold.fr\/news\/#\/schema\/person\/6a977448ae6ba85f43a46d35fc66f82b"},"headline":"La contraction de l\u2019Or, une opportunit\u00e9 ?","datePublished":"2013-04-15T13:40:13+00:00","dateModified":"2021-09-09T09:25:51+00:00","mainEntityOfPage":{"@id":"https:\/\/www.gold.fr\/news\/2013\/04\/15\/la-contraction-de-lor-une-opportunite\/"},"wordCount":440,"image":{"@id":"https:\/\/www.gold.fr\/news\/2013\/04\/15\/la-contraction-de-lor-une-opportunite\/#primaryimage"},"thumbnailUrl":"https:\/\/www.gold.fr\/news\/wp-content\/uploads\/2019\/06\/Taux-r\u00e9el-en-baisse-les-banques-rehaussent-leurs-pr\u00e9visions-pour-lor.jpg","keywords":["Achat or","baisse cours or","Chypre","cours or","crise chypriote","Or investissement","Tout Cours de l'Or"],"articleSection":["Analyses Economiques"],"inLanguage":"fr-FR"},{"@type":"WebPage","@id":"https:\/\/www.gold.fr\/news\/2013\/04\/15\/la-contraction-de-lor-une-opportunite\/","url":"https:\/\/www.gold.fr\/news\/2013\/04\/15\/la-contraction-de-lor-une-opportunite\/","name":"La contraction de l\u2019Or, une opportunit\u00e9 ? - Gold.fr","isPartOf":{"@id":"https:\/\/www.gold.fr\/news\/#website"},"primaryImageOfPage":{"@id":"https:\/\/www.gold.fr\/news\/2013\/04\/15\/la-contraction-de-lor-une-opportunite\/#primaryimage"},"image":{"@id":"https:\/\/www.gold.fr\/news\/2013\/04\/15\/la-contraction-de-lor-une-opportunite\/#primaryimage"},"thumbnailUrl":"https:\/\/www.gold.fr\/news\/wp-content\/uploads\/2019\/06\/Taux-r\u00e9el-en-baisse-les-banques-rehaussent-leurs-pr\u00e9visions-pour-lor.jpg","datePublished":"2013-04-15T13:40:13+00:00","dateModified":"2021-09-09T09:25:51+00:00","author":{"@id":"https:\/\/www.gold.fr\/news\/#\/schema\/person\/6a977448ae6ba85f43a46d35fc66f82b"},"breadcrumb":{"@id":"https:\/\/www.gold.fr\/news\/2013\/04\/15\/la-contraction-de-lor-une-opportunite\/#breadcrumb"},"inLanguage":"fr-FR","potentialAction":[{"@type":"ReadAction","target":["https:\/\/www.gold.fr\/news\/2013\/04\/15\/la-contraction-de-lor-une-opportunite\/"]}]},{"@type":"ImageObject","inLanguage":"fr-FR","@id":"https:\/\/www.gold.fr\/news\/2013\/04\/15\/la-contraction-de-lor-une-opportunite\/#primaryimage","url":"https:\/\/www.gold.fr\/news\/wp-content\/uploads\/2019\/06\/Taux-r\u00e9el-en-baisse-les-banques-rehaussent-leurs-pr\u00e9visions-pour-lor.jpg","contentUrl":"https:\/\/www.gold.fr\/news\/wp-content\/uploads\/2019\/06\/Taux-r\u00e9el-en-baisse-les-banques-rehaussent-leurs-pr\u00e9visions-pour-lor.jpg","width":2121,"height":1414,"caption":"Taux r\u00e9el en baisse : les banques rehaussent leurs pr\u00e9visions pour l'or"},{"@type":"BreadcrumbList","@id":"https:\/\/www.gold.fr\/news\/2013\/04\/15\/la-contraction-de-lor-une-opportunite\/#breadcrumb","itemListElement":[{"@type":"ListItem","position":1,"name":"Accueil","item":"https:\/\/www.gold.fr\/"},{"@type":"ListItem","position":2,"name":"Actualit\u00e9s","item":"https:\/\/www.gold.fr\/news\/"},{"@type":"ListItem","position":3,"name":"La contraction de l\u2019Or, une opportunit\u00e9 ?"}]},{"@type":"WebSite","@id":"https:\/\/www.gold.fr\/news\/#website","url":"https:\/\/www.gold.fr\/news\/","name":"Gold.fr","description":"Actualit\u00e9s de l&#039;Or et des m\u00e9taux pr\u00e9cieux","potentialAction":[{"@type":"SearchAction","target":{"@type":"EntryPoint","urlTemplate":"https:\/\/www.gold.fr\/news\/?s={search_term_string}"},"query-input":{"@type":"PropertyValueSpecification","valueRequired":true,"valueName":"search_term_string"}}],"inLanguage":"fr-FR"},{"@type":"Person","@id":"https:\/\/www.gold.fr\/news\/#\/schema\/person\/6a977448ae6ba85f43a46d35fc66f82b","name":"Samy","image":{"@type":"ImageObject","inLanguage":"fr-FR","@id":"https:\/\/secure.gravatar.com\/avatar\/ec3b1ee8da06b98b0d3b7da383393987ae73756a23e0f3ec4c1ea09e0e65804d?s=96&d=mm&r=g9bbe2ee6067d4fa1a1e531a356169f97","url":"https:\/\/secure.gravatar.com\/avatar\/ec3b1ee8da06b98b0d3b7da383393987ae73756a23e0f3ec4c1ea09e0e65804d?s=96&d=mm&r=g","contentUrl":"https:\/\/secure.gravatar.com\/avatar\/ec3b1ee8da06b98b0d3b7da383393987ae73756a23e0f3ec4c1ea09e0e65804d?s=96&d=mm&r=g","caption":"Samy"},"description":"Notre r\u00e9daction est constitu\u00e9e de membres experts dans les m\u00e9tiers de l'\u00e9conomie et la gestion, des Responsables d'agence Comptoir National de l'Or, des analystes financiers qui publient r\u00e9guli\u00e8rement des \u00e9tudes sur les politiques des banques centrales, le cours de l'or, le cours de l'argent, cours du platine, cours du palladium... la situation en zone euro et l'impact de la strat\u00e9gie mon\u00e9taire de la FED. Notre \u00e9quipe scrute \u00e9galement une information plus g\u00e9n\u00e9raliste \u00e0 la recherche d'actualit\u00e9 \"p\u00e9pite\" \u00e0 vous partager. Depuis 5 ans, nous avons publi\u00e9 un peu plus de 4000 articles qui s'adressent \u00e0 un public large et vari\u00e9 ayant pour objectif de satisfaire votre curiosit\u00e9 et de partager avec vous une certaine fascination pour le m\u00e9tal jaune, pour ceux qui veulent investir dans l'or, vendre leur or tout simplement en savoir plus..."}]}},"authors":[{"term_id":2562,"user_id":11,"is_guest":0,"slug":null,"display_name":"Anthony","avatar_url":"https:\/\/secure.gravatar.com\/avatar\/19974f7c75da5f0b217374f3a37eb05031e41aaad4ceb3fe17ada2ab3daf6b95?s=96&d=mm&r=g","0":null,"1":"","2":"","3":"","4":"","5":"","6":"","7":"","8":""}],"_links":{"self":[{"href":"https:\/\/www.gold.fr\/news\/wp-json\/wp\/v2\/posts\/11421","targetHints":{"allow":["GET"]}}],"collection":[{"href":"https:\/\/www.gold.fr\/news\/wp-json\/wp\/v2\/posts"}],"about":[{"href":"https:\/\/www.gold.fr\/news\/wp-json\/wp\/v2\/types\/post"}],"author":[{"embeddable":true,"href":"https:\/\/www.gold.fr\/news\/wp-json\/wp\/v2\/users\/43"}],"replies":[{"embeddable":true,"href":"https:\/\/www.gold.fr\/news\/wp-json\/wp\/v2\/comments?post=11421"}],"version-history":[{"count":0,"href":"https:\/\/www.gold.fr\/news\/wp-json\/wp\/v2\/posts\/11421\/revisions"}],"wp:featuredmedia":[{"embeddable":true,"href":"https:\/\/www.gold.fr\/news\/wp-json\/wp\/v2\/media\/35196"}],"wp:attachment":[{"href":"https:\/\/www.gold.fr\/news\/wp-json\/wp\/v2\/media?parent=11421"}],"wp:term":[{"taxonomy":"category","embeddable":true,"href":"https:\/\/www.gold.fr\/news\/wp-json\/wp\/v2\/categories?post=11421"},{"taxonomy":"post_tag","embeddable":true,"href":"https:\/\/www.gold.fr\/news\/wp-json\/wp\/v2\/tags?post=11421"},{"taxonomy":"author","embeddable":true,"href":"https:\/\/www.gold.fr\/news\/wp-json\/wp\/v2\/ppma_author?post=11421"}],"curies":[{"name":"wp","href":"https:\/\/api.w.org\/{rel}","templated":true}]}}