{"id":11390,"date":"2013-04-15T13:15:22","date_gmt":"2013-04-15T11:15:22","guid":{"rendered":"https:\/\/www.gold.fr\/news\/?p=11390"},"modified":"2017-11-02T11:34:02","modified_gmt":"2017-11-02T10:34:02","slug":"lor-sur-la-balance-des-previsions","status":"publish","type":"post","link":"https:\/\/www.gold.fr\/news\/2013\/04\/15\/lor-sur-la-balance-des-previsions\/","title":{"rendered":"L&rsquo;Or sur la balance des pr\u00e9visions"},"content":{"rendered":"<p><span style=\"font-size: small;\"><img loading=\"lazy\" decoding=\"async\" class=\"alignleft size-thumbnail wp-image-11394\" style=\"float: left; margin: 5px; border: 1px solid black;\" title=\"Piece or\" src=\"https:\/\/www.gold.fr\/news\/wp-content\/uploads\/2013\/04\/piece-or-balance-150x150.jpg\" alt=\"\" width=\"150\" height=\"150\" \/>Dans un r\u00e9cent rapport publi\u00e9 le 2 Avril, des analystes de la Soci\u00e9t\u00e9 G\u00e9n\u00e9rale ont annonc\u00e9 des pr\u00e9visions relativement sombres pour l&rsquo;<a href='https:\/\/www.gold.fr\/news\/tags\/or' class='esk-seo-plu-link'>or<\/a>. Ils s&rsquo;attendent en effet \u00e0 <strong><a title=\"Cours de l'Or \" href=\"https:\/\/www.gold.fr\/cours-prix-de-l-or\/\" target=\"_blank\">un repli des cours<\/a> de l&rsquo;ordre de 15% d&rsquo;ici la fin de 2013 \u00e0 1.375 dollars l&rsquo;once<\/strong>, avec une moyenne de 1500 dollars sur l&rsquo;ensemble de l&rsquo;ann\u00e9e. Pour ces sp\u00e9cialistes, la situation s&rsquo;expliquerait par une embellie des conditions \u00e9conomiques et financi\u00e8res se traduisant de la mani\u00e8re suivante :<\/span>    <span style=\"font-size: small;\">&#8211; Une progression de l&rsquo;inflation qui semble assez bien ma\u00eetris\u00e9e. De plus, cette derni\u00e8re sera compens\u00e9e d&rsquo;une hausse des taux d&rsquo;int\u00e9r\u00eat par la Fed, si elle venait a augmenter de fa\u00e7on \u00ab\u00a0significative\u00a0\u00bb.<\/span>    <span style=\"font-size: small;\">&#8211; Un renforcement du dollar tout le long de l&rsquo;ann\u00e9e 2013, r\u00e9duirait l&rsquo;attrait de l&rsquo;<a href='https:\/\/www.gold.fr\/news\/tags\/or' class='esk-seo-plu-link'>or<\/a> comme une source de diversification des r\u00e9serves des banques centrales. L&rsquo;assouplissement mon\u00e9taire au Japon a d\u00e9j\u00e0 valoris\u00e9 le dollar par rapport au yen.<\/span>    <span style=\"font-size: small;\">&#8211; Un d\u00e9sint\u00e9r\u00eat croissant des investisseurs pour les ETF, des produits financiers cot\u00e9s en Bourse et adoss\u00e9s \u00e0 des stocks physiques d&rsquo;<a href='https:\/\/www.gold.fr\/news\/tags\/or' class='esk-seo-plu-link'>or<\/a>. Le volume global a chut\u00e9 d&rsquo;environ 140 tonnes depuis le d\u00e9but de l&rsquo;ann\u00e9e.<\/span>    <span style=\"font-size: small;\">&#8211; Une stabilisation de la trajectoire de la dette publique semble se profiler, sachant que son explosion a co\u00efncid\u00e9 avec le march\u00e9 haussier de l&rsquo;<a href='https:\/\/www.gold.fr\/news\/tags\/or' class='esk-seo-plu-link'>or<\/a>.<\/span>    <span style=\"font-size: small;\">&#8211; Un ralentissement de la croissance chinoise qui a provoqu\u00e9 une baisse de la demande nationale, devrait peser sur le d\u00e9sir de d\u00e9tention du <a href='https:\/\/www.gold.fr\/news\/tags\/or' class='esk-seo-plu-link'>m\u00e9tal pr\u00e9cieux<\/a>. La baisse des cours stimulant la demande de bijoux serait insuffisante.<\/span>    <span style=\"font-size: small;\">&#8211; Une hausse de la production mini\u00e8re qui a enregistr\u00e9 2.6% en 2010, 6% en 2011 et 0,6% en 2012 devrait se poursuivre en 2013 et en 2014 engendrant un exc\u00e9dent d&rsquo;offre d&rsquo;<a href='https:\/\/www.gold.fr\/news\/tags\/or' class='esk-seo-plu-link'>or<\/a> par rapport \u00e0 la demande attendue.<\/span>    <span style=\"font-size: small;\">Cependant, ces pr\u00e9visions ne concordent pas avec celles de Bloomberg qui anticipe une moyenne de <a title=\"Cours Once d'Or\" href=\"https:\/\/www.gold.fr\/cours-prix-de-l-or\/once-d-or-jp-gaultier\/\" target=\"_blank\">1.752 dollars pour l&rsquo;once d&rsquo;or<\/a> d&rsquo;ici la fin de l&rsquo;ann\u00e9e. Ceci semble par ailleurs plus \u00ab\u00a0logique\u00a0\u00bb \u00e0 l&rsquo;heure actuelle car c&rsquo;est un leurre de croire que l&rsquo;\u00e9conomie est repartie solidement. En effet, la confiance des investisseurs dans les diff\u00e9rentes monnaies est bien loin d&rsquo;\u00eatre r\u00e9tablie, la poursuite des injections de liquidit\u00e9s est pr\u00e9vue chez les plus grandes puissances,<strong> le rapatriement des stocks d&rsquo;<a href='https:\/\/www.gold.fr\/news\/tags\/or' class='esk-seo-plu-link'>or<\/a> ainsi que l&rsquo;achat massif des Banques centrales sont des \u00e9l\u00e9ments pour le moins r\u00e9v\u00e9lateurs<\/strong>.<\/span>    <span style=\"font-size: small;\">En r\u00e9alit\u00e9 les perspectives \u00e9conomiques des deux c\u00f4t\u00e9s de l&rsquo;atlantique ne sont gu\u00e8re r\u00e9jouissantes et il reste difficile de pr\u00e9voir avec exactitude l&rsquo;orientation prochaine des <a href='https:\/\/www.gold.fr\/news\/tags\/cours-de-lor' class='esk-seo-plu-link'>cours de l&rsquo;or<\/a>. Cependant une chose est s\u00fbre, c&rsquo;est que durant les zones de turbulences politico-socio-\u00e9conomique, le <a href='https:\/\/www.gold.fr\/news\/tags\/or' class='esk-seo-plu-link'>m\u00e9tal pr\u00e9cieux<\/a> a toujours eu le dernier mot !<\/span>  <\/p>\n<p style=\"text-align: right;\"><span style=\"font-size: x-small;\">(Sources : Soci\u00e9t\u00e9 G\u00e9n\u00e9rale\/Le Figaro)<\/span><\/p>\n<!-- AddThis Advanced Settings generic via filter on the_content --><!-- AddThis Share Buttons generic via filter on the_content -->","protected":false},"excerpt":{"rendered":"<p>Dans un r\u00e9cent rapport publi\u00e9 le 2 Avril, des analystes de la Soci\u00e9t\u00e9 G\u00e9n\u00e9rale ont annonc\u00e9 des pr\u00e9visions relativement sombres pour l&rsquo;or. Ils s&rsquo;attendent en effet \u00e0 un repli des cours de l&rsquo;ordre de 15% d&rsquo;ici [&hellip;]<\/p>\n","protected":false},"author":43,"featured_media":11394,"comment_status":"open","ping_status":"open","sticky":false,"template":"","format":"standard","meta":{"_mbp_gutenberg_autopost":false,"_pgmb_is_evergreen":false,"_pgmb_ap_template_id":0,"footnotes":""},"categories":[4],"tags":[1171,961],"ppma_author":[2562],"class_list":["post-11390","post","type-post","status-publish","format-standard","has-post-thumbnail","hentry","category-analyses-economiques","tag-baisse-cours-or","tag-cours-or"],"yoast_head":"<!-- This site is optimized with the Yoast SEO plugin v27.5 - https:\/\/yoast.com\/product\/yoast-seo-wordpress\/ -->\n<title>L&#039;Or sur la balance des pr\u00e9visions - Gold.fr<\/title>\n<meta name=\"robots\" content=\"index, follow, max-snippet:-1, max-image-preview:large, max-video-preview:-1\" \/>\n<link rel=\"canonical\" href=\"https:\/\/www.gold.fr\/news\/2013\/04\/15\/lor-sur-la-balance-des-previsions\/\" \/>\n<meta property=\"og:locale\" content=\"fr_FR\" \/>\n<meta property=\"og:type\" content=\"article\" \/>\n<meta property=\"og:title\" content=\"L&#039;Or sur la balance des pr\u00e9visions - Gold.fr\" \/>\n<meta property=\"og:description\" content=\"Dans un r\u00e9cent rapport publi\u00e9 le 2 Avril, des analystes de la Soci\u00e9t\u00e9 G\u00e9n\u00e9rale ont annonc\u00e9 des pr\u00e9visions relativement sombres pour l&rsquo;or. Ils s&rsquo;attendent en effet \u00e0 un repli des cours de l&rsquo;ordre de 15% d&rsquo;ici [&hellip;]\" \/>\n<meta property=\"og:url\" content=\"https:\/\/www.gold.fr\/news\/2013\/04\/15\/lor-sur-la-balance-des-previsions\/\" \/>\n<meta property=\"og:site_name\" content=\"Gold.fr\" \/>\n<meta property=\"article:publisher\" content=\"https:\/\/www.facebook.com\/Goldfr\/\" \/>\n<meta property=\"article:published_time\" content=\"2013-04-15T11:15:22+00:00\" \/>\n<meta property=\"article:modified_time\" content=\"2017-11-02T10:34:02+00:00\" \/>\n<meta property=\"og:image\" content=\"https:\/\/www.gold.fr\/news\/wp-content\/uploads\/2013\/04\/piece-or-balance.jpg\" \/>\n\t<meta property=\"og:image:width\" content=\"600\" \/>\n\t<meta property=\"og:image:height\" content=\"441\" \/>\n\t<meta property=\"og:image:type\" content=\"image\/jpeg\" \/>\n<meta name=\"author\" content=\"Anthony\" \/>\n<meta name=\"twitter:card\" content=\"summary_large_image\" \/>\n<meta name=\"twitter:label1\" content=\"\u00c9crit par\" \/>\n\t<meta name=\"twitter:data1\" content=\"Samy\" \/>\n\t<meta name=\"twitter:label2\" content=\"Dur\u00e9e de lecture estim\u00e9e\" \/>\n\t<meta name=\"twitter:data2\" content=\"2 minutes\" \/>\n<script type=\"application\/ld+json\" class=\"yoast-schema-graph\">{\"@context\":\"https:\\\/\\\/schema.org\",\"@graph\":[{\"@type\":\"Article\",\"@id\":\"https:\\\/\\\/www.gold.fr\\\/news\\\/2013\\\/04\\\/15\\\/lor-sur-la-balance-des-previsions\\\/#article\",\"isPartOf\":{\"@id\":\"https:\\\/\\\/www.gold.fr\\\/news\\\/2013\\\/04\\\/15\\\/lor-sur-la-balance-des-previsions\\\/\"},\"author\":{\"name\":\"Samy\",\"@id\":\"https:\\\/\\\/www.gold.fr\\\/news\\\/#\\\/schema\\\/person\\\/6a977448ae6ba85f43a46d35fc66f82b\"},\"headline\":\"L&rsquo;Or sur la balance des pr\u00e9visions\",\"datePublished\":\"2013-04-15T11:15:22+00:00\",\"dateModified\":\"2017-11-02T10:34:02+00:00\",\"mainEntityOfPage\":{\"@id\":\"https:\\\/\\\/www.gold.fr\\\/news\\\/2013\\\/04\\\/15\\\/lor-sur-la-balance-des-previsions\\\/\"},\"wordCount\":506,\"commentCount\":4,\"image\":{\"@id\":\"https:\\\/\\\/www.gold.fr\\\/news\\\/2013\\\/04\\\/15\\\/lor-sur-la-balance-des-previsions\\\/#primaryimage\"},\"thumbnailUrl\":\"https:\\\/\\\/www.gold.fr\\\/news\\\/wp-content\\\/uploads\\\/2013\\\/04\\\/piece-or-balance.jpg\",\"keywords\":[\"baisse cours or\",\"cours or\"],\"articleSection\":[\"Analyses Economiques\"],\"inLanguage\":\"fr-FR\"},{\"@type\":\"WebPage\",\"@id\":\"https:\\\/\\\/www.gold.fr\\\/news\\\/2013\\\/04\\\/15\\\/lor-sur-la-balance-des-previsions\\\/\",\"url\":\"https:\\\/\\\/www.gold.fr\\\/news\\\/2013\\\/04\\\/15\\\/lor-sur-la-balance-des-previsions\\\/\",\"name\":\"L'Or sur la balance des pr\u00e9visions - Gold.fr\",\"isPartOf\":{\"@id\":\"https:\\\/\\\/www.gold.fr\\\/news\\\/#website\"},\"primaryImageOfPage\":{\"@id\":\"https:\\\/\\\/www.gold.fr\\\/news\\\/2013\\\/04\\\/15\\\/lor-sur-la-balance-des-previsions\\\/#primaryimage\"},\"image\":{\"@id\":\"https:\\\/\\\/www.gold.fr\\\/news\\\/2013\\\/04\\\/15\\\/lor-sur-la-balance-des-previsions\\\/#primaryimage\"},\"thumbnailUrl\":\"https:\\\/\\\/www.gold.fr\\\/news\\\/wp-content\\\/uploads\\\/2013\\\/04\\\/piece-or-balance.jpg\",\"datePublished\":\"2013-04-15T11:15:22+00:00\",\"dateModified\":\"2017-11-02T10:34:02+00:00\",\"author\":{\"@id\":\"https:\\\/\\\/www.gold.fr\\\/news\\\/#\\\/schema\\\/person\\\/6a977448ae6ba85f43a46d35fc66f82b\"},\"breadcrumb\":{\"@id\":\"https:\\\/\\\/www.gold.fr\\\/news\\\/2013\\\/04\\\/15\\\/lor-sur-la-balance-des-previsions\\\/#breadcrumb\"},\"inLanguage\":\"fr-FR\",\"potentialAction\":[{\"@type\":\"ReadAction\",\"target\":[\"https:\\\/\\\/www.gold.fr\\\/news\\\/2013\\\/04\\\/15\\\/lor-sur-la-balance-des-previsions\\\/\"]}]},{\"@type\":\"ImageObject\",\"inLanguage\":\"fr-FR\",\"@id\":\"https:\\\/\\\/www.gold.fr\\\/news\\\/2013\\\/04\\\/15\\\/lor-sur-la-balance-des-previsions\\\/#primaryimage\",\"url\":\"https:\\\/\\\/www.gold.fr\\\/news\\\/wp-content\\\/uploads\\\/2013\\\/04\\\/piece-or-balance.jpg\",\"contentUrl\":\"https:\\\/\\\/www.gold.fr\\\/news\\\/wp-content\\\/uploads\\\/2013\\\/04\\\/piece-or-balance.jpg\",\"width\":\"600\",\"height\":\"441\",\"caption\":\"L\u2019once en \u00e9quilibre suite \u00e0 la publication du rapport de la Fed\"},{\"@type\":\"BreadcrumbList\",\"@id\":\"https:\\\/\\\/www.gold.fr\\\/news\\\/2013\\\/04\\\/15\\\/lor-sur-la-balance-des-previsions\\\/#breadcrumb\",\"itemListElement\":[{\"@type\":\"ListItem\",\"position\":1,\"name\":\"Accueil\",\"item\":\"https:\\\/\\\/www.gold.fr\\\/\"},{\"@type\":\"ListItem\",\"position\":2,\"name\":\"Actualit\u00e9s\",\"item\":\"https:\\\/\\\/www.gold.fr\\\/news\\\/\"},{\"@type\":\"ListItem\",\"position\":3,\"name\":\"L&rsquo;Or sur la balance des pr\u00e9visions\"}]},{\"@type\":\"WebSite\",\"@id\":\"https:\\\/\\\/www.gold.fr\\\/news\\\/#website\",\"url\":\"https:\\\/\\\/www.gold.fr\\\/news\\\/\",\"name\":\"Gold.fr\",\"description\":\"Actualit\u00e9s de l&#039;Or et des m\u00e9taux pr\u00e9cieux\",\"potentialAction\":[{\"@type\":\"SearchAction\",\"target\":{\"@type\":\"EntryPoint\",\"urlTemplate\":\"https:\\\/\\\/www.gold.fr\\\/news\\\/?s={search_term_string}\"},\"query-input\":{\"@type\":\"PropertyValueSpecification\",\"valueRequired\":true,\"valueName\":\"search_term_string\"}}],\"inLanguage\":\"fr-FR\"},{\"@type\":\"Person\",\"@id\":\"https:\\\/\\\/www.gold.fr\\\/news\\\/#\\\/schema\\\/person\\\/6a977448ae6ba85f43a46d35fc66f82b\",\"name\":\"Samy\",\"image\":{\"@type\":\"ImageObject\",\"inLanguage\":\"fr-FR\",\"@id\":\"https:\\\/\\\/secure.gravatar.com\\\/avatar\\\/ec3b1ee8da06b98b0d3b7da383393987ae73756a23e0f3ec4c1ea09e0e65804d?s=96&d=mm&r=g9bbe2ee6067d4fa1a1e531a356169f97\",\"url\":\"https:\\\/\\\/secure.gravatar.com\\\/avatar\\\/ec3b1ee8da06b98b0d3b7da383393987ae73756a23e0f3ec4c1ea09e0e65804d?s=96&d=mm&r=g\",\"contentUrl\":\"https:\\\/\\\/secure.gravatar.com\\\/avatar\\\/ec3b1ee8da06b98b0d3b7da383393987ae73756a23e0f3ec4c1ea09e0e65804d?s=96&d=mm&r=g\",\"caption\":\"Samy\"},\"description\":\"Notre r\u00e9daction est constitu\u00e9e de membres experts dans les m\u00e9tiers de l'\u00e9conomie et la gestion, des Responsables d'agence Comptoir National de l'Or, des analystes financiers qui publient r\u00e9guli\u00e8rement des \u00e9tudes sur les politiques des banques centrales, le cours de l'or, le cours de l'argent, cours du platine, cours du palladium... la situation en zone euro et l'impact de la strat\u00e9gie mon\u00e9taire de la FED. Notre \u00e9quipe scrute \u00e9galement une information plus g\u00e9n\u00e9raliste \u00e0 la recherche d'actualit\u00e9 \\\"p\u00e9pite\\\" \u00e0 vous partager. Depuis 5 ans, nous avons publi\u00e9 un peu plus de 4000 articles qui s'adressent \u00e0 un public large et vari\u00e9 ayant pour objectif de satisfaire votre curiosit\u00e9 et de partager avec vous une certaine fascination pour le m\u00e9tal jaune, pour ceux qui veulent investir dans l'or, vendre leur or tout simplement en savoir plus...\"}]}<\/script>\n<!-- \/ Yoast SEO plugin. -->","yoast_head_json":{"title":"L'Or sur la balance des pr\u00e9visions - Gold.fr","robots":{"index":"index","follow":"follow","max-snippet":"max-snippet:-1","max-image-preview":"max-image-preview:large","max-video-preview":"max-video-preview:-1"},"canonical":"https:\/\/www.gold.fr\/news\/2013\/04\/15\/lor-sur-la-balance-des-previsions\/","og_locale":"fr_FR","og_type":"article","og_title":"L'Or sur la balance des pr\u00e9visions - Gold.fr","og_description":"Dans un r\u00e9cent rapport publi\u00e9 le 2 Avril, des analystes de la Soci\u00e9t\u00e9 G\u00e9n\u00e9rale ont annonc\u00e9 des pr\u00e9visions relativement sombres pour l&rsquo;or. Ils s&rsquo;attendent en effet \u00e0 un repli des cours de l&rsquo;ordre de 15% d&rsquo;ici [&hellip;]","og_url":"https:\/\/www.gold.fr\/news\/2013\/04\/15\/lor-sur-la-balance-des-previsions\/","og_site_name":"Gold.fr","article_publisher":"https:\/\/www.facebook.com\/Goldfr\/","article_published_time":"2013-04-15T11:15:22+00:00","article_modified_time":"2017-11-02T10:34:02+00:00","og_image":[{"width":600,"height":441,"url":"https:\/\/www.gold.fr\/news\/wp-content\/uploads\/2013\/04\/piece-or-balance.jpg","type":"image\/jpeg"}],"author":"Anthony","twitter_card":"summary_large_image","twitter_misc":{"\u00c9crit par":"Samy","Dur\u00e9e de lecture estim\u00e9e":"2 minutes"},"schema":{"@context":"https:\/\/schema.org","@graph":[{"@type":"Article","@id":"https:\/\/www.gold.fr\/news\/2013\/04\/15\/lor-sur-la-balance-des-previsions\/#article","isPartOf":{"@id":"https:\/\/www.gold.fr\/news\/2013\/04\/15\/lor-sur-la-balance-des-previsions\/"},"author":{"name":"Samy","@id":"https:\/\/www.gold.fr\/news\/#\/schema\/person\/6a977448ae6ba85f43a46d35fc66f82b"},"headline":"L&rsquo;Or sur la balance des pr\u00e9visions","datePublished":"2013-04-15T11:15:22+00:00","dateModified":"2017-11-02T10:34:02+00:00","mainEntityOfPage":{"@id":"https:\/\/www.gold.fr\/news\/2013\/04\/15\/lor-sur-la-balance-des-previsions\/"},"wordCount":506,"commentCount":4,"image":{"@id":"https:\/\/www.gold.fr\/news\/2013\/04\/15\/lor-sur-la-balance-des-previsions\/#primaryimage"},"thumbnailUrl":"https:\/\/www.gold.fr\/news\/wp-content\/uploads\/2013\/04\/piece-or-balance.jpg","keywords":["baisse cours or","cours or"],"articleSection":["Analyses Economiques"],"inLanguage":"fr-FR"},{"@type":"WebPage","@id":"https:\/\/www.gold.fr\/news\/2013\/04\/15\/lor-sur-la-balance-des-previsions\/","url":"https:\/\/www.gold.fr\/news\/2013\/04\/15\/lor-sur-la-balance-des-previsions\/","name":"L'Or sur la balance des pr\u00e9visions - Gold.fr","isPartOf":{"@id":"https:\/\/www.gold.fr\/news\/#website"},"primaryImageOfPage":{"@id":"https:\/\/www.gold.fr\/news\/2013\/04\/15\/lor-sur-la-balance-des-previsions\/#primaryimage"},"image":{"@id":"https:\/\/www.gold.fr\/news\/2013\/04\/15\/lor-sur-la-balance-des-previsions\/#primaryimage"},"thumbnailUrl":"https:\/\/www.gold.fr\/news\/wp-content\/uploads\/2013\/04\/piece-or-balance.jpg","datePublished":"2013-04-15T11:15:22+00:00","dateModified":"2017-11-02T10:34:02+00:00","author":{"@id":"https:\/\/www.gold.fr\/news\/#\/schema\/person\/6a977448ae6ba85f43a46d35fc66f82b"},"breadcrumb":{"@id":"https:\/\/www.gold.fr\/news\/2013\/04\/15\/lor-sur-la-balance-des-previsions\/#breadcrumb"},"inLanguage":"fr-FR","potentialAction":[{"@type":"ReadAction","target":["https:\/\/www.gold.fr\/news\/2013\/04\/15\/lor-sur-la-balance-des-previsions\/"]}]},{"@type":"ImageObject","inLanguage":"fr-FR","@id":"https:\/\/www.gold.fr\/news\/2013\/04\/15\/lor-sur-la-balance-des-previsions\/#primaryimage","url":"https:\/\/www.gold.fr\/news\/wp-content\/uploads\/2013\/04\/piece-or-balance.jpg","contentUrl":"https:\/\/www.gold.fr\/news\/wp-content\/uploads\/2013\/04\/piece-or-balance.jpg","width":"600","height":"441","caption":"L\u2019once en \u00e9quilibre suite \u00e0 la publication du rapport de la Fed"},{"@type":"BreadcrumbList","@id":"https:\/\/www.gold.fr\/news\/2013\/04\/15\/lor-sur-la-balance-des-previsions\/#breadcrumb","itemListElement":[{"@type":"ListItem","position":1,"name":"Accueil","item":"https:\/\/www.gold.fr\/"},{"@type":"ListItem","position":2,"name":"Actualit\u00e9s","item":"https:\/\/www.gold.fr\/news\/"},{"@type":"ListItem","position":3,"name":"L&rsquo;Or sur la balance des pr\u00e9visions"}]},{"@type":"WebSite","@id":"https:\/\/www.gold.fr\/news\/#website","url":"https:\/\/www.gold.fr\/news\/","name":"Gold.fr","description":"Actualit\u00e9s de l&#039;Or et des m\u00e9taux pr\u00e9cieux","potentialAction":[{"@type":"SearchAction","target":{"@type":"EntryPoint","urlTemplate":"https:\/\/www.gold.fr\/news\/?s={search_term_string}"},"query-input":{"@type":"PropertyValueSpecification","valueRequired":true,"valueName":"search_term_string"}}],"inLanguage":"fr-FR"},{"@type":"Person","@id":"https:\/\/www.gold.fr\/news\/#\/schema\/person\/6a977448ae6ba85f43a46d35fc66f82b","name":"Samy","image":{"@type":"ImageObject","inLanguage":"fr-FR","@id":"https:\/\/secure.gravatar.com\/avatar\/ec3b1ee8da06b98b0d3b7da383393987ae73756a23e0f3ec4c1ea09e0e65804d?s=96&d=mm&r=g9bbe2ee6067d4fa1a1e531a356169f97","url":"https:\/\/secure.gravatar.com\/avatar\/ec3b1ee8da06b98b0d3b7da383393987ae73756a23e0f3ec4c1ea09e0e65804d?s=96&d=mm&r=g","contentUrl":"https:\/\/secure.gravatar.com\/avatar\/ec3b1ee8da06b98b0d3b7da383393987ae73756a23e0f3ec4c1ea09e0e65804d?s=96&d=mm&r=g","caption":"Samy"},"description":"Notre r\u00e9daction est constitu\u00e9e de membres experts dans les m\u00e9tiers de l'\u00e9conomie et la gestion, des Responsables d'agence Comptoir National de l'Or, des analystes financiers qui publient r\u00e9guli\u00e8rement des \u00e9tudes sur les politiques des banques centrales, le cours de l'or, le cours de l'argent, cours du platine, cours du palladium... la situation en zone euro et l'impact de la strat\u00e9gie mon\u00e9taire de la FED. Notre \u00e9quipe scrute \u00e9galement une information plus g\u00e9n\u00e9raliste \u00e0 la recherche d'actualit\u00e9 \"p\u00e9pite\" \u00e0 vous partager. Depuis 5 ans, nous avons publi\u00e9 un peu plus de 4000 articles qui s'adressent \u00e0 un public large et vari\u00e9 ayant pour objectif de satisfaire votre curiosit\u00e9 et de partager avec vous une certaine fascination pour le m\u00e9tal jaune, pour ceux qui veulent investir dans l'or, vendre leur or tout simplement en savoir plus..."}]}},"authors":[{"term_id":2562,"user_id":11,"is_guest":0,"slug":null,"display_name":"Anthony","avatar_url":"https:\/\/secure.gravatar.com\/avatar\/19974f7c75da5f0b217374f3a37eb05031e41aaad4ceb3fe17ada2ab3daf6b95?s=96&d=mm&r=g","0":null,"1":"","2":"","3":"","4":"","5":"","6":"","7":"","8":""}],"_links":{"self":[{"href":"https:\/\/www.gold.fr\/news\/wp-json\/wp\/v2\/posts\/11390","targetHints":{"allow":["GET"]}}],"collection":[{"href":"https:\/\/www.gold.fr\/news\/wp-json\/wp\/v2\/posts"}],"about":[{"href":"https:\/\/www.gold.fr\/news\/wp-json\/wp\/v2\/types\/post"}],"author":[{"embeddable":true,"href":"https:\/\/www.gold.fr\/news\/wp-json\/wp\/v2\/users\/43"}],"replies":[{"embeddable":true,"href":"https:\/\/www.gold.fr\/news\/wp-json\/wp\/v2\/comments?post=11390"}],"version-history":[{"count":0,"href":"https:\/\/www.gold.fr\/news\/wp-json\/wp\/v2\/posts\/11390\/revisions"}],"wp:featuredmedia":[{"embeddable":true,"href":"https:\/\/www.gold.fr\/news\/wp-json\/wp\/v2\/media\/11394"}],"wp:attachment":[{"href":"https:\/\/www.gold.fr\/news\/wp-json\/wp\/v2\/media?parent=11390"}],"wp:term":[{"taxonomy":"category","embeddable":true,"href":"https:\/\/www.gold.fr\/news\/wp-json\/wp\/v2\/categories?post=11390"},{"taxonomy":"post_tag","embeddable":true,"href":"https:\/\/www.gold.fr\/news\/wp-json\/wp\/v2\/tags?post=11390"},{"taxonomy":"author","embeddable":true,"href":"https:\/\/www.gold.fr\/news\/wp-json\/wp\/v2\/ppma_author?post=11390"}],"curies":[{"name":"wp","href":"https:\/\/api.w.org\/{rel}","templated":true}]}}