{"id":11385,"date":"2013-04-15T17:00:06","date_gmt":"2013-04-15T15:00:06","guid":{"rendered":"https:\/\/www.gold.fr\/news\/?p=11385"},"modified":"2017-11-02T11:34:01","modified_gmt":"2017-11-02T10:34:01","slug":"baisse-de-lor-il-faut-en-profiter","status":"publish","type":"post","link":"https:\/\/www.gold.fr\/news\/2013\/04\/15\/baisse-de-lor-il-faut-en-profiter\/","title":{"rendered":"Baisse de l\u2019or : Il faut en profiter !"},"content":{"rendered":"<p><span style=\"font-size: small;\"><img loading=\"lazy\" decoding=\"async\" class=\"alignleft size-thumbnail wp-image-6295\" title=\"Baisse de l\u2019or : Il faut en profiter !\" src=\"https:\/\/www.gold.fr\/news\/wp-content\/uploads\/2012\/03\/baisse-cours-de-lor-de-bourse-150x150.jpg\" alt=\"\" width=\"150\" height=\"150\" \/>En pleine <a title=\"Correction de l\u2019or \u2013 Des ventes techniques temporaires\" href=\"https:\/\/www.gold.fr\/news\/2013\/04\/11\/correction-de-lor-des-ventes-techniques-temporaires\/11337\/\" target=\"_blank\">phase prolong\u00e9e de correction<\/a>, l&rsquo;<a href='https:\/\/www.gold.fr\/news\/tags\/or' class='esk-seo-plu-link'>or<\/a> semble actuellement subir une vague massive d&rsquo;importants mouvements de vente. Et les perspectives, \u00e0 court terme, de hausse des taux d&rsquo;int\u00e9r\u00eats (op\u00e9r\u00e9s par la <strong>R\u00e9serve F\u00e9d\u00e9rale Am\u00e9ricaine<\/strong>), n&rsquo;y sont pas pour rien.<\/span>    <span style=\"font-size: small;\"> Le repli enregistr\u00e9 sur le march\u00e9 aurif\u00e8re est essentiellement caus\u00e9 par les plus r\u00e9centes annonces de la <strong>FED<\/strong>. En effet, le proc\u00e8s-verbal du conseil d&rsquo;orientation de la banque centrale am\u00e9ricaine (qui a eu lieu <strong>les 19 et 20 mars 2013<\/strong>) avait r\u00e9v\u00e9l\u00e9 que \u00ab <em>plusieurs de ses membres estimaient que les assouplissements quantitatifs diminueraient vers le milieu de l&rsquo;ann\u00e9e<\/em> \u00bb, avec, \u00e9ventuellement, une mise \u00e0 terme d\u00e9finitive de cette politique accommodante vers la fin d&rsquo;ann\u00e9e. Un de ces membres avait m\u00eame \u00e9mit la suggestion d&rsquo;y mettre un terme \u00ab <em>imm\u00e9diatement <\/em>\u00bb.<\/span>    <span style=\"font-size: small;\"> Et bien que certains analystes mettent d\u00e9j\u00e0 en place les sc\u00e9narios les plus pessimistes quant au proche futur de l&rsquo;<a href='https:\/\/www.gold.fr\/news\/tags\/or' class='esk-seo-plu-link'>or<\/a>, d&rsquo;autres \u2013plus r\u00e9alistes- voient surtout en cette p\u00e9riode une occasion immanquable de faire des acquisitions massives. Le march\u00e9 aurif\u00e8re offre, en effet, tr\u00e8s peu d&rsquo;occasions, aux investisseurs particuliers \u00e0 petits budgets, de faire des placements ou d&rsquo;effectuer des achats. Cette perte de vitesse passag\u00e8re est donc l&rsquo;occasion de passer \u00e0 l&rsquo;une des nombreuses agences <a title=\"Achat d\u2019Or\" href=\"https:\/\/www.gold.fr\/achat-or\/\" target=\"_blank\">d\u2019achat\/vente d\u2019or<\/a> et d&rsquo;\u00e9largir la gamme de ses choix dor\u00e9s.<\/span><\/p>\n<!-- AddThis Advanced Settings generic via filter on the_content --><!-- AddThis Share Buttons generic via filter on the_content -->","protected":false},"excerpt":{"rendered":"<p>En pleine phase prolong\u00e9e de correction, l&rsquo;or semble actuellement subir une vague massive d&rsquo;importants mouvements de vente. Et les perspectives, \u00e0 court terme, de hausse des taux d&rsquo;int\u00e9r\u00eats (op\u00e9r\u00e9s par la R\u00e9serve F\u00e9d\u00e9rale Am\u00e9ricaine), n&rsquo;y sont [&hellip;]<\/p>\n","protected":false},"author":18,"featured_media":6295,"comment_status":"open","ping_status":"open","sticky":false,"template":"","format":"standard","meta":{"_mbp_gutenberg_autopost":false,"_pgmb_is_evergreen":false,"_pgmb_ap_template_id":0,"footnotes":""},"categories":[6],"tags":[231,1269,1172,144],"ppma_author":[2565],"class_list":["post-11385","post","type-post","status-publish","format-standard","has-post-thumbnail","hentry","category-articles-de-presse","tag-achat-or","tag-baisse-or","tag-correction-or","tag-fed"],"yoast_head":"<!-- This site is optimized with the Yoast SEO plugin v27.5 - https:\/\/yoast.com\/product\/yoast-seo-wordpress\/ -->\n<title>Baisse de l\u2019or : Il faut en profiter ! - Gold.fr<\/title>\n<meta name=\"robots\" content=\"index, follow, max-snippet:-1, max-image-preview:large, max-video-preview:-1\" \/>\n<link rel=\"canonical\" href=\"https:\/\/www.gold.fr\/news\/2013\/04\/15\/baisse-de-lor-il-faut-en-profiter\/\" \/>\n<meta property=\"og:locale\" content=\"fr_FR\" \/>\n<meta property=\"og:type\" content=\"article\" \/>\n<meta property=\"og:title\" content=\"Baisse de l\u2019or : Il faut en profiter ! - Gold.fr\" \/>\n<meta property=\"og:description\" content=\"En pleine phase prolong\u00e9e de correction, l&rsquo;or semble actuellement subir une vague massive d&rsquo;importants mouvements de vente. Et les perspectives, \u00e0 court terme, de hausse des taux d&rsquo;int\u00e9r\u00eats (op\u00e9r\u00e9s par la R\u00e9serve F\u00e9d\u00e9rale Am\u00e9ricaine), n&rsquo;y sont [&hellip;]\" \/>\n<meta property=\"og:url\" content=\"https:\/\/www.gold.fr\/news\/2013\/04\/15\/baisse-de-lor-il-faut-en-profiter\/\" \/>\n<meta property=\"og:site_name\" content=\"Gold.fr\" \/>\n<meta property=\"article:publisher\" content=\"https:\/\/www.facebook.com\/Goldfr\/\" \/>\n<meta property=\"article:published_time\" content=\"2013-04-15T15:00:06+00:00\" \/>\n<meta property=\"article:modified_time\" content=\"2017-11-02T10:34:01+00:00\" \/>\n<meta property=\"og:image\" content=\"https:\/\/www.gold.fr\/news\/wp-content\/uploads\/2012\/03\/baisse-cours-de-lor-de-bourse.jpg\" \/>\n\t<meta property=\"og:image:width\" content=\"600\" \/>\n\t<meta property=\"og:image:height\" content=\"451\" \/>\n\t<meta property=\"og:image:type\" content=\"image\/jpeg\" \/>\n<meta name=\"author\" content=\"Comptoir National de l&#039;Or\" \/>\n<meta name=\"twitter:card\" content=\"summary_large_image\" \/>\n<meta name=\"twitter:label1\" content=\"\u00c9crit par\" \/>\n\t<meta name=\"twitter:data1\" content=\"Comptoir National de l&#039;Or\" \/>\n\t<meta name=\"twitter:label2\" content=\"Dur\u00e9e de lecture estim\u00e9e\" \/>\n\t<meta name=\"twitter:data2\" content=\"1 minute\" \/>\n<script type=\"application\/ld+json\" class=\"yoast-schema-graph\">{\"@context\":\"https:\\\/\\\/schema.org\",\"@graph\":[{\"@type\":\"Article\",\"@id\":\"https:\\\/\\\/www.gold.fr\\\/news\\\/2013\\\/04\\\/15\\\/baisse-de-lor-il-faut-en-profiter\\\/#article\",\"isPartOf\":{\"@id\":\"https:\\\/\\\/www.gold.fr\\\/news\\\/2013\\\/04\\\/15\\\/baisse-de-lor-il-faut-en-profiter\\\/\"},\"author\":{\"name\":\"Comptoir National de l'Or\",\"@id\":\"https:\\\/\\\/www.gold.fr\\\/news\\\/#\\\/schema\\\/person\\\/070491b4b4fb7671bf59b3be20302ce9\"},\"headline\":\"Baisse de l\u2019or : Il faut en profiter !\",\"datePublished\":\"2013-04-15T15:00:06+00:00\",\"dateModified\":\"2017-11-02T10:34:01+00:00\",\"mainEntityOfPage\":{\"@id\":\"https:\\\/\\\/www.gold.fr\\\/news\\\/2013\\\/04\\\/15\\\/baisse-de-lor-il-faut-en-profiter\\\/\"},\"wordCount\":257,\"commentCount\":5,\"image\":{\"@id\":\"https:\\\/\\\/www.gold.fr\\\/news\\\/2013\\\/04\\\/15\\\/baisse-de-lor-il-faut-en-profiter\\\/#primaryimage\"},\"thumbnailUrl\":\"https:\\\/\\\/www.gold.fr\\\/news\\\/wp-content\\\/uploads\\\/2012\\\/03\\\/baisse-cours-de-lor-de-bourse.jpg\",\"keywords\":[\"Achat or\",\"baisse or\",\"correction or\",\"fed\"],\"articleSection\":[\"Articles de presse\"],\"inLanguage\":\"fr-FR\"},{\"@type\":\"WebPage\",\"@id\":\"https:\\\/\\\/www.gold.fr\\\/news\\\/2013\\\/04\\\/15\\\/baisse-de-lor-il-faut-en-profiter\\\/\",\"url\":\"https:\\\/\\\/www.gold.fr\\\/news\\\/2013\\\/04\\\/15\\\/baisse-de-lor-il-faut-en-profiter\\\/\",\"name\":\"Baisse de l\u2019or : Il faut en profiter ! - Gold.fr\",\"isPartOf\":{\"@id\":\"https:\\\/\\\/www.gold.fr\\\/news\\\/#website\"},\"primaryImageOfPage\":{\"@id\":\"https:\\\/\\\/www.gold.fr\\\/news\\\/2013\\\/04\\\/15\\\/baisse-de-lor-il-faut-en-profiter\\\/#primaryimage\"},\"image\":{\"@id\":\"https:\\\/\\\/www.gold.fr\\\/news\\\/2013\\\/04\\\/15\\\/baisse-de-lor-il-faut-en-profiter\\\/#primaryimage\"},\"thumbnailUrl\":\"https:\\\/\\\/www.gold.fr\\\/news\\\/wp-content\\\/uploads\\\/2012\\\/03\\\/baisse-cours-de-lor-de-bourse.jpg\",\"datePublished\":\"2013-04-15T15:00:06+00:00\",\"dateModified\":\"2017-11-02T10:34:01+00:00\",\"author\":{\"@id\":\"https:\\\/\\\/www.gold.fr\\\/news\\\/#\\\/schema\\\/person\\\/070491b4b4fb7671bf59b3be20302ce9\"},\"breadcrumb\":{\"@id\":\"https:\\\/\\\/www.gold.fr\\\/news\\\/2013\\\/04\\\/15\\\/baisse-de-lor-il-faut-en-profiter\\\/#breadcrumb\"},\"inLanguage\":\"fr-FR\",\"potentialAction\":[{\"@type\":\"ReadAction\",\"target\":[\"https:\\\/\\\/www.gold.fr\\\/news\\\/2013\\\/04\\\/15\\\/baisse-de-lor-il-faut-en-profiter\\\/\"]}]},{\"@type\":\"ImageObject\",\"inLanguage\":\"fr-FR\",\"@id\":\"https:\\\/\\\/www.gold.fr\\\/news\\\/2013\\\/04\\\/15\\\/baisse-de-lor-il-faut-en-profiter\\\/#primaryimage\",\"url\":\"https:\\\/\\\/www.gold.fr\\\/news\\\/wp-content\\\/uploads\\\/2012\\\/03\\\/baisse-cours-de-lor-de-bourse.jpg\",\"contentUrl\":\"https:\\\/\\\/www.gold.fr\\\/news\\\/wp-content\\\/uploads\\\/2012\\\/03\\\/baisse-cours-de-lor-de-bourse.jpg\",\"width\":\"600\",\"height\":\"451\",\"caption\":\"L\u2019or subit de nouvelles pressions baissi\u00e8res\"},{\"@type\":\"BreadcrumbList\",\"@id\":\"https:\\\/\\\/www.gold.fr\\\/news\\\/2013\\\/04\\\/15\\\/baisse-de-lor-il-faut-en-profiter\\\/#breadcrumb\",\"itemListElement\":[{\"@type\":\"ListItem\",\"position\":1,\"name\":\"Accueil\",\"item\":\"https:\\\/\\\/www.gold.fr\\\/\"},{\"@type\":\"ListItem\",\"position\":2,\"name\":\"Actualit\u00e9s\",\"item\":\"https:\\\/\\\/www.gold.fr\\\/news\\\/\"},{\"@type\":\"ListItem\",\"position\":3,\"name\":\"Baisse de l\u2019or : Il faut en profiter !\"}]},{\"@type\":\"WebSite\",\"@id\":\"https:\\\/\\\/www.gold.fr\\\/news\\\/#website\",\"url\":\"https:\\\/\\\/www.gold.fr\\\/news\\\/\",\"name\":\"Gold.fr\",\"description\":\"Actualit\u00e9s de l&#039;Or et des m\u00e9taux pr\u00e9cieux\",\"potentialAction\":[{\"@type\":\"SearchAction\",\"target\":{\"@type\":\"EntryPoint\",\"urlTemplate\":\"https:\\\/\\\/www.gold.fr\\\/news\\\/?s={search_term_string}\"},\"query-input\":{\"@type\":\"PropertyValueSpecification\",\"valueRequired\":true,\"valueName\":\"search_term_string\"}}],\"inLanguage\":\"fr-FR\"},{\"@type\":\"Person\",\"@id\":\"https:\\\/\\\/www.gold.fr\\\/news\\\/#\\\/schema\\\/person\\\/070491b4b4fb7671bf59b3be20302ce9\",\"name\":\"Comptoir National de l'Or\",\"image\":{\"@type\":\"ImageObject\",\"inLanguage\":\"fr-FR\",\"@id\":\"https:\\\/\\\/secure.gravatar.com\\\/avatar\\\/0a2867fd5abe37bed95d5a65e9d58f01756e11efc68af9888dfc50cfa7f65948?s=96&d=mm&r=gb490554db0a38188709de567aa58480d\",\"url\":\"https:\\\/\\\/secure.gravatar.com\\\/avatar\\\/0a2867fd5abe37bed95d5a65e9d58f01756e11efc68af9888dfc50cfa7f65948?s=96&d=mm&r=g\",\"contentUrl\":\"https:\\\/\\\/secure.gravatar.com\\\/avatar\\\/0a2867fd5abe37bed95d5a65e9d58f01756e11efc68af9888dfc50cfa7f65948?s=96&d=mm&r=g\",\"caption\":\"Comptoir National de l'Or\"},\"description\":\"Notre r\u00e9daction est constitu\u00e9e de membres experts dans les m\u00e9tiers de l'\u00e9conomie et la gestion, des Responsables d'agence Comptoir National de l'Or, des analystes financiers qui publient r\u00e9guli\u00e8rement des \u00e9tudes sur les politiques des banques centrales, le cours de l'or, prix de l'or, cours de l'argent, prix de l'argent, cours du platine, cours du palladium,... la situation en zone euro et l'impact de la strat\u00e9gie mon\u00e9taire de la FED. Notre \u00e9quipe scrute \u00e9galement une information plus g\u00e9n\u00e9raliste \u00e0 la recherche d'actualit\u00e9 \\\"p\u00e9pite\\\" \u00e0 vous partager. Depuis 5 ans, nous avons publi\u00e9 un peu plus de 4000 articles qui s'adressent \u00e0 un public large et vari\u00e9 ayant pour objectif de satisfaire votre curiosit\u00e9 et de partager avec vous une certaine fascination pour le m\u00e9tal jaune, le rachat d'or, et pour ceux qui veulent investir dans l'or, vendre leur or tout simplement en savoir plus... Pour tous vos achat or et argent, n'h\u00e9sitez pas \u00e0 prendre rendez-vous dans l'un de nos nombreux comptoirs.\",\"sameAs\":[\"https:\\\/\\\/www.gold.fr\"]}]}<\/script>\n<!-- \/ Yoast SEO plugin. -->","yoast_head_json":{"title":"Baisse de l\u2019or : Il faut en profiter ! - Gold.fr","robots":{"index":"index","follow":"follow","max-snippet":"max-snippet:-1","max-image-preview":"max-image-preview:large","max-video-preview":"max-video-preview:-1"},"canonical":"https:\/\/www.gold.fr\/news\/2013\/04\/15\/baisse-de-lor-il-faut-en-profiter\/","og_locale":"fr_FR","og_type":"article","og_title":"Baisse de l\u2019or : Il faut en profiter ! - Gold.fr","og_description":"En pleine phase prolong\u00e9e de correction, l&rsquo;or semble actuellement subir une vague massive d&rsquo;importants mouvements de vente. Et les perspectives, \u00e0 court terme, de hausse des taux d&rsquo;int\u00e9r\u00eats (op\u00e9r\u00e9s par la R\u00e9serve F\u00e9d\u00e9rale Am\u00e9ricaine), n&rsquo;y sont [&hellip;]","og_url":"https:\/\/www.gold.fr\/news\/2013\/04\/15\/baisse-de-lor-il-faut-en-profiter\/","og_site_name":"Gold.fr","article_publisher":"https:\/\/www.facebook.com\/Goldfr\/","article_published_time":"2013-04-15T15:00:06+00:00","article_modified_time":"2017-11-02T10:34:01+00:00","og_image":[{"width":600,"height":451,"url":"https:\/\/www.gold.fr\/news\/wp-content\/uploads\/2012\/03\/baisse-cours-de-lor-de-bourse.jpg","type":"image\/jpeg"}],"author":"Comptoir National de l'Or","twitter_card":"summary_large_image","twitter_misc":{"\u00c9crit par":"Comptoir National de l'Or","Dur\u00e9e de lecture estim\u00e9e":"1 minute"},"schema":{"@context":"https:\/\/schema.org","@graph":[{"@type":"Article","@id":"https:\/\/www.gold.fr\/news\/2013\/04\/15\/baisse-de-lor-il-faut-en-profiter\/#article","isPartOf":{"@id":"https:\/\/www.gold.fr\/news\/2013\/04\/15\/baisse-de-lor-il-faut-en-profiter\/"},"author":{"name":"Comptoir National de l'Or","@id":"https:\/\/www.gold.fr\/news\/#\/schema\/person\/070491b4b4fb7671bf59b3be20302ce9"},"headline":"Baisse de l\u2019or : Il faut en profiter !","datePublished":"2013-04-15T15:00:06+00:00","dateModified":"2017-11-02T10:34:01+00:00","mainEntityOfPage":{"@id":"https:\/\/www.gold.fr\/news\/2013\/04\/15\/baisse-de-lor-il-faut-en-profiter\/"},"wordCount":257,"commentCount":5,"image":{"@id":"https:\/\/www.gold.fr\/news\/2013\/04\/15\/baisse-de-lor-il-faut-en-profiter\/#primaryimage"},"thumbnailUrl":"https:\/\/www.gold.fr\/news\/wp-content\/uploads\/2012\/03\/baisse-cours-de-lor-de-bourse.jpg","keywords":["Achat or","baisse or","correction or","fed"],"articleSection":["Articles de presse"],"inLanguage":"fr-FR"},{"@type":"WebPage","@id":"https:\/\/www.gold.fr\/news\/2013\/04\/15\/baisse-de-lor-il-faut-en-profiter\/","url":"https:\/\/www.gold.fr\/news\/2013\/04\/15\/baisse-de-lor-il-faut-en-profiter\/","name":"Baisse de l\u2019or : Il faut en profiter ! - Gold.fr","isPartOf":{"@id":"https:\/\/www.gold.fr\/news\/#website"},"primaryImageOfPage":{"@id":"https:\/\/www.gold.fr\/news\/2013\/04\/15\/baisse-de-lor-il-faut-en-profiter\/#primaryimage"},"image":{"@id":"https:\/\/www.gold.fr\/news\/2013\/04\/15\/baisse-de-lor-il-faut-en-profiter\/#primaryimage"},"thumbnailUrl":"https:\/\/www.gold.fr\/news\/wp-content\/uploads\/2012\/03\/baisse-cours-de-lor-de-bourse.jpg","datePublished":"2013-04-15T15:00:06+00:00","dateModified":"2017-11-02T10:34:01+00:00","author":{"@id":"https:\/\/www.gold.fr\/news\/#\/schema\/person\/070491b4b4fb7671bf59b3be20302ce9"},"breadcrumb":{"@id":"https:\/\/www.gold.fr\/news\/2013\/04\/15\/baisse-de-lor-il-faut-en-profiter\/#breadcrumb"},"inLanguage":"fr-FR","potentialAction":[{"@type":"ReadAction","target":["https:\/\/www.gold.fr\/news\/2013\/04\/15\/baisse-de-lor-il-faut-en-profiter\/"]}]},{"@type":"ImageObject","inLanguage":"fr-FR","@id":"https:\/\/www.gold.fr\/news\/2013\/04\/15\/baisse-de-lor-il-faut-en-profiter\/#primaryimage","url":"https:\/\/www.gold.fr\/news\/wp-content\/uploads\/2012\/03\/baisse-cours-de-lor-de-bourse.jpg","contentUrl":"https:\/\/www.gold.fr\/news\/wp-content\/uploads\/2012\/03\/baisse-cours-de-lor-de-bourse.jpg","width":"600","height":"451","caption":"L\u2019or subit de nouvelles pressions baissi\u00e8res"},{"@type":"BreadcrumbList","@id":"https:\/\/www.gold.fr\/news\/2013\/04\/15\/baisse-de-lor-il-faut-en-profiter\/#breadcrumb","itemListElement":[{"@type":"ListItem","position":1,"name":"Accueil","item":"https:\/\/www.gold.fr\/"},{"@type":"ListItem","position":2,"name":"Actualit\u00e9s","item":"https:\/\/www.gold.fr\/news\/"},{"@type":"ListItem","position":3,"name":"Baisse de l\u2019or : Il faut en profiter !"}]},{"@type":"WebSite","@id":"https:\/\/www.gold.fr\/news\/#website","url":"https:\/\/www.gold.fr\/news\/","name":"Gold.fr","description":"Actualit\u00e9s de l&#039;Or et des m\u00e9taux pr\u00e9cieux","potentialAction":[{"@type":"SearchAction","target":{"@type":"EntryPoint","urlTemplate":"https:\/\/www.gold.fr\/news\/?s={search_term_string}"},"query-input":{"@type":"PropertyValueSpecification","valueRequired":true,"valueName":"search_term_string"}}],"inLanguage":"fr-FR"},{"@type":"Person","@id":"https:\/\/www.gold.fr\/news\/#\/schema\/person\/070491b4b4fb7671bf59b3be20302ce9","name":"Comptoir National de l'Or","image":{"@type":"ImageObject","inLanguage":"fr-FR","@id":"https:\/\/secure.gravatar.com\/avatar\/0a2867fd5abe37bed95d5a65e9d58f01756e11efc68af9888dfc50cfa7f65948?s=96&d=mm&r=gb490554db0a38188709de567aa58480d","url":"https:\/\/secure.gravatar.com\/avatar\/0a2867fd5abe37bed95d5a65e9d58f01756e11efc68af9888dfc50cfa7f65948?s=96&d=mm&r=g","contentUrl":"https:\/\/secure.gravatar.com\/avatar\/0a2867fd5abe37bed95d5a65e9d58f01756e11efc68af9888dfc50cfa7f65948?s=96&d=mm&r=g","caption":"Comptoir National de l'Or"},"description":"Notre r\u00e9daction est constitu\u00e9e de membres experts dans les m\u00e9tiers de l'\u00e9conomie et la gestion, des Responsables d'agence Comptoir National de l'Or, des analystes financiers qui publient r\u00e9guli\u00e8rement des \u00e9tudes sur les politiques des banques centrales, le cours de l'or, prix de l'or, cours de l'argent, prix de l'argent, cours du platine, cours du palladium,... la situation en zone euro et l'impact de la strat\u00e9gie mon\u00e9taire de la FED. Notre \u00e9quipe scrute \u00e9galement une information plus g\u00e9n\u00e9raliste \u00e0 la recherche d'actualit\u00e9 \"p\u00e9pite\" \u00e0 vous partager. Depuis 5 ans, nous avons publi\u00e9 un peu plus de 4000 articles qui s'adressent \u00e0 un public large et vari\u00e9 ayant pour objectif de satisfaire votre curiosit\u00e9 et de partager avec vous une certaine fascination pour le m\u00e9tal jaune, le rachat d'or, et pour ceux qui veulent investir dans l'or, vendre leur or tout simplement en savoir plus... Pour tous vos achat or et argent, n'h\u00e9sitez pas \u00e0 prendre rendez-vous dans l'un de nos nombreux comptoirs.","sameAs":["https:\/\/www.gold.fr"]}]}},"authors":[{"term_id":2565,"user_id":18,"is_guest":0,"slug":"julie","display_name":"Comptoir National de l'Or","avatar_url":"https:\/\/secure.gravatar.com\/avatar\/713f289e398d35ead876c4a4cc08607f0d6d266058cfc25683fffb6092d0e572?s=96&d=mm&r=g","0":null,"1":"","2":"","3":"","4":"","5":"","6":"","7":"","8":""}],"_links":{"self":[{"href":"https:\/\/www.gold.fr\/news\/wp-json\/wp\/v2\/posts\/11385","targetHints":{"allow":["GET"]}}],"collection":[{"href":"https:\/\/www.gold.fr\/news\/wp-json\/wp\/v2\/posts"}],"about":[{"href":"https:\/\/www.gold.fr\/news\/wp-json\/wp\/v2\/types\/post"}],"author":[{"embeddable":true,"href":"https:\/\/www.gold.fr\/news\/wp-json\/wp\/v2\/users\/18"}],"replies":[{"embeddable":true,"href":"https:\/\/www.gold.fr\/news\/wp-json\/wp\/v2\/comments?post=11385"}],"version-history":[{"count":0,"href":"https:\/\/www.gold.fr\/news\/wp-json\/wp\/v2\/posts\/11385\/revisions"}],"wp:featuredmedia":[{"embeddable":true,"href":"https:\/\/www.gold.fr\/news\/wp-json\/wp\/v2\/media\/6295"}],"wp:attachment":[{"href":"https:\/\/www.gold.fr\/news\/wp-json\/wp\/v2\/media?parent=11385"}],"wp:term":[{"taxonomy":"category","embeddable":true,"href":"https:\/\/www.gold.fr\/news\/wp-json\/wp\/v2\/categories?post=11385"},{"taxonomy":"post_tag","embeddable":true,"href":"https:\/\/www.gold.fr\/news\/wp-json\/wp\/v2\/tags?post=11385"},{"taxonomy":"author","embeddable":true,"href":"https:\/\/www.gold.fr\/news\/wp-json\/wp\/v2\/ppma_author?post=11385"}],"curies":[{"name":"wp","href":"https:\/\/api.w.org\/{rel}","templated":true}]}}