{"id":11370,"date":"2013-04-17T17:00:53","date_gmt":"2013-04-17T15:00:53","guid":{"rendered":"https:\/\/www.gold.fr\/news\/?p=11370"},"modified":"2017-10-26T19:01:05","modified_gmt":"2017-10-26T17:01:05","slug":"leconomie-mondiale-en-phase-de-confusion","status":"publish","type":"post","link":"https:\/\/www.gold.fr\/news\/2013\/04\/17\/leconomie-mondiale-en-phase-de-confusion\/","title":{"rendered":"L\u2019\u00e9conomie mondiale en phase de confusion"},"content":{"rendered":"<p><span style=\"font-size: small;\"><img loading=\"lazy\" decoding=\"async\" class=\"alignleft size-thumbnail wp-image-4996\" title=\"L\u2019\u00e9conomie mondiale en phase de confusion\" src=\"https:\/\/www.gold.fr\/news\/wp-content\/uploads\/2010\/12\/monde-or-150x150.jpg\" alt=\"\" width=\"150\" height=\"150\" \/>Et commen\u00e7ons par la premi\u00e8re puissance mondiale ; <strong>les Etats-Unis<\/strong>. Les r\u00e9centes d\u00e9ceptions de ses r\u00e9sultats chiffr\u00e9s (que ce soit <a title=\"Les chiffres US reboostent l\u2019or\" href=\"https:\/\/www.gold.fr\/news\/2013\/04\/08\/les-chiffres-us-reboostent-lor\/11332\/\" target=\"_blank\">en ch\u00f4mage, emploi<\/a>, <a title=\"Les usines US d\u00e9\u00e7oivent ; L\u2019or remonte\" href=\"https:\/\/www.gold.fr\/news\/2013\/04\/12\/les-usines-us-decoivent-lor-remonte\/11344\/\" target=\"_blank\">ou encore industrie<\/a>) ont largement refroidi l&rsquo;euphorie am\u00e9ricaine, suite \u00e0 l&rsquo;annonce de la <strong>FED<\/strong>. La r\u00e9serve f\u00e9d\u00e9rale am\u00e9ricaine aurait, en effet, l&rsquo;intention de diminuer ses injections de liquidit\u00e9s dans l&rsquo;\u00e9conomie nationale. Une d\u00e9cision des plus controvers\u00e9es, dans la mesure o\u00f9 la plupart des professionnels estiment que ce changement est beaucoup trop pr\u00e9matur\u00e9, \u00e9tant donn\u00e9 la conjoncture instable.<\/span>    <span style=\"font-size: small;\"> En tout cas, dans la s\u00e9rie des rapports (globalement d\u00e9cevants), les yeux se tournent d\u00e9sormais vers le d\u00e9compte mensuel des salari\u00e9s am\u00e9ricains. Ce d\u00e9compte offrira une nouvelle \u00e9valuation concr\u00e8te de la solidit\u00e9 \u00e9conomique ambiante, et d\u00e9cidera donc, de la pertinence de la r\u00e9cente d\u00e9cision de la <strong>FED<\/strong>.<\/span>    <span style=\"font-size: small;\"> <a title=\"La banque du Japon \u00e0 la rescousse de l\u2019\u00e9conomie nationale\" href=\"https:\/\/www.gold.fr\/news\/2013\/04\/16\/la-banque-du-japon-a-la-rescousse-de-leconomie-nationale\/11359\/\" target=\"_blank\">La Banque du Japon<\/a> et sa politique d&rsquo;achats massifs d&rsquo;actions font, quant \u00e0 eux, l&rsquo;unanimit\u00e9. C&rsquo;est \u00e9galement une d\u00e9cision qui profite \u00e0 l&rsquo;\u00e9volution du <a href='https:\/\/www.gold.fr\/news\/tags\/or' class='esk-seo-plu-link'>m\u00e9tal jaune<\/a>, qui est traditionnellement per\u00e7u comme un bouclier contre les crises inflationnistes, une valeur refuge, et  un accumulateur de valeur s\u00fbre.<\/span>    <span style=\"font-size: small;\"> Et n&rsquo;oublions pas non plus <strong>la Banque Centrale Europ\u00e9enne<\/strong> dont les mouvements demeurent \u00e9galement sur le devant de la sc\u00e8ne, et particuli\u00e8rement la conf\u00e9rence de presse de son pr\u00e9sident <strong>Mario Draghi<\/strong> qui aura bient\u00f4t lieu.<\/span><\/p>\n<!-- AddThis Advanced Settings generic via filter on the_content --><!-- AddThis Share Buttons generic via filter on the_content -->","protected":false},"excerpt":{"rendered":"<p>Et commen\u00e7ons par la premi\u00e8re puissance mondiale ; les Etats-Unis. Les r\u00e9centes d\u00e9ceptions de ses r\u00e9sultats chiffr\u00e9s (que ce soit en ch\u00f4mage, emploi, ou encore industrie) ont largement refroidi l&rsquo;euphorie am\u00e9ricaine, suite \u00e0 l&rsquo;annonce de la [&hellip;]<\/p>\n","protected":false},"author":18,"featured_media":4996,"comment_status":"open","ping_status":"open","sticky":false,"template":"","format":"standard","meta":{"_mbp_gutenberg_autopost":false,"_pgmb_is_evergreen":false,"_pgmb_ap_template_id":0,"footnotes":""},"categories":[6],"tags":[1267,1265,1209,1266,443,144],"ppma_author":[2565],"class_list":["post-11370","post","type-post","status-publish","format-standard","has-post-thumbnail","hentry","category-articles-de-presse","tag-banque-japon","tag-chomage","tag-economie-mondiale","tag-emploi","tag-etats-unis","tag-fed"],"yoast_head":"<!-- This site is optimized with the Yoast SEO plugin v27.5 - https:\/\/yoast.com\/product\/yoast-seo-wordpress\/ -->\n<title>L\u2019\u00e9conomie mondiale en phase de confusion - Gold.fr<\/title>\n<meta name=\"robots\" content=\"index, follow, max-snippet:-1, max-image-preview:large, max-video-preview:-1\" \/>\n<link rel=\"canonical\" href=\"https:\/\/www.gold.fr\/news\/2013\/04\/17\/leconomie-mondiale-en-phase-de-confusion\/\" \/>\n<meta property=\"og:locale\" content=\"fr_FR\" \/>\n<meta property=\"og:type\" content=\"article\" \/>\n<meta property=\"og:title\" content=\"L\u2019\u00e9conomie mondiale en phase de confusion - Gold.fr\" \/>\n<meta property=\"og:description\" content=\"Et commen\u00e7ons par la premi\u00e8re puissance mondiale ; les Etats-Unis. Les r\u00e9centes d\u00e9ceptions de ses r\u00e9sultats chiffr\u00e9s (que ce soit en ch\u00f4mage, emploi, ou encore industrie) ont largement refroidi l&rsquo;euphorie am\u00e9ricaine, suite \u00e0 l&rsquo;annonce de la [&hellip;]\" \/>\n<meta property=\"og:url\" content=\"https:\/\/www.gold.fr\/news\/2013\/04\/17\/leconomie-mondiale-en-phase-de-confusion\/\" \/>\n<meta property=\"og:site_name\" content=\"Gold.fr\" \/>\n<meta property=\"article:publisher\" content=\"https:\/\/www.facebook.com\/Goldfr\/\" \/>\n<meta property=\"article:published_time\" content=\"2013-04-17T15:00:53+00:00\" \/>\n<meta property=\"article:modified_time\" content=\"2017-10-26T17:01:05+00:00\" \/>\n<meta property=\"og:image\" content=\"https:\/\/www.gold.fr\/news\/wp-content\/uploads\/2010\/12\/monde-or.jpg\" \/>\n\t<meta property=\"og:image:width\" content=\"600\" \/>\n\t<meta property=\"og:image:height\" content=\"450\" \/>\n\t<meta property=\"og:image:type\" content=\"image\/jpeg\" \/>\n<meta name=\"author\" content=\"Comptoir National de l&#039;Or\" \/>\n<meta name=\"twitter:card\" content=\"summary_large_image\" \/>\n<meta name=\"twitter:label1\" content=\"\u00c9crit par\" \/>\n\t<meta name=\"twitter:data1\" content=\"Comptoir National de l&#039;Or\" \/>\n\t<meta name=\"twitter:label2\" content=\"Dur\u00e9e de lecture estim\u00e9e\" \/>\n\t<meta name=\"twitter:data2\" content=\"1 minute\" \/>\n<script type=\"application\/ld+json\" class=\"yoast-schema-graph\">{\"@context\":\"https:\\\/\\\/schema.org\",\"@graph\":[{\"@type\":\"Article\",\"@id\":\"https:\\\/\\\/www.gold.fr\\\/news\\\/2013\\\/04\\\/17\\\/leconomie-mondiale-en-phase-de-confusion\\\/#article\",\"isPartOf\":{\"@id\":\"https:\\\/\\\/www.gold.fr\\\/news\\\/2013\\\/04\\\/17\\\/leconomie-mondiale-en-phase-de-confusion\\\/\"},\"author\":{\"name\":\"Comptoir National de l'Or\",\"@id\":\"https:\\\/\\\/www.gold.fr\\\/news\\\/#\\\/schema\\\/person\\\/070491b4b4fb7671bf59b3be20302ce9\"},\"headline\":\"L\u2019\u00e9conomie mondiale en phase de confusion\",\"datePublished\":\"2013-04-17T15:00:53+00:00\",\"dateModified\":\"2017-10-26T17:01:05+00:00\",\"mainEntityOfPage\":{\"@id\":\"https:\\\/\\\/www.gold.fr\\\/news\\\/2013\\\/04\\\/17\\\/leconomie-mondiale-en-phase-de-confusion\\\/\"},\"wordCount\":258,\"commentCount\":0,\"image\":{\"@id\":\"https:\\\/\\\/www.gold.fr\\\/news\\\/2013\\\/04\\\/17\\\/leconomie-mondiale-en-phase-de-confusion\\\/#primaryimage\"},\"thumbnailUrl\":\"https:\\\/\\\/www.gold.fr\\\/news\\\/wp-content\\\/uploads\\\/2010\\\/12\\\/monde-or.jpg\",\"keywords\":[\"banque japon\",\"chomage\",\"\u00e9conomie mondiale\",\"emploi\",\"etats-unis\",\"fed\"],\"articleSection\":[\"Articles de presse\"],\"inLanguage\":\"fr-FR\"},{\"@type\":\"WebPage\",\"@id\":\"https:\\\/\\\/www.gold.fr\\\/news\\\/2013\\\/04\\\/17\\\/leconomie-mondiale-en-phase-de-confusion\\\/\",\"url\":\"https:\\\/\\\/www.gold.fr\\\/news\\\/2013\\\/04\\\/17\\\/leconomie-mondiale-en-phase-de-confusion\\\/\",\"name\":\"L\u2019\u00e9conomie mondiale en phase de confusion - Gold.fr\",\"isPartOf\":{\"@id\":\"https:\\\/\\\/www.gold.fr\\\/news\\\/#website\"},\"primaryImageOfPage\":{\"@id\":\"https:\\\/\\\/www.gold.fr\\\/news\\\/2013\\\/04\\\/17\\\/leconomie-mondiale-en-phase-de-confusion\\\/#primaryimage\"},\"image\":{\"@id\":\"https:\\\/\\\/www.gold.fr\\\/news\\\/2013\\\/04\\\/17\\\/leconomie-mondiale-en-phase-de-confusion\\\/#primaryimage\"},\"thumbnailUrl\":\"https:\\\/\\\/www.gold.fr\\\/news\\\/wp-content\\\/uploads\\\/2010\\\/12\\\/monde-or.jpg\",\"datePublished\":\"2013-04-17T15:00:53+00:00\",\"dateModified\":\"2017-10-26T17:01:05+00:00\",\"author\":{\"@id\":\"https:\\\/\\\/www.gold.fr\\\/news\\\/#\\\/schema\\\/person\\\/070491b4b4fb7671bf59b3be20302ce9\"},\"breadcrumb\":{\"@id\":\"https:\\\/\\\/www.gold.fr\\\/news\\\/2013\\\/04\\\/17\\\/leconomie-mondiale-en-phase-de-confusion\\\/#breadcrumb\"},\"inLanguage\":\"fr-FR\",\"potentialAction\":[{\"@type\":\"ReadAction\",\"target\":[\"https:\\\/\\\/www.gold.fr\\\/news\\\/2013\\\/04\\\/17\\\/leconomie-mondiale-en-phase-de-confusion\\\/\"]}]},{\"@type\":\"ImageObject\",\"inLanguage\":\"fr-FR\",\"@id\":\"https:\\\/\\\/www.gold.fr\\\/news\\\/2013\\\/04\\\/17\\\/leconomie-mondiale-en-phase-de-confusion\\\/#primaryimage\",\"url\":\"https:\\\/\\\/www.gold.fr\\\/news\\\/wp-content\\\/uploads\\\/2010\\\/12\\\/monde-or.jpg\",\"contentUrl\":\"https:\\\/\\\/www.gold.fr\\\/news\\\/wp-content\\\/uploads\\\/2010\\\/12\\\/monde-or.jpg\",\"width\":\"600\",\"height\":\"450\",\"caption\":\"Stagnation au niveau de l\u2019once\"},{\"@type\":\"BreadcrumbList\",\"@id\":\"https:\\\/\\\/www.gold.fr\\\/news\\\/2013\\\/04\\\/17\\\/leconomie-mondiale-en-phase-de-confusion\\\/#breadcrumb\",\"itemListElement\":[{\"@type\":\"ListItem\",\"position\":1,\"name\":\"Accueil\",\"item\":\"https:\\\/\\\/www.gold.fr\\\/\"},{\"@type\":\"ListItem\",\"position\":2,\"name\":\"Actualit\u00e9s\",\"item\":\"https:\\\/\\\/www.gold.fr\\\/news\\\/\"},{\"@type\":\"ListItem\",\"position\":3,\"name\":\"L\u2019\u00e9conomie mondiale en phase de confusion\"}]},{\"@type\":\"WebSite\",\"@id\":\"https:\\\/\\\/www.gold.fr\\\/news\\\/#website\",\"url\":\"https:\\\/\\\/www.gold.fr\\\/news\\\/\",\"name\":\"Gold.fr\",\"description\":\"Actualit\u00e9s de l&#039;Or et des m\u00e9taux pr\u00e9cieux\",\"potentialAction\":[{\"@type\":\"SearchAction\",\"target\":{\"@type\":\"EntryPoint\",\"urlTemplate\":\"https:\\\/\\\/www.gold.fr\\\/news\\\/?s={search_term_string}\"},\"query-input\":{\"@type\":\"PropertyValueSpecification\",\"valueRequired\":true,\"valueName\":\"search_term_string\"}}],\"inLanguage\":\"fr-FR\"},{\"@type\":\"Person\",\"@id\":\"https:\\\/\\\/www.gold.fr\\\/news\\\/#\\\/schema\\\/person\\\/070491b4b4fb7671bf59b3be20302ce9\",\"name\":\"Comptoir National de l'Or\",\"image\":{\"@type\":\"ImageObject\",\"inLanguage\":\"fr-FR\",\"@id\":\"https:\\\/\\\/secure.gravatar.com\\\/avatar\\\/0a2867fd5abe37bed95d5a65e9d58f01756e11efc68af9888dfc50cfa7f65948?s=96&d=mm&r=gb490554db0a38188709de567aa58480d\",\"url\":\"https:\\\/\\\/secure.gravatar.com\\\/avatar\\\/0a2867fd5abe37bed95d5a65e9d58f01756e11efc68af9888dfc50cfa7f65948?s=96&d=mm&r=g\",\"contentUrl\":\"https:\\\/\\\/secure.gravatar.com\\\/avatar\\\/0a2867fd5abe37bed95d5a65e9d58f01756e11efc68af9888dfc50cfa7f65948?s=96&d=mm&r=g\",\"caption\":\"Comptoir National de l'Or\"},\"description\":\"Notre r\u00e9daction est constitu\u00e9e de membres experts dans les m\u00e9tiers de l'\u00e9conomie et la gestion, des Responsables d'agence Comptoir National de l'Or, des analystes financiers qui publient r\u00e9guli\u00e8rement des \u00e9tudes sur les politiques des banques centrales, le cours de l'or, prix de l'or, cours de l'argent, prix de l'argent, cours du platine, cours du palladium,... la situation en zone euro et l'impact de la strat\u00e9gie mon\u00e9taire de la FED. Notre \u00e9quipe scrute \u00e9galement une information plus g\u00e9n\u00e9raliste \u00e0 la recherche d'actualit\u00e9 \\\"p\u00e9pite\\\" \u00e0 vous partager. Depuis 5 ans, nous avons publi\u00e9 un peu plus de 4000 articles qui s'adressent \u00e0 un public large et vari\u00e9 ayant pour objectif de satisfaire votre curiosit\u00e9 et de partager avec vous une certaine fascination pour le m\u00e9tal jaune, le rachat d'or, et pour ceux qui veulent investir dans l'or, vendre leur or tout simplement en savoir plus... Pour tous vos achat or et argent, n'h\u00e9sitez pas \u00e0 prendre rendez-vous dans l'un de nos nombreux comptoirs.\",\"sameAs\":[\"https:\\\/\\\/www.gold.fr\"]}]}<\/script>\n<!-- \/ Yoast SEO plugin. -->","yoast_head_json":{"title":"L\u2019\u00e9conomie mondiale en phase de confusion - Gold.fr","robots":{"index":"index","follow":"follow","max-snippet":"max-snippet:-1","max-image-preview":"max-image-preview:large","max-video-preview":"max-video-preview:-1"},"canonical":"https:\/\/www.gold.fr\/news\/2013\/04\/17\/leconomie-mondiale-en-phase-de-confusion\/","og_locale":"fr_FR","og_type":"article","og_title":"L\u2019\u00e9conomie mondiale en phase de confusion - Gold.fr","og_description":"Et commen\u00e7ons par la premi\u00e8re puissance mondiale ; les Etats-Unis. Les r\u00e9centes d\u00e9ceptions de ses r\u00e9sultats chiffr\u00e9s (que ce soit en ch\u00f4mage, emploi, ou encore industrie) ont largement refroidi l&rsquo;euphorie am\u00e9ricaine, suite \u00e0 l&rsquo;annonce de la [&hellip;]","og_url":"https:\/\/www.gold.fr\/news\/2013\/04\/17\/leconomie-mondiale-en-phase-de-confusion\/","og_site_name":"Gold.fr","article_publisher":"https:\/\/www.facebook.com\/Goldfr\/","article_published_time":"2013-04-17T15:00:53+00:00","article_modified_time":"2017-10-26T17:01:05+00:00","og_image":[{"width":600,"height":450,"url":"https:\/\/www.gold.fr\/news\/wp-content\/uploads\/2010\/12\/monde-or.jpg","type":"image\/jpeg"}],"author":"Comptoir National de l'Or","twitter_card":"summary_large_image","twitter_misc":{"\u00c9crit par":"Comptoir National de l'Or","Dur\u00e9e de lecture estim\u00e9e":"1 minute"},"schema":{"@context":"https:\/\/schema.org","@graph":[{"@type":"Article","@id":"https:\/\/www.gold.fr\/news\/2013\/04\/17\/leconomie-mondiale-en-phase-de-confusion\/#article","isPartOf":{"@id":"https:\/\/www.gold.fr\/news\/2013\/04\/17\/leconomie-mondiale-en-phase-de-confusion\/"},"author":{"name":"Comptoir National de l'Or","@id":"https:\/\/www.gold.fr\/news\/#\/schema\/person\/070491b4b4fb7671bf59b3be20302ce9"},"headline":"L\u2019\u00e9conomie mondiale en phase de confusion","datePublished":"2013-04-17T15:00:53+00:00","dateModified":"2017-10-26T17:01:05+00:00","mainEntityOfPage":{"@id":"https:\/\/www.gold.fr\/news\/2013\/04\/17\/leconomie-mondiale-en-phase-de-confusion\/"},"wordCount":258,"commentCount":0,"image":{"@id":"https:\/\/www.gold.fr\/news\/2013\/04\/17\/leconomie-mondiale-en-phase-de-confusion\/#primaryimage"},"thumbnailUrl":"https:\/\/www.gold.fr\/news\/wp-content\/uploads\/2010\/12\/monde-or.jpg","keywords":["banque japon","chomage","\u00e9conomie mondiale","emploi","etats-unis","fed"],"articleSection":["Articles de presse"],"inLanguage":"fr-FR"},{"@type":"WebPage","@id":"https:\/\/www.gold.fr\/news\/2013\/04\/17\/leconomie-mondiale-en-phase-de-confusion\/","url":"https:\/\/www.gold.fr\/news\/2013\/04\/17\/leconomie-mondiale-en-phase-de-confusion\/","name":"L\u2019\u00e9conomie mondiale en phase de confusion - Gold.fr","isPartOf":{"@id":"https:\/\/www.gold.fr\/news\/#website"},"primaryImageOfPage":{"@id":"https:\/\/www.gold.fr\/news\/2013\/04\/17\/leconomie-mondiale-en-phase-de-confusion\/#primaryimage"},"image":{"@id":"https:\/\/www.gold.fr\/news\/2013\/04\/17\/leconomie-mondiale-en-phase-de-confusion\/#primaryimage"},"thumbnailUrl":"https:\/\/www.gold.fr\/news\/wp-content\/uploads\/2010\/12\/monde-or.jpg","datePublished":"2013-04-17T15:00:53+00:00","dateModified":"2017-10-26T17:01:05+00:00","author":{"@id":"https:\/\/www.gold.fr\/news\/#\/schema\/person\/070491b4b4fb7671bf59b3be20302ce9"},"breadcrumb":{"@id":"https:\/\/www.gold.fr\/news\/2013\/04\/17\/leconomie-mondiale-en-phase-de-confusion\/#breadcrumb"},"inLanguage":"fr-FR","potentialAction":[{"@type":"ReadAction","target":["https:\/\/www.gold.fr\/news\/2013\/04\/17\/leconomie-mondiale-en-phase-de-confusion\/"]}]},{"@type":"ImageObject","inLanguage":"fr-FR","@id":"https:\/\/www.gold.fr\/news\/2013\/04\/17\/leconomie-mondiale-en-phase-de-confusion\/#primaryimage","url":"https:\/\/www.gold.fr\/news\/wp-content\/uploads\/2010\/12\/monde-or.jpg","contentUrl":"https:\/\/www.gold.fr\/news\/wp-content\/uploads\/2010\/12\/monde-or.jpg","width":"600","height":"450","caption":"Stagnation au niveau de l\u2019once"},{"@type":"BreadcrumbList","@id":"https:\/\/www.gold.fr\/news\/2013\/04\/17\/leconomie-mondiale-en-phase-de-confusion\/#breadcrumb","itemListElement":[{"@type":"ListItem","position":1,"name":"Accueil","item":"https:\/\/www.gold.fr\/"},{"@type":"ListItem","position":2,"name":"Actualit\u00e9s","item":"https:\/\/www.gold.fr\/news\/"},{"@type":"ListItem","position":3,"name":"L\u2019\u00e9conomie mondiale en phase de confusion"}]},{"@type":"WebSite","@id":"https:\/\/www.gold.fr\/news\/#website","url":"https:\/\/www.gold.fr\/news\/","name":"Gold.fr","description":"Actualit\u00e9s de l&#039;Or et des m\u00e9taux pr\u00e9cieux","potentialAction":[{"@type":"SearchAction","target":{"@type":"EntryPoint","urlTemplate":"https:\/\/www.gold.fr\/news\/?s={search_term_string}"},"query-input":{"@type":"PropertyValueSpecification","valueRequired":true,"valueName":"search_term_string"}}],"inLanguage":"fr-FR"},{"@type":"Person","@id":"https:\/\/www.gold.fr\/news\/#\/schema\/person\/070491b4b4fb7671bf59b3be20302ce9","name":"Comptoir National de l'Or","image":{"@type":"ImageObject","inLanguage":"fr-FR","@id":"https:\/\/secure.gravatar.com\/avatar\/0a2867fd5abe37bed95d5a65e9d58f01756e11efc68af9888dfc50cfa7f65948?s=96&d=mm&r=gb490554db0a38188709de567aa58480d","url":"https:\/\/secure.gravatar.com\/avatar\/0a2867fd5abe37bed95d5a65e9d58f01756e11efc68af9888dfc50cfa7f65948?s=96&d=mm&r=g","contentUrl":"https:\/\/secure.gravatar.com\/avatar\/0a2867fd5abe37bed95d5a65e9d58f01756e11efc68af9888dfc50cfa7f65948?s=96&d=mm&r=g","caption":"Comptoir National de l'Or"},"description":"Notre r\u00e9daction est constitu\u00e9e de membres experts dans les m\u00e9tiers de l'\u00e9conomie et la gestion, des Responsables d'agence Comptoir National de l'Or, des analystes financiers qui publient r\u00e9guli\u00e8rement des \u00e9tudes sur les politiques des banques centrales, le cours de l'or, prix de l'or, cours de l'argent, prix de l'argent, cours du platine, cours du palladium,... la situation en zone euro et l'impact de la strat\u00e9gie mon\u00e9taire de la FED. Notre \u00e9quipe scrute \u00e9galement une information plus g\u00e9n\u00e9raliste \u00e0 la recherche d'actualit\u00e9 \"p\u00e9pite\" \u00e0 vous partager. Depuis 5 ans, nous avons publi\u00e9 un peu plus de 4000 articles qui s'adressent \u00e0 un public large et vari\u00e9 ayant pour objectif de satisfaire votre curiosit\u00e9 et de partager avec vous une certaine fascination pour le m\u00e9tal jaune, le rachat d'or, et pour ceux qui veulent investir dans l'or, vendre leur or tout simplement en savoir plus... Pour tous vos achat or et argent, n'h\u00e9sitez pas \u00e0 prendre rendez-vous dans l'un de nos nombreux comptoirs.","sameAs":["https:\/\/www.gold.fr"]}]}},"authors":[{"term_id":2565,"user_id":18,"is_guest":0,"slug":"julie","display_name":"Comptoir National de l'Or","avatar_url":"https:\/\/secure.gravatar.com\/avatar\/713f289e398d35ead876c4a4cc08607f0d6d266058cfc25683fffb6092d0e572?s=96&d=mm&r=g","0":null,"1":"","2":"","3":"","4":"","5":"","6":"","7":"","8":""}],"_links":{"self":[{"href":"https:\/\/www.gold.fr\/news\/wp-json\/wp\/v2\/posts\/11370","targetHints":{"allow":["GET"]}}],"collection":[{"href":"https:\/\/www.gold.fr\/news\/wp-json\/wp\/v2\/posts"}],"about":[{"href":"https:\/\/www.gold.fr\/news\/wp-json\/wp\/v2\/types\/post"}],"author":[{"embeddable":true,"href":"https:\/\/www.gold.fr\/news\/wp-json\/wp\/v2\/users\/18"}],"replies":[{"embeddable":true,"href":"https:\/\/www.gold.fr\/news\/wp-json\/wp\/v2\/comments?post=11370"}],"version-history":[{"count":0,"href":"https:\/\/www.gold.fr\/news\/wp-json\/wp\/v2\/posts\/11370\/revisions"}],"wp:featuredmedia":[{"embeddable":true,"href":"https:\/\/www.gold.fr\/news\/wp-json\/wp\/v2\/media\/4996"}],"wp:attachment":[{"href":"https:\/\/www.gold.fr\/news\/wp-json\/wp\/v2\/media?parent=11370"}],"wp:term":[{"taxonomy":"category","embeddable":true,"href":"https:\/\/www.gold.fr\/news\/wp-json\/wp\/v2\/categories?post=11370"},{"taxonomy":"post_tag","embeddable":true,"href":"https:\/\/www.gold.fr\/news\/wp-json\/wp\/v2\/tags?post=11370"},{"taxonomy":"author","embeddable":true,"href":"https:\/\/www.gold.fr\/news\/wp-json\/wp\/v2\/ppma_author?post=11370"}],"curies":[{"name":"wp","href":"https:\/\/api.w.org\/{rel}","templated":true}]}}