{"id":11330,"date":"2013-04-10T17:00:19","date_gmt":"2013-04-10T15:00:19","guid":{"rendered":"https:\/\/www.gold.fr\/news\/?p=11330"},"modified":"2017-11-02T11:34:03","modified_gmt":"2017-11-02T10:34:03","slug":"le-fmi-convoite-lor-algerien","status":"publish","type":"post","link":"https:\/\/www.gold.fr\/news\/2013\/04\/10\/le-fmi-convoite-lor-algerien\/","title":{"rendered":"Le FMI convoite l\u2019or alg\u00e9rien"},"content":{"rendered":"<p><span style=\"font-size: small;\"><img loading=\"lazy\" decoding=\"async\" class=\"alignleft size-thumbnail wp-image-6808\" title=\"Le FMI convoite l\u2019or alg\u00e9rien\" src=\"https:\/\/www.gold.fr\/news\/wp-content\/uploads\/2012\/04\/drapeau-alg\u00e9rie-150x150.jpg\" alt=\"\" width=\"150\" height=\"150\" \/>R\u00e9cemment hiss\u00e9e au <strong>24\u00e8me rang mondial<\/strong>, en d\u00e9tention <a title=\"Or physique \u2013 Quoi acheter ? Quoi choisir ?\" href=\"https:\/\/www.gold.fr\/news\/2012\/12\/17\/or-physique-quoi-acheter-quoi-choisir\/10130\/\" target=\"_blank\">d\u2019or physique<\/a> (des r\u00e9serves s&rsquo;\u00e9levant \u00e0 <strong>1 736 tonnes<\/strong>, soit l&rsquo;\u00e9quivalent de <strong>4,7%<\/strong> des r\u00e9serves mondiales), <a title=\"L\u2019Alg\u00e9rie remonte dans le classement mondial de d\u00e9tention d\u2019or\" href=\"https:\/\/www.gold.fr\/news\/2013\/03\/28\/lalgerie-remonte-dans-le-classement-mondial-de-detention-dor\/11173\/\" target=\"_blank\">l\u2019Alg\u00e9rie semble d\u00e9sormais susciter l\u2019int\u00e9r\u00eat des \u00ab\u00a0<em>plus grands<\/em>\u00a0\u00bb<\/a>.<\/span>    <span style=\"font-size: small;\"> Et l&rsquo;int\u00e9r\u00eat est particuli\u00e8rement notable, puisque la directrice g\u00e9n\u00e9rale du <strong>FMI<\/strong>, <strong>Christine Lagarde<\/strong>, a jug\u00e9 essentiel de rendre visite \u00e0 l&rsquo;Alg\u00e9rie, au c\u0153ur m\u00eame d&rsquo;une p\u00e9riode de crise particuli\u00e8rement difficile pour la zone euro.<\/span>    <span style=\"font-size: small;\"> Officiellement, la visite est purement amicale et diplomatique, fait confirm\u00e9 par les propos m\u00eames de <strong>Mme Lagarde<\/strong> qui d\u00e9clarait, lors de son passage par le pays, il y a deux semaines : \u00ab <em>Ces derniers jours m&rsquo;ont permis de mieux comprendre les aspirations de l&rsquo;Alg\u00e9rie, ainsi que les d\u00e9fis qu&rsquo;elle devra relever afin que l&rsquo;avenir tienne ses promesses. Le FMI est profond\u00e9ment attach\u00e9 \u00e0 l&rsquo;Alg\u00e9rie. Nous sommes votre ami, votre partenaire<\/em> \u00bb.<\/span>    <span style=\"font-size: small;\"> En tout cas, la plupart des observateurs et analystes restent tr\u00e8s sceptiques, et voient, dans cette visite inattendue, le besoin du <strong>FMI<\/strong> de garder le contr\u00f4le d&rsquo;une nouvelle \u00ab <em>mine d&rsquo;<a href='https:\/\/www.gold.fr\/news\/tags\/or' class='esk-seo-plu-link'>or<\/a><\/em> \u00bb mondiale. Certains affirment que la directrice du <strong>FMI<\/strong> est \u00ab <em>venue faire pression sur le gouvernement alg\u00e9rien pour qu&rsquo;il d\u00e9pose davantage d&rsquo;<a href='https:\/\/www.gold.fr\/news\/tags\/or' class='esk-seo-plu-link'>or<\/a> dans les coffres du FMI<\/em> \u00bb. Rappelons d&rsquo;ailleurs que la charte du Fonds Mon\u00e9taire International stipule qu&rsquo;une \u00ab <em>partie des quotes-parts des pays membres soit r\u00e9gl\u00e9e en <a href='https:\/\/www.gold.fr\/news\/tags\/or' class='esk-seo-plu-link'>or<\/a><\/em> \u00bb. Cet \u00e9tat des faits a r\u00e9cemment \u00e9volu\u00e9, puisque le Conseil des gouverneurs, institution de d\u00e9cision supr\u00eame du FMI, a r\u00e9cemment (<strong>d\u00e9cembre 2010<\/strong>) accord\u00e9 son aval \u00e0 une augmentation historique de ce taux, la hissant \u00e0 <strong>100 %<\/strong> du total des quotes-parts.<\/span><\/p>\n<!-- AddThis Advanced Settings generic via filter on the_content --><!-- AddThis Share Buttons generic via filter on the_content -->","protected":false},"excerpt":{"rendered":"<p>R\u00e9cemment hiss\u00e9e au 24\u00e8me rang mondial, en d\u00e9tention d\u2019or physique (des r\u00e9serves s&rsquo;\u00e9levant \u00e0 1 736 tonnes, soit l&rsquo;\u00e9quivalent de 4,7% des r\u00e9serves mondiales), l\u2019Alg\u00e9rie semble d\u00e9sormais susciter l\u2019int\u00e9r\u00eat des \u00ab\u00a0plus grands\u00a0\u00bb. Et l&rsquo;int\u00e9r\u00eat est particuli\u00e8rement [&hellip;]<\/p>\n","protected":false},"author":18,"featured_media":6808,"comment_status":"open","ping_status":"open","sticky":false,"template":"","format":"standard","meta":{"_mbp_gutenberg_autopost":false,"_pgmb_is_evergreen":false,"_pgmb_ap_template_id":0,"footnotes":""},"categories":[6],"tags":[424,211,1256,477],"ppma_author":[2565],"class_list":["post-11330","post","type-post","status-publish","format-standard","has-post-thumbnail","hentry","category-articles-de-presse","tag-algerie","tag-fmi","tag-or-algerien","tag-or-physique"],"yoast_head":"<!-- This site is optimized with the Yoast SEO plugin v27.5 - https:\/\/yoast.com\/product\/yoast-seo-wordpress\/ -->\n<title>Le FMI convoite l\u2019or alg\u00e9rien - Gold.fr<\/title>\n<meta name=\"robots\" content=\"index, follow, max-snippet:-1, max-image-preview:large, max-video-preview:-1\" \/>\n<link rel=\"canonical\" href=\"https:\/\/www.gold.fr\/news\/2013\/04\/10\/le-fmi-convoite-lor-algerien\/\" \/>\n<meta property=\"og:locale\" content=\"fr_FR\" \/>\n<meta property=\"og:type\" content=\"article\" \/>\n<meta property=\"og:title\" content=\"Le FMI convoite l\u2019or alg\u00e9rien - Gold.fr\" \/>\n<meta property=\"og:description\" content=\"R\u00e9cemment hiss\u00e9e au 24\u00e8me rang mondial, en d\u00e9tention d\u2019or physique (des r\u00e9serves s&rsquo;\u00e9levant \u00e0 1 736 tonnes, soit l&rsquo;\u00e9quivalent de 4,7% des r\u00e9serves mondiales), l\u2019Alg\u00e9rie semble d\u00e9sormais susciter l\u2019int\u00e9r\u00eat des \u00ab\u00a0plus grands\u00a0\u00bb. Et l&rsquo;int\u00e9r\u00eat est particuli\u00e8rement [&hellip;]\" \/>\n<meta property=\"og:url\" content=\"https:\/\/www.gold.fr\/news\/2013\/04\/10\/le-fmi-convoite-lor-algerien\/\" \/>\n<meta property=\"og:site_name\" content=\"Gold.fr\" \/>\n<meta property=\"article:publisher\" content=\"https:\/\/www.facebook.com\/Goldfr\/\" \/>\n<meta property=\"article:published_time\" content=\"2013-04-10T15:00:19+00:00\" \/>\n<meta property=\"article:modified_time\" content=\"2017-11-02T10:34:03+00:00\" \/>\n<meta property=\"og:image\" content=\"https:\/\/www.gold.fr\/news\/wp-content\/uploads\/2012\/04\/drapeau-alg\u00e9rie.jpg\" \/>\n\t<meta property=\"og:image:width\" content=\"600\" \/>\n\t<meta property=\"og:image:height\" content=\"474\" \/>\n\t<meta property=\"og:image:type\" content=\"image\/jpeg\" \/>\n<meta name=\"author\" content=\"Comptoir National de l&#039;Or\" \/>\n<meta name=\"twitter:card\" content=\"summary_large_image\" \/>\n<meta name=\"twitter:label1\" content=\"\u00c9crit par\" \/>\n\t<meta name=\"twitter:data1\" content=\"Comptoir National de l&#039;Or\" \/>\n\t<meta name=\"twitter:label2\" content=\"Dur\u00e9e de lecture estim\u00e9e\" \/>\n\t<meta name=\"twitter:data2\" content=\"1 minute\" \/>\n<script type=\"application\/ld+json\" class=\"yoast-schema-graph\">{\"@context\":\"https:\\\/\\\/schema.org\",\"@graph\":[{\"@type\":\"Article\",\"@id\":\"https:\\\/\\\/www.gold.fr\\\/news\\\/2013\\\/04\\\/10\\\/le-fmi-convoite-lor-algerien\\\/#article\",\"isPartOf\":{\"@id\":\"https:\\\/\\\/www.gold.fr\\\/news\\\/2013\\\/04\\\/10\\\/le-fmi-convoite-lor-algerien\\\/\"},\"author\":{\"name\":\"Comptoir National de l'Or\",\"@id\":\"https:\\\/\\\/www.gold.fr\\\/news\\\/#\\\/schema\\\/person\\\/070491b4b4fb7671bf59b3be20302ce9\"},\"headline\":\"Le FMI convoite l\u2019or alg\u00e9rien\",\"datePublished\":\"2013-04-10T15:00:19+00:00\",\"dateModified\":\"2017-11-02T10:34:03+00:00\",\"mainEntityOfPage\":{\"@id\":\"https:\\\/\\\/www.gold.fr\\\/news\\\/2013\\\/04\\\/10\\\/le-fmi-convoite-lor-algerien\\\/\"},\"wordCount\":305,\"commentCount\":0,\"image\":{\"@id\":\"https:\\\/\\\/www.gold.fr\\\/news\\\/2013\\\/04\\\/10\\\/le-fmi-convoite-lor-algerien\\\/#primaryimage\"},\"thumbnailUrl\":\"https:\\\/\\\/www.gold.fr\\\/news\\\/wp-content\\\/uploads\\\/2012\\\/04\\\/drapeau-alg\u00e9rie.jpg\",\"keywords\":[\"Alg\u00e9rie\",\"fmi\",\"or alg\u00e9rien\",\"or physique\"],\"articleSection\":[\"Articles de presse\"],\"inLanguage\":\"fr-FR\"},{\"@type\":\"WebPage\",\"@id\":\"https:\\\/\\\/www.gold.fr\\\/news\\\/2013\\\/04\\\/10\\\/le-fmi-convoite-lor-algerien\\\/\",\"url\":\"https:\\\/\\\/www.gold.fr\\\/news\\\/2013\\\/04\\\/10\\\/le-fmi-convoite-lor-algerien\\\/\",\"name\":\"Le FMI convoite l\u2019or alg\u00e9rien - Gold.fr\",\"isPartOf\":{\"@id\":\"https:\\\/\\\/www.gold.fr\\\/news\\\/#website\"},\"primaryImageOfPage\":{\"@id\":\"https:\\\/\\\/www.gold.fr\\\/news\\\/2013\\\/04\\\/10\\\/le-fmi-convoite-lor-algerien\\\/#primaryimage\"},\"image\":{\"@id\":\"https:\\\/\\\/www.gold.fr\\\/news\\\/2013\\\/04\\\/10\\\/le-fmi-convoite-lor-algerien\\\/#primaryimage\"},\"thumbnailUrl\":\"https:\\\/\\\/www.gold.fr\\\/news\\\/wp-content\\\/uploads\\\/2012\\\/04\\\/drapeau-alg\u00e9rie.jpg\",\"datePublished\":\"2013-04-10T15:00:19+00:00\",\"dateModified\":\"2017-11-02T10:34:03+00:00\",\"author\":{\"@id\":\"https:\\\/\\\/www.gold.fr\\\/news\\\/#\\\/schema\\\/person\\\/070491b4b4fb7671bf59b3be20302ce9\"},\"breadcrumb\":{\"@id\":\"https:\\\/\\\/www.gold.fr\\\/news\\\/2013\\\/04\\\/10\\\/le-fmi-convoite-lor-algerien\\\/#breadcrumb\"},\"inLanguage\":\"fr-FR\",\"potentialAction\":[{\"@type\":\"ReadAction\",\"target\":[\"https:\\\/\\\/www.gold.fr\\\/news\\\/2013\\\/04\\\/10\\\/le-fmi-convoite-lor-algerien\\\/\"]}]},{\"@type\":\"ImageObject\",\"inLanguage\":\"fr-FR\",\"@id\":\"https:\\\/\\\/www.gold.fr\\\/news\\\/2013\\\/04\\\/10\\\/le-fmi-convoite-lor-algerien\\\/#primaryimage\",\"url\":\"https:\\\/\\\/www.gold.fr\\\/news\\\/wp-content\\\/uploads\\\/2012\\\/04\\\/drapeau-alg\u00e9rie.jpg\",\"contentUrl\":\"https:\\\/\\\/www.gold.fr\\\/news\\\/wp-content\\\/uploads\\\/2012\\\/04\\\/drapeau-alg\u00e9rie.jpg\",\"width\":\"600\",\"height\":\"474\",\"caption\":\"Le FMI convoite l\u2019or alg\u00e9rien\"},{\"@type\":\"BreadcrumbList\",\"@id\":\"https:\\\/\\\/www.gold.fr\\\/news\\\/2013\\\/04\\\/10\\\/le-fmi-convoite-lor-algerien\\\/#breadcrumb\",\"itemListElement\":[{\"@type\":\"ListItem\",\"position\":1,\"name\":\"Accueil\",\"item\":\"https:\\\/\\\/www.gold.fr\\\/\"},{\"@type\":\"ListItem\",\"position\":2,\"name\":\"Actualit\u00e9s\",\"item\":\"https:\\\/\\\/www.gold.fr\\\/news\\\/\"},{\"@type\":\"ListItem\",\"position\":3,\"name\":\"Le FMI convoite l\u2019or alg\u00e9rien\"}]},{\"@type\":\"WebSite\",\"@id\":\"https:\\\/\\\/www.gold.fr\\\/news\\\/#website\",\"url\":\"https:\\\/\\\/www.gold.fr\\\/news\\\/\",\"name\":\"Gold.fr\",\"description\":\"Actualit\u00e9s de l&#039;Or et des m\u00e9taux pr\u00e9cieux\",\"potentialAction\":[{\"@type\":\"SearchAction\",\"target\":{\"@type\":\"EntryPoint\",\"urlTemplate\":\"https:\\\/\\\/www.gold.fr\\\/news\\\/?s={search_term_string}\"},\"query-input\":{\"@type\":\"PropertyValueSpecification\",\"valueRequired\":true,\"valueName\":\"search_term_string\"}}],\"inLanguage\":\"fr-FR\"},{\"@type\":\"Person\",\"@id\":\"https:\\\/\\\/www.gold.fr\\\/news\\\/#\\\/schema\\\/person\\\/070491b4b4fb7671bf59b3be20302ce9\",\"name\":\"Comptoir National de l'Or\",\"image\":{\"@type\":\"ImageObject\",\"inLanguage\":\"fr-FR\",\"@id\":\"https:\\\/\\\/secure.gravatar.com\\\/avatar\\\/0a2867fd5abe37bed95d5a65e9d58f01756e11efc68af9888dfc50cfa7f65948?s=96&d=mm&r=gb490554db0a38188709de567aa58480d\",\"url\":\"https:\\\/\\\/secure.gravatar.com\\\/avatar\\\/0a2867fd5abe37bed95d5a65e9d58f01756e11efc68af9888dfc50cfa7f65948?s=96&d=mm&r=g\",\"contentUrl\":\"https:\\\/\\\/secure.gravatar.com\\\/avatar\\\/0a2867fd5abe37bed95d5a65e9d58f01756e11efc68af9888dfc50cfa7f65948?s=96&d=mm&r=g\",\"caption\":\"Comptoir National de l'Or\"},\"description\":\"Notre r\u00e9daction est constitu\u00e9e de membres experts dans les m\u00e9tiers de l'\u00e9conomie et la gestion, des Responsables d'agence Comptoir National de l'Or, des analystes financiers qui publient r\u00e9guli\u00e8rement des \u00e9tudes sur les politiques des banques centrales, le cours de l'or, prix de l'or, cours de l'argent, prix de l'argent, cours du platine, cours du palladium,... la situation en zone euro et l'impact de la strat\u00e9gie mon\u00e9taire de la FED. Notre \u00e9quipe scrute \u00e9galement une information plus g\u00e9n\u00e9raliste \u00e0 la recherche d'actualit\u00e9 \\\"p\u00e9pite\\\" \u00e0 vous partager. Depuis 5 ans, nous avons publi\u00e9 un peu plus de 4000 articles qui s'adressent \u00e0 un public large et vari\u00e9 ayant pour objectif de satisfaire votre curiosit\u00e9 et de partager avec vous une certaine fascination pour le m\u00e9tal jaune, le rachat d'or, et pour ceux qui veulent investir dans l'or, vendre leur or tout simplement en savoir plus... Pour tous vos achat or et argent, n'h\u00e9sitez pas \u00e0 prendre rendez-vous dans l'un de nos nombreux comptoirs.\",\"sameAs\":[\"https:\\\/\\\/www.gold.fr\"]}]}<\/script>\n<!-- \/ Yoast SEO plugin. -->","yoast_head_json":{"title":"Le FMI convoite l\u2019or alg\u00e9rien - Gold.fr","robots":{"index":"index","follow":"follow","max-snippet":"max-snippet:-1","max-image-preview":"max-image-preview:large","max-video-preview":"max-video-preview:-1"},"canonical":"https:\/\/www.gold.fr\/news\/2013\/04\/10\/le-fmi-convoite-lor-algerien\/","og_locale":"fr_FR","og_type":"article","og_title":"Le FMI convoite l\u2019or alg\u00e9rien - Gold.fr","og_description":"R\u00e9cemment hiss\u00e9e au 24\u00e8me rang mondial, en d\u00e9tention d\u2019or physique (des r\u00e9serves s&rsquo;\u00e9levant \u00e0 1 736 tonnes, soit l&rsquo;\u00e9quivalent de 4,7% des r\u00e9serves mondiales), l\u2019Alg\u00e9rie semble d\u00e9sormais susciter l\u2019int\u00e9r\u00eat des \u00ab\u00a0plus grands\u00a0\u00bb. Et l&rsquo;int\u00e9r\u00eat est particuli\u00e8rement [&hellip;]","og_url":"https:\/\/www.gold.fr\/news\/2013\/04\/10\/le-fmi-convoite-lor-algerien\/","og_site_name":"Gold.fr","article_publisher":"https:\/\/www.facebook.com\/Goldfr\/","article_published_time":"2013-04-10T15:00:19+00:00","article_modified_time":"2017-11-02T10:34:03+00:00","og_image":[{"width":600,"height":474,"url":"https:\/\/www.gold.fr\/news\/wp-content\/uploads\/2012\/04\/drapeau-alg\u00e9rie.jpg","type":"image\/jpeg"}],"author":"Comptoir National de l'Or","twitter_card":"summary_large_image","twitter_misc":{"\u00c9crit par":"Comptoir National de l'Or","Dur\u00e9e de lecture estim\u00e9e":"1 minute"},"schema":{"@context":"https:\/\/schema.org","@graph":[{"@type":"Article","@id":"https:\/\/www.gold.fr\/news\/2013\/04\/10\/le-fmi-convoite-lor-algerien\/#article","isPartOf":{"@id":"https:\/\/www.gold.fr\/news\/2013\/04\/10\/le-fmi-convoite-lor-algerien\/"},"author":{"name":"Comptoir National de l'Or","@id":"https:\/\/www.gold.fr\/news\/#\/schema\/person\/070491b4b4fb7671bf59b3be20302ce9"},"headline":"Le FMI convoite l\u2019or alg\u00e9rien","datePublished":"2013-04-10T15:00:19+00:00","dateModified":"2017-11-02T10:34:03+00:00","mainEntityOfPage":{"@id":"https:\/\/www.gold.fr\/news\/2013\/04\/10\/le-fmi-convoite-lor-algerien\/"},"wordCount":305,"commentCount":0,"image":{"@id":"https:\/\/www.gold.fr\/news\/2013\/04\/10\/le-fmi-convoite-lor-algerien\/#primaryimage"},"thumbnailUrl":"https:\/\/www.gold.fr\/news\/wp-content\/uploads\/2012\/04\/drapeau-alg\u00e9rie.jpg","keywords":["Alg\u00e9rie","fmi","or alg\u00e9rien","or physique"],"articleSection":["Articles de presse"],"inLanguage":"fr-FR"},{"@type":"WebPage","@id":"https:\/\/www.gold.fr\/news\/2013\/04\/10\/le-fmi-convoite-lor-algerien\/","url":"https:\/\/www.gold.fr\/news\/2013\/04\/10\/le-fmi-convoite-lor-algerien\/","name":"Le FMI convoite l\u2019or alg\u00e9rien - Gold.fr","isPartOf":{"@id":"https:\/\/www.gold.fr\/news\/#website"},"primaryImageOfPage":{"@id":"https:\/\/www.gold.fr\/news\/2013\/04\/10\/le-fmi-convoite-lor-algerien\/#primaryimage"},"image":{"@id":"https:\/\/www.gold.fr\/news\/2013\/04\/10\/le-fmi-convoite-lor-algerien\/#primaryimage"},"thumbnailUrl":"https:\/\/www.gold.fr\/news\/wp-content\/uploads\/2012\/04\/drapeau-alg\u00e9rie.jpg","datePublished":"2013-04-10T15:00:19+00:00","dateModified":"2017-11-02T10:34:03+00:00","author":{"@id":"https:\/\/www.gold.fr\/news\/#\/schema\/person\/070491b4b4fb7671bf59b3be20302ce9"},"breadcrumb":{"@id":"https:\/\/www.gold.fr\/news\/2013\/04\/10\/le-fmi-convoite-lor-algerien\/#breadcrumb"},"inLanguage":"fr-FR","potentialAction":[{"@type":"ReadAction","target":["https:\/\/www.gold.fr\/news\/2013\/04\/10\/le-fmi-convoite-lor-algerien\/"]}]},{"@type":"ImageObject","inLanguage":"fr-FR","@id":"https:\/\/www.gold.fr\/news\/2013\/04\/10\/le-fmi-convoite-lor-algerien\/#primaryimage","url":"https:\/\/www.gold.fr\/news\/wp-content\/uploads\/2012\/04\/drapeau-alg\u00e9rie.jpg","contentUrl":"https:\/\/www.gold.fr\/news\/wp-content\/uploads\/2012\/04\/drapeau-alg\u00e9rie.jpg","width":"600","height":"474","caption":"Le FMI convoite l\u2019or alg\u00e9rien"},{"@type":"BreadcrumbList","@id":"https:\/\/www.gold.fr\/news\/2013\/04\/10\/le-fmi-convoite-lor-algerien\/#breadcrumb","itemListElement":[{"@type":"ListItem","position":1,"name":"Accueil","item":"https:\/\/www.gold.fr\/"},{"@type":"ListItem","position":2,"name":"Actualit\u00e9s","item":"https:\/\/www.gold.fr\/news\/"},{"@type":"ListItem","position":3,"name":"Le FMI convoite l\u2019or alg\u00e9rien"}]},{"@type":"WebSite","@id":"https:\/\/www.gold.fr\/news\/#website","url":"https:\/\/www.gold.fr\/news\/","name":"Gold.fr","description":"Actualit\u00e9s de l&#039;Or et des m\u00e9taux pr\u00e9cieux","potentialAction":[{"@type":"SearchAction","target":{"@type":"EntryPoint","urlTemplate":"https:\/\/www.gold.fr\/news\/?s={search_term_string}"},"query-input":{"@type":"PropertyValueSpecification","valueRequired":true,"valueName":"search_term_string"}}],"inLanguage":"fr-FR"},{"@type":"Person","@id":"https:\/\/www.gold.fr\/news\/#\/schema\/person\/070491b4b4fb7671bf59b3be20302ce9","name":"Comptoir National de l'Or","image":{"@type":"ImageObject","inLanguage":"fr-FR","@id":"https:\/\/secure.gravatar.com\/avatar\/0a2867fd5abe37bed95d5a65e9d58f01756e11efc68af9888dfc50cfa7f65948?s=96&d=mm&r=gb490554db0a38188709de567aa58480d","url":"https:\/\/secure.gravatar.com\/avatar\/0a2867fd5abe37bed95d5a65e9d58f01756e11efc68af9888dfc50cfa7f65948?s=96&d=mm&r=g","contentUrl":"https:\/\/secure.gravatar.com\/avatar\/0a2867fd5abe37bed95d5a65e9d58f01756e11efc68af9888dfc50cfa7f65948?s=96&d=mm&r=g","caption":"Comptoir National de l'Or"},"description":"Notre r\u00e9daction est constitu\u00e9e de membres experts dans les m\u00e9tiers de l'\u00e9conomie et la gestion, des Responsables d'agence Comptoir National de l'Or, des analystes financiers qui publient r\u00e9guli\u00e8rement des \u00e9tudes sur les politiques des banques centrales, le cours de l'or, prix de l'or, cours de l'argent, prix de l'argent, cours du platine, cours du palladium,... la situation en zone euro et l'impact de la strat\u00e9gie mon\u00e9taire de la FED. Notre \u00e9quipe scrute \u00e9galement une information plus g\u00e9n\u00e9raliste \u00e0 la recherche d'actualit\u00e9 \"p\u00e9pite\" \u00e0 vous partager. Depuis 5 ans, nous avons publi\u00e9 un peu plus de 4000 articles qui s'adressent \u00e0 un public large et vari\u00e9 ayant pour objectif de satisfaire votre curiosit\u00e9 et de partager avec vous une certaine fascination pour le m\u00e9tal jaune, le rachat d'or, et pour ceux qui veulent investir dans l'or, vendre leur or tout simplement en savoir plus... Pour tous vos achat or et argent, n'h\u00e9sitez pas \u00e0 prendre rendez-vous dans l'un de nos nombreux comptoirs.","sameAs":["https:\/\/www.gold.fr"]}]}},"authors":[{"term_id":2565,"user_id":18,"is_guest":0,"slug":"julie","display_name":"Comptoir National de l'Or","avatar_url":"https:\/\/secure.gravatar.com\/avatar\/713f289e398d35ead876c4a4cc08607f0d6d266058cfc25683fffb6092d0e572?s=96&d=mm&r=g","0":null,"1":"","2":"","3":"","4":"","5":"","6":"","7":"","8":""}],"_links":{"self":[{"href":"https:\/\/www.gold.fr\/news\/wp-json\/wp\/v2\/posts\/11330","targetHints":{"allow":["GET"]}}],"collection":[{"href":"https:\/\/www.gold.fr\/news\/wp-json\/wp\/v2\/posts"}],"about":[{"href":"https:\/\/www.gold.fr\/news\/wp-json\/wp\/v2\/types\/post"}],"author":[{"embeddable":true,"href":"https:\/\/www.gold.fr\/news\/wp-json\/wp\/v2\/users\/18"}],"replies":[{"embeddable":true,"href":"https:\/\/www.gold.fr\/news\/wp-json\/wp\/v2\/comments?post=11330"}],"version-history":[{"count":0,"href":"https:\/\/www.gold.fr\/news\/wp-json\/wp\/v2\/posts\/11330\/revisions"}],"wp:featuredmedia":[{"embeddable":true,"href":"https:\/\/www.gold.fr\/news\/wp-json\/wp\/v2\/media\/6808"}],"wp:attachment":[{"href":"https:\/\/www.gold.fr\/news\/wp-json\/wp\/v2\/media?parent=11330"}],"wp:term":[{"taxonomy":"category","embeddable":true,"href":"https:\/\/www.gold.fr\/news\/wp-json\/wp\/v2\/categories?post=11330"},{"taxonomy":"post_tag","embeddable":true,"href":"https:\/\/www.gold.fr\/news\/wp-json\/wp\/v2\/tags?post=11330"},{"taxonomy":"author","embeddable":true,"href":"https:\/\/www.gold.fr\/news\/wp-json\/wp\/v2\/ppma_author?post=11330"}],"curies":[{"name":"wp","href":"https:\/\/api.w.org\/{rel}","templated":true}]}}