{"id":11307,"date":"2013-04-08T09:00:55","date_gmt":"2013-04-08T07:00:55","guid":{"rendered":"https:\/\/www.gold.fr\/news\/?p=11307"},"modified":"2017-10-26T19:01:10","modified_gmt":"2017-10-26T17:01:10","slug":"lor-profite-de-la-confusion-chypriote","status":"publish","type":"post","link":"https:\/\/www.gold.fr\/news\/2013\/04\/08\/lor-profite-de-la-confusion-chypriote\/","title":{"rendered":"L\u2019or profite de la confusion chypriote"},"content":{"rendered":"<p><span style=\"font-size: small;\"><img loading=\"lazy\" decoding=\"async\" class=\"alignleft size-thumbnail wp-image-5036\" title=\"L\u2019or profite de la confusion chypriote\" src=\"https:\/\/www.gold.fr\/news\/wp-content\/uploads\/2012\/01\/Or-150x150.jpg\" alt=\"\" width=\"150\" height=\"150\" \/>C\u2019est sur fond de crise europ\u00e9enne en cours, que <a title=\"Prix de l\u2019or\" href=\"https:\/\/www.gold.fr\/cours-prix-de-l-or\/\" target=\"_blank\">le prix du m\u00e9tal jaune<\/a> flirte, depuis quelques jours, avec le palier particuli\u00e8rement r\u00e9sistant des <strong>1\u00a0600 dollars<\/strong>. Il va sans dire que le march\u00e9 aurif\u00e8re profite ainsi des angoisses europ\u00e9ennes grandissantes, et plus particuli\u00e8rement, celles reli\u00e9es \u00e0 <a title=\"Crise en Chypre : Est-ce r\u00e9ellement termin\u00e9 ?\" href=\"https:\/\/www.gold.fr\/news\/2013\/04\/04\/crise-en-chypre-est-ce-reellement-termine\/11270\/\" target=\"_blank\">la situation chypriote<\/a>.<\/span>    <span style=\"font-size: small;\"> Avec la r\u00e9cente r\u00e9ouverture des guichets bancaires de l\u2019\u00eele, ces angoisses avaient d\u2019ailleurs atteint leur paroxysme. Rappelons que le gouvernement chypriote n\u2019a pas h\u00e9sit\u00e9 \u00e0 prendre des mesures inhabituelles et inattendues, pour ne pas dire t\u00e9m\u00e9raires et d\u00e9sesp\u00e9r\u00e9es.<\/span>    <span style=\"font-size: small;\"><strong> L\u2019Union Europ\u00e9enne<\/strong>, la <strong>Banque Centrale Europ\u00e9enne<\/strong> et le <strong>Fonds Mon\u00e9taire International<\/strong> avaient d\u00e9cid\u00e9 de \u00ab\u00a0<em>revenir sur les garanties des investisseurs obligataires et aussi de ponctionner les d\u00e9p\u00f4ts bancaires pr\u00e9sents sur les comptes courants<\/em>\u00a0\u00bb. Cette d\u00e9cision avait fait suite \u00e0 un chaos relatif cr\u00e9\u00e9 par le spectre du seuil de garantie (finalement maintenu) des <strong>100.000 euros<\/strong>. L\u2019un de ces organismes assure d\u00e9sormais le contr\u00f4le et la supervision des capitaux d\u00e9pos\u00e9s, craignant probablement une vague de \u00ab\u00a0<em>d\u00e9sertion\u00a0<\/em>\u00bb populaire. En d\u2019autres termes, les \u00e9pargnants chypriotes risquent fort de proc\u00e9der au retrait de tous leurs d\u00e9p\u00f4ts bancaires, avant de les d\u00e9poser dans des \u00e9tablissements financiers non-chypriotes.<\/span>    <span style=\"font-size: small;\"> Dans un rapport publi\u00e9 en fin de semaine derni\u00e8re, les sp\u00e9cialistes Changes de <strong>Deutsche Bank<\/strong> avaient estim\u00e9 qu\u2019un tel mouvement de panique sonnerait le glas de \u00ab\u00a0<em>l&rsquo;union \u00e9conomique et mon\u00e9taire de la zone euro<\/em>\u00a0\u00bb, qui, selon eux, n\u2019existerait alors plus.<\/span><\/p>\n<!-- AddThis Advanced Settings generic via filter on the_content --><!-- AddThis Share Buttons generic via filter on the_content -->","protected":false},"excerpt":{"rendered":"<p>C\u2019est sur fond de crise europ\u00e9enne en cours, que le prix du m\u00e9tal jaune flirte, depuis quelques jours, avec le palier particuli\u00e8rement r\u00e9sistant des 1\u00a0600 dollars. Il va sans dire que le march\u00e9 aurif\u00e8re profite ainsi [&hellip;]<\/p>\n","protected":false},"author":18,"featured_media":5036,"comment_status":"open","ping_status":"open","sticky":false,"template":"","format":"standard","meta":{"_mbp_gutenberg_autopost":false,"_pgmb_is_evergreen":false,"_pgmb_ap_template_id":0,"footnotes":""},"categories":[6],"tags":[1023,1213,211,83,213],"ppma_author":[2565],"class_list":["post-11307","post","type-post","status-publish","format-standard","has-post-thumbnail","hentry","category-articles-de-presse","tag-banque-centrale","tag-crise-chypriote","tag-fmi","tag-prix-de-lor","tag-union-europeenne"],"yoast_head":"<!-- This site is optimized with the Yoast SEO plugin v27.5 - https:\/\/yoast.com\/product\/yoast-seo-wordpress\/ -->\n<title>L\u2019or profite de la confusion chypriote - Gold.fr<\/title>\n<meta name=\"robots\" content=\"index, follow, max-snippet:-1, max-image-preview:large, max-video-preview:-1\" \/>\n<link rel=\"canonical\" href=\"https:\/\/www.gold.fr\/news\/2013\/04\/08\/lor-profite-de-la-confusion-chypriote\/\" \/>\n<meta property=\"og:locale\" content=\"fr_FR\" \/>\n<meta property=\"og:type\" content=\"article\" \/>\n<meta property=\"og:title\" content=\"L\u2019or profite de la confusion chypriote - Gold.fr\" \/>\n<meta property=\"og:description\" content=\"C\u2019est sur fond de crise europ\u00e9enne en cours, que le prix du m\u00e9tal jaune flirte, depuis quelques jours, avec le palier particuli\u00e8rement r\u00e9sistant des 1\u00a0600 dollars. Il va sans dire que le march\u00e9 aurif\u00e8re profite ainsi [&hellip;]\" \/>\n<meta property=\"og:url\" content=\"https:\/\/www.gold.fr\/news\/2013\/04\/08\/lor-profite-de-la-confusion-chypriote\/\" \/>\n<meta property=\"og:site_name\" content=\"Gold.fr\" \/>\n<meta property=\"article:publisher\" content=\"https:\/\/www.facebook.com\/Goldfr\/\" \/>\n<meta property=\"article:published_time\" content=\"2013-04-08T07:00:55+00:00\" \/>\n<meta property=\"article:modified_time\" content=\"2017-10-26T17:01:10+00:00\" \/>\n<meta property=\"og:image\" content=\"https:\/\/www.gold.fr\/news\/wp-content\/uploads\/2012\/01\/Or.jpg\" \/>\n\t<meta property=\"og:image:width\" content=\"600\" \/>\n\t<meta property=\"og:image:height\" content=\"526\" \/>\n\t<meta property=\"og:image:type\" content=\"image\/jpeg\" \/>\n<meta name=\"author\" content=\"Comptoir National de l&#039;Or\" \/>\n<meta name=\"twitter:card\" content=\"summary_large_image\" \/>\n<meta name=\"twitter:label1\" content=\"\u00c9crit par\" \/>\n\t<meta name=\"twitter:data1\" content=\"Comptoir National de l&#039;Or\" \/>\n\t<meta name=\"twitter:label2\" content=\"Dur\u00e9e de lecture estim\u00e9e\" \/>\n\t<meta name=\"twitter:data2\" content=\"1 minute\" \/>\n<script type=\"application\/ld+json\" class=\"yoast-schema-graph\">{\"@context\":\"https:\\\/\\\/schema.org\",\"@graph\":[{\"@type\":\"Article\",\"@id\":\"https:\\\/\\\/www.gold.fr\\\/news\\\/2013\\\/04\\\/08\\\/lor-profite-de-la-confusion-chypriote\\\/#article\",\"isPartOf\":{\"@id\":\"https:\\\/\\\/www.gold.fr\\\/news\\\/2013\\\/04\\\/08\\\/lor-profite-de-la-confusion-chypriote\\\/\"},\"author\":{\"name\":\"Comptoir National de l'Or\",\"@id\":\"https:\\\/\\\/www.gold.fr\\\/news\\\/#\\\/schema\\\/person\\\/070491b4b4fb7671bf59b3be20302ce9\"},\"headline\":\"L\u2019or profite de la confusion chypriote\",\"datePublished\":\"2013-04-08T07:00:55+00:00\",\"dateModified\":\"2017-10-26T17:01:10+00:00\",\"mainEntityOfPage\":{\"@id\":\"https:\\\/\\\/www.gold.fr\\\/news\\\/2013\\\/04\\\/08\\\/lor-profite-de-la-confusion-chypriote\\\/\"},\"wordCount\":277,\"commentCount\":0,\"image\":{\"@id\":\"https:\\\/\\\/www.gold.fr\\\/news\\\/2013\\\/04\\\/08\\\/lor-profite-de-la-confusion-chypriote\\\/#primaryimage\"},\"thumbnailUrl\":\"https:\\\/\\\/www.gold.fr\\\/news\\\/wp-content\\\/uploads\\\/2012\\\/01\\\/Or.jpg\",\"keywords\":[\"Banque centrale\",\"crise chypriote\",\"fmi\",\"prix de l'or\",\"union europ\u00e9enne\"],\"articleSection\":[\"Articles de presse\"],\"inLanguage\":\"fr-FR\"},{\"@type\":\"WebPage\",\"@id\":\"https:\\\/\\\/www.gold.fr\\\/news\\\/2013\\\/04\\\/08\\\/lor-profite-de-la-confusion-chypriote\\\/\",\"url\":\"https:\\\/\\\/www.gold.fr\\\/news\\\/2013\\\/04\\\/08\\\/lor-profite-de-la-confusion-chypriote\\\/\",\"name\":\"L\u2019or profite de la confusion chypriote - Gold.fr\",\"isPartOf\":{\"@id\":\"https:\\\/\\\/www.gold.fr\\\/news\\\/#website\"},\"primaryImageOfPage\":{\"@id\":\"https:\\\/\\\/www.gold.fr\\\/news\\\/2013\\\/04\\\/08\\\/lor-profite-de-la-confusion-chypriote\\\/#primaryimage\"},\"image\":{\"@id\":\"https:\\\/\\\/www.gold.fr\\\/news\\\/2013\\\/04\\\/08\\\/lor-profite-de-la-confusion-chypriote\\\/#primaryimage\"},\"thumbnailUrl\":\"https:\\\/\\\/www.gold.fr\\\/news\\\/wp-content\\\/uploads\\\/2012\\\/01\\\/Or.jpg\",\"datePublished\":\"2013-04-08T07:00:55+00:00\",\"dateModified\":\"2017-10-26T17:01:10+00:00\",\"author\":{\"@id\":\"https:\\\/\\\/www.gold.fr\\\/news\\\/#\\\/schema\\\/person\\\/070491b4b4fb7671bf59b3be20302ce9\"},\"breadcrumb\":{\"@id\":\"https:\\\/\\\/www.gold.fr\\\/news\\\/2013\\\/04\\\/08\\\/lor-profite-de-la-confusion-chypriote\\\/#breadcrumb\"},\"inLanguage\":\"fr-FR\",\"potentialAction\":[{\"@type\":\"ReadAction\",\"target\":[\"https:\\\/\\\/www.gold.fr\\\/news\\\/2013\\\/04\\\/08\\\/lor-profite-de-la-confusion-chypriote\\\/\"]}]},{\"@type\":\"ImageObject\",\"inLanguage\":\"fr-FR\",\"@id\":\"https:\\\/\\\/www.gold.fr\\\/news\\\/2013\\\/04\\\/08\\\/lor-profite-de-la-confusion-chypriote\\\/#primaryimage\",\"url\":\"https:\\\/\\\/www.gold.fr\\\/news\\\/wp-content\\\/uploads\\\/2012\\\/01\\\/Or.jpg\",\"contentUrl\":\"https:\\\/\\\/www.gold.fr\\\/news\\\/wp-content\\\/uploads\\\/2012\\\/01\\\/Or.jpg\",\"width\":\"600\",\"height\":\"526\",\"caption\":\"March\u00e9s : La nervosit\u00e9 r\u00e8gne toujours\"},{\"@type\":\"BreadcrumbList\",\"@id\":\"https:\\\/\\\/www.gold.fr\\\/news\\\/2013\\\/04\\\/08\\\/lor-profite-de-la-confusion-chypriote\\\/#breadcrumb\",\"itemListElement\":[{\"@type\":\"ListItem\",\"position\":1,\"name\":\"Accueil\",\"item\":\"https:\\\/\\\/www.gold.fr\\\/\"},{\"@type\":\"ListItem\",\"position\":2,\"name\":\"Actualit\u00e9s\",\"item\":\"https:\\\/\\\/www.gold.fr\\\/news\\\/\"},{\"@type\":\"ListItem\",\"position\":3,\"name\":\"L\u2019or profite de la confusion chypriote\"}]},{\"@type\":\"WebSite\",\"@id\":\"https:\\\/\\\/www.gold.fr\\\/news\\\/#website\",\"url\":\"https:\\\/\\\/www.gold.fr\\\/news\\\/\",\"name\":\"Gold.fr\",\"description\":\"Actualit\u00e9s de l&#039;Or et des m\u00e9taux pr\u00e9cieux\",\"potentialAction\":[{\"@type\":\"SearchAction\",\"target\":{\"@type\":\"EntryPoint\",\"urlTemplate\":\"https:\\\/\\\/www.gold.fr\\\/news\\\/?s={search_term_string}\"},\"query-input\":{\"@type\":\"PropertyValueSpecification\",\"valueRequired\":true,\"valueName\":\"search_term_string\"}}],\"inLanguage\":\"fr-FR\"},{\"@type\":\"Person\",\"@id\":\"https:\\\/\\\/www.gold.fr\\\/news\\\/#\\\/schema\\\/person\\\/070491b4b4fb7671bf59b3be20302ce9\",\"name\":\"Comptoir National de l'Or\",\"image\":{\"@type\":\"ImageObject\",\"inLanguage\":\"fr-FR\",\"@id\":\"https:\\\/\\\/secure.gravatar.com\\\/avatar\\\/0a2867fd5abe37bed95d5a65e9d58f01756e11efc68af9888dfc50cfa7f65948?s=96&d=mm&r=gb490554db0a38188709de567aa58480d\",\"url\":\"https:\\\/\\\/secure.gravatar.com\\\/avatar\\\/0a2867fd5abe37bed95d5a65e9d58f01756e11efc68af9888dfc50cfa7f65948?s=96&d=mm&r=g\",\"contentUrl\":\"https:\\\/\\\/secure.gravatar.com\\\/avatar\\\/0a2867fd5abe37bed95d5a65e9d58f01756e11efc68af9888dfc50cfa7f65948?s=96&d=mm&r=g\",\"caption\":\"Comptoir National de l'Or\"},\"description\":\"Notre r\u00e9daction est constitu\u00e9e de membres experts dans les m\u00e9tiers de l'\u00e9conomie et la gestion, des Responsables d'agence Comptoir National de l'Or, des analystes financiers qui publient r\u00e9guli\u00e8rement des \u00e9tudes sur les politiques des banques centrales, le cours de l'or, prix de l'or, cours de l'argent, prix de l'argent, cours du platine, cours du palladium,... la situation en zone euro et l'impact de la strat\u00e9gie mon\u00e9taire de la FED. Notre \u00e9quipe scrute \u00e9galement une information plus g\u00e9n\u00e9raliste \u00e0 la recherche d'actualit\u00e9 \\\"p\u00e9pite\\\" \u00e0 vous partager. Depuis 5 ans, nous avons publi\u00e9 un peu plus de 4000 articles qui s'adressent \u00e0 un public large et vari\u00e9 ayant pour objectif de satisfaire votre curiosit\u00e9 et de partager avec vous une certaine fascination pour le m\u00e9tal jaune, le rachat d'or, et pour ceux qui veulent investir dans l'or, vendre leur or tout simplement en savoir plus... Pour tous vos achat or et argent, n'h\u00e9sitez pas \u00e0 prendre rendez-vous dans l'un de nos nombreux comptoirs.\",\"sameAs\":[\"https:\\\/\\\/www.gold.fr\"]}]}<\/script>\n<!-- \/ Yoast SEO plugin. -->","yoast_head_json":{"title":"L\u2019or profite de la confusion chypriote - Gold.fr","robots":{"index":"index","follow":"follow","max-snippet":"max-snippet:-1","max-image-preview":"max-image-preview:large","max-video-preview":"max-video-preview:-1"},"canonical":"https:\/\/www.gold.fr\/news\/2013\/04\/08\/lor-profite-de-la-confusion-chypriote\/","og_locale":"fr_FR","og_type":"article","og_title":"L\u2019or profite de la confusion chypriote - Gold.fr","og_description":"C\u2019est sur fond de crise europ\u00e9enne en cours, que le prix du m\u00e9tal jaune flirte, depuis quelques jours, avec le palier particuli\u00e8rement r\u00e9sistant des 1\u00a0600 dollars. Il va sans dire que le march\u00e9 aurif\u00e8re profite ainsi [&hellip;]","og_url":"https:\/\/www.gold.fr\/news\/2013\/04\/08\/lor-profite-de-la-confusion-chypriote\/","og_site_name":"Gold.fr","article_publisher":"https:\/\/www.facebook.com\/Goldfr\/","article_published_time":"2013-04-08T07:00:55+00:00","article_modified_time":"2017-10-26T17:01:10+00:00","og_image":[{"width":600,"height":526,"url":"https:\/\/www.gold.fr\/news\/wp-content\/uploads\/2012\/01\/Or.jpg","type":"image\/jpeg"}],"author":"Comptoir National de l'Or","twitter_card":"summary_large_image","twitter_misc":{"\u00c9crit par":"Comptoir National de l'Or","Dur\u00e9e de lecture estim\u00e9e":"1 minute"},"schema":{"@context":"https:\/\/schema.org","@graph":[{"@type":"Article","@id":"https:\/\/www.gold.fr\/news\/2013\/04\/08\/lor-profite-de-la-confusion-chypriote\/#article","isPartOf":{"@id":"https:\/\/www.gold.fr\/news\/2013\/04\/08\/lor-profite-de-la-confusion-chypriote\/"},"author":{"name":"Comptoir National de l'Or","@id":"https:\/\/www.gold.fr\/news\/#\/schema\/person\/070491b4b4fb7671bf59b3be20302ce9"},"headline":"L\u2019or profite de la confusion chypriote","datePublished":"2013-04-08T07:00:55+00:00","dateModified":"2017-10-26T17:01:10+00:00","mainEntityOfPage":{"@id":"https:\/\/www.gold.fr\/news\/2013\/04\/08\/lor-profite-de-la-confusion-chypriote\/"},"wordCount":277,"commentCount":0,"image":{"@id":"https:\/\/www.gold.fr\/news\/2013\/04\/08\/lor-profite-de-la-confusion-chypriote\/#primaryimage"},"thumbnailUrl":"https:\/\/www.gold.fr\/news\/wp-content\/uploads\/2012\/01\/Or.jpg","keywords":["Banque centrale","crise chypriote","fmi","prix de l'or","union europ\u00e9enne"],"articleSection":["Articles de presse"],"inLanguage":"fr-FR"},{"@type":"WebPage","@id":"https:\/\/www.gold.fr\/news\/2013\/04\/08\/lor-profite-de-la-confusion-chypriote\/","url":"https:\/\/www.gold.fr\/news\/2013\/04\/08\/lor-profite-de-la-confusion-chypriote\/","name":"L\u2019or profite de la confusion chypriote - Gold.fr","isPartOf":{"@id":"https:\/\/www.gold.fr\/news\/#website"},"primaryImageOfPage":{"@id":"https:\/\/www.gold.fr\/news\/2013\/04\/08\/lor-profite-de-la-confusion-chypriote\/#primaryimage"},"image":{"@id":"https:\/\/www.gold.fr\/news\/2013\/04\/08\/lor-profite-de-la-confusion-chypriote\/#primaryimage"},"thumbnailUrl":"https:\/\/www.gold.fr\/news\/wp-content\/uploads\/2012\/01\/Or.jpg","datePublished":"2013-04-08T07:00:55+00:00","dateModified":"2017-10-26T17:01:10+00:00","author":{"@id":"https:\/\/www.gold.fr\/news\/#\/schema\/person\/070491b4b4fb7671bf59b3be20302ce9"},"breadcrumb":{"@id":"https:\/\/www.gold.fr\/news\/2013\/04\/08\/lor-profite-de-la-confusion-chypriote\/#breadcrumb"},"inLanguage":"fr-FR","potentialAction":[{"@type":"ReadAction","target":["https:\/\/www.gold.fr\/news\/2013\/04\/08\/lor-profite-de-la-confusion-chypriote\/"]}]},{"@type":"ImageObject","inLanguage":"fr-FR","@id":"https:\/\/www.gold.fr\/news\/2013\/04\/08\/lor-profite-de-la-confusion-chypriote\/#primaryimage","url":"https:\/\/www.gold.fr\/news\/wp-content\/uploads\/2012\/01\/Or.jpg","contentUrl":"https:\/\/www.gold.fr\/news\/wp-content\/uploads\/2012\/01\/Or.jpg","width":"600","height":"526","caption":"March\u00e9s : La nervosit\u00e9 r\u00e8gne toujours"},{"@type":"BreadcrumbList","@id":"https:\/\/www.gold.fr\/news\/2013\/04\/08\/lor-profite-de-la-confusion-chypriote\/#breadcrumb","itemListElement":[{"@type":"ListItem","position":1,"name":"Accueil","item":"https:\/\/www.gold.fr\/"},{"@type":"ListItem","position":2,"name":"Actualit\u00e9s","item":"https:\/\/www.gold.fr\/news\/"},{"@type":"ListItem","position":3,"name":"L\u2019or profite de la confusion chypriote"}]},{"@type":"WebSite","@id":"https:\/\/www.gold.fr\/news\/#website","url":"https:\/\/www.gold.fr\/news\/","name":"Gold.fr","description":"Actualit\u00e9s de l&#039;Or et des m\u00e9taux pr\u00e9cieux","potentialAction":[{"@type":"SearchAction","target":{"@type":"EntryPoint","urlTemplate":"https:\/\/www.gold.fr\/news\/?s={search_term_string}"},"query-input":{"@type":"PropertyValueSpecification","valueRequired":true,"valueName":"search_term_string"}}],"inLanguage":"fr-FR"},{"@type":"Person","@id":"https:\/\/www.gold.fr\/news\/#\/schema\/person\/070491b4b4fb7671bf59b3be20302ce9","name":"Comptoir National de l'Or","image":{"@type":"ImageObject","inLanguage":"fr-FR","@id":"https:\/\/secure.gravatar.com\/avatar\/0a2867fd5abe37bed95d5a65e9d58f01756e11efc68af9888dfc50cfa7f65948?s=96&d=mm&r=gb490554db0a38188709de567aa58480d","url":"https:\/\/secure.gravatar.com\/avatar\/0a2867fd5abe37bed95d5a65e9d58f01756e11efc68af9888dfc50cfa7f65948?s=96&d=mm&r=g","contentUrl":"https:\/\/secure.gravatar.com\/avatar\/0a2867fd5abe37bed95d5a65e9d58f01756e11efc68af9888dfc50cfa7f65948?s=96&d=mm&r=g","caption":"Comptoir National de l'Or"},"description":"Notre r\u00e9daction est constitu\u00e9e de membres experts dans les m\u00e9tiers de l'\u00e9conomie et la gestion, des Responsables d'agence Comptoir National de l'Or, des analystes financiers qui publient r\u00e9guli\u00e8rement des \u00e9tudes sur les politiques des banques centrales, le cours de l'or, prix de l'or, cours de l'argent, prix de l'argent, cours du platine, cours du palladium,... la situation en zone euro et l'impact de la strat\u00e9gie mon\u00e9taire de la FED. Notre \u00e9quipe scrute \u00e9galement une information plus g\u00e9n\u00e9raliste \u00e0 la recherche d'actualit\u00e9 \"p\u00e9pite\" \u00e0 vous partager. Depuis 5 ans, nous avons publi\u00e9 un peu plus de 4000 articles qui s'adressent \u00e0 un public large et vari\u00e9 ayant pour objectif de satisfaire votre curiosit\u00e9 et de partager avec vous une certaine fascination pour le m\u00e9tal jaune, le rachat d'or, et pour ceux qui veulent investir dans l'or, vendre leur or tout simplement en savoir plus... Pour tous vos achat or et argent, n'h\u00e9sitez pas \u00e0 prendre rendez-vous dans l'un de nos nombreux comptoirs.","sameAs":["https:\/\/www.gold.fr"]}]}},"authors":[{"term_id":2565,"user_id":18,"is_guest":0,"slug":"julie","display_name":"Comptoir National de l'Or","avatar_url":"https:\/\/secure.gravatar.com\/avatar\/713f289e398d35ead876c4a4cc08607f0d6d266058cfc25683fffb6092d0e572?s=96&d=mm&r=g","0":null,"1":"","2":"","3":"","4":"","5":"","6":"","7":"","8":""}],"_links":{"self":[{"href":"https:\/\/www.gold.fr\/news\/wp-json\/wp\/v2\/posts\/11307","targetHints":{"allow":["GET"]}}],"collection":[{"href":"https:\/\/www.gold.fr\/news\/wp-json\/wp\/v2\/posts"}],"about":[{"href":"https:\/\/www.gold.fr\/news\/wp-json\/wp\/v2\/types\/post"}],"author":[{"embeddable":true,"href":"https:\/\/www.gold.fr\/news\/wp-json\/wp\/v2\/users\/18"}],"replies":[{"embeddable":true,"href":"https:\/\/www.gold.fr\/news\/wp-json\/wp\/v2\/comments?post=11307"}],"version-history":[{"count":0,"href":"https:\/\/www.gold.fr\/news\/wp-json\/wp\/v2\/posts\/11307\/revisions"}],"wp:featuredmedia":[{"embeddable":true,"href":"https:\/\/www.gold.fr\/news\/wp-json\/wp\/v2\/media\/5036"}],"wp:attachment":[{"href":"https:\/\/www.gold.fr\/news\/wp-json\/wp\/v2\/media?parent=11307"}],"wp:term":[{"taxonomy":"category","embeddable":true,"href":"https:\/\/www.gold.fr\/news\/wp-json\/wp\/v2\/categories?post=11307"},{"taxonomy":"post_tag","embeddable":true,"href":"https:\/\/www.gold.fr\/news\/wp-json\/wp\/v2\/tags?post=11307"},{"taxonomy":"author","embeddable":true,"href":"https:\/\/www.gold.fr\/news\/wp-json\/wp\/v2\/ppma_author?post=11307"}],"curies":[{"name":"wp","href":"https:\/\/api.w.org\/{rel}","templated":true}]}}