{"id":11282,"date":"2013-04-02T13:15:42","date_gmt":"2013-04-02T11:15:42","guid":{"rendered":"https:\/\/www.gold.fr\/news\/?p=11282"},"modified":"2017-11-02T11:34:06","modified_gmt":"2017-11-02T10:34:06","slug":"lor-et-la-confiscation-voilee-de-labn-amro","status":"publish","type":"post","link":"https:\/\/www.gold.fr\/news\/2013\/04\/02\/lor-et-la-confiscation-voilee-de-labn-amro\/","title":{"rendered":"L&rsquo;Or et la confiscation \u00ab\u00a0voil\u00e9e\u00a0\u00bb de l&rsquo;ABN AMRO !"},"content":{"rendered":"<p style=\"text-align: justify;\"><span style=\"font-size: small;\"><img loading=\"lazy\" decoding=\"async\" class=\"alignleft size-thumbnail wp-image-11284\" title=\"drapeau-pays-bas\" src=\"https:\/\/www.gold.fr\/news\/wp-content\/uploads\/2013\/04\/drapeau-pays-bas-150x150.jpg\" alt=\"Drepeau Pays Bas\" width=\"150\" height=\"150\" \/>\u00ab\u00a0La Banque g\u00e9n\u00e9rale des Pays-Bas\u00a0\u00bb, n\u00e9e de la fusion de l&rsquo;ABN et l&rsquo;AMRO bank, a \u00e9t\u00e9 achet\u00e9e en 2010 par les banques Fortis, Royal Bank of Scotland (RBS) et Banco Santander Central Hispano. Apr\u00e8s une nationalisation partielle en 2007 suite \u00e0 la crise financi\u00e8re, l&rsquo;Etat  n\u00e9erlandais est devenu le seul actionnaire. Par ses volumes de transactions faramineux, l&rsquo;ABN AMRO occupe aujourd&rsquo;hui, la 11\u00e8me place en Europe et la 20\u00e8me dans le classement mondial !  Pourtant cette grande banque vient d&rsquo;adresser r\u00e9cemment par simple courrier, un message pour le moins surprenant, \u00e0 ses clients&#8230;<\/span><\/p>\n<p style=\"text-align: justify;\"><span style=\"font-size: small;\">De quoi s&rsquo;agit il au juste ? Il s&rsquo;agit tout \u00ab\u00a0simplement\u00a0\u00bb d&rsquo;un changement de r\u00e8gles : la Banque hollandaise, en tant que d\u00e9positaire de m\u00e9taux pr\u00e9cieux, <strong>n&rsquo;assure plus la livraison physique <a title=\"Cours Lingot Or 1Kg\" href=\"https:\/\/www.gold.fr\/cours-prix-de-l-or\/lingot-1-kg\/\" target=\"_blank\">des lingots d&rsquo;or<\/a> depuis le 1er avril 2013<\/strong>. Non, il ne s&rsquo;agit pas d&rsquo;un poisson d&rsquo;avril ! Pour preuve, cette annonce a \u00e9t\u00e9 accompagn\u00e9e d&rsquo;une formule qui se voulait n\u00e9anmoins rassurante, insistant sur le fait que les investissements seront index\u00e9s au prix de l&rsquo;offre et de la demande du march\u00e9. Ajoutant que les clients ne devraient faire aucune d\u00e9marche, et garder toute leur confiance !<\/span><\/p>\n<p style=\"text-align: justify;\"><span style=\"font-size: small;\">Pourquoi pas ? Sauf qu&rsquo;\u00e0 ce stade nous sommes en droit de nous poser la question qui concerne les motivations d&rsquo;une telle annonce. D&rsquo;autant plus que cela rappelle \u00e9videmment certains \u00e9pisodes de r\u00e9quisition du <a href='https:\/\/www.gold.fr\/news\/tags\/or' class='esk-seo-plu-link'>m\u00e9tal jaune<\/a> pass\u00e9s, aux Etats-Unis et en France (1933, 1945..). En r\u00e9alit\u00e9, cette d\u00e9cision de la banque hollandaise n&rsquo;est pas anodine, mais intervient \u00e0 un moment o\u00f9 la confiance dans les gouvernements, les politiques et les banques se trouve s\u00e9rieusement \u00e9branl\u00e9e. Face une paralysie de la croissance, <strong>le <a href='https:\/\/www.gold.fr\/news\/tags\/or' class='esk-seo-plu-link'>m\u00e9tal jaune<\/a> reste en effet, l&rsquo;unique actif tangible susceptible de combler le d\u00e9ficit colossal auquel sont confront\u00e9s la plupart des pays<\/strong>. Mais jusque l\u00e0 nous \u00e9tions loin d&rsquo;imaginer une \u00ab\u00a0confiscation\u00a0\u00bb  aussi imminente. Il est vrai que le sujet faisait d\u00e9bat aupr\u00e8s des retrait\u00e9s au d\u00e9part et qu&rsquo;il s&rsquo;exporte depuis quelques temps sur des forums anim\u00e9s par des personnes moins \u00e2g\u00e9es. Il est vrai aussi qu&rsquo;avec des monnaies papier agonisantes, l&rsquo;<a href='https:\/\/www.gold.fr\/news\/tags\/or' class='esk-seo-plu-link'>or<\/a> se trouve \u00eatre le meilleur garant de paiement et pourrait remplacer les devises actuelles.<\/span><\/p>\n<p style=\"text-align: justify;\"><span style=\"font-size: small;\">Dans tous les cas, il ne fait aucun doute que si cette mesure de confiscation \u00ab\u00a0voil\u00e9e\u00a0\u00bb hollandaise se propageait, il y aurait une explosion du <a title=\"Cours de l'Or\" href=\"https:\/\/www.gold.fr\/cours-prix-de-l-or\/\" target=\"_blank\">cours de l&rsquo;or<\/a> in\u00e9luctable. Apr\u00e8s la menace d&rsquo;un Bank Run Chypriote, assisterons nous \u00e0 un Gold Bank Run mondial ? R\u00e9ponse \u00e0 venir&#8230;                                                                                    <\/span><\/p>\n<p style=\"text-align: right;\">(Sources : 24hgold\/loretlargent\/zerohedge)<\/p>\n<!-- AddThis Advanced Settings generic via filter on the_content --><!-- AddThis Share Buttons generic via filter on the_content -->","protected":false},"excerpt":{"rendered":"<p>\u00ab\u00a0La Banque g\u00e9n\u00e9rale des Pays-Bas\u00a0\u00bb, n\u00e9e de la fusion de l&rsquo;ABN et l&rsquo;AMRO bank, a \u00e9t\u00e9 achet\u00e9e en 2010 par les banques Fortis, Royal Bank of Scotland (RBS) et Banco Santander Central Hispano. Apr\u00e8s une nationalisation [&hellip;]<\/p>\n","protected":false},"author":11,"featured_media":11284,"comment_status":"open","ping_status":"open","sticky":false,"template":"","format":"standard","meta":{"_mbp_gutenberg_autopost":false,"_pgmb_is_evergreen":false,"_pgmb_ap_template_id":0,"footnotes":""},"categories":[4],"tags":[1246,231,1248,1247,1249,607],"ppma_author":[2562],"class_list":["post-11282","post","type-post","status-publish","format-standard","has-post-thumbnail","hentry","category-analyses-economiques","tag-abn-amro","tag-achat-or","tag-banque-centrale-pays-bas","tag-banque-pays-bas","tag-cours-ior","tag-lingot-or"],"yoast_head":"<!-- This site is optimized with the Yoast SEO plugin v27.5 - https:\/\/yoast.com\/product\/yoast-seo-wordpress\/ -->\n<title>L&#039;Or et la confiscation &quot;voil\u00e9e&quot; de l&#039;ABN AMRO ! - Gold.fr<\/title>\n<meta name=\"robots\" content=\"index, follow, max-snippet:-1, max-image-preview:large, max-video-preview:-1\" \/>\n<link rel=\"canonical\" href=\"https:\/\/www.gold.fr\/news\/2013\/04\/02\/lor-et-la-confiscation-voilee-de-labn-amro\/\" \/>\n<meta property=\"og:locale\" content=\"fr_FR\" \/>\n<meta property=\"og:type\" content=\"article\" \/>\n<meta property=\"og:title\" content=\"L&#039;Or et la confiscation &quot;voil\u00e9e&quot; de l&#039;ABN AMRO ! - Gold.fr\" \/>\n<meta property=\"og:description\" content=\"\u00ab\u00a0La Banque g\u00e9n\u00e9rale des Pays-Bas\u00a0\u00bb, n\u00e9e de la fusion de l&rsquo;ABN et l&rsquo;AMRO bank, a \u00e9t\u00e9 achet\u00e9e en 2010 par les banques Fortis, Royal Bank of Scotland (RBS) et Banco Santander Central Hispano. Apr\u00e8s une nationalisation [&hellip;]\" \/>\n<meta property=\"og:url\" content=\"https:\/\/www.gold.fr\/news\/2013\/04\/02\/lor-et-la-confiscation-voilee-de-labn-amro\/\" \/>\n<meta property=\"og:site_name\" content=\"Gold.fr\" \/>\n<meta property=\"article:publisher\" content=\"https:\/\/www.facebook.com\/Goldfr\/\" \/>\n<meta property=\"article:published_time\" content=\"2013-04-02T11:15:42+00:00\" \/>\n<meta property=\"article:modified_time\" content=\"2017-11-02T10:34:06+00:00\" \/>\n<meta property=\"og:image\" content=\"https:\/\/www.gold.fr\/news\/wp-content\/uploads\/2013\/04\/drapeau-pays-bas.jpg\" \/>\n\t<meta property=\"og:image:width\" content=\"600\" \/>\n\t<meta property=\"og:image:height\" content=\"400\" \/>\n\t<meta property=\"og:image:type\" content=\"image\/jpeg\" \/>\n<meta name=\"author\" content=\"Anthony\" \/>\n<meta name=\"twitter:card\" content=\"summary_large_image\" \/>\n<meta name=\"twitter:label1\" content=\"\u00c9crit par\" \/>\n\t<meta name=\"twitter:data1\" content=\"Anthony\" \/>\n\t<meta name=\"twitter:label2\" content=\"Dur\u00e9e de lecture estim\u00e9e\" \/>\n\t<meta name=\"twitter:data2\" content=\"2 minutes\" \/>\n<script type=\"application\/ld+json\" class=\"yoast-schema-graph\">{\"@context\":\"https:\\\/\\\/schema.org\",\"@graph\":[{\"@type\":\"Article\",\"@id\":\"https:\\\/\\\/www.gold.fr\\\/news\\\/2013\\\/04\\\/02\\\/lor-et-la-confiscation-voilee-de-labn-amro\\\/#article\",\"isPartOf\":{\"@id\":\"https:\\\/\\\/www.gold.fr\\\/news\\\/2013\\\/04\\\/02\\\/lor-et-la-confiscation-voilee-de-labn-amro\\\/\"},\"author\":{\"name\":\"Anthony\",\"@id\":\"https:\\\/\\\/www.gold.fr\\\/news\\\/#\\\/schema\\\/person\\\/feb6458ffd7bceeeb4e228398c34fbe5\"},\"headline\":\"L&rsquo;Or et la confiscation \u00ab\u00a0voil\u00e9e\u00a0\u00bb de l&rsquo;ABN AMRO !\",\"datePublished\":\"2013-04-02T11:15:42+00:00\",\"dateModified\":\"2017-11-02T10:34:06+00:00\",\"mainEntityOfPage\":{\"@id\":\"https:\\\/\\\/www.gold.fr\\\/news\\\/2013\\\/04\\\/02\\\/lor-et-la-confiscation-voilee-de-labn-amro\\\/\"},\"wordCount\":464,\"commentCount\":0,\"image\":{\"@id\":\"https:\\\/\\\/www.gold.fr\\\/news\\\/2013\\\/04\\\/02\\\/lor-et-la-confiscation-voilee-de-labn-amro\\\/#primaryimage\"},\"thumbnailUrl\":\"https:\\\/\\\/www.gold.fr\\\/news\\\/wp-content\\\/uploads\\\/2013\\\/04\\\/drapeau-pays-bas.jpg\",\"keywords\":[\"ABN AMRO\",\"Achat or\",\"banque centrale pays bas\",\"banque pays bas\",\"cours ior\",\"lingot or\"],\"articleSection\":[\"Analyses Economiques\"],\"inLanguage\":\"fr-FR\"},{\"@type\":\"WebPage\",\"@id\":\"https:\\\/\\\/www.gold.fr\\\/news\\\/2013\\\/04\\\/02\\\/lor-et-la-confiscation-voilee-de-labn-amro\\\/\",\"url\":\"https:\\\/\\\/www.gold.fr\\\/news\\\/2013\\\/04\\\/02\\\/lor-et-la-confiscation-voilee-de-labn-amro\\\/\",\"name\":\"L'Or et la confiscation \\\"voil\u00e9e\\\" de l'ABN AMRO ! - Gold.fr\",\"isPartOf\":{\"@id\":\"https:\\\/\\\/www.gold.fr\\\/news\\\/#website\"},\"primaryImageOfPage\":{\"@id\":\"https:\\\/\\\/www.gold.fr\\\/news\\\/2013\\\/04\\\/02\\\/lor-et-la-confiscation-voilee-de-labn-amro\\\/#primaryimage\"},\"image\":{\"@id\":\"https:\\\/\\\/www.gold.fr\\\/news\\\/2013\\\/04\\\/02\\\/lor-et-la-confiscation-voilee-de-labn-amro\\\/#primaryimage\"},\"thumbnailUrl\":\"https:\\\/\\\/www.gold.fr\\\/news\\\/wp-content\\\/uploads\\\/2013\\\/04\\\/drapeau-pays-bas.jpg\",\"datePublished\":\"2013-04-02T11:15:42+00:00\",\"dateModified\":\"2017-11-02T10:34:06+00:00\",\"author\":{\"@id\":\"https:\\\/\\\/www.gold.fr\\\/news\\\/#\\\/schema\\\/person\\\/feb6458ffd7bceeeb4e228398c34fbe5\"},\"breadcrumb\":{\"@id\":\"https:\\\/\\\/www.gold.fr\\\/news\\\/2013\\\/04\\\/02\\\/lor-et-la-confiscation-voilee-de-labn-amro\\\/#breadcrumb\"},\"inLanguage\":\"fr-FR\",\"potentialAction\":[{\"@type\":\"ReadAction\",\"target\":[\"https:\\\/\\\/www.gold.fr\\\/news\\\/2013\\\/04\\\/02\\\/lor-et-la-confiscation-voilee-de-labn-amro\\\/\"]}]},{\"@type\":\"ImageObject\",\"inLanguage\":\"fr-FR\",\"@id\":\"https:\\\/\\\/www.gold.fr\\\/news\\\/2013\\\/04\\\/02\\\/lor-et-la-confiscation-voilee-de-labn-amro\\\/#primaryimage\",\"url\":\"https:\\\/\\\/www.gold.fr\\\/news\\\/wp-content\\\/uploads\\\/2013\\\/04\\\/drapeau-pays-bas.jpg\",\"contentUrl\":\"https:\\\/\\\/www.gold.fr\\\/news\\\/wp-content\\\/uploads\\\/2013\\\/04\\\/drapeau-pays-bas.jpg\",\"width\":\"600\",\"height\":\"400\",\"caption\":\"Drepeau Pays Bas\"},{\"@type\":\"BreadcrumbList\",\"@id\":\"https:\\\/\\\/www.gold.fr\\\/news\\\/2013\\\/04\\\/02\\\/lor-et-la-confiscation-voilee-de-labn-amro\\\/#breadcrumb\",\"itemListElement\":[{\"@type\":\"ListItem\",\"position\":1,\"name\":\"Accueil\",\"item\":\"https:\\\/\\\/www.gold.fr\\\/\"},{\"@type\":\"ListItem\",\"position\":2,\"name\":\"Actualit\u00e9s\",\"item\":\"https:\\\/\\\/www.gold.fr\\\/news\\\/\"},{\"@type\":\"ListItem\",\"position\":3,\"name\":\"L&rsquo;Or et la confiscation \u00ab\u00a0voil\u00e9e\u00a0\u00bb de l&rsquo;ABN AMRO !\"}]},{\"@type\":\"WebSite\",\"@id\":\"https:\\\/\\\/www.gold.fr\\\/news\\\/#website\",\"url\":\"https:\\\/\\\/www.gold.fr\\\/news\\\/\",\"name\":\"Gold.fr\",\"description\":\"Actualit\u00e9s de l&#039;Or et des m\u00e9taux pr\u00e9cieux\",\"potentialAction\":[{\"@type\":\"SearchAction\",\"target\":{\"@type\":\"EntryPoint\",\"urlTemplate\":\"https:\\\/\\\/www.gold.fr\\\/news\\\/?s={search_term_string}\"},\"query-input\":{\"@type\":\"PropertyValueSpecification\",\"valueRequired\":true,\"valueName\":\"search_term_string\"}}],\"inLanguage\":\"fr-FR\"},{\"@type\":\"Person\",\"@id\":\"https:\\\/\\\/www.gold.fr\\\/news\\\/#\\\/schema\\\/person\\\/feb6458ffd7bceeeb4e228398c34fbe5\",\"name\":\"Anthony\",\"image\":{\"@type\":\"ImageObject\",\"inLanguage\":\"fr-FR\",\"@id\":\"https:\\\/\\\/secure.gravatar.com\\\/avatar\\\/19974f7c75da5f0b217374f3a37eb05031e41aaad4ceb3fe17ada2ab3daf6b95?s=96&d=mm&r=gbc5324aff3d366843e00df00c899c1a8\",\"url\":\"https:\\\/\\\/secure.gravatar.com\\\/avatar\\\/19974f7c75da5f0b217374f3a37eb05031e41aaad4ceb3fe17ada2ab3daf6b95?s=96&d=mm&r=g\",\"contentUrl\":\"https:\\\/\\\/secure.gravatar.com\\\/avatar\\\/19974f7c75da5f0b217374f3a37eb05031e41aaad4ceb3fe17ada2ab3daf6b95?s=96&d=mm&r=g\",\"caption\":\"Anthony\"},\"description\":\"Notre r\u00e9daction est constitu\u00e9e de membres experts dans les m\u00e9tiers de l'\u00e9conomie et la gestion, des Responsables d'agence Comptoir National de l'Or, des analystes financiers qui publient r\u00e9guli\u00e8rement des \u00e9tudes sur les politiques des banques centrales, le cours de l'or, le cours de l'argent, cours du platine, cours du palladium... la situation en zone euro et l'impact de la strat\u00e9gie mon\u00e9taire de la FED. Notre \u00e9quipe scrute \u00e9galement une information plus g\u00e9n\u00e9raliste \u00e0 la recherche d'actualit\u00e9 \\\"p\u00e9pite\\\" \u00e0 vous partager. Depuis 5 ans, nous avons publi\u00e9 un peu plus de 4000 articles qui s'adressent \u00e0 un public large et vari\u00e9 ayant pour objectif de satisfaire votre curiosit\u00e9 et de partager avec vous une certaine fascination pour le m\u00e9tal jaune, pour ceux qui veulent investir dans l'or, vendre leur or tout simplement en savoir plus...\",\"sameAs\":[\"https:\\\/\\\/www.gold.fr\\\/news\"]}]}<\/script>\n<!-- \/ Yoast SEO plugin. -->","yoast_head_json":{"title":"L'Or et la confiscation \"voil\u00e9e\" de l'ABN AMRO ! - Gold.fr","robots":{"index":"index","follow":"follow","max-snippet":"max-snippet:-1","max-image-preview":"max-image-preview:large","max-video-preview":"max-video-preview:-1"},"canonical":"https:\/\/www.gold.fr\/news\/2013\/04\/02\/lor-et-la-confiscation-voilee-de-labn-amro\/","og_locale":"fr_FR","og_type":"article","og_title":"L'Or et la confiscation \"voil\u00e9e\" de l'ABN AMRO ! - Gold.fr","og_description":"\u00ab\u00a0La Banque g\u00e9n\u00e9rale des Pays-Bas\u00a0\u00bb, n\u00e9e de la fusion de l&rsquo;ABN et l&rsquo;AMRO bank, a \u00e9t\u00e9 achet\u00e9e en 2010 par les banques Fortis, Royal Bank of Scotland (RBS) et Banco Santander Central Hispano. Apr\u00e8s une nationalisation [&hellip;]","og_url":"https:\/\/www.gold.fr\/news\/2013\/04\/02\/lor-et-la-confiscation-voilee-de-labn-amro\/","og_site_name":"Gold.fr","article_publisher":"https:\/\/www.facebook.com\/Goldfr\/","article_published_time":"2013-04-02T11:15:42+00:00","article_modified_time":"2017-11-02T10:34:06+00:00","og_image":[{"width":600,"height":400,"url":"https:\/\/www.gold.fr\/news\/wp-content\/uploads\/2013\/04\/drapeau-pays-bas.jpg","type":"image\/jpeg"}],"author":"Anthony","twitter_card":"summary_large_image","twitter_misc":{"\u00c9crit par":"Anthony","Dur\u00e9e de lecture estim\u00e9e":"2 minutes"},"schema":{"@context":"https:\/\/schema.org","@graph":[{"@type":"Article","@id":"https:\/\/www.gold.fr\/news\/2013\/04\/02\/lor-et-la-confiscation-voilee-de-labn-amro\/#article","isPartOf":{"@id":"https:\/\/www.gold.fr\/news\/2013\/04\/02\/lor-et-la-confiscation-voilee-de-labn-amro\/"},"author":{"name":"Anthony","@id":"https:\/\/www.gold.fr\/news\/#\/schema\/person\/feb6458ffd7bceeeb4e228398c34fbe5"},"headline":"L&rsquo;Or et la confiscation \u00ab\u00a0voil\u00e9e\u00a0\u00bb de l&rsquo;ABN AMRO !","datePublished":"2013-04-02T11:15:42+00:00","dateModified":"2017-11-02T10:34:06+00:00","mainEntityOfPage":{"@id":"https:\/\/www.gold.fr\/news\/2013\/04\/02\/lor-et-la-confiscation-voilee-de-labn-amro\/"},"wordCount":464,"commentCount":0,"image":{"@id":"https:\/\/www.gold.fr\/news\/2013\/04\/02\/lor-et-la-confiscation-voilee-de-labn-amro\/#primaryimage"},"thumbnailUrl":"https:\/\/www.gold.fr\/news\/wp-content\/uploads\/2013\/04\/drapeau-pays-bas.jpg","keywords":["ABN AMRO","Achat or","banque centrale pays bas","banque pays bas","cours ior","lingot or"],"articleSection":["Analyses Economiques"],"inLanguage":"fr-FR"},{"@type":"WebPage","@id":"https:\/\/www.gold.fr\/news\/2013\/04\/02\/lor-et-la-confiscation-voilee-de-labn-amro\/","url":"https:\/\/www.gold.fr\/news\/2013\/04\/02\/lor-et-la-confiscation-voilee-de-labn-amro\/","name":"L'Or et la confiscation \"voil\u00e9e\" de l'ABN AMRO ! - Gold.fr","isPartOf":{"@id":"https:\/\/www.gold.fr\/news\/#website"},"primaryImageOfPage":{"@id":"https:\/\/www.gold.fr\/news\/2013\/04\/02\/lor-et-la-confiscation-voilee-de-labn-amro\/#primaryimage"},"image":{"@id":"https:\/\/www.gold.fr\/news\/2013\/04\/02\/lor-et-la-confiscation-voilee-de-labn-amro\/#primaryimage"},"thumbnailUrl":"https:\/\/www.gold.fr\/news\/wp-content\/uploads\/2013\/04\/drapeau-pays-bas.jpg","datePublished":"2013-04-02T11:15:42+00:00","dateModified":"2017-11-02T10:34:06+00:00","author":{"@id":"https:\/\/www.gold.fr\/news\/#\/schema\/person\/feb6458ffd7bceeeb4e228398c34fbe5"},"breadcrumb":{"@id":"https:\/\/www.gold.fr\/news\/2013\/04\/02\/lor-et-la-confiscation-voilee-de-labn-amro\/#breadcrumb"},"inLanguage":"fr-FR","potentialAction":[{"@type":"ReadAction","target":["https:\/\/www.gold.fr\/news\/2013\/04\/02\/lor-et-la-confiscation-voilee-de-labn-amro\/"]}]},{"@type":"ImageObject","inLanguage":"fr-FR","@id":"https:\/\/www.gold.fr\/news\/2013\/04\/02\/lor-et-la-confiscation-voilee-de-labn-amro\/#primaryimage","url":"https:\/\/www.gold.fr\/news\/wp-content\/uploads\/2013\/04\/drapeau-pays-bas.jpg","contentUrl":"https:\/\/www.gold.fr\/news\/wp-content\/uploads\/2013\/04\/drapeau-pays-bas.jpg","width":"600","height":"400","caption":"Drepeau Pays Bas"},{"@type":"BreadcrumbList","@id":"https:\/\/www.gold.fr\/news\/2013\/04\/02\/lor-et-la-confiscation-voilee-de-labn-amro\/#breadcrumb","itemListElement":[{"@type":"ListItem","position":1,"name":"Accueil","item":"https:\/\/www.gold.fr\/"},{"@type":"ListItem","position":2,"name":"Actualit\u00e9s","item":"https:\/\/www.gold.fr\/news\/"},{"@type":"ListItem","position":3,"name":"L&rsquo;Or et la confiscation \u00ab\u00a0voil\u00e9e\u00a0\u00bb de l&rsquo;ABN AMRO !"}]},{"@type":"WebSite","@id":"https:\/\/www.gold.fr\/news\/#website","url":"https:\/\/www.gold.fr\/news\/","name":"Gold.fr","description":"Actualit\u00e9s de l&#039;Or et des m\u00e9taux pr\u00e9cieux","potentialAction":[{"@type":"SearchAction","target":{"@type":"EntryPoint","urlTemplate":"https:\/\/www.gold.fr\/news\/?s={search_term_string}"},"query-input":{"@type":"PropertyValueSpecification","valueRequired":true,"valueName":"search_term_string"}}],"inLanguage":"fr-FR"},{"@type":"Person","@id":"https:\/\/www.gold.fr\/news\/#\/schema\/person\/feb6458ffd7bceeeb4e228398c34fbe5","name":"Anthony","image":{"@type":"ImageObject","inLanguage":"fr-FR","@id":"https:\/\/secure.gravatar.com\/avatar\/19974f7c75da5f0b217374f3a37eb05031e41aaad4ceb3fe17ada2ab3daf6b95?s=96&d=mm&r=gbc5324aff3d366843e00df00c899c1a8","url":"https:\/\/secure.gravatar.com\/avatar\/19974f7c75da5f0b217374f3a37eb05031e41aaad4ceb3fe17ada2ab3daf6b95?s=96&d=mm&r=g","contentUrl":"https:\/\/secure.gravatar.com\/avatar\/19974f7c75da5f0b217374f3a37eb05031e41aaad4ceb3fe17ada2ab3daf6b95?s=96&d=mm&r=g","caption":"Anthony"},"description":"Notre r\u00e9daction est constitu\u00e9e de membres experts dans les m\u00e9tiers de l'\u00e9conomie et la gestion, des Responsables d'agence Comptoir National de l'Or, des analystes financiers qui publient r\u00e9guli\u00e8rement des \u00e9tudes sur les politiques des banques centrales, le cours de l'or, le cours de l'argent, cours du platine, cours du palladium... la situation en zone euro et l'impact de la strat\u00e9gie mon\u00e9taire de la FED. Notre \u00e9quipe scrute \u00e9galement une information plus g\u00e9n\u00e9raliste \u00e0 la recherche d'actualit\u00e9 \"p\u00e9pite\" \u00e0 vous partager. Depuis 5 ans, nous avons publi\u00e9 un peu plus de 4000 articles qui s'adressent \u00e0 un public large et vari\u00e9 ayant pour objectif de satisfaire votre curiosit\u00e9 et de partager avec vous une certaine fascination pour le m\u00e9tal jaune, pour ceux qui veulent investir dans l'or, vendre leur or tout simplement en savoir plus...","sameAs":["https:\/\/www.gold.fr\/news"]}]}},"authors":[{"term_id":2562,"user_id":11,"is_guest":0,"slug":"anthony","display_name":"Anthony","avatar_url":"https:\/\/secure.gravatar.com\/avatar\/19974f7c75da5f0b217374f3a37eb05031e41aaad4ceb3fe17ada2ab3daf6b95?s=96&d=mm&r=g","0":null,"1":"","2":"","3":"","4":"","5":"","6":"","7":"","8":""}],"_links":{"self":[{"href":"https:\/\/www.gold.fr\/news\/wp-json\/wp\/v2\/posts\/11282","targetHints":{"allow":["GET"]}}],"collection":[{"href":"https:\/\/www.gold.fr\/news\/wp-json\/wp\/v2\/posts"}],"about":[{"href":"https:\/\/www.gold.fr\/news\/wp-json\/wp\/v2\/types\/post"}],"author":[{"embeddable":true,"href":"https:\/\/www.gold.fr\/news\/wp-json\/wp\/v2\/users\/11"}],"replies":[{"embeddable":true,"href":"https:\/\/www.gold.fr\/news\/wp-json\/wp\/v2\/comments?post=11282"}],"version-history":[{"count":0,"href":"https:\/\/www.gold.fr\/news\/wp-json\/wp\/v2\/posts\/11282\/revisions"}],"wp:featuredmedia":[{"embeddable":true,"href":"https:\/\/www.gold.fr\/news\/wp-json\/wp\/v2\/media\/11284"}],"wp:attachment":[{"href":"https:\/\/www.gold.fr\/news\/wp-json\/wp\/v2\/media?parent=11282"}],"wp:term":[{"taxonomy":"category","embeddable":true,"href":"https:\/\/www.gold.fr\/news\/wp-json\/wp\/v2\/categories?post=11282"},{"taxonomy":"post_tag","embeddable":true,"href":"https:\/\/www.gold.fr\/news\/wp-json\/wp\/v2\/tags?post=11282"},{"taxonomy":"author","embeddable":true,"href":"https:\/\/www.gold.fr\/news\/wp-json\/wp\/v2\/ppma_author?post=11282"}],"curies":[{"name":"wp","href":"https:\/\/api.w.org\/{rel}","templated":true}]}}