{"id":11264,"date":"2013-03-29T13:00:00","date_gmt":"2013-03-29T12:00:00","guid":{"rendered":"https:\/\/www.gold.fr\/news\/?p=11264"},"modified":"2017-11-02T11:34:07","modified_gmt":"2017-11-02T10:34:07","slug":"lor-en-equilibre-les-yeux-sur-la-zone-euro","status":"publish","type":"post","link":"https:\/\/www.gold.fr\/news\/2013\/03\/29\/lor-en-equilibre-les-yeux-sur-la-zone-euro\/","title":{"rendered":"L&rsquo;or en \u00e9quilibre, les yeux sur la zone euro"},"content":{"rendered":"<p><span style=\"font-size: small;\"><img loading=\"lazy\" decoding=\"async\" class=\"alignleft size-thumbnail wp-image-6651\" title=\"Cours de l'Or de Bourse\" src=\"https:\/\/www.gold.fr\/news\/wp-content\/uploads\/2012\/04\/dollar-or-150x150.jpg\" alt=\"\" width=\"150\" height=\"150\" \/>Apr\u00e8s la temp\u00eate \u00e9conomique et politique, vient le calme expectatif.<\/span>  <span style=\"font-size: small;\"> A <a title=\"La crise chypriote booste l\u2019or\" href=\"https:\/\/www.gold.fr\/news\/2013\/03\/25\/la-crise-chypriote-booste-lor\/11160\/\" target=\"_blank\">Chypre<\/a>,on attend de voir si la d\u00e9cision de l&rsquo;\u00eele de se passer de l&rsquo;aide de l&rsquo;<strong>Eurogroupe<\/strong> et du <strong>FMI<\/strong> a \u00e9t\u00e9 avis\u00e9e. La r\u00e9cente r\u00e9solution des \u00e9v\u00e9nements (avec l&rsquo;aide de diff\u00e9rents bailleurs de fonds) doit encore faire ses preuves.<\/span>  <span style=\"font-size: small;\"> En Italie, les rumeurs vont bon train et on parle d\u00e9j\u00e0 d&rsquo;un nouveau round d&rsquo;\u00e9lections l\u00e9gislatives afin de rattraper \u00ab\u00a0<em>l&rsquo;\u00e9chec<\/em>\u00a0\u00bb de celles <a title=\"La crise italienne va-t-elle profiter \u00e0 l\u2019or ?\" href=\"https:\/\/www.gold.fr\/news\/2013\/03\/13\/la-crise-italienne-va-t-elle-profiter-a-lor\/11026\/\" target=\"_blank\">qui avaient eu lieu en f\u00e9vrier dernier<\/a>. Une telle \u00e9ventualit\u00e9 propage d\u00e9j\u00e0 une vague de crainte populaire.<\/span>    <span style=\"font-size: small;\">Dans ce contexte, l&rsquo;<a href='https:\/\/www.gold.fr\/news\/tags\/or' class='esk-seo-plu-link'>or<\/a> ouvre la s\u00e9ance de ce <strong>vendredi 29 mars 2013<\/strong> avec <a title=\"Prix de l\u2019or\" href=\"https:\/\/www.gold.fr\/cours-prix-de-l-or\/\" target=\"_blank\">un cours<\/a> de <strong>1597.15 dollars<\/strong> <a title=\"Prix de l'Once d'Or\" href=\"https:\/\/www.gold.fr\/once-en\/\" target=\"_blank\">l&rsquo;once<\/a>.<\/span><\/p>\n<!-- AddThis Advanced Settings generic via filter on the_content --><!-- AddThis Share Buttons generic via filter on the_content -->","protected":false},"excerpt":{"rendered":"<p>Apr\u00e8s la temp\u00eate \u00e9conomique et politique, vient le calme expectatif. A Chypre,on attend de voir si la d\u00e9cision de l&rsquo;\u00eele de se passer de l&rsquo;aide de l&rsquo;Eurogroupe et du FMI a \u00e9t\u00e9 avis\u00e9e. La r\u00e9cente r\u00e9solution [&hellip;]<\/p>\n","protected":false},"author":18,"featured_media":6651,"comment_status":"open","ping_status":"open","sticky":false,"template":"","format":"standard","meta":{"_mbp_gutenberg_autopost":false,"_pgmb_is_evergreen":false,"_pgmb_ap_template_id":0,"footnotes":""},"categories":[5],"tags":[385,84],"ppma_author":[2565],"class_list":["post-11264","post","type-post","status-publish","format-standard","has-post-thumbnail","hentry","category-flash-infos","tag-cours-de-lor-de-bourse","tag-cours-de-lor"],"yoast_head":"<!-- This site is optimized with the Yoast SEO plugin v26.9 - https:\/\/yoast.com\/product\/yoast-seo-wordpress\/ -->\n<title>L&#039;or en \u00e9quilibre, les yeux sur la zone euro - Gold.fr<\/title>\n<meta name=\"robots\" content=\"index, follow, max-snippet:-1, max-image-preview:large, max-video-preview:-1\" \/>\n<link rel=\"canonical\" href=\"https:\/\/www.gold.fr\/news\/2013\/03\/29\/lor-en-equilibre-les-yeux-sur-la-zone-euro\/\" \/>\n<meta property=\"og:locale\" content=\"fr_FR\" \/>\n<meta property=\"og:type\" content=\"article\" \/>\n<meta property=\"og:title\" content=\"L&#039;or en \u00e9quilibre, les yeux sur la zone euro - Gold.fr\" \/>\n<meta property=\"og:description\" content=\"Apr\u00e8s la temp\u00eate \u00e9conomique et politique, vient le calme expectatif. A Chypre,on attend de voir si la d\u00e9cision de l&rsquo;\u00eele de se passer de l&rsquo;aide de l&rsquo;Eurogroupe et du FMI a \u00e9t\u00e9 avis\u00e9e. La r\u00e9cente r\u00e9solution [&hellip;]\" \/>\n<meta property=\"og:url\" content=\"https:\/\/www.gold.fr\/news\/2013\/03\/29\/lor-en-equilibre-les-yeux-sur-la-zone-euro\/\" \/>\n<meta property=\"og:site_name\" content=\"Gold.fr\" \/>\n<meta property=\"article:publisher\" content=\"https:\/\/www.facebook.com\/Goldfr\/\" \/>\n<meta property=\"article:published_time\" content=\"2013-03-29T12:00:00+00:00\" \/>\n<meta property=\"article:modified_time\" content=\"2017-11-02T10:34:07+00:00\" \/>\n<meta property=\"og:image\" content=\"https:\/\/www.gold.fr\/news\/wp-content\/uploads\/2012\/04\/dollar-or.jpg\" \/>\n\t<meta property=\"og:image:width\" content=\"600\" \/>\n\t<meta property=\"og:image:height\" content=\"400\" \/>\n\t<meta property=\"og:image:type\" content=\"image\/jpeg\" \/>\n<meta name=\"author\" content=\"Comptoir National de l&#039;Or\" \/>\n<meta name=\"twitter:card\" content=\"summary_large_image\" \/>\n<meta name=\"twitter:label1\" content=\"\u00c9crit par\" \/>\n\t<meta name=\"twitter:data1\" content=\"Comptoir National de l&#039;Or\" \/>\n\t<meta name=\"twitter:label2\" content=\"Dur\u00e9e de lecture estim\u00e9e\" \/>\n\t<meta name=\"twitter:data2\" content=\"1 minute\" \/>\n<script type=\"application\/ld+json\" class=\"yoast-schema-graph\">{\"@context\":\"https:\/\/schema.org\",\"@graph\":[{\"@type\":\"Article\",\"@id\":\"https:\/\/www.gold.fr\/news\/2013\/03\/29\/lor-en-equilibre-les-yeux-sur-la-zone-euro\/#article\",\"isPartOf\":{\"@id\":\"https:\/\/www.gold.fr\/news\/2013\/03\/29\/lor-en-equilibre-les-yeux-sur-la-zone-euro\/\"},\"author\":{\"name\":\"Comptoir National de l'Or\",\"@id\":\"https:\/\/www.gold.fr\/news\/#\/schema\/person\/760ee7cec237915eebf2be78df0404c4\"},\"headline\":\"L&rsquo;or en \u00e9quilibre, les yeux sur la zone euro\",\"datePublished\":\"2013-03-29T12:00:00+00:00\",\"dateModified\":\"2017-11-02T10:34:07+00:00\",\"mainEntityOfPage\":{\"@id\":\"https:\/\/www.gold.fr\/news\/2013\/03\/29\/lor-en-equilibre-les-yeux-sur-la-zone-euro\/\"},\"wordCount\":139,\"commentCount\":0,\"image\":{\"@id\":\"https:\/\/www.gold.fr\/news\/2013\/03\/29\/lor-en-equilibre-les-yeux-sur-la-zone-euro\/#primaryimage\"},\"thumbnailUrl\":\"https:\/\/www.gold.fr\/news\/wp-content\/uploads\/2012\/04\/dollar-or.jpg\",\"keywords\":[\"cours de l'or de bourse\",\"Tout Cours de l'Or\"],\"articleSection\":[\"Flash infos\"],\"inLanguage\":\"fr-FR\"},{\"@type\":\"WebPage\",\"@id\":\"https:\/\/www.gold.fr\/news\/2013\/03\/29\/lor-en-equilibre-les-yeux-sur-la-zone-euro\/\",\"url\":\"https:\/\/www.gold.fr\/news\/2013\/03\/29\/lor-en-equilibre-les-yeux-sur-la-zone-euro\/\",\"name\":\"L'or en \u00e9quilibre, les yeux sur la zone euro - Gold.fr\",\"isPartOf\":{\"@id\":\"https:\/\/www.gold.fr\/news\/#website\"},\"primaryImageOfPage\":{\"@id\":\"https:\/\/www.gold.fr\/news\/2013\/03\/29\/lor-en-equilibre-les-yeux-sur-la-zone-euro\/#primaryimage\"},\"image\":{\"@id\":\"https:\/\/www.gold.fr\/news\/2013\/03\/29\/lor-en-equilibre-les-yeux-sur-la-zone-euro\/#primaryimage\"},\"thumbnailUrl\":\"https:\/\/www.gold.fr\/news\/wp-content\/uploads\/2012\/04\/dollar-or.jpg\",\"datePublished\":\"2013-03-29T12:00:00+00:00\",\"dateModified\":\"2017-11-02T10:34:07+00:00\",\"author\":{\"@id\":\"https:\/\/www.gold.fr\/news\/#\/schema\/person\/760ee7cec237915eebf2be78df0404c4\"},\"breadcrumb\":{\"@id\":\"https:\/\/www.gold.fr\/news\/2013\/03\/29\/lor-en-equilibre-les-yeux-sur-la-zone-euro\/#breadcrumb\"},\"inLanguage\":\"fr-FR\",\"potentialAction\":[{\"@type\":\"ReadAction\",\"target\":[\"https:\/\/www.gold.fr\/news\/2013\/03\/29\/lor-en-equilibre-les-yeux-sur-la-zone-euro\/\"]}]},{\"@type\":\"ImageObject\",\"inLanguage\":\"fr-FR\",\"@id\":\"https:\/\/www.gold.fr\/news\/2013\/03\/29\/lor-en-equilibre-les-yeux-sur-la-zone-euro\/#primaryimage\",\"url\":\"https:\/\/www.gold.fr\/news\/wp-content\/uploads\/2012\/04\/dollar-or.jpg\",\"contentUrl\":\"https:\/\/www.gold.fr\/news\/wp-content\/uploads\/2012\/04\/dollar-or.jpg\",\"width\":\"600\",\"height\":\"400\",\"caption\":\"Un calendrier charg\u00e9 pour une semaine d\u00e9cisive\"},{\"@type\":\"BreadcrumbList\",\"@id\":\"https:\/\/www.gold.fr\/news\/2013\/03\/29\/lor-en-equilibre-les-yeux-sur-la-zone-euro\/#breadcrumb\",\"itemListElement\":[{\"@type\":\"ListItem\",\"position\":1,\"name\":\"Accueil\",\"item\":\"https:\/\/www.gold.fr\/\"},{\"@type\":\"ListItem\",\"position\":2,\"name\":\"Actualit\u00e9s\",\"item\":\"https:\/\/www.gold.fr\/news\/\"},{\"@type\":\"ListItem\",\"position\":3,\"name\":\"L&rsquo;or en \u00e9quilibre, les yeux sur la zone euro\"}]},{\"@type\":\"WebSite\",\"@id\":\"https:\/\/www.gold.fr\/news\/#website\",\"url\":\"https:\/\/www.gold.fr\/news\/\",\"name\":\"Gold.fr\",\"description\":\"Actualit\u00e9s de l&#039;Or et des m\u00e9taux pr\u00e9cieux\",\"potentialAction\":[{\"@type\":\"SearchAction\",\"target\":{\"@type\":\"EntryPoint\",\"urlTemplate\":\"https:\/\/www.gold.fr\/news\/?s={search_term_string}\"},\"query-input\":{\"@type\":\"PropertyValueSpecification\",\"valueRequired\":true,\"valueName\":\"search_term_string\"}}],\"inLanguage\":\"fr-FR\"},{\"@type\":\"Person\",\"@id\":\"https:\/\/www.gold.fr\/news\/#\/schema\/person\/760ee7cec237915eebf2be78df0404c4\",\"name\":\"Comptoir National de l'Or\",\"image\":{\"@type\":\"ImageObject\",\"inLanguage\":\"fr-FR\",\"@id\":\"https:\/\/www.gold.fr\/news\/#\/schema\/person\/image\/c36675942654553a86039d2dfa93c740\",\"url\":\"https:\/\/secure.gravatar.com\/avatar\/713f289e398d35ead876c4a4cc08607f0d6d266058cfc25683fffb6092d0e572?s=96&d=mm&r=g\",\"contentUrl\":\"https:\/\/secure.gravatar.com\/avatar\/713f289e398d35ead876c4a4cc08607f0d6d266058cfc25683fffb6092d0e572?s=96&d=mm&r=g\",\"caption\":\"Comptoir National de l'Or\"},\"description\":\"Notre r\u00e9daction est constitu\u00e9e de membres experts dans les m\u00e9tiers de l'\u00e9conomie et la gestion, des Responsables d'agence Comptoir National de l'Or, des analystes financiers qui publient r\u00e9guli\u00e8rement des \u00e9tudes sur les politiques des banques centrales, le cours de l'or, prix de l'or, cours de l'argent, prix de l'argent, cours du platine, cours du palladium,... la situation en zone euro et l'impact de la strat\u00e9gie mon\u00e9taire de la FED. Notre \u00e9quipe scrute \u00e9galement une information plus g\u00e9n\u00e9raliste \u00e0 la recherche d'actualit\u00e9 \\\"p\u00e9pite\\\" \u00e0 vous partager. Depuis 5 ans, nous avons publi\u00e9 un peu plus de 4000 articles qui s'adressent \u00e0 un public large et vari\u00e9 ayant pour objectif de satisfaire votre curiosit\u00e9 et de partager avec vous une certaine fascination pour le m\u00e9tal jaune, le rachat d'or, et pour ceux qui veulent investir dans l'or, vendre leur or tout simplement en savoir plus... Pour tous vos achat or et argent, n'h\u00e9sitez pas \u00e0 prendre rendez-vous dans l'un de nos nombreux comptoirs.\",\"sameAs\":[\"https:\/\/www.gold.fr\"]}]}<\/script>\n<!-- \/ Yoast SEO plugin. -->","yoast_head_json":{"title":"L'or en \u00e9quilibre, les yeux sur la zone euro - Gold.fr","robots":{"index":"index","follow":"follow","max-snippet":"max-snippet:-1","max-image-preview":"max-image-preview:large","max-video-preview":"max-video-preview:-1"},"canonical":"https:\/\/www.gold.fr\/news\/2013\/03\/29\/lor-en-equilibre-les-yeux-sur-la-zone-euro\/","og_locale":"fr_FR","og_type":"article","og_title":"L'or en \u00e9quilibre, les yeux sur la zone euro - Gold.fr","og_description":"Apr\u00e8s la temp\u00eate \u00e9conomique et politique, vient le calme expectatif. A Chypre,on attend de voir si la d\u00e9cision de l&rsquo;\u00eele de se passer de l&rsquo;aide de l&rsquo;Eurogroupe et du FMI a \u00e9t\u00e9 avis\u00e9e. La r\u00e9cente r\u00e9solution [&hellip;]","og_url":"https:\/\/www.gold.fr\/news\/2013\/03\/29\/lor-en-equilibre-les-yeux-sur-la-zone-euro\/","og_site_name":"Gold.fr","article_publisher":"https:\/\/www.facebook.com\/Goldfr\/","article_published_time":"2013-03-29T12:00:00+00:00","article_modified_time":"2017-11-02T10:34:07+00:00","og_image":[{"width":600,"height":400,"url":"https:\/\/www.gold.fr\/news\/wp-content\/uploads\/2012\/04\/dollar-or.jpg","type":"image\/jpeg"}],"author":"Comptoir National de l'Or","twitter_card":"summary_large_image","twitter_misc":{"\u00c9crit par":"Comptoir National de l'Or","Dur\u00e9e de lecture estim\u00e9e":"1 minute"},"schema":{"@context":"https:\/\/schema.org","@graph":[{"@type":"Article","@id":"https:\/\/www.gold.fr\/news\/2013\/03\/29\/lor-en-equilibre-les-yeux-sur-la-zone-euro\/#article","isPartOf":{"@id":"https:\/\/www.gold.fr\/news\/2013\/03\/29\/lor-en-equilibre-les-yeux-sur-la-zone-euro\/"},"author":{"name":"Comptoir National de l'Or","@id":"https:\/\/www.gold.fr\/news\/#\/schema\/person\/760ee7cec237915eebf2be78df0404c4"},"headline":"L&rsquo;or en \u00e9quilibre, les yeux sur la zone euro","datePublished":"2013-03-29T12:00:00+00:00","dateModified":"2017-11-02T10:34:07+00:00","mainEntityOfPage":{"@id":"https:\/\/www.gold.fr\/news\/2013\/03\/29\/lor-en-equilibre-les-yeux-sur-la-zone-euro\/"},"wordCount":139,"commentCount":0,"image":{"@id":"https:\/\/www.gold.fr\/news\/2013\/03\/29\/lor-en-equilibre-les-yeux-sur-la-zone-euro\/#primaryimage"},"thumbnailUrl":"https:\/\/www.gold.fr\/news\/wp-content\/uploads\/2012\/04\/dollar-or.jpg","keywords":["cours de l'or de bourse","Tout Cours de l'Or"],"articleSection":["Flash infos"],"inLanguage":"fr-FR"},{"@type":"WebPage","@id":"https:\/\/www.gold.fr\/news\/2013\/03\/29\/lor-en-equilibre-les-yeux-sur-la-zone-euro\/","url":"https:\/\/www.gold.fr\/news\/2013\/03\/29\/lor-en-equilibre-les-yeux-sur-la-zone-euro\/","name":"L'or en \u00e9quilibre, les yeux sur la zone euro - Gold.fr","isPartOf":{"@id":"https:\/\/www.gold.fr\/news\/#website"},"primaryImageOfPage":{"@id":"https:\/\/www.gold.fr\/news\/2013\/03\/29\/lor-en-equilibre-les-yeux-sur-la-zone-euro\/#primaryimage"},"image":{"@id":"https:\/\/www.gold.fr\/news\/2013\/03\/29\/lor-en-equilibre-les-yeux-sur-la-zone-euro\/#primaryimage"},"thumbnailUrl":"https:\/\/www.gold.fr\/news\/wp-content\/uploads\/2012\/04\/dollar-or.jpg","datePublished":"2013-03-29T12:00:00+00:00","dateModified":"2017-11-02T10:34:07+00:00","author":{"@id":"https:\/\/www.gold.fr\/news\/#\/schema\/person\/760ee7cec237915eebf2be78df0404c4"},"breadcrumb":{"@id":"https:\/\/www.gold.fr\/news\/2013\/03\/29\/lor-en-equilibre-les-yeux-sur-la-zone-euro\/#breadcrumb"},"inLanguage":"fr-FR","potentialAction":[{"@type":"ReadAction","target":["https:\/\/www.gold.fr\/news\/2013\/03\/29\/lor-en-equilibre-les-yeux-sur-la-zone-euro\/"]}]},{"@type":"ImageObject","inLanguage":"fr-FR","@id":"https:\/\/www.gold.fr\/news\/2013\/03\/29\/lor-en-equilibre-les-yeux-sur-la-zone-euro\/#primaryimage","url":"https:\/\/www.gold.fr\/news\/wp-content\/uploads\/2012\/04\/dollar-or.jpg","contentUrl":"https:\/\/www.gold.fr\/news\/wp-content\/uploads\/2012\/04\/dollar-or.jpg","width":"600","height":"400","caption":"Un calendrier charg\u00e9 pour une semaine d\u00e9cisive"},{"@type":"BreadcrumbList","@id":"https:\/\/www.gold.fr\/news\/2013\/03\/29\/lor-en-equilibre-les-yeux-sur-la-zone-euro\/#breadcrumb","itemListElement":[{"@type":"ListItem","position":1,"name":"Accueil","item":"https:\/\/www.gold.fr\/"},{"@type":"ListItem","position":2,"name":"Actualit\u00e9s","item":"https:\/\/www.gold.fr\/news\/"},{"@type":"ListItem","position":3,"name":"L&rsquo;or en \u00e9quilibre, les yeux sur la zone euro"}]},{"@type":"WebSite","@id":"https:\/\/www.gold.fr\/news\/#website","url":"https:\/\/www.gold.fr\/news\/","name":"Gold.fr","description":"Actualit\u00e9s de l&#039;Or et des m\u00e9taux pr\u00e9cieux","potentialAction":[{"@type":"SearchAction","target":{"@type":"EntryPoint","urlTemplate":"https:\/\/www.gold.fr\/news\/?s={search_term_string}"},"query-input":{"@type":"PropertyValueSpecification","valueRequired":true,"valueName":"search_term_string"}}],"inLanguage":"fr-FR"},{"@type":"Person","@id":"https:\/\/www.gold.fr\/news\/#\/schema\/person\/760ee7cec237915eebf2be78df0404c4","name":"Comptoir National de l'Or","image":{"@type":"ImageObject","inLanguage":"fr-FR","@id":"https:\/\/www.gold.fr\/news\/#\/schema\/person\/image\/c36675942654553a86039d2dfa93c740","url":"https:\/\/secure.gravatar.com\/avatar\/713f289e398d35ead876c4a4cc08607f0d6d266058cfc25683fffb6092d0e572?s=96&d=mm&r=g","contentUrl":"https:\/\/secure.gravatar.com\/avatar\/713f289e398d35ead876c4a4cc08607f0d6d266058cfc25683fffb6092d0e572?s=96&d=mm&r=g","caption":"Comptoir National de l'Or"},"description":"Notre r\u00e9daction est constitu\u00e9e de membres experts dans les m\u00e9tiers de l'\u00e9conomie et la gestion, des Responsables d'agence Comptoir National de l'Or, des analystes financiers qui publient r\u00e9guli\u00e8rement des \u00e9tudes sur les politiques des banques centrales, le cours de l'or, prix de l'or, cours de l'argent, prix de l'argent, cours du platine, cours du palladium,... la situation en zone euro et l'impact de la strat\u00e9gie mon\u00e9taire de la FED. Notre \u00e9quipe scrute \u00e9galement une information plus g\u00e9n\u00e9raliste \u00e0 la recherche d'actualit\u00e9 \"p\u00e9pite\" \u00e0 vous partager. Depuis 5 ans, nous avons publi\u00e9 un peu plus de 4000 articles qui s'adressent \u00e0 un public large et vari\u00e9 ayant pour objectif de satisfaire votre curiosit\u00e9 et de partager avec vous une certaine fascination pour le m\u00e9tal jaune, le rachat d'or, et pour ceux qui veulent investir dans l'or, vendre leur or tout simplement en savoir plus... Pour tous vos achat or et argent, n'h\u00e9sitez pas \u00e0 prendre rendez-vous dans l'un de nos nombreux comptoirs.","sameAs":["https:\/\/www.gold.fr"]}]}},"authors":[{"term_id":2565,"user_id":18,"is_guest":0,"slug":"julie","display_name":"Comptoir National de l'Or","avatar_url":"https:\/\/secure.gravatar.com\/avatar\/713f289e398d35ead876c4a4cc08607f0d6d266058cfc25683fffb6092d0e572?s=96&d=mm&r=g","0":null,"1":"","2":"","3":"","4":"","5":"","6":"","7":"","8":""}],"_links":{"self":[{"href":"https:\/\/www.gold.fr\/news\/wp-json\/wp\/v2\/posts\/11264","targetHints":{"allow":["GET"]}}],"collection":[{"href":"https:\/\/www.gold.fr\/news\/wp-json\/wp\/v2\/posts"}],"about":[{"href":"https:\/\/www.gold.fr\/news\/wp-json\/wp\/v2\/types\/post"}],"author":[{"embeddable":true,"href":"https:\/\/www.gold.fr\/news\/wp-json\/wp\/v2\/users\/18"}],"replies":[{"embeddable":true,"href":"https:\/\/www.gold.fr\/news\/wp-json\/wp\/v2\/comments?post=11264"}],"version-history":[{"count":0,"href":"https:\/\/www.gold.fr\/news\/wp-json\/wp\/v2\/posts\/11264\/revisions"}],"wp:featuredmedia":[{"embeddable":true,"href":"https:\/\/www.gold.fr\/news\/wp-json\/wp\/v2\/media\/6651"}],"wp:attachment":[{"href":"https:\/\/www.gold.fr\/news\/wp-json\/wp\/v2\/media?parent=11264"}],"wp:term":[{"taxonomy":"category","embeddable":true,"href":"https:\/\/www.gold.fr\/news\/wp-json\/wp\/v2\/categories?post=11264"},{"taxonomy":"post_tag","embeddable":true,"href":"https:\/\/www.gold.fr\/news\/wp-json\/wp\/v2\/tags?post=11264"},{"taxonomy":"author","embeddable":true,"href":"https:\/\/www.gold.fr\/news\/wp-json\/wp\/v2\/ppma_author?post=11264"}],"curies":[{"name":"wp","href":"https:\/\/api.w.org\/{rel}","templated":true}]}}