{"id":11163,"date":"2013-03-26T09:00:39","date_gmt":"2013-03-26T08:00:39","guid":{"rendered":"https:\/\/www.gold.fr\/news\/?p=11163"},"modified":"2017-11-02T11:34:09","modified_gmt":"2017-11-02T10:34:09","slug":"le-cours-de-lor-sous-haute-surveillance","status":"publish","type":"post","link":"https:\/\/www.gold.fr\/news\/2013\/03\/26\/le-cours-de-lor-sous-haute-surveillance\/","title":{"rendered":"Le cours de l\u2019or sous haute surveillance"},"content":{"rendered":"<p><span style=\"font-size: small;\"><img loading=\"lazy\" decoding=\"async\" class=\"alignleft size-thumbnail wp-image-4338\" title=\"Le cours de l\u2019or sous haute surveillance\" src=\"https:\/\/www.gold.fr\/news\/wp-content\/uploads\/2011\/12\/cours-de-lor1-150x150.jpg\" alt=\"\" width=\"150\" height=\"150\" \/><a title=\"L\u2019or entre facteurs de correction et de hausse\" href=\"https:\/\/www.gold.fr\/news\/2013\/03\/21\/lor-entre-facteurs-de-correction-et-de-hausse\/11137\/\" target=\"_blank\">La r\u00e9cente correction du m\u00e9tal jaune<\/a>, qui s&rsquo;est tout de m\u00eame prolong\u00e9e sur plus de deux semaines, avait \u00e9galement affect\u00e9 ses <strong>ETF<\/strong> (fonds n\u00e9goci\u00e9s en Bourse). Maintenant que le <a href='https:\/\/www.gold.fr\/news\/tags\/or' class='esk-seo-plu-link'>m\u00e9tal jaune<\/a> a rebondi, <a title=\"L\u2019or brise la r\u00e9sistance des 1 600 dollars\" href=\"https:\/\/www.gold.fr\/news\/2013\/03\/22\/lor-brise-la-resistance-des-1-600-dollars\/11142\/\" target=\"_blank\">d\u00e9passant d\u00e9j\u00e0 le cap important des <strong>1 600 dollars<\/strong><\/a>, les ETF reprennent enfin des couleurs ; le mouvement de baisse des fonds aurif\u00e8res a totalement cess\u00e9, depuis la fin de la semaine derni\u00e8re.<\/span>    <span style=\"font-size: small;\"> Ce retour d&rsquo;engouement a apparemment \u00e9veill\u00e9 l&rsquo;int\u00e9r\u00eat de la <strong>Commodity Futures Trading Commission<\/strong> (<strong>CFTC<\/strong>). Cet organisme am\u00e9ricain de r\u00e9gulation des march\u00e9s de mati\u00e8res premi\u00e8res serait, selon bon nombre de sources s\u00fbres (dont le <strong>Wall Street Journal<\/strong>), en train d&rsquo;\u00e9valuer les modalit\u00e9s de fixation des <a href='https:\/\/www.gold.fr\/news\/tags\/cours-de-lor' class='esk-seo-plu-link'>fixings<\/a> de Londres. Ce <a href='https:\/\/www.gold.fr\/news\/tags\/cours-de-lor' class='esk-seo-plu-link'>fixing<\/a> concerne, rappelons-le, les prix des mati\u00e8res premi\u00e8res et, plus particuli\u00e8rement, ceux de l&rsquo;<a href='https:\/\/www.gold.fr\/news\/tags\/or' class='esk-seo-plu-link'>or<\/a>. L&rsquo;institution aurait donc des doutes quant \u00e0 la \u00ab <em>transparence du syst\u00e8me londonien, qui implique une poign\u00e9e d&rsquo;intervenants<\/em> \u00bb. Toutefois, \u00e0 ce jour, aucune enqu\u00eate n&rsquo;a \u00e9t\u00e9 officiellement lanc\u00e9e \u00e0 ce sujet.<\/span>    <span style=\"font-size: small;\"> De son c\u00f4t\u00e9, la <strong>London Bullion Market Association<\/strong> (<strong>LBMA<\/strong>), a fortement r\u00e9fut\u00e9, \u00e0 travers l&rsquo;annonce publique d&rsquo;un porte-parole, les \u00ab <em>all\u00e9gations<\/em> \u00bb de la CFTC, affirmant que sa proc\u00e9dure \u00e9tait effectu\u00e9e dans la plus grande transparence et qu&rsquo;elle \u00e9tait \u00e9tablie sur la base du rapport de l&rsquo;offre et de la demande. <\/span>    <span style=\"font-size: small;\"> Bien que ces doutes soient surtout le reflet du succ\u00e8s grandissant du <a href='https:\/\/www.gold.fr\/news\/tags\/or' class='esk-seo-plu-link'>m\u00e9tal jaune<\/a> (qui se prolonge depuis une douzaine d&rsquo;ann\u00e9es), les experts en mati\u00e8res premi\u00e8res de <strong>Commerzbank<\/strong> ont d\u00e9clar\u00e9 que \u00ab <em>la CFTC avait ouvert une enqu\u00eate sur une \u00e9ventuelle manipulation du march\u00e9 de l&rsquo;<a href='https:\/\/www.gold.fr\/news\/tags\/argent' class='esk-seo-plu-link'>argent<\/a> en 2008, sans avoir apport\u00e9 de preuve de cette all\u00e9gation depuis lors<\/em> \u00bb.  Pas la peine de paniquer, donc !<\/span><\/p>\n<!-- AddThis Advanced Settings generic via filter on the_content --><!-- AddThis Share Buttons generic via filter on the_content -->","protected":false},"excerpt":{"rendered":"<p>La r\u00e9cente correction du m\u00e9tal jaune, qui s&rsquo;est tout de m\u00eame prolong\u00e9e sur plus de deux semaines, avait \u00e9galement affect\u00e9 ses ETF (fonds n\u00e9goci\u00e9s en Bourse). Maintenant que le m\u00e9tal jaune a rebondi, d\u00e9passant d\u00e9j\u00e0 le [&hellip;]<\/p>\n","protected":false},"author":18,"featured_media":4338,"comment_status":"open","ping_status":"open","sticky":false,"template":"","format":"standard","meta":{"_mbp_gutenberg_autopost":false,"_pgmb_is_evergreen":false,"_pgmb_ap_template_id":0,"footnotes":""},"categories":[6],"tags":[90,918,84],"ppma_author":[2565],"class_list":["post-11163","post","type-post","status-publish","format-standard","has-post-thumbnail","hentry","category-articles-de-presse","tag-correction-de-lor","tag-etf","tag-cours-de-lor"],"yoast_head":"<!-- This site is optimized with the Yoast SEO plugin v26.9 - https:\/\/yoast.com\/product\/yoast-seo-wordpress\/ -->\n<title>Le cours de l\u2019or sous haute surveillance - Gold.fr<\/title>\n<meta name=\"robots\" content=\"index, follow, max-snippet:-1, max-image-preview:large, max-video-preview:-1\" \/>\n<link rel=\"canonical\" href=\"https:\/\/www.gold.fr\/news\/2013\/03\/26\/le-cours-de-lor-sous-haute-surveillance\/\" \/>\n<meta property=\"og:locale\" content=\"fr_FR\" \/>\n<meta property=\"og:type\" content=\"article\" \/>\n<meta property=\"og:title\" content=\"Le cours de l\u2019or sous haute surveillance - Gold.fr\" \/>\n<meta property=\"og:description\" content=\"La r\u00e9cente correction du m\u00e9tal jaune, qui s&rsquo;est tout de m\u00eame prolong\u00e9e sur plus de deux semaines, avait \u00e9galement affect\u00e9 ses ETF (fonds n\u00e9goci\u00e9s en Bourse). Maintenant que le m\u00e9tal jaune a rebondi, d\u00e9passant d\u00e9j\u00e0 le [&hellip;]\" \/>\n<meta property=\"og:url\" content=\"https:\/\/www.gold.fr\/news\/2013\/03\/26\/le-cours-de-lor-sous-haute-surveillance\/\" \/>\n<meta property=\"og:site_name\" content=\"Gold.fr\" \/>\n<meta property=\"article:publisher\" content=\"https:\/\/www.facebook.com\/Goldfr\/\" \/>\n<meta property=\"article:published_time\" content=\"2013-03-26T08:00:39+00:00\" \/>\n<meta property=\"article:modified_time\" content=\"2017-11-02T10:34:09+00:00\" \/>\n<meta property=\"og:image\" content=\"https:\/\/www.gold.fr\/news\/wp-content\/uploads\/2011\/12\/cours-de-lor1.jpg\" \/>\n\t<meta property=\"og:image:width\" content=\"625\" \/>\n\t<meta property=\"og:image:height\" content=\"351\" \/>\n\t<meta property=\"og:image:type\" content=\"image\/jpeg\" \/>\n<meta name=\"author\" content=\"Comptoir National de l&#039;Or\" \/>\n<meta name=\"twitter:card\" content=\"summary_large_image\" \/>\n<meta name=\"twitter:label1\" content=\"\u00c9crit par\" \/>\n\t<meta name=\"twitter:data1\" content=\"Comptoir National de l&#039;Or\" \/>\n\t<meta name=\"twitter:label2\" content=\"Dur\u00e9e de lecture estim\u00e9e\" \/>\n\t<meta name=\"twitter:data2\" content=\"2 minutes\" \/>\n<script type=\"application\/ld+json\" class=\"yoast-schema-graph\">{\"@context\":\"https:\/\/schema.org\",\"@graph\":[{\"@type\":\"Article\",\"@id\":\"https:\/\/www.gold.fr\/news\/2013\/03\/26\/le-cours-de-lor-sous-haute-surveillance\/#article\",\"isPartOf\":{\"@id\":\"https:\/\/www.gold.fr\/news\/2013\/03\/26\/le-cours-de-lor-sous-haute-surveillance\/\"},\"author\":{\"name\":\"Comptoir National de l'Or\",\"@id\":\"https:\/\/www.gold.fr\/news\/#\/schema\/person\/760ee7cec237915eebf2be78df0404c4\"},\"headline\":\"Le cours de l\u2019or sous haute surveillance\",\"datePublished\":\"2013-03-26T08:00:39+00:00\",\"dateModified\":\"2017-11-02T10:34:09+00:00\",\"mainEntityOfPage\":{\"@id\":\"https:\/\/www.gold.fr\/news\/2013\/03\/26\/le-cours-de-lor-sous-haute-surveillance\/\"},\"wordCount\":324,\"commentCount\":0,\"image\":{\"@id\":\"https:\/\/www.gold.fr\/news\/2013\/03\/26\/le-cours-de-lor-sous-haute-surveillance\/#primaryimage\"},\"thumbnailUrl\":\"https:\/\/www.gold.fr\/news\/wp-content\/uploads\/2011\/12\/cours-de-lor1.jpg\",\"keywords\":[\"correction de l'or\",\"ETF\",\"Tout Cours de l'Or\"],\"articleSection\":[\"Articles de presse\"],\"inLanguage\":\"fr-FR\"},{\"@type\":\"WebPage\",\"@id\":\"https:\/\/www.gold.fr\/news\/2013\/03\/26\/le-cours-de-lor-sous-haute-surveillance\/\",\"url\":\"https:\/\/www.gold.fr\/news\/2013\/03\/26\/le-cours-de-lor-sous-haute-surveillance\/\",\"name\":\"Le cours de l\u2019or sous haute surveillance - Gold.fr\",\"isPartOf\":{\"@id\":\"https:\/\/www.gold.fr\/news\/#website\"},\"primaryImageOfPage\":{\"@id\":\"https:\/\/www.gold.fr\/news\/2013\/03\/26\/le-cours-de-lor-sous-haute-surveillance\/#primaryimage\"},\"image\":{\"@id\":\"https:\/\/www.gold.fr\/news\/2013\/03\/26\/le-cours-de-lor-sous-haute-surveillance\/#primaryimage\"},\"thumbnailUrl\":\"https:\/\/www.gold.fr\/news\/wp-content\/uploads\/2011\/12\/cours-de-lor1.jpg\",\"datePublished\":\"2013-03-26T08:00:39+00:00\",\"dateModified\":\"2017-11-02T10:34:09+00:00\",\"author\":{\"@id\":\"https:\/\/www.gold.fr\/news\/#\/schema\/person\/760ee7cec237915eebf2be78df0404c4\"},\"breadcrumb\":{\"@id\":\"https:\/\/www.gold.fr\/news\/2013\/03\/26\/le-cours-de-lor-sous-haute-surveillance\/#breadcrumb\"},\"inLanguage\":\"fr-FR\",\"potentialAction\":[{\"@type\":\"ReadAction\",\"target\":[\"https:\/\/www.gold.fr\/news\/2013\/03\/26\/le-cours-de-lor-sous-haute-surveillance\/\"]}]},{\"@type\":\"ImageObject\",\"inLanguage\":\"fr-FR\",\"@id\":\"https:\/\/www.gold.fr\/news\/2013\/03\/26\/le-cours-de-lor-sous-haute-surveillance\/#primaryimage\",\"url\":\"https:\/\/www.gold.fr\/news\/wp-content\/uploads\/2011\/12\/cours-de-lor1.jpg\",\"contentUrl\":\"https:\/\/www.gold.fr\/news\/wp-content\/uploads\/2011\/12\/cours-de-lor1.jpg\",\"width\":\"625\",\"height\":\"351\",\"caption\":\"Cours de l\u2019once : retour sur les performances des semaines pass\u00e9es\"},{\"@type\":\"BreadcrumbList\",\"@id\":\"https:\/\/www.gold.fr\/news\/2013\/03\/26\/le-cours-de-lor-sous-haute-surveillance\/#breadcrumb\",\"itemListElement\":[{\"@type\":\"ListItem\",\"position\":1,\"name\":\"Accueil\",\"item\":\"https:\/\/www.gold.fr\/\"},{\"@type\":\"ListItem\",\"position\":2,\"name\":\"Actualit\u00e9s\",\"item\":\"https:\/\/www.gold.fr\/news\/\"},{\"@type\":\"ListItem\",\"position\":3,\"name\":\"Le cours de l\u2019or sous haute surveillance\"}]},{\"@type\":\"WebSite\",\"@id\":\"https:\/\/www.gold.fr\/news\/#website\",\"url\":\"https:\/\/www.gold.fr\/news\/\",\"name\":\"Gold.fr\",\"description\":\"Actualit\u00e9s de l&#039;Or et des m\u00e9taux pr\u00e9cieux\",\"potentialAction\":[{\"@type\":\"SearchAction\",\"target\":{\"@type\":\"EntryPoint\",\"urlTemplate\":\"https:\/\/www.gold.fr\/news\/?s={search_term_string}\"},\"query-input\":{\"@type\":\"PropertyValueSpecification\",\"valueRequired\":true,\"valueName\":\"search_term_string\"}}],\"inLanguage\":\"fr-FR\"},{\"@type\":\"Person\",\"@id\":\"https:\/\/www.gold.fr\/news\/#\/schema\/person\/760ee7cec237915eebf2be78df0404c4\",\"name\":\"Comptoir National de l'Or\",\"image\":{\"@type\":\"ImageObject\",\"inLanguage\":\"fr-FR\",\"@id\":\"https:\/\/www.gold.fr\/news\/#\/schema\/person\/image\/c36675942654553a86039d2dfa93c740\",\"url\":\"https:\/\/secure.gravatar.com\/avatar\/713f289e398d35ead876c4a4cc08607f0d6d266058cfc25683fffb6092d0e572?s=96&d=mm&r=g\",\"contentUrl\":\"https:\/\/secure.gravatar.com\/avatar\/713f289e398d35ead876c4a4cc08607f0d6d266058cfc25683fffb6092d0e572?s=96&d=mm&r=g\",\"caption\":\"Comptoir National de l'Or\"},\"description\":\"Notre r\u00e9daction est constitu\u00e9e de membres experts dans les m\u00e9tiers de l'\u00e9conomie et la gestion, des Responsables d'agence Comptoir National de l'Or, des analystes financiers qui publient r\u00e9guli\u00e8rement des \u00e9tudes sur les politiques des banques centrales, le cours de l'or, prix de l'or, cours de l'argent, prix de l'argent, cours du platine, cours du palladium,... la situation en zone euro et l'impact de la strat\u00e9gie mon\u00e9taire de la FED. Notre \u00e9quipe scrute \u00e9galement une information plus g\u00e9n\u00e9raliste \u00e0 la recherche d'actualit\u00e9 \\\"p\u00e9pite\\\" \u00e0 vous partager. Depuis 5 ans, nous avons publi\u00e9 un peu plus de 4000 articles qui s'adressent \u00e0 un public large et vari\u00e9 ayant pour objectif de satisfaire votre curiosit\u00e9 et de partager avec vous une certaine fascination pour le m\u00e9tal jaune, le rachat d'or, et pour ceux qui veulent investir dans l'or, vendre leur or tout simplement en savoir plus... Pour tous vos achat or et argent, n'h\u00e9sitez pas \u00e0 prendre rendez-vous dans l'un de nos nombreux comptoirs.\",\"sameAs\":[\"https:\/\/www.gold.fr\"]}]}<\/script>\n<!-- \/ Yoast SEO plugin. -->","yoast_head_json":{"title":"Le cours de l\u2019or sous haute surveillance - Gold.fr","robots":{"index":"index","follow":"follow","max-snippet":"max-snippet:-1","max-image-preview":"max-image-preview:large","max-video-preview":"max-video-preview:-1"},"canonical":"https:\/\/www.gold.fr\/news\/2013\/03\/26\/le-cours-de-lor-sous-haute-surveillance\/","og_locale":"fr_FR","og_type":"article","og_title":"Le cours de l\u2019or sous haute surveillance - Gold.fr","og_description":"La r\u00e9cente correction du m\u00e9tal jaune, qui s&rsquo;est tout de m\u00eame prolong\u00e9e sur plus de deux semaines, avait \u00e9galement affect\u00e9 ses ETF (fonds n\u00e9goci\u00e9s en Bourse). Maintenant que le m\u00e9tal jaune a rebondi, d\u00e9passant d\u00e9j\u00e0 le [&hellip;]","og_url":"https:\/\/www.gold.fr\/news\/2013\/03\/26\/le-cours-de-lor-sous-haute-surveillance\/","og_site_name":"Gold.fr","article_publisher":"https:\/\/www.facebook.com\/Goldfr\/","article_published_time":"2013-03-26T08:00:39+00:00","article_modified_time":"2017-11-02T10:34:09+00:00","og_image":[{"width":625,"height":351,"url":"https:\/\/www.gold.fr\/news\/wp-content\/uploads\/2011\/12\/cours-de-lor1.jpg","type":"image\/jpeg"}],"author":"Comptoir National de l'Or","twitter_card":"summary_large_image","twitter_misc":{"\u00c9crit par":"Comptoir National de l'Or","Dur\u00e9e de lecture estim\u00e9e":"2 minutes"},"schema":{"@context":"https:\/\/schema.org","@graph":[{"@type":"Article","@id":"https:\/\/www.gold.fr\/news\/2013\/03\/26\/le-cours-de-lor-sous-haute-surveillance\/#article","isPartOf":{"@id":"https:\/\/www.gold.fr\/news\/2013\/03\/26\/le-cours-de-lor-sous-haute-surveillance\/"},"author":{"name":"Comptoir National de l'Or","@id":"https:\/\/www.gold.fr\/news\/#\/schema\/person\/760ee7cec237915eebf2be78df0404c4"},"headline":"Le cours de l\u2019or sous haute surveillance","datePublished":"2013-03-26T08:00:39+00:00","dateModified":"2017-11-02T10:34:09+00:00","mainEntityOfPage":{"@id":"https:\/\/www.gold.fr\/news\/2013\/03\/26\/le-cours-de-lor-sous-haute-surveillance\/"},"wordCount":324,"commentCount":0,"image":{"@id":"https:\/\/www.gold.fr\/news\/2013\/03\/26\/le-cours-de-lor-sous-haute-surveillance\/#primaryimage"},"thumbnailUrl":"https:\/\/www.gold.fr\/news\/wp-content\/uploads\/2011\/12\/cours-de-lor1.jpg","keywords":["correction de l'or","ETF","Tout Cours de l'Or"],"articleSection":["Articles de presse"],"inLanguage":"fr-FR"},{"@type":"WebPage","@id":"https:\/\/www.gold.fr\/news\/2013\/03\/26\/le-cours-de-lor-sous-haute-surveillance\/","url":"https:\/\/www.gold.fr\/news\/2013\/03\/26\/le-cours-de-lor-sous-haute-surveillance\/","name":"Le cours de l\u2019or sous haute surveillance - Gold.fr","isPartOf":{"@id":"https:\/\/www.gold.fr\/news\/#website"},"primaryImageOfPage":{"@id":"https:\/\/www.gold.fr\/news\/2013\/03\/26\/le-cours-de-lor-sous-haute-surveillance\/#primaryimage"},"image":{"@id":"https:\/\/www.gold.fr\/news\/2013\/03\/26\/le-cours-de-lor-sous-haute-surveillance\/#primaryimage"},"thumbnailUrl":"https:\/\/www.gold.fr\/news\/wp-content\/uploads\/2011\/12\/cours-de-lor1.jpg","datePublished":"2013-03-26T08:00:39+00:00","dateModified":"2017-11-02T10:34:09+00:00","author":{"@id":"https:\/\/www.gold.fr\/news\/#\/schema\/person\/760ee7cec237915eebf2be78df0404c4"},"breadcrumb":{"@id":"https:\/\/www.gold.fr\/news\/2013\/03\/26\/le-cours-de-lor-sous-haute-surveillance\/#breadcrumb"},"inLanguage":"fr-FR","potentialAction":[{"@type":"ReadAction","target":["https:\/\/www.gold.fr\/news\/2013\/03\/26\/le-cours-de-lor-sous-haute-surveillance\/"]}]},{"@type":"ImageObject","inLanguage":"fr-FR","@id":"https:\/\/www.gold.fr\/news\/2013\/03\/26\/le-cours-de-lor-sous-haute-surveillance\/#primaryimage","url":"https:\/\/www.gold.fr\/news\/wp-content\/uploads\/2011\/12\/cours-de-lor1.jpg","contentUrl":"https:\/\/www.gold.fr\/news\/wp-content\/uploads\/2011\/12\/cours-de-lor1.jpg","width":"625","height":"351","caption":"Cours de l\u2019once : retour sur les performances des semaines pass\u00e9es"},{"@type":"BreadcrumbList","@id":"https:\/\/www.gold.fr\/news\/2013\/03\/26\/le-cours-de-lor-sous-haute-surveillance\/#breadcrumb","itemListElement":[{"@type":"ListItem","position":1,"name":"Accueil","item":"https:\/\/www.gold.fr\/"},{"@type":"ListItem","position":2,"name":"Actualit\u00e9s","item":"https:\/\/www.gold.fr\/news\/"},{"@type":"ListItem","position":3,"name":"Le cours de l\u2019or sous haute surveillance"}]},{"@type":"WebSite","@id":"https:\/\/www.gold.fr\/news\/#website","url":"https:\/\/www.gold.fr\/news\/","name":"Gold.fr","description":"Actualit\u00e9s de l&#039;Or et des m\u00e9taux pr\u00e9cieux","potentialAction":[{"@type":"SearchAction","target":{"@type":"EntryPoint","urlTemplate":"https:\/\/www.gold.fr\/news\/?s={search_term_string}"},"query-input":{"@type":"PropertyValueSpecification","valueRequired":true,"valueName":"search_term_string"}}],"inLanguage":"fr-FR"},{"@type":"Person","@id":"https:\/\/www.gold.fr\/news\/#\/schema\/person\/760ee7cec237915eebf2be78df0404c4","name":"Comptoir National de l'Or","image":{"@type":"ImageObject","inLanguage":"fr-FR","@id":"https:\/\/www.gold.fr\/news\/#\/schema\/person\/image\/c36675942654553a86039d2dfa93c740","url":"https:\/\/secure.gravatar.com\/avatar\/713f289e398d35ead876c4a4cc08607f0d6d266058cfc25683fffb6092d0e572?s=96&d=mm&r=g","contentUrl":"https:\/\/secure.gravatar.com\/avatar\/713f289e398d35ead876c4a4cc08607f0d6d266058cfc25683fffb6092d0e572?s=96&d=mm&r=g","caption":"Comptoir National de l'Or"},"description":"Notre r\u00e9daction est constitu\u00e9e de membres experts dans les m\u00e9tiers de l'\u00e9conomie et la gestion, des Responsables d'agence Comptoir National de l'Or, des analystes financiers qui publient r\u00e9guli\u00e8rement des \u00e9tudes sur les politiques des banques centrales, le cours de l'or, prix de l'or, cours de l'argent, prix de l'argent, cours du platine, cours du palladium,... la situation en zone euro et l'impact de la strat\u00e9gie mon\u00e9taire de la FED. Notre \u00e9quipe scrute \u00e9galement une information plus g\u00e9n\u00e9raliste \u00e0 la recherche d'actualit\u00e9 \"p\u00e9pite\" \u00e0 vous partager. Depuis 5 ans, nous avons publi\u00e9 un peu plus de 4000 articles qui s'adressent \u00e0 un public large et vari\u00e9 ayant pour objectif de satisfaire votre curiosit\u00e9 et de partager avec vous une certaine fascination pour le m\u00e9tal jaune, le rachat d'or, et pour ceux qui veulent investir dans l'or, vendre leur or tout simplement en savoir plus... Pour tous vos achat or et argent, n'h\u00e9sitez pas \u00e0 prendre rendez-vous dans l'un de nos nombreux comptoirs.","sameAs":["https:\/\/www.gold.fr"]}]}},"authors":[{"term_id":2565,"user_id":18,"is_guest":0,"slug":"julie","display_name":"Comptoir National de l'Or","avatar_url":"https:\/\/secure.gravatar.com\/avatar\/713f289e398d35ead876c4a4cc08607f0d6d266058cfc25683fffb6092d0e572?s=96&d=mm&r=g","0":null,"1":"","2":"","3":"","4":"","5":"","6":"","7":"","8":""}],"_links":{"self":[{"href":"https:\/\/www.gold.fr\/news\/wp-json\/wp\/v2\/posts\/11163","targetHints":{"allow":["GET"]}}],"collection":[{"href":"https:\/\/www.gold.fr\/news\/wp-json\/wp\/v2\/posts"}],"about":[{"href":"https:\/\/www.gold.fr\/news\/wp-json\/wp\/v2\/types\/post"}],"author":[{"embeddable":true,"href":"https:\/\/www.gold.fr\/news\/wp-json\/wp\/v2\/users\/18"}],"replies":[{"embeddable":true,"href":"https:\/\/www.gold.fr\/news\/wp-json\/wp\/v2\/comments?post=11163"}],"version-history":[{"count":0,"href":"https:\/\/www.gold.fr\/news\/wp-json\/wp\/v2\/posts\/11163\/revisions"}],"wp:featuredmedia":[{"embeddable":true,"href":"https:\/\/www.gold.fr\/news\/wp-json\/wp\/v2\/media\/4338"}],"wp:attachment":[{"href":"https:\/\/www.gold.fr\/news\/wp-json\/wp\/v2\/media?parent=11163"}],"wp:term":[{"taxonomy":"category","embeddable":true,"href":"https:\/\/www.gold.fr\/news\/wp-json\/wp\/v2\/categories?post=11163"},{"taxonomy":"post_tag","embeddable":true,"href":"https:\/\/www.gold.fr\/news\/wp-json\/wp\/v2\/tags?post=11163"},{"taxonomy":"author","embeddable":true,"href":"https:\/\/www.gold.fr\/news\/wp-json\/wp\/v2\/ppma_author?post=11163"}],"curies":[{"name":"wp","href":"https:\/\/api.w.org\/{rel}","templated":true}]}}