{"id":11137,"date":"2013-03-21T09:00:38","date_gmt":"2013-03-21T08:00:38","guid":{"rendered":"https:\/\/www.gold.fr\/news\/?p=11137"},"modified":"2017-10-26T19:01:21","modified_gmt":"2017-10-26T17:01:21","slug":"lor-entre-facteurs-de-correction-et-de-hausse","status":"publish","type":"post","link":"https:\/\/www.gold.fr\/news\/2013\/03\/21\/lor-entre-facteurs-de-correction-et-de-hausse\/","title":{"rendered":"L\u2019or entre facteurs de correction et de hausse"},"content":{"rendered":"<p><span style=\"font-size: small;\"><img loading=\"lazy\" decoding=\"async\" class=\"alignleft size-thumbnail wp-image-3395\" title=\"L\u2019or entre facteurs de correction et de hausse\" src=\"https:\/\/www.gold.fr\/news\/wp-content\/uploads\/2011\/11\/Once-or-2-150x150.jpg\" alt=\"\" width=\"150\" height=\"150\" \/>Si vous souhaitez acqu\u00e9rir du <a href='https:\/\/www.gold.fr\/news\/tags\/or' class='esk-seo-plu-link'>m\u00e9tal jaune<\/a>, c&rsquo;est peut-\u00eatre le moment ou jamais. Plac\u00e9 dans un creux, depuis plus de deux semaines, l&rsquo;<a href='https:\/\/www.gold.fr\/news\/tags\/or' class='esk-seo-plu-link'>or<\/a> se pr\u00e9pare, d&rsquo;apr\u00e8s l&rsquo;avis unanime des observateurs, <a title=\"L\u2019or vers sa treizi\u00e8me ann\u00e9e de hausse\" href=\"https:\/\/www.gold.fr\/news\/2013\/03\/20\/lor-vers-sa-treizieme-annee-de-hausse\/11135\/\" target=\"_blank\">\u00e0 repartir vers la hausse<\/a>.<\/span>    <span style=\"font-size: small;\">Certes, pour l&rsquo;instant, les investisseurs se situent surtout dans une perspective optimiste, concernant l&rsquo;\u00e9volution de l&rsquo;\u00e9conomie mondiale. Ils se tournent donc naturellement vers des placements plus risqu\u00e9s.<\/span>    <span style=\"font-size: small;\">S&rsquo;il n&rsquo;attire plus autant, c&rsquo;est que les investisseurs se sont tourn\u00e9s \u00e0 nouveau vers d&rsquo;autres placements, plus risqu\u00e9s, mais plus profitables en ce moment : les actions des entreprises. Sur fond de sursaut de reprise, c&rsquo;est essentiellement <a title=\"La reprise de l\u2019\u00e9conomie US : Une utopie\" href=\"https:\/\/www.gold.fr\/news\/2013\/03\/14\/la-reprise-de-leconomie-us-une-utopie\/11036\/\" target=\"_blank\">le secteur de l\u2019emploi, aux <strong>Etats-Unis<\/strong><\/a>, qui b\u00e9n\u00e9ficie d&rsquo;un r\u00e9pit inattendu. Du coup, le billet vert reprend \u00e9galement des couleurs, renfor\u00e7ant les rumeurs relatives \u00e0 la fin pr\u00e9matur\u00e9e du programme d&rsquo;injections mon\u00e9taires massives op\u00e9r\u00e9es par la <strong>R\u00e9serve F\u00e9d\u00e9rale Am\u00e9ricaine<\/strong>.<\/span>    <span style=\"font-size: small;\">Mais cette tendance est sur le point de s&rsquo;inverser. La relique barbare, soutenue par les banques centrales qui continuent \u00e0 en acqu\u00e9rir en masse, commence d\u00e9j\u00e0 \u00e0 remonter la pente \u00e0 une vitesse mod\u00e9r\u00e9e mais irr\u00e9versible.<\/span>    <span style=\"font-size: small;\">Les analystes n&rsquo;ont donc qu&rsquo;une seule recommandation \u00e0 fournir ; acheter ! <a title=\"Achat Or\" href=\"https:\/\/www.gold.fr\/achat-or\/\" target=\"_blank\">Acheter<\/a>, tant que <a title=\"Cours de l'Or de Bourse\" href=\"https:\/\/www.gold.fr\/cours-prix-de-l-or\/\" target=\"_blank\">le prix de l\u2019or<\/a> est encore accessible.<\/span><\/p>\n<!-- AddThis Advanced Settings generic via filter on the_content --><!-- AddThis Share Buttons generic via filter on the_content -->","protected":false},"excerpt":{"rendered":"<p>Si vous souhaitez acqu\u00e9rir du m\u00e9tal jaune, c&rsquo;est peut-\u00eatre le moment ou jamais. Plac\u00e9 dans un creux, depuis plus de deux semaines, l&rsquo;or se pr\u00e9pare, d&rsquo;apr\u00e8s l&rsquo;avis unanime des observateurs, \u00e0 repartir vers la hausse. Certes, [&hellip;]<\/p>\n","protected":false},"author":18,"featured_media":3395,"comment_status":"open","ping_status":"open","sticky":false,"template":"","format":"standard","meta":{"_mbp_gutenberg_autopost":false,"_pgmb_is_evergreen":false,"_pgmb_ap_template_id":0,"footnotes":""},"categories":[6],"tags":[1210,1209,1100,120,83],"ppma_author":[2565],"class_list":["post-11137","post","type-post","status-publish","format-standard","has-post-thumbnail","hentry","category-articles-de-presse","tag-acheter-lor","tag-economie-mondiale","tag-economie-us","tag-hausse-de-lor","tag-prix-de-lor"],"yoast_head":"<!-- This site is optimized with the Yoast SEO plugin v27.5 - https:\/\/yoast.com\/product\/yoast-seo-wordpress\/ -->\n<title>L\u2019or entre facteurs de correction et de hausse - Gold.fr<\/title>\n<meta name=\"robots\" content=\"index, follow, max-snippet:-1, max-image-preview:large, max-video-preview:-1\" \/>\n<link rel=\"canonical\" href=\"https:\/\/www.gold.fr\/news\/2013\/03\/21\/lor-entre-facteurs-de-correction-et-de-hausse\/\" \/>\n<meta property=\"og:locale\" content=\"fr_FR\" \/>\n<meta property=\"og:type\" content=\"article\" \/>\n<meta property=\"og:title\" content=\"L\u2019or entre facteurs de correction et de hausse - Gold.fr\" \/>\n<meta property=\"og:description\" content=\"Si vous souhaitez acqu\u00e9rir du m\u00e9tal jaune, c&rsquo;est peut-\u00eatre le moment ou jamais. Plac\u00e9 dans un creux, depuis plus de deux semaines, l&rsquo;or se pr\u00e9pare, d&rsquo;apr\u00e8s l&rsquo;avis unanime des observateurs, \u00e0 repartir vers la hausse. Certes, [&hellip;]\" \/>\n<meta property=\"og:url\" content=\"https:\/\/www.gold.fr\/news\/2013\/03\/21\/lor-entre-facteurs-de-correction-et-de-hausse\/\" \/>\n<meta property=\"og:site_name\" content=\"Gold.fr\" \/>\n<meta property=\"article:publisher\" content=\"https:\/\/www.facebook.com\/Goldfr\/\" \/>\n<meta property=\"article:published_time\" content=\"2013-03-21T08:00:38+00:00\" \/>\n<meta property=\"article:modified_time\" content=\"2017-10-26T17:01:21+00:00\" \/>\n<meta property=\"og:image\" content=\"https:\/\/www.gold.fr\/news\/wp-content\/uploads\/2011\/11\/Once-or-2-e1320242655984.jpg\" \/>\n\t<meta property=\"og:image:width\" content=\"600\" \/>\n\t<meta property=\"og:image:height\" content=\"404\" \/>\n\t<meta property=\"og:image:type\" content=\"image\/jpeg\" \/>\n<meta name=\"author\" content=\"Comptoir National de l&#039;Or\" \/>\n<meta name=\"twitter:card\" content=\"summary_large_image\" \/>\n<meta name=\"twitter:label1\" content=\"\u00c9crit par\" \/>\n\t<meta name=\"twitter:data1\" content=\"Comptoir National de l&#039;Or\" \/>\n\t<meta name=\"twitter:label2\" content=\"Dur\u00e9e de lecture estim\u00e9e\" \/>\n\t<meta name=\"twitter:data2\" content=\"1 minute\" \/>\n<script type=\"application\/ld+json\" class=\"yoast-schema-graph\">{\"@context\":\"https:\\\/\\\/schema.org\",\"@graph\":[{\"@type\":\"Article\",\"@id\":\"https:\\\/\\\/www.gold.fr\\\/news\\\/2013\\\/03\\\/21\\\/lor-entre-facteurs-de-correction-et-de-hausse\\\/#article\",\"isPartOf\":{\"@id\":\"https:\\\/\\\/www.gold.fr\\\/news\\\/2013\\\/03\\\/21\\\/lor-entre-facteurs-de-correction-et-de-hausse\\\/\"},\"author\":{\"name\":\"Comptoir National de l'Or\",\"@id\":\"https:\\\/\\\/www.gold.fr\\\/news\\\/#\\\/schema\\\/person\\\/070491b4b4fb7671bf59b3be20302ce9\"},\"headline\":\"L\u2019or entre facteurs de correction et de hausse\",\"datePublished\":\"2013-03-21T08:00:38+00:00\",\"dateModified\":\"2017-10-26T17:01:21+00:00\",\"mainEntityOfPage\":{\"@id\":\"https:\\\/\\\/www.gold.fr\\\/news\\\/2013\\\/03\\\/21\\\/lor-entre-facteurs-de-correction-et-de-hausse\\\/\"},\"wordCount\":240,\"commentCount\":0,\"image\":{\"@id\":\"https:\\\/\\\/www.gold.fr\\\/news\\\/2013\\\/03\\\/21\\\/lor-entre-facteurs-de-correction-et-de-hausse\\\/#primaryimage\"},\"thumbnailUrl\":\"https:\\\/\\\/www.gold.fr\\\/news\\\/wp-content\\\/uploads\\\/2011\\\/11\\\/Once-or-2-e1320242655984.jpg\",\"keywords\":[\"Acheter l'or\",\"\u00e9conomie mondiale\",\"\u00e9conomie US\",\"hausse de l'or\",\"prix de l'or\"],\"articleSection\":[\"Articles de presse\"],\"inLanguage\":\"fr-FR\"},{\"@type\":\"WebPage\",\"@id\":\"https:\\\/\\\/www.gold.fr\\\/news\\\/2013\\\/03\\\/21\\\/lor-entre-facteurs-de-correction-et-de-hausse\\\/\",\"url\":\"https:\\\/\\\/www.gold.fr\\\/news\\\/2013\\\/03\\\/21\\\/lor-entre-facteurs-de-correction-et-de-hausse\\\/\",\"name\":\"L\u2019or entre facteurs de correction et de hausse - Gold.fr\",\"isPartOf\":{\"@id\":\"https:\\\/\\\/www.gold.fr\\\/news\\\/#website\"},\"primaryImageOfPage\":{\"@id\":\"https:\\\/\\\/www.gold.fr\\\/news\\\/2013\\\/03\\\/21\\\/lor-entre-facteurs-de-correction-et-de-hausse\\\/#primaryimage\"},\"image\":{\"@id\":\"https:\\\/\\\/www.gold.fr\\\/news\\\/2013\\\/03\\\/21\\\/lor-entre-facteurs-de-correction-et-de-hausse\\\/#primaryimage\"},\"thumbnailUrl\":\"https:\\\/\\\/www.gold.fr\\\/news\\\/wp-content\\\/uploads\\\/2011\\\/11\\\/Once-or-2-e1320242655984.jpg\",\"datePublished\":\"2013-03-21T08:00:38+00:00\",\"dateModified\":\"2017-10-26T17:01:21+00:00\",\"author\":{\"@id\":\"https:\\\/\\\/www.gold.fr\\\/news\\\/#\\\/schema\\\/person\\\/070491b4b4fb7671bf59b3be20302ce9\"},\"breadcrumb\":{\"@id\":\"https:\\\/\\\/www.gold.fr\\\/news\\\/2013\\\/03\\\/21\\\/lor-entre-facteurs-de-correction-et-de-hausse\\\/#breadcrumb\"},\"inLanguage\":\"fr-FR\",\"potentialAction\":[{\"@type\":\"ReadAction\",\"target\":[\"https:\\\/\\\/www.gold.fr\\\/news\\\/2013\\\/03\\\/21\\\/lor-entre-facteurs-de-correction-et-de-hausse\\\/\"]}]},{\"@type\":\"ImageObject\",\"inLanguage\":\"fr-FR\",\"@id\":\"https:\\\/\\\/www.gold.fr\\\/news\\\/2013\\\/03\\\/21\\\/lor-entre-facteurs-de-correction-et-de-hausse\\\/#primaryimage\",\"url\":\"https:\\\/\\\/www.gold.fr\\\/news\\\/wp-content\\\/uploads\\\/2011\\\/11\\\/Once-or-2-e1320242655984.jpg\",\"contentUrl\":\"https:\\\/\\\/www.gold.fr\\\/news\\\/wp-content\\\/uploads\\\/2011\\\/11\\\/Once-or-2-e1320242655984.jpg\",\"width\":\"600\",\"height\":\"404\",\"caption\":\"L\u2019once toujours dans le vert\"},{\"@type\":\"BreadcrumbList\",\"@id\":\"https:\\\/\\\/www.gold.fr\\\/news\\\/2013\\\/03\\\/21\\\/lor-entre-facteurs-de-correction-et-de-hausse\\\/#breadcrumb\",\"itemListElement\":[{\"@type\":\"ListItem\",\"position\":1,\"name\":\"Accueil\",\"item\":\"https:\\\/\\\/www.gold.fr\\\/\"},{\"@type\":\"ListItem\",\"position\":2,\"name\":\"Actualit\u00e9s\",\"item\":\"https:\\\/\\\/www.gold.fr\\\/news\\\/\"},{\"@type\":\"ListItem\",\"position\":3,\"name\":\"L\u2019or entre facteurs de correction et de hausse\"}]},{\"@type\":\"WebSite\",\"@id\":\"https:\\\/\\\/www.gold.fr\\\/news\\\/#website\",\"url\":\"https:\\\/\\\/www.gold.fr\\\/news\\\/\",\"name\":\"Gold.fr\",\"description\":\"Actualit\u00e9s de l&#039;Or et des m\u00e9taux pr\u00e9cieux\",\"potentialAction\":[{\"@type\":\"SearchAction\",\"target\":{\"@type\":\"EntryPoint\",\"urlTemplate\":\"https:\\\/\\\/www.gold.fr\\\/news\\\/?s={search_term_string}\"},\"query-input\":{\"@type\":\"PropertyValueSpecification\",\"valueRequired\":true,\"valueName\":\"search_term_string\"}}],\"inLanguage\":\"fr-FR\"},{\"@type\":\"Person\",\"@id\":\"https:\\\/\\\/www.gold.fr\\\/news\\\/#\\\/schema\\\/person\\\/070491b4b4fb7671bf59b3be20302ce9\",\"name\":\"Comptoir National de l'Or\",\"image\":{\"@type\":\"ImageObject\",\"inLanguage\":\"fr-FR\",\"@id\":\"https:\\\/\\\/secure.gravatar.com\\\/avatar\\\/0a2867fd5abe37bed95d5a65e9d58f01756e11efc68af9888dfc50cfa7f65948?s=96&d=mm&r=gb490554db0a38188709de567aa58480d\",\"url\":\"https:\\\/\\\/secure.gravatar.com\\\/avatar\\\/0a2867fd5abe37bed95d5a65e9d58f01756e11efc68af9888dfc50cfa7f65948?s=96&d=mm&r=g\",\"contentUrl\":\"https:\\\/\\\/secure.gravatar.com\\\/avatar\\\/0a2867fd5abe37bed95d5a65e9d58f01756e11efc68af9888dfc50cfa7f65948?s=96&d=mm&r=g\",\"caption\":\"Comptoir National de l'Or\"},\"description\":\"Notre r\u00e9daction est constitu\u00e9e de membres experts dans les m\u00e9tiers de l'\u00e9conomie et la gestion, des Responsables d'agence Comptoir National de l'Or, des analystes financiers qui publient r\u00e9guli\u00e8rement des \u00e9tudes sur les politiques des banques centrales, le cours de l'or, prix de l'or, cours de l'argent, prix de l'argent, cours du platine, cours du palladium,... la situation en zone euro et l'impact de la strat\u00e9gie mon\u00e9taire de la FED. Notre \u00e9quipe scrute \u00e9galement une information plus g\u00e9n\u00e9raliste \u00e0 la recherche d'actualit\u00e9 \\\"p\u00e9pite\\\" \u00e0 vous partager. Depuis 5 ans, nous avons publi\u00e9 un peu plus de 4000 articles qui s'adressent \u00e0 un public large et vari\u00e9 ayant pour objectif de satisfaire votre curiosit\u00e9 et de partager avec vous une certaine fascination pour le m\u00e9tal jaune, le rachat d'or, et pour ceux qui veulent investir dans l'or, vendre leur or tout simplement en savoir plus... Pour tous vos achat or et argent, n'h\u00e9sitez pas \u00e0 prendre rendez-vous dans l'un de nos nombreux comptoirs.\",\"sameAs\":[\"https:\\\/\\\/www.gold.fr\"]}]}<\/script>\n<!-- \/ Yoast SEO plugin. -->","yoast_head_json":{"title":"L\u2019or entre facteurs de correction et de hausse - Gold.fr","robots":{"index":"index","follow":"follow","max-snippet":"max-snippet:-1","max-image-preview":"max-image-preview:large","max-video-preview":"max-video-preview:-1"},"canonical":"https:\/\/www.gold.fr\/news\/2013\/03\/21\/lor-entre-facteurs-de-correction-et-de-hausse\/","og_locale":"fr_FR","og_type":"article","og_title":"L\u2019or entre facteurs de correction et de hausse - Gold.fr","og_description":"Si vous souhaitez acqu\u00e9rir du m\u00e9tal jaune, c&rsquo;est peut-\u00eatre le moment ou jamais. Plac\u00e9 dans un creux, depuis plus de deux semaines, l&rsquo;or se pr\u00e9pare, d&rsquo;apr\u00e8s l&rsquo;avis unanime des observateurs, \u00e0 repartir vers la hausse. Certes, [&hellip;]","og_url":"https:\/\/www.gold.fr\/news\/2013\/03\/21\/lor-entre-facteurs-de-correction-et-de-hausse\/","og_site_name":"Gold.fr","article_publisher":"https:\/\/www.facebook.com\/Goldfr\/","article_published_time":"2013-03-21T08:00:38+00:00","article_modified_time":"2017-10-26T17:01:21+00:00","og_image":[{"width":600,"height":404,"url":"https:\/\/www.gold.fr\/news\/wp-content\/uploads\/2011\/11\/Once-or-2-e1320242655984.jpg","type":"image\/jpeg"}],"author":"Comptoir National de l'Or","twitter_card":"summary_large_image","twitter_misc":{"\u00c9crit par":"Comptoir National de l'Or","Dur\u00e9e de lecture estim\u00e9e":"1 minute"},"schema":{"@context":"https:\/\/schema.org","@graph":[{"@type":"Article","@id":"https:\/\/www.gold.fr\/news\/2013\/03\/21\/lor-entre-facteurs-de-correction-et-de-hausse\/#article","isPartOf":{"@id":"https:\/\/www.gold.fr\/news\/2013\/03\/21\/lor-entre-facteurs-de-correction-et-de-hausse\/"},"author":{"name":"Comptoir National de l'Or","@id":"https:\/\/www.gold.fr\/news\/#\/schema\/person\/070491b4b4fb7671bf59b3be20302ce9"},"headline":"L\u2019or entre facteurs de correction et de hausse","datePublished":"2013-03-21T08:00:38+00:00","dateModified":"2017-10-26T17:01:21+00:00","mainEntityOfPage":{"@id":"https:\/\/www.gold.fr\/news\/2013\/03\/21\/lor-entre-facteurs-de-correction-et-de-hausse\/"},"wordCount":240,"commentCount":0,"image":{"@id":"https:\/\/www.gold.fr\/news\/2013\/03\/21\/lor-entre-facteurs-de-correction-et-de-hausse\/#primaryimage"},"thumbnailUrl":"https:\/\/www.gold.fr\/news\/wp-content\/uploads\/2011\/11\/Once-or-2-e1320242655984.jpg","keywords":["Acheter l'or","\u00e9conomie mondiale","\u00e9conomie US","hausse de l'or","prix de l'or"],"articleSection":["Articles de presse"],"inLanguage":"fr-FR"},{"@type":"WebPage","@id":"https:\/\/www.gold.fr\/news\/2013\/03\/21\/lor-entre-facteurs-de-correction-et-de-hausse\/","url":"https:\/\/www.gold.fr\/news\/2013\/03\/21\/lor-entre-facteurs-de-correction-et-de-hausse\/","name":"L\u2019or entre facteurs de correction et de hausse - Gold.fr","isPartOf":{"@id":"https:\/\/www.gold.fr\/news\/#website"},"primaryImageOfPage":{"@id":"https:\/\/www.gold.fr\/news\/2013\/03\/21\/lor-entre-facteurs-de-correction-et-de-hausse\/#primaryimage"},"image":{"@id":"https:\/\/www.gold.fr\/news\/2013\/03\/21\/lor-entre-facteurs-de-correction-et-de-hausse\/#primaryimage"},"thumbnailUrl":"https:\/\/www.gold.fr\/news\/wp-content\/uploads\/2011\/11\/Once-or-2-e1320242655984.jpg","datePublished":"2013-03-21T08:00:38+00:00","dateModified":"2017-10-26T17:01:21+00:00","author":{"@id":"https:\/\/www.gold.fr\/news\/#\/schema\/person\/070491b4b4fb7671bf59b3be20302ce9"},"breadcrumb":{"@id":"https:\/\/www.gold.fr\/news\/2013\/03\/21\/lor-entre-facteurs-de-correction-et-de-hausse\/#breadcrumb"},"inLanguage":"fr-FR","potentialAction":[{"@type":"ReadAction","target":["https:\/\/www.gold.fr\/news\/2013\/03\/21\/lor-entre-facteurs-de-correction-et-de-hausse\/"]}]},{"@type":"ImageObject","inLanguage":"fr-FR","@id":"https:\/\/www.gold.fr\/news\/2013\/03\/21\/lor-entre-facteurs-de-correction-et-de-hausse\/#primaryimage","url":"https:\/\/www.gold.fr\/news\/wp-content\/uploads\/2011\/11\/Once-or-2-e1320242655984.jpg","contentUrl":"https:\/\/www.gold.fr\/news\/wp-content\/uploads\/2011\/11\/Once-or-2-e1320242655984.jpg","width":"600","height":"404","caption":"L\u2019once toujours dans le vert"},{"@type":"BreadcrumbList","@id":"https:\/\/www.gold.fr\/news\/2013\/03\/21\/lor-entre-facteurs-de-correction-et-de-hausse\/#breadcrumb","itemListElement":[{"@type":"ListItem","position":1,"name":"Accueil","item":"https:\/\/www.gold.fr\/"},{"@type":"ListItem","position":2,"name":"Actualit\u00e9s","item":"https:\/\/www.gold.fr\/news\/"},{"@type":"ListItem","position":3,"name":"L\u2019or entre facteurs de correction et de hausse"}]},{"@type":"WebSite","@id":"https:\/\/www.gold.fr\/news\/#website","url":"https:\/\/www.gold.fr\/news\/","name":"Gold.fr","description":"Actualit\u00e9s de l&#039;Or et des m\u00e9taux pr\u00e9cieux","potentialAction":[{"@type":"SearchAction","target":{"@type":"EntryPoint","urlTemplate":"https:\/\/www.gold.fr\/news\/?s={search_term_string}"},"query-input":{"@type":"PropertyValueSpecification","valueRequired":true,"valueName":"search_term_string"}}],"inLanguage":"fr-FR"},{"@type":"Person","@id":"https:\/\/www.gold.fr\/news\/#\/schema\/person\/070491b4b4fb7671bf59b3be20302ce9","name":"Comptoir National de l'Or","image":{"@type":"ImageObject","inLanguage":"fr-FR","@id":"https:\/\/secure.gravatar.com\/avatar\/0a2867fd5abe37bed95d5a65e9d58f01756e11efc68af9888dfc50cfa7f65948?s=96&d=mm&r=gb490554db0a38188709de567aa58480d","url":"https:\/\/secure.gravatar.com\/avatar\/0a2867fd5abe37bed95d5a65e9d58f01756e11efc68af9888dfc50cfa7f65948?s=96&d=mm&r=g","contentUrl":"https:\/\/secure.gravatar.com\/avatar\/0a2867fd5abe37bed95d5a65e9d58f01756e11efc68af9888dfc50cfa7f65948?s=96&d=mm&r=g","caption":"Comptoir National de l'Or"},"description":"Notre r\u00e9daction est constitu\u00e9e de membres experts dans les m\u00e9tiers de l'\u00e9conomie et la gestion, des Responsables d'agence Comptoir National de l'Or, des analystes financiers qui publient r\u00e9guli\u00e8rement des \u00e9tudes sur les politiques des banques centrales, le cours de l'or, prix de l'or, cours de l'argent, prix de l'argent, cours du platine, cours du palladium,... la situation en zone euro et l'impact de la strat\u00e9gie mon\u00e9taire de la FED. Notre \u00e9quipe scrute \u00e9galement une information plus g\u00e9n\u00e9raliste \u00e0 la recherche d'actualit\u00e9 \"p\u00e9pite\" \u00e0 vous partager. Depuis 5 ans, nous avons publi\u00e9 un peu plus de 4000 articles qui s'adressent \u00e0 un public large et vari\u00e9 ayant pour objectif de satisfaire votre curiosit\u00e9 et de partager avec vous une certaine fascination pour le m\u00e9tal jaune, le rachat d'or, et pour ceux qui veulent investir dans l'or, vendre leur or tout simplement en savoir plus... Pour tous vos achat or et argent, n'h\u00e9sitez pas \u00e0 prendre rendez-vous dans l'un de nos nombreux comptoirs.","sameAs":["https:\/\/www.gold.fr"]}]}},"authors":[{"term_id":2565,"user_id":18,"is_guest":0,"slug":"julie","display_name":"Comptoir National de l'Or","avatar_url":"https:\/\/secure.gravatar.com\/avatar\/713f289e398d35ead876c4a4cc08607f0d6d266058cfc25683fffb6092d0e572?s=96&d=mm&r=g","0":null,"1":"","2":"","3":"","4":"","5":"","6":"","7":"","8":""}],"_links":{"self":[{"href":"https:\/\/www.gold.fr\/news\/wp-json\/wp\/v2\/posts\/11137","targetHints":{"allow":["GET"]}}],"collection":[{"href":"https:\/\/www.gold.fr\/news\/wp-json\/wp\/v2\/posts"}],"about":[{"href":"https:\/\/www.gold.fr\/news\/wp-json\/wp\/v2\/types\/post"}],"author":[{"embeddable":true,"href":"https:\/\/www.gold.fr\/news\/wp-json\/wp\/v2\/users\/18"}],"replies":[{"embeddable":true,"href":"https:\/\/www.gold.fr\/news\/wp-json\/wp\/v2\/comments?post=11137"}],"version-history":[{"count":0,"href":"https:\/\/www.gold.fr\/news\/wp-json\/wp\/v2\/posts\/11137\/revisions"}],"wp:featuredmedia":[{"embeddable":true,"href":"https:\/\/www.gold.fr\/news\/wp-json\/wp\/v2\/media\/3395"}],"wp:attachment":[{"href":"https:\/\/www.gold.fr\/news\/wp-json\/wp\/v2\/media?parent=11137"}],"wp:term":[{"taxonomy":"category","embeddable":true,"href":"https:\/\/www.gold.fr\/news\/wp-json\/wp\/v2\/categories?post=11137"},{"taxonomy":"post_tag","embeddable":true,"href":"https:\/\/www.gold.fr\/news\/wp-json\/wp\/v2\/tags?post=11137"},{"taxonomy":"author","embeddable":true,"href":"https:\/\/www.gold.fr\/news\/wp-json\/wp\/v2\/ppma_author?post=11137"}],"curies":[{"name":"wp","href":"https:\/\/api.w.org\/{rel}","templated":true}]}}