{"id":11135,"date":"2013-03-20T17:00:06","date_gmt":"2013-03-20T16:00:06","guid":{"rendered":"https:\/\/www.gold.fr\/news\/?p=11135"},"modified":"2017-11-02T11:40:03","modified_gmt":"2017-11-02T10:40:03","slug":"lor-vers-sa-treizieme-annee-de-hausse","status":"publish","type":"post","link":"https:\/\/www.gold.fr\/news\/2013\/03\/20\/lor-vers-sa-treizieme-annee-de-hausse\/","title":{"rendered":"L&rsquo;or vers sa treizi\u00e8me ann\u00e9e de hausse"},"content":{"rendered":"<p><span style=\"font-size: small;\"><img loading=\"lazy\" decoding=\"async\" class=\"alignleft size-thumbnail wp-image-2944\" title=\"L'or vers sa treizi\u00e8me ann\u00e9e de hausse\" src=\"https:\/\/www.gold.fr\/news\/wp-content\/uploads\/2011\/10\/euro-or-150x150.jpg\" alt=\"\" width=\"150\" height=\"150\" \/>En d\u00e9pit de la vague de scepticisme provoqu\u00e9e par <a title=\"L\u2019or profite des incertitudes pour stabiliser\" href=\"https:\/\/www.gold.fr\/news\/2013\/03\/15\/lor-profite-des-incertitudes-pour-stabiliser\/11084\/\" target=\"_blank\">la r\u00e9cente phase de correction<\/a> subie par le march\u00e9 aurif\u00e8re, la plupart des analystes et observateurs professionnels continuent \u00e0 tabler sur cette l\u00e9gendaire treizi\u00e8me ann\u00e9e cons\u00e9cutive de hausse de l&rsquo;<a href='https:\/\/www.gold.fr\/news\/tags\/or' class='esk-seo-plu-link'>or<\/a>.<\/span>    <span style=\"font-size: small;\">Cette correction a \u00e9t\u00e9 d\u00e9clench\u00e9e, rappelons-le, par les espoirs grandissants d&rsquo;une confirmation (voire \u00e9volution) de <a title=\"La reprise de l\u2019\u00e9conomie US : Une utopie\" href=\"https:\/\/www.gold.fr\/news\/2013\/03\/14\/la-reprise-de-leconomie-us-une-utopie\/11036\/\" target=\"_blank\">la r\u00e9cente reprise de l\u2019\u00e9conomie US<\/a>.<\/span>    <span style=\"font-size: small;\">Au mois de <strong>janvier 2013<\/strong>, les rumeurs allaient m\u00eame bon train concernant le fameux programme d&rsquo;injections de liquidit\u00e9s de la banque centrale am\u00e9ricaine, l&rsquo;un des facteurs cl\u00e9s de la hausse <a title=\"Cours de l'Or de Bourse\" href=\"https:\/\/www.gold.fr\/cours-prix-de-l-or\/\" target=\"_blank\">des prix de l\u2019or<\/a>. Plusieurs intervenants \u00e9voquaient d\u00e9j\u00e0 la forte probabilit\u00e9 de la fin pr\u00e9matur\u00e9e de cette politique, quelque part vers le deuxi\u00e8me semestre <strong>2013<\/strong>.<\/span>    <span style=\"font-size: small;\">C&rsquo;\u00e9tait compter sans la publication des chiffres relatifs \u00e0 l&#8217;emploi\/ch\u00f4mage et \u00e9conomie interne US. En effet, en d\u00e9pit du \u00ab <em>sursaut<\/em> \u00bb ind\u00e9niable, sur certains plans, il est tout aussi incontestable que ces chiffres ne sont toujours pas suffisamment encourageants pour \u00ab <em>assurer le maintien conditionnel des injections de liquidit\u00e9s de la part de la banque centrale du pays<\/em> \u00bb.<\/span>    <span style=\"font-size: small;\"><strong>Janet Yellen<\/strong>, vice-gouverneur de la R\u00e9serve F\u00e9d\u00e9rale Am\u00e9ricaine, d\u00e9clarait m\u00eame, dans son plus r\u00e9cent discours, que ce programme d&rsquo;injections demeurait indispensable, dans la mesure o\u00f9 l&rsquo;\u00e9conomie du pays continuait \u00e0 graviter largement au-dessous de son \u00ab <em>r\u00e9gime optimal<\/em> \u00bb. Elle avait ainsi affirm\u00e9 qu&rsquo;elle \u00ab <em>n&rsquo;envisageait aucun changement<\/em> \u00bb, aussi longtemps que le taux de ch\u00f4mage \u00ab <em>ne passerait pas sous les <strong>6.5%<\/strong><\/em> \u00bb.<\/span><\/p>\n<!-- AddThis Advanced Settings generic via filter on the_content --><!-- AddThis Share Buttons generic via filter on the_content -->","protected":false},"excerpt":{"rendered":"<p>En d\u00e9pit de la vague de scepticisme provoqu\u00e9e par la r\u00e9cente phase de correction subie par le march\u00e9 aurif\u00e8re, la plupart des analystes et observateurs professionnels continuent \u00e0 tabler sur cette l\u00e9gendaire treizi\u00e8me ann\u00e9e cons\u00e9cutive de [&hellip;]<\/p>\n","protected":false},"author":18,"featured_media":2944,"comment_status":"open","ping_status":"open","sticky":false,"template":"","format":"standard","meta":{"_mbp_gutenberg_autopost":false,"_pgmb_is_evergreen":false,"_pgmb_ap_template_id":0,"footnotes":""},"categories":[6],"tags":[1100,1105,120,83],"ppma_author":[2565],"class_list":["post-11135","post","type-post","status-publish","format-standard","has-post-thumbnail","hentry","category-articles-de-presse","tag-economie-us","tag-emploi-us","tag-hausse-de-lor","tag-prix-de-lor"],"yoast_head":"<!-- This site is optimized with the Yoast SEO plugin v27.5 - https:\/\/yoast.com\/product\/yoast-seo-wordpress\/ -->\n<title>L&#039;or vers sa treizi\u00e8me ann\u00e9e de hausse - Gold.fr<\/title>\n<meta name=\"robots\" content=\"index, follow, max-snippet:-1, max-image-preview:large, max-video-preview:-1\" \/>\n<link rel=\"canonical\" href=\"https:\/\/www.gold.fr\/news\/2013\/03\/20\/lor-vers-sa-treizieme-annee-de-hausse\/\" \/>\n<meta property=\"og:locale\" content=\"fr_FR\" \/>\n<meta property=\"og:type\" content=\"article\" \/>\n<meta property=\"og:title\" content=\"L&#039;or vers sa treizi\u00e8me ann\u00e9e de hausse - Gold.fr\" \/>\n<meta property=\"og:description\" content=\"En d\u00e9pit de la vague de scepticisme provoqu\u00e9e par la r\u00e9cente phase de correction subie par le march\u00e9 aurif\u00e8re, la plupart des analystes et observateurs professionnels continuent \u00e0 tabler sur cette l\u00e9gendaire treizi\u00e8me ann\u00e9e cons\u00e9cutive de [&hellip;]\" \/>\n<meta property=\"og:url\" content=\"https:\/\/www.gold.fr\/news\/2013\/03\/20\/lor-vers-sa-treizieme-annee-de-hausse\/\" \/>\n<meta property=\"og:site_name\" content=\"Gold.fr\" \/>\n<meta property=\"article:publisher\" content=\"https:\/\/www.facebook.com\/Goldfr\/\" \/>\n<meta property=\"article:published_time\" content=\"2013-03-20T16:00:06+00:00\" \/>\n<meta property=\"article:modified_time\" content=\"2017-11-02T10:40:03+00:00\" \/>\n<meta property=\"og:image\" content=\"https:\/\/www.gold.fr\/news\/wp-content\/uploads\/2011\/10\/euro-or.jpg\" \/>\n\t<meta property=\"og:image:width\" content=\"600\" \/>\n\t<meta property=\"og:image:height\" content=\"489\" \/>\n\t<meta property=\"og:image:type\" content=\"image\/jpeg\" \/>\n<meta name=\"author\" content=\"Comptoir National de l&#039;Or\" \/>\n<meta name=\"twitter:card\" content=\"summary_large_image\" \/>\n<meta name=\"twitter:label1\" content=\"\u00c9crit par\" \/>\n\t<meta name=\"twitter:data1\" content=\"Comptoir National de l&#039;Or\" \/>\n\t<meta name=\"twitter:label2\" content=\"Dur\u00e9e de lecture estim\u00e9e\" \/>\n\t<meta name=\"twitter:data2\" content=\"1 minute\" \/>\n<script type=\"application\/ld+json\" class=\"yoast-schema-graph\">{\"@context\":\"https:\\\/\\\/schema.org\",\"@graph\":[{\"@type\":\"Article\",\"@id\":\"https:\\\/\\\/www.gold.fr\\\/news\\\/2013\\\/03\\\/20\\\/lor-vers-sa-treizieme-annee-de-hausse\\\/#article\",\"isPartOf\":{\"@id\":\"https:\\\/\\\/www.gold.fr\\\/news\\\/2013\\\/03\\\/20\\\/lor-vers-sa-treizieme-annee-de-hausse\\\/\"},\"author\":{\"name\":\"Comptoir National de l'Or\",\"@id\":\"https:\\\/\\\/www.gold.fr\\\/news\\\/#\\\/schema\\\/person\\\/070491b4b4fb7671bf59b3be20302ce9\"},\"headline\":\"L&rsquo;or vers sa treizi\u00e8me ann\u00e9e de hausse\",\"datePublished\":\"2013-03-20T16:00:06+00:00\",\"dateModified\":\"2017-11-02T10:40:03+00:00\",\"mainEntityOfPage\":{\"@id\":\"https:\\\/\\\/www.gold.fr\\\/news\\\/2013\\\/03\\\/20\\\/lor-vers-sa-treizieme-annee-de-hausse\\\/\"},\"wordCount\":278,\"commentCount\":0,\"image\":{\"@id\":\"https:\\\/\\\/www.gold.fr\\\/news\\\/2013\\\/03\\\/20\\\/lor-vers-sa-treizieme-annee-de-hausse\\\/#primaryimage\"},\"thumbnailUrl\":\"https:\\\/\\\/www.gold.fr\\\/news\\\/wp-content\\\/uploads\\\/2011\\\/10\\\/euro-or.jpg\",\"keywords\":[\"\u00e9conomie US\",\"emploi US\",\"hausse de l'or\",\"prix de l'or\"],\"articleSection\":[\"Articles de presse\"],\"inLanguage\":\"fr-FR\"},{\"@type\":\"WebPage\",\"@id\":\"https:\\\/\\\/www.gold.fr\\\/news\\\/2013\\\/03\\\/20\\\/lor-vers-sa-treizieme-annee-de-hausse\\\/\",\"url\":\"https:\\\/\\\/www.gold.fr\\\/news\\\/2013\\\/03\\\/20\\\/lor-vers-sa-treizieme-annee-de-hausse\\\/\",\"name\":\"L'or vers sa treizi\u00e8me ann\u00e9e de hausse - Gold.fr\",\"isPartOf\":{\"@id\":\"https:\\\/\\\/www.gold.fr\\\/news\\\/#website\"},\"primaryImageOfPage\":{\"@id\":\"https:\\\/\\\/www.gold.fr\\\/news\\\/2013\\\/03\\\/20\\\/lor-vers-sa-treizieme-annee-de-hausse\\\/#primaryimage\"},\"image\":{\"@id\":\"https:\\\/\\\/www.gold.fr\\\/news\\\/2013\\\/03\\\/20\\\/lor-vers-sa-treizieme-annee-de-hausse\\\/#primaryimage\"},\"thumbnailUrl\":\"https:\\\/\\\/www.gold.fr\\\/news\\\/wp-content\\\/uploads\\\/2011\\\/10\\\/euro-or.jpg\",\"datePublished\":\"2013-03-20T16:00:06+00:00\",\"dateModified\":\"2017-11-02T10:40:03+00:00\",\"author\":{\"@id\":\"https:\\\/\\\/www.gold.fr\\\/news\\\/#\\\/schema\\\/person\\\/070491b4b4fb7671bf59b3be20302ce9\"},\"breadcrumb\":{\"@id\":\"https:\\\/\\\/www.gold.fr\\\/news\\\/2013\\\/03\\\/20\\\/lor-vers-sa-treizieme-annee-de-hausse\\\/#breadcrumb\"},\"inLanguage\":\"fr-FR\",\"potentialAction\":[{\"@type\":\"ReadAction\",\"target\":[\"https:\\\/\\\/www.gold.fr\\\/news\\\/2013\\\/03\\\/20\\\/lor-vers-sa-treizieme-annee-de-hausse\\\/\"]}]},{\"@type\":\"ImageObject\",\"inLanguage\":\"fr-FR\",\"@id\":\"https:\\\/\\\/www.gold.fr\\\/news\\\/2013\\\/03\\\/20\\\/lor-vers-sa-treizieme-annee-de-hausse\\\/#primaryimage\",\"url\":\"https:\\\/\\\/www.gold.fr\\\/news\\\/wp-content\\\/uploads\\\/2011\\\/10\\\/euro-or.jpg\",\"contentUrl\":\"https:\\\/\\\/www.gold.fr\\\/news\\\/wp-content\\\/uploads\\\/2011\\\/10\\\/euro-or.jpg\",\"width\":\"600\",\"height\":\"489\",\"caption\":\"L'or stabilise, l'issue juridique de l'OMT en vue\"},{\"@type\":\"BreadcrumbList\",\"@id\":\"https:\\\/\\\/www.gold.fr\\\/news\\\/2013\\\/03\\\/20\\\/lor-vers-sa-treizieme-annee-de-hausse\\\/#breadcrumb\",\"itemListElement\":[{\"@type\":\"ListItem\",\"position\":1,\"name\":\"Accueil\",\"item\":\"https:\\\/\\\/www.gold.fr\\\/\"},{\"@type\":\"ListItem\",\"position\":2,\"name\":\"Actualit\u00e9s\",\"item\":\"https:\\\/\\\/www.gold.fr\\\/news\\\/\"},{\"@type\":\"ListItem\",\"position\":3,\"name\":\"L&rsquo;or vers sa treizi\u00e8me ann\u00e9e de hausse\"}]},{\"@type\":\"WebSite\",\"@id\":\"https:\\\/\\\/www.gold.fr\\\/news\\\/#website\",\"url\":\"https:\\\/\\\/www.gold.fr\\\/news\\\/\",\"name\":\"Gold.fr\",\"description\":\"Actualit\u00e9s de l&#039;Or et des m\u00e9taux pr\u00e9cieux\",\"potentialAction\":[{\"@type\":\"SearchAction\",\"target\":{\"@type\":\"EntryPoint\",\"urlTemplate\":\"https:\\\/\\\/www.gold.fr\\\/news\\\/?s={search_term_string}\"},\"query-input\":{\"@type\":\"PropertyValueSpecification\",\"valueRequired\":true,\"valueName\":\"search_term_string\"}}],\"inLanguage\":\"fr-FR\"},{\"@type\":\"Person\",\"@id\":\"https:\\\/\\\/www.gold.fr\\\/news\\\/#\\\/schema\\\/person\\\/070491b4b4fb7671bf59b3be20302ce9\",\"name\":\"Comptoir National de l'Or\",\"image\":{\"@type\":\"ImageObject\",\"inLanguage\":\"fr-FR\",\"@id\":\"https:\\\/\\\/secure.gravatar.com\\\/avatar\\\/0a2867fd5abe37bed95d5a65e9d58f01756e11efc68af9888dfc50cfa7f65948?s=96&d=mm&r=gb490554db0a38188709de567aa58480d\",\"url\":\"https:\\\/\\\/secure.gravatar.com\\\/avatar\\\/0a2867fd5abe37bed95d5a65e9d58f01756e11efc68af9888dfc50cfa7f65948?s=96&d=mm&r=g\",\"contentUrl\":\"https:\\\/\\\/secure.gravatar.com\\\/avatar\\\/0a2867fd5abe37bed95d5a65e9d58f01756e11efc68af9888dfc50cfa7f65948?s=96&d=mm&r=g\",\"caption\":\"Comptoir National de l'Or\"},\"description\":\"Notre r\u00e9daction est constitu\u00e9e de membres experts dans les m\u00e9tiers de l'\u00e9conomie et la gestion, des Responsables d'agence Comptoir National de l'Or, des analystes financiers qui publient r\u00e9guli\u00e8rement des \u00e9tudes sur les politiques des banques centrales, le cours de l'or, prix de l'or, cours de l'argent, prix de l'argent, cours du platine, cours du palladium,... la situation en zone euro et l'impact de la strat\u00e9gie mon\u00e9taire de la FED. Notre \u00e9quipe scrute \u00e9galement une information plus g\u00e9n\u00e9raliste \u00e0 la recherche d'actualit\u00e9 \\\"p\u00e9pite\\\" \u00e0 vous partager. Depuis 5 ans, nous avons publi\u00e9 un peu plus de 4000 articles qui s'adressent \u00e0 un public large et vari\u00e9 ayant pour objectif de satisfaire votre curiosit\u00e9 et de partager avec vous une certaine fascination pour le m\u00e9tal jaune, le rachat d'or, et pour ceux qui veulent investir dans l'or, vendre leur or tout simplement en savoir plus... Pour tous vos achat or et argent, n'h\u00e9sitez pas \u00e0 prendre rendez-vous dans l'un de nos nombreux comptoirs.\",\"sameAs\":[\"https:\\\/\\\/www.gold.fr\"]}]}<\/script>\n<!-- \/ Yoast SEO plugin. -->","yoast_head_json":{"title":"L'or vers sa treizi\u00e8me ann\u00e9e de hausse - Gold.fr","robots":{"index":"index","follow":"follow","max-snippet":"max-snippet:-1","max-image-preview":"max-image-preview:large","max-video-preview":"max-video-preview:-1"},"canonical":"https:\/\/www.gold.fr\/news\/2013\/03\/20\/lor-vers-sa-treizieme-annee-de-hausse\/","og_locale":"fr_FR","og_type":"article","og_title":"L'or vers sa treizi\u00e8me ann\u00e9e de hausse - Gold.fr","og_description":"En d\u00e9pit de la vague de scepticisme provoqu\u00e9e par la r\u00e9cente phase de correction subie par le march\u00e9 aurif\u00e8re, la plupart des analystes et observateurs professionnels continuent \u00e0 tabler sur cette l\u00e9gendaire treizi\u00e8me ann\u00e9e cons\u00e9cutive de [&hellip;]","og_url":"https:\/\/www.gold.fr\/news\/2013\/03\/20\/lor-vers-sa-treizieme-annee-de-hausse\/","og_site_name":"Gold.fr","article_publisher":"https:\/\/www.facebook.com\/Goldfr\/","article_published_time":"2013-03-20T16:00:06+00:00","article_modified_time":"2017-11-02T10:40:03+00:00","og_image":[{"width":600,"height":489,"url":"https:\/\/www.gold.fr\/news\/wp-content\/uploads\/2011\/10\/euro-or.jpg","type":"image\/jpeg"}],"author":"Comptoir National de l'Or","twitter_card":"summary_large_image","twitter_misc":{"\u00c9crit par":"Comptoir National de l'Or","Dur\u00e9e de lecture estim\u00e9e":"1 minute"},"schema":{"@context":"https:\/\/schema.org","@graph":[{"@type":"Article","@id":"https:\/\/www.gold.fr\/news\/2013\/03\/20\/lor-vers-sa-treizieme-annee-de-hausse\/#article","isPartOf":{"@id":"https:\/\/www.gold.fr\/news\/2013\/03\/20\/lor-vers-sa-treizieme-annee-de-hausse\/"},"author":{"name":"Comptoir National de l'Or","@id":"https:\/\/www.gold.fr\/news\/#\/schema\/person\/070491b4b4fb7671bf59b3be20302ce9"},"headline":"L&rsquo;or vers sa treizi\u00e8me ann\u00e9e de hausse","datePublished":"2013-03-20T16:00:06+00:00","dateModified":"2017-11-02T10:40:03+00:00","mainEntityOfPage":{"@id":"https:\/\/www.gold.fr\/news\/2013\/03\/20\/lor-vers-sa-treizieme-annee-de-hausse\/"},"wordCount":278,"commentCount":0,"image":{"@id":"https:\/\/www.gold.fr\/news\/2013\/03\/20\/lor-vers-sa-treizieme-annee-de-hausse\/#primaryimage"},"thumbnailUrl":"https:\/\/www.gold.fr\/news\/wp-content\/uploads\/2011\/10\/euro-or.jpg","keywords":["\u00e9conomie US","emploi US","hausse de l'or","prix de l'or"],"articleSection":["Articles de presse"],"inLanguage":"fr-FR"},{"@type":"WebPage","@id":"https:\/\/www.gold.fr\/news\/2013\/03\/20\/lor-vers-sa-treizieme-annee-de-hausse\/","url":"https:\/\/www.gold.fr\/news\/2013\/03\/20\/lor-vers-sa-treizieme-annee-de-hausse\/","name":"L'or vers sa treizi\u00e8me ann\u00e9e de hausse - Gold.fr","isPartOf":{"@id":"https:\/\/www.gold.fr\/news\/#website"},"primaryImageOfPage":{"@id":"https:\/\/www.gold.fr\/news\/2013\/03\/20\/lor-vers-sa-treizieme-annee-de-hausse\/#primaryimage"},"image":{"@id":"https:\/\/www.gold.fr\/news\/2013\/03\/20\/lor-vers-sa-treizieme-annee-de-hausse\/#primaryimage"},"thumbnailUrl":"https:\/\/www.gold.fr\/news\/wp-content\/uploads\/2011\/10\/euro-or.jpg","datePublished":"2013-03-20T16:00:06+00:00","dateModified":"2017-11-02T10:40:03+00:00","author":{"@id":"https:\/\/www.gold.fr\/news\/#\/schema\/person\/070491b4b4fb7671bf59b3be20302ce9"},"breadcrumb":{"@id":"https:\/\/www.gold.fr\/news\/2013\/03\/20\/lor-vers-sa-treizieme-annee-de-hausse\/#breadcrumb"},"inLanguage":"fr-FR","potentialAction":[{"@type":"ReadAction","target":["https:\/\/www.gold.fr\/news\/2013\/03\/20\/lor-vers-sa-treizieme-annee-de-hausse\/"]}]},{"@type":"ImageObject","inLanguage":"fr-FR","@id":"https:\/\/www.gold.fr\/news\/2013\/03\/20\/lor-vers-sa-treizieme-annee-de-hausse\/#primaryimage","url":"https:\/\/www.gold.fr\/news\/wp-content\/uploads\/2011\/10\/euro-or.jpg","contentUrl":"https:\/\/www.gold.fr\/news\/wp-content\/uploads\/2011\/10\/euro-or.jpg","width":"600","height":"489","caption":"L'or stabilise, l'issue juridique de l'OMT en vue"},{"@type":"BreadcrumbList","@id":"https:\/\/www.gold.fr\/news\/2013\/03\/20\/lor-vers-sa-treizieme-annee-de-hausse\/#breadcrumb","itemListElement":[{"@type":"ListItem","position":1,"name":"Accueil","item":"https:\/\/www.gold.fr\/"},{"@type":"ListItem","position":2,"name":"Actualit\u00e9s","item":"https:\/\/www.gold.fr\/news\/"},{"@type":"ListItem","position":3,"name":"L&rsquo;or vers sa treizi\u00e8me ann\u00e9e de hausse"}]},{"@type":"WebSite","@id":"https:\/\/www.gold.fr\/news\/#website","url":"https:\/\/www.gold.fr\/news\/","name":"Gold.fr","description":"Actualit\u00e9s de l&#039;Or et des m\u00e9taux pr\u00e9cieux","potentialAction":[{"@type":"SearchAction","target":{"@type":"EntryPoint","urlTemplate":"https:\/\/www.gold.fr\/news\/?s={search_term_string}"},"query-input":{"@type":"PropertyValueSpecification","valueRequired":true,"valueName":"search_term_string"}}],"inLanguage":"fr-FR"},{"@type":"Person","@id":"https:\/\/www.gold.fr\/news\/#\/schema\/person\/070491b4b4fb7671bf59b3be20302ce9","name":"Comptoir National de l'Or","image":{"@type":"ImageObject","inLanguage":"fr-FR","@id":"https:\/\/secure.gravatar.com\/avatar\/0a2867fd5abe37bed95d5a65e9d58f01756e11efc68af9888dfc50cfa7f65948?s=96&d=mm&r=gb490554db0a38188709de567aa58480d","url":"https:\/\/secure.gravatar.com\/avatar\/0a2867fd5abe37bed95d5a65e9d58f01756e11efc68af9888dfc50cfa7f65948?s=96&d=mm&r=g","contentUrl":"https:\/\/secure.gravatar.com\/avatar\/0a2867fd5abe37bed95d5a65e9d58f01756e11efc68af9888dfc50cfa7f65948?s=96&d=mm&r=g","caption":"Comptoir National de l'Or"},"description":"Notre r\u00e9daction est constitu\u00e9e de membres experts dans les m\u00e9tiers de l'\u00e9conomie et la gestion, des Responsables d'agence Comptoir National de l'Or, des analystes financiers qui publient r\u00e9guli\u00e8rement des \u00e9tudes sur les politiques des banques centrales, le cours de l'or, prix de l'or, cours de l'argent, prix de l'argent, cours du platine, cours du palladium,... la situation en zone euro et l'impact de la strat\u00e9gie mon\u00e9taire de la FED. Notre \u00e9quipe scrute \u00e9galement une information plus g\u00e9n\u00e9raliste \u00e0 la recherche d'actualit\u00e9 \"p\u00e9pite\" \u00e0 vous partager. Depuis 5 ans, nous avons publi\u00e9 un peu plus de 4000 articles qui s'adressent \u00e0 un public large et vari\u00e9 ayant pour objectif de satisfaire votre curiosit\u00e9 et de partager avec vous une certaine fascination pour le m\u00e9tal jaune, le rachat d'or, et pour ceux qui veulent investir dans l'or, vendre leur or tout simplement en savoir plus... Pour tous vos achat or et argent, n'h\u00e9sitez pas \u00e0 prendre rendez-vous dans l'un de nos nombreux comptoirs.","sameAs":["https:\/\/www.gold.fr"]}]}},"authors":[{"term_id":2565,"user_id":18,"is_guest":0,"slug":"julie","display_name":"Comptoir National de l'Or","avatar_url":"https:\/\/secure.gravatar.com\/avatar\/713f289e398d35ead876c4a4cc08607f0d6d266058cfc25683fffb6092d0e572?s=96&d=mm&r=g","0":null,"1":"","2":"","3":"","4":"","5":"","6":"","7":"","8":""}],"_links":{"self":[{"href":"https:\/\/www.gold.fr\/news\/wp-json\/wp\/v2\/posts\/11135","targetHints":{"allow":["GET"]}}],"collection":[{"href":"https:\/\/www.gold.fr\/news\/wp-json\/wp\/v2\/posts"}],"about":[{"href":"https:\/\/www.gold.fr\/news\/wp-json\/wp\/v2\/types\/post"}],"author":[{"embeddable":true,"href":"https:\/\/www.gold.fr\/news\/wp-json\/wp\/v2\/users\/18"}],"replies":[{"embeddable":true,"href":"https:\/\/www.gold.fr\/news\/wp-json\/wp\/v2\/comments?post=11135"}],"version-history":[{"count":0,"href":"https:\/\/www.gold.fr\/news\/wp-json\/wp\/v2\/posts\/11135\/revisions"}],"wp:featuredmedia":[{"embeddable":true,"href":"https:\/\/www.gold.fr\/news\/wp-json\/wp\/v2\/media\/2944"}],"wp:attachment":[{"href":"https:\/\/www.gold.fr\/news\/wp-json\/wp\/v2\/media?parent=11135"}],"wp:term":[{"taxonomy":"category","embeddable":true,"href":"https:\/\/www.gold.fr\/news\/wp-json\/wp\/v2\/categories?post=11135"},{"taxonomy":"post_tag","embeddable":true,"href":"https:\/\/www.gold.fr\/news\/wp-json\/wp\/v2\/tags?post=11135"},{"taxonomy":"author","embeddable":true,"href":"https:\/\/www.gold.fr\/news\/wp-json\/wp\/v2\/ppma_author?post=11135"}],"curies":[{"name":"wp","href":"https:\/\/api.w.org\/{rel}","templated":true}]}}