{"id":11084,"date":"2013-03-15T09:00:41","date_gmt":"2013-03-15T08:00:41","guid":{"rendered":"https:\/\/www.gold.fr\/news\/?p=11084"},"modified":"2017-11-02T11:40:05","modified_gmt":"2017-11-02T10:40:05","slug":"lor-profite-des-incertitudes-pour-stabiliser","status":"publish","type":"post","link":"https:\/\/www.gold.fr\/news\/2013\/03\/15\/lor-profite-des-incertitudes-pour-stabiliser\/","title":{"rendered":"L\u2019or profite des incertitudes pour stabiliser"},"content":{"rendered":"<p><span style=\"font-size: small;\"><img loading=\"lazy\" decoding=\"async\" class=\"alignleft size-thumbnail wp-image-7521\" title=\"L\u2019or profite des incertitudes pour stabiliser\" src=\"https:\/\/www.gold.fr\/news\/wp-content\/uploads\/2012\/05\/pi\u00e8ces-d-or-et-cours-de-lo-150x150.jpg\" alt=\"\" width=\"150\" height=\"150\" \/><strong>Janet Yellen<\/strong>, vice-gouverneur de la R\u00e9serve F\u00e9d\u00e9rale Am\u00e9ricaine, annon\u00e7ait, an d\u00e9but du mois de mars, que \u00ab <em>la politique de stimulation mon\u00e9taire agressive (de l&rsquo;institution) \u00e9tait n\u00e9cessaire \u00e9tant donn\u00e9 que l&rsquo;\u00e9conomie tournait encore nettement au-dessous de son r\u00e9gime optimal<\/em> \u00bb. En d&rsquo;autres termes, <a title=\"L\u2019\u00e9conomie US soutient \u00e0 nouveau l\u2019or\" href=\"https:\/\/www.gold.fr\/news\/2013\/03\/05\/leconomie-us-soutient-a-nouveau-lor\/10931\/\" target=\"_blank\">l&rsquo;\u00e9conomie am\u00e9ricaine<\/a> est encore loin d&rsquo;\u00eatre remise de ses crises successives, et cette longue p\u00e9riode de convalescence va certainement se prolonger pour une dur\u00e9e impossible \u00e0 d\u00e9terminer, \u00e0 court ou moyen terme.  <\/span>  <span style=\"font-size: small;\"> Force est donc d&rsquo;admettre que l&rsquo;indice dollar n&rsquo;a pas trop le moral et que le maintien du statu quo ne fait rien pour redorer son blason. Du coup, c&rsquo;est l&rsquo;<a href='https:\/\/www.gold.fr\/news\/tags\/or' class='esk-seo-plu-link'>or<\/a> qui en profitera surement pour remonter la pente et reprendre quelques couleurs. En attendant, <a title=\"Stagnation de l\u2019or : Le moment d\u2019acheter !\" href=\"https:\/\/www.gold.fr\/news\/2013\/03\/06\/stagnation-de-lor-le-moment-dacheter\/10935\/\" target=\"_blank\">l&rsquo;heure est \u00e0 la stabilisation<\/a>.<\/span>  <span style=\"font-size: small;\"> Pourtant, les observateurs et intervenants du march\u00e9 aurif\u00e8res sont divis\u00e9s, entre pr\u00e9visions de hausse sur le long terme, et certitudes de rebond sur le court terme.  <\/span>  <span style=\"font-size: small;\"> Certains anticipent une am\u00e9lioration de la situation \u00e9conomique internationale, notamment aux <strong>Etats-Unis<\/strong> et au sein des pays \u00e9mergents. Ils soulignent donc que le meilleur choix, \u00e0 court terme, est de miser sur les investissements plus risqu\u00e9s, tels que les actions. D&rsquo;autres, pr\u00e9voient plut\u00f4t une \u00ab <em>aggravation de la crise des dettes publiques, <a title=\"Une conjoncture mondiale instable au service de l\u2019or\" href=\"https:\/\/www.gold.fr\/news\/2013\/03\/06\/une-conjoncture-mondiale-instable-au-service-de-lor\/10937\/\" target=\"_blank\">en Europe et aux Etats-Unis<\/a><\/em> \u00bb, et continuent logiquement \u00e0 privil\u00e9gier largement les investissements en <a href='https:\/\/www.gold.fr\/news\/tags\/or' class='esk-seo-plu-link'>or<\/a>, traditionnellement connus pour pr\u00e9munir en cas de crise, peu importe sa nature.<\/span><\/p>\n<!-- AddThis Advanced Settings generic via filter on the_content --><!-- AddThis Share Buttons generic via filter on the_content -->","protected":false},"excerpt":{"rendered":"<p>Janet Yellen, vice-gouverneur de la R\u00e9serve F\u00e9d\u00e9rale Am\u00e9ricaine, annon\u00e7ait, an d\u00e9but du mois de mars, que \u00ab la politique de stimulation mon\u00e9taire agressive (de l&rsquo;institution) \u00e9tait n\u00e9cessaire \u00e9tant donn\u00e9 que l&rsquo;\u00e9conomie tournait encore nettement au-dessous de [&hellip;]<\/p>\n","protected":false},"author":18,"featured_media":7521,"comment_status":"open","ping_status":"open","sticky":false,"template":"","format":"standard","meta":{"_mbp_gutenberg_autopost":false,"_pgmb_is_evergreen":false,"_pgmb_ap_template_id":0,"footnotes":""},"categories":[6],"tags":[1197,1100,76,962,1199,1198],"ppma_author":[2565],"class_list":["post-11084","post","type-post","status-publish","format-standard","has-post-thumbnail","hentry","category-articles-de-presse","tag-economie-europe","tag-economie-us","tag-or","tag-prix-or","tag-stabilisation-or","tag-stagnation"],"yoast_head":"<!-- This site is optimized with the Yoast SEO plugin v27.5 - https:\/\/yoast.com\/product\/yoast-seo-wordpress\/ -->\n<title>L\u2019or profite des incertitudes pour stabiliser - Gold.fr<\/title>\n<meta name=\"robots\" content=\"index, follow, max-snippet:-1, max-image-preview:large, max-video-preview:-1\" \/>\n<link rel=\"canonical\" href=\"https:\/\/www.gold.fr\/news\/2013\/03\/15\/lor-profite-des-incertitudes-pour-stabiliser\/\" \/>\n<meta property=\"og:locale\" content=\"fr_FR\" \/>\n<meta property=\"og:type\" content=\"article\" \/>\n<meta property=\"og:title\" content=\"L\u2019or profite des incertitudes pour stabiliser - Gold.fr\" \/>\n<meta property=\"og:description\" content=\"Janet Yellen, vice-gouverneur de la R\u00e9serve F\u00e9d\u00e9rale Am\u00e9ricaine, annon\u00e7ait, an d\u00e9but du mois de mars, que \u00ab la politique de stimulation mon\u00e9taire agressive (de l&rsquo;institution) \u00e9tait n\u00e9cessaire \u00e9tant donn\u00e9 que l&rsquo;\u00e9conomie tournait encore nettement au-dessous de [&hellip;]\" \/>\n<meta property=\"og:url\" content=\"https:\/\/www.gold.fr\/news\/2013\/03\/15\/lor-profite-des-incertitudes-pour-stabiliser\/\" \/>\n<meta property=\"og:site_name\" content=\"Gold.fr\" \/>\n<meta property=\"article:publisher\" content=\"https:\/\/www.facebook.com\/Goldfr\/\" \/>\n<meta property=\"article:published_time\" content=\"2013-03-15T08:00:41+00:00\" \/>\n<meta property=\"article:modified_time\" content=\"2017-11-02T10:40:05+00:00\" \/>\n<meta property=\"og:image\" content=\"https:\/\/www.gold.fr\/news\/wp-content\/uploads\/2012\/05\/pi\u00e8ces-d-or-et-cours-de-lo.jpg\" \/>\n\t<meta property=\"og:image:width\" content=\"600\" \/>\n\t<meta property=\"og:image:height\" content=\"399\" \/>\n\t<meta property=\"og:image:type\" content=\"image\/jpeg\" \/>\n<meta name=\"author\" content=\"Comptoir National de l&#039;Or\" \/>\n<meta name=\"twitter:card\" content=\"summary_large_image\" \/>\n<meta name=\"twitter:label1\" content=\"\u00c9crit par\" \/>\n\t<meta name=\"twitter:data1\" content=\"Comptoir National de l&#039;Or\" \/>\n\t<meta name=\"twitter:label2\" content=\"Dur\u00e9e de lecture estim\u00e9e\" \/>\n\t<meta name=\"twitter:data2\" content=\"1 minute\" \/>\n<script type=\"application\/ld+json\" class=\"yoast-schema-graph\">{\"@context\":\"https:\\\/\\\/schema.org\",\"@graph\":[{\"@type\":\"Article\",\"@id\":\"https:\\\/\\\/www.gold.fr\\\/news\\\/2013\\\/03\\\/15\\\/lor-profite-des-incertitudes-pour-stabiliser\\\/#article\",\"isPartOf\":{\"@id\":\"https:\\\/\\\/www.gold.fr\\\/news\\\/2013\\\/03\\\/15\\\/lor-profite-des-incertitudes-pour-stabiliser\\\/\"},\"author\":{\"name\":\"Comptoir National de l'Or\",\"@id\":\"https:\\\/\\\/www.gold.fr\\\/news\\\/#\\\/schema\\\/person\\\/070491b4b4fb7671bf59b3be20302ce9\"},\"headline\":\"L\u2019or profite des incertitudes pour stabiliser\",\"datePublished\":\"2013-03-15T08:00:41+00:00\",\"dateModified\":\"2017-11-02T10:40:05+00:00\",\"mainEntityOfPage\":{\"@id\":\"https:\\\/\\\/www.gold.fr\\\/news\\\/2013\\\/03\\\/15\\\/lor-profite-des-incertitudes-pour-stabiliser\\\/\"},\"wordCount\":262,\"commentCount\":0,\"image\":{\"@id\":\"https:\\\/\\\/www.gold.fr\\\/news\\\/2013\\\/03\\\/15\\\/lor-profite-des-incertitudes-pour-stabiliser\\\/#primaryimage\"},\"thumbnailUrl\":\"https:\\\/\\\/www.gold.fr\\\/news\\\/wp-content\\\/uploads\\\/2012\\\/05\\\/pi\u00e8ces-d-or-et-cours-de-lo.jpg\",\"keywords\":[\"Economie europe\",\"\u00e9conomie US\",\"Or\",\"prix or\",\"stabilisation or\",\"stagnation\"],\"articleSection\":[\"Articles de presse\"],\"inLanguage\":\"fr-FR\"},{\"@type\":\"WebPage\",\"@id\":\"https:\\\/\\\/www.gold.fr\\\/news\\\/2013\\\/03\\\/15\\\/lor-profite-des-incertitudes-pour-stabiliser\\\/\",\"url\":\"https:\\\/\\\/www.gold.fr\\\/news\\\/2013\\\/03\\\/15\\\/lor-profite-des-incertitudes-pour-stabiliser\\\/\",\"name\":\"L\u2019or profite des incertitudes pour stabiliser - Gold.fr\",\"isPartOf\":{\"@id\":\"https:\\\/\\\/www.gold.fr\\\/news\\\/#website\"},\"primaryImageOfPage\":{\"@id\":\"https:\\\/\\\/www.gold.fr\\\/news\\\/2013\\\/03\\\/15\\\/lor-profite-des-incertitudes-pour-stabiliser\\\/#primaryimage\"},\"image\":{\"@id\":\"https:\\\/\\\/www.gold.fr\\\/news\\\/2013\\\/03\\\/15\\\/lor-profite-des-incertitudes-pour-stabiliser\\\/#primaryimage\"},\"thumbnailUrl\":\"https:\\\/\\\/www.gold.fr\\\/news\\\/wp-content\\\/uploads\\\/2012\\\/05\\\/pi\u00e8ces-d-or-et-cours-de-lo.jpg\",\"datePublished\":\"2013-03-15T08:00:41+00:00\",\"dateModified\":\"2017-11-02T10:40:05+00:00\",\"author\":{\"@id\":\"https:\\\/\\\/www.gold.fr\\\/news\\\/#\\\/schema\\\/person\\\/070491b4b4fb7671bf59b3be20302ce9\"},\"breadcrumb\":{\"@id\":\"https:\\\/\\\/www.gold.fr\\\/news\\\/2013\\\/03\\\/15\\\/lor-profite-des-incertitudes-pour-stabiliser\\\/#breadcrumb\"},\"inLanguage\":\"fr-FR\",\"potentialAction\":[{\"@type\":\"ReadAction\",\"target\":[\"https:\\\/\\\/www.gold.fr\\\/news\\\/2013\\\/03\\\/15\\\/lor-profite-des-incertitudes-pour-stabiliser\\\/\"]}]},{\"@type\":\"ImageObject\",\"inLanguage\":\"fr-FR\",\"@id\":\"https:\\\/\\\/www.gold.fr\\\/news\\\/2013\\\/03\\\/15\\\/lor-profite-des-incertitudes-pour-stabiliser\\\/#primaryimage\",\"url\":\"https:\\\/\\\/www.gold.fr\\\/news\\\/wp-content\\\/uploads\\\/2012\\\/05\\\/pi\u00e8ces-d-or-et-cours-de-lo.jpg\",\"contentUrl\":\"https:\\\/\\\/www.gold.fr\\\/news\\\/wp-content\\\/uploads\\\/2012\\\/05\\\/pi\u00e8ces-d-or-et-cours-de-lo.jpg\",\"width\":\"600\",\"height\":\"399\",\"caption\":\"Cours de l\u2019or du lundi 29 janvier 2018\"},{\"@type\":\"BreadcrumbList\",\"@id\":\"https:\\\/\\\/www.gold.fr\\\/news\\\/2013\\\/03\\\/15\\\/lor-profite-des-incertitudes-pour-stabiliser\\\/#breadcrumb\",\"itemListElement\":[{\"@type\":\"ListItem\",\"position\":1,\"name\":\"Accueil\",\"item\":\"https:\\\/\\\/www.gold.fr\\\/\"},{\"@type\":\"ListItem\",\"position\":2,\"name\":\"Actualit\u00e9s\",\"item\":\"https:\\\/\\\/www.gold.fr\\\/news\\\/\"},{\"@type\":\"ListItem\",\"position\":3,\"name\":\"L\u2019or profite des incertitudes pour stabiliser\"}]},{\"@type\":\"WebSite\",\"@id\":\"https:\\\/\\\/www.gold.fr\\\/news\\\/#website\",\"url\":\"https:\\\/\\\/www.gold.fr\\\/news\\\/\",\"name\":\"Gold.fr\",\"description\":\"Actualit\u00e9s de l&#039;Or et des m\u00e9taux pr\u00e9cieux\",\"potentialAction\":[{\"@type\":\"SearchAction\",\"target\":{\"@type\":\"EntryPoint\",\"urlTemplate\":\"https:\\\/\\\/www.gold.fr\\\/news\\\/?s={search_term_string}\"},\"query-input\":{\"@type\":\"PropertyValueSpecification\",\"valueRequired\":true,\"valueName\":\"search_term_string\"}}],\"inLanguage\":\"fr-FR\"},{\"@type\":\"Person\",\"@id\":\"https:\\\/\\\/www.gold.fr\\\/news\\\/#\\\/schema\\\/person\\\/070491b4b4fb7671bf59b3be20302ce9\",\"name\":\"Comptoir National de l'Or\",\"image\":{\"@type\":\"ImageObject\",\"inLanguage\":\"fr-FR\",\"@id\":\"https:\\\/\\\/secure.gravatar.com\\\/avatar\\\/0a2867fd5abe37bed95d5a65e9d58f01756e11efc68af9888dfc50cfa7f65948?s=96&d=mm&r=gb490554db0a38188709de567aa58480d\",\"url\":\"https:\\\/\\\/secure.gravatar.com\\\/avatar\\\/0a2867fd5abe37bed95d5a65e9d58f01756e11efc68af9888dfc50cfa7f65948?s=96&d=mm&r=g\",\"contentUrl\":\"https:\\\/\\\/secure.gravatar.com\\\/avatar\\\/0a2867fd5abe37bed95d5a65e9d58f01756e11efc68af9888dfc50cfa7f65948?s=96&d=mm&r=g\",\"caption\":\"Comptoir National de l'Or\"},\"description\":\"Notre r\u00e9daction est constitu\u00e9e de membres experts dans les m\u00e9tiers de l'\u00e9conomie et la gestion, des Responsables d'agence Comptoir National de l'Or, des analystes financiers qui publient r\u00e9guli\u00e8rement des \u00e9tudes sur les politiques des banques centrales, le cours de l'or, prix de l'or, cours de l'argent, prix de l'argent, cours du platine, cours du palladium,... la situation en zone euro et l'impact de la strat\u00e9gie mon\u00e9taire de la FED. Notre \u00e9quipe scrute \u00e9galement une information plus g\u00e9n\u00e9raliste \u00e0 la recherche d'actualit\u00e9 \\\"p\u00e9pite\\\" \u00e0 vous partager. Depuis 5 ans, nous avons publi\u00e9 un peu plus de 4000 articles qui s'adressent \u00e0 un public large et vari\u00e9 ayant pour objectif de satisfaire votre curiosit\u00e9 et de partager avec vous une certaine fascination pour le m\u00e9tal jaune, le rachat d'or, et pour ceux qui veulent investir dans l'or, vendre leur or tout simplement en savoir plus... Pour tous vos achat or et argent, n'h\u00e9sitez pas \u00e0 prendre rendez-vous dans l'un de nos nombreux comptoirs.\",\"sameAs\":[\"https:\\\/\\\/www.gold.fr\"]}]}<\/script>\n<!-- \/ Yoast SEO plugin. -->","yoast_head_json":{"title":"L\u2019or profite des incertitudes pour stabiliser - Gold.fr","robots":{"index":"index","follow":"follow","max-snippet":"max-snippet:-1","max-image-preview":"max-image-preview:large","max-video-preview":"max-video-preview:-1"},"canonical":"https:\/\/www.gold.fr\/news\/2013\/03\/15\/lor-profite-des-incertitudes-pour-stabiliser\/","og_locale":"fr_FR","og_type":"article","og_title":"L\u2019or profite des incertitudes pour stabiliser - Gold.fr","og_description":"Janet Yellen, vice-gouverneur de la R\u00e9serve F\u00e9d\u00e9rale Am\u00e9ricaine, annon\u00e7ait, an d\u00e9but du mois de mars, que \u00ab la politique de stimulation mon\u00e9taire agressive (de l&rsquo;institution) \u00e9tait n\u00e9cessaire \u00e9tant donn\u00e9 que l&rsquo;\u00e9conomie tournait encore nettement au-dessous de [&hellip;]","og_url":"https:\/\/www.gold.fr\/news\/2013\/03\/15\/lor-profite-des-incertitudes-pour-stabiliser\/","og_site_name":"Gold.fr","article_publisher":"https:\/\/www.facebook.com\/Goldfr\/","article_published_time":"2013-03-15T08:00:41+00:00","article_modified_time":"2017-11-02T10:40:05+00:00","og_image":[{"width":600,"height":399,"url":"https:\/\/www.gold.fr\/news\/wp-content\/uploads\/2012\/05\/pi\u00e8ces-d-or-et-cours-de-lo.jpg","type":"image\/jpeg"}],"author":"Comptoir National de l'Or","twitter_card":"summary_large_image","twitter_misc":{"\u00c9crit par":"Comptoir National de l'Or","Dur\u00e9e de lecture estim\u00e9e":"1 minute"},"schema":{"@context":"https:\/\/schema.org","@graph":[{"@type":"Article","@id":"https:\/\/www.gold.fr\/news\/2013\/03\/15\/lor-profite-des-incertitudes-pour-stabiliser\/#article","isPartOf":{"@id":"https:\/\/www.gold.fr\/news\/2013\/03\/15\/lor-profite-des-incertitudes-pour-stabiliser\/"},"author":{"name":"Comptoir National de l'Or","@id":"https:\/\/www.gold.fr\/news\/#\/schema\/person\/070491b4b4fb7671bf59b3be20302ce9"},"headline":"L\u2019or profite des incertitudes pour stabiliser","datePublished":"2013-03-15T08:00:41+00:00","dateModified":"2017-11-02T10:40:05+00:00","mainEntityOfPage":{"@id":"https:\/\/www.gold.fr\/news\/2013\/03\/15\/lor-profite-des-incertitudes-pour-stabiliser\/"},"wordCount":262,"commentCount":0,"image":{"@id":"https:\/\/www.gold.fr\/news\/2013\/03\/15\/lor-profite-des-incertitudes-pour-stabiliser\/#primaryimage"},"thumbnailUrl":"https:\/\/www.gold.fr\/news\/wp-content\/uploads\/2012\/05\/pi\u00e8ces-d-or-et-cours-de-lo.jpg","keywords":["Economie europe","\u00e9conomie US","Or","prix or","stabilisation or","stagnation"],"articleSection":["Articles de presse"],"inLanguage":"fr-FR"},{"@type":"WebPage","@id":"https:\/\/www.gold.fr\/news\/2013\/03\/15\/lor-profite-des-incertitudes-pour-stabiliser\/","url":"https:\/\/www.gold.fr\/news\/2013\/03\/15\/lor-profite-des-incertitudes-pour-stabiliser\/","name":"L\u2019or profite des incertitudes pour stabiliser - Gold.fr","isPartOf":{"@id":"https:\/\/www.gold.fr\/news\/#website"},"primaryImageOfPage":{"@id":"https:\/\/www.gold.fr\/news\/2013\/03\/15\/lor-profite-des-incertitudes-pour-stabiliser\/#primaryimage"},"image":{"@id":"https:\/\/www.gold.fr\/news\/2013\/03\/15\/lor-profite-des-incertitudes-pour-stabiliser\/#primaryimage"},"thumbnailUrl":"https:\/\/www.gold.fr\/news\/wp-content\/uploads\/2012\/05\/pi\u00e8ces-d-or-et-cours-de-lo.jpg","datePublished":"2013-03-15T08:00:41+00:00","dateModified":"2017-11-02T10:40:05+00:00","author":{"@id":"https:\/\/www.gold.fr\/news\/#\/schema\/person\/070491b4b4fb7671bf59b3be20302ce9"},"breadcrumb":{"@id":"https:\/\/www.gold.fr\/news\/2013\/03\/15\/lor-profite-des-incertitudes-pour-stabiliser\/#breadcrumb"},"inLanguage":"fr-FR","potentialAction":[{"@type":"ReadAction","target":["https:\/\/www.gold.fr\/news\/2013\/03\/15\/lor-profite-des-incertitudes-pour-stabiliser\/"]}]},{"@type":"ImageObject","inLanguage":"fr-FR","@id":"https:\/\/www.gold.fr\/news\/2013\/03\/15\/lor-profite-des-incertitudes-pour-stabiliser\/#primaryimage","url":"https:\/\/www.gold.fr\/news\/wp-content\/uploads\/2012\/05\/pi\u00e8ces-d-or-et-cours-de-lo.jpg","contentUrl":"https:\/\/www.gold.fr\/news\/wp-content\/uploads\/2012\/05\/pi\u00e8ces-d-or-et-cours-de-lo.jpg","width":"600","height":"399","caption":"Cours de l\u2019or du lundi 29 janvier 2018"},{"@type":"BreadcrumbList","@id":"https:\/\/www.gold.fr\/news\/2013\/03\/15\/lor-profite-des-incertitudes-pour-stabiliser\/#breadcrumb","itemListElement":[{"@type":"ListItem","position":1,"name":"Accueil","item":"https:\/\/www.gold.fr\/"},{"@type":"ListItem","position":2,"name":"Actualit\u00e9s","item":"https:\/\/www.gold.fr\/news\/"},{"@type":"ListItem","position":3,"name":"L\u2019or profite des incertitudes pour stabiliser"}]},{"@type":"WebSite","@id":"https:\/\/www.gold.fr\/news\/#website","url":"https:\/\/www.gold.fr\/news\/","name":"Gold.fr","description":"Actualit\u00e9s de l&#039;Or et des m\u00e9taux pr\u00e9cieux","potentialAction":[{"@type":"SearchAction","target":{"@type":"EntryPoint","urlTemplate":"https:\/\/www.gold.fr\/news\/?s={search_term_string}"},"query-input":{"@type":"PropertyValueSpecification","valueRequired":true,"valueName":"search_term_string"}}],"inLanguage":"fr-FR"},{"@type":"Person","@id":"https:\/\/www.gold.fr\/news\/#\/schema\/person\/070491b4b4fb7671bf59b3be20302ce9","name":"Comptoir National de l'Or","image":{"@type":"ImageObject","inLanguage":"fr-FR","@id":"https:\/\/secure.gravatar.com\/avatar\/0a2867fd5abe37bed95d5a65e9d58f01756e11efc68af9888dfc50cfa7f65948?s=96&d=mm&r=gb490554db0a38188709de567aa58480d","url":"https:\/\/secure.gravatar.com\/avatar\/0a2867fd5abe37bed95d5a65e9d58f01756e11efc68af9888dfc50cfa7f65948?s=96&d=mm&r=g","contentUrl":"https:\/\/secure.gravatar.com\/avatar\/0a2867fd5abe37bed95d5a65e9d58f01756e11efc68af9888dfc50cfa7f65948?s=96&d=mm&r=g","caption":"Comptoir National de l'Or"},"description":"Notre r\u00e9daction est constitu\u00e9e de membres experts dans les m\u00e9tiers de l'\u00e9conomie et la gestion, des Responsables d'agence Comptoir National de l'Or, des analystes financiers qui publient r\u00e9guli\u00e8rement des \u00e9tudes sur les politiques des banques centrales, le cours de l'or, prix de l'or, cours de l'argent, prix de l'argent, cours du platine, cours du palladium,... la situation en zone euro et l'impact de la strat\u00e9gie mon\u00e9taire de la FED. Notre \u00e9quipe scrute \u00e9galement une information plus g\u00e9n\u00e9raliste \u00e0 la recherche d'actualit\u00e9 \"p\u00e9pite\" \u00e0 vous partager. Depuis 5 ans, nous avons publi\u00e9 un peu plus de 4000 articles qui s'adressent \u00e0 un public large et vari\u00e9 ayant pour objectif de satisfaire votre curiosit\u00e9 et de partager avec vous une certaine fascination pour le m\u00e9tal jaune, le rachat d'or, et pour ceux qui veulent investir dans l'or, vendre leur or tout simplement en savoir plus... Pour tous vos achat or et argent, n'h\u00e9sitez pas \u00e0 prendre rendez-vous dans l'un de nos nombreux comptoirs.","sameAs":["https:\/\/www.gold.fr"]}]}},"authors":[{"term_id":2565,"user_id":18,"is_guest":0,"slug":"julie","display_name":"Comptoir National de l'Or","avatar_url":"https:\/\/secure.gravatar.com\/avatar\/713f289e398d35ead876c4a4cc08607f0d6d266058cfc25683fffb6092d0e572?s=96&d=mm&r=g","0":null,"1":"","2":"","3":"","4":"","5":"","6":"","7":"","8":""}],"_links":{"self":[{"href":"https:\/\/www.gold.fr\/news\/wp-json\/wp\/v2\/posts\/11084","targetHints":{"allow":["GET"]}}],"collection":[{"href":"https:\/\/www.gold.fr\/news\/wp-json\/wp\/v2\/posts"}],"about":[{"href":"https:\/\/www.gold.fr\/news\/wp-json\/wp\/v2\/types\/post"}],"author":[{"embeddable":true,"href":"https:\/\/www.gold.fr\/news\/wp-json\/wp\/v2\/users\/18"}],"replies":[{"embeddable":true,"href":"https:\/\/www.gold.fr\/news\/wp-json\/wp\/v2\/comments?post=11084"}],"version-history":[{"count":0,"href":"https:\/\/www.gold.fr\/news\/wp-json\/wp\/v2\/posts\/11084\/revisions"}],"wp:featuredmedia":[{"embeddable":true,"href":"https:\/\/www.gold.fr\/news\/wp-json\/wp\/v2\/media\/7521"}],"wp:attachment":[{"href":"https:\/\/www.gold.fr\/news\/wp-json\/wp\/v2\/media?parent=11084"}],"wp:term":[{"taxonomy":"category","embeddable":true,"href":"https:\/\/www.gold.fr\/news\/wp-json\/wp\/v2\/categories?post=11084"},{"taxonomy":"post_tag","embeddable":true,"href":"https:\/\/www.gold.fr\/news\/wp-json\/wp\/v2\/tags?post=11084"},{"taxonomy":"author","embeddable":true,"href":"https:\/\/www.gold.fr\/news\/wp-json\/wp\/v2\/ppma_author?post=11084"}],"curies":[{"name":"wp","href":"https:\/\/api.w.org\/{rel}","templated":true}]}}