{"id":10973,"date":"2013-03-07T13:15:04","date_gmt":"2013-03-07T12:15:04","guid":{"rendered":"https:\/\/www.gold.fr\/news\/?p=10973"},"modified":"2017-11-02T11:40:06","modified_gmt":"2017-11-02T10:40:06","slug":"le-comptoir-national-de-lor-intervient-dans-le-figaro","status":"publish","type":"post","link":"https:\/\/www.gold.fr\/news\/2013\/03\/07\/le-comptoir-national-de-lor-intervient-dans-le-figaro\/","title":{"rendered":"Le Comptoir National de l&rsquo;Or intervient dans Le Figaro"},"content":{"rendered":"<h1 style=\"text-align: center;\"><span style=\"text-decoration: underline; font-size: large;\">L&rsquo;<a href='https:\/\/www.gold.fr\/news\/tags\/or' class='esk-seo-plu-link'>or<\/a> perd de son \u00e9clat aupr\u00e8s des investisseurs<\/span><\/h1>\n<div>\n<h2><span style=\"font-size: small;\">Le cours du <a href='https:\/\/www.gold.fr\/news\/tags\/or' class='esk-seo-plu-link'>m\u00e9tal pr\u00e9cieux<\/a> est tomb\u00e9 sous la barre des 1600 dollars l&rsquo;once. Les mauvaises nouvelles macro\u00e9conomiques ne suffisent plus \u00e0 pousser les investisseurs vers cette valeur refuge.<\/span><\/h2>\n<\/p><\/div>\n<div>\n<div>\n<div>    <span style=\"font-size: small;\">Certains le voyaient au del\u00e0 du seuil de 2000 dollars. Et pourtant, depuis la fin de l&rsquo;ann\u00e9e derni\u00e8re, le <a href='https:\/\/www.gold.fr\/news\/tags\/cours-de-lor' class='esk-seo-plu-link'>cours de l&rsquo;or<\/a> ne cesse de refluer. En six mois, le <a href='https:\/\/www.gold.fr\/news\/tags\/or' class='esk-seo-plu-link'>m\u00e9tal pr\u00e9cieux<\/a> a l\u00e2ch\u00e9 pr\u00e8s de 7%. Depuis janvier, les cours ont abandonn\u00e9 5,8%. Le mois dernier, l&rsquo;once est tomb\u00e9e sous la barre des 1600 dollars. Elle vaut 1578,80 dollars ce mardi.<\/span>    <span style=\"font-size: small;\">Le <a href='https:\/\/www.gold.fr\/news\/tags\/or' class='esk-seo-plu-link'>m\u00e9tal pr\u00e9cieux<\/a> \u00e9volue tr\u00e8s loin de son record historique de septembre 2011 &#8211; 1921,17 dollars -, victime d&rsquo;une phase de consolidation apr\u00e8s le rallye haussier des ann\u00e9es pr\u00e9c\u00e9dentes. La semaine derni\u00e8re, le m\u00e9tal a m\u00eame \u00e9t\u00e9 boud\u00e9 malgr\u00e9 la publication d&rsquo;indicateurs manufacturiers d\u00e9cevants en Chine et en zone euro et la perspective de coupes automatiques dans le budget am\u00e9ricain&#8230;<\/span>    <span style=\"font-size: small;\"><a title=\"L\u2019or perd de son \u00e9clat aupr\u00e8s des investisseurs\" href=\"http:\/\/bourse.lefigaro.fr\/devises-matieres-premieres\/actu-conseils\/l-or-perd-de-son-eclat-aupres-des-investisseurs-376365\" target=\"_blank\">&gt;&gt;&gt; Lire la suite<\/a><\/span>    <\/div>\n<\/p><\/div>\n<\/p><\/div>\n<!-- AddThis Advanced Settings generic via filter on the_content --><!-- AddThis Share Buttons generic via filter on the_content -->","protected":false},"excerpt":{"rendered":"<p>L&rsquo;or perd de son \u00e9clat aupr\u00e8s des investisseurs Le cours du m\u00e9tal pr\u00e9cieux est tomb\u00e9 sous la barre des 1600 dollars l&rsquo;once. Les mauvaises nouvelles macro\u00e9conomiques ne suffisent plus \u00e0 pousser les investisseurs vers cette valeur [&hellip;]<\/p>\n","protected":false},"author":43,"featured_media":10978,"comment_status":"open","ping_status":"open","sticky":false,"template":"","format":"standard","meta":{"_mbp_gutenberg_autopost":false,"_pgmb_is_evergreen":false,"_pgmb_ap_template_id":0,"footnotes":""},"categories":[6],"tags":[231,115,961,1184,308,83,962,84,614],"ppma_author":[2562],"class_list":["post-10973","post","type-post","status-publish","format-standard","has-post-thumbnail","hentry","category-articles-de-presse","tag-achat-or","tag-comptoir-national-de-lor","tag-cours-or","tag-le-figaro","tag-or-investissement","tag-prix-de-lor","tag-prix-or","tag-cours-de-lor","tag-valeur-or"],"yoast_head":"<!-- This site is optimized with the Yoast SEO plugin v27.5 - https:\/\/yoast.com\/product\/yoast-seo-wordpress\/ -->\n<title>Le Comptoir National de l&#039;Or intervient dans Le Figaro - Gold.fr<\/title>\n<meta name=\"robots\" content=\"index, follow, max-snippet:-1, max-image-preview:large, max-video-preview:-1\" \/>\n<link rel=\"canonical\" href=\"https:\/\/www.gold.fr\/news\/2013\/03\/07\/le-comptoir-national-de-lor-intervient-dans-le-figaro\/\" \/>\n<meta property=\"og:locale\" content=\"fr_FR\" \/>\n<meta property=\"og:type\" content=\"article\" \/>\n<meta property=\"og:title\" content=\"Le Comptoir National de l&#039;Or intervient dans Le Figaro - Gold.fr\" \/>\n<meta property=\"og:description\" content=\"L&rsquo;or perd de son \u00e9clat aupr\u00e8s des investisseurs Le cours du m\u00e9tal pr\u00e9cieux est tomb\u00e9 sous la barre des 1600 dollars l&rsquo;once. Les mauvaises nouvelles macro\u00e9conomiques ne suffisent plus \u00e0 pousser les investisseurs vers cette valeur [&hellip;]\" \/>\n<meta property=\"og:url\" content=\"https:\/\/www.gold.fr\/news\/2013\/03\/07\/le-comptoir-national-de-lor-intervient-dans-le-figaro\/\" \/>\n<meta property=\"og:site_name\" content=\"Gold.fr\" \/>\n<meta property=\"article:publisher\" content=\"https:\/\/www.facebook.com\/Goldfr\/\" \/>\n<meta property=\"article:published_time\" content=\"2013-03-07T12:15:04+00:00\" \/>\n<meta property=\"article:modified_time\" content=\"2017-11-02T10:40:06+00:00\" \/>\n<meta property=\"og:image\" content=\"https:\/\/www.gold.fr\/news\/wp-content\/uploads\/2013\/03\/logo-figaro.jpg\" \/>\n\t<meta property=\"og:image:width\" content=\"600\" \/>\n\t<meta property=\"og:image:height\" content=\"400\" \/>\n\t<meta property=\"og:image:type\" content=\"image\/jpeg\" \/>\n<meta name=\"author\" content=\"Anthony\" \/>\n<meta name=\"twitter:card\" content=\"summary_large_image\" \/>\n<meta name=\"twitter:label1\" content=\"\u00c9crit par\" \/>\n\t<meta name=\"twitter:data1\" content=\"Samy\" \/>\n\t<meta name=\"twitter:label2\" content=\"Dur\u00e9e de lecture estim\u00e9e\" \/>\n\t<meta name=\"twitter:data2\" content=\"1 minute\" \/>\n<script type=\"application\/ld+json\" class=\"yoast-schema-graph\">{\"@context\":\"https:\\\/\\\/schema.org\",\"@graph\":[{\"@type\":\"Article\",\"@id\":\"https:\\\/\\\/www.gold.fr\\\/news\\\/2013\\\/03\\\/07\\\/le-comptoir-national-de-lor-intervient-dans-le-figaro\\\/#article\",\"isPartOf\":{\"@id\":\"https:\\\/\\\/www.gold.fr\\\/news\\\/2013\\\/03\\\/07\\\/le-comptoir-national-de-lor-intervient-dans-le-figaro\\\/\"},\"author\":{\"name\":\"Samy\",\"@id\":\"https:\\\/\\\/www.gold.fr\\\/news\\\/#\\\/schema\\\/person\\\/6a977448ae6ba85f43a46d35fc66f82b\"},\"headline\":\"Le Comptoir National de l&rsquo;Or intervient dans Le Figaro\",\"datePublished\":\"2013-03-07T12:15:04+00:00\",\"dateModified\":\"2017-11-02T10:40:06+00:00\",\"mainEntityOfPage\":{\"@id\":\"https:\\\/\\\/www.gold.fr\\\/news\\\/2013\\\/03\\\/07\\\/le-comptoir-national-de-lor-intervient-dans-le-figaro\\\/\"},\"wordCount\":196,\"commentCount\":0,\"image\":{\"@id\":\"https:\\\/\\\/www.gold.fr\\\/news\\\/2013\\\/03\\\/07\\\/le-comptoir-national-de-lor-intervient-dans-le-figaro\\\/#primaryimage\"},\"thumbnailUrl\":\"https:\\\/\\\/www.gold.fr\\\/news\\\/wp-content\\\/uploads\\\/2013\\\/03\\\/logo-figaro.jpg\",\"keywords\":[\"Achat or\",\"Comptoir National de l'Or\",\"cours or\",\"le figaro\",\"Or investissement\",\"prix de l'or\",\"prix or\",\"Tout Cours de l'Or\",\"valeur or\"],\"articleSection\":[\"Articles de presse\"],\"inLanguage\":\"fr-FR\"},{\"@type\":\"WebPage\",\"@id\":\"https:\\\/\\\/www.gold.fr\\\/news\\\/2013\\\/03\\\/07\\\/le-comptoir-national-de-lor-intervient-dans-le-figaro\\\/\",\"url\":\"https:\\\/\\\/www.gold.fr\\\/news\\\/2013\\\/03\\\/07\\\/le-comptoir-national-de-lor-intervient-dans-le-figaro\\\/\",\"name\":\"Le Comptoir National de l'Or intervient dans Le Figaro - Gold.fr\",\"isPartOf\":{\"@id\":\"https:\\\/\\\/www.gold.fr\\\/news\\\/#website\"},\"primaryImageOfPage\":{\"@id\":\"https:\\\/\\\/www.gold.fr\\\/news\\\/2013\\\/03\\\/07\\\/le-comptoir-national-de-lor-intervient-dans-le-figaro\\\/#primaryimage\"},\"image\":{\"@id\":\"https:\\\/\\\/www.gold.fr\\\/news\\\/2013\\\/03\\\/07\\\/le-comptoir-national-de-lor-intervient-dans-le-figaro\\\/#primaryimage\"},\"thumbnailUrl\":\"https:\\\/\\\/www.gold.fr\\\/news\\\/wp-content\\\/uploads\\\/2013\\\/03\\\/logo-figaro.jpg\",\"datePublished\":\"2013-03-07T12:15:04+00:00\",\"dateModified\":\"2017-11-02T10:40:06+00:00\",\"author\":{\"@id\":\"https:\\\/\\\/www.gold.fr\\\/news\\\/#\\\/schema\\\/person\\\/6a977448ae6ba85f43a46d35fc66f82b\"},\"breadcrumb\":{\"@id\":\"https:\\\/\\\/www.gold.fr\\\/news\\\/2013\\\/03\\\/07\\\/le-comptoir-national-de-lor-intervient-dans-le-figaro\\\/#breadcrumb\"},\"inLanguage\":\"fr-FR\",\"potentialAction\":[{\"@type\":\"ReadAction\",\"target\":[\"https:\\\/\\\/www.gold.fr\\\/news\\\/2013\\\/03\\\/07\\\/le-comptoir-national-de-lor-intervient-dans-le-figaro\\\/\"]}]},{\"@type\":\"ImageObject\",\"inLanguage\":\"fr-FR\",\"@id\":\"https:\\\/\\\/www.gold.fr\\\/news\\\/2013\\\/03\\\/07\\\/le-comptoir-national-de-lor-intervient-dans-le-figaro\\\/#primaryimage\",\"url\":\"https:\\\/\\\/www.gold.fr\\\/news\\\/wp-content\\\/uploads\\\/2013\\\/03\\\/logo-figaro.jpg\",\"contentUrl\":\"https:\\\/\\\/www.gold.fr\\\/news\\\/wp-content\\\/uploads\\\/2013\\\/03\\\/logo-figaro.jpg\",\"width\":\"600\",\"height\":\"400\",\"caption\":\"logo-figaro\"},{\"@type\":\"BreadcrumbList\",\"@id\":\"https:\\\/\\\/www.gold.fr\\\/news\\\/2013\\\/03\\\/07\\\/le-comptoir-national-de-lor-intervient-dans-le-figaro\\\/#breadcrumb\",\"itemListElement\":[{\"@type\":\"ListItem\",\"position\":1,\"name\":\"Accueil\",\"item\":\"https:\\\/\\\/www.gold.fr\\\/\"},{\"@type\":\"ListItem\",\"position\":2,\"name\":\"Actualit\u00e9s\",\"item\":\"https:\\\/\\\/www.gold.fr\\\/news\\\/\"},{\"@type\":\"ListItem\",\"position\":3,\"name\":\"Le Comptoir National de l&rsquo;Or intervient dans Le Figaro\"}]},{\"@type\":\"WebSite\",\"@id\":\"https:\\\/\\\/www.gold.fr\\\/news\\\/#website\",\"url\":\"https:\\\/\\\/www.gold.fr\\\/news\\\/\",\"name\":\"Gold.fr\",\"description\":\"Actualit\u00e9s de l&#039;Or et des m\u00e9taux pr\u00e9cieux\",\"potentialAction\":[{\"@type\":\"SearchAction\",\"target\":{\"@type\":\"EntryPoint\",\"urlTemplate\":\"https:\\\/\\\/www.gold.fr\\\/news\\\/?s={search_term_string}\"},\"query-input\":{\"@type\":\"PropertyValueSpecification\",\"valueRequired\":true,\"valueName\":\"search_term_string\"}}],\"inLanguage\":\"fr-FR\"},{\"@type\":\"Person\",\"@id\":\"https:\\\/\\\/www.gold.fr\\\/news\\\/#\\\/schema\\\/person\\\/6a977448ae6ba85f43a46d35fc66f82b\",\"name\":\"Samy\",\"image\":{\"@type\":\"ImageObject\",\"inLanguage\":\"fr-FR\",\"@id\":\"https:\\\/\\\/secure.gravatar.com\\\/avatar\\\/ec3b1ee8da06b98b0d3b7da383393987ae73756a23e0f3ec4c1ea09e0e65804d?s=96&d=mm&r=g9bbe2ee6067d4fa1a1e531a356169f97\",\"url\":\"https:\\\/\\\/secure.gravatar.com\\\/avatar\\\/ec3b1ee8da06b98b0d3b7da383393987ae73756a23e0f3ec4c1ea09e0e65804d?s=96&d=mm&r=g\",\"contentUrl\":\"https:\\\/\\\/secure.gravatar.com\\\/avatar\\\/ec3b1ee8da06b98b0d3b7da383393987ae73756a23e0f3ec4c1ea09e0e65804d?s=96&d=mm&r=g\",\"caption\":\"Samy\"},\"description\":\"Notre r\u00e9daction est constitu\u00e9e de membres experts dans les m\u00e9tiers de l'\u00e9conomie et la gestion, des Responsables d'agence Comptoir National de l'Or, des analystes financiers qui publient r\u00e9guli\u00e8rement des \u00e9tudes sur les politiques des banques centrales, le cours de l'or, le cours de l'argent, cours du platine, cours du palladium... la situation en zone euro et l'impact de la strat\u00e9gie mon\u00e9taire de la FED. Notre \u00e9quipe scrute \u00e9galement une information plus g\u00e9n\u00e9raliste \u00e0 la recherche d'actualit\u00e9 \\\"p\u00e9pite\\\" \u00e0 vous partager. Depuis 5 ans, nous avons publi\u00e9 un peu plus de 4000 articles qui s'adressent \u00e0 un public large et vari\u00e9 ayant pour objectif de satisfaire votre curiosit\u00e9 et de partager avec vous une certaine fascination pour le m\u00e9tal jaune, pour ceux qui veulent investir dans l'or, vendre leur or tout simplement en savoir plus...\"}]}<\/script>\n<!-- \/ Yoast SEO plugin. -->","yoast_head_json":{"title":"Le Comptoir National de l'Or intervient dans Le Figaro - Gold.fr","robots":{"index":"index","follow":"follow","max-snippet":"max-snippet:-1","max-image-preview":"max-image-preview:large","max-video-preview":"max-video-preview:-1"},"canonical":"https:\/\/www.gold.fr\/news\/2013\/03\/07\/le-comptoir-national-de-lor-intervient-dans-le-figaro\/","og_locale":"fr_FR","og_type":"article","og_title":"Le Comptoir National de l'Or intervient dans Le Figaro - Gold.fr","og_description":"L&rsquo;or perd de son \u00e9clat aupr\u00e8s des investisseurs Le cours du m\u00e9tal pr\u00e9cieux est tomb\u00e9 sous la barre des 1600 dollars l&rsquo;once. Les mauvaises nouvelles macro\u00e9conomiques ne suffisent plus \u00e0 pousser les investisseurs vers cette valeur [&hellip;]","og_url":"https:\/\/www.gold.fr\/news\/2013\/03\/07\/le-comptoir-national-de-lor-intervient-dans-le-figaro\/","og_site_name":"Gold.fr","article_publisher":"https:\/\/www.facebook.com\/Goldfr\/","article_published_time":"2013-03-07T12:15:04+00:00","article_modified_time":"2017-11-02T10:40:06+00:00","og_image":[{"width":600,"height":400,"url":"https:\/\/www.gold.fr\/news\/wp-content\/uploads\/2013\/03\/logo-figaro.jpg","type":"image\/jpeg"}],"author":"Anthony","twitter_card":"summary_large_image","twitter_misc":{"\u00c9crit par":"Samy","Dur\u00e9e de lecture estim\u00e9e":"1 minute"},"schema":{"@context":"https:\/\/schema.org","@graph":[{"@type":"Article","@id":"https:\/\/www.gold.fr\/news\/2013\/03\/07\/le-comptoir-national-de-lor-intervient-dans-le-figaro\/#article","isPartOf":{"@id":"https:\/\/www.gold.fr\/news\/2013\/03\/07\/le-comptoir-national-de-lor-intervient-dans-le-figaro\/"},"author":{"name":"Samy","@id":"https:\/\/www.gold.fr\/news\/#\/schema\/person\/6a977448ae6ba85f43a46d35fc66f82b"},"headline":"Le Comptoir National de l&rsquo;Or intervient dans Le Figaro","datePublished":"2013-03-07T12:15:04+00:00","dateModified":"2017-11-02T10:40:06+00:00","mainEntityOfPage":{"@id":"https:\/\/www.gold.fr\/news\/2013\/03\/07\/le-comptoir-national-de-lor-intervient-dans-le-figaro\/"},"wordCount":196,"commentCount":0,"image":{"@id":"https:\/\/www.gold.fr\/news\/2013\/03\/07\/le-comptoir-national-de-lor-intervient-dans-le-figaro\/#primaryimage"},"thumbnailUrl":"https:\/\/www.gold.fr\/news\/wp-content\/uploads\/2013\/03\/logo-figaro.jpg","keywords":["Achat or","Comptoir National de l'Or","cours or","le figaro","Or investissement","prix de l'or","prix or","Tout Cours de l'Or","valeur or"],"articleSection":["Articles de presse"],"inLanguage":"fr-FR"},{"@type":"WebPage","@id":"https:\/\/www.gold.fr\/news\/2013\/03\/07\/le-comptoir-national-de-lor-intervient-dans-le-figaro\/","url":"https:\/\/www.gold.fr\/news\/2013\/03\/07\/le-comptoir-national-de-lor-intervient-dans-le-figaro\/","name":"Le Comptoir National de l'Or intervient dans Le Figaro - Gold.fr","isPartOf":{"@id":"https:\/\/www.gold.fr\/news\/#website"},"primaryImageOfPage":{"@id":"https:\/\/www.gold.fr\/news\/2013\/03\/07\/le-comptoir-national-de-lor-intervient-dans-le-figaro\/#primaryimage"},"image":{"@id":"https:\/\/www.gold.fr\/news\/2013\/03\/07\/le-comptoir-national-de-lor-intervient-dans-le-figaro\/#primaryimage"},"thumbnailUrl":"https:\/\/www.gold.fr\/news\/wp-content\/uploads\/2013\/03\/logo-figaro.jpg","datePublished":"2013-03-07T12:15:04+00:00","dateModified":"2017-11-02T10:40:06+00:00","author":{"@id":"https:\/\/www.gold.fr\/news\/#\/schema\/person\/6a977448ae6ba85f43a46d35fc66f82b"},"breadcrumb":{"@id":"https:\/\/www.gold.fr\/news\/2013\/03\/07\/le-comptoir-national-de-lor-intervient-dans-le-figaro\/#breadcrumb"},"inLanguage":"fr-FR","potentialAction":[{"@type":"ReadAction","target":["https:\/\/www.gold.fr\/news\/2013\/03\/07\/le-comptoir-national-de-lor-intervient-dans-le-figaro\/"]}]},{"@type":"ImageObject","inLanguage":"fr-FR","@id":"https:\/\/www.gold.fr\/news\/2013\/03\/07\/le-comptoir-national-de-lor-intervient-dans-le-figaro\/#primaryimage","url":"https:\/\/www.gold.fr\/news\/wp-content\/uploads\/2013\/03\/logo-figaro.jpg","contentUrl":"https:\/\/www.gold.fr\/news\/wp-content\/uploads\/2013\/03\/logo-figaro.jpg","width":"600","height":"400","caption":"logo-figaro"},{"@type":"BreadcrumbList","@id":"https:\/\/www.gold.fr\/news\/2013\/03\/07\/le-comptoir-national-de-lor-intervient-dans-le-figaro\/#breadcrumb","itemListElement":[{"@type":"ListItem","position":1,"name":"Accueil","item":"https:\/\/www.gold.fr\/"},{"@type":"ListItem","position":2,"name":"Actualit\u00e9s","item":"https:\/\/www.gold.fr\/news\/"},{"@type":"ListItem","position":3,"name":"Le Comptoir National de l&rsquo;Or intervient dans Le Figaro"}]},{"@type":"WebSite","@id":"https:\/\/www.gold.fr\/news\/#website","url":"https:\/\/www.gold.fr\/news\/","name":"Gold.fr","description":"Actualit\u00e9s de l&#039;Or et des m\u00e9taux pr\u00e9cieux","potentialAction":[{"@type":"SearchAction","target":{"@type":"EntryPoint","urlTemplate":"https:\/\/www.gold.fr\/news\/?s={search_term_string}"},"query-input":{"@type":"PropertyValueSpecification","valueRequired":true,"valueName":"search_term_string"}}],"inLanguage":"fr-FR"},{"@type":"Person","@id":"https:\/\/www.gold.fr\/news\/#\/schema\/person\/6a977448ae6ba85f43a46d35fc66f82b","name":"Samy","image":{"@type":"ImageObject","inLanguage":"fr-FR","@id":"https:\/\/secure.gravatar.com\/avatar\/ec3b1ee8da06b98b0d3b7da383393987ae73756a23e0f3ec4c1ea09e0e65804d?s=96&d=mm&r=g9bbe2ee6067d4fa1a1e531a356169f97","url":"https:\/\/secure.gravatar.com\/avatar\/ec3b1ee8da06b98b0d3b7da383393987ae73756a23e0f3ec4c1ea09e0e65804d?s=96&d=mm&r=g","contentUrl":"https:\/\/secure.gravatar.com\/avatar\/ec3b1ee8da06b98b0d3b7da383393987ae73756a23e0f3ec4c1ea09e0e65804d?s=96&d=mm&r=g","caption":"Samy"},"description":"Notre r\u00e9daction est constitu\u00e9e de membres experts dans les m\u00e9tiers de l'\u00e9conomie et la gestion, des Responsables d'agence Comptoir National de l'Or, des analystes financiers qui publient r\u00e9guli\u00e8rement des \u00e9tudes sur les politiques des banques centrales, le cours de l'or, le cours de l'argent, cours du platine, cours du palladium... la situation en zone euro et l'impact de la strat\u00e9gie mon\u00e9taire de la FED. Notre \u00e9quipe scrute \u00e9galement une information plus g\u00e9n\u00e9raliste \u00e0 la recherche d'actualit\u00e9 \"p\u00e9pite\" \u00e0 vous partager. Depuis 5 ans, nous avons publi\u00e9 un peu plus de 4000 articles qui s'adressent \u00e0 un public large et vari\u00e9 ayant pour objectif de satisfaire votre curiosit\u00e9 et de partager avec vous une certaine fascination pour le m\u00e9tal jaune, pour ceux qui veulent investir dans l'or, vendre leur or tout simplement en savoir plus..."}]}},"authors":[{"term_id":2562,"user_id":11,"is_guest":0,"slug":null,"display_name":"Anthony","avatar_url":"https:\/\/secure.gravatar.com\/avatar\/19974f7c75da5f0b217374f3a37eb05031e41aaad4ceb3fe17ada2ab3daf6b95?s=96&d=mm&r=g","0":null,"1":"","2":"","3":"","4":"","5":"","6":"","7":"","8":""}],"_links":{"self":[{"href":"https:\/\/www.gold.fr\/news\/wp-json\/wp\/v2\/posts\/10973","targetHints":{"allow":["GET"]}}],"collection":[{"href":"https:\/\/www.gold.fr\/news\/wp-json\/wp\/v2\/posts"}],"about":[{"href":"https:\/\/www.gold.fr\/news\/wp-json\/wp\/v2\/types\/post"}],"author":[{"embeddable":true,"href":"https:\/\/www.gold.fr\/news\/wp-json\/wp\/v2\/users\/43"}],"replies":[{"embeddable":true,"href":"https:\/\/www.gold.fr\/news\/wp-json\/wp\/v2\/comments?post=10973"}],"version-history":[{"count":0,"href":"https:\/\/www.gold.fr\/news\/wp-json\/wp\/v2\/posts\/10973\/revisions"}],"wp:featuredmedia":[{"embeddable":true,"href":"https:\/\/www.gold.fr\/news\/wp-json\/wp\/v2\/media\/10978"}],"wp:attachment":[{"href":"https:\/\/www.gold.fr\/news\/wp-json\/wp\/v2\/media?parent=10973"}],"wp:term":[{"taxonomy":"category","embeddable":true,"href":"https:\/\/www.gold.fr\/news\/wp-json\/wp\/v2\/categories?post=10973"},{"taxonomy":"post_tag","embeddable":true,"href":"https:\/\/www.gold.fr\/news\/wp-json\/wp\/v2\/tags?post=10973"},{"taxonomy":"author","embeddable":true,"href":"https:\/\/www.gold.fr\/news\/wp-json\/wp\/v2\/ppma_author?post=10973"}],"curies":[{"name":"wp","href":"https:\/\/api.w.org\/{rel}","templated":true}]}}