{"id":10964,"date":"2013-03-06T13:00:34","date_gmt":"2013-03-06T12:00:34","guid":{"rendered":"https:\/\/www.gold.fr\/news\/?p=10964"},"modified":"2020-12-08T14:15:14","modified_gmt":"2020-12-08T13:15:14","slug":"le-metal-jaune-stabilise-le-debut-de-la-hausse-au-tournant","status":"publish","type":"post","link":"https:\/\/www.gold.fr\/news\/2013\/03\/06\/le-metal-jaune-stabilise-le-debut-de-la-hausse-au-tournant\/","title":{"rendered":"Le m\u00e9tal jaune stabilise, le d\u00e9but de la hausse au tournant"},"content":{"rendered":"<p><span style=\"font-size: small;\"><img loading=\"lazy\" decoding=\"async\" class=\"alignleft size-thumbnail wp-image-5519\" title=\"Cours de l'Or de Bourse\" src=\"https:\/\/www.gold.fr\/news\/wp-content\/uploads\/2012\/02\/Cours-de-lOr-150x150.jpg\" alt=\"\" width=\"150\" height=\"150\" \/><strong>Janet Yellen<\/strong>, vice-gouverneur de la R\u00e9serve F\u00e9d\u00e9rale Am\u00e9ricaine, annon\u00e7ait, la veille, que \u00ab\u00a0<em><a title=\"L\u2019\u00e9conomie US soutient \u00e0 nouveau l\u2019or\" href=\"https:\/\/www.gold.fr\/news\/2013\/03\/05\/leconomie-us-soutient-a-nouveau-lor\/10931\/\" target=\"_blank\" rel=\"noopener noreferrer\">la politique de stimulation mon\u00e9taire agressive<\/a> (de l&rsquo;institution) \u00e9tait n\u00e9cessaire \u00e9tant donn\u00e9 que l&rsquo;\u00e9conomie tournait encore nettement au-dessous de son r\u00e9gime optimal<\/em>\u00ab\u00a0. Une autre mani\u00e8re de dire que l&rsquo;\u00e9conomie am\u00e9ricaine \u00e9tait encore loin d&rsquo;\u00eatre remise de ses crises successives, et que <a title=\"Stagnation de l\u2019or : Le moment d\u2019acheter !\" href=\"https:\/\/www.gold.fr\/news\/2013\/03\/06\/stagnation-de-lor-le-moment-dacheter\/10935\/\" target=\"_blank\" rel=\"noopener noreferrer\">cette phase de convalescence<\/a> allait certainement se prolonger pour une dur\u00e9e impossible \u00e0 d\u00e9terminer \u00e0 court ou moyen terme.<\/span> <span style=\"font-size: small;\"> Bref ; l&rsquo;indice dollar n&rsquo;a pas le moral et le maintien du statu quo ne fait rien pour redorer son blason. Du coup, c&rsquo;est l&rsquo;<a class=\"esk-seo-plu-link\" href=\"https:\/\/www.gold.fr\/news\/tags\/or\">or<\/a> qui en profitera surement pour remonter la pente et reprendre quelques couleurs. En attendant, l&rsquo;heure est \u00e0 la stabilisation.<\/span> <span style=\"font-size: small;\"> L&rsquo;<a class=\"esk-seo-plu-link\" href=\"https:\/\/www.gold.fr\/news\/tags\/or\">or<\/a> ouvre la s\u00e9ance de ce <strong>mercredi 6 mars 2013<\/strong> avec <a title=\"Prix de l\u2019or\" href=\"https:\/\/www.gold.fr\/cours-prix-de-l-or\/\" target=\"_blank\" rel=\"noopener noreferrer\">un cours<\/a> de <strong>1 576.90 dollars<\/strong> <a title=\"Prix de l'Once d'Or\" href=\"https:\/\/www.gold.fr\/once-en\/\" target=\"_blank\" rel=\"noopener noreferrer\">l&rsquo;once<\/a>.<\/span><\/p>\n<!-- AddThis Advanced Settings generic via filter on the_content --><!-- AddThis Share Buttons generic via filter on the_content -->","protected":false},"excerpt":{"rendered":"<p>Janet Yellen, vice-gouverneur de la R\u00e9serve F\u00e9d\u00e9rale Am\u00e9ricaine, annon\u00e7ait, la veille, que \u00ab\u00a0la politique de stimulation mon\u00e9taire agressive (de l&rsquo;institution) \u00e9tait n\u00e9cessaire \u00e9tant donn\u00e9 que l&rsquo;\u00e9conomie tournait encore nettement au-dessous de son r\u00e9gime optimal\u00ab\u00a0. Une autre [&hellip;]<\/p>\n","protected":false},"author":18,"featured_media":29890,"comment_status":"closed","ping_status":"closed","sticky":false,"template":"","format":"standard","meta":{"_mbp_gutenberg_autopost":false,"_pgmb_is_evergreen":false,"_pgmb_ap_template_id":0,"footnotes":""},"categories":[5],"tags":[385,84],"ppma_author":[2565],"class_list":["post-10964","post","type-post","status-publish","format-standard","has-post-thumbnail","hentry","category-flash-infos","tag-cours-de-lor-de-bourse","tag-cours-de-lor"],"yoast_head":"<!-- This site is optimized with the Yoast SEO plugin v27.5 - https:\/\/yoast.com\/product\/yoast-seo-wordpress\/ -->\n<title>Le m\u00e9tal jaune stabilise, le d\u00e9but de la hausse au tournant - Gold.fr<\/title>\n<meta name=\"robots\" content=\"index, follow, max-snippet:-1, max-image-preview:large, max-video-preview:-1\" \/>\n<link rel=\"canonical\" href=\"https:\/\/www.gold.fr\/news\/2013\/03\/06\/le-metal-jaune-stabilise-le-debut-de-la-hausse-au-tournant\/\" \/>\n<meta property=\"og:locale\" content=\"fr_FR\" \/>\n<meta property=\"og:type\" content=\"article\" \/>\n<meta property=\"og:title\" content=\"Le m\u00e9tal jaune stabilise, le d\u00e9but de la hausse au tournant - Gold.fr\" \/>\n<meta property=\"og:description\" content=\"Janet Yellen, vice-gouverneur de la R\u00e9serve F\u00e9d\u00e9rale Am\u00e9ricaine, annon\u00e7ait, la veille, que \u00ab\u00a0la politique de stimulation mon\u00e9taire agressive (de l&rsquo;institution) \u00e9tait n\u00e9cessaire \u00e9tant donn\u00e9 que l&rsquo;\u00e9conomie tournait encore nettement au-dessous de son r\u00e9gime optimal\u00ab\u00a0. Une autre [&hellip;]\" \/>\n<meta property=\"og:url\" content=\"https:\/\/www.gold.fr\/news\/2013\/03\/06\/le-metal-jaune-stabilise-le-debut-de-la-hausse-au-tournant\/\" \/>\n<meta property=\"og:site_name\" content=\"Gold.fr\" \/>\n<meta property=\"article:publisher\" content=\"https:\/\/www.facebook.com\/Goldfr\/\" \/>\n<meta property=\"article:published_time\" content=\"2013-03-06T12:00:34+00:00\" \/>\n<meta property=\"article:modified_time\" content=\"2020-12-08T13:15:14+00:00\" \/>\n<meta property=\"og:image\" content=\"https:\/\/www.gold.fr\/news\/wp-content\/uploads\/2017\/04\/Balance-gold.jpg\" \/>\n\t<meta property=\"og:image:width\" content=\"372\" \/>\n\t<meta property=\"og:image:height\" content=\"457\" \/>\n\t<meta property=\"og:image:type\" content=\"image\/jpeg\" \/>\n<meta name=\"author\" content=\"Comptoir National de l&#039;Or\" \/>\n<meta name=\"twitter:card\" content=\"summary_large_image\" \/>\n<meta name=\"twitter:label1\" content=\"\u00c9crit par\" \/>\n\t<meta name=\"twitter:data1\" content=\"Comptoir National de l&#039;Or\" \/>\n\t<meta name=\"twitter:label2\" content=\"Dur\u00e9e de lecture estim\u00e9e\" \/>\n\t<meta name=\"twitter:data2\" content=\"1 minute\" \/>\n<script type=\"application\/ld+json\" class=\"yoast-schema-graph\">{\"@context\":\"https:\\\/\\\/schema.org\",\"@graph\":[{\"@type\":\"Article\",\"@id\":\"https:\\\/\\\/www.gold.fr\\\/news\\\/2013\\\/03\\\/06\\\/le-metal-jaune-stabilise-le-debut-de-la-hausse-au-tournant\\\/#article\",\"isPartOf\":{\"@id\":\"https:\\\/\\\/www.gold.fr\\\/news\\\/2013\\\/03\\\/06\\\/le-metal-jaune-stabilise-le-debut-de-la-hausse-au-tournant\\\/\"},\"author\":{\"name\":\"Comptoir National de l'Or\",\"@id\":\"https:\\\/\\\/www.gold.fr\\\/news\\\/#\\\/schema\\\/person\\\/070491b4b4fb7671bf59b3be20302ce9\"},\"headline\":\"Le m\u00e9tal jaune stabilise, le d\u00e9but de la hausse au tournant\",\"datePublished\":\"2013-03-06T12:00:34+00:00\",\"dateModified\":\"2020-12-08T13:15:14+00:00\",\"mainEntityOfPage\":{\"@id\":\"https:\\\/\\\/www.gold.fr\\\/news\\\/2013\\\/03\\\/06\\\/le-metal-jaune-stabilise-le-debut-de-la-hausse-au-tournant\\\/\"},\"wordCount\":163,\"image\":{\"@id\":\"https:\\\/\\\/www.gold.fr\\\/news\\\/2013\\\/03\\\/06\\\/le-metal-jaune-stabilise-le-debut-de-la-hausse-au-tournant\\\/#primaryimage\"},\"thumbnailUrl\":\"https:\\\/\\\/www.gold.fr\\\/news\\\/wp-content\\\/uploads\\\/2017\\\/04\\\/Balance-gold.jpg\",\"keywords\":[\"cours de l'or de bourse\",\"Tout Cours de l'Or\"],\"articleSection\":[\"Flash infos\"],\"inLanguage\":\"fr-FR\"},{\"@type\":\"WebPage\",\"@id\":\"https:\\\/\\\/www.gold.fr\\\/news\\\/2013\\\/03\\\/06\\\/le-metal-jaune-stabilise-le-debut-de-la-hausse-au-tournant\\\/\",\"url\":\"https:\\\/\\\/www.gold.fr\\\/news\\\/2013\\\/03\\\/06\\\/le-metal-jaune-stabilise-le-debut-de-la-hausse-au-tournant\\\/\",\"name\":\"Le m\u00e9tal jaune stabilise, le d\u00e9but de la hausse au tournant - Gold.fr\",\"isPartOf\":{\"@id\":\"https:\\\/\\\/www.gold.fr\\\/news\\\/#website\"},\"primaryImageOfPage\":{\"@id\":\"https:\\\/\\\/www.gold.fr\\\/news\\\/2013\\\/03\\\/06\\\/le-metal-jaune-stabilise-le-debut-de-la-hausse-au-tournant\\\/#primaryimage\"},\"image\":{\"@id\":\"https:\\\/\\\/www.gold.fr\\\/news\\\/2013\\\/03\\\/06\\\/le-metal-jaune-stabilise-le-debut-de-la-hausse-au-tournant\\\/#primaryimage\"},\"thumbnailUrl\":\"https:\\\/\\\/www.gold.fr\\\/news\\\/wp-content\\\/uploads\\\/2017\\\/04\\\/Balance-gold.jpg\",\"datePublished\":\"2013-03-06T12:00:34+00:00\",\"dateModified\":\"2020-12-08T13:15:14+00:00\",\"author\":{\"@id\":\"https:\\\/\\\/www.gold.fr\\\/news\\\/#\\\/schema\\\/person\\\/070491b4b4fb7671bf59b3be20302ce9\"},\"breadcrumb\":{\"@id\":\"https:\\\/\\\/www.gold.fr\\\/news\\\/2013\\\/03\\\/06\\\/le-metal-jaune-stabilise-le-debut-de-la-hausse-au-tournant\\\/#breadcrumb\"},\"inLanguage\":\"fr-FR\",\"potentialAction\":[{\"@type\":\"ReadAction\",\"target\":[\"https:\\\/\\\/www.gold.fr\\\/news\\\/2013\\\/03\\\/06\\\/le-metal-jaune-stabilise-le-debut-de-la-hausse-au-tournant\\\/\"]}]},{\"@type\":\"ImageObject\",\"inLanguage\":\"fr-FR\",\"@id\":\"https:\\\/\\\/www.gold.fr\\\/news\\\/2013\\\/03\\\/06\\\/le-metal-jaune-stabilise-le-debut-de-la-hausse-au-tournant\\\/#primaryimage\",\"url\":\"https:\\\/\\\/www.gold.fr\\\/news\\\/wp-content\\\/uploads\\\/2017\\\/04\\\/Balance-gold.jpg\",\"contentUrl\":\"https:\\\/\\\/www.gold.fr\\\/news\\\/wp-content\\\/uploads\\\/2017\\\/04\\\/Balance-gold.jpg\",\"width\":372,\"height\":457,\"caption\":\"L\u2019once stable face \u00e0 l\u2019envol\u00e9e du CAC 40\"},{\"@type\":\"BreadcrumbList\",\"@id\":\"https:\\\/\\\/www.gold.fr\\\/news\\\/2013\\\/03\\\/06\\\/le-metal-jaune-stabilise-le-debut-de-la-hausse-au-tournant\\\/#breadcrumb\",\"itemListElement\":[{\"@type\":\"ListItem\",\"position\":1,\"name\":\"Accueil\",\"item\":\"https:\\\/\\\/www.gold.fr\\\/\"},{\"@type\":\"ListItem\",\"position\":2,\"name\":\"Actualit\u00e9s\",\"item\":\"https:\\\/\\\/www.gold.fr\\\/news\\\/\"},{\"@type\":\"ListItem\",\"position\":3,\"name\":\"Le m\u00e9tal jaune stabilise, le d\u00e9but de la hausse au tournant\"}]},{\"@type\":\"WebSite\",\"@id\":\"https:\\\/\\\/www.gold.fr\\\/news\\\/#website\",\"url\":\"https:\\\/\\\/www.gold.fr\\\/news\\\/\",\"name\":\"Gold.fr\",\"description\":\"Actualit\u00e9s de l&#039;Or et des m\u00e9taux pr\u00e9cieux\",\"potentialAction\":[{\"@type\":\"SearchAction\",\"target\":{\"@type\":\"EntryPoint\",\"urlTemplate\":\"https:\\\/\\\/www.gold.fr\\\/news\\\/?s={search_term_string}\"},\"query-input\":{\"@type\":\"PropertyValueSpecification\",\"valueRequired\":true,\"valueName\":\"search_term_string\"}}],\"inLanguage\":\"fr-FR\"},{\"@type\":\"Person\",\"@id\":\"https:\\\/\\\/www.gold.fr\\\/news\\\/#\\\/schema\\\/person\\\/070491b4b4fb7671bf59b3be20302ce9\",\"name\":\"Comptoir National de l'Or\",\"image\":{\"@type\":\"ImageObject\",\"inLanguage\":\"fr-FR\",\"@id\":\"https:\\\/\\\/secure.gravatar.com\\\/avatar\\\/0a2867fd5abe37bed95d5a65e9d58f01756e11efc68af9888dfc50cfa7f65948?s=96&d=mm&r=gb490554db0a38188709de567aa58480d\",\"url\":\"https:\\\/\\\/secure.gravatar.com\\\/avatar\\\/0a2867fd5abe37bed95d5a65e9d58f01756e11efc68af9888dfc50cfa7f65948?s=96&d=mm&r=g\",\"contentUrl\":\"https:\\\/\\\/secure.gravatar.com\\\/avatar\\\/0a2867fd5abe37bed95d5a65e9d58f01756e11efc68af9888dfc50cfa7f65948?s=96&d=mm&r=g\",\"caption\":\"Comptoir National de l'Or\"},\"description\":\"Notre r\u00e9daction est constitu\u00e9e de membres experts dans les m\u00e9tiers de l'\u00e9conomie et la gestion, des Responsables d'agence Comptoir National de l'Or, des analystes financiers qui publient r\u00e9guli\u00e8rement des \u00e9tudes sur les politiques des banques centrales, le cours de l'or, prix de l'or, cours de l'argent, prix de l'argent, cours du platine, cours du palladium,... la situation en zone euro et l'impact de la strat\u00e9gie mon\u00e9taire de la FED. Notre \u00e9quipe scrute \u00e9galement une information plus g\u00e9n\u00e9raliste \u00e0 la recherche d'actualit\u00e9 \\\"p\u00e9pite\\\" \u00e0 vous partager. Depuis 5 ans, nous avons publi\u00e9 un peu plus de 4000 articles qui s'adressent \u00e0 un public large et vari\u00e9 ayant pour objectif de satisfaire votre curiosit\u00e9 et de partager avec vous une certaine fascination pour le m\u00e9tal jaune, le rachat d'or, et pour ceux qui veulent investir dans l'or, vendre leur or tout simplement en savoir plus... Pour tous vos achat or et argent, n'h\u00e9sitez pas \u00e0 prendre rendez-vous dans l'un de nos nombreux comptoirs.\",\"sameAs\":[\"https:\\\/\\\/www.gold.fr\"]}]}<\/script>\n<!-- \/ Yoast SEO plugin. -->","yoast_head_json":{"title":"Le m\u00e9tal jaune stabilise, le d\u00e9but de la hausse au tournant - Gold.fr","robots":{"index":"index","follow":"follow","max-snippet":"max-snippet:-1","max-image-preview":"max-image-preview:large","max-video-preview":"max-video-preview:-1"},"canonical":"https:\/\/www.gold.fr\/news\/2013\/03\/06\/le-metal-jaune-stabilise-le-debut-de-la-hausse-au-tournant\/","og_locale":"fr_FR","og_type":"article","og_title":"Le m\u00e9tal jaune stabilise, le d\u00e9but de la hausse au tournant - Gold.fr","og_description":"Janet Yellen, vice-gouverneur de la R\u00e9serve F\u00e9d\u00e9rale Am\u00e9ricaine, annon\u00e7ait, la veille, que \u00ab\u00a0la politique de stimulation mon\u00e9taire agressive (de l&rsquo;institution) \u00e9tait n\u00e9cessaire \u00e9tant donn\u00e9 que l&rsquo;\u00e9conomie tournait encore nettement au-dessous de son r\u00e9gime optimal\u00ab\u00a0. Une autre [&hellip;]","og_url":"https:\/\/www.gold.fr\/news\/2013\/03\/06\/le-metal-jaune-stabilise-le-debut-de-la-hausse-au-tournant\/","og_site_name":"Gold.fr","article_publisher":"https:\/\/www.facebook.com\/Goldfr\/","article_published_time":"2013-03-06T12:00:34+00:00","article_modified_time":"2020-12-08T13:15:14+00:00","og_image":[{"width":372,"height":457,"url":"https:\/\/www.gold.fr\/news\/wp-content\/uploads\/2017\/04\/Balance-gold.jpg","type":"image\/jpeg"}],"author":"Comptoir National de l'Or","twitter_card":"summary_large_image","twitter_misc":{"\u00c9crit par":"Comptoir National de l'Or","Dur\u00e9e de lecture estim\u00e9e":"1 minute"},"schema":{"@context":"https:\/\/schema.org","@graph":[{"@type":"Article","@id":"https:\/\/www.gold.fr\/news\/2013\/03\/06\/le-metal-jaune-stabilise-le-debut-de-la-hausse-au-tournant\/#article","isPartOf":{"@id":"https:\/\/www.gold.fr\/news\/2013\/03\/06\/le-metal-jaune-stabilise-le-debut-de-la-hausse-au-tournant\/"},"author":{"name":"Comptoir National de l'Or","@id":"https:\/\/www.gold.fr\/news\/#\/schema\/person\/070491b4b4fb7671bf59b3be20302ce9"},"headline":"Le m\u00e9tal jaune stabilise, le d\u00e9but de la hausse au tournant","datePublished":"2013-03-06T12:00:34+00:00","dateModified":"2020-12-08T13:15:14+00:00","mainEntityOfPage":{"@id":"https:\/\/www.gold.fr\/news\/2013\/03\/06\/le-metal-jaune-stabilise-le-debut-de-la-hausse-au-tournant\/"},"wordCount":163,"image":{"@id":"https:\/\/www.gold.fr\/news\/2013\/03\/06\/le-metal-jaune-stabilise-le-debut-de-la-hausse-au-tournant\/#primaryimage"},"thumbnailUrl":"https:\/\/www.gold.fr\/news\/wp-content\/uploads\/2017\/04\/Balance-gold.jpg","keywords":["cours de l'or de bourse","Tout Cours de l'Or"],"articleSection":["Flash infos"],"inLanguage":"fr-FR"},{"@type":"WebPage","@id":"https:\/\/www.gold.fr\/news\/2013\/03\/06\/le-metal-jaune-stabilise-le-debut-de-la-hausse-au-tournant\/","url":"https:\/\/www.gold.fr\/news\/2013\/03\/06\/le-metal-jaune-stabilise-le-debut-de-la-hausse-au-tournant\/","name":"Le m\u00e9tal jaune stabilise, le d\u00e9but de la hausse au tournant - Gold.fr","isPartOf":{"@id":"https:\/\/www.gold.fr\/news\/#website"},"primaryImageOfPage":{"@id":"https:\/\/www.gold.fr\/news\/2013\/03\/06\/le-metal-jaune-stabilise-le-debut-de-la-hausse-au-tournant\/#primaryimage"},"image":{"@id":"https:\/\/www.gold.fr\/news\/2013\/03\/06\/le-metal-jaune-stabilise-le-debut-de-la-hausse-au-tournant\/#primaryimage"},"thumbnailUrl":"https:\/\/www.gold.fr\/news\/wp-content\/uploads\/2017\/04\/Balance-gold.jpg","datePublished":"2013-03-06T12:00:34+00:00","dateModified":"2020-12-08T13:15:14+00:00","author":{"@id":"https:\/\/www.gold.fr\/news\/#\/schema\/person\/070491b4b4fb7671bf59b3be20302ce9"},"breadcrumb":{"@id":"https:\/\/www.gold.fr\/news\/2013\/03\/06\/le-metal-jaune-stabilise-le-debut-de-la-hausse-au-tournant\/#breadcrumb"},"inLanguage":"fr-FR","potentialAction":[{"@type":"ReadAction","target":["https:\/\/www.gold.fr\/news\/2013\/03\/06\/le-metal-jaune-stabilise-le-debut-de-la-hausse-au-tournant\/"]}]},{"@type":"ImageObject","inLanguage":"fr-FR","@id":"https:\/\/www.gold.fr\/news\/2013\/03\/06\/le-metal-jaune-stabilise-le-debut-de-la-hausse-au-tournant\/#primaryimage","url":"https:\/\/www.gold.fr\/news\/wp-content\/uploads\/2017\/04\/Balance-gold.jpg","contentUrl":"https:\/\/www.gold.fr\/news\/wp-content\/uploads\/2017\/04\/Balance-gold.jpg","width":372,"height":457,"caption":"L\u2019once stable face \u00e0 l\u2019envol\u00e9e du CAC 40"},{"@type":"BreadcrumbList","@id":"https:\/\/www.gold.fr\/news\/2013\/03\/06\/le-metal-jaune-stabilise-le-debut-de-la-hausse-au-tournant\/#breadcrumb","itemListElement":[{"@type":"ListItem","position":1,"name":"Accueil","item":"https:\/\/www.gold.fr\/"},{"@type":"ListItem","position":2,"name":"Actualit\u00e9s","item":"https:\/\/www.gold.fr\/news\/"},{"@type":"ListItem","position":3,"name":"Le m\u00e9tal jaune stabilise, le d\u00e9but de la hausse au tournant"}]},{"@type":"WebSite","@id":"https:\/\/www.gold.fr\/news\/#website","url":"https:\/\/www.gold.fr\/news\/","name":"Gold.fr","description":"Actualit\u00e9s de l&#039;Or et des m\u00e9taux pr\u00e9cieux","potentialAction":[{"@type":"SearchAction","target":{"@type":"EntryPoint","urlTemplate":"https:\/\/www.gold.fr\/news\/?s={search_term_string}"},"query-input":{"@type":"PropertyValueSpecification","valueRequired":true,"valueName":"search_term_string"}}],"inLanguage":"fr-FR"},{"@type":"Person","@id":"https:\/\/www.gold.fr\/news\/#\/schema\/person\/070491b4b4fb7671bf59b3be20302ce9","name":"Comptoir National de l'Or","image":{"@type":"ImageObject","inLanguage":"fr-FR","@id":"https:\/\/secure.gravatar.com\/avatar\/0a2867fd5abe37bed95d5a65e9d58f01756e11efc68af9888dfc50cfa7f65948?s=96&d=mm&r=gb490554db0a38188709de567aa58480d","url":"https:\/\/secure.gravatar.com\/avatar\/0a2867fd5abe37bed95d5a65e9d58f01756e11efc68af9888dfc50cfa7f65948?s=96&d=mm&r=g","contentUrl":"https:\/\/secure.gravatar.com\/avatar\/0a2867fd5abe37bed95d5a65e9d58f01756e11efc68af9888dfc50cfa7f65948?s=96&d=mm&r=g","caption":"Comptoir National de l'Or"},"description":"Notre r\u00e9daction est constitu\u00e9e de membres experts dans les m\u00e9tiers de l'\u00e9conomie et la gestion, des Responsables d'agence Comptoir National de l'Or, des analystes financiers qui publient r\u00e9guli\u00e8rement des \u00e9tudes sur les politiques des banques centrales, le cours de l'or, prix de l'or, cours de l'argent, prix de l'argent, cours du platine, cours du palladium,... la situation en zone euro et l'impact de la strat\u00e9gie mon\u00e9taire de la FED. Notre \u00e9quipe scrute \u00e9galement une information plus g\u00e9n\u00e9raliste \u00e0 la recherche d'actualit\u00e9 \"p\u00e9pite\" \u00e0 vous partager. Depuis 5 ans, nous avons publi\u00e9 un peu plus de 4000 articles qui s'adressent \u00e0 un public large et vari\u00e9 ayant pour objectif de satisfaire votre curiosit\u00e9 et de partager avec vous une certaine fascination pour le m\u00e9tal jaune, le rachat d'or, et pour ceux qui veulent investir dans l'or, vendre leur or tout simplement en savoir plus... Pour tous vos achat or et argent, n'h\u00e9sitez pas \u00e0 prendre rendez-vous dans l'un de nos nombreux comptoirs.","sameAs":["https:\/\/www.gold.fr"]}]}},"authors":[{"term_id":2565,"user_id":18,"is_guest":0,"slug":"julie","display_name":"Comptoir National de l'Or","avatar_url":"https:\/\/secure.gravatar.com\/avatar\/713f289e398d35ead876c4a4cc08607f0d6d266058cfc25683fffb6092d0e572?s=96&d=mm&r=g","0":null,"1":"","2":"","3":"","4":"","5":"","6":"","7":"","8":""}],"_links":{"self":[{"href":"https:\/\/www.gold.fr\/news\/wp-json\/wp\/v2\/posts\/10964","targetHints":{"allow":["GET"]}}],"collection":[{"href":"https:\/\/www.gold.fr\/news\/wp-json\/wp\/v2\/posts"}],"about":[{"href":"https:\/\/www.gold.fr\/news\/wp-json\/wp\/v2\/types\/post"}],"author":[{"embeddable":true,"href":"https:\/\/www.gold.fr\/news\/wp-json\/wp\/v2\/users\/18"}],"replies":[{"embeddable":true,"href":"https:\/\/www.gold.fr\/news\/wp-json\/wp\/v2\/comments?post=10964"}],"version-history":[{"count":0,"href":"https:\/\/www.gold.fr\/news\/wp-json\/wp\/v2\/posts\/10964\/revisions"}],"wp:featuredmedia":[{"embeddable":true,"href":"https:\/\/www.gold.fr\/news\/wp-json\/wp\/v2\/media\/29890"}],"wp:attachment":[{"href":"https:\/\/www.gold.fr\/news\/wp-json\/wp\/v2\/media?parent=10964"}],"wp:term":[{"taxonomy":"category","embeddable":true,"href":"https:\/\/www.gold.fr\/news\/wp-json\/wp\/v2\/categories?post=10964"},{"taxonomy":"post_tag","embeddable":true,"href":"https:\/\/www.gold.fr\/news\/wp-json\/wp\/v2\/tags?post=10964"},{"taxonomy":"author","embeddable":true,"href":"https:\/\/www.gold.fr\/news\/wp-json\/wp\/v2\/ppma_author?post=10964"}],"curies":[{"name":"wp","href":"https:\/\/api.w.org\/{rel}","templated":true}]}}