{"id":10937,"date":"2013-03-06T17:00:31","date_gmt":"2013-03-06T16:00:31","guid":{"rendered":"https:\/\/www.gold.fr\/news\/?p=10937"},"modified":"2021-09-09T16:14:20","modified_gmt":"2021-09-09T14:14:20","slug":"une-conjoncture-mondiale-instable-au-service-de-lor","status":"publish","type":"post","link":"https:\/\/www.gold.fr\/news\/2013\/03\/06\/une-conjoncture-mondiale-instable-au-service-de-lor\/","title":{"rendered":"Une conjoncture mondiale instable au service de l\u2019or"},"content":{"rendered":"<p><span style=\"font-size: small;\"><img loading=\"lazy\" decoding=\"async\" class=\"alignleft size-thumbnail wp-image-10194\" title=\"Une conjoncture mondiale instable au service de l\u2019or\" src=\"https:\/\/www.gold.fr\/news\/wp-content\/uploads\/2018\/06\/italie_crise_UE.jpg\" alt=\"\" width=\"150\" height=\"150\" \/>Par o\u00f9 commencer\u00a0? L\u2019Europe, peut-\u00eatre. Les diff\u00e9rentes bourses europ\u00e9ennes ont termin\u00e9 le mois de f\u00e9vrier, sur des chiffres n\u00e9gatifs, sur fond d\u2019un rapport r\u00e9v\u00e9lateur d\u2019indicateurs PMI pour le moins alarmants, que ce soit en Italie ou au Royaume-Uni. Sans compter que le taux de ch\u00f4mage au sein de la Zone Euro continue \u00e0 monter, atteignant actuellement les<strong> 11,9%<\/strong>.<\/span> <span style=\"font-size: small;\"> Par ailleurs, le march\u00e9 des devises a affich\u00e9 de s\u00e9rieux signaux d\u2019alarmes, provoquant <a title=\"Stagnation de l\u2019or : Le moment d\u2019acheter !\" href=\"https:\/\/www.gold.fr\/news\/2013\/03\/06\/stagnation-de-lor-le-moment-dacheter\/10935\/\" target=\"_blank\" rel=\"noopener noreferrer\">une vague de nervosit\u00e9 et de stagnation<\/a> au niveau des investissements et achats d\u2019obligations. Cette r\u00e9action est essentiellement due aux r\u00e9sultats particuli\u00e8rement \u00ab\u00a0<em>d\u00e9cevants\u00a0<\/em>\u00bb <a title=\"Evolution de l\u2019or \u2013 Entre la FED et l\u2019Italie\" href=\"https:\/\/www.gold.fr\/news\/2013\/03\/04\/evolution-de-lor-entre-la-fed-et-litalie\/10927\/\" target=\"_blank\" rel=\"noopener noreferrer\">des \u00e9lections italiennes<\/a> qui apportent le pr\u00e9sage funeste d\u2019un imminent blocage politique qui va fatalement se refl\u00e9ter (n\u00e9gativement) sur l\u2019ensemble de la zone euro. En effet, apr\u00e8s un score initial pla\u00e7ant la gauche de <strong>Pier Luigi Bersani<\/strong> et la droite de <strong>Silvio Berlusconi<\/strong> au coude \u00e0 coude et r\u00e9v\u00e9lant une belle victoire du populiste <strong>Grillo<\/strong>, l\u2019espoir \u00e9tait de voir se r\u00e9aliser un second vote organis\u00e9 dans les quelques mois \u00e0 venir. Un espoir rapidement \u00e9touff\u00e9 dans l\u2019\u0153uf \u00e0 l\u2019annonce des autres sondages \u2013et du tableau dans son ensemble- et confirmant les perspectives pessimistes d&rsquo;\u00a0\u00ab<em>\u00a0instabilit\u00e9 gouvernementale, et donc d\u2019\u00e9ventuelles difficult\u00e9s \u00e0 r\u00e9soudre la crise<\/em>\u00a0\u00bb.<\/span> <span style=\"font-size: small;\"> De l\u2019autre c\u00f4t\u00e9 de l\u2019Atlantique, un autre genre de crise s\u2019annonce avec la r\u00e9apparition des inqui\u00e9tudes relatives au fameux pr\u00e9cipice fiscal. A l\u2019heure o\u00f9 les coupes budg\u00e9taires sont activ\u00e9es aux <strong>Etats-Unis<\/strong> (faute d\u2019un accord d\u00e9finitif annonc\u00e9 entre R\u00e9publicains et D\u00e9mocrates), les march\u00e9s d\u2019investissement s\u2019en ressentent et plongent dans un d\u00e9but de panique g\u00e9n\u00e9rale.<\/span><\/p>\n<!-- AddThis Advanced Settings generic via filter on the_content --><!-- AddThis Share Buttons generic via filter on the_content -->","protected":false},"excerpt":{"rendered":"<p>Par o\u00f9 commencer\u00a0? L\u2019Europe, peut-\u00eatre. Les diff\u00e9rentes bourses europ\u00e9ennes ont termin\u00e9 le mois de f\u00e9vrier, sur des chiffres n\u00e9gatifs, sur fond d\u2019un rapport r\u00e9v\u00e9lateur d\u2019indicateurs PMI pour le moins alarmants, que ce soit en Italie ou [&hellip;]<\/p>\n","protected":false},"author":18,"featured_media":32965,"comment_status":"closed","ping_status":"closed","sticky":false,"template":"","format":"standard","meta":{"_mbp_gutenberg_autopost":false,"_pgmb_is_evergreen":false,"_pgmb_ap_template_id":0,"footnotes":""},"categories":[6],"tags":[231,1173,123,1170],"ppma_author":[2565],"class_list":["post-10937","post","type-post","status-publish","format-standard","has-post-thumbnail","hentry","category-articles-de-presse","tag-achat-or","tag-conjoncture-mondiale","tag-italie","tag-stagnation-or"],"yoast_head":"<!-- This site is optimized with the Yoast SEO plugin v27.5 - https:\/\/yoast.com\/product\/yoast-seo-wordpress\/ -->\n<title>Une conjoncture mondiale instable au service de l\u2019or - Gold.fr<\/title>\n<meta name=\"description\" content=\"D\u00e9couvrez l&#039;actualit\u00e9, notamment l&#039;article &quot;Une Conjoncture mondiale instable au service de l&#039;or&quot;. Pour en savoir plus, rendez-vous sur Gold.fr. Le site d&#039;actualit\u00e9 du Comptoir National de l&#039;Or.\" \/>\n<meta name=\"robots\" content=\"index, follow, max-snippet:-1, max-image-preview:large, max-video-preview:-1\" \/>\n<link rel=\"canonical\" href=\"https:\/\/www.gold.fr\/news\/2013\/03\/06\/une-conjoncture-mondiale-instable-au-service-de-lor\/\" \/>\n<meta property=\"og:locale\" content=\"fr_FR\" \/>\n<meta property=\"og:type\" content=\"article\" \/>\n<meta property=\"og:title\" content=\"Une conjoncture mondiale instable au service de l\u2019or - Gold.fr\" \/>\n<meta property=\"og:description\" content=\"D\u00e9couvrez l&#039;actualit\u00e9, notamment l&#039;article &quot;Une Conjoncture mondiale instable au service de l&#039;or&quot;. Pour en savoir plus, rendez-vous sur Gold.fr. Le site d&#039;actualit\u00e9 du Comptoir National de l&#039;Or.\" \/>\n<meta property=\"og:url\" content=\"https:\/\/www.gold.fr\/news\/2013\/03\/06\/une-conjoncture-mondiale-instable-au-service-de-lor\/\" \/>\n<meta property=\"og:site_name\" content=\"Gold.fr\" \/>\n<meta property=\"article:publisher\" content=\"https:\/\/www.facebook.com\/Goldfr\/\" \/>\n<meta property=\"article:published_time\" content=\"2013-03-06T16:00:31+00:00\" \/>\n<meta property=\"article:modified_time\" content=\"2021-09-09T14:14:20+00:00\" \/>\n<meta property=\"og:image\" content=\"https:\/\/www.gold.fr\/news\/wp-content\/uploads\/2018\/06\/italie_crise_UE.jpg\" \/>\n\t<meta property=\"og:image:width\" content=\"1296\" \/>\n\t<meta property=\"og:image:height\" content=\"810\" \/>\n\t<meta property=\"og:image:type\" content=\"image\/jpeg\" \/>\n<meta name=\"author\" content=\"Comptoir National de l&#039;Or\" \/>\n<meta name=\"twitter:card\" content=\"summary_large_image\" \/>\n<meta name=\"twitter:label1\" content=\"\u00c9crit par\" \/>\n\t<meta name=\"twitter:data1\" content=\"Comptoir National de l&#039;Or\" \/>\n\t<meta name=\"twitter:label2\" content=\"Dur\u00e9e de lecture estim\u00e9e\" \/>\n\t<meta name=\"twitter:data2\" content=\"1 minute\" \/>\n<script type=\"application\/ld+json\" class=\"yoast-schema-graph\">{\"@context\":\"https:\\\/\\\/schema.org\",\"@graph\":[{\"@type\":\"Article\",\"@id\":\"https:\\\/\\\/www.gold.fr\\\/news\\\/2013\\\/03\\\/06\\\/une-conjoncture-mondiale-instable-au-service-de-lor\\\/#article\",\"isPartOf\":{\"@id\":\"https:\\\/\\\/www.gold.fr\\\/news\\\/2013\\\/03\\\/06\\\/une-conjoncture-mondiale-instable-au-service-de-lor\\\/\"},\"author\":{\"name\":\"Comptoir National de l'Or\",\"@id\":\"https:\\\/\\\/www.gold.fr\\\/news\\\/#\\\/schema\\\/person\\\/070491b4b4fb7671bf59b3be20302ce9\"},\"headline\":\"Une conjoncture mondiale instable au service de l\u2019or\",\"datePublished\":\"2013-03-06T16:00:31+00:00\",\"dateModified\":\"2021-09-09T14:14:20+00:00\",\"mainEntityOfPage\":{\"@id\":\"https:\\\/\\\/www.gold.fr\\\/news\\\/2013\\\/03\\\/06\\\/une-conjoncture-mondiale-instable-au-service-de-lor\\\/\"},\"wordCount\":308,\"image\":{\"@id\":\"https:\\\/\\\/www.gold.fr\\\/news\\\/2013\\\/03\\\/06\\\/une-conjoncture-mondiale-instable-au-service-de-lor\\\/#primaryimage\"},\"thumbnailUrl\":\"https:\\\/\\\/www.gold.fr\\\/news\\\/wp-content\\\/uploads\\\/2018\\\/06\\\/italie_crise_UE.jpg\",\"keywords\":[\"Achat or\",\"conjoncture mondiale\",\"italie\",\"stagnation or\"],\"articleSection\":[\"Articles de presse\"],\"inLanguage\":\"fr-FR\"},{\"@type\":\"WebPage\",\"@id\":\"https:\\\/\\\/www.gold.fr\\\/news\\\/2013\\\/03\\\/06\\\/une-conjoncture-mondiale-instable-au-service-de-lor\\\/\",\"url\":\"https:\\\/\\\/www.gold.fr\\\/news\\\/2013\\\/03\\\/06\\\/une-conjoncture-mondiale-instable-au-service-de-lor\\\/\",\"name\":\"Une conjoncture mondiale instable au service de l\u2019or - Gold.fr\",\"isPartOf\":{\"@id\":\"https:\\\/\\\/www.gold.fr\\\/news\\\/#website\"},\"primaryImageOfPage\":{\"@id\":\"https:\\\/\\\/www.gold.fr\\\/news\\\/2013\\\/03\\\/06\\\/une-conjoncture-mondiale-instable-au-service-de-lor\\\/#primaryimage\"},\"image\":{\"@id\":\"https:\\\/\\\/www.gold.fr\\\/news\\\/2013\\\/03\\\/06\\\/une-conjoncture-mondiale-instable-au-service-de-lor\\\/#primaryimage\"},\"thumbnailUrl\":\"https:\\\/\\\/www.gold.fr\\\/news\\\/wp-content\\\/uploads\\\/2018\\\/06\\\/italie_crise_UE.jpg\",\"datePublished\":\"2013-03-06T16:00:31+00:00\",\"dateModified\":\"2021-09-09T14:14:20+00:00\",\"author\":{\"@id\":\"https:\\\/\\\/www.gold.fr\\\/news\\\/#\\\/schema\\\/person\\\/070491b4b4fb7671bf59b3be20302ce9\"},\"description\":\"D\u00e9couvrez l'actualit\u00e9, notamment l'article \\\"Une Conjoncture mondiale instable au service de l'or\\\". Pour en savoir plus, rendez-vous sur Gold.fr. Le site d'actualit\u00e9 du Comptoir National de l'Or.\",\"breadcrumb\":{\"@id\":\"https:\\\/\\\/www.gold.fr\\\/news\\\/2013\\\/03\\\/06\\\/une-conjoncture-mondiale-instable-au-service-de-lor\\\/#breadcrumb\"},\"inLanguage\":\"fr-FR\",\"potentialAction\":[{\"@type\":\"ReadAction\",\"target\":[\"https:\\\/\\\/www.gold.fr\\\/news\\\/2013\\\/03\\\/06\\\/une-conjoncture-mondiale-instable-au-service-de-lor\\\/\"]}]},{\"@type\":\"ImageObject\",\"inLanguage\":\"fr-FR\",\"@id\":\"https:\\\/\\\/www.gold.fr\\\/news\\\/2013\\\/03\\\/06\\\/une-conjoncture-mondiale-instable-au-service-de-lor\\\/#primaryimage\",\"url\":\"https:\\\/\\\/www.gold.fr\\\/news\\\/wp-content\\\/uploads\\\/2018\\\/06\\\/italie_crise_UE.jpg\",\"contentUrl\":\"https:\\\/\\\/www.gold.fr\\\/news\\\/wp-content\\\/uploads\\\/2018\\\/06\\\/italie_crise_UE.jpg\",\"width\":1296,\"height\":810,\"caption\":\"Un risque de crise europ\u00e9enne tr\u00e8s loin d\u2019\u00eatre \u00e9cart\u00e9\"},{\"@type\":\"BreadcrumbList\",\"@id\":\"https:\\\/\\\/www.gold.fr\\\/news\\\/2013\\\/03\\\/06\\\/une-conjoncture-mondiale-instable-au-service-de-lor\\\/#breadcrumb\",\"itemListElement\":[{\"@type\":\"ListItem\",\"position\":1,\"name\":\"Accueil\",\"item\":\"https:\\\/\\\/www.gold.fr\\\/\"},{\"@type\":\"ListItem\",\"position\":2,\"name\":\"Actualit\u00e9s\",\"item\":\"https:\\\/\\\/www.gold.fr\\\/news\\\/\"},{\"@type\":\"ListItem\",\"position\":3,\"name\":\"Une conjoncture mondiale instable au service de l\u2019or\"}]},{\"@type\":\"WebSite\",\"@id\":\"https:\\\/\\\/www.gold.fr\\\/news\\\/#website\",\"url\":\"https:\\\/\\\/www.gold.fr\\\/news\\\/\",\"name\":\"Gold.fr\",\"description\":\"Actualit\u00e9s de l&#039;Or et des m\u00e9taux pr\u00e9cieux\",\"potentialAction\":[{\"@type\":\"SearchAction\",\"target\":{\"@type\":\"EntryPoint\",\"urlTemplate\":\"https:\\\/\\\/www.gold.fr\\\/news\\\/?s={search_term_string}\"},\"query-input\":{\"@type\":\"PropertyValueSpecification\",\"valueRequired\":true,\"valueName\":\"search_term_string\"}}],\"inLanguage\":\"fr-FR\"},{\"@type\":\"Person\",\"@id\":\"https:\\\/\\\/www.gold.fr\\\/news\\\/#\\\/schema\\\/person\\\/070491b4b4fb7671bf59b3be20302ce9\",\"name\":\"Comptoir National de l'Or\",\"image\":{\"@type\":\"ImageObject\",\"inLanguage\":\"fr-FR\",\"@id\":\"https:\\\/\\\/secure.gravatar.com\\\/avatar\\\/0a2867fd5abe37bed95d5a65e9d58f01756e11efc68af9888dfc50cfa7f65948?s=96&d=mm&r=gb490554db0a38188709de567aa58480d\",\"url\":\"https:\\\/\\\/secure.gravatar.com\\\/avatar\\\/0a2867fd5abe37bed95d5a65e9d58f01756e11efc68af9888dfc50cfa7f65948?s=96&d=mm&r=g\",\"contentUrl\":\"https:\\\/\\\/secure.gravatar.com\\\/avatar\\\/0a2867fd5abe37bed95d5a65e9d58f01756e11efc68af9888dfc50cfa7f65948?s=96&d=mm&r=g\",\"caption\":\"Comptoir National de l'Or\"},\"description\":\"Notre r\u00e9daction est constitu\u00e9e de membres experts dans les m\u00e9tiers de l'\u00e9conomie et la gestion, des Responsables d'agence Comptoir National de l'Or, des analystes financiers qui publient r\u00e9guli\u00e8rement des \u00e9tudes sur les politiques des banques centrales, le cours de l'or, prix de l'or, cours de l'argent, prix de l'argent, cours du platine, cours du palladium,... la situation en zone euro et l'impact de la strat\u00e9gie mon\u00e9taire de la FED. Notre \u00e9quipe scrute \u00e9galement une information plus g\u00e9n\u00e9raliste \u00e0 la recherche d'actualit\u00e9 \\\"p\u00e9pite\\\" \u00e0 vous partager. Depuis 5 ans, nous avons publi\u00e9 un peu plus de 4000 articles qui s'adressent \u00e0 un public large et vari\u00e9 ayant pour objectif de satisfaire votre curiosit\u00e9 et de partager avec vous une certaine fascination pour le m\u00e9tal jaune, le rachat d'or, et pour ceux qui veulent investir dans l'or, vendre leur or tout simplement en savoir plus... Pour tous vos achat or et argent, n'h\u00e9sitez pas \u00e0 prendre rendez-vous dans l'un de nos nombreux comptoirs.\",\"sameAs\":[\"https:\\\/\\\/www.gold.fr\"]}]}<\/script>\n<!-- \/ Yoast SEO plugin. -->","yoast_head_json":{"title":"Une conjoncture mondiale instable au service de l\u2019or - Gold.fr","description":"D\u00e9couvrez l'actualit\u00e9, notamment l'article \"Une Conjoncture mondiale instable au service de l'or\". Pour en savoir plus, rendez-vous sur Gold.fr. Le site d'actualit\u00e9 du Comptoir National de l'Or.","robots":{"index":"index","follow":"follow","max-snippet":"max-snippet:-1","max-image-preview":"max-image-preview:large","max-video-preview":"max-video-preview:-1"},"canonical":"https:\/\/www.gold.fr\/news\/2013\/03\/06\/une-conjoncture-mondiale-instable-au-service-de-lor\/","og_locale":"fr_FR","og_type":"article","og_title":"Une conjoncture mondiale instable au service de l\u2019or - Gold.fr","og_description":"D\u00e9couvrez l'actualit\u00e9, notamment l'article \"Une Conjoncture mondiale instable au service de l'or\". Pour en savoir plus, rendez-vous sur Gold.fr. Le site d'actualit\u00e9 du Comptoir National de l'Or.","og_url":"https:\/\/www.gold.fr\/news\/2013\/03\/06\/une-conjoncture-mondiale-instable-au-service-de-lor\/","og_site_name":"Gold.fr","article_publisher":"https:\/\/www.facebook.com\/Goldfr\/","article_published_time":"2013-03-06T16:00:31+00:00","article_modified_time":"2021-09-09T14:14:20+00:00","og_image":[{"width":1296,"height":810,"url":"https:\/\/www.gold.fr\/news\/wp-content\/uploads\/2018\/06\/italie_crise_UE.jpg","type":"image\/jpeg"}],"author":"Comptoir National de l'Or","twitter_card":"summary_large_image","twitter_misc":{"\u00c9crit par":"Comptoir National de l'Or","Dur\u00e9e de lecture estim\u00e9e":"1 minute"},"schema":{"@context":"https:\/\/schema.org","@graph":[{"@type":"Article","@id":"https:\/\/www.gold.fr\/news\/2013\/03\/06\/une-conjoncture-mondiale-instable-au-service-de-lor\/#article","isPartOf":{"@id":"https:\/\/www.gold.fr\/news\/2013\/03\/06\/une-conjoncture-mondiale-instable-au-service-de-lor\/"},"author":{"name":"Comptoir National de l'Or","@id":"https:\/\/www.gold.fr\/news\/#\/schema\/person\/070491b4b4fb7671bf59b3be20302ce9"},"headline":"Une conjoncture mondiale instable au service de l\u2019or","datePublished":"2013-03-06T16:00:31+00:00","dateModified":"2021-09-09T14:14:20+00:00","mainEntityOfPage":{"@id":"https:\/\/www.gold.fr\/news\/2013\/03\/06\/une-conjoncture-mondiale-instable-au-service-de-lor\/"},"wordCount":308,"image":{"@id":"https:\/\/www.gold.fr\/news\/2013\/03\/06\/une-conjoncture-mondiale-instable-au-service-de-lor\/#primaryimage"},"thumbnailUrl":"https:\/\/www.gold.fr\/news\/wp-content\/uploads\/2018\/06\/italie_crise_UE.jpg","keywords":["Achat or","conjoncture mondiale","italie","stagnation or"],"articleSection":["Articles de presse"],"inLanguage":"fr-FR"},{"@type":"WebPage","@id":"https:\/\/www.gold.fr\/news\/2013\/03\/06\/une-conjoncture-mondiale-instable-au-service-de-lor\/","url":"https:\/\/www.gold.fr\/news\/2013\/03\/06\/une-conjoncture-mondiale-instable-au-service-de-lor\/","name":"Une conjoncture mondiale instable au service de l\u2019or - Gold.fr","isPartOf":{"@id":"https:\/\/www.gold.fr\/news\/#website"},"primaryImageOfPage":{"@id":"https:\/\/www.gold.fr\/news\/2013\/03\/06\/une-conjoncture-mondiale-instable-au-service-de-lor\/#primaryimage"},"image":{"@id":"https:\/\/www.gold.fr\/news\/2013\/03\/06\/une-conjoncture-mondiale-instable-au-service-de-lor\/#primaryimage"},"thumbnailUrl":"https:\/\/www.gold.fr\/news\/wp-content\/uploads\/2018\/06\/italie_crise_UE.jpg","datePublished":"2013-03-06T16:00:31+00:00","dateModified":"2021-09-09T14:14:20+00:00","author":{"@id":"https:\/\/www.gold.fr\/news\/#\/schema\/person\/070491b4b4fb7671bf59b3be20302ce9"},"description":"D\u00e9couvrez l'actualit\u00e9, notamment l'article \"Une Conjoncture mondiale instable au service de l'or\". Pour en savoir plus, rendez-vous sur Gold.fr. Le site d'actualit\u00e9 du Comptoir National de l'Or.","breadcrumb":{"@id":"https:\/\/www.gold.fr\/news\/2013\/03\/06\/une-conjoncture-mondiale-instable-au-service-de-lor\/#breadcrumb"},"inLanguage":"fr-FR","potentialAction":[{"@type":"ReadAction","target":["https:\/\/www.gold.fr\/news\/2013\/03\/06\/une-conjoncture-mondiale-instable-au-service-de-lor\/"]}]},{"@type":"ImageObject","inLanguage":"fr-FR","@id":"https:\/\/www.gold.fr\/news\/2013\/03\/06\/une-conjoncture-mondiale-instable-au-service-de-lor\/#primaryimage","url":"https:\/\/www.gold.fr\/news\/wp-content\/uploads\/2018\/06\/italie_crise_UE.jpg","contentUrl":"https:\/\/www.gold.fr\/news\/wp-content\/uploads\/2018\/06\/italie_crise_UE.jpg","width":1296,"height":810,"caption":"Un risque de crise europ\u00e9enne tr\u00e8s loin d\u2019\u00eatre \u00e9cart\u00e9"},{"@type":"BreadcrumbList","@id":"https:\/\/www.gold.fr\/news\/2013\/03\/06\/une-conjoncture-mondiale-instable-au-service-de-lor\/#breadcrumb","itemListElement":[{"@type":"ListItem","position":1,"name":"Accueil","item":"https:\/\/www.gold.fr\/"},{"@type":"ListItem","position":2,"name":"Actualit\u00e9s","item":"https:\/\/www.gold.fr\/news\/"},{"@type":"ListItem","position":3,"name":"Une conjoncture mondiale instable au service de l\u2019or"}]},{"@type":"WebSite","@id":"https:\/\/www.gold.fr\/news\/#website","url":"https:\/\/www.gold.fr\/news\/","name":"Gold.fr","description":"Actualit\u00e9s de l&#039;Or et des m\u00e9taux pr\u00e9cieux","potentialAction":[{"@type":"SearchAction","target":{"@type":"EntryPoint","urlTemplate":"https:\/\/www.gold.fr\/news\/?s={search_term_string}"},"query-input":{"@type":"PropertyValueSpecification","valueRequired":true,"valueName":"search_term_string"}}],"inLanguage":"fr-FR"},{"@type":"Person","@id":"https:\/\/www.gold.fr\/news\/#\/schema\/person\/070491b4b4fb7671bf59b3be20302ce9","name":"Comptoir National de l'Or","image":{"@type":"ImageObject","inLanguage":"fr-FR","@id":"https:\/\/secure.gravatar.com\/avatar\/0a2867fd5abe37bed95d5a65e9d58f01756e11efc68af9888dfc50cfa7f65948?s=96&d=mm&r=gb490554db0a38188709de567aa58480d","url":"https:\/\/secure.gravatar.com\/avatar\/0a2867fd5abe37bed95d5a65e9d58f01756e11efc68af9888dfc50cfa7f65948?s=96&d=mm&r=g","contentUrl":"https:\/\/secure.gravatar.com\/avatar\/0a2867fd5abe37bed95d5a65e9d58f01756e11efc68af9888dfc50cfa7f65948?s=96&d=mm&r=g","caption":"Comptoir National de l'Or"},"description":"Notre r\u00e9daction est constitu\u00e9e de membres experts dans les m\u00e9tiers de l'\u00e9conomie et la gestion, des Responsables d'agence Comptoir National de l'Or, des analystes financiers qui publient r\u00e9guli\u00e8rement des \u00e9tudes sur les politiques des banques centrales, le cours de l'or, prix de l'or, cours de l'argent, prix de l'argent, cours du platine, cours du palladium,... la situation en zone euro et l'impact de la strat\u00e9gie mon\u00e9taire de la FED. Notre \u00e9quipe scrute \u00e9galement une information plus g\u00e9n\u00e9raliste \u00e0 la recherche d'actualit\u00e9 \"p\u00e9pite\" \u00e0 vous partager. Depuis 5 ans, nous avons publi\u00e9 un peu plus de 4000 articles qui s'adressent \u00e0 un public large et vari\u00e9 ayant pour objectif de satisfaire votre curiosit\u00e9 et de partager avec vous une certaine fascination pour le m\u00e9tal jaune, le rachat d'or, et pour ceux qui veulent investir dans l'or, vendre leur or tout simplement en savoir plus... Pour tous vos achat or et argent, n'h\u00e9sitez pas \u00e0 prendre rendez-vous dans l'un de nos nombreux comptoirs.","sameAs":["https:\/\/www.gold.fr"]}]}},"authors":[{"term_id":2565,"user_id":18,"is_guest":0,"slug":"julie","display_name":"Comptoir National de l'Or","avatar_url":"https:\/\/secure.gravatar.com\/avatar\/713f289e398d35ead876c4a4cc08607f0d6d266058cfc25683fffb6092d0e572?s=96&d=mm&r=g","0":null,"1":"","2":"","3":"","4":"","5":"","6":"","7":"","8":""}],"_links":{"self":[{"href":"https:\/\/www.gold.fr\/news\/wp-json\/wp\/v2\/posts\/10937","targetHints":{"allow":["GET"]}}],"collection":[{"href":"https:\/\/www.gold.fr\/news\/wp-json\/wp\/v2\/posts"}],"about":[{"href":"https:\/\/www.gold.fr\/news\/wp-json\/wp\/v2\/types\/post"}],"author":[{"embeddable":true,"href":"https:\/\/www.gold.fr\/news\/wp-json\/wp\/v2\/users\/18"}],"replies":[{"embeddable":true,"href":"https:\/\/www.gold.fr\/news\/wp-json\/wp\/v2\/comments?post=10937"}],"version-history":[{"count":0,"href":"https:\/\/www.gold.fr\/news\/wp-json\/wp\/v2\/posts\/10937\/revisions"}],"wp:featuredmedia":[{"embeddable":true,"href":"https:\/\/www.gold.fr\/news\/wp-json\/wp\/v2\/media\/32965"}],"wp:attachment":[{"href":"https:\/\/www.gold.fr\/news\/wp-json\/wp\/v2\/media?parent=10937"}],"wp:term":[{"taxonomy":"category","embeddable":true,"href":"https:\/\/www.gold.fr\/news\/wp-json\/wp\/v2\/categories?post=10937"},{"taxonomy":"post_tag","embeddable":true,"href":"https:\/\/www.gold.fr\/news\/wp-json\/wp\/v2\/tags?post=10937"},{"taxonomy":"author","embeddable":true,"href":"https:\/\/www.gold.fr\/news\/wp-json\/wp\/v2\/ppma_author?post=10937"}],"curies":[{"name":"wp","href":"https:\/\/api.w.org\/{rel}","templated":true}]}}