{"id":10933,"date":"2013-03-04T10:46:24","date_gmt":"2013-03-04T09:46:24","guid":{"rendered":"https:\/\/www.gold.fr\/news\/?p=10933"},"modified":"2017-11-02T11:34:18","modified_gmt":"2017-11-02T10:34:18","slug":"leffet-placebo-des-corrections-en-phase-terminale","status":"publish","type":"post","link":"https:\/\/www.gold.fr\/news\/2013\/03\/04\/leffet-placebo-des-corrections-en-phase-terminale\/","title":{"rendered":"L&rsquo;effet placebo des corrections en phase terminale"},"content":{"rendered":"<p><span style=\"font-size: small;\"><img loading=\"lazy\" decoding=\"async\" class=\"aligncenter size-thumbnail wp-image-6319\" style=\"float: left; margin: 5px; border: 1px solid black;\" title=\"baisse-cours-or\" src=\"https:\/\/www.gold.fr\/news\/wp-content\/uploads\/2012\/03\/baisse-cours-or1-150x150.jpg\" alt=\"\" width=\"150\" height=\"150\" \/>Ces derni\u00e8res semaines, le cours du m\u00e9tal fin a du mal \u00e0 reprendre des couleurs, <a title=\"Cours de l'Once d'Or\" href=\"https:\/\/www.gold.fr\/once-en\/\" target=\"_blank\">l&rsquo;once d&rsquo;or<\/a> a subi un tr\u00e8s net d\u00e9crochage en passant sous la barre des 1600$. Pour tenter de comprendre cette anomalie, il nous suffit de mettre en lumi\u00e8re les \u00e9v\u00e8nements suivants, et la liste n&rsquo;est pas exhaustive.<\/span>    <span style=\"font-size: small;\">Tout d&rsquo;abord, la fermeture du march\u00e9 asiatique du 11 au 17 f\u00e9vrier \u00e0 l&rsquo;occasion du nouvel an chinois, a entrain\u00e9 une baisse consid\u00e9rable des volumes d&rsquo;\u00e9change d&rsquo;<a href='https:\/\/www.gold.fr\/news\/tags\/or' class='esk-seo-plu-link'>or<\/a> et un d\u00e9sint\u00e9r\u00eat pour le march\u00e9 chinois en particulier. Toutefois, le Shanga\u00ef Gold Exchange a litt\u00e9ralement explos\u00e9 \u00e0 la r\u00e9ouverture, avec un volume de <strong>22 tonnes d&rsquo;\u00e9changes pour la seule journ\u00e9e du lundi 18 f\u00e9vrier<\/strong>.<\/span>    <span style=\"font-size: small;\">Le g\u00e9ant de la finance George Soros au 4\u00e8me trimestre 2012, a coup\u00e9 une partie de ses positions sur l&rsquo;<a href='https:\/\/www.gold.fr\/news\/tags\/or' class='esk-seo-plu-link'>or<\/a> en faveur du yen, ce qui lui a permis d&rsquo;ailleurs de r\u00e9aliser des gains faramineux. Pourtant, son penchant pour la rentabilit\u00e9 du <a href='https:\/\/www.gold.fr\/news\/tags\/or' class='esk-seo-plu-link'>m\u00e9tal jaune<\/a> \u00e0 long terme, demeure inchang\u00e9 puisqu&rsquo;il s&rsquo;est bien gard\u00e9 de couper toutes ses positions. Il s&rsquo;est tout simplement plac\u00e9 sur un march\u00e9 plus profitable \u00e0 court terme.<\/span>    <span style=\"font-size: small;\">Les march\u00e9s des actions et des obligations ces derniers temps, ont b\u00e9n\u00e9fici\u00e9 d&rsquo;un beau \u00ab\u00a0parcours\u00a0\u00bb ce qui leur a valu un regain d&rsquo;int\u00e9r\u00eat de la part des investisseurs et par cons\u00e9quent, une prise de b\u00e9n\u00e9fice sur le march\u00e9 de l&rsquo;<a href='https:\/\/www.gold.fr\/news\/tags\/or' class='esk-seo-plu-link'>or<\/a>.<\/span>    <span style=\"font-size: small;\">Toujours est-il que sur le court terme, nous avons observ\u00e9 que l&rsquo;Inde qui est l&rsquo;un des pays les plus importants sur le march\u00e9 de l&rsquo;<a href='https:\/\/www.gold.fr\/news\/tags\/or' class='esk-seo-plu-link'>or<\/a>, a d\u00e9marr\u00e9 l&rsquo;ann\u00e9e en grande pompe gr\u00e2ce \u00e0 ses <a title=\"Achat d'Or\" href=\"https:\/\/www.gold.fr\/achat-or\/\" target=\"_blank\">achats d&rsquo;or<\/a>. Ces derniers \u00e9taient probablement pr\u00e9ventifs, suite \u00e0 la d\u00e9cision du gouvernement d&rsquo;<a title=\"L\u2019Inde met en place une taxe pour mod\u00e9rer les ardeurs de ses concitoyens\" href=\"https:\/\/www.gold.fr\/news\/2013\/02\/13\/linde-met-en-place-une-taxe-pour-moderer-les-ardeurs-de-ses-concitoyens\/10730\/\" target=\"_blank\">augmenter les taxes sur les importations<\/a>. En termes de chiffres, <strong>l&rsquo;Inde a achet\u00e9 en 2012 l&rsquo;\u00e9quivalent de 860 tonnes d&rsquo;<a href='https:\/\/www.gold.fr\/news\/tags\/or' class='esk-seo-plu-link'>or<\/a> et 100 tonnes au seul mois de janvier 2013<\/strong>, ce qui est tout de m\u00eame tr\u00e8s au dessus des chiffres habituels. Par ailleurs, d&rsquo;autres pays des BRICS comme la Chine ou la Russie pr\u00e9voient eux d&rsquo;augmenter massivement leurs r\u00e9serves d&rsquo;<a href='https:\/\/www.gold.fr\/news\/tags\/or' class='esk-seo-plu-link'>or<\/a> dans les prochains mois. Ind\u00e9pendamment de tout cela :<\/span>    <span style=\"font-size: small;\">Les compagnies mini\u00e8res, se trouvent aujourd&rsquo;hui dans une situation extr\u00eamement tendue particuli\u00e8rement en Afrique du sud, du fait de l&rsquo;alourdissement des co\u00fbts de production via l&rsquo;accroissement des co\u00fbts de l&rsquo;\u00e9lectricit\u00e9. Par cons\u00e9quent, l&rsquo;activit\u00e9 de production est devenue pesante et les compagnies mini\u00e8res pr\u00e9voient de revoir \u00e0 la baisse leurs investissements.  Ceci va s&rsquo;inscrire bien \u00e9videmment en faveur d&rsquo;un march\u00e9 haussier de l&rsquo;<a href='https:\/\/www.gold.fr\/news\/tags\/or' class='esk-seo-plu-link'>or<\/a>.<\/span>    <span style=\"font-size: small;\">De plus, les plus grands producteurs d&rsquo;<a href='https:\/\/www.gold.fr\/news\/tags\/or' class='esk-seo-plu-link'>or<\/a> tels que Barrick Gold, estiment que la production d&rsquo;une once d&rsquo;<a href='https:\/\/www.gold.fr\/news\/tags\/or' class='esk-seo-plu-link'>or<\/a> co\u00fbte entre 1550 et 1600 $ net. C&rsquo;est pourquoi si le <a title=\"Cours de l'Or\" href=\"https:\/\/www.gold.fr\/cours-prix-de-l-or\/\" target=\"_blank\">cours de l&rsquo;or<\/a> baisse en dessous de cette fourchette, \u00e0 cause de violentes corrections, il y aura une nouvelle r\u00e9vision des projets en cours. Ceci engendrera potentiellement une baisse de la production et donc, une tr\u00e8s forte augmentation du prix de l&rsquo;<a href='https:\/\/www.gold.fr\/news\/tags\/or' class='esk-seo-plu-link'>or<\/a> lequel se sera enfin \u00e9chapp\u00e9 de cette phase de retenue pour briller \u00e0 nouveau !<\/span>  <\/p>\n<p style=\"text-align: right;\"><span style=\"font-size: x-small;\">(Sources : Boursorama\/Le Point\/Capital)<\/span><\/p>\n<!-- AddThis Advanced Settings generic via filter on the_content --><!-- AddThis Share Buttons generic via filter on the_content -->","protected":false},"excerpt":{"rendered":"<p>Ces derni\u00e8res semaines, le cours du m\u00e9tal fin a du mal \u00e0 reprendre des couleurs, l&rsquo;once d&rsquo;or a subi un tr\u00e8s net d\u00e9crochage en passant sous la barre des 1600$. Pour tenter de comprendre cette anomalie, [&hellip;]<\/p>\n","protected":false},"author":11,"featured_media":6319,"comment_status":"open","ping_status":"open","sticky":false,"template":"","format":"standard","meta":{"_mbp_gutenberg_autopost":false,"_pgmb_is_evergreen":false,"_pgmb_ap_template_id":0,"footnotes":""},"categories":[4],"tags":[1171,1172,302,303],"ppma_author":[2562],"class_list":["post-10933","post","type-post","status-publish","format-standard","has-post-thumbnail","hentry","category-analyses-economiques","tag-baisse-cours-or","tag-correction-or","tag-or-chine","tag-or-inde"],"yoast_head":"<!-- This site is optimized with the Yoast SEO plugin v27.5 - https:\/\/yoast.com\/product\/yoast-seo-wordpress\/ -->\n<title>L&#039;effet placebo des corrections en phase terminale - Gold.fr<\/title>\n<meta name=\"robots\" content=\"index, follow, max-snippet:-1, max-image-preview:large, max-video-preview:-1\" \/>\n<link rel=\"canonical\" href=\"https:\/\/www.gold.fr\/news\/2013\/03\/04\/leffet-placebo-des-corrections-en-phase-terminale\/\" \/>\n<meta property=\"og:locale\" content=\"fr_FR\" \/>\n<meta property=\"og:type\" content=\"article\" \/>\n<meta property=\"og:title\" content=\"L&#039;effet placebo des corrections en phase terminale - Gold.fr\" \/>\n<meta property=\"og:description\" content=\"Ces derni\u00e8res semaines, le cours du m\u00e9tal fin a du mal \u00e0 reprendre des couleurs, l&rsquo;once d&rsquo;or a subi un tr\u00e8s net d\u00e9crochage en passant sous la barre des 1600$. Pour tenter de comprendre cette anomalie, [&hellip;]\" \/>\n<meta property=\"og:url\" content=\"https:\/\/www.gold.fr\/news\/2013\/03\/04\/leffet-placebo-des-corrections-en-phase-terminale\/\" \/>\n<meta property=\"og:site_name\" content=\"Gold.fr\" \/>\n<meta property=\"article:publisher\" content=\"https:\/\/www.facebook.com\/Goldfr\/\" \/>\n<meta property=\"article:published_time\" content=\"2013-03-04T09:46:24+00:00\" \/>\n<meta property=\"article:modified_time\" content=\"2017-11-02T10:34:18+00:00\" \/>\n<meta property=\"og:image\" content=\"https:\/\/www.gold.fr\/news\/wp-content\/uploads\/2012\/03\/baisse-cours-or1.jpg\" \/>\n\t<meta property=\"og:image:width\" content=\"600\" \/>\n\t<meta property=\"og:image:height\" content=\"400\" \/>\n\t<meta property=\"og:image:type\" content=\"image\/jpeg\" \/>\n<meta name=\"author\" content=\"Anthony\" \/>\n<meta name=\"twitter:card\" content=\"summary_large_image\" \/>\n<meta name=\"twitter:label1\" content=\"\u00c9crit par\" \/>\n\t<meta name=\"twitter:data1\" content=\"Anthony\" \/>\n\t<meta name=\"twitter:label2\" content=\"Dur\u00e9e de lecture estim\u00e9e\" \/>\n\t<meta name=\"twitter:data2\" content=\"3 minutes\" \/>\n<script type=\"application\/ld+json\" class=\"yoast-schema-graph\">{\"@context\":\"https:\\\/\\\/schema.org\",\"@graph\":[{\"@type\":\"Article\",\"@id\":\"https:\\\/\\\/www.gold.fr\\\/news\\\/2013\\\/03\\\/04\\\/leffet-placebo-des-corrections-en-phase-terminale\\\/#article\",\"isPartOf\":{\"@id\":\"https:\\\/\\\/www.gold.fr\\\/news\\\/2013\\\/03\\\/04\\\/leffet-placebo-des-corrections-en-phase-terminale\\\/\"},\"author\":{\"name\":\"Anthony\",\"@id\":\"https:\\\/\\\/www.gold.fr\\\/news\\\/#\\\/schema\\\/person\\\/feb6458ffd7bceeeb4e228398c34fbe5\"},\"headline\":\"L&rsquo;effet placebo des corrections en phase terminale\",\"datePublished\":\"2013-03-04T09:46:24+00:00\",\"dateModified\":\"2017-11-02T10:34:18+00:00\",\"mainEntityOfPage\":{\"@id\":\"https:\\\/\\\/www.gold.fr\\\/news\\\/2013\\\/03\\\/04\\\/leffet-placebo-des-corrections-en-phase-terminale\\\/\"},\"wordCount\":566,\"commentCount\":0,\"image\":{\"@id\":\"https:\\\/\\\/www.gold.fr\\\/news\\\/2013\\\/03\\\/04\\\/leffet-placebo-des-corrections-en-phase-terminale\\\/#primaryimage\"},\"thumbnailUrl\":\"https:\\\/\\\/www.gold.fr\\\/news\\\/wp-content\\\/uploads\\\/2012\\\/03\\\/baisse-cours-or1.jpg\",\"keywords\":[\"baisse cours or\",\"correction or\",\"Or Chine\",\"Or Inde\"],\"articleSection\":[\"Analyses Economiques\"],\"inLanguage\":\"fr-FR\"},{\"@type\":\"WebPage\",\"@id\":\"https:\\\/\\\/www.gold.fr\\\/news\\\/2013\\\/03\\\/04\\\/leffet-placebo-des-corrections-en-phase-terminale\\\/\",\"url\":\"https:\\\/\\\/www.gold.fr\\\/news\\\/2013\\\/03\\\/04\\\/leffet-placebo-des-corrections-en-phase-terminale\\\/\",\"name\":\"L'effet placebo des corrections en phase terminale - Gold.fr\",\"isPartOf\":{\"@id\":\"https:\\\/\\\/www.gold.fr\\\/news\\\/#website\"},\"primaryImageOfPage\":{\"@id\":\"https:\\\/\\\/www.gold.fr\\\/news\\\/2013\\\/03\\\/04\\\/leffet-placebo-des-corrections-en-phase-terminale\\\/#primaryimage\"},\"image\":{\"@id\":\"https:\\\/\\\/www.gold.fr\\\/news\\\/2013\\\/03\\\/04\\\/leffet-placebo-des-corrections-en-phase-terminale\\\/#primaryimage\"},\"thumbnailUrl\":\"https:\\\/\\\/www.gold.fr\\\/news\\\/wp-content\\\/uploads\\\/2012\\\/03\\\/baisse-cours-or1.jpg\",\"datePublished\":\"2013-03-04T09:46:24+00:00\",\"dateModified\":\"2017-11-02T10:34:18+00:00\",\"author\":{\"@id\":\"https:\\\/\\\/www.gold.fr\\\/news\\\/#\\\/schema\\\/person\\\/feb6458ffd7bceeeb4e228398c34fbe5\"},\"breadcrumb\":{\"@id\":\"https:\\\/\\\/www.gold.fr\\\/news\\\/2013\\\/03\\\/04\\\/leffet-placebo-des-corrections-en-phase-terminale\\\/#breadcrumb\"},\"inLanguage\":\"fr-FR\",\"potentialAction\":[{\"@type\":\"ReadAction\",\"target\":[\"https:\\\/\\\/www.gold.fr\\\/news\\\/2013\\\/03\\\/04\\\/leffet-placebo-des-corrections-en-phase-terminale\\\/\"]}]},{\"@type\":\"ImageObject\",\"inLanguage\":\"fr-FR\",\"@id\":\"https:\\\/\\\/www.gold.fr\\\/news\\\/2013\\\/03\\\/04\\\/leffet-placebo-des-corrections-en-phase-terminale\\\/#primaryimage\",\"url\":\"https:\\\/\\\/www.gold.fr\\\/news\\\/wp-content\\\/uploads\\\/2012\\\/03\\\/baisse-cours-or1.jpg\",\"contentUrl\":\"https:\\\/\\\/www.gold.fr\\\/news\\\/wp-content\\\/uploads\\\/2012\\\/03\\\/baisse-cours-or1.jpg\",\"width\":\"600\",\"height\":\"400\",\"caption\":\"Le march\u00e9 p\u00e9trolier en qu\u00eate de tendance\"},{\"@type\":\"BreadcrumbList\",\"@id\":\"https:\\\/\\\/www.gold.fr\\\/news\\\/2013\\\/03\\\/04\\\/leffet-placebo-des-corrections-en-phase-terminale\\\/#breadcrumb\",\"itemListElement\":[{\"@type\":\"ListItem\",\"position\":1,\"name\":\"Accueil\",\"item\":\"https:\\\/\\\/www.gold.fr\\\/\"},{\"@type\":\"ListItem\",\"position\":2,\"name\":\"Actualit\u00e9s\",\"item\":\"https:\\\/\\\/www.gold.fr\\\/news\\\/\"},{\"@type\":\"ListItem\",\"position\":3,\"name\":\"L&rsquo;effet placebo des corrections en phase terminale\"}]},{\"@type\":\"WebSite\",\"@id\":\"https:\\\/\\\/www.gold.fr\\\/news\\\/#website\",\"url\":\"https:\\\/\\\/www.gold.fr\\\/news\\\/\",\"name\":\"Gold.fr\",\"description\":\"Actualit\u00e9s de l&#039;Or et des m\u00e9taux pr\u00e9cieux\",\"potentialAction\":[{\"@type\":\"SearchAction\",\"target\":{\"@type\":\"EntryPoint\",\"urlTemplate\":\"https:\\\/\\\/www.gold.fr\\\/news\\\/?s={search_term_string}\"},\"query-input\":{\"@type\":\"PropertyValueSpecification\",\"valueRequired\":true,\"valueName\":\"search_term_string\"}}],\"inLanguage\":\"fr-FR\"},{\"@type\":\"Person\",\"@id\":\"https:\\\/\\\/www.gold.fr\\\/news\\\/#\\\/schema\\\/person\\\/feb6458ffd7bceeeb4e228398c34fbe5\",\"name\":\"Anthony\",\"image\":{\"@type\":\"ImageObject\",\"inLanguage\":\"fr-FR\",\"@id\":\"https:\\\/\\\/secure.gravatar.com\\\/avatar\\\/19974f7c75da5f0b217374f3a37eb05031e41aaad4ceb3fe17ada2ab3daf6b95?s=96&d=mm&r=gbc5324aff3d366843e00df00c899c1a8\",\"url\":\"https:\\\/\\\/secure.gravatar.com\\\/avatar\\\/19974f7c75da5f0b217374f3a37eb05031e41aaad4ceb3fe17ada2ab3daf6b95?s=96&d=mm&r=g\",\"contentUrl\":\"https:\\\/\\\/secure.gravatar.com\\\/avatar\\\/19974f7c75da5f0b217374f3a37eb05031e41aaad4ceb3fe17ada2ab3daf6b95?s=96&d=mm&r=g\",\"caption\":\"Anthony\"},\"description\":\"Notre r\u00e9daction est constitu\u00e9e de membres experts dans les m\u00e9tiers de l'\u00e9conomie et la gestion, des Responsables d'agence Comptoir National de l'Or, des analystes financiers qui publient r\u00e9guli\u00e8rement des \u00e9tudes sur les politiques des banques centrales, le cours de l'or, le cours de l'argent, cours du platine, cours du palladium... la situation en zone euro et l'impact de la strat\u00e9gie mon\u00e9taire de la FED. Notre \u00e9quipe scrute \u00e9galement une information plus g\u00e9n\u00e9raliste \u00e0 la recherche d'actualit\u00e9 \\\"p\u00e9pite\\\" \u00e0 vous partager. Depuis 5 ans, nous avons publi\u00e9 un peu plus de 4000 articles qui s'adressent \u00e0 un public large et vari\u00e9 ayant pour objectif de satisfaire votre curiosit\u00e9 et de partager avec vous une certaine fascination pour le m\u00e9tal jaune, pour ceux qui veulent investir dans l'or, vendre leur or tout simplement en savoir plus...\",\"sameAs\":[\"https:\\\/\\\/www.gold.fr\\\/news\"]}]}<\/script>\n<!-- \/ Yoast SEO plugin. -->","yoast_head_json":{"title":"L'effet placebo des corrections en phase terminale - Gold.fr","robots":{"index":"index","follow":"follow","max-snippet":"max-snippet:-1","max-image-preview":"max-image-preview:large","max-video-preview":"max-video-preview:-1"},"canonical":"https:\/\/www.gold.fr\/news\/2013\/03\/04\/leffet-placebo-des-corrections-en-phase-terminale\/","og_locale":"fr_FR","og_type":"article","og_title":"L'effet placebo des corrections en phase terminale - Gold.fr","og_description":"Ces derni\u00e8res semaines, le cours du m\u00e9tal fin a du mal \u00e0 reprendre des couleurs, l&rsquo;once d&rsquo;or a subi un tr\u00e8s net d\u00e9crochage en passant sous la barre des 1600$. Pour tenter de comprendre cette anomalie, [&hellip;]","og_url":"https:\/\/www.gold.fr\/news\/2013\/03\/04\/leffet-placebo-des-corrections-en-phase-terminale\/","og_site_name":"Gold.fr","article_publisher":"https:\/\/www.facebook.com\/Goldfr\/","article_published_time":"2013-03-04T09:46:24+00:00","article_modified_time":"2017-11-02T10:34:18+00:00","og_image":[{"width":600,"height":400,"url":"https:\/\/www.gold.fr\/news\/wp-content\/uploads\/2012\/03\/baisse-cours-or1.jpg","type":"image\/jpeg"}],"author":"Anthony","twitter_card":"summary_large_image","twitter_misc":{"\u00c9crit par":"Anthony","Dur\u00e9e de lecture estim\u00e9e":"3 minutes"},"schema":{"@context":"https:\/\/schema.org","@graph":[{"@type":"Article","@id":"https:\/\/www.gold.fr\/news\/2013\/03\/04\/leffet-placebo-des-corrections-en-phase-terminale\/#article","isPartOf":{"@id":"https:\/\/www.gold.fr\/news\/2013\/03\/04\/leffet-placebo-des-corrections-en-phase-terminale\/"},"author":{"name":"Anthony","@id":"https:\/\/www.gold.fr\/news\/#\/schema\/person\/feb6458ffd7bceeeb4e228398c34fbe5"},"headline":"L&rsquo;effet placebo des corrections en phase terminale","datePublished":"2013-03-04T09:46:24+00:00","dateModified":"2017-11-02T10:34:18+00:00","mainEntityOfPage":{"@id":"https:\/\/www.gold.fr\/news\/2013\/03\/04\/leffet-placebo-des-corrections-en-phase-terminale\/"},"wordCount":566,"commentCount":0,"image":{"@id":"https:\/\/www.gold.fr\/news\/2013\/03\/04\/leffet-placebo-des-corrections-en-phase-terminale\/#primaryimage"},"thumbnailUrl":"https:\/\/www.gold.fr\/news\/wp-content\/uploads\/2012\/03\/baisse-cours-or1.jpg","keywords":["baisse cours or","correction or","Or Chine","Or Inde"],"articleSection":["Analyses Economiques"],"inLanguage":"fr-FR"},{"@type":"WebPage","@id":"https:\/\/www.gold.fr\/news\/2013\/03\/04\/leffet-placebo-des-corrections-en-phase-terminale\/","url":"https:\/\/www.gold.fr\/news\/2013\/03\/04\/leffet-placebo-des-corrections-en-phase-terminale\/","name":"L'effet placebo des corrections en phase terminale - Gold.fr","isPartOf":{"@id":"https:\/\/www.gold.fr\/news\/#website"},"primaryImageOfPage":{"@id":"https:\/\/www.gold.fr\/news\/2013\/03\/04\/leffet-placebo-des-corrections-en-phase-terminale\/#primaryimage"},"image":{"@id":"https:\/\/www.gold.fr\/news\/2013\/03\/04\/leffet-placebo-des-corrections-en-phase-terminale\/#primaryimage"},"thumbnailUrl":"https:\/\/www.gold.fr\/news\/wp-content\/uploads\/2012\/03\/baisse-cours-or1.jpg","datePublished":"2013-03-04T09:46:24+00:00","dateModified":"2017-11-02T10:34:18+00:00","author":{"@id":"https:\/\/www.gold.fr\/news\/#\/schema\/person\/feb6458ffd7bceeeb4e228398c34fbe5"},"breadcrumb":{"@id":"https:\/\/www.gold.fr\/news\/2013\/03\/04\/leffet-placebo-des-corrections-en-phase-terminale\/#breadcrumb"},"inLanguage":"fr-FR","potentialAction":[{"@type":"ReadAction","target":["https:\/\/www.gold.fr\/news\/2013\/03\/04\/leffet-placebo-des-corrections-en-phase-terminale\/"]}]},{"@type":"ImageObject","inLanguage":"fr-FR","@id":"https:\/\/www.gold.fr\/news\/2013\/03\/04\/leffet-placebo-des-corrections-en-phase-terminale\/#primaryimage","url":"https:\/\/www.gold.fr\/news\/wp-content\/uploads\/2012\/03\/baisse-cours-or1.jpg","contentUrl":"https:\/\/www.gold.fr\/news\/wp-content\/uploads\/2012\/03\/baisse-cours-or1.jpg","width":"600","height":"400","caption":"Le march\u00e9 p\u00e9trolier en qu\u00eate de tendance"},{"@type":"BreadcrumbList","@id":"https:\/\/www.gold.fr\/news\/2013\/03\/04\/leffet-placebo-des-corrections-en-phase-terminale\/#breadcrumb","itemListElement":[{"@type":"ListItem","position":1,"name":"Accueil","item":"https:\/\/www.gold.fr\/"},{"@type":"ListItem","position":2,"name":"Actualit\u00e9s","item":"https:\/\/www.gold.fr\/news\/"},{"@type":"ListItem","position":3,"name":"L&rsquo;effet placebo des corrections en phase terminale"}]},{"@type":"WebSite","@id":"https:\/\/www.gold.fr\/news\/#website","url":"https:\/\/www.gold.fr\/news\/","name":"Gold.fr","description":"Actualit\u00e9s de l&#039;Or et des m\u00e9taux pr\u00e9cieux","potentialAction":[{"@type":"SearchAction","target":{"@type":"EntryPoint","urlTemplate":"https:\/\/www.gold.fr\/news\/?s={search_term_string}"},"query-input":{"@type":"PropertyValueSpecification","valueRequired":true,"valueName":"search_term_string"}}],"inLanguage":"fr-FR"},{"@type":"Person","@id":"https:\/\/www.gold.fr\/news\/#\/schema\/person\/feb6458ffd7bceeeb4e228398c34fbe5","name":"Anthony","image":{"@type":"ImageObject","inLanguage":"fr-FR","@id":"https:\/\/secure.gravatar.com\/avatar\/19974f7c75da5f0b217374f3a37eb05031e41aaad4ceb3fe17ada2ab3daf6b95?s=96&d=mm&r=gbc5324aff3d366843e00df00c899c1a8","url":"https:\/\/secure.gravatar.com\/avatar\/19974f7c75da5f0b217374f3a37eb05031e41aaad4ceb3fe17ada2ab3daf6b95?s=96&d=mm&r=g","contentUrl":"https:\/\/secure.gravatar.com\/avatar\/19974f7c75da5f0b217374f3a37eb05031e41aaad4ceb3fe17ada2ab3daf6b95?s=96&d=mm&r=g","caption":"Anthony"},"description":"Notre r\u00e9daction est constitu\u00e9e de membres experts dans les m\u00e9tiers de l'\u00e9conomie et la gestion, des Responsables d'agence Comptoir National de l'Or, des analystes financiers qui publient r\u00e9guli\u00e8rement des \u00e9tudes sur les politiques des banques centrales, le cours de l'or, le cours de l'argent, cours du platine, cours du palladium... la situation en zone euro et l'impact de la strat\u00e9gie mon\u00e9taire de la FED. Notre \u00e9quipe scrute \u00e9galement une information plus g\u00e9n\u00e9raliste \u00e0 la recherche d'actualit\u00e9 \"p\u00e9pite\" \u00e0 vous partager. Depuis 5 ans, nous avons publi\u00e9 un peu plus de 4000 articles qui s'adressent \u00e0 un public large et vari\u00e9 ayant pour objectif de satisfaire votre curiosit\u00e9 et de partager avec vous une certaine fascination pour le m\u00e9tal jaune, pour ceux qui veulent investir dans l'or, vendre leur or tout simplement en savoir plus...","sameAs":["https:\/\/www.gold.fr\/news"]}]}},"authors":[{"term_id":2562,"user_id":11,"is_guest":0,"slug":"anthony","display_name":"Anthony","avatar_url":"https:\/\/secure.gravatar.com\/avatar\/19974f7c75da5f0b217374f3a37eb05031e41aaad4ceb3fe17ada2ab3daf6b95?s=96&d=mm&r=g","0":null,"1":"","2":"","3":"","4":"","5":"","6":"","7":"","8":""}],"_links":{"self":[{"href":"https:\/\/www.gold.fr\/news\/wp-json\/wp\/v2\/posts\/10933","targetHints":{"allow":["GET"]}}],"collection":[{"href":"https:\/\/www.gold.fr\/news\/wp-json\/wp\/v2\/posts"}],"about":[{"href":"https:\/\/www.gold.fr\/news\/wp-json\/wp\/v2\/types\/post"}],"author":[{"embeddable":true,"href":"https:\/\/www.gold.fr\/news\/wp-json\/wp\/v2\/users\/11"}],"replies":[{"embeddable":true,"href":"https:\/\/www.gold.fr\/news\/wp-json\/wp\/v2\/comments?post=10933"}],"version-history":[{"count":0,"href":"https:\/\/www.gold.fr\/news\/wp-json\/wp\/v2\/posts\/10933\/revisions"}],"wp:featuredmedia":[{"embeddable":true,"href":"https:\/\/www.gold.fr\/news\/wp-json\/wp\/v2\/media\/6319"}],"wp:attachment":[{"href":"https:\/\/www.gold.fr\/news\/wp-json\/wp\/v2\/media?parent=10933"}],"wp:term":[{"taxonomy":"category","embeddable":true,"href":"https:\/\/www.gold.fr\/news\/wp-json\/wp\/v2\/categories?post=10933"},{"taxonomy":"post_tag","embeddable":true,"href":"https:\/\/www.gold.fr\/news\/wp-json\/wp\/v2\/tags?post=10933"},{"taxonomy":"author","embeddable":true,"href":"https:\/\/www.gold.fr\/news\/wp-json\/wp\/v2\/ppma_author?post=10933"}],"curies":[{"name":"wp","href":"https:\/\/api.w.org\/{rel}","templated":true}]}}