{"id":10927,"date":"2013-03-04T17:00:04","date_gmt":"2013-03-04T16:00:04","guid":{"rendered":"https:\/\/www.gold.fr\/news\/?p=10927"},"modified":"2017-11-02T11:34:18","modified_gmt":"2017-11-02T10:34:18","slug":"evolution-de-lor-entre-la-fed-et-litalie","status":"publish","type":"post","link":"https:\/\/www.gold.fr\/news\/2013\/03\/04\/evolution-de-lor-entre-la-fed-et-litalie\/","title":{"rendered":"Evolution de l\u2019or \u2013 Entre la FED et l\u2019Italie"},"content":{"rendered":"<p><span style=\"font-size: small;\"><img loading=\"lazy\" decoding=\"async\" class=\"alignleft size-thumbnail wp-image-3998\" title=\"Evolution de l\u2019or \u2013 Entre la FED et l\u2019Italie\" src=\"https:\/\/www.gold.fr\/news\/wp-content\/uploads\/2011\/11\/Lingot-or-150x150.jpg\" alt=\"\" width=\"150\" height=\"150\" \/>Il faut admettre que l&rsquo;\u00e9volution du <a title=\"Prix de l\u2019or\" href=\"https:\/\/www.gold.fr\/cours-prix-de-l-or\/\" target=\"_blank\">prix du m\u00e9tal jaune<\/a> a indiscutablement suivi les diff\u00e9rentes anticipations et pr\u00e9visions relatives \u00e0 la dur\u00e9e de vie restante du programme d&rsquo;achats d&rsquo;actions initi\u00e9 par la <strong>FED<\/strong>. Ce programme, qui consiste \u00e0 faire fonctionner la planche \u00e0 billets \u00e0 plein temps dans l&rsquo;espoir de ressusciter le syst\u00e8me financier national.<\/span>    <span style=\"font-size: small;\">Du coup, les prix du march\u00e9 aurif\u00e8re ont r\u00e9cemment connu un passage \u00e0 vide, suite au compte-rendu du conseil directeur de la R\u00e9serve F\u00e9d\u00e9rale Am\u00e9ricaine (publi\u00e9 en janvier). Le rapport r\u00e9v\u00e9lait que les membres du conseil avaient l&rsquo;intention de \u00ab <em>ralentir, voire d&rsquo;arr\u00eater les acquisitions d&rsquo;obligations repr\u00e9sentant un volume de <strong>85 milliards d&rsquo;USD<\/strong>, avant m\u00eame que le march\u00e9 du travail ne se ressaisisse<\/em> \u00bb.<\/span>    <span style=\"font-size: small;\">Mais l&rsquo;<a href='https:\/\/www.gold.fr\/news\/tags\/or' class='esk-seo-plu-link'>or<\/a> a n\u00e9anmoins r\u00e9ussi \u00e0 se maintenir \u00e0 un niveau assez \u00e9lev\u00e9, gr\u00e2ce, notamment, \u00e0 la situation inextricable en Italie. En effet, suite \u00e0 la r\u00e9cente annonce des r\u00e9sultats des \u00e9lections l\u00e9gislatives nationales, la confusion est \u00e0 son comble. Et les inqui\u00e9tudes, \u00e9galement. Conform\u00e9ment aux craintes pr\u00e9alables \u00e0 ce r\u00e9sultat, aucun parti politique n&rsquo;a pu r\u00e9colter la majorit\u00e9 au sein du s\u00e9ant, ce qui annonce d&rsquo;ores et d\u00e9j\u00e0 l&rsquo;av\u00e8nement d&rsquo;une nouvelle phase d&rsquo;instabilit\u00e9 politique, menant \u00e9ventuellement \u00e0 une autre crise r\u00e9gionale g\u00e9n\u00e9ralis\u00e9e.<\/span><\/p>\n<!-- AddThis Advanced Settings generic via filter on the_content --><!-- AddThis Share Buttons generic via filter on the_content -->","protected":false},"excerpt":{"rendered":"<p>Il faut admettre que l&rsquo;\u00e9volution du prix du m\u00e9tal jaune a indiscutablement suivi les diff\u00e9rentes anticipations et pr\u00e9visions relatives \u00e0 la dur\u00e9e de vie restante du programme d&rsquo;achats d&rsquo;actions initi\u00e9 par la FED. Ce programme, qui [&hellip;]<\/p>\n","protected":false},"author":18,"featured_media":3998,"comment_status":"open","ping_status":"open","sticky":false,"template":"","format":"standard","meta":{"_mbp_gutenberg_autopost":false,"_pgmb_is_evergreen":false,"_pgmb_ap_template_id":0,"footnotes":""},"categories":[6],"tags":[1167,144,1168],"ppma_author":[2565],"class_list":["post-10927","post","type-post","status-publish","format-standard","has-post-thumbnail","hentry","category-articles-de-presse","tag-evolution-or","tag-fed","tag-fed-et-italie"],"yoast_head":"<!-- This site is optimized with the Yoast SEO plugin v27.5 - https:\/\/yoast.com\/product\/yoast-seo-wordpress\/ -->\n<title>Evolution de l\u2019or \u2013 Entre la FED et l\u2019Italie - Gold.fr<\/title>\n<meta name=\"robots\" content=\"index, follow, max-snippet:-1, max-image-preview:large, max-video-preview:-1\" \/>\n<link rel=\"canonical\" href=\"https:\/\/www.gold.fr\/news\/2013\/03\/04\/evolution-de-lor-entre-la-fed-et-litalie\/\" \/>\n<meta property=\"og:locale\" content=\"fr_FR\" \/>\n<meta property=\"og:type\" content=\"article\" \/>\n<meta property=\"og:title\" content=\"Evolution de l\u2019or \u2013 Entre la FED et l\u2019Italie - Gold.fr\" \/>\n<meta property=\"og:description\" content=\"Il faut admettre que l&rsquo;\u00e9volution du prix du m\u00e9tal jaune a indiscutablement suivi les diff\u00e9rentes anticipations et pr\u00e9visions relatives \u00e0 la dur\u00e9e de vie restante du programme d&rsquo;achats d&rsquo;actions initi\u00e9 par la FED. Ce programme, qui [&hellip;]\" \/>\n<meta property=\"og:url\" content=\"https:\/\/www.gold.fr\/news\/2013\/03\/04\/evolution-de-lor-entre-la-fed-et-litalie\/\" \/>\n<meta property=\"og:site_name\" content=\"Gold.fr\" \/>\n<meta property=\"article:publisher\" content=\"https:\/\/www.facebook.com\/Goldfr\/\" \/>\n<meta property=\"article:published_time\" content=\"2013-03-04T16:00:04+00:00\" \/>\n<meta property=\"article:modified_time\" content=\"2017-11-02T10:34:18+00:00\" \/>\n<meta property=\"og:image\" content=\"https:\/\/www.gold.fr\/news\/wp-content\/uploads\/2011\/11\/Lingot-or.jpg\" \/>\n\t<meta property=\"og:image:width\" content=\"600\" \/>\n\t<meta property=\"og:image:height\" content=\"392\" \/>\n\t<meta property=\"og:image:type\" content=\"image\/jpeg\" \/>\n<meta name=\"author\" content=\"Comptoir National de l&#039;Or\" \/>\n<meta name=\"twitter:card\" content=\"summary_large_image\" \/>\n<meta name=\"twitter:label1\" content=\"\u00c9crit par\" \/>\n\t<meta name=\"twitter:data1\" content=\"Comptoir National de l&#039;Or\" \/>\n\t<meta name=\"twitter:label2\" content=\"Dur\u00e9e de lecture estim\u00e9e\" \/>\n\t<meta name=\"twitter:data2\" content=\"1 minute\" \/>\n<script type=\"application\/ld+json\" class=\"yoast-schema-graph\">{\"@context\":\"https:\\\/\\\/schema.org\",\"@graph\":[{\"@type\":\"Article\",\"@id\":\"https:\\\/\\\/www.gold.fr\\\/news\\\/2013\\\/03\\\/04\\\/evolution-de-lor-entre-la-fed-et-litalie\\\/#article\",\"isPartOf\":{\"@id\":\"https:\\\/\\\/www.gold.fr\\\/news\\\/2013\\\/03\\\/04\\\/evolution-de-lor-entre-la-fed-et-litalie\\\/\"},\"author\":{\"name\":\"Comptoir National de l'Or\",\"@id\":\"https:\\\/\\\/www.gold.fr\\\/news\\\/#\\\/schema\\\/person\\\/070491b4b4fb7671bf59b3be20302ce9\"},\"headline\":\"Evolution de l\u2019or \u2013 Entre la FED et l\u2019Italie\",\"datePublished\":\"2013-03-04T16:00:04+00:00\",\"dateModified\":\"2017-11-02T10:34:18+00:00\",\"mainEntityOfPage\":{\"@id\":\"https:\\\/\\\/www.gold.fr\\\/news\\\/2013\\\/03\\\/04\\\/evolution-de-lor-entre-la-fed-et-litalie\\\/\"},\"wordCount\":245,\"commentCount\":0,\"image\":{\"@id\":\"https:\\\/\\\/www.gold.fr\\\/news\\\/2013\\\/03\\\/04\\\/evolution-de-lor-entre-la-fed-et-litalie\\\/#primaryimage\"},\"thumbnailUrl\":\"https:\\\/\\\/www.gold.fr\\\/news\\\/wp-content\\\/uploads\\\/2011\\\/11\\\/Lingot-or.jpg\",\"keywords\":[\"evolution or\",\"fed\",\"FED et Italie\"],\"articleSection\":[\"Articles de presse\"],\"inLanguage\":\"fr-FR\"},{\"@type\":\"WebPage\",\"@id\":\"https:\\\/\\\/www.gold.fr\\\/news\\\/2013\\\/03\\\/04\\\/evolution-de-lor-entre-la-fed-et-litalie\\\/\",\"url\":\"https:\\\/\\\/www.gold.fr\\\/news\\\/2013\\\/03\\\/04\\\/evolution-de-lor-entre-la-fed-et-litalie\\\/\",\"name\":\"Evolution de l\u2019or \u2013 Entre la FED et l\u2019Italie - Gold.fr\",\"isPartOf\":{\"@id\":\"https:\\\/\\\/www.gold.fr\\\/news\\\/#website\"},\"primaryImageOfPage\":{\"@id\":\"https:\\\/\\\/www.gold.fr\\\/news\\\/2013\\\/03\\\/04\\\/evolution-de-lor-entre-la-fed-et-litalie\\\/#primaryimage\"},\"image\":{\"@id\":\"https:\\\/\\\/www.gold.fr\\\/news\\\/2013\\\/03\\\/04\\\/evolution-de-lor-entre-la-fed-et-litalie\\\/#primaryimage\"},\"thumbnailUrl\":\"https:\\\/\\\/www.gold.fr\\\/news\\\/wp-content\\\/uploads\\\/2011\\\/11\\\/Lingot-or.jpg\",\"datePublished\":\"2013-03-04T16:00:04+00:00\",\"dateModified\":\"2017-11-02T10:34:18+00:00\",\"author\":{\"@id\":\"https:\\\/\\\/www.gold.fr\\\/news\\\/#\\\/schema\\\/person\\\/070491b4b4fb7671bf59b3be20302ce9\"},\"breadcrumb\":{\"@id\":\"https:\\\/\\\/www.gold.fr\\\/news\\\/2013\\\/03\\\/04\\\/evolution-de-lor-entre-la-fed-et-litalie\\\/#breadcrumb\"},\"inLanguage\":\"fr-FR\",\"potentialAction\":[{\"@type\":\"ReadAction\",\"target\":[\"https:\\\/\\\/www.gold.fr\\\/news\\\/2013\\\/03\\\/04\\\/evolution-de-lor-entre-la-fed-et-litalie\\\/\"]}]},{\"@type\":\"ImageObject\",\"inLanguage\":\"fr-FR\",\"@id\":\"https:\\\/\\\/www.gold.fr\\\/news\\\/2013\\\/03\\\/04\\\/evolution-de-lor-entre-la-fed-et-litalie\\\/#primaryimage\",\"url\":\"https:\\\/\\\/www.gold.fr\\\/news\\\/wp-content\\\/uploads\\\/2011\\\/11\\\/Lingot-or.jpg\",\"contentUrl\":\"https:\\\/\\\/www.gold.fr\\\/news\\\/wp-content\\\/uploads\\\/2011\\\/11\\\/Lingot-or.jpg\",\"width\":\"600\",\"height\":\"392\",\"caption\":\"L'attentisme FED profite \u00e0 l'or\"},{\"@type\":\"BreadcrumbList\",\"@id\":\"https:\\\/\\\/www.gold.fr\\\/news\\\/2013\\\/03\\\/04\\\/evolution-de-lor-entre-la-fed-et-litalie\\\/#breadcrumb\",\"itemListElement\":[{\"@type\":\"ListItem\",\"position\":1,\"name\":\"Accueil\",\"item\":\"https:\\\/\\\/www.gold.fr\\\/\"},{\"@type\":\"ListItem\",\"position\":2,\"name\":\"Actualit\u00e9s\",\"item\":\"https:\\\/\\\/www.gold.fr\\\/news\\\/\"},{\"@type\":\"ListItem\",\"position\":3,\"name\":\"Evolution de l\u2019or \u2013 Entre la FED et l\u2019Italie\"}]},{\"@type\":\"WebSite\",\"@id\":\"https:\\\/\\\/www.gold.fr\\\/news\\\/#website\",\"url\":\"https:\\\/\\\/www.gold.fr\\\/news\\\/\",\"name\":\"Gold.fr\",\"description\":\"Actualit\u00e9s de l&#039;Or et des m\u00e9taux pr\u00e9cieux\",\"potentialAction\":[{\"@type\":\"SearchAction\",\"target\":{\"@type\":\"EntryPoint\",\"urlTemplate\":\"https:\\\/\\\/www.gold.fr\\\/news\\\/?s={search_term_string}\"},\"query-input\":{\"@type\":\"PropertyValueSpecification\",\"valueRequired\":true,\"valueName\":\"search_term_string\"}}],\"inLanguage\":\"fr-FR\"},{\"@type\":\"Person\",\"@id\":\"https:\\\/\\\/www.gold.fr\\\/news\\\/#\\\/schema\\\/person\\\/070491b4b4fb7671bf59b3be20302ce9\",\"name\":\"Comptoir National de l'Or\",\"image\":{\"@type\":\"ImageObject\",\"inLanguage\":\"fr-FR\",\"@id\":\"https:\\\/\\\/secure.gravatar.com\\\/avatar\\\/0a2867fd5abe37bed95d5a65e9d58f01756e11efc68af9888dfc50cfa7f65948?s=96&d=mm&r=gb490554db0a38188709de567aa58480d\",\"url\":\"https:\\\/\\\/secure.gravatar.com\\\/avatar\\\/0a2867fd5abe37bed95d5a65e9d58f01756e11efc68af9888dfc50cfa7f65948?s=96&d=mm&r=g\",\"contentUrl\":\"https:\\\/\\\/secure.gravatar.com\\\/avatar\\\/0a2867fd5abe37bed95d5a65e9d58f01756e11efc68af9888dfc50cfa7f65948?s=96&d=mm&r=g\",\"caption\":\"Comptoir National de l'Or\"},\"description\":\"Notre r\u00e9daction est constitu\u00e9e de membres experts dans les m\u00e9tiers de l'\u00e9conomie et la gestion, des Responsables d'agence Comptoir National de l'Or, des analystes financiers qui publient r\u00e9guli\u00e8rement des \u00e9tudes sur les politiques des banques centrales, le cours de l'or, prix de l'or, cours de l'argent, prix de l'argent, cours du platine, cours du palladium,... la situation en zone euro et l'impact de la strat\u00e9gie mon\u00e9taire de la FED. Notre \u00e9quipe scrute \u00e9galement une information plus g\u00e9n\u00e9raliste \u00e0 la recherche d'actualit\u00e9 \\\"p\u00e9pite\\\" \u00e0 vous partager. Depuis 5 ans, nous avons publi\u00e9 un peu plus de 4000 articles qui s'adressent \u00e0 un public large et vari\u00e9 ayant pour objectif de satisfaire votre curiosit\u00e9 et de partager avec vous une certaine fascination pour le m\u00e9tal jaune, le rachat d'or, et pour ceux qui veulent investir dans l'or, vendre leur or tout simplement en savoir plus... Pour tous vos achat or et argent, n'h\u00e9sitez pas \u00e0 prendre rendez-vous dans l'un de nos nombreux comptoirs.\",\"sameAs\":[\"https:\\\/\\\/www.gold.fr\"]}]}<\/script>\n<!-- \/ Yoast SEO plugin. -->","yoast_head_json":{"title":"Evolution de l\u2019or \u2013 Entre la FED et l\u2019Italie - Gold.fr","robots":{"index":"index","follow":"follow","max-snippet":"max-snippet:-1","max-image-preview":"max-image-preview:large","max-video-preview":"max-video-preview:-1"},"canonical":"https:\/\/www.gold.fr\/news\/2013\/03\/04\/evolution-de-lor-entre-la-fed-et-litalie\/","og_locale":"fr_FR","og_type":"article","og_title":"Evolution de l\u2019or \u2013 Entre la FED et l\u2019Italie - Gold.fr","og_description":"Il faut admettre que l&rsquo;\u00e9volution du prix du m\u00e9tal jaune a indiscutablement suivi les diff\u00e9rentes anticipations et pr\u00e9visions relatives \u00e0 la dur\u00e9e de vie restante du programme d&rsquo;achats d&rsquo;actions initi\u00e9 par la FED. Ce programme, qui [&hellip;]","og_url":"https:\/\/www.gold.fr\/news\/2013\/03\/04\/evolution-de-lor-entre-la-fed-et-litalie\/","og_site_name":"Gold.fr","article_publisher":"https:\/\/www.facebook.com\/Goldfr\/","article_published_time":"2013-03-04T16:00:04+00:00","article_modified_time":"2017-11-02T10:34:18+00:00","og_image":[{"width":600,"height":392,"url":"https:\/\/www.gold.fr\/news\/wp-content\/uploads\/2011\/11\/Lingot-or.jpg","type":"image\/jpeg"}],"author":"Comptoir National de l'Or","twitter_card":"summary_large_image","twitter_misc":{"\u00c9crit par":"Comptoir National de l'Or","Dur\u00e9e de lecture estim\u00e9e":"1 minute"},"schema":{"@context":"https:\/\/schema.org","@graph":[{"@type":"Article","@id":"https:\/\/www.gold.fr\/news\/2013\/03\/04\/evolution-de-lor-entre-la-fed-et-litalie\/#article","isPartOf":{"@id":"https:\/\/www.gold.fr\/news\/2013\/03\/04\/evolution-de-lor-entre-la-fed-et-litalie\/"},"author":{"name":"Comptoir National de l'Or","@id":"https:\/\/www.gold.fr\/news\/#\/schema\/person\/070491b4b4fb7671bf59b3be20302ce9"},"headline":"Evolution de l\u2019or \u2013 Entre la FED et l\u2019Italie","datePublished":"2013-03-04T16:00:04+00:00","dateModified":"2017-11-02T10:34:18+00:00","mainEntityOfPage":{"@id":"https:\/\/www.gold.fr\/news\/2013\/03\/04\/evolution-de-lor-entre-la-fed-et-litalie\/"},"wordCount":245,"commentCount":0,"image":{"@id":"https:\/\/www.gold.fr\/news\/2013\/03\/04\/evolution-de-lor-entre-la-fed-et-litalie\/#primaryimage"},"thumbnailUrl":"https:\/\/www.gold.fr\/news\/wp-content\/uploads\/2011\/11\/Lingot-or.jpg","keywords":["evolution or","fed","FED et Italie"],"articleSection":["Articles de presse"],"inLanguage":"fr-FR"},{"@type":"WebPage","@id":"https:\/\/www.gold.fr\/news\/2013\/03\/04\/evolution-de-lor-entre-la-fed-et-litalie\/","url":"https:\/\/www.gold.fr\/news\/2013\/03\/04\/evolution-de-lor-entre-la-fed-et-litalie\/","name":"Evolution de l\u2019or \u2013 Entre la FED et l\u2019Italie - Gold.fr","isPartOf":{"@id":"https:\/\/www.gold.fr\/news\/#website"},"primaryImageOfPage":{"@id":"https:\/\/www.gold.fr\/news\/2013\/03\/04\/evolution-de-lor-entre-la-fed-et-litalie\/#primaryimage"},"image":{"@id":"https:\/\/www.gold.fr\/news\/2013\/03\/04\/evolution-de-lor-entre-la-fed-et-litalie\/#primaryimage"},"thumbnailUrl":"https:\/\/www.gold.fr\/news\/wp-content\/uploads\/2011\/11\/Lingot-or.jpg","datePublished":"2013-03-04T16:00:04+00:00","dateModified":"2017-11-02T10:34:18+00:00","author":{"@id":"https:\/\/www.gold.fr\/news\/#\/schema\/person\/070491b4b4fb7671bf59b3be20302ce9"},"breadcrumb":{"@id":"https:\/\/www.gold.fr\/news\/2013\/03\/04\/evolution-de-lor-entre-la-fed-et-litalie\/#breadcrumb"},"inLanguage":"fr-FR","potentialAction":[{"@type":"ReadAction","target":["https:\/\/www.gold.fr\/news\/2013\/03\/04\/evolution-de-lor-entre-la-fed-et-litalie\/"]}]},{"@type":"ImageObject","inLanguage":"fr-FR","@id":"https:\/\/www.gold.fr\/news\/2013\/03\/04\/evolution-de-lor-entre-la-fed-et-litalie\/#primaryimage","url":"https:\/\/www.gold.fr\/news\/wp-content\/uploads\/2011\/11\/Lingot-or.jpg","contentUrl":"https:\/\/www.gold.fr\/news\/wp-content\/uploads\/2011\/11\/Lingot-or.jpg","width":"600","height":"392","caption":"L'attentisme FED profite \u00e0 l'or"},{"@type":"BreadcrumbList","@id":"https:\/\/www.gold.fr\/news\/2013\/03\/04\/evolution-de-lor-entre-la-fed-et-litalie\/#breadcrumb","itemListElement":[{"@type":"ListItem","position":1,"name":"Accueil","item":"https:\/\/www.gold.fr\/"},{"@type":"ListItem","position":2,"name":"Actualit\u00e9s","item":"https:\/\/www.gold.fr\/news\/"},{"@type":"ListItem","position":3,"name":"Evolution de l\u2019or \u2013 Entre la FED et l\u2019Italie"}]},{"@type":"WebSite","@id":"https:\/\/www.gold.fr\/news\/#website","url":"https:\/\/www.gold.fr\/news\/","name":"Gold.fr","description":"Actualit\u00e9s de l&#039;Or et des m\u00e9taux pr\u00e9cieux","potentialAction":[{"@type":"SearchAction","target":{"@type":"EntryPoint","urlTemplate":"https:\/\/www.gold.fr\/news\/?s={search_term_string}"},"query-input":{"@type":"PropertyValueSpecification","valueRequired":true,"valueName":"search_term_string"}}],"inLanguage":"fr-FR"},{"@type":"Person","@id":"https:\/\/www.gold.fr\/news\/#\/schema\/person\/070491b4b4fb7671bf59b3be20302ce9","name":"Comptoir National de l'Or","image":{"@type":"ImageObject","inLanguage":"fr-FR","@id":"https:\/\/secure.gravatar.com\/avatar\/0a2867fd5abe37bed95d5a65e9d58f01756e11efc68af9888dfc50cfa7f65948?s=96&d=mm&r=gb490554db0a38188709de567aa58480d","url":"https:\/\/secure.gravatar.com\/avatar\/0a2867fd5abe37bed95d5a65e9d58f01756e11efc68af9888dfc50cfa7f65948?s=96&d=mm&r=g","contentUrl":"https:\/\/secure.gravatar.com\/avatar\/0a2867fd5abe37bed95d5a65e9d58f01756e11efc68af9888dfc50cfa7f65948?s=96&d=mm&r=g","caption":"Comptoir National de l'Or"},"description":"Notre r\u00e9daction est constitu\u00e9e de membres experts dans les m\u00e9tiers de l'\u00e9conomie et la gestion, des Responsables d'agence Comptoir National de l'Or, des analystes financiers qui publient r\u00e9guli\u00e8rement des \u00e9tudes sur les politiques des banques centrales, le cours de l'or, prix de l'or, cours de l'argent, prix de l'argent, cours du platine, cours du palladium,... la situation en zone euro et l'impact de la strat\u00e9gie mon\u00e9taire de la FED. Notre \u00e9quipe scrute \u00e9galement une information plus g\u00e9n\u00e9raliste \u00e0 la recherche d'actualit\u00e9 \"p\u00e9pite\" \u00e0 vous partager. Depuis 5 ans, nous avons publi\u00e9 un peu plus de 4000 articles qui s'adressent \u00e0 un public large et vari\u00e9 ayant pour objectif de satisfaire votre curiosit\u00e9 et de partager avec vous une certaine fascination pour le m\u00e9tal jaune, le rachat d'or, et pour ceux qui veulent investir dans l'or, vendre leur or tout simplement en savoir plus... Pour tous vos achat or et argent, n'h\u00e9sitez pas \u00e0 prendre rendez-vous dans l'un de nos nombreux comptoirs.","sameAs":["https:\/\/www.gold.fr"]}]}},"authors":[{"term_id":2565,"user_id":18,"is_guest":0,"slug":"julie","display_name":"Comptoir National de l'Or","avatar_url":"https:\/\/secure.gravatar.com\/avatar\/713f289e398d35ead876c4a4cc08607f0d6d266058cfc25683fffb6092d0e572?s=96&d=mm&r=g","0":null,"1":"","2":"","3":"","4":"","5":"","6":"","7":"","8":""}],"_links":{"self":[{"href":"https:\/\/www.gold.fr\/news\/wp-json\/wp\/v2\/posts\/10927","targetHints":{"allow":["GET"]}}],"collection":[{"href":"https:\/\/www.gold.fr\/news\/wp-json\/wp\/v2\/posts"}],"about":[{"href":"https:\/\/www.gold.fr\/news\/wp-json\/wp\/v2\/types\/post"}],"author":[{"embeddable":true,"href":"https:\/\/www.gold.fr\/news\/wp-json\/wp\/v2\/users\/18"}],"replies":[{"embeddable":true,"href":"https:\/\/www.gold.fr\/news\/wp-json\/wp\/v2\/comments?post=10927"}],"version-history":[{"count":0,"href":"https:\/\/www.gold.fr\/news\/wp-json\/wp\/v2\/posts\/10927\/revisions"}],"wp:featuredmedia":[{"embeddable":true,"href":"https:\/\/www.gold.fr\/news\/wp-json\/wp\/v2\/media\/3998"}],"wp:attachment":[{"href":"https:\/\/www.gold.fr\/news\/wp-json\/wp\/v2\/media?parent=10927"}],"wp:term":[{"taxonomy":"category","embeddable":true,"href":"https:\/\/www.gold.fr\/news\/wp-json\/wp\/v2\/categories?post=10927"},{"taxonomy":"post_tag","embeddable":true,"href":"https:\/\/www.gold.fr\/news\/wp-json\/wp\/v2\/tags?post=10927"},{"taxonomy":"author","embeddable":true,"href":"https:\/\/www.gold.fr\/news\/wp-json\/wp\/v2\/ppma_author?post=10927"}],"curies":[{"name":"wp","href":"https:\/\/api.w.org\/{rel}","templated":true}]}}