{"id":10707,"date":"2013-02-08T18:28:38","date_gmt":"2013-02-08T17:28:38","guid":{"rendered":"https:\/\/www.gold.fr\/news\/?p=10707"},"modified":"2019-08-08T12:12:59","modified_gmt":"2019-08-08T10:12:59","slug":"un-quart-des-francais-detiennent-de-lor","status":"publish","type":"post","link":"https:\/\/www.gold.fr\/news\/2013\/02\/08\/un-quart-des-francais-detiennent-de-lor\/","title":{"rendered":"Un quart des Fran\u00e7ais d\u00e9tiennent de l\u2019or"},"content":{"rendered":"<div>\n<p align=\"center\"><span style=\"font-size: large;\"><strong>Paris le 8 F\u00e9vrier 2013 &#8211; Selon un sondage BVA pour le Comptoir National de l&rsquo;<a class=\"esk-seo-plu-link\" href=\"https:\/\/www.gold.fr\/news\/tags\/or\">Or<\/a> &#8211; Gold.fr <\/strong><\/span><strong><span style=\"font-size: large;\">\u00bc des Fran\u00e7ais poss\u00e8dent de l&rsquo;<a class=\"esk-seo-plu-link\" href=\"https:\/\/www.gold.fr\/news\/tags\/or\">or<\/a>, 6% d&rsquo;entre eux sont aujourd&rsquo;hui pr\u00eats \u00e0 le vendre, \u00e0 moiti\u00e9 pour renflouer leur budget ou parce qu&rsquo;il est inutilis\u00e9<\/span>.<\/strong><\/p>\n<p><em>Selon les r\u00e9sultats d&rsquo;une <strong>\u00e9tude BVA pour le Comptoir National de l&rsquo;<a class=\"esk-seo-plu-link\" href=\"https:\/\/www.gold.fr\/news\/tags\/or\">Or<\/a>-Gold.fr <\/strong>r\u00e9alis\u00e9e du 4 au 5 janvier selon la m\u00e9thode des quotas aupr\u00e8s d&rsquo;un \u00e9chantillon de 1008 individus repr\u00e9sentatifs de la population fran\u00e7aise<strong>, 1 Fran\u00e7ais sur 4 poss\u00e8de de l&rsquo;<a class=\"esk-seo-plu-link\" href=\"https:\/\/www.gold.fr\/news\/tags\/or\">or<\/a><\/strong>, que ce soit sous forme de bijoux, de pi\u00e8ces de collection, de pi\u00e8ces et lingots d&rsquo;<a class=\"esk-seo-plu-link\" href=\"https:\/\/www.gold.fr\/news\/tags\/or\">or<\/a> ou d&rsquo;<a class=\"esk-seo-plu-link\" href=\"https:\/\/www.gold.fr\/news\/tags\/or\">or<\/a> investissement (actions de mines aurif\u00e8res et ETF*).<\/em> Les Fran\u00e7ais sont <strong>25,4% \u00e0 poss\u00e9der de l&rsquo;<a class=\"esk-seo-plu-link\" href=\"https:\/\/www.gold.fr\/news\/tags\/or\">or<\/a>, ce qui repr\u00e9sente pr\u00e8s de 13,6 millions d&rsquo;individus<\/strong>**. Logiquement on trouve des <strong>proportions significativement sup\u00e9rieures \u00e0 la moyenne<\/strong> chez les <strong>femmes (29%)<\/strong> et les <strong>hauts CSP\/dipl\u00f4m\u00e9s<\/strong> (respectivement 32% chez les Ind\u00e9pendants &#8211; cadres sup &#8211; Professions interm\u00e9diaires et 35% chez les BAC+2 et plus). <strong><em>9 fois plus de personnes d\u00e9tiennent de l&rsquo;<a class=\"esk-seo-plu-link\" href=\"https:\/\/www.gold.fr\/news\/tags\/or\">or<\/a> physique que de l&rsquo;<a class=\"esk-seo-plu-link\" href=\"https:\/\/www.gold.fr\/news\/tags\/or\">or<\/a> investissement<\/em><\/strong> La tr\u00e8s large majorit\u00e9 de <strong>l&rsquo;<a class=\"esk-seo-plu-link\" href=\"https:\/\/www.gold.fr\/news\/tags\/or\">or<\/a> d\u00e9tenu se concentre dans les bijoux (92,% des d\u00e9tenteurs),<\/strong> suivi par les pi\u00e8ces de collection et les pi\u00e8ces ou lingots d&rsquo;<a class=\"esk-seo-plu-link\" href=\"https:\/\/www.gold.fr\/news\/tags\/or\">or<\/a> (respectivement 4,2% et 3,5% des d\u00e9tenteurs), et loin devant l&rsquo;<a class=\"esk-seo-plu-link\" href=\"https:\/\/www.gold.fr\/news\/tags\/or\">or<\/a> \u00ab papier \u00bb (actions de mine aurif\u00e8res 1,17 % et ETF 0,4 % des d\u00e9tenteurs). Un taux relativement bas, selon Laurent Schwartz, Directeur G\u00e9n\u00e9ral du Comptoir National de l&rsquo;<a class=\"esk-seo-plu-link\" href=\"https:\/\/www.gold.fr\/news\/tags\/or\">or<\/a> <em>\u00ab compar\u00e9 aux autres pays europ\u00e9ens. Pourtant l&rsquo;<a class=\"esk-seo-plu-link\" href=\"https:\/\/www.gold.fr\/news\/tags\/or\">or<\/a> \u00ab papier \u00bb est un moyen exceptionnel de se pr\u00e9munir contre la crise actuelle et les fran\u00e7ais y sont de plus en plus sensibles \u00bb.<\/em> <strong>Parmi les possesseurs de bijoux en <a class=\"esk-seo-plu-link\" href=\"https:\/\/www.gold.fr\/news\/tags\/or\">or<\/a>, pr\u00e8s de 90% d\u00e9clarent en d\u00e9tenir moins de 50 grammes<\/strong> (60% moins de 10 grammes) et 5% plus de 200g. Par extrapolation, on peut \u00e9valuer \u00e0 <strong>395 tonnes l&rsquo;<a class=\"esk-seo-plu-link\" href=\"https:\/\/www.gold.fr\/news\/tags\/or\">or<\/a> d\u00e9tenu en bijoux par les fran\u00e7ais soit une valeur de 11,9 milliards d&rsquo;euros.<\/strong> Parmi les d\u00e9tenteurs d&rsquo;<a class=\"esk-seo-plu-link\" href=\"https:\/\/www.gold.fr\/news\/tags\/or\">or<\/a>, <strong>6,4% se d\u00e9clarent aujourd&rsquo;hui pr\u00eats \u00e0 le vendre<\/strong>, \u00e0 presqu&rsquo;\u00e9galit\u00e9 <strong>pour pouvoir<\/strong> <strong>renflouer leur budget (40%) ou parce qu&rsquo;il est tout simplement inutilis\u00e9 (37,6 %),<\/strong> le plaisir (vacances, cadeaux, soldes) ou les niveaux historiques du cours de l&rsquo;<a class=\"esk-seo-plu-link\" href=\"https:\/\/www.gold.fr\/news\/tags\/or\">or<\/a>, arrivant loin derri\u00e8re (respectivement 15,5% et 6,8 % d&rsquo;entre eux). Une tendance qu&rsquo;observe effectivement Laurent Schwartz <em>\u00ab nos clients sont plus enclins \u00e0 se s\u00e9parer leurs bijoux inutilis\u00e9s d&rsquo;autant que les cours de l&rsquo;<a class=\"esk-seo-plu-link\" href=\"https:\/\/www.gold.fr\/news\/tags\/or\">or<\/a> sont historiquement \u00e9lev\u00e9. Autrefois presque \u00ab honteux \u00bb ce geste tend \u00e0 devenir banal surtout que cela leur permet de profiter de cette manne consid\u00e9rable \u00bb<\/em> <strong>Les 35-49 ans sont les plus enclins \u00e0 revendre leur <a class=\"esk-seo-plu-link\" href=\"https:\/\/www.gold.fr\/news\/tags\/or\">or<\/a> \u00e0 10,3%<\/strong> principalement parce qu&rsquo;il n&rsquo;est pas utilis\u00e9 pour 49,1% d&rsquo;entre eux. Tandis que les personnes aux revenus les plus modestes, moins de 1500 euros, sont les plus enclins \u00e0 revendre leur <a class=\"esk-seo-plu-link\" href=\"https:\/\/www.gold.fr\/news\/tags\/or\">or<\/a> (pour 10,7% d&rsquo;entre eux) et ce pour renflouer leur budget \u00e0 75,6%.<\/p>\n<\/div>\n<div>\n<p><span style=\"font-size: medium;\"><strong><em>Hommes\/Femmes, pas \u00e9gaux devant l&rsquo;<a class=\"esk-seo-plu-link\" href=\"https:\/\/www.gold.fr\/news\/tags\/or\">or<\/a><\/em><\/strong><\/span> <strong>Les femmes poss\u00e8dent plus d&rsquo;<a class=\"esk-seo-plu-link\" href=\"https:\/\/www.gold.fr\/news\/tags\/or\">or<\/a> que les hommes : 29,1% contre 21,2%,<\/strong> et en quasi totalit\u00e9 sous forme de bijoux (98,3 %). Inversement, les hommes poss\u00e8dent (entre autres) de l&rsquo;<a class=\"esk-seo-plu-link\" href=\"https:\/\/www.gold.fr\/news\/tags\/or\">or<\/a> papier, certes en petite quantit\u00e9 (0,2 % des poss\u00e9dants). Les hommes et les femmes poss\u00e8dent tous deux la majorit\u00e9 de leur <a class=\"esk-seo-plu-link\" href=\"https:\/\/www.gold.fr\/news\/tags\/or\">or<\/a> en petite quantit\u00e9 (10g et moins, pour 59,9% et 63,6% d&rsquo;entre eux) mais les hommes poss\u00e8dent plus d&rsquo;<a class=\"esk-seo-plu-link\" href=\"https:\/\/www.gold.fr\/news\/tags\/or\">or<\/a> en quantit\u00e9 de 200g (9,2%) que les femmes (2,1%). Enfin alors que les <strong>hommes sont plus enclins \u00e0 vendre leur <a class=\"esk-seo-plu-link\" href=\"https:\/\/www.gold.fr\/news\/tags\/or\">or<\/a> que les femmes (8% vs 5,3%) ce sont pour des raisons diff\u00e9rentes : pour se faire plaisir ou pour renflouer leur budget<\/strong> (environ 30% des hommes) quand <strong>les femmes, elles, sont 52, 5 % (contre 22,9% pour les hommes) \u00e0 vendre leur <a class=\"esk-seo-plu-link\" href=\"https:\/\/www.gold.fr\/news\/tags\/or\">or<\/a> parce qu&rsquo;il n&rsquo;est pas utilis\u00e9<\/strong>. <span style=\"font-size: medium;\"><strong><em>Des disparit\u00e9s r\u00e9gionales<\/em><\/strong><\/span> <strong>Le sud se d\u00e9marque comme le plus \u00ab riche \u00bb en <a class=\"esk-seo-plu-link\" href=\"https:\/\/www.gold.fr\/news\/tags\/or\">or<\/a> <\/strong>: respectivement 29% et 28% pour la M\u00e9diterran\u00e9e et le Sud Ouest. Cette derni\u00e8re est la seule r\u00e9gion dans les habitants poss\u00e8dent plus de 400g d&rsquo;<a class=\"esk-seo-plu-link\" href=\"https:\/\/www.gold.fr\/news\/tags\/or\">or<\/a> (4,9% d&rsquo;entre eux). <strong>La r\u00e9gion parisienne de son c\u00f4t\u00e9 se d\u00e9marque par son pourcentage de d\u00e9tenteurs d&rsquo;<a class=\"esk-seo-plu-link\" href=\"https:\/\/www.gold.fr\/news\/tags\/or\">or<\/a> papier<\/strong>. Globalement ce sont \u00e9galement les seuls \u00e0 d\u00e9tenir de l&rsquo;<a class=\"esk-seo-plu-link\" href=\"https:\/\/www.gold.fr\/news\/tags\/or\">or<\/a> sous toutes ses formes. Et se sont <strong>\u00e9galement les plus enclins \u00e0 vendre leur <a class=\"esk-seo-plu-link\" href=\"https:\/\/www.gold.fr\/news\/tags\/or\">or<\/a><\/strong> (14, 8%). Talonn\u00e9s par les habitants de M\u00e9diterran\u00e9e qui sont pr\u00eats \u00e0 revendre leur <a class=\"esk-seo-plu-link\" href=\"https:\/\/www.gold.fr\/news\/tags\/or\">or<\/a> pour 13,2% des personnes interrog\u00e9es. <span style=\"font-size: medium;\"><strong><em>La valeur n&rsquo;attend pas l&rsquo;\u00e2ge \u2026<\/em><\/strong><\/span> Paradoxalement le sondage indique que parmi les d\u00e9tenteurs d&rsquo;<a class=\"esk-seo-plu-link\" href=\"https:\/\/www.gold.fr\/news\/tags\/or\">or<\/a> <strong>les 15-17 ans sont les plus nombreux, 37,2% mais en faible quantit\u00e9,<\/strong> contre 22,1 % de 65 ans et plus. Ces derniers sont en revanche 40 % \u00e0 poss\u00e9der plus de 200g. \u00ab Nos clients sont en effet en majorit\u00e9 des personnes \u00e2g\u00e9es de plus de 40 ans qui viennent avec une quantit\u00e9 de bijoux se situant dans la fourchette haute \u00bb selon Laurent Schwartz.<\/p>\n<div>\n<p><span style=\"font-size: medium;\"><strong><em>LES CHIFFRES \u00c0 RETENIR :<\/em><\/strong><\/span><\/p>\n<ul>\n<li><em>\u00bc des Fran\u00e7ais poss\u00e8dent de l&rsquo;<a class=\"esk-seo-plu-link\" href=\"https:\/\/www.gold.fr\/news\/tags\/or\">or<\/a><\/em><\/li>\n<li><em>Cet <a class=\"esk-seo-plu-link\" href=\"https:\/\/www.gold.fr\/news\/tags\/or\">or<\/a> est essentiellement poss\u00e9d\u00e9 sous forme de bijoux \u00e0 92,5%<\/em><\/li>\n<li><em>Pr\u00e8s de 90% des possesseurs de bijoux en <a class=\"esk-seo-plu-link\" href=\"https:\/\/www.gold.fr\/news\/tags\/or\">or<\/a> en d\u00e9tiennent moins de 50 grammes<\/em><\/li>\n<li><em>Les 15-17 ans repr\u00e9sentent la cat\u00e9gorie d&rsquo;\u00e2ge la plus importante : 37,2% d&rsquo;entre eux disent en poss\u00e9der, la totalit\u00e9 sous forme de bijoux<\/em><\/li>\n<li><em>Le Sud Ouest et la M\u00e9diterran\u00e9e sont les deux r\u00e9gions les plus abondantes en <a class=\"esk-seo-plu-link\" href=\"https:\/\/www.gold.fr\/news\/tags\/or\">or<\/a>, avec respectivement 29% et 28% des habitants en poss\u00e9dant.<\/em><\/li>\n<li><em>L&rsquo;<a class=\"esk-seo-plu-link\" href=\"https:\/\/www.gold.fr\/news\/tags\/or\">or<\/a> papier est d\u00e9tenu exclusivement par des hommes, cadres ou profession intellectuelle sup\u00e9rieure, gagnant plus de 3500 euros\/mois, dipl\u00f4m\u00e9 \u00e0 Bac + 2 et plus, vivant en r\u00e9gion parisienne<\/em><\/li>\n<li><em>Parmi les Fran\u00e7ais pr\u00eats \u00e0 revendre leur <a class=\"esk-seo-plu-link\" href=\"https:\/\/www.gold.fr\/news\/tags\/or\">or<\/a> le motif est essentiellement le renflouement du budget \u00e0 40% et le fait que cet <a class=\"esk-seo-plu-link\" href=\"https:\/\/www.gold.fr\/news\/tags\/or\">or<\/a> ne soit pas utilis\u00e9 \u00e0 37,6%<\/em><\/li>\n<li><em>Les fran\u00e7ais gagnant plus de 3500 euros sont les seuls \u00e0 revendre leur <a class=\"esk-seo-plu-link\" href=\"https:\/\/www.gold.fr\/news\/tags\/or\">or<\/a> parce que le cours de l&rsquo;<a class=\"esk-seo-plu-link\" href=\"https:\/\/www.gold.fr\/news\/tags\/or\">or<\/a> atteint des records historiques (pour 45,7% d&rsquo;entre eux)<\/em><\/li>\n<\/ul>\n<\/div>\n<\/div>\n<p><span style=\"font-size: medium;\"><strong>A propos du Comptoir National de l&rsquo;<a class=\"esk-seo-plu-link\" href=\"https:\/\/www.gold.fr\/news\/tags\/or\">Or<\/a><\/strong><\/span> Comptoir National de l&rsquo;<a class=\"esk-seo-plu-link\" href=\"https:\/\/www.gold.fr\/news\/tags\/or\">Or<\/a> est le leader dans le secteur du n\u00e9goce de m\u00e9taux pr\u00e9cieux et du conseil en <a class=\"esk-seo-plu-link\" href=\"https:\/\/www.gold.fr\/news\/tags\/or\">Or<\/a> d&rsquo;Investissement : en 2012, la soci\u00e9t\u00e9 a enregistr\u00e9 un chiffre d&rsquo;affaires de plus de 100 millions d&rsquo;euros et compte plus d&rsquo;une soixantaine d&rsquo;agences en France. Cr\u00e9\u00e9 en 1976, l&rsquo;activit\u00e9 du Comptoir National de l&rsquo;<a class=\"esk-seo-plu-link\" href=\"https:\/\/www.gold.fr\/news\/tags\/or\">Or<\/a> se diff\u00e9rencie de ses concurrents par son professionnalisme, l&rsquo;\u00e9ventail des services propos\u00e9s sur son site internet et sa forte orientation vers l&rsquo;investissement.<\/p>\n<!-- AddThis Advanced Settings generic via filter on the_content --><!-- AddThis Share Buttons generic via filter on the_content -->","protected":false},"excerpt":{"rendered":"<p>Paris le 8 F\u00e9vrier 2013 &#8211; Selon un sondage BVA pour le Comptoir National de l&rsquo;Or &#8211; Gold.fr \u00bc des Fran\u00e7ais poss\u00e8dent de l&rsquo;or, 6% d&rsquo;entre eux sont aujourd&rsquo;hui pr\u00eats \u00e0 le vendre, \u00e0 moiti\u00e9 pour [&hellip;]<\/p>\n","protected":false},"author":43,"featured_media":10190,"comment_status":"open","ping_status":"open","sticky":false,"template":"","format":"standard","meta":{"_mbp_gutenberg_autopost":false,"_pgmb_is_evergreen":false,"_pgmb_ap_template_id":0,"footnotes":""},"categories":[4,6,5,318],"tags":[17,84],"ppma_author":[2562],"class_list":["post-10707","post","type-post","status-publish","format-standard","has-post-thumbnail","hentry","category-analyses-economiques","category-articles-de-presse","category-flash-infos","category-franchise","tag-achat-dor","tag-cours-de-lor"],"yoast_head":"<!-- This site is optimized with the Yoast SEO plugin v27.5 - https:\/\/yoast.com\/product\/yoast-seo-wordpress\/ -->\n<title>Un quart des Fran\u00e7ais d\u00e9tiennent de l\u2019or - Gold.fr<\/title>\n<meta name=\"description\" content=\"Un quart des fran\u00e7ais d\u00e9tiennent de l&#039;or. Pour en savoir plus et avoir acc\u00e8s \u00e0 toute l&#039;actualit\u00e9 sur l&#039;or rendez-vous sur Gold.fr. Le site d&#039;experts du Comptoir National de l&#039;Or.\" \/>\n<meta name=\"robots\" content=\"index, follow, max-snippet:-1, max-image-preview:large, max-video-preview:-1\" \/>\n<link rel=\"canonical\" href=\"https:\/\/www.gold.fr\/news\/2013\/02\/08\/un-quart-des-francais-detiennent-de-lor\/\" \/>\n<meta property=\"og:locale\" content=\"fr_FR\" \/>\n<meta property=\"og:type\" content=\"article\" \/>\n<meta property=\"og:title\" content=\"Un quart des Fran\u00e7ais d\u00e9tiennent de l\u2019or - Gold.fr\" \/>\n<meta property=\"og:description\" content=\"Un quart des fran\u00e7ais d\u00e9tiennent de l&#039;or. Pour en savoir plus et avoir acc\u00e8s \u00e0 toute l&#039;actualit\u00e9 sur l&#039;or rendez-vous sur Gold.fr. Le site d&#039;experts du Comptoir National de l&#039;Or.\" \/>\n<meta property=\"og:url\" content=\"https:\/\/www.gold.fr\/news\/2013\/02\/08\/un-quart-des-francais-detiennent-de-lor\/\" \/>\n<meta property=\"og:site_name\" content=\"Gold.fr\" \/>\n<meta property=\"article:publisher\" content=\"https:\/\/www.facebook.com\/Goldfr\/\" \/>\n<meta property=\"article:published_time\" content=\"2013-02-08T17:28:38+00:00\" \/>\n<meta property=\"article:modified_time\" content=\"2019-08-08T10:12:59+00:00\" \/>\n<meta property=\"og:image\" content=\"https:\/\/www.gold.fr\/news\/wp-content\/uploads\/2011\/05\/record-or.jpg\" \/>\n\t<meta property=\"og:image:width\" content=\"600\" \/>\n\t<meta property=\"og:image:height\" content=\"406\" \/>\n\t<meta property=\"og:image:type\" content=\"image\/jpeg\" \/>\n<meta name=\"author\" content=\"Anthony\" \/>\n<meta name=\"twitter:card\" content=\"summary_large_image\" \/>\n<meta name=\"twitter:label1\" content=\"\u00c9crit par\" \/>\n\t<meta name=\"twitter:data1\" content=\"Samy\" \/>\n\t<meta name=\"twitter:label2\" content=\"Dur\u00e9e de lecture estim\u00e9e\" \/>\n\t<meta name=\"twitter:data2\" content=\"5 minutes\" \/>\n<script type=\"application\/ld+json\" class=\"yoast-schema-graph\">{\"@context\":\"https:\\\/\\\/schema.org\",\"@graph\":[{\"@type\":\"Article\",\"@id\":\"https:\\\/\\\/www.gold.fr\\\/news\\\/2013\\\/02\\\/08\\\/un-quart-des-francais-detiennent-de-lor\\\/#article\",\"isPartOf\":{\"@id\":\"https:\\\/\\\/www.gold.fr\\\/news\\\/2013\\\/02\\\/08\\\/un-quart-des-francais-detiennent-de-lor\\\/\"},\"author\":{\"name\":\"Samy\",\"@id\":\"https:\\\/\\\/www.gold.fr\\\/news\\\/#\\\/schema\\\/person\\\/6a977448ae6ba85f43a46d35fc66f82b\"},\"headline\":\"Un quart des Fran\u00e7ais d\u00e9tiennent de l\u2019or\",\"datePublished\":\"2013-02-08T17:28:38+00:00\",\"dateModified\":\"2019-08-08T10:12:59+00:00\",\"mainEntityOfPage\":{\"@id\":\"https:\\\/\\\/www.gold.fr\\\/news\\\/2013\\\/02\\\/08\\\/un-quart-des-francais-detiennent-de-lor\\\/\"},\"wordCount\":1112,\"commentCount\":1,\"image\":{\"@id\":\"https:\\\/\\\/www.gold.fr\\\/news\\\/2013\\\/02\\\/08\\\/un-quart-des-francais-detiennent-de-lor\\\/#primaryimage\"},\"thumbnailUrl\":\"https:\\\/\\\/www.gold.fr\\\/news\\\/wp-content\\\/uploads\\\/2011\\\/05\\\/record-or.jpg\",\"keywords\":[\"Achat d'Or\",\"Tout Cours de l'Or\"],\"articleSection\":[\"Analyses Economiques\",\"Articles de presse\",\"Flash infos\",\"Franchis\u00e9s\"],\"inLanguage\":\"fr-FR\"},{\"@type\":\"WebPage\",\"@id\":\"https:\\\/\\\/www.gold.fr\\\/news\\\/2013\\\/02\\\/08\\\/un-quart-des-francais-detiennent-de-lor\\\/\",\"url\":\"https:\\\/\\\/www.gold.fr\\\/news\\\/2013\\\/02\\\/08\\\/un-quart-des-francais-detiennent-de-lor\\\/\",\"name\":\"Un quart des Fran\u00e7ais d\u00e9tiennent de l\u2019or - Gold.fr\",\"isPartOf\":{\"@id\":\"https:\\\/\\\/www.gold.fr\\\/news\\\/#website\"},\"primaryImageOfPage\":{\"@id\":\"https:\\\/\\\/www.gold.fr\\\/news\\\/2013\\\/02\\\/08\\\/un-quart-des-francais-detiennent-de-lor\\\/#primaryimage\"},\"image\":{\"@id\":\"https:\\\/\\\/www.gold.fr\\\/news\\\/2013\\\/02\\\/08\\\/un-quart-des-francais-detiennent-de-lor\\\/#primaryimage\"},\"thumbnailUrl\":\"https:\\\/\\\/www.gold.fr\\\/news\\\/wp-content\\\/uploads\\\/2011\\\/05\\\/record-or.jpg\",\"datePublished\":\"2013-02-08T17:28:38+00:00\",\"dateModified\":\"2019-08-08T10:12:59+00:00\",\"author\":{\"@id\":\"https:\\\/\\\/www.gold.fr\\\/news\\\/#\\\/schema\\\/person\\\/6a977448ae6ba85f43a46d35fc66f82b\"},\"description\":\"Un quart des fran\u00e7ais d\u00e9tiennent de l'or. Pour en savoir plus et avoir acc\u00e8s \u00e0 toute l'actualit\u00e9 sur l'or rendez-vous sur Gold.fr. Le site d'experts du Comptoir National de l'Or.\",\"breadcrumb\":{\"@id\":\"https:\\\/\\\/www.gold.fr\\\/news\\\/2013\\\/02\\\/08\\\/un-quart-des-francais-detiennent-de-lor\\\/#breadcrumb\"},\"inLanguage\":\"fr-FR\",\"potentialAction\":[{\"@type\":\"ReadAction\",\"target\":[\"https:\\\/\\\/www.gold.fr\\\/news\\\/2013\\\/02\\\/08\\\/un-quart-des-francais-detiennent-de-lor\\\/\"]}]},{\"@type\":\"ImageObject\",\"inLanguage\":\"fr-FR\",\"@id\":\"https:\\\/\\\/www.gold.fr\\\/news\\\/2013\\\/02\\\/08\\\/un-quart-des-francais-detiennent-de-lor\\\/#primaryimage\",\"url\":\"https:\\\/\\\/www.gold.fr\\\/news\\\/wp-content\\\/uploads\\\/2011\\\/05\\\/record-or.jpg\",\"contentUrl\":\"https:\\\/\\\/www.gold.fr\\\/news\\\/wp-content\\\/uploads\\\/2011\\\/05\\\/record-or.jpg\",\"width\":\"600\",\"height\":\"406\",\"caption\":\"Petit rappel de la composition de l'or color\u00e9\"},{\"@type\":\"BreadcrumbList\",\"@id\":\"https:\\\/\\\/www.gold.fr\\\/news\\\/2013\\\/02\\\/08\\\/un-quart-des-francais-detiennent-de-lor\\\/#breadcrumb\",\"itemListElement\":[{\"@type\":\"ListItem\",\"position\":1,\"name\":\"Accueil\",\"item\":\"https:\\\/\\\/www.gold.fr\\\/\"},{\"@type\":\"ListItem\",\"position\":2,\"name\":\"Actualit\u00e9s\",\"item\":\"https:\\\/\\\/www.gold.fr\\\/news\\\/\"},{\"@type\":\"ListItem\",\"position\":3,\"name\":\"Un quart des Fran\u00e7ais d\u00e9tiennent de l\u2019or\"}]},{\"@type\":\"WebSite\",\"@id\":\"https:\\\/\\\/www.gold.fr\\\/news\\\/#website\",\"url\":\"https:\\\/\\\/www.gold.fr\\\/news\\\/\",\"name\":\"Gold.fr\",\"description\":\"Actualit\u00e9s de l&#039;Or et des m\u00e9taux pr\u00e9cieux\",\"potentialAction\":[{\"@type\":\"SearchAction\",\"target\":{\"@type\":\"EntryPoint\",\"urlTemplate\":\"https:\\\/\\\/www.gold.fr\\\/news\\\/?s={search_term_string}\"},\"query-input\":{\"@type\":\"PropertyValueSpecification\",\"valueRequired\":true,\"valueName\":\"search_term_string\"}}],\"inLanguage\":\"fr-FR\"},{\"@type\":\"Person\",\"@id\":\"https:\\\/\\\/www.gold.fr\\\/news\\\/#\\\/schema\\\/person\\\/6a977448ae6ba85f43a46d35fc66f82b\",\"name\":\"Samy\",\"image\":{\"@type\":\"ImageObject\",\"inLanguage\":\"fr-FR\",\"@id\":\"https:\\\/\\\/secure.gravatar.com\\\/avatar\\\/ec3b1ee8da06b98b0d3b7da383393987ae73756a23e0f3ec4c1ea09e0e65804d?s=96&d=mm&r=g9bbe2ee6067d4fa1a1e531a356169f97\",\"url\":\"https:\\\/\\\/secure.gravatar.com\\\/avatar\\\/ec3b1ee8da06b98b0d3b7da383393987ae73756a23e0f3ec4c1ea09e0e65804d?s=96&d=mm&r=g\",\"contentUrl\":\"https:\\\/\\\/secure.gravatar.com\\\/avatar\\\/ec3b1ee8da06b98b0d3b7da383393987ae73756a23e0f3ec4c1ea09e0e65804d?s=96&d=mm&r=g\",\"caption\":\"Samy\"},\"description\":\"Notre r\u00e9daction est constitu\u00e9e de membres experts dans les m\u00e9tiers de l'\u00e9conomie et la gestion, des Responsables d'agence Comptoir National de l'Or, des analystes financiers qui publient r\u00e9guli\u00e8rement des \u00e9tudes sur les politiques des banques centrales, le cours de l'or, le cours de l'argent, cours du platine, cours du palladium... la situation en zone euro et l'impact de la strat\u00e9gie mon\u00e9taire de la FED. Notre \u00e9quipe scrute \u00e9galement une information plus g\u00e9n\u00e9raliste \u00e0 la recherche d'actualit\u00e9 \\\"p\u00e9pite\\\" \u00e0 vous partager. Depuis 5 ans, nous avons publi\u00e9 un peu plus de 4000 articles qui s'adressent \u00e0 un public large et vari\u00e9 ayant pour objectif de satisfaire votre curiosit\u00e9 et de partager avec vous une certaine fascination pour le m\u00e9tal jaune, pour ceux qui veulent investir dans l'or, vendre leur or tout simplement en savoir plus...\"}]}<\/script>\n<!-- \/ Yoast SEO plugin. -->","yoast_head_json":{"title":"Un quart des Fran\u00e7ais d\u00e9tiennent de l\u2019or - Gold.fr","description":"Un quart des fran\u00e7ais d\u00e9tiennent de l'or. Pour en savoir plus et avoir acc\u00e8s \u00e0 toute l'actualit\u00e9 sur l'or rendez-vous sur Gold.fr. Le site d'experts du Comptoir National de l'Or.","robots":{"index":"index","follow":"follow","max-snippet":"max-snippet:-1","max-image-preview":"max-image-preview:large","max-video-preview":"max-video-preview:-1"},"canonical":"https:\/\/www.gold.fr\/news\/2013\/02\/08\/un-quart-des-francais-detiennent-de-lor\/","og_locale":"fr_FR","og_type":"article","og_title":"Un quart des Fran\u00e7ais d\u00e9tiennent de l\u2019or - Gold.fr","og_description":"Un quart des fran\u00e7ais d\u00e9tiennent de l'or. Pour en savoir plus et avoir acc\u00e8s \u00e0 toute l'actualit\u00e9 sur l'or rendez-vous sur Gold.fr. Le site d'experts du Comptoir National de l'Or.","og_url":"https:\/\/www.gold.fr\/news\/2013\/02\/08\/un-quart-des-francais-detiennent-de-lor\/","og_site_name":"Gold.fr","article_publisher":"https:\/\/www.facebook.com\/Goldfr\/","article_published_time":"2013-02-08T17:28:38+00:00","article_modified_time":"2019-08-08T10:12:59+00:00","og_image":[{"width":600,"height":406,"url":"https:\/\/www.gold.fr\/news\/wp-content\/uploads\/2011\/05\/record-or.jpg","type":"image\/jpeg"}],"author":"Anthony","twitter_card":"summary_large_image","twitter_misc":{"\u00c9crit par":"Samy","Dur\u00e9e de lecture estim\u00e9e":"5 minutes"},"schema":{"@context":"https:\/\/schema.org","@graph":[{"@type":"Article","@id":"https:\/\/www.gold.fr\/news\/2013\/02\/08\/un-quart-des-francais-detiennent-de-lor\/#article","isPartOf":{"@id":"https:\/\/www.gold.fr\/news\/2013\/02\/08\/un-quart-des-francais-detiennent-de-lor\/"},"author":{"name":"Samy","@id":"https:\/\/www.gold.fr\/news\/#\/schema\/person\/6a977448ae6ba85f43a46d35fc66f82b"},"headline":"Un quart des Fran\u00e7ais d\u00e9tiennent de l\u2019or","datePublished":"2013-02-08T17:28:38+00:00","dateModified":"2019-08-08T10:12:59+00:00","mainEntityOfPage":{"@id":"https:\/\/www.gold.fr\/news\/2013\/02\/08\/un-quart-des-francais-detiennent-de-lor\/"},"wordCount":1112,"commentCount":1,"image":{"@id":"https:\/\/www.gold.fr\/news\/2013\/02\/08\/un-quart-des-francais-detiennent-de-lor\/#primaryimage"},"thumbnailUrl":"https:\/\/www.gold.fr\/news\/wp-content\/uploads\/2011\/05\/record-or.jpg","keywords":["Achat d'Or","Tout Cours de l'Or"],"articleSection":["Analyses Economiques","Articles de presse","Flash infos","Franchis\u00e9s"],"inLanguage":"fr-FR"},{"@type":"WebPage","@id":"https:\/\/www.gold.fr\/news\/2013\/02\/08\/un-quart-des-francais-detiennent-de-lor\/","url":"https:\/\/www.gold.fr\/news\/2013\/02\/08\/un-quart-des-francais-detiennent-de-lor\/","name":"Un quart des Fran\u00e7ais d\u00e9tiennent de l\u2019or - Gold.fr","isPartOf":{"@id":"https:\/\/www.gold.fr\/news\/#website"},"primaryImageOfPage":{"@id":"https:\/\/www.gold.fr\/news\/2013\/02\/08\/un-quart-des-francais-detiennent-de-lor\/#primaryimage"},"image":{"@id":"https:\/\/www.gold.fr\/news\/2013\/02\/08\/un-quart-des-francais-detiennent-de-lor\/#primaryimage"},"thumbnailUrl":"https:\/\/www.gold.fr\/news\/wp-content\/uploads\/2011\/05\/record-or.jpg","datePublished":"2013-02-08T17:28:38+00:00","dateModified":"2019-08-08T10:12:59+00:00","author":{"@id":"https:\/\/www.gold.fr\/news\/#\/schema\/person\/6a977448ae6ba85f43a46d35fc66f82b"},"description":"Un quart des fran\u00e7ais d\u00e9tiennent de l'or. Pour en savoir plus et avoir acc\u00e8s \u00e0 toute l'actualit\u00e9 sur l'or rendez-vous sur Gold.fr. Le site d'experts du Comptoir National de l'Or.","breadcrumb":{"@id":"https:\/\/www.gold.fr\/news\/2013\/02\/08\/un-quart-des-francais-detiennent-de-lor\/#breadcrumb"},"inLanguage":"fr-FR","potentialAction":[{"@type":"ReadAction","target":["https:\/\/www.gold.fr\/news\/2013\/02\/08\/un-quart-des-francais-detiennent-de-lor\/"]}]},{"@type":"ImageObject","inLanguage":"fr-FR","@id":"https:\/\/www.gold.fr\/news\/2013\/02\/08\/un-quart-des-francais-detiennent-de-lor\/#primaryimage","url":"https:\/\/www.gold.fr\/news\/wp-content\/uploads\/2011\/05\/record-or.jpg","contentUrl":"https:\/\/www.gold.fr\/news\/wp-content\/uploads\/2011\/05\/record-or.jpg","width":"600","height":"406","caption":"Petit rappel de la composition de l'or color\u00e9"},{"@type":"BreadcrumbList","@id":"https:\/\/www.gold.fr\/news\/2013\/02\/08\/un-quart-des-francais-detiennent-de-lor\/#breadcrumb","itemListElement":[{"@type":"ListItem","position":1,"name":"Accueil","item":"https:\/\/www.gold.fr\/"},{"@type":"ListItem","position":2,"name":"Actualit\u00e9s","item":"https:\/\/www.gold.fr\/news\/"},{"@type":"ListItem","position":3,"name":"Un quart des Fran\u00e7ais d\u00e9tiennent de l\u2019or"}]},{"@type":"WebSite","@id":"https:\/\/www.gold.fr\/news\/#website","url":"https:\/\/www.gold.fr\/news\/","name":"Gold.fr","description":"Actualit\u00e9s de l&#039;Or et des m\u00e9taux pr\u00e9cieux","potentialAction":[{"@type":"SearchAction","target":{"@type":"EntryPoint","urlTemplate":"https:\/\/www.gold.fr\/news\/?s={search_term_string}"},"query-input":{"@type":"PropertyValueSpecification","valueRequired":true,"valueName":"search_term_string"}}],"inLanguage":"fr-FR"},{"@type":"Person","@id":"https:\/\/www.gold.fr\/news\/#\/schema\/person\/6a977448ae6ba85f43a46d35fc66f82b","name":"Samy","image":{"@type":"ImageObject","inLanguage":"fr-FR","@id":"https:\/\/secure.gravatar.com\/avatar\/ec3b1ee8da06b98b0d3b7da383393987ae73756a23e0f3ec4c1ea09e0e65804d?s=96&d=mm&r=g9bbe2ee6067d4fa1a1e531a356169f97","url":"https:\/\/secure.gravatar.com\/avatar\/ec3b1ee8da06b98b0d3b7da383393987ae73756a23e0f3ec4c1ea09e0e65804d?s=96&d=mm&r=g","contentUrl":"https:\/\/secure.gravatar.com\/avatar\/ec3b1ee8da06b98b0d3b7da383393987ae73756a23e0f3ec4c1ea09e0e65804d?s=96&d=mm&r=g","caption":"Samy"},"description":"Notre r\u00e9daction est constitu\u00e9e de membres experts dans les m\u00e9tiers de l'\u00e9conomie et la gestion, des Responsables d'agence Comptoir National de l'Or, des analystes financiers qui publient r\u00e9guli\u00e8rement des \u00e9tudes sur les politiques des banques centrales, le cours de l'or, le cours de l'argent, cours du platine, cours du palladium... la situation en zone euro et l'impact de la strat\u00e9gie mon\u00e9taire de la FED. Notre \u00e9quipe scrute \u00e9galement une information plus g\u00e9n\u00e9raliste \u00e0 la recherche d'actualit\u00e9 \"p\u00e9pite\" \u00e0 vous partager. Depuis 5 ans, nous avons publi\u00e9 un peu plus de 4000 articles qui s'adressent \u00e0 un public large et vari\u00e9 ayant pour objectif de satisfaire votre curiosit\u00e9 et de partager avec vous une certaine fascination pour le m\u00e9tal jaune, pour ceux qui veulent investir dans l'or, vendre leur or tout simplement en savoir plus..."}]}},"authors":[{"term_id":2562,"user_id":11,"is_guest":0,"slug":null,"display_name":"Anthony","avatar_url":"https:\/\/secure.gravatar.com\/avatar\/19974f7c75da5f0b217374f3a37eb05031e41aaad4ceb3fe17ada2ab3daf6b95?s=96&d=mm&r=g","0":null,"1":"","2":"","3":"","4":"","5":"","6":"","7":"","8":""}],"_links":{"self":[{"href":"https:\/\/www.gold.fr\/news\/wp-json\/wp\/v2\/posts\/10707","targetHints":{"allow":["GET"]}}],"collection":[{"href":"https:\/\/www.gold.fr\/news\/wp-json\/wp\/v2\/posts"}],"about":[{"href":"https:\/\/www.gold.fr\/news\/wp-json\/wp\/v2\/types\/post"}],"author":[{"embeddable":true,"href":"https:\/\/www.gold.fr\/news\/wp-json\/wp\/v2\/users\/43"}],"replies":[{"embeddable":true,"href":"https:\/\/www.gold.fr\/news\/wp-json\/wp\/v2\/comments?post=10707"}],"version-history":[{"count":0,"href":"https:\/\/www.gold.fr\/news\/wp-json\/wp\/v2\/posts\/10707\/revisions"}],"wp:featuredmedia":[{"embeddable":true,"href":"https:\/\/www.gold.fr\/news\/wp-json\/wp\/v2\/media\/10190"}],"wp:attachment":[{"href":"https:\/\/www.gold.fr\/news\/wp-json\/wp\/v2\/media?parent=10707"}],"wp:term":[{"taxonomy":"category","embeddable":true,"href":"https:\/\/www.gold.fr\/news\/wp-json\/wp\/v2\/categories?post=10707"},{"taxonomy":"post_tag","embeddable":true,"href":"https:\/\/www.gold.fr\/news\/wp-json\/wp\/v2\/tags?post=10707"},{"taxonomy":"author","embeddable":true,"href":"https:\/\/www.gold.fr\/news\/wp-json\/wp\/v2\/ppma_author?post=10707"}],"curies":[{"name":"wp","href":"https:\/\/api.w.org\/{rel}","templated":true}]}}