{"id":10702,"date":"2013-02-07T13:00:38","date_gmt":"2013-02-07T12:00:38","guid":{"rendered":"https:\/\/www.gold.fr\/news\/?p=10702"},"modified":"2021-09-09T16:22:07","modified_gmt":"2021-09-09T14:22:07","slug":"lor-continu-de-tenir-le-cap-grace-a-la-chine","status":"publish","type":"post","link":"https:\/\/www.gold.fr\/news\/2013\/02\/07\/lor-continu-de-tenir-le-cap-grace-a-la-chine\/","title":{"rendered":"L&rsquo;or continu de tenir le cap, gr\u00e2ce \u00e0 la Chine"},"content":{"rendered":"<p><img loading=\"lazy\" decoding=\"async\" class=\"alignleft size-thumbnail wp-image-4621\" title=\"Cours de l'Or de Bourse\" src=\"https:\/\/www.gold.fr\/news\/wp-content\/uploads\/2018\/10\/chine-importation.jpg\" alt=\"\" width=\"150\" height=\"150\" \/><span style=\"font-size: small;\">Les march\u00e9s restent ce matin dans l&rsquo;expectative, en attente de l&rsquo;\u00e9v\u00e8nement majeur de la journ\u00e9e. En effet, cet apr\u00e8s midi, le pr\u00e9sident de la <strong>FED<\/strong> prononcera un discours au sujet de <a title=\"Les inqui\u00e9tudes de la FED pour l\u2019\u00e9conomie nationale\" href=\"https:\/\/www.gold.fr\/news\/2013\/02\/06\/les-inquietudes-de-la-fed-pour-leconomie-nationale\/10684\/\" target=\"_blank\" rel=\"noopener\">la politique mon\u00e9taire aux <strong>Etats Unis<\/strong><\/a>, et en particulier au sujet <a title=\"Des chiffres d\u00e9cevants pour l\u2019emploi US\" href=\"https:\/\/www.gold.fr\/news\/2013\/02\/06\/des-chiffres-decevants-pour-lemploi-us-2\/10682\/\" target=\"_blank\" rel=\"noopener\">des chiffres de l&#8217;emploi am\u00e9ricain<\/a> et de la hausse du chiffre de la demande d&rsquo;allocation ch\u00f4mage.<\/span> <span style=\"font-size: small;\">Du c\u00f4t\u00e9 europ\u00e9en, l&rsquo;inqui\u00e9tude reste de mise, face \u00e0 <a title=\"Economie internationale : La crise qui soutient l\u2019or\" href=\"https:\/\/www.gold.fr\/news\/2013\/02\/07\/economie-internationale-la-crise-qui-soutient-lor\/10687\/\" target=\"_blank\" rel=\"noopener\">une conjoncture \u00e9conomique inchang\u00e9e<\/a>. Dans cette incertitude, <a title=\"Prix de l\u2019or\" href=\"https:\/\/www.gold.fr\/cours-prix-de-l-or\/\" target=\"_blank\" rel=\"noopener\">le cours de l&rsquo;or<\/a> tente de maintenir son cap, et y arrive, soutenu majoritairement par <a title=\"La chine et le march\u00e9 de l\u2019or\" href=\"https:\/\/www.gold.fr\/news\/2013\/02\/05\/la-chine-et-le-marche-de-lor\/10675\/\" target=\"_blank\" rel=\"noopener\">la forte demande chinoise<\/a>.<\/span> <span style=\"font-size: small;\">La s\u00e9ance d&rsquo;aujourd&rsquo;hui, <strong>jeudi 7 f\u00e9vrier 2013<\/strong>, s&rsquo;est donc ouverte sur un cours de <strong>1678 dollars<\/strong> <a title=\"Prix de l'Once d'Or\" href=\"https:\/\/www.gold.fr\/once-en\/\" target=\"_blank\" rel=\"noopener\">l&rsquo;once<\/a>.<\/span><\/p>\n<!-- AddThis Advanced Settings generic via filter on the_content --><!-- AddThis Share Buttons generic via filter on the_content -->","protected":false},"excerpt":{"rendered":"<p>Les march\u00e9s restent ce matin dans l&rsquo;expectative, en attente de l&rsquo;\u00e9v\u00e8nement majeur de la journ\u00e9e. En effet, cet apr\u00e8s midi, le pr\u00e9sident de la FED prononcera un discours au sujet de la politique mon\u00e9taire aux Etats [&hellip;]<\/p>\n","protected":false},"author":18,"featured_media":34451,"comment_status":"closed","ping_status":"closed","sticky":false,"template":"","format":"standard","meta":{"_mbp_gutenberg_autopost":false,"_pgmb_is_evergreen":false,"_pgmb_ap_template_id":0,"footnotes":""},"categories":[5],"tags":[385,84],"ppma_author":[2565],"class_list":["post-10702","post","type-post","status-publish","format-standard","has-post-thumbnail","hentry","category-flash-infos","tag-cours-de-lor-de-bourse","tag-cours-de-lor"],"yoast_head":"<!-- This site is optimized with the Yoast SEO plugin v27.5 - https:\/\/yoast.com\/product\/yoast-seo-wordpress\/ -->\n<title>L&#039;or continu de tenir le cap, gr\u00e2ce \u00e0 la Chine - Gold.fr<\/title>\n<meta name=\"robots\" content=\"index, follow, max-snippet:-1, max-image-preview:large, max-video-preview:-1\" \/>\n<link rel=\"canonical\" href=\"https:\/\/www.gold.fr\/news\/2013\/02\/07\/lor-continu-de-tenir-le-cap-grace-a-la-chine\/\" \/>\n<meta property=\"og:locale\" content=\"fr_FR\" \/>\n<meta property=\"og:type\" content=\"article\" \/>\n<meta property=\"og:title\" content=\"L&#039;or continu de tenir le cap, gr\u00e2ce \u00e0 la Chine - Gold.fr\" \/>\n<meta property=\"og:description\" content=\"Les march\u00e9s restent ce matin dans l&rsquo;expectative, en attente de l&rsquo;\u00e9v\u00e8nement majeur de la journ\u00e9e. En effet, cet apr\u00e8s midi, le pr\u00e9sident de la FED prononcera un discours au sujet de la politique mon\u00e9taire aux Etats [&hellip;]\" \/>\n<meta property=\"og:url\" content=\"https:\/\/www.gold.fr\/news\/2013\/02\/07\/lor-continu-de-tenir-le-cap-grace-a-la-chine\/\" \/>\n<meta property=\"og:site_name\" content=\"Gold.fr\" \/>\n<meta property=\"article:publisher\" content=\"https:\/\/www.facebook.com\/Goldfr\/\" \/>\n<meta property=\"article:published_time\" content=\"2013-02-07T12:00:38+00:00\" \/>\n<meta property=\"article:modified_time\" content=\"2021-09-09T14:22:07+00:00\" \/>\n<meta property=\"og:image\" content=\"https:\/\/www.gold.fr\/news\/wp-content\/uploads\/2018\/10\/chine-importation.jpg\" \/>\n\t<meta property=\"og:image:width\" content=\"650\" \/>\n\t<meta property=\"og:image:height\" content=\"250\" \/>\n\t<meta property=\"og:image:type\" content=\"image\/jpeg\" \/>\n<meta name=\"author\" content=\"Comptoir National de l&#039;Or\" \/>\n<meta name=\"twitter:card\" content=\"summary_large_image\" \/>\n<meta name=\"twitter:label1\" content=\"\u00c9crit par\" \/>\n\t<meta name=\"twitter:data1\" content=\"Comptoir National de l&#039;Or\" \/>\n\t<meta name=\"twitter:label2\" content=\"Dur\u00e9e de lecture estim\u00e9e\" \/>\n\t<meta name=\"twitter:data2\" content=\"1 minute\" \/>\n<script type=\"application\/ld+json\" class=\"yoast-schema-graph\">{\"@context\":\"https:\\\/\\\/schema.org\",\"@graph\":[{\"@type\":\"Article\",\"@id\":\"https:\\\/\\\/www.gold.fr\\\/news\\\/2013\\\/02\\\/07\\\/lor-continu-de-tenir-le-cap-grace-a-la-chine\\\/#article\",\"isPartOf\":{\"@id\":\"https:\\\/\\\/www.gold.fr\\\/news\\\/2013\\\/02\\\/07\\\/lor-continu-de-tenir-le-cap-grace-a-la-chine\\\/\"},\"author\":{\"name\":\"Comptoir National de l'Or\",\"@id\":\"https:\\\/\\\/www.gold.fr\\\/news\\\/#\\\/schema\\\/person\\\/070491b4b4fb7671bf59b3be20302ce9\"},\"headline\":\"L&rsquo;or continu de tenir le cap, gr\u00e2ce \u00e0 la Chine\",\"datePublished\":\"2013-02-07T12:00:38+00:00\",\"dateModified\":\"2021-09-09T14:22:07+00:00\",\"mainEntityOfPage\":{\"@id\":\"https:\\\/\\\/www.gold.fr\\\/news\\\/2013\\\/02\\\/07\\\/lor-continu-de-tenir-le-cap-grace-a-la-chine\\\/\"},\"wordCount\":141,\"image\":{\"@id\":\"https:\\\/\\\/www.gold.fr\\\/news\\\/2013\\\/02\\\/07\\\/lor-continu-de-tenir-le-cap-grace-a-la-chine\\\/#primaryimage\"},\"thumbnailUrl\":\"https:\\\/\\\/www.gold.fr\\\/news\\\/wp-content\\\/uploads\\\/2018\\\/10\\\/chine-importation.jpg\",\"keywords\":[\"cours de l'or de bourse\",\"Tout Cours de l'Or\"],\"articleSection\":[\"Flash infos\"],\"inLanguage\":\"fr-FR\"},{\"@type\":\"WebPage\",\"@id\":\"https:\\\/\\\/www.gold.fr\\\/news\\\/2013\\\/02\\\/07\\\/lor-continu-de-tenir-le-cap-grace-a-la-chine\\\/\",\"url\":\"https:\\\/\\\/www.gold.fr\\\/news\\\/2013\\\/02\\\/07\\\/lor-continu-de-tenir-le-cap-grace-a-la-chine\\\/\",\"name\":\"L'or continu de tenir le cap, gr\u00e2ce \u00e0 la Chine - Gold.fr\",\"isPartOf\":{\"@id\":\"https:\\\/\\\/www.gold.fr\\\/news\\\/#website\"},\"primaryImageOfPage\":{\"@id\":\"https:\\\/\\\/www.gold.fr\\\/news\\\/2013\\\/02\\\/07\\\/lor-continu-de-tenir-le-cap-grace-a-la-chine\\\/#primaryimage\"},\"image\":{\"@id\":\"https:\\\/\\\/www.gold.fr\\\/news\\\/2013\\\/02\\\/07\\\/lor-continu-de-tenir-le-cap-grace-a-la-chine\\\/#primaryimage\"},\"thumbnailUrl\":\"https:\\\/\\\/www.gold.fr\\\/news\\\/wp-content\\\/uploads\\\/2018\\\/10\\\/chine-importation.jpg\",\"datePublished\":\"2013-02-07T12:00:38+00:00\",\"dateModified\":\"2021-09-09T14:22:07+00:00\",\"author\":{\"@id\":\"https:\\\/\\\/www.gold.fr\\\/news\\\/#\\\/schema\\\/person\\\/070491b4b4fb7671bf59b3be20302ce9\"},\"breadcrumb\":{\"@id\":\"https:\\\/\\\/www.gold.fr\\\/news\\\/2013\\\/02\\\/07\\\/lor-continu-de-tenir-le-cap-grace-a-la-chine\\\/#breadcrumb\"},\"inLanguage\":\"fr-FR\",\"potentialAction\":[{\"@type\":\"ReadAction\",\"target\":[\"https:\\\/\\\/www.gold.fr\\\/news\\\/2013\\\/02\\\/07\\\/lor-continu-de-tenir-le-cap-grace-a-la-chine\\\/\"]}]},{\"@type\":\"ImageObject\",\"inLanguage\":\"fr-FR\",\"@id\":\"https:\\\/\\\/www.gold.fr\\\/news\\\/2013\\\/02\\\/07\\\/lor-continu-de-tenir-le-cap-grace-a-la-chine\\\/#primaryimage\",\"url\":\"https:\\\/\\\/www.gold.fr\\\/news\\\/wp-content\\\/uploads\\\/2018\\\/10\\\/chine-importation.jpg\",\"contentUrl\":\"https:\\\/\\\/www.gold.fr\\\/news\\\/wp-content\\\/uploads\\\/2018\\\/10\\\/chine-importation.jpg\",\"width\":650,\"height\":250,\"caption\":\"Chine : forte chute des importations am\u00e9ricaines d'or et de p\u00e9trole\"},{\"@type\":\"BreadcrumbList\",\"@id\":\"https:\\\/\\\/www.gold.fr\\\/news\\\/2013\\\/02\\\/07\\\/lor-continu-de-tenir-le-cap-grace-a-la-chine\\\/#breadcrumb\",\"itemListElement\":[{\"@type\":\"ListItem\",\"position\":1,\"name\":\"Accueil\",\"item\":\"https:\\\/\\\/www.gold.fr\\\/\"},{\"@type\":\"ListItem\",\"position\":2,\"name\":\"Actualit\u00e9s\",\"item\":\"https:\\\/\\\/www.gold.fr\\\/news\\\/\"},{\"@type\":\"ListItem\",\"position\":3,\"name\":\"L&rsquo;or continu de tenir le cap, gr\u00e2ce \u00e0 la Chine\"}]},{\"@type\":\"WebSite\",\"@id\":\"https:\\\/\\\/www.gold.fr\\\/news\\\/#website\",\"url\":\"https:\\\/\\\/www.gold.fr\\\/news\\\/\",\"name\":\"Gold.fr\",\"description\":\"Actualit\u00e9s de l&#039;Or et des m\u00e9taux pr\u00e9cieux\",\"potentialAction\":[{\"@type\":\"SearchAction\",\"target\":{\"@type\":\"EntryPoint\",\"urlTemplate\":\"https:\\\/\\\/www.gold.fr\\\/news\\\/?s={search_term_string}\"},\"query-input\":{\"@type\":\"PropertyValueSpecification\",\"valueRequired\":true,\"valueName\":\"search_term_string\"}}],\"inLanguage\":\"fr-FR\"},{\"@type\":\"Person\",\"@id\":\"https:\\\/\\\/www.gold.fr\\\/news\\\/#\\\/schema\\\/person\\\/070491b4b4fb7671bf59b3be20302ce9\",\"name\":\"Comptoir National de l'Or\",\"image\":{\"@type\":\"ImageObject\",\"inLanguage\":\"fr-FR\",\"@id\":\"https:\\\/\\\/secure.gravatar.com\\\/avatar\\\/0a2867fd5abe37bed95d5a65e9d58f01756e11efc68af9888dfc50cfa7f65948?s=96&d=mm&r=gb490554db0a38188709de567aa58480d\",\"url\":\"https:\\\/\\\/secure.gravatar.com\\\/avatar\\\/0a2867fd5abe37bed95d5a65e9d58f01756e11efc68af9888dfc50cfa7f65948?s=96&d=mm&r=g\",\"contentUrl\":\"https:\\\/\\\/secure.gravatar.com\\\/avatar\\\/0a2867fd5abe37bed95d5a65e9d58f01756e11efc68af9888dfc50cfa7f65948?s=96&d=mm&r=g\",\"caption\":\"Comptoir National de l'Or\"},\"description\":\"Notre r\u00e9daction est constitu\u00e9e de membres experts dans les m\u00e9tiers de l'\u00e9conomie et la gestion, des Responsables d'agence Comptoir National de l'Or, des analystes financiers qui publient r\u00e9guli\u00e8rement des \u00e9tudes sur les politiques des banques centrales, le cours de l'or, prix de l'or, cours de l'argent, prix de l'argent, cours du platine, cours du palladium,... la situation en zone euro et l'impact de la strat\u00e9gie mon\u00e9taire de la FED. Notre \u00e9quipe scrute \u00e9galement une information plus g\u00e9n\u00e9raliste \u00e0 la recherche d'actualit\u00e9 \\\"p\u00e9pite\\\" \u00e0 vous partager. Depuis 5 ans, nous avons publi\u00e9 un peu plus de 4000 articles qui s'adressent \u00e0 un public large et vari\u00e9 ayant pour objectif de satisfaire votre curiosit\u00e9 et de partager avec vous une certaine fascination pour le m\u00e9tal jaune, le rachat d'or, et pour ceux qui veulent investir dans l'or, vendre leur or tout simplement en savoir plus... Pour tous vos achat or et argent, n'h\u00e9sitez pas \u00e0 prendre rendez-vous dans l'un de nos nombreux comptoirs.\",\"sameAs\":[\"https:\\\/\\\/www.gold.fr\"]}]}<\/script>\n<!-- \/ Yoast SEO plugin. -->","yoast_head_json":{"title":"L'or continu de tenir le cap, gr\u00e2ce \u00e0 la Chine - Gold.fr","robots":{"index":"index","follow":"follow","max-snippet":"max-snippet:-1","max-image-preview":"max-image-preview:large","max-video-preview":"max-video-preview:-1"},"canonical":"https:\/\/www.gold.fr\/news\/2013\/02\/07\/lor-continu-de-tenir-le-cap-grace-a-la-chine\/","og_locale":"fr_FR","og_type":"article","og_title":"L'or continu de tenir le cap, gr\u00e2ce \u00e0 la Chine - Gold.fr","og_description":"Les march\u00e9s restent ce matin dans l&rsquo;expectative, en attente de l&rsquo;\u00e9v\u00e8nement majeur de la journ\u00e9e. En effet, cet apr\u00e8s midi, le pr\u00e9sident de la FED prononcera un discours au sujet de la politique mon\u00e9taire aux Etats [&hellip;]","og_url":"https:\/\/www.gold.fr\/news\/2013\/02\/07\/lor-continu-de-tenir-le-cap-grace-a-la-chine\/","og_site_name":"Gold.fr","article_publisher":"https:\/\/www.facebook.com\/Goldfr\/","article_published_time":"2013-02-07T12:00:38+00:00","article_modified_time":"2021-09-09T14:22:07+00:00","og_image":[{"width":650,"height":250,"url":"https:\/\/www.gold.fr\/news\/wp-content\/uploads\/2018\/10\/chine-importation.jpg","type":"image\/jpeg"}],"author":"Comptoir National de l'Or","twitter_card":"summary_large_image","twitter_misc":{"\u00c9crit par":"Comptoir National de l'Or","Dur\u00e9e de lecture estim\u00e9e":"1 minute"},"schema":{"@context":"https:\/\/schema.org","@graph":[{"@type":"Article","@id":"https:\/\/www.gold.fr\/news\/2013\/02\/07\/lor-continu-de-tenir-le-cap-grace-a-la-chine\/#article","isPartOf":{"@id":"https:\/\/www.gold.fr\/news\/2013\/02\/07\/lor-continu-de-tenir-le-cap-grace-a-la-chine\/"},"author":{"name":"Comptoir National de l'Or","@id":"https:\/\/www.gold.fr\/news\/#\/schema\/person\/070491b4b4fb7671bf59b3be20302ce9"},"headline":"L&rsquo;or continu de tenir le cap, gr\u00e2ce \u00e0 la Chine","datePublished":"2013-02-07T12:00:38+00:00","dateModified":"2021-09-09T14:22:07+00:00","mainEntityOfPage":{"@id":"https:\/\/www.gold.fr\/news\/2013\/02\/07\/lor-continu-de-tenir-le-cap-grace-a-la-chine\/"},"wordCount":141,"image":{"@id":"https:\/\/www.gold.fr\/news\/2013\/02\/07\/lor-continu-de-tenir-le-cap-grace-a-la-chine\/#primaryimage"},"thumbnailUrl":"https:\/\/www.gold.fr\/news\/wp-content\/uploads\/2018\/10\/chine-importation.jpg","keywords":["cours de l'or de bourse","Tout Cours de l'Or"],"articleSection":["Flash infos"],"inLanguage":"fr-FR"},{"@type":"WebPage","@id":"https:\/\/www.gold.fr\/news\/2013\/02\/07\/lor-continu-de-tenir-le-cap-grace-a-la-chine\/","url":"https:\/\/www.gold.fr\/news\/2013\/02\/07\/lor-continu-de-tenir-le-cap-grace-a-la-chine\/","name":"L'or continu de tenir le cap, gr\u00e2ce \u00e0 la Chine - Gold.fr","isPartOf":{"@id":"https:\/\/www.gold.fr\/news\/#website"},"primaryImageOfPage":{"@id":"https:\/\/www.gold.fr\/news\/2013\/02\/07\/lor-continu-de-tenir-le-cap-grace-a-la-chine\/#primaryimage"},"image":{"@id":"https:\/\/www.gold.fr\/news\/2013\/02\/07\/lor-continu-de-tenir-le-cap-grace-a-la-chine\/#primaryimage"},"thumbnailUrl":"https:\/\/www.gold.fr\/news\/wp-content\/uploads\/2018\/10\/chine-importation.jpg","datePublished":"2013-02-07T12:00:38+00:00","dateModified":"2021-09-09T14:22:07+00:00","author":{"@id":"https:\/\/www.gold.fr\/news\/#\/schema\/person\/070491b4b4fb7671bf59b3be20302ce9"},"breadcrumb":{"@id":"https:\/\/www.gold.fr\/news\/2013\/02\/07\/lor-continu-de-tenir-le-cap-grace-a-la-chine\/#breadcrumb"},"inLanguage":"fr-FR","potentialAction":[{"@type":"ReadAction","target":["https:\/\/www.gold.fr\/news\/2013\/02\/07\/lor-continu-de-tenir-le-cap-grace-a-la-chine\/"]}]},{"@type":"ImageObject","inLanguage":"fr-FR","@id":"https:\/\/www.gold.fr\/news\/2013\/02\/07\/lor-continu-de-tenir-le-cap-grace-a-la-chine\/#primaryimage","url":"https:\/\/www.gold.fr\/news\/wp-content\/uploads\/2018\/10\/chine-importation.jpg","contentUrl":"https:\/\/www.gold.fr\/news\/wp-content\/uploads\/2018\/10\/chine-importation.jpg","width":650,"height":250,"caption":"Chine : forte chute des importations am\u00e9ricaines d'or et de p\u00e9trole"},{"@type":"BreadcrumbList","@id":"https:\/\/www.gold.fr\/news\/2013\/02\/07\/lor-continu-de-tenir-le-cap-grace-a-la-chine\/#breadcrumb","itemListElement":[{"@type":"ListItem","position":1,"name":"Accueil","item":"https:\/\/www.gold.fr\/"},{"@type":"ListItem","position":2,"name":"Actualit\u00e9s","item":"https:\/\/www.gold.fr\/news\/"},{"@type":"ListItem","position":3,"name":"L&rsquo;or continu de tenir le cap, gr\u00e2ce \u00e0 la Chine"}]},{"@type":"WebSite","@id":"https:\/\/www.gold.fr\/news\/#website","url":"https:\/\/www.gold.fr\/news\/","name":"Gold.fr","description":"Actualit\u00e9s de l&#039;Or et des m\u00e9taux pr\u00e9cieux","potentialAction":[{"@type":"SearchAction","target":{"@type":"EntryPoint","urlTemplate":"https:\/\/www.gold.fr\/news\/?s={search_term_string}"},"query-input":{"@type":"PropertyValueSpecification","valueRequired":true,"valueName":"search_term_string"}}],"inLanguage":"fr-FR"},{"@type":"Person","@id":"https:\/\/www.gold.fr\/news\/#\/schema\/person\/070491b4b4fb7671bf59b3be20302ce9","name":"Comptoir National de l'Or","image":{"@type":"ImageObject","inLanguage":"fr-FR","@id":"https:\/\/secure.gravatar.com\/avatar\/0a2867fd5abe37bed95d5a65e9d58f01756e11efc68af9888dfc50cfa7f65948?s=96&d=mm&r=gb490554db0a38188709de567aa58480d","url":"https:\/\/secure.gravatar.com\/avatar\/0a2867fd5abe37bed95d5a65e9d58f01756e11efc68af9888dfc50cfa7f65948?s=96&d=mm&r=g","contentUrl":"https:\/\/secure.gravatar.com\/avatar\/0a2867fd5abe37bed95d5a65e9d58f01756e11efc68af9888dfc50cfa7f65948?s=96&d=mm&r=g","caption":"Comptoir National de l'Or"},"description":"Notre r\u00e9daction est constitu\u00e9e de membres experts dans les m\u00e9tiers de l'\u00e9conomie et la gestion, des Responsables d'agence Comptoir National de l'Or, des analystes financiers qui publient r\u00e9guli\u00e8rement des \u00e9tudes sur les politiques des banques centrales, le cours de l'or, prix de l'or, cours de l'argent, prix de l'argent, cours du platine, cours du palladium,... la situation en zone euro et l'impact de la strat\u00e9gie mon\u00e9taire de la FED. Notre \u00e9quipe scrute \u00e9galement une information plus g\u00e9n\u00e9raliste \u00e0 la recherche d'actualit\u00e9 \"p\u00e9pite\" \u00e0 vous partager. Depuis 5 ans, nous avons publi\u00e9 un peu plus de 4000 articles qui s'adressent \u00e0 un public large et vari\u00e9 ayant pour objectif de satisfaire votre curiosit\u00e9 et de partager avec vous une certaine fascination pour le m\u00e9tal jaune, le rachat d'or, et pour ceux qui veulent investir dans l'or, vendre leur or tout simplement en savoir plus... Pour tous vos achat or et argent, n'h\u00e9sitez pas \u00e0 prendre rendez-vous dans l'un de nos nombreux comptoirs.","sameAs":["https:\/\/www.gold.fr"]}]}},"authors":[{"term_id":2565,"user_id":18,"is_guest":0,"slug":"julie","display_name":"Comptoir National de l'Or","avatar_url":"https:\/\/secure.gravatar.com\/avatar\/713f289e398d35ead876c4a4cc08607f0d6d266058cfc25683fffb6092d0e572?s=96&d=mm&r=g","0":null,"1":"","2":"","3":"","4":"","5":"","6":"","7":"","8":""}],"_links":{"self":[{"href":"https:\/\/www.gold.fr\/news\/wp-json\/wp\/v2\/posts\/10702","targetHints":{"allow":["GET"]}}],"collection":[{"href":"https:\/\/www.gold.fr\/news\/wp-json\/wp\/v2\/posts"}],"about":[{"href":"https:\/\/www.gold.fr\/news\/wp-json\/wp\/v2\/types\/post"}],"author":[{"embeddable":true,"href":"https:\/\/www.gold.fr\/news\/wp-json\/wp\/v2\/users\/18"}],"replies":[{"embeddable":true,"href":"https:\/\/www.gold.fr\/news\/wp-json\/wp\/v2\/comments?post=10702"}],"version-history":[{"count":0,"href":"https:\/\/www.gold.fr\/news\/wp-json\/wp\/v2\/posts\/10702\/revisions"}],"wp:featuredmedia":[{"embeddable":true,"href":"https:\/\/www.gold.fr\/news\/wp-json\/wp\/v2\/media\/34451"}],"wp:attachment":[{"href":"https:\/\/www.gold.fr\/news\/wp-json\/wp\/v2\/media?parent=10702"}],"wp:term":[{"taxonomy":"category","embeddable":true,"href":"https:\/\/www.gold.fr\/news\/wp-json\/wp\/v2\/categories?post=10702"},{"taxonomy":"post_tag","embeddable":true,"href":"https:\/\/www.gold.fr\/news\/wp-json\/wp\/v2\/tags?post=10702"},{"taxonomy":"author","embeddable":true,"href":"https:\/\/www.gold.fr\/news\/wp-json\/wp\/v2\/ppma_author?post=10702"}],"curies":[{"name":"wp","href":"https:\/\/api.w.org\/{rel}","templated":true}]}}