{"id":10691,"date":"2013-02-07T17:00:50","date_gmt":"2013-02-07T16:00:50","guid":{"rendered":"https:\/\/www.gold.fr\/news\/?p=10691"},"modified":"2017-11-02T11:34:27","modified_gmt":"2017-11-02T10:34:27","slug":"changement-de-strategie-chez-la-fed","status":"publish","type":"post","link":"https:\/\/www.gold.fr\/news\/2013\/02\/07\/changement-de-strategie-chez-la-fed\/","title":{"rendered":"Changement de strat\u00e9gie chez la FED"},"content":{"rendered":"<p><span style=\"font-size: small;\"><img loading=\"lazy\" decoding=\"async\" class=\"alignleft size-thumbnail wp-image-10169\" title=\"Changement de strat\u00e9gie chez la FED\" src=\"https:\/\/www.gold.fr\/news\/wp-content\/uploads\/2011\/03\/record-cours-or-150x150.jpg\" alt=\"\" width=\"150\" height=\"150\" \/>Et c&rsquo;est un changement qui s&rsquo;impose, \u00e9tant donn\u00e9 la conjoncture. En tout cas, le nouveau ton adopt\u00e9 par la r\u00e9serve f\u00e9d\u00e9rale am\u00e9ricaine est tout sauf discret.<\/span>    <span style=\"font-size: small;\">Toute la communaut\u00e9 analyste guettait impatiemment <a title=\"La FED pourra-t-elle sauver l\u2019\u00e9conomie US ?\" href=\"https:\/\/www.gold.fr\/news\/2013\/02\/05\/la-fed-pourra-t-elle-sauver-leconomie-us\/10679\/\" target=\"_blank\">ces r\u00e9centes annonces de la FED<\/a> depuis pr\u00e8s de deux mois. La plupart des intervenants avaient tabl\u00e9 sur une fin imminente (courant <strong>2013<\/strong>) de la politique accommodante de l&rsquo;institution. Une perspective plut\u00f4t optimiste pour l&rsquo;\u00e9conomie am\u00e9ricaine, dans la mesure o\u00f9 elle s&rsquo;appuyait sur l&rsquo;attente de r\u00e9sultats et chiffres am\u00e9lior\u00e9s de l&#8217;emploi. En d&rsquo;autres termes, un d\u00e9but de r\u00e9solution de la crise am\u00e9ricaine \u00e9tait sens\u00e9 mettre un terme \u00e0 la strat\u00e9gie de \u00ab <em>sauvetage<\/em> \u00bb adopt\u00e9e depuis plus de deux ans par la <strong>FED<\/strong>.<\/span>    <span style=\"font-size: small;\">Certains intervenants -les plus pessimistes- tel que <strong>Goldman Sachs<\/strong>, avaient pr\u00e9dit que \u00ab <em>la perspective d&rsquo;une am\u00e9lioration de la croissance am\u00e9ricaine allait l&#8217;emporter sur une nouvelle phase de politique expansionniste de la Fed, et que <a title=\"Prix de l\u2019or\" href=\"https:\/\/www.gold.fr\/cours-prix-de-l-or\/\" target=\"_blank\">le prix de l&rsquo;or<\/a> allait s&rsquo;inverser cette ann\u00e9e<\/em>\u00bb. Mais c&rsquo;\u00e9tait compter sans <a title=\"Des chiffres d\u00e9cevants pour l\u2019emploi US\" href=\"https:\/\/www.gold.fr\/news\/2013\/02\/06\/des-chiffres-decevants-pour-lemploi-us-2\/10682\/\" target=\"_blank\">le dernier rapport sur l\u2019emploi<\/a>, publi\u00e9 durant la premi\u00e8re semaine de <strong>f\u00e9vrier 2013<\/strong>, et qui r\u00e9v\u00e9lait une hausse totalement inattendue du taux de ch\u00f4mage (de <strong>7,8<\/strong> \u00e0 <strong>7,9%<\/strong>).<\/span>    <span style=\"font-size: small;\">Du coup, c&rsquo;est encore l&rsquo;<a href='https:\/\/www.gold.fr\/news\/tags\/or' class='esk-seo-plu-link'>or<\/a> qui rafle la mise, apr\u00e8s une l\u00e9g\u00e8re stagnation en d\u00e9but d&rsquo;ann\u00e9e, le <a href='https:\/\/www.gold.fr\/news\/tags\/or' class='esk-seo-plu-link'>m\u00e9tal jaune<\/a> a d\u00e9j\u00e0 affich\u00e9 <a title=\"Janvier 2013 \u2013 Un mois tout en or\" href=\"https:\/\/www.gold.fr\/news\/2013\/01\/28\/janvier-2013-un-mois-tout-en-or\/10517\/\" target=\"_blank\">une ind\u00e9niable tendance haussi\u00e8re<\/a> qui ne risque pas de flancher de sit\u00f4t. <a title=\"La crise US pousse l\u2019or au sommet\" href=\"https:\/\/www.gold.fr\/news\/2013\/02\/01\/la-crise-us-pousse-lor-au-sommet\/10656\/\" target=\"_blank\">Crise am\u00e9ricaine<\/a> oblige !<\/span><\/p>\n<!-- AddThis Advanced Settings generic via filter on the_content --><!-- AddThis Share Buttons generic via filter on the_content -->","protected":false},"excerpt":{"rendered":"<p>Et c&rsquo;est un changement qui s&rsquo;impose, \u00e9tant donn\u00e9 la conjoncture. En tout cas, le nouveau ton adopt\u00e9 par la r\u00e9serve f\u00e9d\u00e9rale am\u00e9ricaine est tout sauf discret. Toute la communaut\u00e9 analyste guettait impatiemment ces r\u00e9centes annonces de [&hellip;]<\/p>\n","protected":false},"author":18,"featured_media":10169,"comment_status":"open","ping_status":"open","sticky":false,"template":"","format":"standard","meta":{"_mbp_gutenberg_autopost":false,"_pgmb_is_evergreen":false,"_pgmb_ap_template_id":0,"footnotes":""},"categories":[6],"tags":[831,1105,144,83],"ppma_author":[2565],"class_list":["post-10691","post","type-post","status-publish","format-standard","has-post-thumbnail","hentry","category-articles-de-presse","tag-crise-americaine","tag-emploi-us","tag-fed","tag-prix-de-lor"],"yoast_head":"<!-- This site is optimized with the Yoast SEO plugin v27.5 - https:\/\/yoast.com\/product\/yoast-seo-wordpress\/ -->\n<title>Changement de strat\u00e9gie chez la FED - Gold.fr<\/title>\n<meta name=\"robots\" content=\"index, follow, max-snippet:-1, max-image-preview:large, max-video-preview:-1\" \/>\n<link rel=\"canonical\" href=\"https:\/\/www.gold.fr\/news\/2013\/02\/07\/changement-de-strategie-chez-la-fed\/\" \/>\n<meta property=\"og:locale\" content=\"fr_FR\" \/>\n<meta property=\"og:type\" content=\"article\" \/>\n<meta property=\"og:title\" content=\"Changement de strat\u00e9gie chez la FED - Gold.fr\" \/>\n<meta property=\"og:description\" content=\"Et c&rsquo;est un changement qui s&rsquo;impose, \u00e9tant donn\u00e9 la conjoncture. En tout cas, le nouveau ton adopt\u00e9 par la r\u00e9serve f\u00e9d\u00e9rale am\u00e9ricaine est tout sauf discret. Toute la communaut\u00e9 analyste guettait impatiemment ces r\u00e9centes annonces de [&hellip;]\" \/>\n<meta property=\"og:url\" content=\"https:\/\/www.gold.fr\/news\/2013\/02\/07\/changement-de-strategie-chez-la-fed\/\" \/>\n<meta property=\"og:site_name\" content=\"Gold.fr\" \/>\n<meta property=\"article:publisher\" content=\"https:\/\/www.facebook.com\/Goldfr\/\" \/>\n<meta property=\"article:published_time\" content=\"2013-02-07T16:00:50+00:00\" \/>\n<meta property=\"article:modified_time\" content=\"2017-11-02T10:34:27+00:00\" \/>\n<meta property=\"og:image\" content=\"https:\/\/www.gold.fr\/news\/wp-content\/uploads\/2011\/03\/record-cours-or.jpg\" \/>\n\t<meta property=\"og:image:width\" content=\"600\" \/>\n\t<meta property=\"og:image:height\" content=\"400\" \/>\n\t<meta property=\"og:image:type\" content=\"image\/jpeg\" \/>\n<meta name=\"author\" content=\"Comptoir National de l&#039;Or\" \/>\n<meta name=\"twitter:card\" content=\"summary_large_image\" \/>\n<meta name=\"twitter:label1\" content=\"\u00c9crit par\" \/>\n\t<meta name=\"twitter:data1\" content=\"Comptoir National de l&#039;Or\" \/>\n\t<meta name=\"twitter:label2\" content=\"Dur\u00e9e de lecture estim\u00e9e\" \/>\n\t<meta name=\"twitter:data2\" content=\"1 minute\" \/>\n<script type=\"application\/ld+json\" class=\"yoast-schema-graph\">{\"@context\":\"https:\\\/\\\/schema.org\",\"@graph\":[{\"@type\":\"Article\",\"@id\":\"https:\\\/\\\/www.gold.fr\\\/news\\\/2013\\\/02\\\/07\\\/changement-de-strategie-chez-la-fed\\\/#article\",\"isPartOf\":{\"@id\":\"https:\\\/\\\/www.gold.fr\\\/news\\\/2013\\\/02\\\/07\\\/changement-de-strategie-chez-la-fed\\\/\"},\"author\":{\"name\":\"Comptoir National de l'Or\",\"@id\":\"https:\\\/\\\/www.gold.fr\\\/news\\\/#\\\/schema\\\/person\\\/070491b4b4fb7671bf59b3be20302ce9\"},\"headline\":\"Changement de strat\u00e9gie chez la FED\",\"datePublished\":\"2013-02-07T16:00:50+00:00\",\"dateModified\":\"2017-11-02T10:34:27+00:00\",\"mainEntityOfPage\":{\"@id\":\"https:\\\/\\\/www.gold.fr\\\/news\\\/2013\\\/02\\\/07\\\/changement-de-strategie-chez-la-fed\\\/\"},\"wordCount\":278,\"commentCount\":0,\"image\":{\"@id\":\"https:\\\/\\\/www.gold.fr\\\/news\\\/2013\\\/02\\\/07\\\/changement-de-strategie-chez-la-fed\\\/#primaryimage\"},\"thumbnailUrl\":\"https:\\\/\\\/www.gold.fr\\\/news\\\/wp-content\\\/uploads\\\/2011\\\/03\\\/record-cours-or.jpg\",\"keywords\":[\"crise am\u00e9ricaine\",\"emploi US\",\"fed\",\"prix de l'or\"],\"articleSection\":[\"Articles de presse\"],\"inLanguage\":\"fr-FR\"},{\"@type\":\"WebPage\",\"@id\":\"https:\\\/\\\/www.gold.fr\\\/news\\\/2013\\\/02\\\/07\\\/changement-de-strategie-chez-la-fed\\\/\",\"url\":\"https:\\\/\\\/www.gold.fr\\\/news\\\/2013\\\/02\\\/07\\\/changement-de-strategie-chez-la-fed\\\/\",\"name\":\"Changement de strat\u00e9gie chez la FED - Gold.fr\",\"isPartOf\":{\"@id\":\"https:\\\/\\\/www.gold.fr\\\/news\\\/#website\"},\"primaryImageOfPage\":{\"@id\":\"https:\\\/\\\/www.gold.fr\\\/news\\\/2013\\\/02\\\/07\\\/changement-de-strategie-chez-la-fed\\\/#primaryimage\"},\"image\":{\"@id\":\"https:\\\/\\\/www.gold.fr\\\/news\\\/2013\\\/02\\\/07\\\/changement-de-strategie-chez-la-fed\\\/#primaryimage\"},\"thumbnailUrl\":\"https:\\\/\\\/www.gold.fr\\\/news\\\/wp-content\\\/uploads\\\/2011\\\/03\\\/record-cours-or.jpg\",\"datePublished\":\"2013-02-07T16:00:50+00:00\",\"dateModified\":\"2017-11-02T10:34:27+00:00\",\"author\":{\"@id\":\"https:\\\/\\\/www.gold.fr\\\/news\\\/#\\\/schema\\\/person\\\/070491b4b4fb7671bf59b3be20302ce9\"},\"breadcrumb\":{\"@id\":\"https:\\\/\\\/www.gold.fr\\\/news\\\/2013\\\/02\\\/07\\\/changement-de-strategie-chez-la-fed\\\/#breadcrumb\"},\"inLanguage\":\"fr-FR\",\"potentialAction\":[{\"@type\":\"ReadAction\",\"target\":[\"https:\\\/\\\/www.gold.fr\\\/news\\\/2013\\\/02\\\/07\\\/changement-de-strategie-chez-la-fed\\\/\"]}]},{\"@type\":\"ImageObject\",\"inLanguage\":\"fr-FR\",\"@id\":\"https:\\\/\\\/www.gold.fr\\\/news\\\/2013\\\/02\\\/07\\\/changement-de-strategie-chez-la-fed\\\/#primaryimage\",\"url\":\"https:\\\/\\\/www.gold.fr\\\/news\\\/wp-content\\\/uploads\\\/2011\\\/03\\\/record-cours-or.jpg\",\"contentUrl\":\"https:\\\/\\\/www.gold.fr\\\/news\\\/wp-content\\\/uploads\\\/2011\\\/03\\\/record-cours-or.jpg\",\"width\":\"600\",\"height\":\"400\",\"caption\":\"Or : Une fin d\u2019ann\u00e9e assez mitig\u00e9e\"},{\"@type\":\"BreadcrumbList\",\"@id\":\"https:\\\/\\\/www.gold.fr\\\/news\\\/2013\\\/02\\\/07\\\/changement-de-strategie-chez-la-fed\\\/#breadcrumb\",\"itemListElement\":[{\"@type\":\"ListItem\",\"position\":1,\"name\":\"Accueil\",\"item\":\"https:\\\/\\\/www.gold.fr\\\/\"},{\"@type\":\"ListItem\",\"position\":2,\"name\":\"Actualit\u00e9s\",\"item\":\"https:\\\/\\\/www.gold.fr\\\/news\\\/\"},{\"@type\":\"ListItem\",\"position\":3,\"name\":\"Changement de strat\u00e9gie chez la FED\"}]},{\"@type\":\"WebSite\",\"@id\":\"https:\\\/\\\/www.gold.fr\\\/news\\\/#website\",\"url\":\"https:\\\/\\\/www.gold.fr\\\/news\\\/\",\"name\":\"Gold.fr\",\"description\":\"Actualit\u00e9s de l&#039;Or et des m\u00e9taux pr\u00e9cieux\",\"potentialAction\":[{\"@type\":\"SearchAction\",\"target\":{\"@type\":\"EntryPoint\",\"urlTemplate\":\"https:\\\/\\\/www.gold.fr\\\/news\\\/?s={search_term_string}\"},\"query-input\":{\"@type\":\"PropertyValueSpecification\",\"valueRequired\":true,\"valueName\":\"search_term_string\"}}],\"inLanguage\":\"fr-FR\"},{\"@type\":\"Person\",\"@id\":\"https:\\\/\\\/www.gold.fr\\\/news\\\/#\\\/schema\\\/person\\\/070491b4b4fb7671bf59b3be20302ce9\",\"name\":\"Comptoir National de l'Or\",\"image\":{\"@type\":\"ImageObject\",\"inLanguage\":\"fr-FR\",\"@id\":\"https:\\\/\\\/secure.gravatar.com\\\/avatar\\\/0a2867fd5abe37bed95d5a65e9d58f01756e11efc68af9888dfc50cfa7f65948?s=96&d=mm&r=gb490554db0a38188709de567aa58480d\",\"url\":\"https:\\\/\\\/secure.gravatar.com\\\/avatar\\\/0a2867fd5abe37bed95d5a65e9d58f01756e11efc68af9888dfc50cfa7f65948?s=96&d=mm&r=g\",\"contentUrl\":\"https:\\\/\\\/secure.gravatar.com\\\/avatar\\\/0a2867fd5abe37bed95d5a65e9d58f01756e11efc68af9888dfc50cfa7f65948?s=96&d=mm&r=g\",\"caption\":\"Comptoir National de l'Or\"},\"description\":\"Notre r\u00e9daction est constitu\u00e9e de membres experts dans les m\u00e9tiers de l'\u00e9conomie et la gestion, des Responsables d'agence Comptoir National de l'Or, des analystes financiers qui publient r\u00e9guli\u00e8rement des \u00e9tudes sur les politiques des banques centrales, le cours de l'or, prix de l'or, cours de l'argent, prix de l'argent, cours du platine, cours du palladium,... la situation en zone euro et l'impact de la strat\u00e9gie mon\u00e9taire de la FED. Notre \u00e9quipe scrute \u00e9galement une information plus g\u00e9n\u00e9raliste \u00e0 la recherche d'actualit\u00e9 \\\"p\u00e9pite\\\" \u00e0 vous partager. Depuis 5 ans, nous avons publi\u00e9 un peu plus de 4000 articles qui s'adressent \u00e0 un public large et vari\u00e9 ayant pour objectif de satisfaire votre curiosit\u00e9 et de partager avec vous une certaine fascination pour le m\u00e9tal jaune, le rachat d'or, et pour ceux qui veulent investir dans l'or, vendre leur or tout simplement en savoir plus... Pour tous vos achat or et argent, n'h\u00e9sitez pas \u00e0 prendre rendez-vous dans l'un de nos nombreux comptoirs.\",\"sameAs\":[\"https:\\\/\\\/www.gold.fr\"]}]}<\/script>\n<!-- \/ Yoast SEO plugin. -->","yoast_head_json":{"title":"Changement de strat\u00e9gie chez la FED - Gold.fr","robots":{"index":"index","follow":"follow","max-snippet":"max-snippet:-1","max-image-preview":"max-image-preview:large","max-video-preview":"max-video-preview:-1"},"canonical":"https:\/\/www.gold.fr\/news\/2013\/02\/07\/changement-de-strategie-chez-la-fed\/","og_locale":"fr_FR","og_type":"article","og_title":"Changement de strat\u00e9gie chez la FED - Gold.fr","og_description":"Et c&rsquo;est un changement qui s&rsquo;impose, \u00e9tant donn\u00e9 la conjoncture. En tout cas, le nouveau ton adopt\u00e9 par la r\u00e9serve f\u00e9d\u00e9rale am\u00e9ricaine est tout sauf discret. Toute la communaut\u00e9 analyste guettait impatiemment ces r\u00e9centes annonces de [&hellip;]","og_url":"https:\/\/www.gold.fr\/news\/2013\/02\/07\/changement-de-strategie-chez-la-fed\/","og_site_name":"Gold.fr","article_publisher":"https:\/\/www.facebook.com\/Goldfr\/","article_published_time":"2013-02-07T16:00:50+00:00","article_modified_time":"2017-11-02T10:34:27+00:00","og_image":[{"width":600,"height":400,"url":"https:\/\/www.gold.fr\/news\/wp-content\/uploads\/2011\/03\/record-cours-or.jpg","type":"image\/jpeg"}],"author":"Comptoir National de l'Or","twitter_card":"summary_large_image","twitter_misc":{"\u00c9crit par":"Comptoir National de l'Or","Dur\u00e9e de lecture estim\u00e9e":"1 minute"},"schema":{"@context":"https:\/\/schema.org","@graph":[{"@type":"Article","@id":"https:\/\/www.gold.fr\/news\/2013\/02\/07\/changement-de-strategie-chez-la-fed\/#article","isPartOf":{"@id":"https:\/\/www.gold.fr\/news\/2013\/02\/07\/changement-de-strategie-chez-la-fed\/"},"author":{"name":"Comptoir National de l'Or","@id":"https:\/\/www.gold.fr\/news\/#\/schema\/person\/070491b4b4fb7671bf59b3be20302ce9"},"headline":"Changement de strat\u00e9gie chez la FED","datePublished":"2013-02-07T16:00:50+00:00","dateModified":"2017-11-02T10:34:27+00:00","mainEntityOfPage":{"@id":"https:\/\/www.gold.fr\/news\/2013\/02\/07\/changement-de-strategie-chez-la-fed\/"},"wordCount":278,"commentCount":0,"image":{"@id":"https:\/\/www.gold.fr\/news\/2013\/02\/07\/changement-de-strategie-chez-la-fed\/#primaryimage"},"thumbnailUrl":"https:\/\/www.gold.fr\/news\/wp-content\/uploads\/2011\/03\/record-cours-or.jpg","keywords":["crise am\u00e9ricaine","emploi US","fed","prix de l'or"],"articleSection":["Articles de presse"],"inLanguage":"fr-FR"},{"@type":"WebPage","@id":"https:\/\/www.gold.fr\/news\/2013\/02\/07\/changement-de-strategie-chez-la-fed\/","url":"https:\/\/www.gold.fr\/news\/2013\/02\/07\/changement-de-strategie-chez-la-fed\/","name":"Changement de strat\u00e9gie chez la FED - Gold.fr","isPartOf":{"@id":"https:\/\/www.gold.fr\/news\/#website"},"primaryImageOfPage":{"@id":"https:\/\/www.gold.fr\/news\/2013\/02\/07\/changement-de-strategie-chez-la-fed\/#primaryimage"},"image":{"@id":"https:\/\/www.gold.fr\/news\/2013\/02\/07\/changement-de-strategie-chez-la-fed\/#primaryimage"},"thumbnailUrl":"https:\/\/www.gold.fr\/news\/wp-content\/uploads\/2011\/03\/record-cours-or.jpg","datePublished":"2013-02-07T16:00:50+00:00","dateModified":"2017-11-02T10:34:27+00:00","author":{"@id":"https:\/\/www.gold.fr\/news\/#\/schema\/person\/070491b4b4fb7671bf59b3be20302ce9"},"breadcrumb":{"@id":"https:\/\/www.gold.fr\/news\/2013\/02\/07\/changement-de-strategie-chez-la-fed\/#breadcrumb"},"inLanguage":"fr-FR","potentialAction":[{"@type":"ReadAction","target":["https:\/\/www.gold.fr\/news\/2013\/02\/07\/changement-de-strategie-chez-la-fed\/"]}]},{"@type":"ImageObject","inLanguage":"fr-FR","@id":"https:\/\/www.gold.fr\/news\/2013\/02\/07\/changement-de-strategie-chez-la-fed\/#primaryimage","url":"https:\/\/www.gold.fr\/news\/wp-content\/uploads\/2011\/03\/record-cours-or.jpg","contentUrl":"https:\/\/www.gold.fr\/news\/wp-content\/uploads\/2011\/03\/record-cours-or.jpg","width":"600","height":"400","caption":"Or : Une fin d\u2019ann\u00e9e assez mitig\u00e9e"},{"@type":"BreadcrumbList","@id":"https:\/\/www.gold.fr\/news\/2013\/02\/07\/changement-de-strategie-chez-la-fed\/#breadcrumb","itemListElement":[{"@type":"ListItem","position":1,"name":"Accueil","item":"https:\/\/www.gold.fr\/"},{"@type":"ListItem","position":2,"name":"Actualit\u00e9s","item":"https:\/\/www.gold.fr\/news\/"},{"@type":"ListItem","position":3,"name":"Changement de strat\u00e9gie chez la FED"}]},{"@type":"WebSite","@id":"https:\/\/www.gold.fr\/news\/#website","url":"https:\/\/www.gold.fr\/news\/","name":"Gold.fr","description":"Actualit\u00e9s de l&#039;Or et des m\u00e9taux pr\u00e9cieux","potentialAction":[{"@type":"SearchAction","target":{"@type":"EntryPoint","urlTemplate":"https:\/\/www.gold.fr\/news\/?s={search_term_string}"},"query-input":{"@type":"PropertyValueSpecification","valueRequired":true,"valueName":"search_term_string"}}],"inLanguage":"fr-FR"},{"@type":"Person","@id":"https:\/\/www.gold.fr\/news\/#\/schema\/person\/070491b4b4fb7671bf59b3be20302ce9","name":"Comptoir National de l'Or","image":{"@type":"ImageObject","inLanguage":"fr-FR","@id":"https:\/\/secure.gravatar.com\/avatar\/0a2867fd5abe37bed95d5a65e9d58f01756e11efc68af9888dfc50cfa7f65948?s=96&d=mm&r=gb490554db0a38188709de567aa58480d","url":"https:\/\/secure.gravatar.com\/avatar\/0a2867fd5abe37bed95d5a65e9d58f01756e11efc68af9888dfc50cfa7f65948?s=96&d=mm&r=g","contentUrl":"https:\/\/secure.gravatar.com\/avatar\/0a2867fd5abe37bed95d5a65e9d58f01756e11efc68af9888dfc50cfa7f65948?s=96&d=mm&r=g","caption":"Comptoir National de l'Or"},"description":"Notre r\u00e9daction est constitu\u00e9e de membres experts dans les m\u00e9tiers de l'\u00e9conomie et la gestion, des Responsables d'agence Comptoir National de l'Or, des analystes financiers qui publient r\u00e9guli\u00e8rement des \u00e9tudes sur les politiques des banques centrales, le cours de l'or, prix de l'or, cours de l'argent, prix de l'argent, cours du platine, cours du palladium,... la situation en zone euro et l'impact de la strat\u00e9gie mon\u00e9taire de la FED. Notre \u00e9quipe scrute \u00e9galement une information plus g\u00e9n\u00e9raliste \u00e0 la recherche d'actualit\u00e9 \"p\u00e9pite\" \u00e0 vous partager. Depuis 5 ans, nous avons publi\u00e9 un peu plus de 4000 articles qui s'adressent \u00e0 un public large et vari\u00e9 ayant pour objectif de satisfaire votre curiosit\u00e9 et de partager avec vous une certaine fascination pour le m\u00e9tal jaune, le rachat d'or, et pour ceux qui veulent investir dans l'or, vendre leur or tout simplement en savoir plus... Pour tous vos achat or et argent, n'h\u00e9sitez pas \u00e0 prendre rendez-vous dans l'un de nos nombreux comptoirs.","sameAs":["https:\/\/www.gold.fr"]}]}},"authors":[{"term_id":2565,"user_id":18,"is_guest":0,"slug":"julie","display_name":"Comptoir National de l'Or","avatar_url":"https:\/\/secure.gravatar.com\/avatar\/713f289e398d35ead876c4a4cc08607f0d6d266058cfc25683fffb6092d0e572?s=96&d=mm&r=g","0":null,"1":"","2":"","3":"","4":"","5":"","6":"","7":"","8":""}],"_links":{"self":[{"href":"https:\/\/www.gold.fr\/news\/wp-json\/wp\/v2\/posts\/10691","targetHints":{"allow":["GET"]}}],"collection":[{"href":"https:\/\/www.gold.fr\/news\/wp-json\/wp\/v2\/posts"}],"about":[{"href":"https:\/\/www.gold.fr\/news\/wp-json\/wp\/v2\/types\/post"}],"author":[{"embeddable":true,"href":"https:\/\/www.gold.fr\/news\/wp-json\/wp\/v2\/users\/18"}],"replies":[{"embeddable":true,"href":"https:\/\/www.gold.fr\/news\/wp-json\/wp\/v2\/comments?post=10691"}],"version-history":[{"count":0,"href":"https:\/\/www.gold.fr\/news\/wp-json\/wp\/v2\/posts\/10691\/revisions"}],"wp:featuredmedia":[{"embeddable":true,"href":"https:\/\/www.gold.fr\/news\/wp-json\/wp\/v2\/media\/10169"}],"wp:attachment":[{"href":"https:\/\/www.gold.fr\/news\/wp-json\/wp\/v2\/media?parent=10691"}],"wp:term":[{"taxonomy":"category","embeddable":true,"href":"https:\/\/www.gold.fr\/news\/wp-json\/wp\/v2\/categories?post=10691"},{"taxonomy":"post_tag","embeddable":true,"href":"https:\/\/www.gold.fr\/news\/wp-json\/wp\/v2\/tags?post=10691"},{"taxonomy":"author","embeddable":true,"href":"https:\/\/www.gold.fr\/news\/wp-json\/wp\/v2\/ppma_author?post=10691"}],"curies":[{"name":"wp","href":"https:\/\/api.w.org\/{rel}","templated":true}]}}