{"id":10682,"date":"2013-02-06T09:00:50","date_gmt":"2013-02-06T08:00:50","guid":{"rendered":"https:\/\/www.gold.fr\/news\/?p=10682"},"modified":"2017-11-02T11:34:27","modified_gmt":"2017-11-02T10:34:27","slug":"des-chiffres-decevants-pour-lemploi-us-2","status":"publish","type":"post","link":"https:\/\/www.gold.fr\/news\/2013\/02\/06\/des-chiffres-decevants-pour-lemploi-us-2\/","title":{"rendered":"Des chiffres d\u00e9cevants pour l\u2019emploi US"},"content":{"rendered":"<p><span style=\"font-size: small;\"><img loading=\"lazy\" decoding=\"async\" class=\"alignleft size-thumbnail wp-image-7141\" title=\"Des chiffres d\u00e9cevants pour l\u2019emploi US\" src=\"https:\/\/www.gold.fr\/news\/wp-content\/uploads\/2012\/04\/Gold-Dollar-150x150.jpg\" alt=\"\" width=\"150\" height=\"150\" \/>Les chiffres du bureau am\u00e9ricain des statistiques de l&#8217;emploi, concernant le nombre de cr\u00e9ation d&#8217;emploi, viennent de tomber&#8230;et ils sont d\u00e9cevants. On attendait <strong>160 000 postes<\/strong> cr\u00e9\u00e9s, il n&rsquo;y en a eu que <strong>157 000<\/strong>. Quant au taux du ch\u00f4mage am\u00e9ricain, il s&rsquo;est contre toute attente, hiss\u00e9 de <strong>7.8 %<\/strong> \u00e0 <strong>7.9 %<\/strong>. De bien sombres perspectives qui viennent aggraver une situation am\u00e9ricaine qui donnait d\u00e9j\u00e0 des sueurs froides \u00e0 la Maison Blanche.<\/span>    <span style=\"font-size: small;\">Du coup, c\u2019est encore la <strong>FED<\/strong> qui accourt \u00e0 la rescousse. En tout cas, elle essaie !<\/span>    <span style=\"font-size: small;\">Tout le monde guettait impatiemment <a title=\"La FED pourra-t-elle sauver l\u2019\u00e9conomie US ?\" href=\"https:\/\/www.gold.fr\/news\/2013\/02\/05\/la-fed-pourra-t-elle-sauver-leconomie-us\/10679\/\" target=\"_blank\">les r\u00e9sultats de la r\u00e9union du conseil de direction de la FED<\/a> (tenue mercredi dernier, <strong>30 janvier<\/strong>), et bon nombre d\u2019intervenants avaient pr\u00e9dit que la banque centrale am\u00e9ricaine annoncerait tr\u00e8s probablement une fin \u00ab\u00a0<em>pr\u00e9matur\u00e9e<\/em>\u00a0\u00bb de ses mesures tr\u00e8s accommodantes. C\u2019\u00e9tait compter sans la d\u00e9termination de l\u2019institution financi\u00e8re \u00e0 sauver les meubles. <strong>La FED<\/strong> a en effet annonc\u00e9 qu&rsquo;elle garderait son taux directeur proche de z\u00e9ro aussi longtemps que le taux de ch\u00f4mage ne briserait pas le plancher de <strong>6,5%<\/strong>, et \u00e0 condition que \u00ab <em>l&rsquo;inflation ne menace pas de d\u00e9passer les 2,5%<\/em> \u00bb. La r\u00e9serve f\u00e9d\u00e9rale pr\u00e9voit m\u00eame de maintenir la souplesse de sa politique mon\u00e9taire, apr\u00e8s la fin des rachats d&rsquo;actifs. <strong>Julia Coronado<\/strong>, \u00e9conomiste chez <strong>BNP Paribas<\/strong>, souligne que \u00ab <em>le message est que la politique mon\u00e9taire ne change pas, les modifications dans les annonces de la Fed sont relativement mineures<\/em> \u00bb.<\/span><\/p>\n<!-- AddThis Advanced Settings generic via filter on the_content --><!-- AddThis Share Buttons generic via filter on the_content -->","protected":false},"excerpt":{"rendered":"<p>Les chiffres du bureau am\u00e9ricain des statistiques de l&#8217;emploi, concernant le nombre de cr\u00e9ation d&#8217;emploi, viennent de tomber&#8230;et ils sont d\u00e9cevants. On attendait 160 000 postes cr\u00e9\u00e9s, il n&rsquo;y en a eu que 157 000. Quant [&hellip;]<\/p>\n","protected":false},"author":18,"featured_media":7141,"comment_status":"open","ping_status":"open","sticky":false,"template":"","format":"standard","meta":{"_mbp_gutenberg_autopost":false,"_pgmb_is_evergreen":false,"_pgmb_ap_template_id":0,"footnotes":""},"categories":[6],"tags":[1062,993,144,1101],"ppma_author":[2565],"class_list":["post-10682","post","type-post","status-publish","format-standard","has-post-thumbnail","hentry","category-articles-de-presse","tag-chiffres-emploi-us","tag-crise-usa","tag-fed","tag-or-usa"],"yoast_head":"<!-- This site is optimized with the Yoast SEO plugin v27.5 - https:\/\/yoast.com\/product\/yoast-seo-wordpress\/ -->\n<title>Des chiffres d\u00e9cevants pour l\u2019emploi US - Gold.fr<\/title>\n<meta name=\"robots\" content=\"index, follow, max-snippet:-1, max-image-preview:large, max-video-preview:-1\" \/>\n<link rel=\"canonical\" href=\"https:\/\/www.gold.fr\/news\/2013\/02\/06\/des-chiffres-decevants-pour-lemploi-us-2\/\" \/>\n<meta property=\"og:locale\" content=\"fr_FR\" \/>\n<meta property=\"og:type\" content=\"article\" \/>\n<meta property=\"og:title\" content=\"Des chiffres d\u00e9cevants pour l\u2019emploi US - Gold.fr\" \/>\n<meta property=\"og:description\" content=\"Les chiffres du bureau am\u00e9ricain des statistiques de l&#8217;emploi, concernant le nombre de cr\u00e9ation d&#8217;emploi, viennent de tomber&#8230;et ils sont d\u00e9cevants. On attendait 160 000 postes cr\u00e9\u00e9s, il n&rsquo;y en a eu que 157 000. Quant [&hellip;]\" \/>\n<meta property=\"og:url\" content=\"https:\/\/www.gold.fr\/news\/2013\/02\/06\/des-chiffres-decevants-pour-lemploi-us-2\/\" \/>\n<meta property=\"og:site_name\" content=\"Gold.fr\" \/>\n<meta property=\"article:publisher\" content=\"https:\/\/www.facebook.com\/Goldfr\/\" \/>\n<meta property=\"article:published_time\" content=\"2013-02-06T08:00:50+00:00\" \/>\n<meta property=\"article:modified_time\" content=\"2017-11-02T10:34:27+00:00\" \/>\n<meta property=\"og:image\" content=\"https:\/\/www.gold.fr\/news\/wp-content\/uploads\/2012\/04\/Gold-Dollar.jpg\" \/>\n\t<meta property=\"og:image:width\" content=\"600\" \/>\n\t<meta property=\"og:image:height\" content=\"450\" \/>\n\t<meta property=\"og:image:type\" content=\"image\/jpeg\" \/>\n<meta name=\"author\" content=\"Comptoir National de l&#039;Or\" \/>\n<meta name=\"twitter:card\" content=\"summary_large_image\" \/>\n<meta name=\"twitter:label1\" content=\"\u00c9crit par\" \/>\n\t<meta name=\"twitter:data1\" content=\"Comptoir National de l&#039;Or\" \/>\n\t<meta name=\"twitter:label2\" content=\"Dur\u00e9e de lecture estim\u00e9e\" \/>\n\t<meta name=\"twitter:data2\" content=\"1 minute\" \/>\n<script type=\"application\/ld+json\" class=\"yoast-schema-graph\">{\"@context\":\"https:\\\/\\\/schema.org\",\"@graph\":[{\"@type\":\"Article\",\"@id\":\"https:\\\/\\\/www.gold.fr\\\/news\\\/2013\\\/02\\\/06\\\/des-chiffres-decevants-pour-lemploi-us-2\\\/#article\",\"isPartOf\":{\"@id\":\"https:\\\/\\\/www.gold.fr\\\/news\\\/2013\\\/02\\\/06\\\/des-chiffres-decevants-pour-lemploi-us-2\\\/\"},\"author\":{\"name\":\"Comptoir National de l'Or\",\"@id\":\"https:\\\/\\\/www.gold.fr\\\/news\\\/#\\\/schema\\\/person\\\/070491b4b4fb7671bf59b3be20302ce9\"},\"headline\":\"Des chiffres d\u00e9cevants pour l\u2019emploi US\",\"datePublished\":\"2013-02-06T08:00:50+00:00\",\"dateModified\":\"2017-11-02T10:34:27+00:00\",\"mainEntityOfPage\":{\"@id\":\"https:\\\/\\\/www.gold.fr\\\/news\\\/2013\\\/02\\\/06\\\/des-chiffres-decevants-pour-lemploi-us-2\\\/\"},\"wordCount\":266,\"commentCount\":0,\"image\":{\"@id\":\"https:\\\/\\\/www.gold.fr\\\/news\\\/2013\\\/02\\\/06\\\/des-chiffres-decevants-pour-lemploi-us-2\\\/#primaryimage\"},\"thumbnailUrl\":\"https:\\\/\\\/www.gold.fr\\\/news\\\/wp-content\\\/uploads\\\/2012\\\/04\\\/Gold-Dollar.jpg\",\"keywords\":[\"chiffres emploi US\",\"Crise USA\",\"fed\",\"or USA\"],\"articleSection\":[\"Articles de presse\"],\"inLanguage\":\"fr-FR\"},{\"@type\":\"WebPage\",\"@id\":\"https:\\\/\\\/www.gold.fr\\\/news\\\/2013\\\/02\\\/06\\\/des-chiffres-decevants-pour-lemploi-us-2\\\/\",\"url\":\"https:\\\/\\\/www.gold.fr\\\/news\\\/2013\\\/02\\\/06\\\/des-chiffres-decevants-pour-lemploi-us-2\\\/\",\"name\":\"Des chiffres d\u00e9cevants pour l\u2019emploi US - Gold.fr\",\"isPartOf\":{\"@id\":\"https:\\\/\\\/www.gold.fr\\\/news\\\/#website\"},\"primaryImageOfPage\":{\"@id\":\"https:\\\/\\\/www.gold.fr\\\/news\\\/2013\\\/02\\\/06\\\/des-chiffres-decevants-pour-lemploi-us-2\\\/#primaryimage\"},\"image\":{\"@id\":\"https:\\\/\\\/www.gold.fr\\\/news\\\/2013\\\/02\\\/06\\\/des-chiffres-decevants-pour-lemploi-us-2\\\/#primaryimage\"},\"thumbnailUrl\":\"https:\\\/\\\/www.gold.fr\\\/news\\\/wp-content\\\/uploads\\\/2012\\\/04\\\/Gold-Dollar.jpg\",\"datePublished\":\"2013-02-06T08:00:50+00:00\",\"dateModified\":\"2017-11-02T10:34:27+00:00\",\"author\":{\"@id\":\"https:\\\/\\\/www.gold.fr\\\/news\\\/#\\\/schema\\\/person\\\/070491b4b4fb7671bf59b3be20302ce9\"},\"breadcrumb\":{\"@id\":\"https:\\\/\\\/www.gold.fr\\\/news\\\/2013\\\/02\\\/06\\\/des-chiffres-decevants-pour-lemploi-us-2\\\/#breadcrumb\"},\"inLanguage\":\"fr-FR\",\"potentialAction\":[{\"@type\":\"ReadAction\",\"target\":[\"https:\\\/\\\/www.gold.fr\\\/news\\\/2013\\\/02\\\/06\\\/des-chiffres-decevants-pour-lemploi-us-2\\\/\"]}]},{\"@type\":\"ImageObject\",\"inLanguage\":\"fr-FR\",\"@id\":\"https:\\\/\\\/www.gold.fr\\\/news\\\/2013\\\/02\\\/06\\\/des-chiffres-decevants-pour-lemploi-us-2\\\/#primaryimage\",\"url\":\"https:\\\/\\\/www.gold.fr\\\/news\\\/wp-content\\\/uploads\\\/2012\\\/04\\\/Gold-Dollar.jpg\",\"contentUrl\":\"https:\\\/\\\/www.gold.fr\\\/news\\\/wp-content\\\/uploads\\\/2012\\\/04\\\/Gold-Dollar.jpg\",\"width\":\"600\",\"height\":\"450\",\"caption\":\"L\u2019or, cet antid\u00e9presseur financier\"},{\"@type\":\"BreadcrumbList\",\"@id\":\"https:\\\/\\\/www.gold.fr\\\/news\\\/2013\\\/02\\\/06\\\/des-chiffres-decevants-pour-lemploi-us-2\\\/#breadcrumb\",\"itemListElement\":[{\"@type\":\"ListItem\",\"position\":1,\"name\":\"Accueil\",\"item\":\"https:\\\/\\\/www.gold.fr\\\/\"},{\"@type\":\"ListItem\",\"position\":2,\"name\":\"Actualit\u00e9s\",\"item\":\"https:\\\/\\\/www.gold.fr\\\/news\\\/\"},{\"@type\":\"ListItem\",\"position\":3,\"name\":\"Des chiffres d\u00e9cevants pour l\u2019emploi US\"}]},{\"@type\":\"WebSite\",\"@id\":\"https:\\\/\\\/www.gold.fr\\\/news\\\/#website\",\"url\":\"https:\\\/\\\/www.gold.fr\\\/news\\\/\",\"name\":\"Gold.fr\",\"description\":\"Actualit\u00e9s de l&#039;Or et des m\u00e9taux pr\u00e9cieux\",\"potentialAction\":[{\"@type\":\"SearchAction\",\"target\":{\"@type\":\"EntryPoint\",\"urlTemplate\":\"https:\\\/\\\/www.gold.fr\\\/news\\\/?s={search_term_string}\"},\"query-input\":{\"@type\":\"PropertyValueSpecification\",\"valueRequired\":true,\"valueName\":\"search_term_string\"}}],\"inLanguage\":\"fr-FR\"},{\"@type\":\"Person\",\"@id\":\"https:\\\/\\\/www.gold.fr\\\/news\\\/#\\\/schema\\\/person\\\/070491b4b4fb7671bf59b3be20302ce9\",\"name\":\"Comptoir National de l'Or\",\"image\":{\"@type\":\"ImageObject\",\"inLanguage\":\"fr-FR\",\"@id\":\"https:\\\/\\\/secure.gravatar.com\\\/avatar\\\/0a2867fd5abe37bed95d5a65e9d58f01756e11efc68af9888dfc50cfa7f65948?s=96&d=mm&r=gb490554db0a38188709de567aa58480d\",\"url\":\"https:\\\/\\\/secure.gravatar.com\\\/avatar\\\/0a2867fd5abe37bed95d5a65e9d58f01756e11efc68af9888dfc50cfa7f65948?s=96&d=mm&r=g\",\"contentUrl\":\"https:\\\/\\\/secure.gravatar.com\\\/avatar\\\/0a2867fd5abe37bed95d5a65e9d58f01756e11efc68af9888dfc50cfa7f65948?s=96&d=mm&r=g\",\"caption\":\"Comptoir National de l'Or\"},\"description\":\"Notre r\u00e9daction est constitu\u00e9e de membres experts dans les m\u00e9tiers de l'\u00e9conomie et la gestion, des Responsables d'agence Comptoir National de l'Or, des analystes financiers qui publient r\u00e9guli\u00e8rement des \u00e9tudes sur les politiques des banques centrales, le cours de l'or, prix de l'or, cours de l'argent, prix de l'argent, cours du platine, cours du palladium,... la situation en zone euro et l'impact de la strat\u00e9gie mon\u00e9taire de la FED. Notre \u00e9quipe scrute \u00e9galement une information plus g\u00e9n\u00e9raliste \u00e0 la recherche d'actualit\u00e9 \\\"p\u00e9pite\\\" \u00e0 vous partager. Depuis 5 ans, nous avons publi\u00e9 un peu plus de 4000 articles qui s'adressent \u00e0 un public large et vari\u00e9 ayant pour objectif de satisfaire votre curiosit\u00e9 et de partager avec vous une certaine fascination pour le m\u00e9tal jaune, le rachat d'or, et pour ceux qui veulent investir dans l'or, vendre leur or tout simplement en savoir plus... Pour tous vos achat or et argent, n'h\u00e9sitez pas \u00e0 prendre rendez-vous dans l'un de nos nombreux comptoirs.\",\"sameAs\":[\"https:\\\/\\\/www.gold.fr\"]}]}<\/script>\n<!-- \/ Yoast SEO plugin. -->","yoast_head_json":{"title":"Des chiffres d\u00e9cevants pour l\u2019emploi US - Gold.fr","robots":{"index":"index","follow":"follow","max-snippet":"max-snippet:-1","max-image-preview":"max-image-preview:large","max-video-preview":"max-video-preview:-1"},"canonical":"https:\/\/www.gold.fr\/news\/2013\/02\/06\/des-chiffres-decevants-pour-lemploi-us-2\/","og_locale":"fr_FR","og_type":"article","og_title":"Des chiffres d\u00e9cevants pour l\u2019emploi US - Gold.fr","og_description":"Les chiffres du bureau am\u00e9ricain des statistiques de l&#8217;emploi, concernant le nombre de cr\u00e9ation d&#8217;emploi, viennent de tomber&#8230;et ils sont d\u00e9cevants. On attendait 160 000 postes cr\u00e9\u00e9s, il n&rsquo;y en a eu que 157 000. Quant [&hellip;]","og_url":"https:\/\/www.gold.fr\/news\/2013\/02\/06\/des-chiffres-decevants-pour-lemploi-us-2\/","og_site_name":"Gold.fr","article_publisher":"https:\/\/www.facebook.com\/Goldfr\/","article_published_time":"2013-02-06T08:00:50+00:00","article_modified_time":"2017-11-02T10:34:27+00:00","og_image":[{"width":600,"height":450,"url":"https:\/\/www.gold.fr\/news\/wp-content\/uploads\/2012\/04\/Gold-Dollar.jpg","type":"image\/jpeg"}],"author":"Comptoir National de l'Or","twitter_card":"summary_large_image","twitter_misc":{"\u00c9crit par":"Comptoir National de l'Or","Dur\u00e9e de lecture estim\u00e9e":"1 minute"},"schema":{"@context":"https:\/\/schema.org","@graph":[{"@type":"Article","@id":"https:\/\/www.gold.fr\/news\/2013\/02\/06\/des-chiffres-decevants-pour-lemploi-us-2\/#article","isPartOf":{"@id":"https:\/\/www.gold.fr\/news\/2013\/02\/06\/des-chiffres-decevants-pour-lemploi-us-2\/"},"author":{"name":"Comptoir National de l'Or","@id":"https:\/\/www.gold.fr\/news\/#\/schema\/person\/070491b4b4fb7671bf59b3be20302ce9"},"headline":"Des chiffres d\u00e9cevants pour l\u2019emploi US","datePublished":"2013-02-06T08:00:50+00:00","dateModified":"2017-11-02T10:34:27+00:00","mainEntityOfPage":{"@id":"https:\/\/www.gold.fr\/news\/2013\/02\/06\/des-chiffres-decevants-pour-lemploi-us-2\/"},"wordCount":266,"commentCount":0,"image":{"@id":"https:\/\/www.gold.fr\/news\/2013\/02\/06\/des-chiffres-decevants-pour-lemploi-us-2\/#primaryimage"},"thumbnailUrl":"https:\/\/www.gold.fr\/news\/wp-content\/uploads\/2012\/04\/Gold-Dollar.jpg","keywords":["chiffres emploi US","Crise USA","fed","or USA"],"articleSection":["Articles de presse"],"inLanguage":"fr-FR"},{"@type":"WebPage","@id":"https:\/\/www.gold.fr\/news\/2013\/02\/06\/des-chiffres-decevants-pour-lemploi-us-2\/","url":"https:\/\/www.gold.fr\/news\/2013\/02\/06\/des-chiffres-decevants-pour-lemploi-us-2\/","name":"Des chiffres d\u00e9cevants pour l\u2019emploi US - Gold.fr","isPartOf":{"@id":"https:\/\/www.gold.fr\/news\/#website"},"primaryImageOfPage":{"@id":"https:\/\/www.gold.fr\/news\/2013\/02\/06\/des-chiffres-decevants-pour-lemploi-us-2\/#primaryimage"},"image":{"@id":"https:\/\/www.gold.fr\/news\/2013\/02\/06\/des-chiffres-decevants-pour-lemploi-us-2\/#primaryimage"},"thumbnailUrl":"https:\/\/www.gold.fr\/news\/wp-content\/uploads\/2012\/04\/Gold-Dollar.jpg","datePublished":"2013-02-06T08:00:50+00:00","dateModified":"2017-11-02T10:34:27+00:00","author":{"@id":"https:\/\/www.gold.fr\/news\/#\/schema\/person\/070491b4b4fb7671bf59b3be20302ce9"},"breadcrumb":{"@id":"https:\/\/www.gold.fr\/news\/2013\/02\/06\/des-chiffres-decevants-pour-lemploi-us-2\/#breadcrumb"},"inLanguage":"fr-FR","potentialAction":[{"@type":"ReadAction","target":["https:\/\/www.gold.fr\/news\/2013\/02\/06\/des-chiffres-decevants-pour-lemploi-us-2\/"]}]},{"@type":"ImageObject","inLanguage":"fr-FR","@id":"https:\/\/www.gold.fr\/news\/2013\/02\/06\/des-chiffres-decevants-pour-lemploi-us-2\/#primaryimage","url":"https:\/\/www.gold.fr\/news\/wp-content\/uploads\/2012\/04\/Gold-Dollar.jpg","contentUrl":"https:\/\/www.gold.fr\/news\/wp-content\/uploads\/2012\/04\/Gold-Dollar.jpg","width":"600","height":"450","caption":"L\u2019or, cet antid\u00e9presseur financier"},{"@type":"BreadcrumbList","@id":"https:\/\/www.gold.fr\/news\/2013\/02\/06\/des-chiffres-decevants-pour-lemploi-us-2\/#breadcrumb","itemListElement":[{"@type":"ListItem","position":1,"name":"Accueil","item":"https:\/\/www.gold.fr\/"},{"@type":"ListItem","position":2,"name":"Actualit\u00e9s","item":"https:\/\/www.gold.fr\/news\/"},{"@type":"ListItem","position":3,"name":"Des chiffres d\u00e9cevants pour l\u2019emploi US"}]},{"@type":"WebSite","@id":"https:\/\/www.gold.fr\/news\/#website","url":"https:\/\/www.gold.fr\/news\/","name":"Gold.fr","description":"Actualit\u00e9s de l&#039;Or et des m\u00e9taux pr\u00e9cieux","potentialAction":[{"@type":"SearchAction","target":{"@type":"EntryPoint","urlTemplate":"https:\/\/www.gold.fr\/news\/?s={search_term_string}"},"query-input":{"@type":"PropertyValueSpecification","valueRequired":true,"valueName":"search_term_string"}}],"inLanguage":"fr-FR"},{"@type":"Person","@id":"https:\/\/www.gold.fr\/news\/#\/schema\/person\/070491b4b4fb7671bf59b3be20302ce9","name":"Comptoir National de l'Or","image":{"@type":"ImageObject","inLanguage":"fr-FR","@id":"https:\/\/secure.gravatar.com\/avatar\/0a2867fd5abe37bed95d5a65e9d58f01756e11efc68af9888dfc50cfa7f65948?s=96&d=mm&r=gb490554db0a38188709de567aa58480d","url":"https:\/\/secure.gravatar.com\/avatar\/0a2867fd5abe37bed95d5a65e9d58f01756e11efc68af9888dfc50cfa7f65948?s=96&d=mm&r=g","contentUrl":"https:\/\/secure.gravatar.com\/avatar\/0a2867fd5abe37bed95d5a65e9d58f01756e11efc68af9888dfc50cfa7f65948?s=96&d=mm&r=g","caption":"Comptoir National de l'Or"},"description":"Notre r\u00e9daction est constitu\u00e9e de membres experts dans les m\u00e9tiers de l'\u00e9conomie et la gestion, des Responsables d'agence Comptoir National de l'Or, des analystes financiers qui publient r\u00e9guli\u00e8rement des \u00e9tudes sur les politiques des banques centrales, le cours de l'or, prix de l'or, cours de l'argent, prix de l'argent, cours du platine, cours du palladium,... la situation en zone euro et l'impact de la strat\u00e9gie mon\u00e9taire de la FED. Notre \u00e9quipe scrute \u00e9galement une information plus g\u00e9n\u00e9raliste \u00e0 la recherche d'actualit\u00e9 \"p\u00e9pite\" \u00e0 vous partager. Depuis 5 ans, nous avons publi\u00e9 un peu plus de 4000 articles qui s'adressent \u00e0 un public large et vari\u00e9 ayant pour objectif de satisfaire votre curiosit\u00e9 et de partager avec vous une certaine fascination pour le m\u00e9tal jaune, le rachat d'or, et pour ceux qui veulent investir dans l'or, vendre leur or tout simplement en savoir plus... Pour tous vos achat or et argent, n'h\u00e9sitez pas \u00e0 prendre rendez-vous dans l'un de nos nombreux comptoirs.","sameAs":["https:\/\/www.gold.fr"]}]}},"authors":[{"term_id":2565,"user_id":18,"is_guest":0,"slug":"julie","display_name":"Comptoir National de l'Or","avatar_url":"https:\/\/secure.gravatar.com\/avatar\/713f289e398d35ead876c4a4cc08607f0d6d266058cfc25683fffb6092d0e572?s=96&d=mm&r=g","0":null,"1":"","2":"","3":"","4":"","5":"","6":"","7":"","8":""}],"_links":{"self":[{"href":"https:\/\/www.gold.fr\/news\/wp-json\/wp\/v2\/posts\/10682","targetHints":{"allow":["GET"]}}],"collection":[{"href":"https:\/\/www.gold.fr\/news\/wp-json\/wp\/v2\/posts"}],"about":[{"href":"https:\/\/www.gold.fr\/news\/wp-json\/wp\/v2\/types\/post"}],"author":[{"embeddable":true,"href":"https:\/\/www.gold.fr\/news\/wp-json\/wp\/v2\/users\/18"}],"replies":[{"embeddable":true,"href":"https:\/\/www.gold.fr\/news\/wp-json\/wp\/v2\/comments?post=10682"}],"version-history":[{"count":0,"href":"https:\/\/www.gold.fr\/news\/wp-json\/wp\/v2\/posts\/10682\/revisions"}],"wp:featuredmedia":[{"embeddable":true,"href":"https:\/\/www.gold.fr\/news\/wp-json\/wp\/v2\/media\/7141"}],"wp:attachment":[{"href":"https:\/\/www.gold.fr\/news\/wp-json\/wp\/v2\/media?parent=10682"}],"wp:term":[{"taxonomy":"category","embeddable":true,"href":"https:\/\/www.gold.fr\/news\/wp-json\/wp\/v2\/categories?post=10682"},{"taxonomy":"post_tag","embeddable":true,"href":"https:\/\/www.gold.fr\/news\/wp-json\/wp\/v2\/tags?post=10682"},{"taxonomy":"author","embeddable":true,"href":"https:\/\/www.gold.fr\/news\/wp-json\/wp\/v2\/ppma_author?post=10682"}],"curies":[{"name":"wp","href":"https:\/\/api.w.org\/{rel}","templated":true}]}}