{"id":10671,"date":"2013-02-04T13:00:48","date_gmt":"2013-02-04T12:00:48","guid":{"rendered":"https:\/\/www.gold.fr\/news\/?p=10671"},"modified":"2017-11-02T11:34:28","modified_gmt":"2017-11-02T10:34:28","slug":"lor-stabilise-soutenu-par-les-chiffres-de-lemploi-us","status":"publish","type":"post","link":"https:\/\/www.gold.fr\/news\/2013\/02\/04\/lor-stabilise-soutenu-par-les-chiffres-de-lemploi-us\/","title":{"rendered":"L&rsquo;or stabilise, soutenu par les chiffres de l&#8217;emploi US"},"content":{"rendered":"<p><span style=\"font-size: small;\"><img loading=\"lazy\" decoding=\"async\" class=\"alignleft size-thumbnail wp-image-6651\" title=\"Cours de l'Or de Bourse\" src=\"https:\/\/www.gold.fr\/news\/wp-content\/uploads\/2012\/04\/dollar-or-150x150.jpg\" alt=\"\" width=\"150\" height=\"150\" \/>La balance de la fortune penche encore une fois du c\u00f4t\u00e9 du <a href='https:\/\/www.gold.fr\/news\/tags\/or' class='esk-seo-plu-link'>m\u00e9tal jaune<\/a>, au d\u00e9triment, bien s\u00fbr, d&rsquo;<a title=\"La crise US pousse l\u2019or au sommet\" href=\"https:\/\/www.gold.fr\/news\/2013\/02\/01\/la-crise-us-pousse-lor-au-sommet\/10656\/\" target=\"_blank\">une \u00e9conomie am\u00e9ricaine encore une fois aux abois<\/a>.<\/span>    <span style=\"font-size: small;\">Le bureau am\u00e9ricain des statistiques de l&#8217;emploi a r\u00e9cemment annonc\u00e9 que l&rsquo;\u00e9conomie US n&rsquo;a r\u00e9ussi \u00e0 cr\u00e9er que <strong>157 000 postes<\/strong> (durant le quatri\u00e8me trimestre <strong>2012<\/strong>), contre les <strong>160 000 escompt\u00e9s<\/strong>. De plus, sur la m\u00eame p\u00e9riode et contre toute attente, le taux de ch\u00f4mage am\u00e9ricain s&rsquo;est hiss\u00e9 de <strong>7.8<\/strong> vers <strong>7.9%<\/strong>. Du coup, <a title=\"Prix de l\u2019or\" href=\"https:\/\/www.gold.fr\/cours-prix-de-l-or\/\" target=\"_blank\">le prix du m\u00e9tal jaune<\/a> a maintenu son orientation haussi\u00e8re, soutenu essentiellement par cette performance d\u00e9cevante de l&rsquo;\u00e9conomie US, et la perspective d&rsquo;injections additionnelles de liquidit\u00e9s de la part de la banque centrale am\u00e9ricaine.<\/span>    <span style=\"font-size: small;\">Ce matin, l&rsquo;<a href='https:\/\/www.gold.fr\/news\/tags\/or' class='esk-seo-plu-link'>or<\/a> ouvre la s\u00e9ance de ce <strong>lundi 4 f\u00e9vrier 2013<\/strong> avec un cours stabilis\u00e9 de l&rsquo;ordre de <strong>1 667.65 dollars<\/strong> <a title=\"Prix de l'Once d'Or\" href=\"https:\/\/www.gold.fr\/once-en\/\" target=\"_blank\">l&rsquo;once<\/a>.<\/span><\/p>\n<!-- AddThis Advanced Settings generic via filter on the_content --><!-- AddThis Share Buttons generic via filter on the_content -->","protected":false},"excerpt":{"rendered":"<p>La balance de la fortune penche encore une fois du c\u00f4t\u00e9 du m\u00e9tal jaune, au d\u00e9triment, bien s\u00fbr, d&rsquo;une \u00e9conomie am\u00e9ricaine encore une fois aux abois. Le bureau am\u00e9ricain des statistiques de l&#8217;emploi a r\u00e9cemment annonc\u00e9 [&hellip;]<\/p>\n","protected":false},"author":18,"featured_media":6651,"comment_status":"open","ping_status":"open","sticky":false,"template":"","format":"standard","meta":{"_mbp_gutenberg_autopost":false,"_pgmb_is_evergreen":false,"_pgmb_ap_template_id":0,"footnotes":""},"categories":[5],"tags":[385,84],"ppma_author":[2565],"class_list":["post-10671","post","type-post","status-publish","format-standard","has-post-thumbnail","hentry","category-flash-infos","tag-cours-de-lor-de-bourse","tag-cours-de-lor"],"yoast_head":"<!-- This site is optimized with the Yoast SEO plugin v27.5 - https:\/\/yoast.com\/product\/yoast-seo-wordpress\/ -->\n<title>L&#039;or stabilise, soutenu par les chiffres de l&#039;emploi US - Gold.fr<\/title>\n<meta name=\"robots\" content=\"index, follow, max-snippet:-1, max-image-preview:large, max-video-preview:-1\" \/>\n<link rel=\"canonical\" href=\"https:\/\/www.gold.fr\/news\/2013\/02\/04\/lor-stabilise-soutenu-par-les-chiffres-de-lemploi-us\/\" \/>\n<meta property=\"og:locale\" content=\"fr_FR\" \/>\n<meta property=\"og:type\" content=\"article\" \/>\n<meta property=\"og:title\" content=\"L&#039;or stabilise, soutenu par les chiffres de l&#039;emploi US - Gold.fr\" \/>\n<meta property=\"og:description\" content=\"La balance de la fortune penche encore une fois du c\u00f4t\u00e9 du m\u00e9tal jaune, au d\u00e9triment, bien s\u00fbr, d&rsquo;une \u00e9conomie am\u00e9ricaine encore une fois aux abois. Le bureau am\u00e9ricain des statistiques de l&#8217;emploi a r\u00e9cemment annonc\u00e9 [&hellip;]\" \/>\n<meta property=\"og:url\" content=\"https:\/\/www.gold.fr\/news\/2013\/02\/04\/lor-stabilise-soutenu-par-les-chiffres-de-lemploi-us\/\" \/>\n<meta property=\"og:site_name\" content=\"Gold.fr\" \/>\n<meta property=\"article:publisher\" content=\"https:\/\/www.facebook.com\/Goldfr\/\" \/>\n<meta property=\"article:published_time\" content=\"2013-02-04T12:00:48+00:00\" \/>\n<meta property=\"article:modified_time\" content=\"2017-11-02T10:34:28+00:00\" \/>\n<meta property=\"og:image\" content=\"https:\/\/www.gold.fr\/news\/wp-content\/uploads\/2012\/04\/dollar-or.jpg\" \/>\n\t<meta property=\"og:image:width\" content=\"600\" \/>\n\t<meta property=\"og:image:height\" content=\"400\" \/>\n\t<meta property=\"og:image:type\" content=\"image\/jpeg\" \/>\n<meta name=\"author\" content=\"Comptoir National de l&#039;Or\" \/>\n<meta name=\"twitter:card\" content=\"summary_large_image\" \/>\n<meta name=\"twitter:label1\" content=\"\u00c9crit par\" \/>\n\t<meta name=\"twitter:data1\" content=\"Comptoir National de l&#039;Or\" \/>\n\t<meta name=\"twitter:label2\" content=\"Dur\u00e9e de lecture estim\u00e9e\" \/>\n\t<meta name=\"twitter:data2\" content=\"1 minute\" \/>\n<script type=\"application\/ld+json\" class=\"yoast-schema-graph\">{\"@context\":\"https:\\\/\\\/schema.org\",\"@graph\":[{\"@type\":\"Article\",\"@id\":\"https:\\\/\\\/www.gold.fr\\\/news\\\/2013\\\/02\\\/04\\\/lor-stabilise-soutenu-par-les-chiffres-de-lemploi-us\\\/#article\",\"isPartOf\":{\"@id\":\"https:\\\/\\\/www.gold.fr\\\/news\\\/2013\\\/02\\\/04\\\/lor-stabilise-soutenu-par-les-chiffres-de-lemploi-us\\\/\"},\"author\":{\"name\":\"Comptoir National de l'Or\",\"@id\":\"https:\\\/\\\/www.gold.fr\\\/news\\\/#\\\/schema\\\/person\\\/070491b4b4fb7671bf59b3be20302ce9\"},\"headline\":\"L&rsquo;or stabilise, soutenu par les chiffres de l&#8217;emploi US\",\"datePublished\":\"2013-02-04T12:00:48+00:00\",\"dateModified\":\"2017-11-02T10:34:28+00:00\",\"mainEntityOfPage\":{\"@id\":\"https:\\\/\\\/www.gold.fr\\\/news\\\/2013\\\/02\\\/04\\\/lor-stabilise-soutenu-par-les-chiffres-de-lemploi-us\\\/\"},\"wordCount\":168,\"commentCount\":0,\"image\":{\"@id\":\"https:\\\/\\\/www.gold.fr\\\/news\\\/2013\\\/02\\\/04\\\/lor-stabilise-soutenu-par-les-chiffres-de-lemploi-us\\\/#primaryimage\"},\"thumbnailUrl\":\"https:\\\/\\\/www.gold.fr\\\/news\\\/wp-content\\\/uploads\\\/2012\\\/04\\\/dollar-or.jpg\",\"keywords\":[\"cours de l'or de bourse\",\"Tout Cours de l'Or\"],\"articleSection\":[\"Flash infos\"],\"inLanguage\":\"fr-FR\"},{\"@type\":\"WebPage\",\"@id\":\"https:\\\/\\\/www.gold.fr\\\/news\\\/2013\\\/02\\\/04\\\/lor-stabilise-soutenu-par-les-chiffres-de-lemploi-us\\\/\",\"url\":\"https:\\\/\\\/www.gold.fr\\\/news\\\/2013\\\/02\\\/04\\\/lor-stabilise-soutenu-par-les-chiffres-de-lemploi-us\\\/\",\"name\":\"L'or stabilise, soutenu par les chiffres de l'emploi US - Gold.fr\",\"isPartOf\":{\"@id\":\"https:\\\/\\\/www.gold.fr\\\/news\\\/#website\"},\"primaryImageOfPage\":{\"@id\":\"https:\\\/\\\/www.gold.fr\\\/news\\\/2013\\\/02\\\/04\\\/lor-stabilise-soutenu-par-les-chiffres-de-lemploi-us\\\/#primaryimage\"},\"image\":{\"@id\":\"https:\\\/\\\/www.gold.fr\\\/news\\\/2013\\\/02\\\/04\\\/lor-stabilise-soutenu-par-les-chiffres-de-lemploi-us\\\/#primaryimage\"},\"thumbnailUrl\":\"https:\\\/\\\/www.gold.fr\\\/news\\\/wp-content\\\/uploads\\\/2012\\\/04\\\/dollar-or.jpg\",\"datePublished\":\"2013-02-04T12:00:48+00:00\",\"dateModified\":\"2017-11-02T10:34:28+00:00\",\"author\":{\"@id\":\"https:\\\/\\\/www.gold.fr\\\/news\\\/#\\\/schema\\\/person\\\/070491b4b4fb7671bf59b3be20302ce9\"},\"breadcrumb\":{\"@id\":\"https:\\\/\\\/www.gold.fr\\\/news\\\/2013\\\/02\\\/04\\\/lor-stabilise-soutenu-par-les-chiffres-de-lemploi-us\\\/#breadcrumb\"},\"inLanguage\":\"fr-FR\",\"potentialAction\":[{\"@type\":\"ReadAction\",\"target\":[\"https:\\\/\\\/www.gold.fr\\\/news\\\/2013\\\/02\\\/04\\\/lor-stabilise-soutenu-par-les-chiffres-de-lemploi-us\\\/\"]}]},{\"@type\":\"ImageObject\",\"inLanguage\":\"fr-FR\",\"@id\":\"https:\\\/\\\/www.gold.fr\\\/news\\\/2013\\\/02\\\/04\\\/lor-stabilise-soutenu-par-les-chiffres-de-lemploi-us\\\/#primaryimage\",\"url\":\"https:\\\/\\\/www.gold.fr\\\/news\\\/wp-content\\\/uploads\\\/2012\\\/04\\\/dollar-or.jpg\",\"contentUrl\":\"https:\\\/\\\/www.gold.fr\\\/news\\\/wp-content\\\/uploads\\\/2012\\\/04\\\/dollar-or.jpg\",\"width\":\"600\",\"height\":\"400\",\"caption\":\"Un calendrier charg\u00e9 pour une semaine d\u00e9cisive\"},{\"@type\":\"BreadcrumbList\",\"@id\":\"https:\\\/\\\/www.gold.fr\\\/news\\\/2013\\\/02\\\/04\\\/lor-stabilise-soutenu-par-les-chiffres-de-lemploi-us\\\/#breadcrumb\",\"itemListElement\":[{\"@type\":\"ListItem\",\"position\":1,\"name\":\"Accueil\",\"item\":\"https:\\\/\\\/www.gold.fr\\\/\"},{\"@type\":\"ListItem\",\"position\":2,\"name\":\"Actualit\u00e9s\",\"item\":\"https:\\\/\\\/www.gold.fr\\\/news\\\/\"},{\"@type\":\"ListItem\",\"position\":3,\"name\":\"L&rsquo;or stabilise, soutenu par les chiffres de l&#8217;emploi US\"}]},{\"@type\":\"WebSite\",\"@id\":\"https:\\\/\\\/www.gold.fr\\\/news\\\/#website\",\"url\":\"https:\\\/\\\/www.gold.fr\\\/news\\\/\",\"name\":\"Gold.fr\",\"description\":\"Actualit\u00e9s de l&#039;Or et des m\u00e9taux pr\u00e9cieux\",\"potentialAction\":[{\"@type\":\"SearchAction\",\"target\":{\"@type\":\"EntryPoint\",\"urlTemplate\":\"https:\\\/\\\/www.gold.fr\\\/news\\\/?s={search_term_string}\"},\"query-input\":{\"@type\":\"PropertyValueSpecification\",\"valueRequired\":true,\"valueName\":\"search_term_string\"}}],\"inLanguage\":\"fr-FR\"},{\"@type\":\"Person\",\"@id\":\"https:\\\/\\\/www.gold.fr\\\/news\\\/#\\\/schema\\\/person\\\/070491b4b4fb7671bf59b3be20302ce9\",\"name\":\"Comptoir National de l'Or\",\"image\":{\"@type\":\"ImageObject\",\"inLanguage\":\"fr-FR\",\"@id\":\"https:\\\/\\\/secure.gravatar.com\\\/avatar\\\/0a2867fd5abe37bed95d5a65e9d58f01756e11efc68af9888dfc50cfa7f65948?s=96&d=mm&r=gb490554db0a38188709de567aa58480d\",\"url\":\"https:\\\/\\\/secure.gravatar.com\\\/avatar\\\/0a2867fd5abe37bed95d5a65e9d58f01756e11efc68af9888dfc50cfa7f65948?s=96&d=mm&r=g\",\"contentUrl\":\"https:\\\/\\\/secure.gravatar.com\\\/avatar\\\/0a2867fd5abe37bed95d5a65e9d58f01756e11efc68af9888dfc50cfa7f65948?s=96&d=mm&r=g\",\"caption\":\"Comptoir National de l'Or\"},\"description\":\"Notre r\u00e9daction est constitu\u00e9e de membres experts dans les m\u00e9tiers de l'\u00e9conomie et la gestion, des Responsables d'agence Comptoir National de l'Or, des analystes financiers qui publient r\u00e9guli\u00e8rement des \u00e9tudes sur les politiques des banques centrales, le cours de l'or, prix de l'or, cours de l'argent, prix de l'argent, cours du platine, cours du palladium,... la situation en zone euro et l'impact de la strat\u00e9gie mon\u00e9taire de la FED. Notre \u00e9quipe scrute \u00e9galement une information plus g\u00e9n\u00e9raliste \u00e0 la recherche d'actualit\u00e9 \\\"p\u00e9pite\\\" \u00e0 vous partager. Depuis 5 ans, nous avons publi\u00e9 un peu plus de 4000 articles qui s'adressent \u00e0 un public large et vari\u00e9 ayant pour objectif de satisfaire votre curiosit\u00e9 et de partager avec vous une certaine fascination pour le m\u00e9tal jaune, le rachat d'or, et pour ceux qui veulent investir dans l'or, vendre leur or tout simplement en savoir plus... Pour tous vos achat or et argent, n'h\u00e9sitez pas \u00e0 prendre rendez-vous dans l'un de nos nombreux comptoirs.\",\"sameAs\":[\"https:\\\/\\\/www.gold.fr\"]}]}<\/script>\n<!-- \/ Yoast SEO plugin. -->","yoast_head_json":{"title":"L'or stabilise, soutenu par les chiffres de l'emploi US - Gold.fr","robots":{"index":"index","follow":"follow","max-snippet":"max-snippet:-1","max-image-preview":"max-image-preview:large","max-video-preview":"max-video-preview:-1"},"canonical":"https:\/\/www.gold.fr\/news\/2013\/02\/04\/lor-stabilise-soutenu-par-les-chiffres-de-lemploi-us\/","og_locale":"fr_FR","og_type":"article","og_title":"L'or stabilise, soutenu par les chiffres de l'emploi US - Gold.fr","og_description":"La balance de la fortune penche encore une fois du c\u00f4t\u00e9 du m\u00e9tal jaune, au d\u00e9triment, bien s\u00fbr, d&rsquo;une \u00e9conomie am\u00e9ricaine encore une fois aux abois. Le bureau am\u00e9ricain des statistiques de l&#8217;emploi a r\u00e9cemment annonc\u00e9 [&hellip;]","og_url":"https:\/\/www.gold.fr\/news\/2013\/02\/04\/lor-stabilise-soutenu-par-les-chiffres-de-lemploi-us\/","og_site_name":"Gold.fr","article_publisher":"https:\/\/www.facebook.com\/Goldfr\/","article_published_time":"2013-02-04T12:00:48+00:00","article_modified_time":"2017-11-02T10:34:28+00:00","og_image":[{"width":600,"height":400,"url":"https:\/\/www.gold.fr\/news\/wp-content\/uploads\/2012\/04\/dollar-or.jpg","type":"image\/jpeg"}],"author":"Comptoir National de l'Or","twitter_card":"summary_large_image","twitter_misc":{"\u00c9crit par":"Comptoir National de l'Or","Dur\u00e9e de lecture estim\u00e9e":"1 minute"},"schema":{"@context":"https:\/\/schema.org","@graph":[{"@type":"Article","@id":"https:\/\/www.gold.fr\/news\/2013\/02\/04\/lor-stabilise-soutenu-par-les-chiffres-de-lemploi-us\/#article","isPartOf":{"@id":"https:\/\/www.gold.fr\/news\/2013\/02\/04\/lor-stabilise-soutenu-par-les-chiffres-de-lemploi-us\/"},"author":{"name":"Comptoir National de l'Or","@id":"https:\/\/www.gold.fr\/news\/#\/schema\/person\/070491b4b4fb7671bf59b3be20302ce9"},"headline":"L&rsquo;or stabilise, soutenu par les chiffres de l&#8217;emploi US","datePublished":"2013-02-04T12:00:48+00:00","dateModified":"2017-11-02T10:34:28+00:00","mainEntityOfPage":{"@id":"https:\/\/www.gold.fr\/news\/2013\/02\/04\/lor-stabilise-soutenu-par-les-chiffres-de-lemploi-us\/"},"wordCount":168,"commentCount":0,"image":{"@id":"https:\/\/www.gold.fr\/news\/2013\/02\/04\/lor-stabilise-soutenu-par-les-chiffres-de-lemploi-us\/#primaryimage"},"thumbnailUrl":"https:\/\/www.gold.fr\/news\/wp-content\/uploads\/2012\/04\/dollar-or.jpg","keywords":["cours de l'or de bourse","Tout Cours de l'Or"],"articleSection":["Flash infos"],"inLanguage":"fr-FR"},{"@type":"WebPage","@id":"https:\/\/www.gold.fr\/news\/2013\/02\/04\/lor-stabilise-soutenu-par-les-chiffres-de-lemploi-us\/","url":"https:\/\/www.gold.fr\/news\/2013\/02\/04\/lor-stabilise-soutenu-par-les-chiffres-de-lemploi-us\/","name":"L'or stabilise, soutenu par les chiffres de l'emploi US - Gold.fr","isPartOf":{"@id":"https:\/\/www.gold.fr\/news\/#website"},"primaryImageOfPage":{"@id":"https:\/\/www.gold.fr\/news\/2013\/02\/04\/lor-stabilise-soutenu-par-les-chiffres-de-lemploi-us\/#primaryimage"},"image":{"@id":"https:\/\/www.gold.fr\/news\/2013\/02\/04\/lor-stabilise-soutenu-par-les-chiffres-de-lemploi-us\/#primaryimage"},"thumbnailUrl":"https:\/\/www.gold.fr\/news\/wp-content\/uploads\/2012\/04\/dollar-or.jpg","datePublished":"2013-02-04T12:00:48+00:00","dateModified":"2017-11-02T10:34:28+00:00","author":{"@id":"https:\/\/www.gold.fr\/news\/#\/schema\/person\/070491b4b4fb7671bf59b3be20302ce9"},"breadcrumb":{"@id":"https:\/\/www.gold.fr\/news\/2013\/02\/04\/lor-stabilise-soutenu-par-les-chiffres-de-lemploi-us\/#breadcrumb"},"inLanguage":"fr-FR","potentialAction":[{"@type":"ReadAction","target":["https:\/\/www.gold.fr\/news\/2013\/02\/04\/lor-stabilise-soutenu-par-les-chiffres-de-lemploi-us\/"]}]},{"@type":"ImageObject","inLanguage":"fr-FR","@id":"https:\/\/www.gold.fr\/news\/2013\/02\/04\/lor-stabilise-soutenu-par-les-chiffres-de-lemploi-us\/#primaryimage","url":"https:\/\/www.gold.fr\/news\/wp-content\/uploads\/2012\/04\/dollar-or.jpg","contentUrl":"https:\/\/www.gold.fr\/news\/wp-content\/uploads\/2012\/04\/dollar-or.jpg","width":"600","height":"400","caption":"Un calendrier charg\u00e9 pour une semaine d\u00e9cisive"},{"@type":"BreadcrumbList","@id":"https:\/\/www.gold.fr\/news\/2013\/02\/04\/lor-stabilise-soutenu-par-les-chiffres-de-lemploi-us\/#breadcrumb","itemListElement":[{"@type":"ListItem","position":1,"name":"Accueil","item":"https:\/\/www.gold.fr\/"},{"@type":"ListItem","position":2,"name":"Actualit\u00e9s","item":"https:\/\/www.gold.fr\/news\/"},{"@type":"ListItem","position":3,"name":"L&rsquo;or stabilise, soutenu par les chiffres de l&#8217;emploi US"}]},{"@type":"WebSite","@id":"https:\/\/www.gold.fr\/news\/#website","url":"https:\/\/www.gold.fr\/news\/","name":"Gold.fr","description":"Actualit\u00e9s de l&#039;Or et des m\u00e9taux pr\u00e9cieux","potentialAction":[{"@type":"SearchAction","target":{"@type":"EntryPoint","urlTemplate":"https:\/\/www.gold.fr\/news\/?s={search_term_string}"},"query-input":{"@type":"PropertyValueSpecification","valueRequired":true,"valueName":"search_term_string"}}],"inLanguage":"fr-FR"},{"@type":"Person","@id":"https:\/\/www.gold.fr\/news\/#\/schema\/person\/070491b4b4fb7671bf59b3be20302ce9","name":"Comptoir National de l'Or","image":{"@type":"ImageObject","inLanguage":"fr-FR","@id":"https:\/\/secure.gravatar.com\/avatar\/0a2867fd5abe37bed95d5a65e9d58f01756e11efc68af9888dfc50cfa7f65948?s=96&d=mm&r=gb490554db0a38188709de567aa58480d","url":"https:\/\/secure.gravatar.com\/avatar\/0a2867fd5abe37bed95d5a65e9d58f01756e11efc68af9888dfc50cfa7f65948?s=96&d=mm&r=g","contentUrl":"https:\/\/secure.gravatar.com\/avatar\/0a2867fd5abe37bed95d5a65e9d58f01756e11efc68af9888dfc50cfa7f65948?s=96&d=mm&r=g","caption":"Comptoir National de l'Or"},"description":"Notre r\u00e9daction est constitu\u00e9e de membres experts dans les m\u00e9tiers de l'\u00e9conomie et la gestion, des Responsables d'agence Comptoir National de l'Or, des analystes financiers qui publient r\u00e9guli\u00e8rement des \u00e9tudes sur les politiques des banques centrales, le cours de l'or, prix de l'or, cours de l'argent, prix de l'argent, cours du platine, cours du palladium,... la situation en zone euro et l'impact de la strat\u00e9gie mon\u00e9taire de la FED. Notre \u00e9quipe scrute \u00e9galement une information plus g\u00e9n\u00e9raliste \u00e0 la recherche d'actualit\u00e9 \"p\u00e9pite\" \u00e0 vous partager. Depuis 5 ans, nous avons publi\u00e9 un peu plus de 4000 articles qui s'adressent \u00e0 un public large et vari\u00e9 ayant pour objectif de satisfaire votre curiosit\u00e9 et de partager avec vous une certaine fascination pour le m\u00e9tal jaune, le rachat d'or, et pour ceux qui veulent investir dans l'or, vendre leur or tout simplement en savoir plus... Pour tous vos achat or et argent, n'h\u00e9sitez pas \u00e0 prendre rendez-vous dans l'un de nos nombreux comptoirs.","sameAs":["https:\/\/www.gold.fr"]}]}},"authors":[{"term_id":2565,"user_id":18,"is_guest":0,"slug":"julie","display_name":"Comptoir National de l'Or","avatar_url":"https:\/\/secure.gravatar.com\/avatar\/713f289e398d35ead876c4a4cc08607f0d6d266058cfc25683fffb6092d0e572?s=96&d=mm&r=g","0":null,"1":"","2":"","3":"","4":"","5":"","6":"","7":"","8":""}],"_links":{"self":[{"href":"https:\/\/www.gold.fr\/news\/wp-json\/wp\/v2\/posts\/10671","targetHints":{"allow":["GET"]}}],"collection":[{"href":"https:\/\/www.gold.fr\/news\/wp-json\/wp\/v2\/posts"}],"about":[{"href":"https:\/\/www.gold.fr\/news\/wp-json\/wp\/v2\/types\/post"}],"author":[{"embeddable":true,"href":"https:\/\/www.gold.fr\/news\/wp-json\/wp\/v2\/users\/18"}],"replies":[{"embeddable":true,"href":"https:\/\/www.gold.fr\/news\/wp-json\/wp\/v2\/comments?post=10671"}],"version-history":[{"count":0,"href":"https:\/\/www.gold.fr\/news\/wp-json\/wp\/v2\/posts\/10671\/revisions"}],"wp:featuredmedia":[{"embeddable":true,"href":"https:\/\/www.gold.fr\/news\/wp-json\/wp\/v2\/media\/6651"}],"wp:attachment":[{"href":"https:\/\/www.gold.fr\/news\/wp-json\/wp\/v2\/media?parent=10671"}],"wp:term":[{"taxonomy":"category","embeddable":true,"href":"https:\/\/www.gold.fr\/news\/wp-json\/wp\/v2\/categories?post=10671"},{"taxonomy":"post_tag","embeddable":true,"href":"https:\/\/www.gold.fr\/news\/wp-json\/wp\/v2\/tags?post=10671"},{"taxonomy":"author","embeddable":true,"href":"https:\/\/www.gold.fr\/news\/wp-json\/wp\/v2\/ppma_author?post=10671"}],"curies":[{"name":"wp","href":"https:\/\/api.w.org\/{rel}","templated":true}]}}