{"id":10659,"date":"2013-02-04T09:00:49","date_gmt":"2013-02-04T08:00:49","guid":{"rendered":"https:\/\/www.gold.fr\/news\/?p=10659"},"modified":"2017-11-02T11:34:28","modified_gmt":"2017-11-02T10:34:28","slug":"une-annee-en-perspectives-haussieres-pour-lor","status":"publish","type":"post","link":"https:\/\/www.gold.fr\/news\/2013\/02\/04\/une-annee-en-perspectives-haussieres-pour-lor\/","title":{"rendered":"Une ann\u00e9e en perspectives haussi\u00e8res pour l\u2019or"},"content":{"rendered":"<p><span style=\"font-size: small;\"><img loading=\"lazy\" decoding=\"async\" class=\"alignleft size-thumbnail wp-image-2677\" title=\"Une ann\u00e9e en perspectives haussi\u00e8res pour l\u2019or\" src=\"https:\/\/www.gold.fr\/news\/wp-content\/uploads\/2011\/10\/or-150x150.jpg\" alt=\"\" width=\"150\" height=\"150\" \/>D&rsquo;apr\u00e8s les principaux intervenants du march\u00e9, c&rsquo;est surtout la demande en <a href='https:\/\/www.gold.fr\/news\/tags\/or' class='esk-seo-plu-link'>or<\/a> qui va contribuer \u00e0 booster <a title=\"Prix de l\u2019or\" href=\"https:\/\/www.gold.fr\/cours-prix-de-l-or\/\" target=\"_blank\">les prix<\/a>, en <strong>2013<\/strong>. Le fort retour de vigueur dans le secteur de la joaillerie indienne, associ\u00e9 \u00e0 une am\u00e9lioration de la conjoncture \u00e9conomique asiatique et la forte possibilit\u00e9 d&rsquo;une continuation de <a title=\"La crise US pousse l\u2019or au sommet\" href=\"https:\/\/www.gold.fr\/news\/2013\/02\/01\/la-crise-us-pousse-lor-au-sommet\/10656\/\" target=\"_blank\">la politique accommodante de la <strong>FED<\/strong><\/a>\u2026sont tous des facteurs qui pointent vers une forte croissance de la demande internationale. Une \u00e9volution qui consolide la position du <a href='https:\/\/www.gold.fr\/news\/tags\/or' class='esk-seo-plu-link'>m\u00e9tal jaune<\/a> comme bouclier contre la menace inflationniste.<\/span>    <span style=\"font-size: small;\">A ce sujet, <strong>Serge P\u00e9pin<\/strong>, vice-pr\u00e9sident de Strat\u00e9gies d&rsquo;investissement (<strong>BMO<\/strong> Gestion mondiale d&rsquo;actifs) d\u00e9clare ; \u00ab <em>nous voyons encore des mouvements de balancier, mais si vous regardez ce que c&rsquo;\u00e9tait il y a dix ans comparativement \u00e0 aujourd&rsquo;hui, nous pensons que la vitesse de croissance de l&rsquo;<a href='https:\/\/www.gold.fr\/news\/tags\/or' class='esk-seo-plu-link'>or<\/a> sera relativement estomp\u00e9e, positive, mais estomp\u00e9e<\/em> \u00bb. Ses pr\u00e9dictions placent le prix de l&rsquo;<a href='https:\/\/www.gold.fr\/news\/tags\/or' class='esk-seo-plu-link'>or<\/a> \u00e0 un sommet de <strong>2000 dollars<\/strong>, quelque part durant les <strong>18<\/strong> \u00e0<strong> 24 mois<\/strong> \u00e0 venir.<\/span>    <span style=\"font-size: small;\">Dans tous les cas, avec <a title=\"Fiscal Cliff : la nouvelle saga de crise am\u00e9ricaine\" href=\"https:\/\/www.gold.fr\/news\/2013\/01\/11\/fiscal-cliff-la-nouvelle-saga-de-crise-americaine\/10416\/\" target=\"_blank\">la crise fiscale et \u00e9conomique<\/a> qui secoue les march\u00e9s am\u00e9ricains depuis le mois de septembre dernier (<strong>2012<\/strong>), l&rsquo;<a href='https:\/\/www.gold.fr\/news\/tags\/or' class='esk-seo-plu-link'>or<\/a> maintient et renforce sans rel\u00e2che son r\u00f4le de valeur refuge. Et ce ne sont pas les quatre mois de r\u00e9pit, accord\u00e9s \u00e0 l&rsquo;administration am\u00e9ricaine, qui vont changer la donne.<\/span><\/p>\n<!-- AddThis Advanced Settings generic via filter on the_content --><!-- AddThis Share Buttons generic via filter on the_content -->","protected":false},"excerpt":{"rendered":"<p>D&rsquo;apr\u00e8s les principaux intervenants du march\u00e9, c&rsquo;est surtout la demande en or qui va contribuer \u00e0 booster les prix, en 2013. Le fort retour de vigueur dans le secteur de la joaillerie indienne, associ\u00e9 \u00e0 une [&hellip;]<\/p>\n","protected":false},"author":18,"featured_media":2677,"comment_status":"open","ping_status":"open","sticky":false,"template":"","format":"standard","meta":{"_mbp_gutenberg_autopost":false,"_pgmb_is_evergreen":false,"_pgmb_ap_template_id":0,"footnotes":""},"categories":[6],"tags":[1049,993,1045],"ppma_author":[2565],"class_list":["post-10659","post","type-post","status-publish","format-standard","has-post-thumbnail","hentry","category-articles-de-presse","tag-crise-fiscale","tag-crise-usa","tag-hausse-or"],"yoast_head":"<!-- This site is optimized with the Yoast SEO plugin v27.5 - https:\/\/yoast.com\/product\/yoast-seo-wordpress\/ -->\n<title>Une ann\u00e9e en perspectives haussi\u00e8res pour l\u2019or - Gold.fr<\/title>\n<meta name=\"robots\" content=\"index, follow, max-snippet:-1, max-image-preview:large, max-video-preview:-1\" \/>\n<link rel=\"canonical\" href=\"https:\/\/www.gold.fr\/news\/2013\/02\/04\/une-annee-en-perspectives-haussieres-pour-lor\/\" \/>\n<meta property=\"og:locale\" content=\"fr_FR\" \/>\n<meta property=\"og:type\" content=\"article\" \/>\n<meta property=\"og:title\" content=\"Une ann\u00e9e en perspectives haussi\u00e8res pour l\u2019or - Gold.fr\" \/>\n<meta property=\"og:description\" content=\"D&rsquo;apr\u00e8s les principaux intervenants du march\u00e9, c&rsquo;est surtout la demande en or qui va contribuer \u00e0 booster les prix, en 2013. Le fort retour de vigueur dans le secteur de la joaillerie indienne, associ\u00e9 \u00e0 une [&hellip;]\" \/>\n<meta property=\"og:url\" content=\"https:\/\/www.gold.fr\/news\/2013\/02\/04\/une-annee-en-perspectives-haussieres-pour-lor\/\" \/>\n<meta property=\"og:site_name\" content=\"Gold.fr\" \/>\n<meta property=\"article:publisher\" content=\"https:\/\/www.facebook.com\/Goldfr\/\" \/>\n<meta property=\"article:published_time\" content=\"2013-02-04T08:00:49+00:00\" \/>\n<meta property=\"article:modified_time\" content=\"2017-11-02T10:34:28+00:00\" \/>\n<meta property=\"og:image\" content=\"https:\/\/www.gold.fr\/news\/wp-content\/uploads\/2011\/10\/or.jpg\" \/>\n\t<meta property=\"og:image:width\" content=\"600\" \/>\n\t<meta property=\"og:image:height\" content=\"515\" \/>\n\t<meta property=\"og:image:type\" content=\"image\/jpeg\" \/>\n<meta name=\"author\" content=\"Comptoir National de l&#039;Or\" \/>\n<meta name=\"twitter:card\" content=\"summary_large_image\" \/>\n<meta name=\"twitter:label1\" content=\"\u00c9crit par\" \/>\n\t<meta name=\"twitter:data1\" content=\"Comptoir National de l&#039;Or\" \/>\n\t<meta name=\"twitter:label2\" content=\"Dur\u00e9e de lecture estim\u00e9e\" \/>\n\t<meta name=\"twitter:data2\" content=\"1 minute\" \/>\n<script type=\"application\/ld+json\" class=\"yoast-schema-graph\">{\"@context\":\"https:\\\/\\\/schema.org\",\"@graph\":[{\"@type\":\"Article\",\"@id\":\"https:\\\/\\\/www.gold.fr\\\/news\\\/2013\\\/02\\\/04\\\/une-annee-en-perspectives-haussieres-pour-lor\\\/#article\",\"isPartOf\":{\"@id\":\"https:\\\/\\\/www.gold.fr\\\/news\\\/2013\\\/02\\\/04\\\/une-annee-en-perspectives-haussieres-pour-lor\\\/\"},\"author\":{\"name\":\"Comptoir National de l'Or\",\"@id\":\"https:\\\/\\\/www.gold.fr\\\/news\\\/#\\\/schema\\\/person\\\/070491b4b4fb7671bf59b3be20302ce9\"},\"headline\":\"Une ann\u00e9e en perspectives haussi\u00e8res pour l\u2019or\",\"datePublished\":\"2013-02-04T08:00:49+00:00\",\"dateModified\":\"2017-11-02T10:34:28+00:00\",\"mainEntityOfPage\":{\"@id\":\"https:\\\/\\\/www.gold.fr\\\/news\\\/2013\\\/02\\\/04\\\/une-annee-en-perspectives-haussieres-pour-lor\\\/\"},\"wordCount\":236,\"commentCount\":0,\"image\":{\"@id\":\"https:\\\/\\\/www.gold.fr\\\/news\\\/2013\\\/02\\\/04\\\/une-annee-en-perspectives-haussieres-pour-lor\\\/#primaryimage\"},\"thumbnailUrl\":\"https:\\\/\\\/www.gold.fr\\\/news\\\/wp-content\\\/uploads\\\/2011\\\/10\\\/or.jpg\",\"keywords\":[\"Crise fiscale\",\"Crise USA\",\"hausse or\"],\"articleSection\":[\"Articles de presse\"],\"inLanguage\":\"fr-FR\"},{\"@type\":\"WebPage\",\"@id\":\"https:\\\/\\\/www.gold.fr\\\/news\\\/2013\\\/02\\\/04\\\/une-annee-en-perspectives-haussieres-pour-lor\\\/\",\"url\":\"https:\\\/\\\/www.gold.fr\\\/news\\\/2013\\\/02\\\/04\\\/une-annee-en-perspectives-haussieres-pour-lor\\\/\",\"name\":\"Une ann\u00e9e en perspectives haussi\u00e8res pour l\u2019or - Gold.fr\",\"isPartOf\":{\"@id\":\"https:\\\/\\\/www.gold.fr\\\/news\\\/#website\"},\"primaryImageOfPage\":{\"@id\":\"https:\\\/\\\/www.gold.fr\\\/news\\\/2013\\\/02\\\/04\\\/une-annee-en-perspectives-haussieres-pour-lor\\\/#primaryimage\"},\"image\":{\"@id\":\"https:\\\/\\\/www.gold.fr\\\/news\\\/2013\\\/02\\\/04\\\/une-annee-en-perspectives-haussieres-pour-lor\\\/#primaryimage\"},\"thumbnailUrl\":\"https:\\\/\\\/www.gold.fr\\\/news\\\/wp-content\\\/uploads\\\/2011\\\/10\\\/or.jpg\",\"datePublished\":\"2013-02-04T08:00:49+00:00\",\"dateModified\":\"2017-11-02T10:34:28+00:00\",\"author\":{\"@id\":\"https:\\\/\\\/www.gold.fr\\\/news\\\/#\\\/schema\\\/person\\\/070491b4b4fb7671bf59b3be20302ce9\"},\"breadcrumb\":{\"@id\":\"https:\\\/\\\/www.gold.fr\\\/news\\\/2013\\\/02\\\/04\\\/une-annee-en-perspectives-haussieres-pour-lor\\\/#breadcrumb\"},\"inLanguage\":\"fr-FR\",\"potentialAction\":[{\"@type\":\"ReadAction\",\"target\":[\"https:\\\/\\\/www.gold.fr\\\/news\\\/2013\\\/02\\\/04\\\/une-annee-en-perspectives-haussieres-pour-lor\\\/\"]}]},{\"@type\":\"ImageObject\",\"inLanguage\":\"fr-FR\",\"@id\":\"https:\\\/\\\/www.gold.fr\\\/news\\\/2013\\\/02\\\/04\\\/une-annee-en-perspectives-haussieres-pour-lor\\\/#primaryimage\",\"url\":\"https:\\\/\\\/www.gold.fr\\\/news\\\/wp-content\\\/uploads\\\/2011\\\/10\\\/or.jpg\",\"contentUrl\":\"https:\\\/\\\/www.gold.fr\\\/news\\\/wp-content\\\/uploads\\\/2011\\\/10\\\/or.jpg\",\"width\":\"600\",\"height\":\"515\",\"caption\":\"March\u00e9 de l\u2019or : Perspectives haussi\u00e8res \u00e0 moyen terme\"},{\"@type\":\"BreadcrumbList\",\"@id\":\"https:\\\/\\\/www.gold.fr\\\/news\\\/2013\\\/02\\\/04\\\/une-annee-en-perspectives-haussieres-pour-lor\\\/#breadcrumb\",\"itemListElement\":[{\"@type\":\"ListItem\",\"position\":1,\"name\":\"Accueil\",\"item\":\"https:\\\/\\\/www.gold.fr\\\/\"},{\"@type\":\"ListItem\",\"position\":2,\"name\":\"Actualit\u00e9s\",\"item\":\"https:\\\/\\\/www.gold.fr\\\/news\\\/\"},{\"@type\":\"ListItem\",\"position\":3,\"name\":\"Une ann\u00e9e en perspectives haussi\u00e8res pour l\u2019or\"}]},{\"@type\":\"WebSite\",\"@id\":\"https:\\\/\\\/www.gold.fr\\\/news\\\/#website\",\"url\":\"https:\\\/\\\/www.gold.fr\\\/news\\\/\",\"name\":\"Gold.fr\",\"description\":\"Actualit\u00e9s de l&#039;Or et des m\u00e9taux pr\u00e9cieux\",\"potentialAction\":[{\"@type\":\"SearchAction\",\"target\":{\"@type\":\"EntryPoint\",\"urlTemplate\":\"https:\\\/\\\/www.gold.fr\\\/news\\\/?s={search_term_string}\"},\"query-input\":{\"@type\":\"PropertyValueSpecification\",\"valueRequired\":true,\"valueName\":\"search_term_string\"}}],\"inLanguage\":\"fr-FR\"},{\"@type\":\"Person\",\"@id\":\"https:\\\/\\\/www.gold.fr\\\/news\\\/#\\\/schema\\\/person\\\/070491b4b4fb7671bf59b3be20302ce9\",\"name\":\"Comptoir National de l'Or\",\"image\":{\"@type\":\"ImageObject\",\"inLanguage\":\"fr-FR\",\"@id\":\"https:\\\/\\\/secure.gravatar.com\\\/avatar\\\/0a2867fd5abe37bed95d5a65e9d58f01756e11efc68af9888dfc50cfa7f65948?s=96&d=mm&r=gb490554db0a38188709de567aa58480d\",\"url\":\"https:\\\/\\\/secure.gravatar.com\\\/avatar\\\/0a2867fd5abe37bed95d5a65e9d58f01756e11efc68af9888dfc50cfa7f65948?s=96&d=mm&r=g\",\"contentUrl\":\"https:\\\/\\\/secure.gravatar.com\\\/avatar\\\/0a2867fd5abe37bed95d5a65e9d58f01756e11efc68af9888dfc50cfa7f65948?s=96&d=mm&r=g\",\"caption\":\"Comptoir National de l'Or\"},\"description\":\"Notre r\u00e9daction est constitu\u00e9e de membres experts dans les m\u00e9tiers de l'\u00e9conomie et la gestion, des Responsables d'agence Comptoir National de l'Or, des analystes financiers qui publient r\u00e9guli\u00e8rement des \u00e9tudes sur les politiques des banques centrales, le cours de l'or, prix de l'or, cours de l'argent, prix de l'argent, cours du platine, cours du palladium,... la situation en zone euro et l'impact de la strat\u00e9gie mon\u00e9taire de la FED. Notre \u00e9quipe scrute \u00e9galement une information plus g\u00e9n\u00e9raliste \u00e0 la recherche d'actualit\u00e9 \\\"p\u00e9pite\\\" \u00e0 vous partager. Depuis 5 ans, nous avons publi\u00e9 un peu plus de 4000 articles qui s'adressent \u00e0 un public large et vari\u00e9 ayant pour objectif de satisfaire votre curiosit\u00e9 et de partager avec vous une certaine fascination pour le m\u00e9tal jaune, le rachat d'or, et pour ceux qui veulent investir dans l'or, vendre leur or tout simplement en savoir plus... Pour tous vos achat or et argent, n'h\u00e9sitez pas \u00e0 prendre rendez-vous dans l'un de nos nombreux comptoirs.\",\"sameAs\":[\"https:\\\/\\\/www.gold.fr\"]}]}<\/script>\n<!-- \/ Yoast SEO plugin. -->","yoast_head_json":{"title":"Une ann\u00e9e en perspectives haussi\u00e8res pour l\u2019or - Gold.fr","robots":{"index":"index","follow":"follow","max-snippet":"max-snippet:-1","max-image-preview":"max-image-preview:large","max-video-preview":"max-video-preview:-1"},"canonical":"https:\/\/www.gold.fr\/news\/2013\/02\/04\/une-annee-en-perspectives-haussieres-pour-lor\/","og_locale":"fr_FR","og_type":"article","og_title":"Une ann\u00e9e en perspectives haussi\u00e8res pour l\u2019or - Gold.fr","og_description":"D&rsquo;apr\u00e8s les principaux intervenants du march\u00e9, c&rsquo;est surtout la demande en or qui va contribuer \u00e0 booster les prix, en 2013. Le fort retour de vigueur dans le secteur de la joaillerie indienne, associ\u00e9 \u00e0 une [&hellip;]","og_url":"https:\/\/www.gold.fr\/news\/2013\/02\/04\/une-annee-en-perspectives-haussieres-pour-lor\/","og_site_name":"Gold.fr","article_publisher":"https:\/\/www.facebook.com\/Goldfr\/","article_published_time":"2013-02-04T08:00:49+00:00","article_modified_time":"2017-11-02T10:34:28+00:00","og_image":[{"width":600,"height":515,"url":"https:\/\/www.gold.fr\/news\/wp-content\/uploads\/2011\/10\/or.jpg","type":"image\/jpeg"}],"author":"Comptoir National de l'Or","twitter_card":"summary_large_image","twitter_misc":{"\u00c9crit par":"Comptoir National de l'Or","Dur\u00e9e de lecture estim\u00e9e":"1 minute"},"schema":{"@context":"https:\/\/schema.org","@graph":[{"@type":"Article","@id":"https:\/\/www.gold.fr\/news\/2013\/02\/04\/une-annee-en-perspectives-haussieres-pour-lor\/#article","isPartOf":{"@id":"https:\/\/www.gold.fr\/news\/2013\/02\/04\/une-annee-en-perspectives-haussieres-pour-lor\/"},"author":{"name":"Comptoir National de l'Or","@id":"https:\/\/www.gold.fr\/news\/#\/schema\/person\/070491b4b4fb7671bf59b3be20302ce9"},"headline":"Une ann\u00e9e en perspectives haussi\u00e8res pour l\u2019or","datePublished":"2013-02-04T08:00:49+00:00","dateModified":"2017-11-02T10:34:28+00:00","mainEntityOfPage":{"@id":"https:\/\/www.gold.fr\/news\/2013\/02\/04\/une-annee-en-perspectives-haussieres-pour-lor\/"},"wordCount":236,"commentCount":0,"image":{"@id":"https:\/\/www.gold.fr\/news\/2013\/02\/04\/une-annee-en-perspectives-haussieres-pour-lor\/#primaryimage"},"thumbnailUrl":"https:\/\/www.gold.fr\/news\/wp-content\/uploads\/2011\/10\/or.jpg","keywords":["Crise fiscale","Crise USA","hausse or"],"articleSection":["Articles de presse"],"inLanguage":"fr-FR"},{"@type":"WebPage","@id":"https:\/\/www.gold.fr\/news\/2013\/02\/04\/une-annee-en-perspectives-haussieres-pour-lor\/","url":"https:\/\/www.gold.fr\/news\/2013\/02\/04\/une-annee-en-perspectives-haussieres-pour-lor\/","name":"Une ann\u00e9e en perspectives haussi\u00e8res pour l\u2019or - Gold.fr","isPartOf":{"@id":"https:\/\/www.gold.fr\/news\/#website"},"primaryImageOfPage":{"@id":"https:\/\/www.gold.fr\/news\/2013\/02\/04\/une-annee-en-perspectives-haussieres-pour-lor\/#primaryimage"},"image":{"@id":"https:\/\/www.gold.fr\/news\/2013\/02\/04\/une-annee-en-perspectives-haussieres-pour-lor\/#primaryimage"},"thumbnailUrl":"https:\/\/www.gold.fr\/news\/wp-content\/uploads\/2011\/10\/or.jpg","datePublished":"2013-02-04T08:00:49+00:00","dateModified":"2017-11-02T10:34:28+00:00","author":{"@id":"https:\/\/www.gold.fr\/news\/#\/schema\/person\/070491b4b4fb7671bf59b3be20302ce9"},"breadcrumb":{"@id":"https:\/\/www.gold.fr\/news\/2013\/02\/04\/une-annee-en-perspectives-haussieres-pour-lor\/#breadcrumb"},"inLanguage":"fr-FR","potentialAction":[{"@type":"ReadAction","target":["https:\/\/www.gold.fr\/news\/2013\/02\/04\/une-annee-en-perspectives-haussieres-pour-lor\/"]}]},{"@type":"ImageObject","inLanguage":"fr-FR","@id":"https:\/\/www.gold.fr\/news\/2013\/02\/04\/une-annee-en-perspectives-haussieres-pour-lor\/#primaryimage","url":"https:\/\/www.gold.fr\/news\/wp-content\/uploads\/2011\/10\/or.jpg","contentUrl":"https:\/\/www.gold.fr\/news\/wp-content\/uploads\/2011\/10\/or.jpg","width":"600","height":"515","caption":"March\u00e9 de l\u2019or : Perspectives haussi\u00e8res \u00e0 moyen terme"},{"@type":"BreadcrumbList","@id":"https:\/\/www.gold.fr\/news\/2013\/02\/04\/une-annee-en-perspectives-haussieres-pour-lor\/#breadcrumb","itemListElement":[{"@type":"ListItem","position":1,"name":"Accueil","item":"https:\/\/www.gold.fr\/"},{"@type":"ListItem","position":2,"name":"Actualit\u00e9s","item":"https:\/\/www.gold.fr\/news\/"},{"@type":"ListItem","position":3,"name":"Une ann\u00e9e en perspectives haussi\u00e8res pour l\u2019or"}]},{"@type":"WebSite","@id":"https:\/\/www.gold.fr\/news\/#website","url":"https:\/\/www.gold.fr\/news\/","name":"Gold.fr","description":"Actualit\u00e9s de l&#039;Or et des m\u00e9taux pr\u00e9cieux","potentialAction":[{"@type":"SearchAction","target":{"@type":"EntryPoint","urlTemplate":"https:\/\/www.gold.fr\/news\/?s={search_term_string}"},"query-input":{"@type":"PropertyValueSpecification","valueRequired":true,"valueName":"search_term_string"}}],"inLanguage":"fr-FR"},{"@type":"Person","@id":"https:\/\/www.gold.fr\/news\/#\/schema\/person\/070491b4b4fb7671bf59b3be20302ce9","name":"Comptoir National de l'Or","image":{"@type":"ImageObject","inLanguage":"fr-FR","@id":"https:\/\/secure.gravatar.com\/avatar\/0a2867fd5abe37bed95d5a65e9d58f01756e11efc68af9888dfc50cfa7f65948?s=96&d=mm&r=gb490554db0a38188709de567aa58480d","url":"https:\/\/secure.gravatar.com\/avatar\/0a2867fd5abe37bed95d5a65e9d58f01756e11efc68af9888dfc50cfa7f65948?s=96&d=mm&r=g","contentUrl":"https:\/\/secure.gravatar.com\/avatar\/0a2867fd5abe37bed95d5a65e9d58f01756e11efc68af9888dfc50cfa7f65948?s=96&d=mm&r=g","caption":"Comptoir National de l'Or"},"description":"Notre r\u00e9daction est constitu\u00e9e de membres experts dans les m\u00e9tiers de l'\u00e9conomie et la gestion, des Responsables d'agence Comptoir National de l'Or, des analystes financiers qui publient r\u00e9guli\u00e8rement des \u00e9tudes sur les politiques des banques centrales, le cours de l'or, prix de l'or, cours de l'argent, prix de l'argent, cours du platine, cours du palladium,... la situation en zone euro et l'impact de la strat\u00e9gie mon\u00e9taire de la FED. Notre \u00e9quipe scrute \u00e9galement une information plus g\u00e9n\u00e9raliste \u00e0 la recherche d'actualit\u00e9 \"p\u00e9pite\" \u00e0 vous partager. Depuis 5 ans, nous avons publi\u00e9 un peu plus de 4000 articles qui s'adressent \u00e0 un public large et vari\u00e9 ayant pour objectif de satisfaire votre curiosit\u00e9 et de partager avec vous une certaine fascination pour le m\u00e9tal jaune, le rachat d'or, et pour ceux qui veulent investir dans l'or, vendre leur or tout simplement en savoir plus... Pour tous vos achat or et argent, n'h\u00e9sitez pas \u00e0 prendre rendez-vous dans l'un de nos nombreux comptoirs.","sameAs":["https:\/\/www.gold.fr"]}]}},"authors":[{"term_id":2565,"user_id":18,"is_guest":0,"slug":"julie","display_name":"Comptoir National de l'Or","avatar_url":"https:\/\/secure.gravatar.com\/avatar\/713f289e398d35ead876c4a4cc08607f0d6d266058cfc25683fffb6092d0e572?s=96&d=mm&r=g","0":null,"1":"","2":"","3":"","4":"","5":"","6":"","7":"","8":""}],"_links":{"self":[{"href":"https:\/\/www.gold.fr\/news\/wp-json\/wp\/v2\/posts\/10659","targetHints":{"allow":["GET"]}}],"collection":[{"href":"https:\/\/www.gold.fr\/news\/wp-json\/wp\/v2\/posts"}],"about":[{"href":"https:\/\/www.gold.fr\/news\/wp-json\/wp\/v2\/types\/post"}],"author":[{"embeddable":true,"href":"https:\/\/www.gold.fr\/news\/wp-json\/wp\/v2\/users\/18"}],"replies":[{"embeddable":true,"href":"https:\/\/www.gold.fr\/news\/wp-json\/wp\/v2\/comments?post=10659"}],"version-history":[{"count":0,"href":"https:\/\/www.gold.fr\/news\/wp-json\/wp\/v2\/posts\/10659\/revisions"}],"wp:featuredmedia":[{"embeddable":true,"href":"https:\/\/www.gold.fr\/news\/wp-json\/wp\/v2\/media\/2677"}],"wp:attachment":[{"href":"https:\/\/www.gold.fr\/news\/wp-json\/wp\/v2\/media?parent=10659"}],"wp:term":[{"taxonomy":"category","embeddable":true,"href":"https:\/\/www.gold.fr\/news\/wp-json\/wp\/v2\/categories?post=10659"},{"taxonomy":"post_tag","embeddable":true,"href":"https:\/\/www.gold.fr\/news\/wp-json\/wp\/v2\/tags?post=10659"},{"taxonomy":"author","embeddable":true,"href":"https:\/\/www.gold.fr\/news\/wp-json\/wp\/v2\/ppma_author?post=10659"}],"curies":[{"name":"wp","href":"https:\/\/api.w.org\/{rel}","templated":true}]}}