{"id":10582,"date":"2013-01-30T09:00:20","date_gmt":"2013-01-30T08:00:20","guid":{"rendered":"https:\/\/www.gold.fr\/news\/?p=10582"},"modified":"2017-11-02T11:34:30","modified_gmt":"2017-11-02T10:34:30","slug":"histoire-de-lor-lor-dans-la-civilisation-europeenne-premiere-partie","status":"publish","type":"post","link":"https:\/\/www.gold.fr\/news\/2013\/01\/30\/histoire-de-lor-lor-dans-la-civilisation-europeenne-premiere-partie\/","title":{"rendered":"Histoire de l\u2019or &#8211; L&rsquo;or dans la civilisation europ\u00e9enne (Premi\u00e8re Partie)"},"content":{"rendered":"<p><span style=\"font-size: small;\"><img loading=\"lazy\" decoding=\"async\" class=\"alignleft size-thumbnail wp-image-5011\" title=\"Histoire de l\u2019or - L'or dans la civilisation europ\u00e9enne (Premi\u00e8re Partie)\" src=\"https:\/\/www.gold.fr\/news\/wp-content\/uploads\/2012\/01\/Europe-150x150.jpg\" alt=\"\" width=\"150\" height=\"150\" \/>L&rsquo;histoire des europ\u00e9ens avec l&rsquo;<a href='https:\/\/www.gold.fr\/news\/tags\/or' class='esk-seo-plu-link'>or<\/a> d\u00e9bute dans un bain de sang et des exp\u00e9ditions marqu\u00e9es par les pillages et une passion fr\u00e9n\u00e9tique pour la relique barbare.<\/span>    <span style=\"font-size: small;\">C&rsquo;est <strong>Christophe Colomb<\/strong> lui-m\u00eame qui ouvre le bal, avec des exp\u00e9ditions parfaitement pacifiques et essentiellement centr\u00e9es sur la recherche de nouvelles terres. Pourtant, <a title=\"Origine de la ru\u00e9e vers l\u2019or\" href=\"https:\/\/www.gold.fr\/news\/2012\/08\/29\/origine-de-la-ruee-vers-lor-1ere-partie\/8980\/\" target=\"_blank\">la ru\u00e9e vers l\u2019or<\/a> et sa recherche permanente demeure l&rsquo;une des raisons \u00ab <em>cach\u00e9es<\/em> \u00bb de ces explorations. Toutefois, des trois exp\u00e9ditions de Colomb \u00e0 l&rsquo;\u00e9poque, aucune ne ramena les tr\u00e9sors d&rsquo;<a href='https:\/\/www.gold.fr\/news\/tags\/or' class='esk-seo-plu-link'>or<\/a> esp\u00e9r\u00e9s.<\/span>    <span style=\"font-size: small;\">Ce seront finalement <strong>les conquistadors<\/strong> qui auront cet honneur, ouvrant \u00e0 <strong>l&rsquo;Europe<\/strong> les portes d&rsquo;un nouveau monde charg\u00e9 de tr\u00e9sors de toutes sortes, mais surtout de <a href='https:\/\/www.gold.fr\/news\/tags\/or' class='esk-seo-plu-link'>m\u00e9tal jaune<\/a> en profusion. Et les conquistadors en extirperont autant qu&rsquo;ils pourront, au d\u00e9triment m\u00eame de la population locale qui payera tr\u00e8s cher de sa vie et de sa s\u00e9curit\u00e9. Massacres et pillages jonchent cette page de l&rsquo;histoire qui profite surtout aux europ\u00e9ens ; entre bijoux, parures et objets d&rsquo;<a href='https:\/\/www.gold.fr\/news\/tags\/or' class='esk-seo-plu-link'>or<\/a> en tous genres, il y avait en <strong>Am\u00e9rique<\/strong> de quoi faire la fortune des plus grands rois d&rsquo;Europe.<\/span>    <span style=\"font-size: small;\">D&rsquo;ailleurs, la r\u00e9partition du pactole est toujours la m\u00eame, par ordre d&rsquo;importance ; le roi (qui rafle toujours le <strong>1\/5 du tr\u00e9sor<\/strong>), puis les conquistadors, avant de distribuer le reste aux membres de l&rsquo;exp\u00e9dition selon de leur rang hi\u00e9rarchique dans l&rsquo;exp\u00e9dition.<\/span><\/p>\n<!-- AddThis Advanced Settings generic via filter on the_content --><!-- AddThis Share Buttons generic via filter on the_content -->","protected":false},"excerpt":{"rendered":"<p>L&rsquo;histoire des europ\u00e9ens avec l&rsquo;or d\u00e9bute dans un bain de sang et des exp\u00e9ditions marqu\u00e9es par les pillages et une passion fr\u00e9n\u00e9tique pour la relique barbare. C&rsquo;est Christophe Colomb lui-m\u00eame qui ouvre le bal, avec des [&hellip;]<\/p>\n","protected":false},"author":18,"featured_media":5011,"comment_status":"open","ping_status":"open","sticky":false,"template":"","format":"standard","meta":{"_mbp_gutenberg_autopost":false,"_pgmb_is_evergreen":false,"_pgmb_ap_template_id":0,"footnotes":""},"categories":[6],"tags":[1079,242,124],"ppma_author":[2565],"class_list":["post-10582","post","type-post","status-publish","format-standard","has-post-thumbnail","hentry","category-articles-de-presse","tag-christophe-colomb","tag-europe","tag-histoire-de-lor-2"],"yoast_head":"<!-- This site is optimized with the Yoast SEO plugin v27.5 - https:\/\/yoast.com\/product\/yoast-seo-wordpress\/ -->\n<title>Histoire de l\u2019or - L&#039;or dans la civilisation europ\u00e9enne (Premi\u00e8re Partie) - Gold.fr<\/title>\n<meta name=\"robots\" content=\"index, follow, max-snippet:-1, max-image-preview:large, max-video-preview:-1\" \/>\n<link rel=\"canonical\" href=\"https:\/\/www.gold.fr\/news\/2013\/01\/30\/histoire-de-lor-lor-dans-la-civilisation-europeenne-premiere-partie\/\" \/>\n<meta property=\"og:locale\" content=\"fr_FR\" \/>\n<meta property=\"og:type\" content=\"article\" \/>\n<meta property=\"og:title\" content=\"Histoire de l\u2019or - L&#039;or dans la civilisation europ\u00e9enne (Premi\u00e8re Partie) - Gold.fr\" \/>\n<meta property=\"og:description\" content=\"L&rsquo;histoire des europ\u00e9ens avec l&rsquo;or d\u00e9bute dans un bain de sang et des exp\u00e9ditions marqu\u00e9es par les pillages et une passion fr\u00e9n\u00e9tique pour la relique barbare. C&rsquo;est Christophe Colomb lui-m\u00eame qui ouvre le bal, avec des [&hellip;]\" \/>\n<meta property=\"og:url\" content=\"https:\/\/www.gold.fr\/news\/2013\/01\/30\/histoire-de-lor-lor-dans-la-civilisation-europeenne-premiere-partie\/\" \/>\n<meta property=\"og:site_name\" content=\"Gold.fr\" \/>\n<meta property=\"article:publisher\" content=\"https:\/\/www.facebook.com\/Goldfr\/\" \/>\n<meta property=\"article:published_time\" content=\"2013-01-30T08:00:20+00:00\" \/>\n<meta property=\"article:modified_time\" content=\"2017-11-02T10:34:30+00:00\" \/>\n<meta property=\"og:image\" content=\"https:\/\/www.gold.fr\/news\/wp-content\/uploads\/2012\/01\/Europe.jpg\" \/>\n\t<meta property=\"og:image:width\" content=\"600\" \/>\n\t<meta property=\"og:image:height\" content=\"417\" \/>\n\t<meta property=\"og:image:type\" content=\"image\/jpeg\" \/>\n<meta name=\"author\" content=\"Comptoir National de l&#039;Or\" \/>\n<meta name=\"twitter:card\" content=\"summary_large_image\" \/>\n<meta name=\"twitter:label1\" content=\"\u00c9crit par\" \/>\n\t<meta name=\"twitter:data1\" content=\"Comptoir National de l&#039;Or\" \/>\n\t<meta name=\"twitter:label2\" content=\"Dur\u00e9e de lecture estim\u00e9e\" \/>\n\t<meta name=\"twitter:data2\" content=\"1 minute\" \/>\n<script type=\"application\/ld+json\" class=\"yoast-schema-graph\">{\"@context\":\"https:\\\/\\\/schema.org\",\"@graph\":[{\"@type\":\"Article\",\"@id\":\"https:\\\/\\\/www.gold.fr\\\/news\\\/2013\\\/01\\\/30\\\/histoire-de-lor-lor-dans-la-civilisation-europeenne-premiere-partie\\\/#article\",\"isPartOf\":{\"@id\":\"https:\\\/\\\/www.gold.fr\\\/news\\\/2013\\\/01\\\/30\\\/histoire-de-lor-lor-dans-la-civilisation-europeenne-premiere-partie\\\/\"},\"author\":{\"name\":\"Comptoir National de l'Or\",\"@id\":\"https:\\\/\\\/www.gold.fr\\\/news\\\/#\\\/schema\\\/person\\\/070491b4b4fb7671bf59b3be20302ce9\"},\"headline\":\"Histoire de l\u2019or &#8211; L&rsquo;or dans la civilisation europ\u00e9enne (Premi\u00e8re Partie)\",\"datePublished\":\"2013-01-30T08:00:20+00:00\",\"dateModified\":\"2017-11-02T10:34:30+00:00\",\"mainEntityOfPage\":{\"@id\":\"https:\\\/\\\/www.gold.fr\\\/news\\\/2013\\\/01\\\/30\\\/histoire-de-lor-lor-dans-la-civilisation-europeenne-premiere-partie\\\/\"},\"wordCount\":271,\"commentCount\":0,\"image\":{\"@id\":\"https:\\\/\\\/www.gold.fr\\\/news\\\/2013\\\/01\\\/30\\\/histoire-de-lor-lor-dans-la-civilisation-europeenne-premiere-partie\\\/#primaryimage\"},\"thumbnailUrl\":\"https:\\\/\\\/www.gold.fr\\\/news\\\/wp-content\\\/uploads\\\/2012\\\/01\\\/Europe.jpg\",\"keywords\":[\"Christophe Colomb\",\"europe\",\"histoire de l'or\"],\"articleSection\":[\"Articles de presse\"],\"inLanguage\":\"fr-FR\"},{\"@type\":\"WebPage\",\"@id\":\"https:\\\/\\\/www.gold.fr\\\/news\\\/2013\\\/01\\\/30\\\/histoire-de-lor-lor-dans-la-civilisation-europeenne-premiere-partie\\\/\",\"url\":\"https:\\\/\\\/www.gold.fr\\\/news\\\/2013\\\/01\\\/30\\\/histoire-de-lor-lor-dans-la-civilisation-europeenne-premiere-partie\\\/\",\"name\":\"Histoire de l\u2019or - L'or dans la civilisation europ\u00e9enne (Premi\u00e8re Partie) - Gold.fr\",\"isPartOf\":{\"@id\":\"https:\\\/\\\/www.gold.fr\\\/news\\\/#website\"},\"primaryImageOfPage\":{\"@id\":\"https:\\\/\\\/www.gold.fr\\\/news\\\/2013\\\/01\\\/30\\\/histoire-de-lor-lor-dans-la-civilisation-europeenne-premiere-partie\\\/#primaryimage\"},\"image\":{\"@id\":\"https:\\\/\\\/www.gold.fr\\\/news\\\/2013\\\/01\\\/30\\\/histoire-de-lor-lor-dans-la-civilisation-europeenne-premiere-partie\\\/#primaryimage\"},\"thumbnailUrl\":\"https:\\\/\\\/www.gold.fr\\\/news\\\/wp-content\\\/uploads\\\/2012\\\/01\\\/Europe.jpg\",\"datePublished\":\"2013-01-30T08:00:20+00:00\",\"dateModified\":\"2017-11-02T10:34:30+00:00\",\"author\":{\"@id\":\"https:\\\/\\\/www.gold.fr\\\/news\\\/#\\\/schema\\\/person\\\/070491b4b4fb7671bf59b3be20302ce9\"},\"breadcrumb\":{\"@id\":\"https:\\\/\\\/www.gold.fr\\\/news\\\/2013\\\/01\\\/30\\\/histoire-de-lor-lor-dans-la-civilisation-europeenne-premiere-partie\\\/#breadcrumb\"},\"inLanguage\":\"fr-FR\",\"potentialAction\":[{\"@type\":\"ReadAction\",\"target\":[\"https:\\\/\\\/www.gold.fr\\\/news\\\/2013\\\/01\\\/30\\\/histoire-de-lor-lor-dans-la-civilisation-europeenne-premiere-partie\\\/\"]}]},{\"@type\":\"ImageObject\",\"inLanguage\":\"fr-FR\",\"@id\":\"https:\\\/\\\/www.gold.fr\\\/news\\\/2013\\\/01\\\/30\\\/histoire-de-lor-lor-dans-la-civilisation-europeenne-premiere-partie\\\/#primaryimage\",\"url\":\"https:\\\/\\\/www.gold.fr\\\/news\\\/wp-content\\\/uploads\\\/2012\\\/01\\\/Europe.jpg\",\"contentUrl\":\"https:\\\/\\\/www.gold.fr\\\/news\\\/wp-content\\\/uploads\\\/2012\\\/01\\\/Europe.jpg\",\"width\":\"600\",\"height\":\"417\"},{\"@type\":\"BreadcrumbList\",\"@id\":\"https:\\\/\\\/www.gold.fr\\\/news\\\/2013\\\/01\\\/30\\\/histoire-de-lor-lor-dans-la-civilisation-europeenne-premiere-partie\\\/#breadcrumb\",\"itemListElement\":[{\"@type\":\"ListItem\",\"position\":1,\"name\":\"Accueil\",\"item\":\"https:\\\/\\\/www.gold.fr\\\/\"},{\"@type\":\"ListItem\",\"position\":2,\"name\":\"Actualit\u00e9s\",\"item\":\"https:\\\/\\\/www.gold.fr\\\/news\\\/\"},{\"@type\":\"ListItem\",\"position\":3,\"name\":\"Histoire de l\u2019or &#8211; L&rsquo;or dans la civilisation europ\u00e9enne (Premi\u00e8re Partie)\"}]},{\"@type\":\"WebSite\",\"@id\":\"https:\\\/\\\/www.gold.fr\\\/news\\\/#website\",\"url\":\"https:\\\/\\\/www.gold.fr\\\/news\\\/\",\"name\":\"Gold.fr\",\"description\":\"Actualit\u00e9s de l&#039;Or et des m\u00e9taux pr\u00e9cieux\",\"potentialAction\":[{\"@type\":\"SearchAction\",\"target\":{\"@type\":\"EntryPoint\",\"urlTemplate\":\"https:\\\/\\\/www.gold.fr\\\/news\\\/?s={search_term_string}\"},\"query-input\":{\"@type\":\"PropertyValueSpecification\",\"valueRequired\":true,\"valueName\":\"search_term_string\"}}],\"inLanguage\":\"fr-FR\"},{\"@type\":\"Person\",\"@id\":\"https:\\\/\\\/www.gold.fr\\\/news\\\/#\\\/schema\\\/person\\\/070491b4b4fb7671bf59b3be20302ce9\",\"name\":\"Comptoir National de l'Or\",\"image\":{\"@type\":\"ImageObject\",\"inLanguage\":\"fr-FR\",\"@id\":\"https:\\\/\\\/secure.gravatar.com\\\/avatar\\\/0a2867fd5abe37bed95d5a65e9d58f01756e11efc68af9888dfc50cfa7f65948?s=96&d=mm&r=gb490554db0a38188709de567aa58480d\",\"url\":\"https:\\\/\\\/secure.gravatar.com\\\/avatar\\\/0a2867fd5abe37bed95d5a65e9d58f01756e11efc68af9888dfc50cfa7f65948?s=96&d=mm&r=g\",\"contentUrl\":\"https:\\\/\\\/secure.gravatar.com\\\/avatar\\\/0a2867fd5abe37bed95d5a65e9d58f01756e11efc68af9888dfc50cfa7f65948?s=96&d=mm&r=g\",\"caption\":\"Comptoir National de l'Or\"},\"description\":\"Notre r\u00e9daction est constitu\u00e9e de membres experts dans les m\u00e9tiers de l'\u00e9conomie et la gestion, des Responsables d'agence Comptoir National de l'Or, des analystes financiers qui publient r\u00e9guli\u00e8rement des \u00e9tudes sur les politiques des banques centrales, le cours de l'or, prix de l'or, cours de l'argent, prix de l'argent, cours du platine, cours du palladium,... la situation en zone euro et l'impact de la strat\u00e9gie mon\u00e9taire de la FED. Notre \u00e9quipe scrute \u00e9galement une information plus g\u00e9n\u00e9raliste \u00e0 la recherche d'actualit\u00e9 \\\"p\u00e9pite\\\" \u00e0 vous partager. Depuis 5 ans, nous avons publi\u00e9 un peu plus de 4000 articles qui s'adressent \u00e0 un public large et vari\u00e9 ayant pour objectif de satisfaire votre curiosit\u00e9 et de partager avec vous une certaine fascination pour le m\u00e9tal jaune, le rachat d'or, et pour ceux qui veulent investir dans l'or, vendre leur or tout simplement en savoir plus... Pour tous vos achat or et argent, n'h\u00e9sitez pas \u00e0 prendre rendez-vous dans l'un de nos nombreux comptoirs.\",\"sameAs\":[\"https:\\\/\\\/www.gold.fr\"]}]}<\/script>\n<!-- \/ Yoast SEO plugin. -->","yoast_head_json":{"title":"Histoire de l\u2019or - L'or dans la civilisation europ\u00e9enne (Premi\u00e8re Partie) - Gold.fr","robots":{"index":"index","follow":"follow","max-snippet":"max-snippet:-1","max-image-preview":"max-image-preview:large","max-video-preview":"max-video-preview:-1"},"canonical":"https:\/\/www.gold.fr\/news\/2013\/01\/30\/histoire-de-lor-lor-dans-la-civilisation-europeenne-premiere-partie\/","og_locale":"fr_FR","og_type":"article","og_title":"Histoire de l\u2019or - L'or dans la civilisation europ\u00e9enne (Premi\u00e8re Partie) - Gold.fr","og_description":"L&rsquo;histoire des europ\u00e9ens avec l&rsquo;or d\u00e9bute dans un bain de sang et des exp\u00e9ditions marqu\u00e9es par les pillages et une passion fr\u00e9n\u00e9tique pour la relique barbare. C&rsquo;est Christophe Colomb lui-m\u00eame qui ouvre le bal, avec des [&hellip;]","og_url":"https:\/\/www.gold.fr\/news\/2013\/01\/30\/histoire-de-lor-lor-dans-la-civilisation-europeenne-premiere-partie\/","og_site_name":"Gold.fr","article_publisher":"https:\/\/www.facebook.com\/Goldfr\/","article_published_time":"2013-01-30T08:00:20+00:00","article_modified_time":"2017-11-02T10:34:30+00:00","og_image":[{"width":600,"height":417,"url":"https:\/\/www.gold.fr\/news\/wp-content\/uploads\/2012\/01\/Europe.jpg","type":"image\/jpeg"}],"author":"Comptoir National de l'Or","twitter_card":"summary_large_image","twitter_misc":{"\u00c9crit par":"Comptoir National de l'Or","Dur\u00e9e de lecture estim\u00e9e":"1 minute"},"schema":{"@context":"https:\/\/schema.org","@graph":[{"@type":"Article","@id":"https:\/\/www.gold.fr\/news\/2013\/01\/30\/histoire-de-lor-lor-dans-la-civilisation-europeenne-premiere-partie\/#article","isPartOf":{"@id":"https:\/\/www.gold.fr\/news\/2013\/01\/30\/histoire-de-lor-lor-dans-la-civilisation-europeenne-premiere-partie\/"},"author":{"name":"Comptoir National de l'Or","@id":"https:\/\/www.gold.fr\/news\/#\/schema\/person\/070491b4b4fb7671bf59b3be20302ce9"},"headline":"Histoire de l\u2019or &#8211; L&rsquo;or dans la civilisation europ\u00e9enne (Premi\u00e8re Partie)","datePublished":"2013-01-30T08:00:20+00:00","dateModified":"2017-11-02T10:34:30+00:00","mainEntityOfPage":{"@id":"https:\/\/www.gold.fr\/news\/2013\/01\/30\/histoire-de-lor-lor-dans-la-civilisation-europeenne-premiere-partie\/"},"wordCount":271,"commentCount":0,"image":{"@id":"https:\/\/www.gold.fr\/news\/2013\/01\/30\/histoire-de-lor-lor-dans-la-civilisation-europeenne-premiere-partie\/#primaryimage"},"thumbnailUrl":"https:\/\/www.gold.fr\/news\/wp-content\/uploads\/2012\/01\/Europe.jpg","keywords":["Christophe Colomb","europe","histoire de l'or"],"articleSection":["Articles de presse"],"inLanguage":"fr-FR"},{"@type":"WebPage","@id":"https:\/\/www.gold.fr\/news\/2013\/01\/30\/histoire-de-lor-lor-dans-la-civilisation-europeenne-premiere-partie\/","url":"https:\/\/www.gold.fr\/news\/2013\/01\/30\/histoire-de-lor-lor-dans-la-civilisation-europeenne-premiere-partie\/","name":"Histoire de l\u2019or - L'or dans la civilisation europ\u00e9enne (Premi\u00e8re Partie) - Gold.fr","isPartOf":{"@id":"https:\/\/www.gold.fr\/news\/#website"},"primaryImageOfPage":{"@id":"https:\/\/www.gold.fr\/news\/2013\/01\/30\/histoire-de-lor-lor-dans-la-civilisation-europeenne-premiere-partie\/#primaryimage"},"image":{"@id":"https:\/\/www.gold.fr\/news\/2013\/01\/30\/histoire-de-lor-lor-dans-la-civilisation-europeenne-premiere-partie\/#primaryimage"},"thumbnailUrl":"https:\/\/www.gold.fr\/news\/wp-content\/uploads\/2012\/01\/Europe.jpg","datePublished":"2013-01-30T08:00:20+00:00","dateModified":"2017-11-02T10:34:30+00:00","author":{"@id":"https:\/\/www.gold.fr\/news\/#\/schema\/person\/070491b4b4fb7671bf59b3be20302ce9"},"breadcrumb":{"@id":"https:\/\/www.gold.fr\/news\/2013\/01\/30\/histoire-de-lor-lor-dans-la-civilisation-europeenne-premiere-partie\/#breadcrumb"},"inLanguage":"fr-FR","potentialAction":[{"@type":"ReadAction","target":["https:\/\/www.gold.fr\/news\/2013\/01\/30\/histoire-de-lor-lor-dans-la-civilisation-europeenne-premiere-partie\/"]}]},{"@type":"ImageObject","inLanguage":"fr-FR","@id":"https:\/\/www.gold.fr\/news\/2013\/01\/30\/histoire-de-lor-lor-dans-la-civilisation-europeenne-premiere-partie\/#primaryimage","url":"https:\/\/www.gold.fr\/news\/wp-content\/uploads\/2012\/01\/Europe.jpg","contentUrl":"https:\/\/www.gold.fr\/news\/wp-content\/uploads\/2012\/01\/Europe.jpg","width":"600","height":"417"},{"@type":"BreadcrumbList","@id":"https:\/\/www.gold.fr\/news\/2013\/01\/30\/histoire-de-lor-lor-dans-la-civilisation-europeenne-premiere-partie\/#breadcrumb","itemListElement":[{"@type":"ListItem","position":1,"name":"Accueil","item":"https:\/\/www.gold.fr\/"},{"@type":"ListItem","position":2,"name":"Actualit\u00e9s","item":"https:\/\/www.gold.fr\/news\/"},{"@type":"ListItem","position":3,"name":"Histoire de l\u2019or &#8211; L&rsquo;or dans la civilisation europ\u00e9enne (Premi\u00e8re Partie)"}]},{"@type":"WebSite","@id":"https:\/\/www.gold.fr\/news\/#website","url":"https:\/\/www.gold.fr\/news\/","name":"Gold.fr","description":"Actualit\u00e9s de l&#039;Or et des m\u00e9taux pr\u00e9cieux","potentialAction":[{"@type":"SearchAction","target":{"@type":"EntryPoint","urlTemplate":"https:\/\/www.gold.fr\/news\/?s={search_term_string}"},"query-input":{"@type":"PropertyValueSpecification","valueRequired":true,"valueName":"search_term_string"}}],"inLanguage":"fr-FR"},{"@type":"Person","@id":"https:\/\/www.gold.fr\/news\/#\/schema\/person\/070491b4b4fb7671bf59b3be20302ce9","name":"Comptoir National de l'Or","image":{"@type":"ImageObject","inLanguage":"fr-FR","@id":"https:\/\/secure.gravatar.com\/avatar\/0a2867fd5abe37bed95d5a65e9d58f01756e11efc68af9888dfc50cfa7f65948?s=96&d=mm&r=gb490554db0a38188709de567aa58480d","url":"https:\/\/secure.gravatar.com\/avatar\/0a2867fd5abe37bed95d5a65e9d58f01756e11efc68af9888dfc50cfa7f65948?s=96&d=mm&r=g","contentUrl":"https:\/\/secure.gravatar.com\/avatar\/0a2867fd5abe37bed95d5a65e9d58f01756e11efc68af9888dfc50cfa7f65948?s=96&d=mm&r=g","caption":"Comptoir National de l'Or"},"description":"Notre r\u00e9daction est constitu\u00e9e de membres experts dans les m\u00e9tiers de l'\u00e9conomie et la gestion, des Responsables d'agence Comptoir National de l'Or, des analystes financiers qui publient r\u00e9guli\u00e8rement des \u00e9tudes sur les politiques des banques centrales, le cours de l'or, prix de l'or, cours de l'argent, prix de l'argent, cours du platine, cours du palladium,... la situation en zone euro et l'impact de la strat\u00e9gie mon\u00e9taire de la FED. Notre \u00e9quipe scrute \u00e9galement une information plus g\u00e9n\u00e9raliste \u00e0 la recherche d'actualit\u00e9 \"p\u00e9pite\" \u00e0 vous partager. Depuis 5 ans, nous avons publi\u00e9 un peu plus de 4000 articles qui s'adressent \u00e0 un public large et vari\u00e9 ayant pour objectif de satisfaire votre curiosit\u00e9 et de partager avec vous une certaine fascination pour le m\u00e9tal jaune, le rachat d'or, et pour ceux qui veulent investir dans l'or, vendre leur or tout simplement en savoir plus... Pour tous vos achat or et argent, n'h\u00e9sitez pas \u00e0 prendre rendez-vous dans l'un de nos nombreux comptoirs.","sameAs":["https:\/\/www.gold.fr"]}]}},"authors":[{"term_id":2565,"user_id":18,"is_guest":0,"slug":"julie","display_name":"Comptoir National de l'Or","avatar_url":"https:\/\/secure.gravatar.com\/avatar\/713f289e398d35ead876c4a4cc08607f0d6d266058cfc25683fffb6092d0e572?s=96&d=mm&r=g","0":null,"1":"","2":"","3":"","4":"","5":"","6":"","7":"","8":""}],"_links":{"self":[{"href":"https:\/\/www.gold.fr\/news\/wp-json\/wp\/v2\/posts\/10582","targetHints":{"allow":["GET"]}}],"collection":[{"href":"https:\/\/www.gold.fr\/news\/wp-json\/wp\/v2\/posts"}],"about":[{"href":"https:\/\/www.gold.fr\/news\/wp-json\/wp\/v2\/types\/post"}],"author":[{"embeddable":true,"href":"https:\/\/www.gold.fr\/news\/wp-json\/wp\/v2\/users\/18"}],"replies":[{"embeddable":true,"href":"https:\/\/www.gold.fr\/news\/wp-json\/wp\/v2\/comments?post=10582"}],"version-history":[{"count":0,"href":"https:\/\/www.gold.fr\/news\/wp-json\/wp\/v2\/posts\/10582\/revisions"}],"wp:featuredmedia":[{"embeddable":true,"href":"https:\/\/www.gold.fr\/news\/wp-json\/wp\/v2\/media\/5011"}],"wp:attachment":[{"href":"https:\/\/www.gold.fr\/news\/wp-json\/wp\/v2\/media?parent=10582"}],"wp:term":[{"taxonomy":"category","embeddable":true,"href":"https:\/\/www.gold.fr\/news\/wp-json\/wp\/v2\/categories?post=10582"},{"taxonomy":"post_tag","embeddable":true,"href":"https:\/\/www.gold.fr\/news\/wp-json\/wp\/v2\/tags?post=10582"},{"taxonomy":"author","embeddable":true,"href":"https:\/\/www.gold.fr\/news\/wp-json\/wp\/v2\/ppma_author?post=10582"}],"curies":[{"name":"wp","href":"https:\/\/api.w.org\/{rel}","templated":true}]}}