{"id":10555,"date":"2013-01-25T13:10:55","date_gmt":"2013-01-25T12:10:55","guid":{"rendered":"https:\/\/www.gold.fr\/news\/?p=10555"},"modified":"2020-06-30T13:21:49","modified_gmt":"2020-06-30T11:21:49","slug":"or-placement-favori-malgre-la-correction","status":"publish","type":"post","link":"https:\/\/www.gold.fr\/news\/2013\/01\/25\/or-placement-favori-malgre-la-correction\/","title":{"rendered":"Or : Placement favori malgr\u00e9 la correction !"},"content":{"rendered":"<p><span style=\"font-size: small;\"><img loading=\"lazy\" decoding=\"async\" class=\"aligncenter wp-image-5765 size-thumbnail\" style=\"float: left; margin: 5px; border: 1px solid black;\" title=\"Investissement Or\" src=\"https:\/\/www.gold.fr\/news\/wp-content\/uploads\/2012\/02\/Or-investissement-298x298.jpg\" alt=\"Investissement Or\" width=\"298\" height=\"298\" srcset=\"https:\/\/www.gold.fr\/news\/wp-content\/uploads\/2012\/02\/Or-investissement-298x298.jpg 298w, https:\/\/www.gold.fr\/news\/wp-content\/uploads\/2012\/02\/Or-investissement-1x1.jpg 1w, https:\/\/www.gold.fr\/news\/wp-content\/uploads\/2012\/02\/Or-investissement-266x266.jpg 266w\" sizes=\"auto, (max-width: 298px) 100vw, 298px\" \/>Depuis deux mois, le <a class=\"esk-seo-plu-link\" href=\"https:\/\/www.gold.fr\/news\/tags\/cours-de-lor\">cours de l&rsquo;or<\/a> subi une r\u00e9elle asphyxie, rappelons nous <a title=\"Cours de l'Or du 28 novembre 2012\" href=\"https:\/\/www.gold.fr\/news\/2012\/11\/28\/laccord-de-la-grece-calme-les-ardeurs\/9989\/\" target=\"_blank\" rel=\"noopener noreferrer\">la chute brutale du 28 novembre dernier<\/a> : en l&rsquo;espace d&rsquo;une minute <strong>le <a class=\"esk-seo-plu-link\" href=\"https:\/\/www.gold.fr\/news\/tags\/or\">m\u00e9tal jaune<\/a> a perdu 26.6 dollars enregistrant 1705 dollars l&rsquo;once<\/strong>. Il y aurait eu apparemment, pendant ce laps de temps un ordre de vente d&rsquo;<a class=\"esk-seo-plu-link\" href=\"https:\/\/www.gold.fr\/news\/tags\/or\">or<\/a> \u00e0 7800 contrats, soit un \u00e9change de volume de l&rsquo;ordre de 35%. Ce mouvement a suscit\u00e9 un bon nombre de r\u00e9actions du monde financier. De l&rsquo;hypoth\u00e8se d&rsquo;un \u00ab\u00a0fat finger\u00a0\u00bb \u00e0 la tentative d&rsquo;accusation de la Chine d&rsquo;une manipulation \u00ab\u00a0organis\u00e9e\u00a0\u00bb ou m\u00eame d&rsquo;une strat\u00e9gie \u00ab\u00a0short\u00a0\u00bb d&rsquo;un intervenant voulant r\u00e9aliser des profits dans la m\u00eame journ\u00e9e, tout y est pass\u00e9. Depuis, les <a class=\"esk-seo-plu-link\" href=\"https:\/\/www.gold.fr\/news\/tags\/cours-de-lor\">cours de l&rsquo;or<\/a> continuent de baisser en alternance avec <\/span><span style=\"font-size: small;\">de l\u00e9g\u00e8res remont\u00e9es.<\/span> <span style=\"font-size: small;\">Certains \u00e9voquent l&rsquo;hypoth\u00e8se d&rsquo;une manipulation, et d&rsquo;autres tels que Jim Rogers, c\u00e9l\u00e8bre financier am\u00e9ricain, parle de correction de l&rsquo;<a class=\"esk-seo-plu-link\" href=\"https:\/\/www.gold.fr\/news\/tags\/or\">or<\/a>. Pourtant, la progression escompt\u00e9e du <a class=\"esk-seo-plu-link\" href=\"https:\/\/www.gold.fr\/news\/tags\/cours-de-lor\">cours de l&rsquo;or<\/a> suite \u00e0 l&rsquo;annonce d&rsquo;un quatri\u00e8me plan d&rsquo;assouplissement mon\u00e9taire, n&rsquo;a pas eu lieu. Donc, tout porte \u00e0 croire que le gouvernement am\u00e9ricain use de tous ses moyens pour endiguer les cours du <a class=\"esk-seo-plu-link\" href=\"https:\/\/www.gold.fr\/news\/tags\/or\">m\u00e9tal jaune<\/a>, afin de pr\u00e9server la confiance des investisseurs dans la monnaie de r\u00e9serve internationale qu&rsquo;est le dollar.<\/span> <span style=\"font-size: small;\">En r\u00e9alit\u00e9, cette strat\u00e9gie ne peut pas durer \u00e9ternellement, puisque le comit\u00e9 de B\u00e2le III vise une remon\u00e9tisation de l&rsquo;<a class=\"esk-seo-plu-link\" href=\"https:\/\/www.gold.fr\/news\/tags\/or\">or<\/a>, autrement dit, celui ci sera comptabilis\u00e9 \u00e0 100% de sa valeur en tant que fonds propres bancaires et non plus \u00e0 50% comme pr\u00e9c\u00e9demment. Le <a class=\"esk-seo-plu-link\" href=\"https:\/\/www.gold.fr\/news\/tags\/or\">m\u00e9tal jaune<\/a> devient par cons\u00e9quent un actif mon\u00e9taire \u00e0 part enti\u00e8re. <strong>Les banques auront donc tout int\u00e9r\u00eat \u00e0 int\u00e9grer davantage d&rsquo;<a class=\"esk-seo-plu-link\" href=\"https:\/\/www.gold.fr\/news\/tags\/or\">or<\/a> dans leur stock \u00e0 la place d&rsquo;obligations et m\u00eame des devises telles que l&rsquo;Euro et le Dollar<\/strong>. Comme dit John Butler, directeur de la strat\u00e9gie d&rsquo;allocations d&rsquo;actif de la Deutsche Bank \u00ab\u00a0&#8230;Pour la premi\u00e8re fois l&rsquo;<a class=\"esk-seo-plu-link\" href=\"https:\/\/www.gold.fr\/news\/tags\/or\">or<\/a> physique serait class\u00e9 au m\u00eame rang que le cash en dollar, les bons du Tr\u00e9sor am\u00e9ricains et d&rsquo;autres actifs explicitement garantis par le gouvernement f\u00e9d\u00e9ral\u201d. Cette d\u00e9cision est bien \u00e9videmment tr\u00e8s mal accueillie par la FED, ce qui est parfaitement compr\u00e9hensible, d&rsquo;autant plus que d&rsquo;ores et d\u00e9j\u00e0, le parlement europ\u00e9en a vot\u00e9 en faveur de l&rsquo;utilisation de l&rsquo;<a class=\"esk-seo-plu-link\" href=\"https:\/\/www.gold.fr\/news\/tags\/or\">or<\/a> comme collat\u00e9ral par les banques centrales.<\/span> <span style=\"font-size: small;\">Par ailleurs et ind\u00e9pendamment de toute r\u00e8glementation, Egon von Greyerz, fondateur de Materhorn Asset Management explique que l&rsquo;<a class=\"esk-seo-plu-link\" href=\"https:\/\/www.gold.fr\/news\/tags\/or\">or<\/a> a conserv\u00e9 son pouvoir d&rsquo;achat durant ces 5000 derni\u00e8res ann\u00e9es. Il recommande donc aux investisseurs, de <a title=\"Investir dans l'Or\" href=\"https:\/\/www.gold.fr\/achat-or\/\" target=\"_blank\" rel=\"noopener noreferrer\">placer un minimum \u00a0de 50% de leur patrimoine en or<\/a>, sachant que dans les ann\u00e9es qui viennent l&rsquo;\u00e9cart des rendements r\u00e9els avec ceux des autres placements financiers sera vertigineux ! Si les chinois et autres g\u00e9ants du globe appliquent ces pr\u00e9cieuses recommandations \u00e0 la lettre, il n&rsquo;y aura plus aucun barrage \u00e0 un avenir radieux pour la relique barbare. En attendant, les plus importantes maisons de courtage l&rsquo;ont bien compris, et les r\u00e9publicains aussi ! <\/span><\/p>\n<p style=\"text-align: right;\"><span style=\"font-size: x-small;\"><em>(Sources : Golbroker\/Trader-Forex\/Le Monde\/Contrepoints\/24hgold)<\/em><\/span><\/p>\n<!-- AddThis Advanced Settings generic via filter on the_content --><!-- AddThis Share Buttons generic via filter on the_content -->","protected":false},"excerpt":{"rendered":"<p>Depuis deux mois, le cours de l&rsquo;or subi une r\u00e9elle asphyxie, rappelons nous la chute brutale du 28 novembre dernier : en l&rsquo;espace d&rsquo;une minute le m\u00e9tal jaune a perdu 26.6 dollars enregistrant 1705 dollars l&rsquo;once. [&hellip;]<\/p>\n","protected":false},"author":11,"featured_media":5765,"comment_status":"closed","ping_status":"closed","sticky":false,"template":"","format":"standard","meta":{"_mbp_gutenberg_autopost":false,"_pgmb_is_evergreen":false,"_pgmb_ap_template_id":0,"footnotes":""},"categories":[4],"tags":[231,415,90,456],"ppma_author":[2562],"class_list":["post-10555","post","type-post","status-publish","format-standard","has-post-thumbnail","hentry","category-analyses-economiques","tag-achat-or","tag-chute-du-cours-de-lor","tag-correction-de-lor","tag-investir-dans-lor"],"yoast_head":"<!-- This site is optimized with the Yoast SEO plugin v27.5 - https:\/\/yoast.com\/product\/yoast-seo-wordpress\/ -->\n<title>Or : Placement favori malgr\u00e9 la correction ! - Gold.fr<\/title>\n<meta name=\"description\" content=\"Depuis deux mois Le cours de l&#039;or subi une r\u00e9elle asphyxie, rappelons nous la chute brutale du 28 novembre dernier L&#039;or avait perdu en valeur\" \/>\n<meta name=\"robots\" content=\"index, follow, max-snippet:-1, max-image-preview:large, max-video-preview:-1\" \/>\n<link rel=\"canonical\" href=\"https:\/\/www.gold.fr\/news\/2013\/01\/25\/or-placement-favori-malgre-la-correction\/\" \/>\n<meta property=\"og:locale\" content=\"fr_FR\" \/>\n<meta property=\"og:type\" content=\"article\" \/>\n<meta property=\"og:title\" content=\"Or : Placement favori malgr\u00e9 la correction ! - Gold.fr\" \/>\n<meta property=\"og:description\" content=\"Depuis deux mois Le cours de l&#039;or subi une r\u00e9elle asphyxie, rappelons nous la chute brutale du 28 novembre dernier L&#039;or avait perdu en valeur\" \/>\n<meta property=\"og:url\" content=\"https:\/\/www.gold.fr\/news\/2013\/01\/25\/or-placement-favori-malgre-la-correction\/\" \/>\n<meta property=\"og:site_name\" content=\"Gold.fr\" \/>\n<meta property=\"article:publisher\" content=\"https:\/\/www.facebook.com\/Goldfr\/\" \/>\n<meta property=\"article:published_time\" content=\"2013-01-25T12:10:55+00:00\" \/>\n<meta property=\"article:modified_time\" content=\"2020-06-30T11:21:49+00:00\" \/>\n<meta property=\"og:image\" content=\"https:\/\/www.gold.fr\/news\/wp-content\/uploads\/2012\/02\/Or-investissement.jpg\" \/>\n\t<meta property=\"og:image:width\" content=\"600\" \/>\n\t<meta property=\"og:image:height\" content=\"424\" \/>\n\t<meta property=\"og:image:type\" content=\"image\/jpeg\" \/>\n<meta name=\"author\" content=\"Anthony\" \/>\n<meta name=\"twitter:card\" content=\"summary_large_image\" \/>\n<meta name=\"twitter:label1\" content=\"\u00c9crit par\" \/>\n\t<meta name=\"twitter:data1\" content=\"Anthony\" \/>\n\t<meta name=\"twitter:label2\" content=\"Dur\u00e9e de lecture estim\u00e9e\" \/>\n\t<meta name=\"twitter:data2\" content=\"3 minutes\" \/>\n<script type=\"application\/ld+json\" class=\"yoast-schema-graph\">{\"@context\":\"https:\\\/\\\/schema.org\",\"@graph\":[{\"@type\":\"Article\",\"@id\":\"https:\\\/\\\/www.gold.fr\\\/news\\\/2013\\\/01\\\/25\\\/or-placement-favori-malgre-la-correction\\\/#article\",\"isPartOf\":{\"@id\":\"https:\\\/\\\/www.gold.fr\\\/news\\\/2013\\\/01\\\/25\\\/or-placement-favori-malgre-la-correction\\\/\"},\"author\":{\"name\":\"Anthony\",\"@id\":\"https:\\\/\\\/www.gold.fr\\\/news\\\/#\\\/schema\\\/person\\\/feb6458ffd7bceeeb4e228398c34fbe5\"},\"headline\":\"Or : Placement favori malgr\u00e9 la correction !\",\"datePublished\":\"2013-01-25T12:10:55+00:00\",\"dateModified\":\"2020-06-30T11:21:49+00:00\",\"mainEntityOfPage\":{\"@id\":\"https:\\\/\\\/www.gold.fr\\\/news\\\/2013\\\/01\\\/25\\\/or-placement-favori-malgre-la-correction\\\/\"},\"wordCount\":564,\"image\":{\"@id\":\"https:\\\/\\\/www.gold.fr\\\/news\\\/2013\\\/01\\\/25\\\/or-placement-favori-malgre-la-correction\\\/#primaryimage\"},\"thumbnailUrl\":\"https:\\\/\\\/www.gold.fr\\\/news\\\/wp-content\\\/uploads\\\/2012\\\/02\\\/Or-investissement.jpg\",\"keywords\":[\"Achat or\",\"chute du cours de l'or\",\"correction de l'or\",\"investir dans l'Or\"],\"articleSection\":[\"Analyses Economiques\"],\"inLanguage\":\"fr-FR\"},{\"@type\":\"WebPage\",\"@id\":\"https:\\\/\\\/www.gold.fr\\\/news\\\/2013\\\/01\\\/25\\\/or-placement-favori-malgre-la-correction\\\/\",\"url\":\"https:\\\/\\\/www.gold.fr\\\/news\\\/2013\\\/01\\\/25\\\/or-placement-favori-malgre-la-correction\\\/\",\"name\":\"Or : Placement favori malgr\u00e9 la correction ! - Gold.fr\",\"isPartOf\":{\"@id\":\"https:\\\/\\\/www.gold.fr\\\/news\\\/#website\"},\"primaryImageOfPage\":{\"@id\":\"https:\\\/\\\/www.gold.fr\\\/news\\\/2013\\\/01\\\/25\\\/or-placement-favori-malgre-la-correction\\\/#primaryimage\"},\"image\":{\"@id\":\"https:\\\/\\\/www.gold.fr\\\/news\\\/2013\\\/01\\\/25\\\/or-placement-favori-malgre-la-correction\\\/#primaryimage\"},\"thumbnailUrl\":\"https:\\\/\\\/www.gold.fr\\\/news\\\/wp-content\\\/uploads\\\/2012\\\/02\\\/Or-investissement.jpg\",\"datePublished\":\"2013-01-25T12:10:55+00:00\",\"dateModified\":\"2020-06-30T11:21:49+00:00\",\"author\":{\"@id\":\"https:\\\/\\\/www.gold.fr\\\/news\\\/#\\\/schema\\\/person\\\/feb6458ffd7bceeeb4e228398c34fbe5\"},\"description\":\"Depuis deux mois Le cours de l'or subi une r\u00e9elle asphyxie, rappelons nous la chute brutale du 28 novembre dernier L'or avait perdu en valeur\",\"breadcrumb\":{\"@id\":\"https:\\\/\\\/www.gold.fr\\\/news\\\/2013\\\/01\\\/25\\\/or-placement-favori-malgre-la-correction\\\/#breadcrumb\"},\"inLanguage\":\"fr-FR\",\"potentialAction\":[{\"@type\":\"ReadAction\",\"target\":[\"https:\\\/\\\/www.gold.fr\\\/news\\\/2013\\\/01\\\/25\\\/or-placement-favori-malgre-la-correction\\\/\"]}]},{\"@type\":\"ImageObject\",\"inLanguage\":\"fr-FR\",\"@id\":\"https:\\\/\\\/www.gold.fr\\\/news\\\/2013\\\/01\\\/25\\\/or-placement-favori-malgre-la-correction\\\/#primaryimage\",\"url\":\"https:\\\/\\\/www.gold.fr\\\/news\\\/wp-content\\\/uploads\\\/2012\\\/02\\\/Or-investissement.jpg\",\"contentUrl\":\"https:\\\/\\\/www.gold.fr\\\/news\\\/wp-content\\\/uploads\\\/2012\\\/02\\\/Or-investissement.jpg\",\"width\":\"600\",\"height\":\"424\",\"caption\":\"Or : comment optimiser son investissement ?\"},{\"@type\":\"BreadcrumbList\",\"@id\":\"https:\\\/\\\/www.gold.fr\\\/news\\\/2013\\\/01\\\/25\\\/or-placement-favori-malgre-la-correction\\\/#breadcrumb\",\"itemListElement\":[{\"@type\":\"ListItem\",\"position\":1,\"name\":\"Accueil\",\"item\":\"https:\\\/\\\/www.gold.fr\\\/\"},{\"@type\":\"ListItem\",\"position\":2,\"name\":\"Actualit\u00e9s\",\"item\":\"https:\\\/\\\/www.gold.fr\\\/news\\\/\"},{\"@type\":\"ListItem\",\"position\":3,\"name\":\"Or : Placement favori malgr\u00e9 la correction !\"}]},{\"@type\":\"WebSite\",\"@id\":\"https:\\\/\\\/www.gold.fr\\\/news\\\/#website\",\"url\":\"https:\\\/\\\/www.gold.fr\\\/news\\\/\",\"name\":\"Gold.fr\",\"description\":\"Actualit\u00e9s de l&#039;Or et des m\u00e9taux pr\u00e9cieux\",\"potentialAction\":[{\"@type\":\"SearchAction\",\"target\":{\"@type\":\"EntryPoint\",\"urlTemplate\":\"https:\\\/\\\/www.gold.fr\\\/news\\\/?s={search_term_string}\"},\"query-input\":{\"@type\":\"PropertyValueSpecification\",\"valueRequired\":true,\"valueName\":\"search_term_string\"}}],\"inLanguage\":\"fr-FR\"},{\"@type\":\"Person\",\"@id\":\"https:\\\/\\\/www.gold.fr\\\/news\\\/#\\\/schema\\\/person\\\/feb6458ffd7bceeeb4e228398c34fbe5\",\"name\":\"Anthony\",\"image\":{\"@type\":\"ImageObject\",\"inLanguage\":\"fr-FR\",\"@id\":\"https:\\\/\\\/secure.gravatar.com\\\/avatar\\\/19974f7c75da5f0b217374f3a37eb05031e41aaad4ceb3fe17ada2ab3daf6b95?s=96&d=mm&r=gbc5324aff3d366843e00df00c899c1a8\",\"url\":\"https:\\\/\\\/secure.gravatar.com\\\/avatar\\\/19974f7c75da5f0b217374f3a37eb05031e41aaad4ceb3fe17ada2ab3daf6b95?s=96&d=mm&r=g\",\"contentUrl\":\"https:\\\/\\\/secure.gravatar.com\\\/avatar\\\/19974f7c75da5f0b217374f3a37eb05031e41aaad4ceb3fe17ada2ab3daf6b95?s=96&d=mm&r=g\",\"caption\":\"Anthony\"},\"description\":\"Notre r\u00e9daction est constitu\u00e9e de membres experts dans les m\u00e9tiers de l'\u00e9conomie et la gestion, des Responsables d'agence Comptoir National de l'Or, des analystes financiers qui publient r\u00e9guli\u00e8rement des \u00e9tudes sur les politiques des banques centrales, le cours de l'or, le cours de l'argent, cours du platine, cours du palladium... la situation en zone euro et l'impact de la strat\u00e9gie mon\u00e9taire de la FED. Notre \u00e9quipe scrute \u00e9galement une information plus g\u00e9n\u00e9raliste \u00e0 la recherche d'actualit\u00e9 \\\"p\u00e9pite\\\" \u00e0 vous partager. Depuis 5 ans, nous avons publi\u00e9 un peu plus de 4000 articles qui s'adressent \u00e0 un public large et vari\u00e9 ayant pour objectif de satisfaire votre curiosit\u00e9 et de partager avec vous une certaine fascination pour le m\u00e9tal jaune, pour ceux qui veulent investir dans l'or, vendre leur or tout simplement en savoir plus...\",\"sameAs\":[\"https:\\\/\\\/www.gold.fr\\\/news\"]}]}<\/script>\n<!-- \/ Yoast SEO plugin. -->","yoast_head_json":{"title":"Or : Placement favori malgr\u00e9 la correction ! - Gold.fr","description":"Depuis deux mois Le cours de l'or subi une r\u00e9elle asphyxie, rappelons nous la chute brutale du 28 novembre dernier L'or avait perdu en valeur","robots":{"index":"index","follow":"follow","max-snippet":"max-snippet:-1","max-image-preview":"max-image-preview:large","max-video-preview":"max-video-preview:-1"},"canonical":"https:\/\/www.gold.fr\/news\/2013\/01\/25\/or-placement-favori-malgre-la-correction\/","og_locale":"fr_FR","og_type":"article","og_title":"Or : Placement favori malgr\u00e9 la correction ! - Gold.fr","og_description":"Depuis deux mois Le cours de l'or subi une r\u00e9elle asphyxie, rappelons nous la chute brutale du 28 novembre dernier L'or avait perdu en valeur","og_url":"https:\/\/www.gold.fr\/news\/2013\/01\/25\/or-placement-favori-malgre-la-correction\/","og_site_name":"Gold.fr","article_publisher":"https:\/\/www.facebook.com\/Goldfr\/","article_published_time":"2013-01-25T12:10:55+00:00","article_modified_time":"2020-06-30T11:21:49+00:00","og_image":[{"width":600,"height":424,"url":"https:\/\/www.gold.fr\/news\/wp-content\/uploads\/2012\/02\/Or-investissement.jpg","type":"image\/jpeg"}],"author":"Anthony","twitter_card":"summary_large_image","twitter_misc":{"\u00c9crit par":"Anthony","Dur\u00e9e de lecture estim\u00e9e":"3 minutes"},"schema":{"@context":"https:\/\/schema.org","@graph":[{"@type":"Article","@id":"https:\/\/www.gold.fr\/news\/2013\/01\/25\/or-placement-favori-malgre-la-correction\/#article","isPartOf":{"@id":"https:\/\/www.gold.fr\/news\/2013\/01\/25\/or-placement-favori-malgre-la-correction\/"},"author":{"name":"Anthony","@id":"https:\/\/www.gold.fr\/news\/#\/schema\/person\/feb6458ffd7bceeeb4e228398c34fbe5"},"headline":"Or : Placement favori malgr\u00e9 la correction !","datePublished":"2013-01-25T12:10:55+00:00","dateModified":"2020-06-30T11:21:49+00:00","mainEntityOfPage":{"@id":"https:\/\/www.gold.fr\/news\/2013\/01\/25\/or-placement-favori-malgre-la-correction\/"},"wordCount":564,"image":{"@id":"https:\/\/www.gold.fr\/news\/2013\/01\/25\/or-placement-favori-malgre-la-correction\/#primaryimage"},"thumbnailUrl":"https:\/\/www.gold.fr\/news\/wp-content\/uploads\/2012\/02\/Or-investissement.jpg","keywords":["Achat or","chute du cours de l'or","correction de l'or","investir dans l'Or"],"articleSection":["Analyses Economiques"],"inLanguage":"fr-FR"},{"@type":"WebPage","@id":"https:\/\/www.gold.fr\/news\/2013\/01\/25\/or-placement-favori-malgre-la-correction\/","url":"https:\/\/www.gold.fr\/news\/2013\/01\/25\/or-placement-favori-malgre-la-correction\/","name":"Or : Placement favori malgr\u00e9 la correction ! - Gold.fr","isPartOf":{"@id":"https:\/\/www.gold.fr\/news\/#website"},"primaryImageOfPage":{"@id":"https:\/\/www.gold.fr\/news\/2013\/01\/25\/or-placement-favori-malgre-la-correction\/#primaryimage"},"image":{"@id":"https:\/\/www.gold.fr\/news\/2013\/01\/25\/or-placement-favori-malgre-la-correction\/#primaryimage"},"thumbnailUrl":"https:\/\/www.gold.fr\/news\/wp-content\/uploads\/2012\/02\/Or-investissement.jpg","datePublished":"2013-01-25T12:10:55+00:00","dateModified":"2020-06-30T11:21:49+00:00","author":{"@id":"https:\/\/www.gold.fr\/news\/#\/schema\/person\/feb6458ffd7bceeeb4e228398c34fbe5"},"description":"Depuis deux mois Le cours de l'or subi une r\u00e9elle asphyxie, rappelons nous la chute brutale du 28 novembre dernier L'or avait perdu en valeur","breadcrumb":{"@id":"https:\/\/www.gold.fr\/news\/2013\/01\/25\/or-placement-favori-malgre-la-correction\/#breadcrumb"},"inLanguage":"fr-FR","potentialAction":[{"@type":"ReadAction","target":["https:\/\/www.gold.fr\/news\/2013\/01\/25\/or-placement-favori-malgre-la-correction\/"]}]},{"@type":"ImageObject","inLanguage":"fr-FR","@id":"https:\/\/www.gold.fr\/news\/2013\/01\/25\/or-placement-favori-malgre-la-correction\/#primaryimage","url":"https:\/\/www.gold.fr\/news\/wp-content\/uploads\/2012\/02\/Or-investissement.jpg","contentUrl":"https:\/\/www.gold.fr\/news\/wp-content\/uploads\/2012\/02\/Or-investissement.jpg","width":"600","height":"424","caption":"Or : comment optimiser son investissement ?"},{"@type":"BreadcrumbList","@id":"https:\/\/www.gold.fr\/news\/2013\/01\/25\/or-placement-favori-malgre-la-correction\/#breadcrumb","itemListElement":[{"@type":"ListItem","position":1,"name":"Accueil","item":"https:\/\/www.gold.fr\/"},{"@type":"ListItem","position":2,"name":"Actualit\u00e9s","item":"https:\/\/www.gold.fr\/news\/"},{"@type":"ListItem","position":3,"name":"Or : Placement favori malgr\u00e9 la correction !"}]},{"@type":"WebSite","@id":"https:\/\/www.gold.fr\/news\/#website","url":"https:\/\/www.gold.fr\/news\/","name":"Gold.fr","description":"Actualit\u00e9s de l&#039;Or et des m\u00e9taux pr\u00e9cieux","potentialAction":[{"@type":"SearchAction","target":{"@type":"EntryPoint","urlTemplate":"https:\/\/www.gold.fr\/news\/?s={search_term_string}"},"query-input":{"@type":"PropertyValueSpecification","valueRequired":true,"valueName":"search_term_string"}}],"inLanguage":"fr-FR"},{"@type":"Person","@id":"https:\/\/www.gold.fr\/news\/#\/schema\/person\/feb6458ffd7bceeeb4e228398c34fbe5","name":"Anthony","image":{"@type":"ImageObject","inLanguage":"fr-FR","@id":"https:\/\/secure.gravatar.com\/avatar\/19974f7c75da5f0b217374f3a37eb05031e41aaad4ceb3fe17ada2ab3daf6b95?s=96&d=mm&r=gbc5324aff3d366843e00df00c899c1a8","url":"https:\/\/secure.gravatar.com\/avatar\/19974f7c75da5f0b217374f3a37eb05031e41aaad4ceb3fe17ada2ab3daf6b95?s=96&d=mm&r=g","contentUrl":"https:\/\/secure.gravatar.com\/avatar\/19974f7c75da5f0b217374f3a37eb05031e41aaad4ceb3fe17ada2ab3daf6b95?s=96&d=mm&r=g","caption":"Anthony"},"description":"Notre r\u00e9daction est constitu\u00e9e de membres experts dans les m\u00e9tiers de l'\u00e9conomie et la gestion, des Responsables d'agence Comptoir National de l'Or, des analystes financiers qui publient r\u00e9guli\u00e8rement des \u00e9tudes sur les politiques des banques centrales, le cours de l'or, le cours de l'argent, cours du platine, cours du palladium... la situation en zone euro et l'impact de la strat\u00e9gie mon\u00e9taire de la FED. Notre \u00e9quipe scrute \u00e9galement une information plus g\u00e9n\u00e9raliste \u00e0 la recherche d'actualit\u00e9 \"p\u00e9pite\" \u00e0 vous partager. Depuis 5 ans, nous avons publi\u00e9 un peu plus de 4000 articles qui s'adressent \u00e0 un public large et vari\u00e9 ayant pour objectif de satisfaire votre curiosit\u00e9 et de partager avec vous une certaine fascination pour le m\u00e9tal jaune, pour ceux qui veulent investir dans l'or, vendre leur or tout simplement en savoir plus...","sameAs":["https:\/\/www.gold.fr\/news"]}]}},"authors":[{"term_id":2562,"user_id":11,"is_guest":0,"slug":"anthony","display_name":"Anthony","avatar_url":"https:\/\/secure.gravatar.com\/avatar\/19974f7c75da5f0b217374f3a37eb05031e41aaad4ceb3fe17ada2ab3daf6b95?s=96&d=mm&r=g","0":null,"1":"","2":"","3":"","4":"","5":"","6":"","7":"","8":""}],"_links":{"self":[{"href":"https:\/\/www.gold.fr\/news\/wp-json\/wp\/v2\/posts\/10555","targetHints":{"allow":["GET"]}}],"collection":[{"href":"https:\/\/www.gold.fr\/news\/wp-json\/wp\/v2\/posts"}],"about":[{"href":"https:\/\/www.gold.fr\/news\/wp-json\/wp\/v2\/types\/post"}],"author":[{"embeddable":true,"href":"https:\/\/www.gold.fr\/news\/wp-json\/wp\/v2\/users\/11"}],"replies":[{"embeddable":true,"href":"https:\/\/www.gold.fr\/news\/wp-json\/wp\/v2\/comments?post=10555"}],"version-history":[{"count":0,"href":"https:\/\/www.gold.fr\/news\/wp-json\/wp\/v2\/posts\/10555\/revisions"}],"wp:featuredmedia":[{"embeddable":true,"href":"https:\/\/www.gold.fr\/news\/wp-json\/wp\/v2\/media\/5765"}],"wp:attachment":[{"href":"https:\/\/www.gold.fr\/news\/wp-json\/wp\/v2\/media?parent=10555"}],"wp:term":[{"taxonomy":"category","embeddable":true,"href":"https:\/\/www.gold.fr\/news\/wp-json\/wp\/v2\/categories?post=10555"},{"taxonomy":"post_tag","embeddable":true,"href":"https:\/\/www.gold.fr\/news\/wp-json\/wp\/v2\/tags?post=10555"},{"taxonomy":"author","embeddable":true,"href":"https:\/\/www.gold.fr\/news\/wp-json\/wp\/v2\/ppma_author?post=10555"}],"curies":[{"name":"wp","href":"https:\/\/api.w.org\/{rel}","templated":true}]}}