{"id":10491,"date":"2013-01-28T09:00:57","date_gmt":"2013-01-28T08:00:57","guid":{"rendered":"https:\/\/www.gold.fr\/news\/?p=10491"},"modified":"2017-11-02T11:34:31","modified_gmt":"2017-11-02T10:34:31","slug":"lallemagne-et-lor-une-histoire-chargee","status":"publish","type":"post","link":"https:\/\/www.gold.fr\/news\/2013\/01\/28\/lallemagne-et-lor-une-histoire-chargee\/","title":{"rendered":"L&rsquo;Allemagne et l&rsquo;or &#8211; Une histoire charg\u00e9e"},"content":{"rendered":"<p><img loading=\"lazy\" decoding=\"async\" class=\"alignleft size-thumbnail wp-image-9061\" title=\"L'Allemagne et l'or - Une histoire charg\u00e9e\" src=\"https:\/\/www.gold.fr\/news\/wp-content\/uploads\/2012\/08\/or-investissement-150x150.jpg\" alt=\"\" width=\"150\" height=\"150\" \/><span style=\"font-size: small;\">Le fait est ind\u00e9niable ; de tous les pays du vieux continent, l&rsquo;Allemagne d\u00e9tient certainement l&rsquo;une des histoires \u00ab <em>aurif\u00e8res<\/em> \u00bb les plus charg\u00e9es.<\/span>    <span style=\"font-size: small;\">D&rsquo;ailleurs, lors d&rsquo;une r\u00e9cente conf\u00e9rence de presse tenue \u00e0 Francfort, Carl-Ludwig Thiele (repr\u00e9sentant de la direction de la Bundesbank) n&rsquo;a pas manqu\u00e9 que souligner que stocker son <a href='https:\/\/www.gold.fr\/news\/tags\/or' class='esk-seo-plu-link'>m\u00e9tal jaune<\/a> \u00e0 l&rsquo;\u00e9tranger demeure une \u00ab <em>sp\u00e9cificit\u00e9 historique allemande<\/em> \u00bb qu&rsquo;on peut retracer jusqu&rsquo;aux pr\u00e9mices de la guerre froide. Thiele rappelle m\u00eame, \u00e0 ce propos, que \u00ab <em>pour des raisons de s\u00e9curit\u00e9, la R\u00e9publique f\u00e9d\u00e9rale d&rsquo;Allemagne (<strong>RFA<\/strong>) avait d\u00e9cid\u00e9, \u00e0 partir des ann\u00e9es <strong>1950<\/strong>, de stocker le plus possible de ses r\u00e9serves d&rsquo;<a href='https:\/\/www.gold.fr\/news\/tags\/or' class='esk-seo-plu-link'>or<\/a> \u00e0 l&rsquo;Ouest<\/em> \u00bb aupr\u00e8s de ses principaux alli\u00e9s. Il est \u00e0 noter, dans ce contexte, que, jusqu&rsquo;\u00e0 la r\u00e9unification allemande de <strong>1990<\/strong>, environ <strong>98 %<\/strong> de l&rsquo;<a href='https:\/\/www.gold.fr\/news\/tags\/or' class='esk-seo-plu-link'>or<\/a> allemand (Allemagne de l&rsquo;Ouest) \u00e9tait gard\u00e9 par les r\u00e9serves gouvernementales new-yorkaises, londoniennes et <a title=\"La Bundesbank rapatrie l\u2019or allemand depuis la France\" href=\"https:\/\/www.gold.fr\/news\/2013\/01\/18\/la-bundesbank-rapatrie-lor-allemand-depuis-la-france\/10475\/\" target=\"_blank\">parisiennes<\/a>.<\/span>    <span style=\"font-size: small;\">Aujourd&rsquo;hui, et selon le d\u00e9compte \u00e9tabli au terme de l&rsquo;ann\u00e9e <strong>2012<\/strong>, la totalit\u00e9 de l&rsquo;<a href='https:\/\/www.gold.fr\/news\/tags\/or' class='esk-seo-plu-link'>or<\/a> allemand s&rsquo;\u00e9l\u00e8ve \u00e0 un volume de <strong>3 391 tonnes<\/strong> et repr\u00e9sente pas moins de <strong>80 %<\/strong> des r\u00e9serves de change nationales. Rappelons qu&rsquo;on \u00e9voque ici le deuxi\u00e8me plus important stock de <a href='https:\/\/www.gold.fr\/news\/tags\/or' class='esk-seo-plu-link'>m\u00e9tal jaune<\/a> dans le monde, juste derri\u00e8re celui des \u00c9tats-Unis, et devan\u00e7ant donc celui du Fonds mon\u00e9taire international (<strong>FMI<\/strong>).<\/span>    <span style=\"font-size: small;\">Des r\u00e9serves inestimables de valeur refuge qui peuvent s&rsquo;av\u00e9rer particuli\u00e8rement pr\u00e9cieuses en ces temps de crise g\u00e9n\u00e9ralis\u00e9e frappant sans rel\u00e2che les deux c\u00f4t\u00e9s de l&rsquo;Atlantique.<\/span><\/p>\n<!-- AddThis Advanced Settings generic via filter on the_content --><!-- AddThis Share Buttons generic via filter on the_content -->","protected":false},"excerpt":{"rendered":"<p>Le fait est ind\u00e9niable ; de tous les pays du vieux continent, l&rsquo;Allemagne d\u00e9tient certainement l&rsquo;une des histoires \u00ab aurif\u00e8res \u00bb les plus charg\u00e9es. D&rsquo;ailleurs, lors d&rsquo;une r\u00e9cente conf\u00e9rence de presse tenue \u00e0 Francfort, Carl-Ludwig Thiele [&hellip;]<\/p>\n","protected":false},"author":18,"featured_media":9061,"comment_status":"open","ping_status":"open","sticky":false,"template":"","format":"standard","meta":{"_mbp_gutenberg_autopost":false,"_pgmb_is_evergreen":false,"_pgmb_ap_template_id":0,"footnotes":""},"categories":[6],"tags":[111,979,76],"ppma_author":[2565],"class_list":["post-10491","post","type-post","status-publish","format-standard","has-post-thumbnail","hentry","category-articles-de-presse","tag-allemagne","tag-bundesbank","tag-or"],"yoast_head":"<!-- This site is optimized with the Yoast SEO plugin v27.5 - https:\/\/yoast.com\/product\/yoast-seo-wordpress\/ -->\n<title>L&#039;Allemagne et l&#039;or - Une histoire charg\u00e9e - Gold.fr<\/title>\n<meta name=\"robots\" content=\"index, follow, max-snippet:-1, max-image-preview:large, max-video-preview:-1\" \/>\n<link rel=\"canonical\" href=\"https:\/\/www.gold.fr\/news\/2013\/01\/28\/lallemagne-et-lor-une-histoire-chargee\/\" \/>\n<meta property=\"og:locale\" content=\"fr_FR\" \/>\n<meta property=\"og:type\" content=\"article\" \/>\n<meta property=\"og:title\" content=\"L&#039;Allemagne et l&#039;or - Une histoire charg\u00e9e - Gold.fr\" \/>\n<meta property=\"og:description\" content=\"Le fait est ind\u00e9niable ; de tous les pays du vieux continent, l&rsquo;Allemagne d\u00e9tient certainement l&rsquo;une des histoires \u00ab aurif\u00e8res \u00bb les plus charg\u00e9es. D&rsquo;ailleurs, lors d&rsquo;une r\u00e9cente conf\u00e9rence de presse tenue \u00e0 Francfort, Carl-Ludwig Thiele [&hellip;]\" \/>\n<meta property=\"og:url\" content=\"https:\/\/www.gold.fr\/news\/2013\/01\/28\/lallemagne-et-lor-une-histoire-chargee\/\" \/>\n<meta property=\"og:site_name\" content=\"Gold.fr\" \/>\n<meta property=\"article:publisher\" content=\"https:\/\/www.facebook.com\/Goldfr\/\" \/>\n<meta property=\"article:published_time\" content=\"2013-01-28T08:00:57+00:00\" \/>\n<meta property=\"article:modified_time\" content=\"2017-11-02T10:34:31+00:00\" \/>\n<meta property=\"og:image\" content=\"https:\/\/www.gold.fr\/news\/wp-content\/uploads\/2012\/08\/or-investissement.jpg\" \/>\n\t<meta property=\"og:image:width\" content=\"600\" \/>\n\t<meta property=\"og:image:height\" content=\"433\" \/>\n\t<meta property=\"og:image:type\" content=\"image\/jpeg\" \/>\n<meta name=\"author\" content=\"Comptoir National de l&#039;Or\" \/>\n<meta name=\"twitter:card\" content=\"summary_large_image\" \/>\n<meta name=\"twitter:label1\" content=\"\u00c9crit par\" \/>\n\t<meta name=\"twitter:data1\" content=\"Comptoir National de l&#039;Or\" \/>\n\t<meta name=\"twitter:label2\" content=\"Dur\u00e9e de lecture estim\u00e9e\" \/>\n\t<meta name=\"twitter:data2\" content=\"1 minute\" \/>\n<script type=\"application\/ld+json\" class=\"yoast-schema-graph\">{\"@context\":\"https:\\\/\\\/schema.org\",\"@graph\":[{\"@type\":\"Article\",\"@id\":\"https:\\\/\\\/www.gold.fr\\\/news\\\/2013\\\/01\\\/28\\\/lallemagne-et-lor-une-histoire-chargee\\\/#article\",\"isPartOf\":{\"@id\":\"https:\\\/\\\/www.gold.fr\\\/news\\\/2013\\\/01\\\/28\\\/lallemagne-et-lor-une-histoire-chargee\\\/\"},\"author\":{\"name\":\"Comptoir National de l'Or\",\"@id\":\"https:\\\/\\\/www.gold.fr\\\/news\\\/#\\\/schema\\\/person\\\/070491b4b4fb7671bf59b3be20302ce9\"},\"headline\":\"L&rsquo;Allemagne et l&rsquo;or &#8211; Une histoire charg\u00e9e\",\"datePublished\":\"2013-01-28T08:00:57+00:00\",\"dateModified\":\"2017-11-02T10:34:31+00:00\",\"mainEntityOfPage\":{\"@id\":\"https:\\\/\\\/www.gold.fr\\\/news\\\/2013\\\/01\\\/28\\\/lallemagne-et-lor-une-histoire-chargee\\\/\"},\"wordCount\":285,\"commentCount\":0,\"image\":{\"@id\":\"https:\\\/\\\/www.gold.fr\\\/news\\\/2013\\\/01\\\/28\\\/lallemagne-et-lor-une-histoire-chargee\\\/#primaryimage\"},\"thumbnailUrl\":\"https:\\\/\\\/www.gold.fr\\\/news\\\/wp-content\\\/uploads\\\/2012\\\/08\\\/or-investissement.jpg\",\"keywords\":[\"Allemagne\",\"Bundesbank\",\"Or\"],\"articleSection\":[\"Articles de presse\"],\"inLanguage\":\"fr-FR\"},{\"@type\":\"WebPage\",\"@id\":\"https:\\\/\\\/www.gold.fr\\\/news\\\/2013\\\/01\\\/28\\\/lallemagne-et-lor-une-histoire-chargee\\\/\",\"url\":\"https:\\\/\\\/www.gold.fr\\\/news\\\/2013\\\/01\\\/28\\\/lallemagne-et-lor-une-histoire-chargee\\\/\",\"name\":\"L'Allemagne et l'or - Une histoire charg\u00e9e - Gold.fr\",\"isPartOf\":{\"@id\":\"https:\\\/\\\/www.gold.fr\\\/news\\\/#website\"},\"primaryImageOfPage\":{\"@id\":\"https:\\\/\\\/www.gold.fr\\\/news\\\/2013\\\/01\\\/28\\\/lallemagne-et-lor-une-histoire-chargee\\\/#primaryimage\"},\"image\":{\"@id\":\"https:\\\/\\\/www.gold.fr\\\/news\\\/2013\\\/01\\\/28\\\/lallemagne-et-lor-une-histoire-chargee\\\/#primaryimage\"},\"thumbnailUrl\":\"https:\\\/\\\/www.gold.fr\\\/news\\\/wp-content\\\/uploads\\\/2012\\\/08\\\/or-investissement.jpg\",\"datePublished\":\"2013-01-28T08:00:57+00:00\",\"dateModified\":\"2017-11-02T10:34:31+00:00\",\"author\":{\"@id\":\"https:\\\/\\\/www.gold.fr\\\/news\\\/#\\\/schema\\\/person\\\/070491b4b4fb7671bf59b3be20302ce9\"},\"breadcrumb\":{\"@id\":\"https:\\\/\\\/www.gold.fr\\\/news\\\/2013\\\/01\\\/28\\\/lallemagne-et-lor-une-histoire-chargee\\\/#breadcrumb\"},\"inLanguage\":\"fr-FR\",\"potentialAction\":[{\"@type\":\"ReadAction\",\"target\":[\"https:\\\/\\\/www.gold.fr\\\/news\\\/2013\\\/01\\\/28\\\/lallemagne-et-lor-une-histoire-chargee\\\/\"]}]},{\"@type\":\"ImageObject\",\"inLanguage\":\"fr-FR\",\"@id\":\"https:\\\/\\\/www.gold.fr\\\/news\\\/2013\\\/01\\\/28\\\/lallemagne-et-lor-une-histoire-chargee\\\/#primaryimage\",\"url\":\"https:\\\/\\\/www.gold.fr\\\/news\\\/wp-content\\\/uploads\\\/2012\\\/08\\\/or-investissement.jpg\",\"contentUrl\":\"https:\\\/\\\/www.gold.fr\\\/news\\\/wp-content\\\/uploads\\\/2012\\\/08\\\/or-investissement.jpg\",\"width\":\"600\",\"height\":\"433\",\"caption\":\"Les investisseurs renouent avec la valeur refuge apr\u00e8s le r\u00e9sultat des \u00e9lections\"},{\"@type\":\"BreadcrumbList\",\"@id\":\"https:\\\/\\\/www.gold.fr\\\/news\\\/2013\\\/01\\\/28\\\/lallemagne-et-lor-une-histoire-chargee\\\/#breadcrumb\",\"itemListElement\":[{\"@type\":\"ListItem\",\"position\":1,\"name\":\"Accueil\",\"item\":\"https:\\\/\\\/www.gold.fr\\\/\"},{\"@type\":\"ListItem\",\"position\":2,\"name\":\"Actualit\u00e9s\",\"item\":\"https:\\\/\\\/www.gold.fr\\\/news\\\/\"},{\"@type\":\"ListItem\",\"position\":3,\"name\":\"L&rsquo;Allemagne et l&rsquo;or &#8211; Une histoire charg\u00e9e\"}]},{\"@type\":\"WebSite\",\"@id\":\"https:\\\/\\\/www.gold.fr\\\/news\\\/#website\",\"url\":\"https:\\\/\\\/www.gold.fr\\\/news\\\/\",\"name\":\"Gold.fr\",\"description\":\"Actualit\u00e9s de l&#039;Or et des m\u00e9taux pr\u00e9cieux\",\"potentialAction\":[{\"@type\":\"SearchAction\",\"target\":{\"@type\":\"EntryPoint\",\"urlTemplate\":\"https:\\\/\\\/www.gold.fr\\\/news\\\/?s={search_term_string}\"},\"query-input\":{\"@type\":\"PropertyValueSpecification\",\"valueRequired\":true,\"valueName\":\"search_term_string\"}}],\"inLanguage\":\"fr-FR\"},{\"@type\":\"Person\",\"@id\":\"https:\\\/\\\/www.gold.fr\\\/news\\\/#\\\/schema\\\/person\\\/070491b4b4fb7671bf59b3be20302ce9\",\"name\":\"Comptoir National de l'Or\",\"image\":{\"@type\":\"ImageObject\",\"inLanguage\":\"fr-FR\",\"@id\":\"https:\\\/\\\/secure.gravatar.com\\\/avatar\\\/0a2867fd5abe37bed95d5a65e9d58f01756e11efc68af9888dfc50cfa7f65948?s=96&d=mm&r=gb490554db0a38188709de567aa58480d\",\"url\":\"https:\\\/\\\/secure.gravatar.com\\\/avatar\\\/0a2867fd5abe37bed95d5a65e9d58f01756e11efc68af9888dfc50cfa7f65948?s=96&d=mm&r=g\",\"contentUrl\":\"https:\\\/\\\/secure.gravatar.com\\\/avatar\\\/0a2867fd5abe37bed95d5a65e9d58f01756e11efc68af9888dfc50cfa7f65948?s=96&d=mm&r=g\",\"caption\":\"Comptoir National de l'Or\"},\"description\":\"Notre r\u00e9daction est constitu\u00e9e de membres experts dans les m\u00e9tiers de l'\u00e9conomie et la gestion, des Responsables d'agence Comptoir National de l'Or, des analystes financiers qui publient r\u00e9guli\u00e8rement des \u00e9tudes sur les politiques des banques centrales, le cours de l'or, prix de l'or, cours de l'argent, prix de l'argent, cours du platine, cours du palladium,... la situation en zone euro et l'impact de la strat\u00e9gie mon\u00e9taire de la FED. Notre \u00e9quipe scrute \u00e9galement une information plus g\u00e9n\u00e9raliste \u00e0 la recherche d'actualit\u00e9 \\\"p\u00e9pite\\\" \u00e0 vous partager. Depuis 5 ans, nous avons publi\u00e9 un peu plus de 4000 articles qui s'adressent \u00e0 un public large et vari\u00e9 ayant pour objectif de satisfaire votre curiosit\u00e9 et de partager avec vous une certaine fascination pour le m\u00e9tal jaune, le rachat d'or, et pour ceux qui veulent investir dans l'or, vendre leur or tout simplement en savoir plus... Pour tous vos achat or et argent, n'h\u00e9sitez pas \u00e0 prendre rendez-vous dans l'un de nos nombreux comptoirs.\",\"sameAs\":[\"https:\\\/\\\/www.gold.fr\"]}]}<\/script>\n<!-- \/ Yoast SEO plugin. -->","yoast_head_json":{"title":"L'Allemagne et l'or - Une histoire charg\u00e9e - Gold.fr","robots":{"index":"index","follow":"follow","max-snippet":"max-snippet:-1","max-image-preview":"max-image-preview:large","max-video-preview":"max-video-preview:-1"},"canonical":"https:\/\/www.gold.fr\/news\/2013\/01\/28\/lallemagne-et-lor-une-histoire-chargee\/","og_locale":"fr_FR","og_type":"article","og_title":"L'Allemagne et l'or - Une histoire charg\u00e9e - Gold.fr","og_description":"Le fait est ind\u00e9niable ; de tous les pays du vieux continent, l&rsquo;Allemagne d\u00e9tient certainement l&rsquo;une des histoires \u00ab aurif\u00e8res \u00bb les plus charg\u00e9es. D&rsquo;ailleurs, lors d&rsquo;une r\u00e9cente conf\u00e9rence de presse tenue \u00e0 Francfort, Carl-Ludwig Thiele [&hellip;]","og_url":"https:\/\/www.gold.fr\/news\/2013\/01\/28\/lallemagne-et-lor-une-histoire-chargee\/","og_site_name":"Gold.fr","article_publisher":"https:\/\/www.facebook.com\/Goldfr\/","article_published_time":"2013-01-28T08:00:57+00:00","article_modified_time":"2017-11-02T10:34:31+00:00","og_image":[{"width":600,"height":433,"url":"https:\/\/www.gold.fr\/news\/wp-content\/uploads\/2012\/08\/or-investissement.jpg","type":"image\/jpeg"}],"author":"Comptoir National de l'Or","twitter_card":"summary_large_image","twitter_misc":{"\u00c9crit par":"Comptoir National de l'Or","Dur\u00e9e de lecture estim\u00e9e":"1 minute"},"schema":{"@context":"https:\/\/schema.org","@graph":[{"@type":"Article","@id":"https:\/\/www.gold.fr\/news\/2013\/01\/28\/lallemagne-et-lor-une-histoire-chargee\/#article","isPartOf":{"@id":"https:\/\/www.gold.fr\/news\/2013\/01\/28\/lallemagne-et-lor-une-histoire-chargee\/"},"author":{"name":"Comptoir National de l'Or","@id":"https:\/\/www.gold.fr\/news\/#\/schema\/person\/070491b4b4fb7671bf59b3be20302ce9"},"headline":"L&rsquo;Allemagne et l&rsquo;or &#8211; Une histoire charg\u00e9e","datePublished":"2013-01-28T08:00:57+00:00","dateModified":"2017-11-02T10:34:31+00:00","mainEntityOfPage":{"@id":"https:\/\/www.gold.fr\/news\/2013\/01\/28\/lallemagne-et-lor-une-histoire-chargee\/"},"wordCount":285,"commentCount":0,"image":{"@id":"https:\/\/www.gold.fr\/news\/2013\/01\/28\/lallemagne-et-lor-une-histoire-chargee\/#primaryimage"},"thumbnailUrl":"https:\/\/www.gold.fr\/news\/wp-content\/uploads\/2012\/08\/or-investissement.jpg","keywords":["Allemagne","Bundesbank","Or"],"articleSection":["Articles de presse"],"inLanguage":"fr-FR"},{"@type":"WebPage","@id":"https:\/\/www.gold.fr\/news\/2013\/01\/28\/lallemagne-et-lor-une-histoire-chargee\/","url":"https:\/\/www.gold.fr\/news\/2013\/01\/28\/lallemagne-et-lor-une-histoire-chargee\/","name":"L'Allemagne et l'or - Une histoire charg\u00e9e - Gold.fr","isPartOf":{"@id":"https:\/\/www.gold.fr\/news\/#website"},"primaryImageOfPage":{"@id":"https:\/\/www.gold.fr\/news\/2013\/01\/28\/lallemagne-et-lor-une-histoire-chargee\/#primaryimage"},"image":{"@id":"https:\/\/www.gold.fr\/news\/2013\/01\/28\/lallemagne-et-lor-une-histoire-chargee\/#primaryimage"},"thumbnailUrl":"https:\/\/www.gold.fr\/news\/wp-content\/uploads\/2012\/08\/or-investissement.jpg","datePublished":"2013-01-28T08:00:57+00:00","dateModified":"2017-11-02T10:34:31+00:00","author":{"@id":"https:\/\/www.gold.fr\/news\/#\/schema\/person\/070491b4b4fb7671bf59b3be20302ce9"},"breadcrumb":{"@id":"https:\/\/www.gold.fr\/news\/2013\/01\/28\/lallemagne-et-lor-une-histoire-chargee\/#breadcrumb"},"inLanguage":"fr-FR","potentialAction":[{"@type":"ReadAction","target":["https:\/\/www.gold.fr\/news\/2013\/01\/28\/lallemagne-et-lor-une-histoire-chargee\/"]}]},{"@type":"ImageObject","inLanguage":"fr-FR","@id":"https:\/\/www.gold.fr\/news\/2013\/01\/28\/lallemagne-et-lor-une-histoire-chargee\/#primaryimage","url":"https:\/\/www.gold.fr\/news\/wp-content\/uploads\/2012\/08\/or-investissement.jpg","contentUrl":"https:\/\/www.gold.fr\/news\/wp-content\/uploads\/2012\/08\/or-investissement.jpg","width":"600","height":"433","caption":"Les investisseurs renouent avec la valeur refuge apr\u00e8s le r\u00e9sultat des \u00e9lections"},{"@type":"BreadcrumbList","@id":"https:\/\/www.gold.fr\/news\/2013\/01\/28\/lallemagne-et-lor-une-histoire-chargee\/#breadcrumb","itemListElement":[{"@type":"ListItem","position":1,"name":"Accueil","item":"https:\/\/www.gold.fr\/"},{"@type":"ListItem","position":2,"name":"Actualit\u00e9s","item":"https:\/\/www.gold.fr\/news\/"},{"@type":"ListItem","position":3,"name":"L&rsquo;Allemagne et l&rsquo;or &#8211; Une histoire charg\u00e9e"}]},{"@type":"WebSite","@id":"https:\/\/www.gold.fr\/news\/#website","url":"https:\/\/www.gold.fr\/news\/","name":"Gold.fr","description":"Actualit\u00e9s de l&#039;Or et des m\u00e9taux pr\u00e9cieux","potentialAction":[{"@type":"SearchAction","target":{"@type":"EntryPoint","urlTemplate":"https:\/\/www.gold.fr\/news\/?s={search_term_string}"},"query-input":{"@type":"PropertyValueSpecification","valueRequired":true,"valueName":"search_term_string"}}],"inLanguage":"fr-FR"},{"@type":"Person","@id":"https:\/\/www.gold.fr\/news\/#\/schema\/person\/070491b4b4fb7671bf59b3be20302ce9","name":"Comptoir National de l'Or","image":{"@type":"ImageObject","inLanguage":"fr-FR","@id":"https:\/\/secure.gravatar.com\/avatar\/0a2867fd5abe37bed95d5a65e9d58f01756e11efc68af9888dfc50cfa7f65948?s=96&d=mm&r=gb490554db0a38188709de567aa58480d","url":"https:\/\/secure.gravatar.com\/avatar\/0a2867fd5abe37bed95d5a65e9d58f01756e11efc68af9888dfc50cfa7f65948?s=96&d=mm&r=g","contentUrl":"https:\/\/secure.gravatar.com\/avatar\/0a2867fd5abe37bed95d5a65e9d58f01756e11efc68af9888dfc50cfa7f65948?s=96&d=mm&r=g","caption":"Comptoir National de l'Or"},"description":"Notre r\u00e9daction est constitu\u00e9e de membres experts dans les m\u00e9tiers de l'\u00e9conomie et la gestion, des Responsables d'agence Comptoir National de l'Or, des analystes financiers qui publient r\u00e9guli\u00e8rement des \u00e9tudes sur les politiques des banques centrales, le cours de l'or, prix de l'or, cours de l'argent, prix de l'argent, cours du platine, cours du palladium,... la situation en zone euro et l'impact de la strat\u00e9gie mon\u00e9taire de la FED. Notre \u00e9quipe scrute \u00e9galement une information plus g\u00e9n\u00e9raliste \u00e0 la recherche d'actualit\u00e9 \"p\u00e9pite\" \u00e0 vous partager. Depuis 5 ans, nous avons publi\u00e9 un peu plus de 4000 articles qui s'adressent \u00e0 un public large et vari\u00e9 ayant pour objectif de satisfaire votre curiosit\u00e9 et de partager avec vous une certaine fascination pour le m\u00e9tal jaune, le rachat d'or, et pour ceux qui veulent investir dans l'or, vendre leur or tout simplement en savoir plus... Pour tous vos achat or et argent, n'h\u00e9sitez pas \u00e0 prendre rendez-vous dans l'un de nos nombreux comptoirs.","sameAs":["https:\/\/www.gold.fr"]}]}},"authors":[{"term_id":2565,"user_id":18,"is_guest":0,"slug":"julie","display_name":"Comptoir National de l'Or","avatar_url":"https:\/\/secure.gravatar.com\/avatar\/713f289e398d35ead876c4a4cc08607f0d6d266058cfc25683fffb6092d0e572?s=96&d=mm&r=g","0":null,"1":"","2":"","3":"","4":"","5":"","6":"","7":"","8":""}],"_links":{"self":[{"href":"https:\/\/www.gold.fr\/news\/wp-json\/wp\/v2\/posts\/10491","targetHints":{"allow":["GET"]}}],"collection":[{"href":"https:\/\/www.gold.fr\/news\/wp-json\/wp\/v2\/posts"}],"about":[{"href":"https:\/\/www.gold.fr\/news\/wp-json\/wp\/v2\/types\/post"}],"author":[{"embeddable":true,"href":"https:\/\/www.gold.fr\/news\/wp-json\/wp\/v2\/users\/18"}],"replies":[{"embeddable":true,"href":"https:\/\/www.gold.fr\/news\/wp-json\/wp\/v2\/comments?post=10491"}],"version-history":[{"count":0,"href":"https:\/\/www.gold.fr\/news\/wp-json\/wp\/v2\/posts\/10491\/revisions"}],"wp:featuredmedia":[{"embeddable":true,"href":"https:\/\/www.gold.fr\/news\/wp-json\/wp\/v2\/media\/9061"}],"wp:attachment":[{"href":"https:\/\/www.gold.fr\/news\/wp-json\/wp\/v2\/media?parent=10491"}],"wp:term":[{"taxonomy":"category","embeddable":true,"href":"https:\/\/www.gold.fr\/news\/wp-json\/wp\/v2\/categories?post=10491"},{"taxonomy":"post_tag","embeddable":true,"href":"https:\/\/www.gold.fr\/news\/wp-json\/wp\/v2\/tags?post=10491"},{"taxonomy":"author","embeddable":true,"href":"https:\/\/www.gold.fr\/news\/wp-json\/wp\/v2\/ppma_author?post=10491"}],"curies":[{"name":"wp","href":"https:\/\/api.w.org\/{rel}","templated":true}]}}