{"id":10468,"date":"2013-01-17T13:00:54","date_gmt":"2013-01-17T12:00:54","guid":{"rendered":"https:\/\/www.gold.fr\/news\/?p=10468"},"modified":"2017-11-02T11:34:34","modified_gmt":"2017-11-02T10:34:34","slug":"lascension-de-lor-continue","status":"publish","type":"post","link":"https:\/\/www.gold.fr\/news\/2013\/01\/17\/lascension-de-lor-continue\/","title":{"rendered":"L&rsquo;ascension de l&rsquo;or continue"},"content":{"rendered":"<p><span style=\"font-size: small;\"><img loading=\"lazy\" decoding=\"async\" class=\"alignleft size-thumbnail wp-image-6061\" title=\"Cours de l'Or de Bourse\" src=\"https:\/\/www.gold.fr\/news\/wp-content\/uploads\/2012\/02\/cours-de-lOr-150x150.jpg\" alt=\"\" width=\"150\" height=\"150\" \/>Et c&rsquo;est une ascension aussi solide que rapide. L&rsquo;<a href='https:\/\/www.gold.fr\/news\/tags\/or' class='esk-seo-plu-link'>or<\/a> a accumul\u00e9 le joli pactole de plus de <strong>25 dollars<\/strong> depuis le d\u00e9but de la semaine (par rapport \u00e0 la cl\u00f4ture de la semaine derni\u00e8re). Il r\u00e9ussit ainsi la plus belle performance de <a title=\"L\u2019or sort vainqueur de l\u2019ann\u00e9e 2012\" href=\"https:\/\/www.gold.fr\/news\/2013\/01\/16\/lor-sort-vainqueur-de-lannee-2012\/10436\/\" target=\"_blank\">ces quatre derniers mois<\/a> et se distingue nettement dans un march\u00e9 des mati\u00e8res premi\u00e8res en pleine stagnation.<\/span>    <span style=\"font-size: small;\">Avec les indices europ\u00e9ens et am\u00e9ricains qui jouent les montagnes russes, la situation n&rsquo;a rien de rassurant des deux c\u00f4t\u00e9s de l&rsquo;Atlantique. L&rsquo;<a href='https:\/\/www.gold.fr\/news\/tags\/or' class='esk-seo-plu-link'>or<\/a> profite donc de la crise prolong\u00e9e des deux principales devises internationales.<\/span>    <span style=\"font-size: small;\">A l&rsquo;ouverture de la s\u00e9ance de ce <strong>jeudi 17 janvier 2013<\/strong>, le <a href='https:\/\/www.gold.fr\/news\/tags\/or' class='esk-seo-plu-link'>m\u00e9tal jaune<\/a> affiche un nouveau <a title=\"Prix de l\u2019or\" href=\"https:\/\/www.gold.fr\/cours-prix-de-l-or\/\" target=\"_blank\">cours<\/a> nettement haussier de <strong>1 682.35 dollars<\/strong> l&rsquo;<a title=\"Prix de l\u2019Once d\u2019Or\" href=\"https:\/\/www.gold.fr\/once-en\/\" target=\"_blank\">once<\/a>.<\/span><\/p>\n<!-- AddThis Advanced Settings generic via filter on the_content --><!-- AddThis Share Buttons generic via filter on the_content -->","protected":false},"excerpt":{"rendered":"<p>Et c&rsquo;est une ascension aussi solide que rapide. L&rsquo;or a accumul\u00e9 le joli pactole de plus de 25 dollars depuis le d\u00e9but de la semaine (par rapport \u00e0 la cl\u00f4ture de la semaine derni\u00e8re). Il r\u00e9ussit [&hellip;]<\/p>\n","protected":false},"author":18,"featured_media":6061,"comment_status":"open","ping_status":"open","sticky":false,"template":"","format":"standard","meta":{"_mbp_gutenberg_autopost":false,"_pgmb_is_evergreen":false,"_pgmb_ap_template_id":0,"footnotes":""},"categories":[5],"tags":[385,84],"ppma_author":[2565],"class_list":["post-10468","post","type-post","status-publish","format-standard","has-post-thumbnail","hentry","category-flash-infos","tag-cours-de-lor-de-bourse","tag-cours-de-lor"],"yoast_head":"<!-- This site is optimized with the Yoast SEO plugin v26.9 - https:\/\/yoast.com\/product\/yoast-seo-wordpress\/ -->\n<title>L&#039;ascension de l&#039;or continue - Gold.fr<\/title>\n<meta name=\"robots\" content=\"index, follow, max-snippet:-1, max-image-preview:large, max-video-preview:-1\" \/>\n<link rel=\"canonical\" href=\"https:\/\/www.gold.fr\/news\/2013\/01\/17\/lascension-de-lor-continue\/\" \/>\n<meta property=\"og:locale\" content=\"fr_FR\" \/>\n<meta property=\"og:type\" content=\"article\" \/>\n<meta property=\"og:title\" content=\"L&#039;ascension de l&#039;or continue - Gold.fr\" \/>\n<meta property=\"og:description\" content=\"Et c&rsquo;est une ascension aussi solide que rapide. L&rsquo;or a accumul\u00e9 le joli pactole de plus de 25 dollars depuis le d\u00e9but de la semaine (par rapport \u00e0 la cl\u00f4ture de la semaine derni\u00e8re). Il r\u00e9ussit [&hellip;]\" \/>\n<meta property=\"og:url\" content=\"https:\/\/www.gold.fr\/news\/2013\/01\/17\/lascension-de-lor-continue\/\" \/>\n<meta property=\"og:site_name\" content=\"Gold.fr\" \/>\n<meta property=\"article:publisher\" content=\"https:\/\/www.facebook.com\/Goldfr\/\" \/>\n<meta property=\"article:published_time\" content=\"2013-01-17T12:00:54+00:00\" \/>\n<meta property=\"article:modified_time\" content=\"2017-11-02T10:34:34+00:00\" \/>\n<meta property=\"og:image\" content=\"https:\/\/www.gold.fr\/news\/wp-content\/uploads\/2012\/02\/cours-de-lOr.jpg\" \/>\n\t<meta property=\"og:image:width\" content=\"600\" \/>\n\t<meta property=\"og:image:height\" content=\"450\" \/>\n\t<meta property=\"og:image:type\" content=\"image\/jpeg\" \/>\n<meta name=\"author\" content=\"Comptoir National de l&#039;Or\" \/>\n<meta name=\"twitter:card\" content=\"summary_large_image\" \/>\n<meta name=\"twitter:label1\" content=\"\u00c9crit par\" \/>\n\t<meta name=\"twitter:data1\" content=\"Comptoir National de l&#039;Or\" \/>\n\t<meta name=\"twitter:label2\" content=\"Dur\u00e9e de lecture estim\u00e9e\" \/>\n\t<meta name=\"twitter:data2\" content=\"1 minute\" \/>\n<script type=\"application\/ld+json\" class=\"yoast-schema-graph\">{\"@context\":\"https:\/\/schema.org\",\"@graph\":[{\"@type\":\"Article\",\"@id\":\"https:\/\/www.gold.fr\/news\/2013\/01\/17\/lascension-de-lor-continue\/#article\",\"isPartOf\":{\"@id\":\"https:\/\/www.gold.fr\/news\/2013\/01\/17\/lascension-de-lor-continue\/\"},\"author\":{\"name\":\"Comptoir National de l'Or\",\"@id\":\"https:\/\/www.gold.fr\/news\/#\/schema\/person\/760ee7cec237915eebf2be78df0404c4\"},\"headline\":\"L&rsquo;ascension de l&rsquo;or continue\",\"datePublished\":\"2013-01-17T12:00:54+00:00\",\"dateModified\":\"2017-11-02T10:34:34+00:00\",\"mainEntityOfPage\":{\"@id\":\"https:\/\/www.gold.fr\/news\/2013\/01\/17\/lascension-de-lor-continue\/\"},\"wordCount\":138,\"commentCount\":0,\"image\":{\"@id\":\"https:\/\/www.gold.fr\/news\/2013\/01\/17\/lascension-de-lor-continue\/#primaryimage\"},\"thumbnailUrl\":\"https:\/\/www.gold.fr\/news\/wp-content\/uploads\/2012\/02\/cours-de-lOr.jpg\",\"keywords\":[\"cours de l'or de bourse\",\"Tout Cours de l'Or\"],\"articleSection\":[\"Flash infos\"],\"inLanguage\":\"fr-FR\"},{\"@type\":\"WebPage\",\"@id\":\"https:\/\/www.gold.fr\/news\/2013\/01\/17\/lascension-de-lor-continue\/\",\"url\":\"https:\/\/www.gold.fr\/news\/2013\/01\/17\/lascension-de-lor-continue\/\",\"name\":\"L'ascension de l'or continue - Gold.fr\",\"isPartOf\":{\"@id\":\"https:\/\/www.gold.fr\/news\/#website\"},\"primaryImageOfPage\":{\"@id\":\"https:\/\/www.gold.fr\/news\/2013\/01\/17\/lascension-de-lor-continue\/#primaryimage\"},\"image\":{\"@id\":\"https:\/\/www.gold.fr\/news\/2013\/01\/17\/lascension-de-lor-continue\/#primaryimage\"},\"thumbnailUrl\":\"https:\/\/www.gold.fr\/news\/wp-content\/uploads\/2012\/02\/cours-de-lOr.jpg\",\"datePublished\":\"2013-01-17T12:00:54+00:00\",\"dateModified\":\"2017-11-02T10:34:34+00:00\",\"author\":{\"@id\":\"https:\/\/www.gold.fr\/news\/#\/schema\/person\/760ee7cec237915eebf2be78df0404c4\"},\"breadcrumb\":{\"@id\":\"https:\/\/www.gold.fr\/news\/2013\/01\/17\/lascension-de-lor-continue\/#breadcrumb\"},\"inLanguage\":\"fr-FR\",\"potentialAction\":[{\"@type\":\"ReadAction\",\"target\":[\"https:\/\/www.gold.fr\/news\/2013\/01\/17\/lascension-de-lor-continue\/\"]}]},{\"@type\":\"ImageObject\",\"inLanguage\":\"fr-FR\",\"@id\":\"https:\/\/www.gold.fr\/news\/2013\/01\/17\/lascension-de-lor-continue\/#primaryimage\",\"url\":\"https:\/\/www.gold.fr\/news\/wp-content\/uploads\/2012\/02\/cours-de-lOr.jpg\",\"contentUrl\":\"https:\/\/www.gold.fr\/news\/wp-content\/uploads\/2012\/02\/cours-de-lOr.jpg\",\"width\":\"600\",\"height\":\"450\",\"caption\":\"March\u00e9s : Draghi tire l\u2019ensemble des bourses vers le bas\"},{\"@type\":\"BreadcrumbList\",\"@id\":\"https:\/\/www.gold.fr\/news\/2013\/01\/17\/lascension-de-lor-continue\/#breadcrumb\",\"itemListElement\":[{\"@type\":\"ListItem\",\"position\":1,\"name\":\"Accueil\",\"item\":\"https:\/\/www.gold.fr\/\"},{\"@type\":\"ListItem\",\"position\":2,\"name\":\"Actualit\u00e9s\",\"item\":\"https:\/\/www.gold.fr\/news\/\"},{\"@type\":\"ListItem\",\"position\":3,\"name\":\"L&rsquo;ascension de l&rsquo;or continue\"}]},{\"@type\":\"WebSite\",\"@id\":\"https:\/\/www.gold.fr\/news\/#website\",\"url\":\"https:\/\/www.gold.fr\/news\/\",\"name\":\"Gold.fr\",\"description\":\"Actualit\u00e9s de l&#039;Or et des m\u00e9taux pr\u00e9cieux\",\"potentialAction\":[{\"@type\":\"SearchAction\",\"target\":{\"@type\":\"EntryPoint\",\"urlTemplate\":\"https:\/\/www.gold.fr\/news\/?s={search_term_string}\"},\"query-input\":{\"@type\":\"PropertyValueSpecification\",\"valueRequired\":true,\"valueName\":\"search_term_string\"}}],\"inLanguage\":\"fr-FR\"},{\"@type\":\"Person\",\"@id\":\"https:\/\/www.gold.fr\/news\/#\/schema\/person\/760ee7cec237915eebf2be78df0404c4\",\"name\":\"Comptoir National de l'Or\",\"image\":{\"@type\":\"ImageObject\",\"inLanguage\":\"fr-FR\",\"@id\":\"https:\/\/www.gold.fr\/news\/#\/schema\/person\/image\/c36675942654553a86039d2dfa93c740\",\"url\":\"https:\/\/secure.gravatar.com\/avatar\/713f289e398d35ead876c4a4cc08607f0d6d266058cfc25683fffb6092d0e572?s=96&d=mm&r=g\",\"contentUrl\":\"https:\/\/secure.gravatar.com\/avatar\/713f289e398d35ead876c4a4cc08607f0d6d266058cfc25683fffb6092d0e572?s=96&d=mm&r=g\",\"caption\":\"Comptoir National de l'Or\"},\"description\":\"Notre r\u00e9daction est constitu\u00e9e de membres experts dans les m\u00e9tiers de l'\u00e9conomie et la gestion, des Responsables d'agence Comptoir National de l'Or, des analystes financiers qui publient r\u00e9guli\u00e8rement des \u00e9tudes sur les politiques des banques centrales, le cours de l'or, prix de l'or, cours de l'argent, prix de l'argent, cours du platine, cours du palladium,... la situation en zone euro et l'impact de la strat\u00e9gie mon\u00e9taire de la FED. Notre \u00e9quipe scrute \u00e9galement une information plus g\u00e9n\u00e9raliste \u00e0 la recherche d'actualit\u00e9 \\\"p\u00e9pite\\\" \u00e0 vous partager. Depuis 5 ans, nous avons publi\u00e9 un peu plus de 4000 articles qui s'adressent \u00e0 un public large et vari\u00e9 ayant pour objectif de satisfaire votre curiosit\u00e9 et de partager avec vous une certaine fascination pour le m\u00e9tal jaune, le rachat d'or, et pour ceux qui veulent investir dans l'or, vendre leur or tout simplement en savoir plus... Pour tous vos achat or et argent, n'h\u00e9sitez pas \u00e0 prendre rendez-vous dans l'un de nos nombreux comptoirs.\",\"sameAs\":[\"https:\/\/www.gold.fr\"]}]}<\/script>\n<!-- \/ Yoast SEO plugin. -->","yoast_head_json":{"title":"L'ascension de l'or continue - Gold.fr","robots":{"index":"index","follow":"follow","max-snippet":"max-snippet:-1","max-image-preview":"max-image-preview:large","max-video-preview":"max-video-preview:-1"},"canonical":"https:\/\/www.gold.fr\/news\/2013\/01\/17\/lascension-de-lor-continue\/","og_locale":"fr_FR","og_type":"article","og_title":"L'ascension de l'or continue - Gold.fr","og_description":"Et c&rsquo;est une ascension aussi solide que rapide. L&rsquo;or a accumul\u00e9 le joli pactole de plus de 25 dollars depuis le d\u00e9but de la semaine (par rapport \u00e0 la cl\u00f4ture de la semaine derni\u00e8re). Il r\u00e9ussit [&hellip;]","og_url":"https:\/\/www.gold.fr\/news\/2013\/01\/17\/lascension-de-lor-continue\/","og_site_name":"Gold.fr","article_publisher":"https:\/\/www.facebook.com\/Goldfr\/","article_published_time":"2013-01-17T12:00:54+00:00","article_modified_time":"2017-11-02T10:34:34+00:00","og_image":[{"width":600,"height":450,"url":"https:\/\/www.gold.fr\/news\/wp-content\/uploads\/2012\/02\/cours-de-lOr.jpg","type":"image\/jpeg"}],"author":"Comptoir National de l'Or","twitter_card":"summary_large_image","twitter_misc":{"\u00c9crit par":"Comptoir National de l'Or","Dur\u00e9e de lecture estim\u00e9e":"1 minute"},"schema":{"@context":"https:\/\/schema.org","@graph":[{"@type":"Article","@id":"https:\/\/www.gold.fr\/news\/2013\/01\/17\/lascension-de-lor-continue\/#article","isPartOf":{"@id":"https:\/\/www.gold.fr\/news\/2013\/01\/17\/lascension-de-lor-continue\/"},"author":{"name":"Comptoir National de l'Or","@id":"https:\/\/www.gold.fr\/news\/#\/schema\/person\/760ee7cec237915eebf2be78df0404c4"},"headline":"L&rsquo;ascension de l&rsquo;or continue","datePublished":"2013-01-17T12:00:54+00:00","dateModified":"2017-11-02T10:34:34+00:00","mainEntityOfPage":{"@id":"https:\/\/www.gold.fr\/news\/2013\/01\/17\/lascension-de-lor-continue\/"},"wordCount":138,"commentCount":0,"image":{"@id":"https:\/\/www.gold.fr\/news\/2013\/01\/17\/lascension-de-lor-continue\/#primaryimage"},"thumbnailUrl":"https:\/\/www.gold.fr\/news\/wp-content\/uploads\/2012\/02\/cours-de-lOr.jpg","keywords":["cours de l'or de bourse","Tout Cours de l'Or"],"articleSection":["Flash infos"],"inLanguage":"fr-FR"},{"@type":"WebPage","@id":"https:\/\/www.gold.fr\/news\/2013\/01\/17\/lascension-de-lor-continue\/","url":"https:\/\/www.gold.fr\/news\/2013\/01\/17\/lascension-de-lor-continue\/","name":"L'ascension de l'or continue - Gold.fr","isPartOf":{"@id":"https:\/\/www.gold.fr\/news\/#website"},"primaryImageOfPage":{"@id":"https:\/\/www.gold.fr\/news\/2013\/01\/17\/lascension-de-lor-continue\/#primaryimage"},"image":{"@id":"https:\/\/www.gold.fr\/news\/2013\/01\/17\/lascension-de-lor-continue\/#primaryimage"},"thumbnailUrl":"https:\/\/www.gold.fr\/news\/wp-content\/uploads\/2012\/02\/cours-de-lOr.jpg","datePublished":"2013-01-17T12:00:54+00:00","dateModified":"2017-11-02T10:34:34+00:00","author":{"@id":"https:\/\/www.gold.fr\/news\/#\/schema\/person\/760ee7cec237915eebf2be78df0404c4"},"breadcrumb":{"@id":"https:\/\/www.gold.fr\/news\/2013\/01\/17\/lascension-de-lor-continue\/#breadcrumb"},"inLanguage":"fr-FR","potentialAction":[{"@type":"ReadAction","target":["https:\/\/www.gold.fr\/news\/2013\/01\/17\/lascension-de-lor-continue\/"]}]},{"@type":"ImageObject","inLanguage":"fr-FR","@id":"https:\/\/www.gold.fr\/news\/2013\/01\/17\/lascension-de-lor-continue\/#primaryimage","url":"https:\/\/www.gold.fr\/news\/wp-content\/uploads\/2012\/02\/cours-de-lOr.jpg","contentUrl":"https:\/\/www.gold.fr\/news\/wp-content\/uploads\/2012\/02\/cours-de-lOr.jpg","width":"600","height":"450","caption":"March\u00e9s : Draghi tire l\u2019ensemble des bourses vers le bas"},{"@type":"BreadcrumbList","@id":"https:\/\/www.gold.fr\/news\/2013\/01\/17\/lascension-de-lor-continue\/#breadcrumb","itemListElement":[{"@type":"ListItem","position":1,"name":"Accueil","item":"https:\/\/www.gold.fr\/"},{"@type":"ListItem","position":2,"name":"Actualit\u00e9s","item":"https:\/\/www.gold.fr\/news\/"},{"@type":"ListItem","position":3,"name":"L&rsquo;ascension de l&rsquo;or continue"}]},{"@type":"WebSite","@id":"https:\/\/www.gold.fr\/news\/#website","url":"https:\/\/www.gold.fr\/news\/","name":"Gold.fr","description":"Actualit\u00e9s de l&#039;Or et des m\u00e9taux pr\u00e9cieux","potentialAction":[{"@type":"SearchAction","target":{"@type":"EntryPoint","urlTemplate":"https:\/\/www.gold.fr\/news\/?s={search_term_string}"},"query-input":{"@type":"PropertyValueSpecification","valueRequired":true,"valueName":"search_term_string"}}],"inLanguage":"fr-FR"},{"@type":"Person","@id":"https:\/\/www.gold.fr\/news\/#\/schema\/person\/760ee7cec237915eebf2be78df0404c4","name":"Comptoir National de l'Or","image":{"@type":"ImageObject","inLanguage":"fr-FR","@id":"https:\/\/www.gold.fr\/news\/#\/schema\/person\/image\/c36675942654553a86039d2dfa93c740","url":"https:\/\/secure.gravatar.com\/avatar\/713f289e398d35ead876c4a4cc08607f0d6d266058cfc25683fffb6092d0e572?s=96&d=mm&r=g","contentUrl":"https:\/\/secure.gravatar.com\/avatar\/713f289e398d35ead876c4a4cc08607f0d6d266058cfc25683fffb6092d0e572?s=96&d=mm&r=g","caption":"Comptoir National de l'Or"},"description":"Notre r\u00e9daction est constitu\u00e9e de membres experts dans les m\u00e9tiers de l'\u00e9conomie et la gestion, des Responsables d'agence Comptoir National de l'Or, des analystes financiers qui publient r\u00e9guli\u00e8rement des \u00e9tudes sur les politiques des banques centrales, le cours de l'or, prix de l'or, cours de l'argent, prix de l'argent, cours du platine, cours du palladium,... la situation en zone euro et l'impact de la strat\u00e9gie mon\u00e9taire de la FED. Notre \u00e9quipe scrute \u00e9galement une information plus g\u00e9n\u00e9raliste \u00e0 la recherche d'actualit\u00e9 \"p\u00e9pite\" \u00e0 vous partager. Depuis 5 ans, nous avons publi\u00e9 un peu plus de 4000 articles qui s'adressent \u00e0 un public large et vari\u00e9 ayant pour objectif de satisfaire votre curiosit\u00e9 et de partager avec vous une certaine fascination pour le m\u00e9tal jaune, le rachat d'or, et pour ceux qui veulent investir dans l'or, vendre leur or tout simplement en savoir plus... Pour tous vos achat or et argent, n'h\u00e9sitez pas \u00e0 prendre rendez-vous dans l'un de nos nombreux comptoirs.","sameAs":["https:\/\/www.gold.fr"]}]}},"authors":[{"term_id":2565,"user_id":18,"is_guest":0,"slug":"julie","display_name":"Comptoir National de l'Or","avatar_url":"https:\/\/secure.gravatar.com\/avatar\/713f289e398d35ead876c4a4cc08607f0d6d266058cfc25683fffb6092d0e572?s=96&d=mm&r=g","0":null,"1":"","2":"","3":"","4":"","5":"","6":"","7":"","8":""}],"_links":{"self":[{"href":"https:\/\/www.gold.fr\/news\/wp-json\/wp\/v2\/posts\/10468","targetHints":{"allow":["GET"]}}],"collection":[{"href":"https:\/\/www.gold.fr\/news\/wp-json\/wp\/v2\/posts"}],"about":[{"href":"https:\/\/www.gold.fr\/news\/wp-json\/wp\/v2\/types\/post"}],"author":[{"embeddable":true,"href":"https:\/\/www.gold.fr\/news\/wp-json\/wp\/v2\/users\/18"}],"replies":[{"embeddable":true,"href":"https:\/\/www.gold.fr\/news\/wp-json\/wp\/v2\/comments?post=10468"}],"version-history":[{"count":0,"href":"https:\/\/www.gold.fr\/news\/wp-json\/wp\/v2\/posts\/10468\/revisions"}],"wp:featuredmedia":[{"embeddable":true,"href":"https:\/\/www.gold.fr\/news\/wp-json\/wp\/v2\/media\/6061"}],"wp:attachment":[{"href":"https:\/\/www.gold.fr\/news\/wp-json\/wp\/v2\/media?parent=10468"}],"wp:term":[{"taxonomy":"category","embeddable":true,"href":"https:\/\/www.gold.fr\/news\/wp-json\/wp\/v2\/categories?post=10468"},{"taxonomy":"post_tag","embeddable":true,"href":"https:\/\/www.gold.fr\/news\/wp-json\/wp\/v2\/tags?post=10468"},{"taxonomy":"author","embeddable":true,"href":"https:\/\/www.gold.fr\/news\/wp-json\/wp\/v2\/ppma_author?post=10468"}],"curies":[{"name":"wp","href":"https:\/\/api.w.org\/{rel}","templated":true}]}}