{"id":10401,"date":"2013-01-10T17:00:48","date_gmt":"2013-01-10T16:00:48","guid":{"rendered":"https:\/\/www.gold.fr\/news\/?p=10401"},"modified":"2019-08-08T10:40:20","modified_gmt":"2019-08-08T08:40:20","slug":"les-chiffres-de-lemploi-us-calment-les-marches","status":"publish","type":"post","link":"https:\/\/www.gold.fr\/news\/2013\/01\/10\/les-chiffres-de-lemploi-us-calment-les-marches\/","title":{"rendered":"Les chiffres de l\u2019emploi US calment les march\u00e9s"},"content":{"rendered":"<p><span style=\"font-size: small;\"><img loading=\"lazy\" decoding=\"async\" class=\"alignleft size-thumbnail wp-image-10402\" title=\"Les chiffres de l\u2019emploi US calment les march\u00e9s\" src=\"https:\/\/www.gold.fr\/news\/wp-content\/uploads\/2013\/01\/drapeau-usa-150x150.jpg\" alt=\"\" width=\"150\" height=\"150\" \/>La compagnie de gestion des ressources humaines am\u00e9ricaines (<strong>ADP<\/strong>) vient de publier son dernier rapport relatif aux plus r\u00e9cents chiffres de l&#8217;emploi aux USA. Et le document est pour le moins surprenant.<\/span> <span style=\"font-size: small;\">D&rsquo;apr\u00e8s l&rsquo;ADP, <strong>215 000 emplois<\/strong> non agricoles ont \u00e9t\u00e9 cr\u00e9\u00e9s dans le secteur priv\u00e9 des Etats-Unis (chiffre d\u00e9coul\u00e9 d&rsquo;un ajustement saisonnier pour le mois de <strong>d\u00e9cembre 2012<\/strong>). Il faut savoir que l&rsquo;estimation attendue, \u00e0 ce niveau, \u00e9tait de <strong>133 000 emplois<\/strong> (donc, largement d\u00e9pass\u00e9e).<\/span> <span style=\"font-size: small;\">Le d\u00e9partement d&rsquo;\u00e9tat au travail des Etats-Unis a \u00e9galement soulign\u00e9 que le nombre des citoyens am\u00e9ricains \u00e0 avoir d\u00e9pos\u00e9 une demande d&rsquo;allocation ch\u00f4mage, durant la semaine achev\u00e9e le 29 d\u00e9cembre, avait \u00e9volu\u00e9 de <strong>10 000 unit\u00e9s<\/strong> pour se fixer finalement \u00e0 <strong>372 000<\/strong> apr\u00e8s correction. Rappelons que l&rsquo;estimation de d\u00e9cembre annon\u00e7ait <strong>7 000<\/strong> de moins, pour un total de <strong>355 000<\/strong>.<\/span> <span style=\"font-size: small;\">Avec ce sursaut de redynamisation inattendu, les transactions sur le march\u00e9 de l&rsquo;<a class=\"esk-seo-plu-link\" href=\"https:\/\/www.gold.fr\/news\/tags\/or\">or<\/a> ont connu, durant la semaine derni\u00e8re, un l\u00e9ger recul que les experts estiment pr\u00e9visible, face \u00e0 la publication de la performance honorable de l&#8217;emploi am\u00e9ricain.<\/span> <span style=\"font-size: small;\">Mais ce calme impos\u00e9 est toutefois loin de rassurer les investisseurs, qui gardent le regard braqu\u00e9 sur le compte-rendu d\u00e9taill\u00e9 de la derni\u00e8re r\u00e9union du comit\u00e9 d&rsquo;orientation de la <a title=\"La FED place les march\u00e9s en \u00ab expectative n\u00e9gative \u00bb\" href=\"https:\/\/www.gold.fr\/news\/2013\/01\/09\/la-fed-place-les-marches-en-expectative-negative\/10397\/\" target=\"_blank\" rel=\"noopener noreferrer\">politique mon\u00e9taire de la R\u00e9serve F\u00e9d\u00e9rale<\/a>. Sans compter que m\u00eame les chiffres de l&#8217;emploi demeurent sujets \u00e0 forte stagnation d&rsquo;un rapport \u00e0 l&rsquo;autre.<\/span> <span style=\"font-size: small;\">Dans l&rsquo;ensemble, donc, les op\u00e9rateurs s&rsquo;attendent \u00e0 voir l&rsquo;<a class=\"esk-seo-plu-link\" href=\"https:\/\/www.gold.fr\/news\/tags\/or\">or<\/a> effectuer un grand retour en force dans un d\u00e9lai de <strong>2<\/strong> \u00e0 <strong>3 semaines<\/strong>.<\/span><\/p>\n<!-- AddThis Advanced Settings generic via filter on the_content --><!-- AddThis Share Buttons generic via filter on the_content -->","protected":false},"excerpt":{"rendered":"<p>La compagnie de gestion des ressources humaines am\u00e9ricaines (ADP) vient de publier son dernier rapport relatif aux plus r\u00e9cents chiffres de l&#8217;emploi aux USA. Et le document est pour le moins surprenant. D&rsquo;apr\u00e8s l&rsquo;ADP, 215 000 [&hellip;]<\/p>\n","protected":false},"author":18,"featured_media":10402,"comment_status":"open","ping_status":"open","sticky":false,"template":"","format":"standard","meta":{"_mbp_gutenberg_autopost":false,"_pgmb_is_evergreen":false,"_pgmb_ap_template_id":0,"footnotes":""},"categories":[6],"tags":[1062,405],"ppma_author":[2565],"class_list":["post-10401","post","type-post","status-publish","format-standard","has-post-thumbnail","hentry","category-articles-de-presse","tag-chiffres-emploi-us","tag-usa"],"yoast_head":"<!-- This site is optimized with the Yoast SEO plugin v27.5 - https:\/\/yoast.com\/product\/yoast-seo-wordpress\/ -->\n<title>Les chiffres de l\u2019emploi US calment les march\u00e9s - Gold.fr<\/title>\n<meta name=\"description\" content=\"D\u00e9couvrez les derni\u00e8res chiffres de l&#039;emploi US qui calment les march\u00e9s. Pour en savoir plus, rendez-vous sur Gold.fr. Le site d&#039;actualit\u00e9 du Comptoir National de l&#039;Or.\" \/>\n<meta name=\"robots\" content=\"index, follow, max-snippet:-1, max-image-preview:large, max-video-preview:-1\" \/>\n<link rel=\"canonical\" href=\"https:\/\/www.gold.fr\/news\/2013\/01\/10\/les-chiffres-de-lemploi-us-calment-les-marches\/\" \/>\n<meta property=\"og:locale\" content=\"fr_FR\" \/>\n<meta property=\"og:type\" content=\"article\" \/>\n<meta property=\"og:title\" content=\"Les chiffres de l\u2019emploi US calment les march\u00e9s - Gold.fr\" \/>\n<meta property=\"og:description\" content=\"D\u00e9couvrez les derni\u00e8res chiffres de l&#039;emploi US qui calment les march\u00e9s. Pour en savoir plus, rendez-vous sur Gold.fr. Le site d&#039;actualit\u00e9 du Comptoir National de l&#039;Or.\" \/>\n<meta property=\"og:url\" content=\"https:\/\/www.gold.fr\/news\/2013\/01\/10\/les-chiffres-de-lemploi-us-calment-les-marches\/\" \/>\n<meta property=\"og:site_name\" content=\"Gold.fr\" \/>\n<meta property=\"article:publisher\" content=\"https:\/\/www.facebook.com\/Goldfr\/\" \/>\n<meta property=\"article:published_time\" content=\"2013-01-10T16:00:48+00:00\" \/>\n<meta property=\"article:modified_time\" content=\"2019-08-08T08:40:20+00:00\" \/>\n<meta property=\"og:image\" content=\"https:\/\/www.gold.fr\/news\/wp-content\/uploads\/2013\/01\/drapeau-usa.jpg\" \/>\n\t<meta property=\"og:image:width\" content=\"605\" \/>\n\t<meta property=\"og:image:height\" content=\"357\" \/>\n\t<meta property=\"og:image:type\" content=\"image\/jpeg\" \/>\n<meta name=\"author\" content=\"Comptoir National de l&#039;Or\" \/>\n<meta name=\"twitter:card\" content=\"summary_large_image\" \/>\n<meta name=\"twitter:label1\" content=\"\u00c9crit par\" \/>\n\t<meta name=\"twitter:data1\" content=\"Comptoir National de l&#039;Or\" \/>\n\t<meta name=\"twitter:label2\" content=\"Dur\u00e9e de lecture estim\u00e9e\" \/>\n\t<meta name=\"twitter:data2\" content=\"1 minute\" \/>\n<script type=\"application\/ld+json\" class=\"yoast-schema-graph\">{\"@context\":\"https:\\\/\\\/schema.org\",\"@graph\":[{\"@type\":\"Article\",\"@id\":\"https:\\\/\\\/www.gold.fr\\\/news\\\/2013\\\/01\\\/10\\\/les-chiffres-de-lemploi-us-calment-les-marches\\\/#article\",\"isPartOf\":{\"@id\":\"https:\\\/\\\/www.gold.fr\\\/news\\\/2013\\\/01\\\/10\\\/les-chiffres-de-lemploi-us-calment-les-marches\\\/\"},\"author\":{\"name\":\"Comptoir National de l'Or\",\"@id\":\"https:\\\/\\\/www.gold.fr\\\/news\\\/#\\\/schema\\\/person\\\/070491b4b4fb7671bf59b3be20302ce9\"},\"headline\":\"Les chiffres de l\u2019emploi US calment les march\u00e9s\",\"datePublished\":\"2013-01-10T16:00:48+00:00\",\"dateModified\":\"2019-08-08T08:40:20+00:00\",\"mainEntityOfPage\":{\"@id\":\"https:\\\/\\\/www.gold.fr\\\/news\\\/2013\\\/01\\\/10\\\/les-chiffres-de-lemploi-us-calment-les-marches\\\/\"},\"wordCount\":285,\"commentCount\":0,\"image\":{\"@id\":\"https:\\\/\\\/www.gold.fr\\\/news\\\/2013\\\/01\\\/10\\\/les-chiffres-de-lemploi-us-calment-les-marches\\\/#primaryimage\"},\"thumbnailUrl\":\"https:\\\/\\\/www.gold.fr\\\/news\\\/wp-content\\\/uploads\\\/2013\\\/01\\\/drapeau-usa.jpg\",\"keywords\":[\"chiffres emploi US\",\"usa\"],\"articleSection\":[\"Articles de presse\"],\"inLanguage\":\"fr-FR\"},{\"@type\":\"WebPage\",\"@id\":\"https:\\\/\\\/www.gold.fr\\\/news\\\/2013\\\/01\\\/10\\\/les-chiffres-de-lemploi-us-calment-les-marches\\\/\",\"url\":\"https:\\\/\\\/www.gold.fr\\\/news\\\/2013\\\/01\\\/10\\\/les-chiffres-de-lemploi-us-calment-les-marches\\\/\",\"name\":\"Les chiffres de l\u2019emploi US calment les march\u00e9s - Gold.fr\",\"isPartOf\":{\"@id\":\"https:\\\/\\\/www.gold.fr\\\/news\\\/#website\"},\"primaryImageOfPage\":{\"@id\":\"https:\\\/\\\/www.gold.fr\\\/news\\\/2013\\\/01\\\/10\\\/les-chiffres-de-lemploi-us-calment-les-marches\\\/#primaryimage\"},\"image\":{\"@id\":\"https:\\\/\\\/www.gold.fr\\\/news\\\/2013\\\/01\\\/10\\\/les-chiffres-de-lemploi-us-calment-les-marches\\\/#primaryimage\"},\"thumbnailUrl\":\"https:\\\/\\\/www.gold.fr\\\/news\\\/wp-content\\\/uploads\\\/2013\\\/01\\\/drapeau-usa.jpg\",\"datePublished\":\"2013-01-10T16:00:48+00:00\",\"dateModified\":\"2019-08-08T08:40:20+00:00\",\"author\":{\"@id\":\"https:\\\/\\\/www.gold.fr\\\/news\\\/#\\\/schema\\\/person\\\/070491b4b4fb7671bf59b3be20302ce9\"},\"description\":\"D\u00e9couvrez les derni\u00e8res chiffres de l'emploi US qui calment les march\u00e9s. Pour en savoir plus, rendez-vous sur Gold.fr. Le site d'actualit\u00e9 du Comptoir National de l'Or.\",\"breadcrumb\":{\"@id\":\"https:\\\/\\\/www.gold.fr\\\/news\\\/2013\\\/01\\\/10\\\/les-chiffres-de-lemploi-us-calment-les-marches\\\/#breadcrumb\"},\"inLanguage\":\"fr-FR\",\"potentialAction\":[{\"@type\":\"ReadAction\",\"target\":[\"https:\\\/\\\/www.gold.fr\\\/news\\\/2013\\\/01\\\/10\\\/les-chiffres-de-lemploi-us-calment-les-marches\\\/\"]}]},{\"@type\":\"ImageObject\",\"inLanguage\":\"fr-FR\",\"@id\":\"https:\\\/\\\/www.gold.fr\\\/news\\\/2013\\\/01\\\/10\\\/les-chiffres-de-lemploi-us-calment-les-marches\\\/#primaryimage\",\"url\":\"https:\\\/\\\/www.gold.fr\\\/news\\\/wp-content\\\/uploads\\\/2013\\\/01\\\/drapeau-usa.jpg\",\"contentUrl\":\"https:\\\/\\\/www.gold.fr\\\/news\\\/wp-content\\\/uploads\\\/2013\\\/01\\\/drapeau-usa.jpg\",\"width\":\"605\",\"height\":\"357\",\"caption\":\"March\u00e9 de l\u2019or : Faut-il craindre la hausse des taux de la FED ?\"},{\"@type\":\"BreadcrumbList\",\"@id\":\"https:\\\/\\\/www.gold.fr\\\/news\\\/2013\\\/01\\\/10\\\/les-chiffres-de-lemploi-us-calment-les-marches\\\/#breadcrumb\",\"itemListElement\":[{\"@type\":\"ListItem\",\"position\":1,\"name\":\"Accueil\",\"item\":\"https:\\\/\\\/www.gold.fr\\\/\"},{\"@type\":\"ListItem\",\"position\":2,\"name\":\"Actualit\u00e9s\",\"item\":\"https:\\\/\\\/www.gold.fr\\\/news\\\/\"},{\"@type\":\"ListItem\",\"position\":3,\"name\":\"Les chiffres de l\u2019emploi US calment les march\u00e9s\"}]},{\"@type\":\"WebSite\",\"@id\":\"https:\\\/\\\/www.gold.fr\\\/news\\\/#website\",\"url\":\"https:\\\/\\\/www.gold.fr\\\/news\\\/\",\"name\":\"Gold.fr\",\"description\":\"Actualit\u00e9s de l&#039;Or et des m\u00e9taux pr\u00e9cieux\",\"potentialAction\":[{\"@type\":\"SearchAction\",\"target\":{\"@type\":\"EntryPoint\",\"urlTemplate\":\"https:\\\/\\\/www.gold.fr\\\/news\\\/?s={search_term_string}\"},\"query-input\":{\"@type\":\"PropertyValueSpecification\",\"valueRequired\":true,\"valueName\":\"search_term_string\"}}],\"inLanguage\":\"fr-FR\"},{\"@type\":\"Person\",\"@id\":\"https:\\\/\\\/www.gold.fr\\\/news\\\/#\\\/schema\\\/person\\\/070491b4b4fb7671bf59b3be20302ce9\",\"name\":\"Comptoir National de l'Or\",\"image\":{\"@type\":\"ImageObject\",\"inLanguage\":\"fr-FR\",\"@id\":\"https:\\\/\\\/secure.gravatar.com\\\/avatar\\\/0a2867fd5abe37bed95d5a65e9d58f01756e11efc68af9888dfc50cfa7f65948?s=96&d=mm&r=gb490554db0a38188709de567aa58480d\",\"url\":\"https:\\\/\\\/secure.gravatar.com\\\/avatar\\\/0a2867fd5abe37bed95d5a65e9d58f01756e11efc68af9888dfc50cfa7f65948?s=96&d=mm&r=g\",\"contentUrl\":\"https:\\\/\\\/secure.gravatar.com\\\/avatar\\\/0a2867fd5abe37bed95d5a65e9d58f01756e11efc68af9888dfc50cfa7f65948?s=96&d=mm&r=g\",\"caption\":\"Comptoir National de l'Or\"},\"description\":\"Notre r\u00e9daction est constitu\u00e9e de membres experts dans les m\u00e9tiers de l'\u00e9conomie et la gestion, des Responsables d'agence Comptoir National de l'Or, des analystes financiers qui publient r\u00e9guli\u00e8rement des \u00e9tudes sur les politiques des banques centrales, le cours de l'or, prix de l'or, cours de l'argent, prix de l'argent, cours du platine, cours du palladium,... la situation en zone euro et l'impact de la strat\u00e9gie mon\u00e9taire de la FED. Notre \u00e9quipe scrute \u00e9galement une information plus g\u00e9n\u00e9raliste \u00e0 la recherche d'actualit\u00e9 \\\"p\u00e9pite\\\" \u00e0 vous partager. Depuis 5 ans, nous avons publi\u00e9 un peu plus de 4000 articles qui s'adressent \u00e0 un public large et vari\u00e9 ayant pour objectif de satisfaire votre curiosit\u00e9 et de partager avec vous une certaine fascination pour le m\u00e9tal jaune, le rachat d'or, et pour ceux qui veulent investir dans l'or, vendre leur or tout simplement en savoir plus... Pour tous vos achat or et argent, n'h\u00e9sitez pas \u00e0 prendre rendez-vous dans l'un de nos nombreux comptoirs.\",\"sameAs\":[\"https:\\\/\\\/www.gold.fr\"]}]}<\/script>\n<!-- \/ Yoast SEO plugin. -->","yoast_head_json":{"title":"Les chiffres de l\u2019emploi US calment les march\u00e9s - Gold.fr","description":"D\u00e9couvrez les derni\u00e8res chiffres de l'emploi US qui calment les march\u00e9s. Pour en savoir plus, rendez-vous sur Gold.fr. Le site d'actualit\u00e9 du Comptoir National de l'Or.","robots":{"index":"index","follow":"follow","max-snippet":"max-snippet:-1","max-image-preview":"max-image-preview:large","max-video-preview":"max-video-preview:-1"},"canonical":"https:\/\/www.gold.fr\/news\/2013\/01\/10\/les-chiffres-de-lemploi-us-calment-les-marches\/","og_locale":"fr_FR","og_type":"article","og_title":"Les chiffres de l\u2019emploi US calment les march\u00e9s - Gold.fr","og_description":"D\u00e9couvrez les derni\u00e8res chiffres de l'emploi US qui calment les march\u00e9s. Pour en savoir plus, rendez-vous sur Gold.fr. Le site d'actualit\u00e9 du Comptoir National de l'Or.","og_url":"https:\/\/www.gold.fr\/news\/2013\/01\/10\/les-chiffres-de-lemploi-us-calment-les-marches\/","og_site_name":"Gold.fr","article_publisher":"https:\/\/www.facebook.com\/Goldfr\/","article_published_time":"2013-01-10T16:00:48+00:00","article_modified_time":"2019-08-08T08:40:20+00:00","og_image":[{"width":605,"height":357,"url":"https:\/\/www.gold.fr\/news\/wp-content\/uploads\/2013\/01\/drapeau-usa.jpg","type":"image\/jpeg"}],"author":"Comptoir National de l'Or","twitter_card":"summary_large_image","twitter_misc":{"\u00c9crit par":"Comptoir National de l'Or","Dur\u00e9e de lecture estim\u00e9e":"1 minute"},"schema":{"@context":"https:\/\/schema.org","@graph":[{"@type":"Article","@id":"https:\/\/www.gold.fr\/news\/2013\/01\/10\/les-chiffres-de-lemploi-us-calment-les-marches\/#article","isPartOf":{"@id":"https:\/\/www.gold.fr\/news\/2013\/01\/10\/les-chiffres-de-lemploi-us-calment-les-marches\/"},"author":{"name":"Comptoir National de l'Or","@id":"https:\/\/www.gold.fr\/news\/#\/schema\/person\/070491b4b4fb7671bf59b3be20302ce9"},"headline":"Les chiffres de l\u2019emploi US calment les march\u00e9s","datePublished":"2013-01-10T16:00:48+00:00","dateModified":"2019-08-08T08:40:20+00:00","mainEntityOfPage":{"@id":"https:\/\/www.gold.fr\/news\/2013\/01\/10\/les-chiffres-de-lemploi-us-calment-les-marches\/"},"wordCount":285,"commentCount":0,"image":{"@id":"https:\/\/www.gold.fr\/news\/2013\/01\/10\/les-chiffres-de-lemploi-us-calment-les-marches\/#primaryimage"},"thumbnailUrl":"https:\/\/www.gold.fr\/news\/wp-content\/uploads\/2013\/01\/drapeau-usa.jpg","keywords":["chiffres emploi US","usa"],"articleSection":["Articles de presse"],"inLanguage":"fr-FR"},{"@type":"WebPage","@id":"https:\/\/www.gold.fr\/news\/2013\/01\/10\/les-chiffres-de-lemploi-us-calment-les-marches\/","url":"https:\/\/www.gold.fr\/news\/2013\/01\/10\/les-chiffres-de-lemploi-us-calment-les-marches\/","name":"Les chiffres de l\u2019emploi US calment les march\u00e9s - Gold.fr","isPartOf":{"@id":"https:\/\/www.gold.fr\/news\/#website"},"primaryImageOfPage":{"@id":"https:\/\/www.gold.fr\/news\/2013\/01\/10\/les-chiffres-de-lemploi-us-calment-les-marches\/#primaryimage"},"image":{"@id":"https:\/\/www.gold.fr\/news\/2013\/01\/10\/les-chiffres-de-lemploi-us-calment-les-marches\/#primaryimage"},"thumbnailUrl":"https:\/\/www.gold.fr\/news\/wp-content\/uploads\/2013\/01\/drapeau-usa.jpg","datePublished":"2013-01-10T16:00:48+00:00","dateModified":"2019-08-08T08:40:20+00:00","author":{"@id":"https:\/\/www.gold.fr\/news\/#\/schema\/person\/070491b4b4fb7671bf59b3be20302ce9"},"description":"D\u00e9couvrez les derni\u00e8res chiffres de l'emploi US qui calment les march\u00e9s. Pour en savoir plus, rendez-vous sur Gold.fr. Le site d'actualit\u00e9 du Comptoir National de l'Or.","breadcrumb":{"@id":"https:\/\/www.gold.fr\/news\/2013\/01\/10\/les-chiffres-de-lemploi-us-calment-les-marches\/#breadcrumb"},"inLanguage":"fr-FR","potentialAction":[{"@type":"ReadAction","target":["https:\/\/www.gold.fr\/news\/2013\/01\/10\/les-chiffres-de-lemploi-us-calment-les-marches\/"]}]},{"@type":"ImageObject","inLanguage":"fr-FR","@id":"https:\/\/www.gold.fr\/news\/2013\/01\/10\/les-chiffres-de-lemploi-us-calment-les-marches\/#primaryimage","url":"https:\/\/www.gold.fr\/news\/wp-content\/uploads\/2013\/01\/drapeau-usa.jpg","contentUrl":"https:\/\/www.gold.fr\/news\/wp-content\/uploads\/2013\/01\/drapeau-usa.jpg","width":"605","height":"357","caption":"March\u00e9 de l\u2019or : Faut-il craindre la hausse des taux de la FED ?"},{"@type":"BreadcrumbList","@id":"https:\/\/www.gold.fr\/news\/2013\/01\/10\/les-chiffres-de-lemploi-us-calment-les-marches\/#breadcrumb","itemListElement":[{"@type":"ListItem","position":1,"name":"Accueil","item":"https:\/\/www.gold.fr\/"},{"@type":"ListItem","position":2,"name":"Actualit\u00e9s","item":"https:\/\/www.gold.fr\/news\/"},{"@type":"ListItem","position":3,"name":"Les chiffres de l\u2019emploi US calment les march\u00e9s"}]},{"@type":"WebSite","@id":"https:\/\/www.gold.fr\/news\/#website","url":"https:\/\/www.gold.fr\/news\/","name":"Gold.fr","description":"Actualit\u00e9s de l&#039;Or et des m\u00e9taux pr\u00e9cieux","potentialAction":[{"@type":"SearchAction","target":{"@type":"EntryPoint","urlTemplate":"https:\/\/www.gold.fr\/news\/?s={search_term_string}"},"query-input":{"@type":"PropertyValueSpecification","valueRequired":true,"valueName":"search_term_string"}}],"inLanguage":"fr-FR"},{"@type":"Person","@id":"https:\/\/www.gold.fr\/news\/#\/schema\/person\/070491b4b4fb7671bf59b3be20302ce9","name":"Comptoir National de l'Or","image":{"@type":"ImageObject","inLanguage":"fr-FR","@id":"https:\/\/secure.gravatar.com\/avatar\/0a2867fd5abe37bed95d5a65e9d58f01756e11efc68af9888dfc50cfa7f65948?s=96&d=mm&r=gb490554db0a38188709de567aa58480d","url":"https:\/\/secure.gravatar.com\/avatar\/0a2867fd5abe37bed95d5a65e9d58f01756e11efc68af9888dfc50cfa7f65948?s=96&d=mm&r=g","contentUrl":"https:\/\/secure.gravatar.com\/avatar\/0a2867fd5abe37bed95d5a65e9d58f01756e11efc68af9888dfc50cfa7f65948?s=96&d=mm&r=g","caption":"Comptoir National de l'Or"},"description":"Notre r\u00e9daction est constitu\u00e9e de membres experts dans les m\u00e9tiers de l'\u00e9conomie et la gestion, des Responsables d'agence Comptoir National de l'Or, des analystes financiers qui publient r\u00e9guli\u00e8rement des \u00e9tudes sur les politiques des banques centrales, le cours de l'or, prix de l'or, cours de l'argent, prix de l'argent, cours du platine, cours du palladium,... la situation en zone euro et l'impact de la strat\u00e9gie mon\u00e9taire de la FED. Notre \u00e9quipe scrute \u00e9galement une information plus g\u00e9n\u00e9raliste \u00e0 la recherche d'actualit\u00e9 \"p\u00e9pite\" \u00e0 vous partager. Depuis 5 ans, nous avons publi\u00e9 un peu plus de 4000 articles qui s'adressent \u00e0 un public large et vari\u00e9 ayant pour objectif de satisfaire votre curiosit\u00e9 et de partager avec vous une certaine fascination pour le m\u00e9tal jaune, le rachat d'or, et pour ceux qui veulent investir dans l'or, vendre leur or tout simplement en savoir plus... Pour tous vos achat or et argent, n'h\u00e9sitez pas \u00e0 prendre rendez-vous dans l'un de nos nombreux comptoirs.","sameAs":["https:\/\/www.gold.fr"]}]}},"authors":[{"term_id":2565,"user_id":18,"is_guest":0,"slug":"julie","display_name":"Comptoir National de l'Or","avatar_url":"https:\/\/secure.gravatar.com\/avatar\/713f289e398d35ead876c4a4cc08607f0d6d266058cfc25683fffb6092d0e572?s=96&d=mm&r=g","0":null,"1":"","2":"","3":"","4":"","5":"","6":"","7":"","8":""}],"_links":{"self":[{"href":"https:\/\/www.gold.fr\/news\/wp-json\/wp\/v2\/posts\/10401","targetHints":{"allow":["GET"]}}],"collection":[{"href":"https:\/\/www.gold.fr\/news\/wp-json\/wp\/v2\/posts"}],"about":[{"href":"https:\/\/www.gold.fr\/news\/wp-json\/wp\/v2\/types\/post"}],"author":[{"embeddable":true,"href":"https:\/\/www.gold.fr\/news\/wp-json\/wp\/v2\/users\/18"}],"replies":[{"embeddable":true,"href":"https:\/\/www.gold.fr\/news\/wp-json\/wp\/v2\/comments?post=10401"}],"version-history":[{"count":0,"href":"https:\/\/www.gold.fr\/news\/wp-json\/wp\/v2\/posts\/10401\/revisions"}],"wp:featuredmedia":[{"embeddable":true,"href":"https:\/\/www.gold.fr\/news\/wp-json\/wp\/v2\/media\/10402"}],"wp:attachment":[{"href":"https:\/\/www.gold.fr\/news\/wp-json\/wp\/v2\/media?parent=10401"}],"wp:term":[{"taxonomy":"category","embeddable":true,"href":"https:\/\/www.gold.fr\/news\/wp-json\/wp\/v2\/categories?post=10401"},{"taxonomy":"post_tag","embeddable":true,"href":"https:\/\/www.gold.fr\/news\/wp-json\/wp\/v2\/tags?post=10401"},{"taxonomy":"author","embeddable":true,"href":"https:\/\/www.gold.fr\/news\/wp-json\/wp\/v2\/ppma_author?post=10401"}],"curies":[{"name":"wp","href":"https:\/\/api.w.org\/{rel}","templated":true}]}}