{"id":10395,"date":"2013-01-09T09:00:33","date_gmt":"2013-01-09T08:00:33","guid":{"rendered":"https:\/\/www.gold.fr\/news\/?p=10395"},"modified":"2017-11-02T11:34:37","modified_gmt":"2017-11-02T10:34:37","slug":"limminente-crise-dendettement-us","status":"publish","type":"post","link":"https:\/\/www.gold.fr\/news\/2013\/01\/09\/limminente-crise-dendettement-us\/","title":{"rendered":"L\u2019imminente crise d\u2019endettement US"},"content":{"rendered":"<p><span style=\"font-size: small;\"><img loading=\"lazy\" decoding=\"async\" class=\"alignleft size-thumbnail wp-image-4684\" title=\"L\u2019imminente crise d\u2019endettement US \" src=\"https:\/\/www.gold.fr\/news\/wp-content\/uploads\/2011\/12\/or-monde-150x150.jpg\" alt=\"\" width=\"150\" height=\"150\" \/>C\u2019est la bagatelle de <strong>600 milliards de dollars<\/strong> de hausse d&rsquo;imp\u00f4ts, doubl\u00e9e d\u2019une s\u00e9v\u00e8re chute des d\u00e9penses publiques, que la chambre des repr\u00e9sentants am\u00e9ricains vient d\u2019\u00e9viter au pays en ratifiant une loi sp\u00e9cifique. <a title=\"\u00ab Solution \u00bb am\u00e9ricaine : Un enthousiasme mitig\u00e9\" href=\"https:\/\/www.gold.fr\/news\/2013\/01\/08\/solution-americaine-un-enthousiasme-mitige\/10386\/\" target=\"_blank\">Cette loi<\/a> \u00e9vite aussi et surtout le d\u00e9clenchement m\u00e9canique d\u2019une avalanche de cons\u00e9quences catastrophiques d\u00e9coul\u00e9es du <a title=\"La menace du mur fiscal fait flamber l\u2019or\" href=\"https:\/\/www.gold.fr\/news\/2013\/01\/07\/la-menace-du-mur-fiscal-fait-flamber-lor\/10378\/\" target=\"_blank\">d\u00e9passement du plafond de la dette nationale<\/a>.<\/span>    <span style=\"font-size: small;\">Du coup, les h\u00e9ros du moment sont les r\u00e9publicains et les d\u00e9mocrates am\u00e9ricains (ce f\u00fbt en tout cas le cas tout au long de la premi\u00e8re semaine de janvier 2013) qui offrent au pays un r\u00e9pit tant esp\u00e9r\u00e9.<\/span>    <span style=\"font-size: small;\">Les mesures adopt\u00e9es consistent, selon <strong>Saxo Banque<\/strong>, \u00e0 appliquer une \u00ab <em>hausse de l&rsquo;imp\u00f4t sur le revenu des foyers gagnant plus de 450.000 dollars<\/em> \u00bb annuels, doubl\u00e9e de l\u2019extension de l&rsquo;assurance-ch\u00f4mage de longue dur\u00e9e \u00e0 <strong>2 millions de personnes<\/strong>, sur une dur\u00e9e totale de <strong>12 mois<\/strong>. Reste, \u00e9videmment \u00e0 r\u00e9gler le volet de \u00ab <em>la r\u00e9duction des d\u00e9penses publiques et l&rsquo;augmentation du plafond de la dette<\/em> \u00bb. Rappelons que la dette am\u00e9ricaine s\u2019\u00e9l\u00e8ve aujourd\u2019hui \u00e0 <strong>16 321 milliards de dollars<\/strong>, et se retrouve ainsi \u00e0 quelques <strong>73 milliards<\/strong> de sa limite l\u00e9gale. Une fois ce palier franchi, le gouvernement am\u00e9ricain ne sera plus \u00e0 m\u00eame d\u2019assumer ses propres d\u00e9penses.<\/span>    <span style=\"font-size: small;\">Du coup, d\u2019apr\u00e8s les analystes du fameux \u00e9tablissement bancaire \u00ab <em>les Etats-Unis ont toujours une \u00e9p\u00e9e de Damocl\u00e8s au-dessus de la t\u00eate et le probl\u00e8me de la dette am\u00e9ricaine reste entier sur ce point<\/em> \u00bb.<\/span><\/p>\n<!-- AddThis Advanced Settings generic via filter on the_content --><!-- AddThis Share Buttons generic via filter on the_content -->","protected":false},"excerpt":{"rendered":"<p>C\u2019est la bagatelle de 600 milliards de dollars de hausse d&rsquo;imp\u00f4ts, doubl\u00e9e d\u2019une s\u00e9v\u00e8re chute des d\u00e9penses publiques, que la chambre des repr\u00e9sentants am\u00e9ricains vient d\u2019\u00e9viter au pays en ratifiant une loi sp\u00e9cifique. Cette loi \u00e9vite [&hellip;]<\/p>\n","protected":false},"author":18,"featured_media":4684,"comment_status":"open","ping_status":"open","sticky":false,"template":"","format":"standard","meta":{"_mbp_gutenberg_autopost":false,"_pgmb_is_evergreen":false,"_pgmb_ap_template_id":0,"footnotes":""},"categories":[6],"tags":[923,831,1059,1038],"ppma_author":[2565],"class_list":["post-10395","post","type-post","status-publish","format-standard","has-post-thumbnail","hentry","category-articles-de-presse","tag-crise","tag-crise-americaine","tag-endettement-us","tag-mur-fiscal"],"yoast_head":"<!-- This site is optimized with the Yoast SEO plugin v27.5 - https:\/\/yoast.com\/product\/yoast-seo-wordpress\/ -->\n<title>L\u2019imminente crise d\u2019endettement US - Gold.fr<\/title>\n<meta name=\"robots\" content=\"index, follow, max-snippet:-1, max-image-preview:large, max-video-preview:-1\" \/>\n<link rel=\"canonical\" href=\"https:\/\/www.gold.fr\/news\/2013\/01\/09\/limminente-crise-dendettement-us\/\" \/>\n<meta property=\"og:locale\" content=\"fr_FR\" \/>\n<meta property=\"og:type\" content=\"article\" \/>\n<meta property=\"og:title\" content=\"L\u2019imminente crise d\u2019endettement US - Gold.fr\" \/>\n<meta property=\"og:description\" content=\"C\u2019est la bagatelle de 600 milliards de dollars de hausse d&rsquo;imp\u00f4ts, doubl\u00e9e d\u2019une s\u00e9v\u00e8re chute des d\u00e9penses publiques, que la chambre des repr\u00e9sentants am\u00e9ricains vient d\u2019\u00e9viter au pays en ratifiant une loi sp\u00e9cifique. Cette loi \u00e9vite [&hellip;]\" \/>\n<meta property=\"og:url\" content=\"https:\/\/www.gold.fr\/news\/2013\/01\/09\/limminente-crise-dendettement-us\/\" \/>\n<meta property=\"og:site_name\" content=\"Gold.fr\" \/>\n<meta property=\"article:publisher\" content=\"https:\/\/www.facebook.com\/Goldfr\/\" \/>\n<meta property=\"article:published_time\" content=\"2013-01-09T08:00:33+00:00\" \/>\n<meta property=\"article:modified_time\" content=\"2017-11-02T10:34:37+00:00\" \/>\n<meta property=\"og:image\" content=\"https:\/\/www.gold.fr\/news\/wp-content\/uploads\/2011\/12\/or-monde.jpg\" \/>\n\t<meta property=\"og:image:width\" content=\"600\" \/>\n\t<meta property=\"og:image:height\" content=\"400\" \/>\n\t<meta property=\"og:image:type\" content=\"image\/jpeg\" \/>\n<meta name=\"author\" content=\"Comptoir National de l&#039;Or\" \/>\n<meta name=\"twitter:card\" content=\"summary_large_image\" \/>\n<meta name=\"twitter:label1\" content=\"\u00c9crit par\" \/>\n\t<meta name=\"twitter:data1\" content=\"Comptoir National de l&#039;Or\" \/>\n\t<meta name=\"twitter:label2\" content=\"Dur\u00e9e de lecture estim\u00e9e\" \/>\n\t<meta name=\"twitter:data2\" content=\"1 minute\" \/>\n<script type=\"application\/ld+json\" class=\"yoast-schema-graph\">{\"@context\":\"https:\\\/\\\/schema.org\",\"@graph\":[{\"@type\":\"Article\",\"@id\":\"https:\\\/\\\/www.gold.fr\\\/news\\\/2013\\\/01\\\/09\\\/limminente-crise-dendettement-us\\\/#article\",\"isPartOf\":{\"@id\":\"https:\\\/\\\/www.gold.fr\\\/news\\\/2013\\\/01\\\/09\\\/limminente-crise-dendettement-us\\\/\"},\"author\":{\"name\":\"Comptoir National de l'Or\",\"@id\":\"https:\\\/\\\/www.gold.fr\\\/news\\\/#\\\/schema\\\/person\\\/070491b4b4fb7671bf59b3be20302ce9\"},\"headline\":\"L\u2019imminente crise d\u2019endettement US\",\"datePublished\":\"2013-01-09T08:00:33+00:00\",\"dateModified\":\"2017-11-02T10:34:37+00:00\",\"mainEntityOfPage\":{\"@id\":\"https:\\\/\\\/www.gold.fr\\\/news\\\/2013\\\/01\\\/09\\\/limminente-crise-dendettement-us\\\/\"},\"wordCount\":280,\"commentCount\":0,\"image\":{\"@id\":\"https:\\\/\\\/www.gold.fr\\\/news\\\/2013\\\/01\\\/09\\\/limminente-crise-dendettement-us\\\/#primaryimage\"},\"thumbnailUrl\":\"https:\\\/\\\/www.gold.fr\\\/news\\\/wp-content\\\/uploads\\\/2011\\\/12\\\/or-monde.jpg\",\"keywords\":[\"crise\",\"crise am\u00e9ricaine\",\"endettement US\",\"Mur fiscal\"],\"articleSection\":[\"Articles de presse\"],\"inLanguage\":\"fr-FR\"},{\"@type\":\"WebPage\",\"@id\":\"https:\\\/\\\/www.gold.fr\\\/news\\\/2013\\\/01\\\/09\\\/limminente-crise-dendettement-us\\\/\",\"url\":\"https:\\\/\\\/www.gold.fr\\\/news\\\/2013\\\/01\\\/09\\\/limminente-crise-dendettement-us\\\/\",\"name\":\"L\u2019imminente crise d\u2019endettement US - Gold.fr\",\"isPartOf\":{\"@id\":\"https:\\\/\\\/www.gold.fr\\\/news\\\/#website\"},\"primaryImageOfPage\":{\"@id\":\"https:\\\/\\\/www.gold.fr\\\/news\\\/2013\\\/01\\\/09\\\/limminente-crise-dendettement-us\\\/#primaryimage\"},\"image\":{\"@id\":\"https:\\\/\\\/www.gold.fr\\\/news\\\/2013\\\/01\\\/09\\\/limminente-crise-dendettement-us\\\/#primaryimage\"},\"thumbnailUrl\":\"https:\\\/\\\/www.gold.fr\\\/news\\\/wp-content\\\/uploads\\\/2011\\\/12\\\/or-monde.jpg\",\"datePublished\":\"2013-01-09T08:00:33+00:00\",\"dateModified\":\"2017-11-02T10:34:37+00:00\",\"author\":{\"@id\":\"https:\\\/\\\/www.gold.fr\\\/news\\\/#\\\/schema\\\/person\\\/070491b4b4fb7671bf59b3be20302ce9\"},\"breadcrumb\":{\"@id\":\"https:\\\/\\\/www.gold.fr\\\/news\\\/2013\\\/01\\\/09\\\/limminente-crise-dendettement-us\\\/#breadcrumb\"},\"inLanguage\":\"fr-FR\",\"potentialAction\":[{\"@type\":\"ReadAction\",\"target\":[\"https:\\\/\\\/www.gold.fr\\\/news\\\/2013\\\/01\\\/09\\\/limminente-crise-dendettement-us\\\/\"]}]},{\"@type\":\"ImageObject\",\"inLanguage\":\"fr-FR\",\"@id\":\"https:\\\/\\\/www.gold.fr\\\/news\\\/2013\\\/01\\\/09\\\/limminente-crise-dendettement-us\\\/#primaryimage\",\"url\":\"https:\\\/\\\/www.gold.fr\\\/news\\\/wp-content\\\/uploads\\\/2011\\\/12\\\/or-monde.jpg\",\"contentUrl\":\"https:\\\/\\\/www.gold.fr\\\/news\\\/wp-content\\\/uploads\\\/2011\\\/12\\\/or-monde.jpg\",\"width\":\"600\",\"height\":\"400\",\"caption\":\"March\u00e9s : Nouvelle saison de r\u00e9sultats\"},{\"@type\":\"BreadcrumbList\",\"@id\":\"https:\\\/\\\/www.gold.fr\\\/news\\\/2013\\\/01\\\/09\\\/limminente-crise-dendettement-us\\\/#breadcrumb\",\"itemListElement\":[{\"@type\":\"ListItem\",\"position\":1,\"name\":\"Accueil\",\"item\":\"https:\\\/\\\/www.gold.fr\\\/\"},{\"@type\":\"ListItem\",\"position\":2,\"name\":\"Actualit\u00e9s\",\"item\":\"https:\\\/\\\/www.gold.fr\\\/news\\\/\"},{\"@type\":\"ListItem\",\"position\":3,\"name\":\"L\u2019imminente crise d\u2019endettement US\"}]},{\"@type\":\"WebSite\",\"@id\":\"https:\\\/\\\/www.gold.fr\\\/news\\\/#website\",\"url\":\"https:\\\/\\\/www.gold.fr\\\/news\\\/\",\"name\":\"Gold.fr\",\"description\":\"Actualit\u00e9s de l&#039;Or et des m\u00e9taux pr\u00e9cieux\",\"potentialAction\":[{\"@type\":\"SearchAction\",\"target\":{\"@type\":\"EntryPoint\",\"urlTemplate\":\"https:\\\/\\\/www.gold.fr\\\/news\\\/?s={search_term_string}\"},\"query-input\":{\"@type\":\"PropertyValueSpecification\",\"valueRequired\":true,\"valueName\":\"search_term_string\"}}],\"inLanguage\":\"fr-FR\"},{\"@type\":\"Person\",\"@id\":\"https:\\\/\\\/www.gold.fr\\\/news\\\/#\\\/schema\\\/person\\\/070491b4b4fb7671bf59b3be20302ce9\",\"name\":\"Comptoir National de l'Or\",\"image\":{\"@type\":\"ImageObject\",\"inLanguage\":\"fr-FR\",\"@id\":\"https:\\\/\\\/secure.gravatar.com\\\/avatar\\\/0a2867fd5abe37bed95d5a65e9d58f01756e11efc68af9888dfc50cfa7f65948?s=96&d=mm&r=gb490554db0a38188709de567aa58480d\",\"url\":\"https:\\\/\\\/secure.gravatar.com\\\/avatar\\\/0a2867fd5abe37bed95d5a65e9d58f01756e11efc68af9888dfc50cfa7f65948?s=96&d=mm&r=g\",\"contentUrl\":\"https:\\\/\\\/secure.gravatar.com\\\/avatar\\\/0a2867fd5abe37bed95d5a65e9d58f01756e11efc68af9888dfc50cfa7f65948?s=96&d=mm&r=g\",\"caption\":\"Comptoir National de l'Or\"},\"description\":\"Notre r\u00e9daction est constitu\u00e9e de membres experts dans les m\u00e9tiers de l'\u00e9conomie et la gestion, des Responsables d'agence Comptoir National de l'Or, des analystes financiers qui publient r\u00e9guli\u00e8rement des \u00e9tudes sur les politiques des banques centrales, le cours de l'or, prix de l'or, cours de l'argent, prix de l'argent, cours du platine, cours du palladium,... la situation en zone euro et l'impact de la strat\u00e9gie mon\u00e9taire de la FED. Notre \u00e9quipe scrute \u00e9galement une information plus g\u00e9n\u00e9raliste \u00e0 la recherche d'actualit\u00e9 \\\"p\u00e9pite\\\" \u00e0 vous partager. Depuis 5 ans, nous avons publi\u00e9 un peu plus de 4000 articles qui s'adressent \u00e0 un public large et vari\u00e9 ayant pour objectif de satisfaire votre curiosit\u00e9 et de partager avec vous une certaine fascination pour le m\u00e9tal jaune, le rachat d'or, et pour ceux qui veulent investir dans l'or, vendre leur or tout simplement en savoir plus... Pour tous vos achat or et argent, n'h\u00e9sitez pas \u00e0 prendre rendez-vous dans l'un de nos nombreux comptoirs.\",\"sameAs\":[\"https:\\\/\\\/www.gold.fr\"]}]}<\/script>\n<!-- \/ Yoast SEO plugin. -->","yoast_head_json":{"title":"L\u2019imminente crise d\u2019endettement US - Gold.fr","robots":{"index":"index","follow":"follow","max-snippet":"max-snippet:-1","max-image-preview":"max-image-preview:large","max-video-preview":"max-video-preview:-1"},"canonical":"https:\/\/www.gold.fr\/news\/2013\/01\/09\/limminente-crise-dendettement-us\/","og_locale":"fr_FR","og_type":"article","og_title":"L\u2019imminente crise d\u2019endettement US - Gold.fr","og_description":"C\u2019est la bagatelle de 600 milliards de dollars de hausse d&rsquo;imp\u00f4ts, doubl\u00e9e d\u2019une s\u00e9v\u00e8re chute des d\u00e9penses publiques, que la chambre des repr\u00e9sentants am\u00e9ricains vient d\u2019\u00e9viter au pays en ratifiant une loi sp\u00e9cifique. Cette loi \u00e9vite [&hellip;]","og_url":"https:\/\/www.gold.fr\/news\/2013\/01\/09\/limminente-crise-dendettement-us\/","og_site_name":"Gold.fr","article_publisher":"https:\/\/www.facebook.com\/Goldfr\/","article_published_time":"2013-01-09T08:00:33+00:00","article_modified_time":"2017-11-02T10:34:37+00:00","og_image":[{"width":600,"height":400,"url":"https:\/\/www.gold.fr\/news\/wp-content\/uploads\/2011\/12\/or-monde.jpg","type":"image\/jpeg"}],"author":"Comptoir National de l'Or","twitter_card":"summary_large_image","twitter_misc":{"\u00c9crit par":"Comptoir National de l'Or","Dur\u00e9e de lecture estim\u00e9e":"1 minute"},"schema":{"@context":"https:\/\/schema.org","@graph":[{"@type":"Article","@id":"https:\/\/www.gold.fr\/news\/2013\/01\/09\/limminente-crise-dendettement-us\/#article","isPartOf":{"@id":"https:\/\/www.gold.fr\/news\/2013\/01\/09\/limminente-crise-dendettement-us\/"},"author":{"name":"Comptoir National de l'Or","@id":"https:\/\/www.gold.fr\/news\/#\/schema\/person\/070491b4b4fb7671bf59b3be20302ce9"},"headline":"L\u2019imminente crise d\u2019endettement US","datePublished":"2013-01-09T08:00:33+00:00","dateModified":"2017-11-02T10:34:37+00:00","mainEntityOfPage":{"@id":"https:\/\/www.gold.fr\/news\/2013\/01\/09\/limminente-crise-dendettement-us\/"},"wordCount":280,"commentCount":0,"image":{"@id":"https:\/\/www.gold.fr\/news\/2013\/01\/09\/limminente-crise-dendettement-us\/#primaryimage"},"thumbnailUrl":"https:\/\/www.gold.fr\/news\/wp-content\/uploads\/2011\/12\/or-monde.jpg","keywords":["crise","crise am\u00e9ricaine","endettement US","Mur fiscal"],"articleSection":["Articles de presse"],"inLanguage":"fr-FR"},{"@type":"WebPage","@id":"https:\/\/www.gold.fr\/news\/2013\/01\/09\/limminente-crise-dendettement-us\/","url":"https:\/\/www.gold.fr\/news\/2013\/01\/09\/limminente-crise-dendettement-us\/","name":"L\u2019imminente crise d\u2019endettement US - Gold.fr","isPartOf":{"@id":"https:\/\/www.gold.fr\/news\/#website"},"primaryImageOfPage":{"@id":"https:\/\/www.gold.fr\/news\/2013\/01\/09\/limminente-crise-dendettement-us\/#primaryimage"},"image":{"@id":"https:\/\/www.gold.fr\/news\/2013\/01\/09\/limminente-crise-dendettement-us\/#primaryimage"},"thumbnailUrl":"https:\/\/www.gold.fr\/news\/wp-content\/uploads\/2011\/12\/or-monde.jpg","datePublished":"2013-01-09T08:00:33+00:00","dateModified":"2017-11-02T10:34:37+00:00","author":{"@id":"https:\/\/www.gold.fr\/news\/#\/schema\/person\/070491b4b4fb7671bf59b3be20302ce9"},"breadcrumb":{"@id":"https:\/\/www.gold.fr\/news\/2013\/01\/09\/limminente-crise-dendettement-us\/#breadcrumb"},"inLanguage":"fr-FR","potentialAction":[{"@type":"ReadAction","target":["https:\/\/www.gold.fr\/news\/2013\/01\/09\/limminente-crise-dendettement-us\/"]}]},{"@type":"ImageObject","inLanguage":"fr-FR","@id":"https:\/\/www.gold.fr\/news\/2013\/01\/09\/limminente-crise-dendettement-us\/#primaryimage","url":"https:\/\/www.gold.fr\/news\/wp-content\/uploads\/2011\/12\/or-monde.jpg","contentUrl":"https:\/\/www.gold.fr\/news\/wp-content\/uploads\/2011\/12\/or-monde.jpg","width":"600","height":"400","caption":"March\u00e9s : Nouvelle saison de r\u00e9sultats"},{"@type":"BreadcrumbList","@id":"https:\/\/www.gold.fr\/news\/2013\/01\/09\/limminente-crise-dendettement-us\/#breadcrumb","itemListElement":[{"@type":"ListItem","position":1,"name":"Accueil","item":"https:\/\/www.gold.fr\/"},{"@type":"ListItem","position":2,"name":"Actualit\u00e9s","item":"https:\/\/www.gold.fr\/news\/"},{"@type":"ListItem","position":3,"name":"L\u2019imminente crise d\u2019endettement US"}]},{"@type":"WebSite","@id":"https:\/\/www.gold.fr\/news\/#website","url":"https:\/\/www.gold.fr\/news\/","name":"Gold.fr","description":"Actualit\u00e9s de l&#039;Or et des m\u00e9taux pr\u00e9cieux","potentialAction":[{"@type":"SearchAction","target":{"@type":"EntryPoint","urlTemplate":"https:\/\/www.gold.fr\/news\/?s={search_term_string}"},"query-input":{"@type":"PropertyValueSpecification","valueRequired":true,"valueName":"search_term_string"}}],"inLanguage":"fr-FR"},{"@type":"Person","@id":"https:\/\/www.gold.fr\/news\/#\/schema\/person\/070491b4b4fb7671bf59b3be20302ce9","name":"Comptoir National de l'Or","image":{"@type":"ImageObject","inLanguage":"fr-FR","@id":"https:\/\/secure.gravatar.com\/avatar\/0a2867fd5abe37bed95d5a65e9d58f01756e11efc68af9888dfc50cfa7f65948?s=96&d=mm&r=gb490554db0a38188709de567aa58480d","url":"https:\/\/secure.gravatar.com\/avatar\/0a2867fd5abe37bed95d5a65e9d58f01756e11efc68af9888dfc50cfa7f65948?s=96&d=mm&r=g","contentUrl":"https:\/\/secure.gravatar.com\/avatar\/0a2867fd5abe37bed95d5a65e9d58f01756e11efc68af9888dfc50cfa7f65948?s=96&d=mm&r=g","caption":"Comptoir National de l'Or"},"description":"Notre r\u00e9daction est constitu\u00e9e de membres experts dans les m\u00e9tiers de l'\u00e9conomie et la gestion, des Responsables d'agence Comptoir National de l'Or, des analystes financiers qui publient r\u00e9guli\u00e8rement des \u00e9tudes sur les politiques des banques centrales, le cours de l'or, prix de l'or, cours de l'argent, prix de l'argent, cours du platine, cours du palladium,... la situation en zone euro et l'impact de la strat\u00e9gie mon\u00e9taire de la FED. Notre \u00e9quipe scrute \u00e9galement une information plus g\u00e9n\u00e9raliste \u00e0 la recherche d'actualit\u00e9 \"p\u00e9pite\" \u00e0 vous partager. Depuis 5 ans, nous avons publi\u00e9 un peu plus de 4000 articles qui s'adressent \u00e0 un public large et vari\u00e9 ayant pour objectif de satisfaire votre curiosit\u00e9 et de partager avec vous une certaine fascination pour le m\u00e9tal jaune, le rachat d'or, et pour ceux qui veulent investir dans l'or, vendre leur or tout simplement en savoir plus... Pour tous vos achat or et argent, n'h\u00e9sitez pas \u00e0 prendre rendez-vous dans l'un de nos nombreux comptoirs.","sameAs":["https:\/\/www.gold.fr"]}]}},"authors":[{"term_id":2565,"user_id":18,"is_guest":0,"slug":"julie","display_name":"Comptoir National de l'Or","avatar_url":"https:\/\/secure.gravatar.com\/avatar\/713f289e398d35ead876c4a4cc08607f0d6d266058cfc25683fffb6092d0e572?s=96&d=mm&r=g","0":null,"1":"","2":"","3":"","4":"","5":"","6":"","7":"","8":""}],"_links":{"self":[{"href":"https:\/\/www.gold.fr\/news\/wp-json\/wp\/v2\/posts\/10395","targetHints":{"allow":["GET"]}}],"collection":[{"href":"https:\/\/www.gold.fr\/news\/wp-json\/wp\/v2\/posts"}],"about":[{"href":"https:\/\/www.gold.fr\/news\/wp-json\/wp\/v2\/types\/post"}],"author":[{"embeddable":true,"href":"https:\/\/www.gold.fr\/news\/wp-json\/wp\/v2\/users\/18"}],"replies":[{"embeddable":true,"href":"https:\/\/www.gold.fr\/news\/wp-json\/wp\/v2\/comments?post=10395"}],"version-history":[{"count":0,"href":"https:\/\/www.gold.fr\/news\/wp-json\/wp\/v2\/posts\/10395\/revisions"}],"wp:featuredmedia":[{"embeddable":true,"href":"https:\/\/www.gold.fr\/news\/wp-json\/wp\/v2\/media\/4684"}],"wp:attachment":[{"href":"https:\/\/www.gold.fr\/news\/wp-json\/wp\/v2\/media?parent=10395"}],"wp:term":[{"taxonomy":"category","embeddable":true,"href":"https:\/\/www.gold.fr\/news\/wp-json\/wp\/v2\/categories?post=10395"},{"taxonomy":"post_tag","embeddable":true,"href":"https:\/\/www.gold.fr\/news\/wp-json\/wp\/v2\/tags?post=10395"},{"taxonomy":"author","embeddable":true,"href":"https:\/\/www.gold.fr\/news\/wp-json\/wp\/v2\/ppma_author?post=10395"}],"curies":[{"name":"wp","href":"https:\/\/api.w.org\/{rel}","templated":true}]}}