{"id":10378,"date":"2013-01-07T17:00:44","date_gmt":"2013-01-07T16:00:44","guid":{"rendered":"https:\/\/www.gold.fr\/news\/?p=10378"},"modified":"2017-11-02T11:40:12","modified_gmt":"2017-11-02T10:40:12","slug":"la-menace-du-mur-fiscal-fait-flamber-lor","status":"publish","type":"post","link":"https:\/\/www.gold.fr\/news\/2013\/01\/07\/la-menace-du-mur-fiscal-fait-flamber-lor\/","title":{"rendered":"La menace du mur fiscal fait flamber l\u2019or"},"content":{"rendered":"<p><span style=\"font-size: small;\"><img loading=\"lazy\" decoding=\"async\" class=\"alignleft size-thumbnail wp-image-7554\" title=\"La menace du mur fiscal fait flamber l\u2019or\" src=\"https:\/\/www.gold.fr\/news\/wp-content\/uploads\/2012\/05\/or-et-dollar-correlation-150x150.jpg\" alt=\"\" width=\"150\" height=\"150\" \/>Les \u00e9changes sur le march\u00e9 de l&rsquo;<a href='https:\/\/www.gold.fr\/news\/tags\/or' class='esk-seo-plu-link'>or<\/a> ont consid\u00e9rablement repris des forces la semaine derni\u00e8re. Depuis quelques jours (derni\u00e8re semaine de l&rsquo;ann\u00e9e <strong>2012<\/strong>), le <a href='https:\/\/www.gold.fr\/news\/tags\/or' class='esk-seo-plu-link'>m\u00e9tal jaune<\/a> profite clairement des doutes et des angoisses amplifi\u00e9es concernant la crise fiscale imminente des Etats-Unis. Tous les yeux demeurent braqu\u00e9s sur les discussions entre les \u00e9lus am\u00e9ricains, qui se multiplient dans l&rsquo;espoir de dissiper le sombre nuage de la catastrophe fiscale planant sur le pays.<\/span>    <span style=\"font-size: small;\">Rappelons que le verdict de l&rsquo;agence de notation <strong>Fitch<\/strong> (pas encore prononc\u00e9) continue de menacer le <strong>AAA<\/strong> am\u00e9ricain. Un danger de d\u00e9gradation tr\u00e8s imminent qui n&rsquo;est pas sans rappeler celui inflig\u00e9 \u00e0 l&rsquo;\u00e9conomie am\u00e9ricaine par la <strong>Standard &amp; Poor&rsquo;s<\/strong> en aout <strong>2011<\/strong>.<\/span>    <span style=\"font-size: small;\">Dans une tentative de rassurer ses citoyens de plus en plus angoiss\u00e9s, le chef d&rsquo;\u00e9tat am\u00e9ricain Barack Obama avait annonc\u00e9, dans un r\u00e9cent discours, que l&rsquo;\u00e9ventuelle solution (encore \u00e0 \u00e9tablir !) serait sens\u00e9e inclure aussi bien les d\u00e9penses en moins, mais \u00e9galement des recettes additionnelles. Ces recettes englobent \u00e9videmment surtout une imposition moins accommodante pour les plus fortun\u00e9s, mesure \u00e0 laquelle le parti r\u00e9publicain (fortement orient\u00e9 vers une diminution des niches et autres abattements fiscaux) s&rsquo;oppose fermement. La ratification de la loi sur la fiscalit\u00e9, annonc\u00e9e mercredi 02 Janvier et destin\u00e9e \u00e0 sauver les meubles, n&rsquo;a pas offert de r\u00e9ponse claire \u00e0 ce niveau. Les experts s&rsquo;accordent \u00e0 la qualifier de \u00ab <em>vague, et non d\u00e9finitive<\/em> \u00bb.<\/span>    <span style=\"font-size: small;\">Ces doutes \u00e9conomiques consid\u00e9rables b\u00e9n\u00e9ficient, comme le veut la \u00ab <em>tradition<\/em> \u00bb, au <a href='https:\/\/www.gold.fr\/news\/tags\/or' class='esk-seo-plu-link'>m\u00e9tal jaune<\/a>. Les pr\u00e9visions des analystes tablent, \u00e0 l&rsquo;unanimit\u00e9, sur de nouveaux records en 2013. <strong>Alexandre Carrier<\/strong>, g\u00e9rant \u00e0 <strong>Natixis AM<\/strong>, estime qu&rsquo; \u00ab <em>il est probable que <a title=\"Prix de l'Once d'Or\" href=\"https:\/\/www.gold.fr\/once-en\/\" target=\"_blank\">l\u2019once<\/a> atteigne <strong>2000<\/strong> \u00e0 <strong>2100 dollars<\/strong> en <strong>2013<\/strong><\/em>.\u00bb<\/span><\/p>\n<!-- AddThis Advanced Settings generic via filter on the_content --><!-- AddThis Share Buttons generic via filter on the_content -->","protected":false},"excerpt":{"rendered":"<p>Les \u00e9changes sur le march\u00e9 de l&rsquo;or ont consid\u00e9rablement repris des forces la semaine derni\u00e8re. Depuis quelques jours (derni\u00e8re semaine de l&rsquo;ann\u00e9e 2012), le m\u00e9tal jaune profite clairement des doutes et des angoisses amplifi\u00e9es concernant la [&hellip;]<\/p>\n","protected":false},"author":18,"featured_media":7554,"comment_status":"open","ping_status":"open","sticky":false,"template":"","format":"standard","meta":{"_mbp_gutenberg_autopost":false,"_pgmb_is_evergreen":false,"_pgmb_ap_template_id":0,"footnotes":""},"categories":[6],"tags":[216,120,983],"ppma_author":[2565],"class_list":["post-10378","post","type-post","status-publish","format-standard","has-post-thumbnail","hentry","category-articles-de-presse","tag-flambee-de-lor","tag-hausse-de-lor","tag-mur-fiscal-americain"],"yoast_head":"<!-- This site is optimized with the Yoast SEO plugin v27.5 - https:\/\/yoast.com\/product\/yoast-seo-wordpress\/ -->\n<title>La menace du mur fiscal fait flamber l\u2019or - Gold.fr<\/title>\n<meta name=\"robots\" content=\"index, follow, max-snippet:-1, max-image-preview:large, max-video-preview:-1\" \/>\n<link rel=\"canonical\" href=\"https:\/\/www.gold.fr\/news\/2013\/01\/07\/la-menace-du-mur-fiscal-fait-flamber-lor\/\" \/>\n<meta property=\"og:locale\" content=\"fr_FR\" \/>\n<meta property=\"og:type\" content=\"article\" \/>\n<meta property=\"og:title\" content=\"La menace du mur fiscal fait flamber l\u2019or - Gold.fr\" \/>\n<meta property=\"og:description\" content=\"Les \u00e9changes sur le march\u00e9 de l&rsquo;or ont consid\u00e9rablement repris des forces la semaine derni\u00e8re. Depuis quelques jours (derni\u00e8re semaine de l&rsquo;ann\u00e9e 2012), le m\u00e9tal jaune profite clairement des doutes et des angoisses amplifi\u00e9es concernant la [&hellip;]\" \/>\n<meta property=\"og:url\" content=\"https:\/\/www.gold.fr\/news\/2013\/01\/07\/la-menace-du-mur-fiscal-fait-flamber-lor\/\" \/>\n<meta property=\"og:site_name\" content=\"Gold.fr\" \/>\n<meta property=\"article:publisher\" content=\"https:\/\/www.facebook.com\/Goldfr\/\" \/>\n<meta property=\"article:published_time\" content=\"2013-01-07T16:00:44+00:00\" \/>\n<meta property=\"article:modified_time\" content=\"2017-11-02T10:40:12+00:00\" \/>\n<meta property=\"og:image\" content=\"https:\/\/www.gold.fr\/news\/wp-content\/uploads\/2012\/05\/or-et-dollar-correlation.jpg\" \/>\n\t<meta property=\"og:image:width\" content=\"600\" \/>\n\t<meta property=\"og:image:height\" content=\"400\" \/>\n\t<meta property=\"og:image:type\" content=\"image\/jpeg\" \/>\n<meta name=\"author\" content=\"Comptoir National de l&#039;Or\" \/>\n<meta name=\"twitter:card\" content=\"summary_large_image\" \/>\n<meta name=\"twitter:label1\" content=\"\u00c9crit par\" \/>\n\t<meta name=\"twitter:data1\" content=\"Comptoir National de l&#039;Or\" \/>\n\t<meta name=\"twitter:label2\" content=\"Dur\u00e9e de lecture estim\u00e9e\" \/>\n\t<meta name=\"twitter:data2\" content=\"1 minute\" \/>\n<script type=\"application\/ld+json\" class=\"yoast-schema-graph\">{\"@context\":\"https:\\\/\\\/schema.org\",\"@graph\":[{\"@type\":\"Article\",\"@id\":\"https:\\\/\\\/www.gold.fr\\\/news\\\/2013\\\/01\\\/07\\\/la-menace-du-mur-fiscal-fait-flamber-lor\\\/#article\",\"isPartOf\":{\"@id\":\"https:\\\/\\\/www.gold.fr\\\/news\\\/2013\\\/01\\\/07\\\/la-menace-du-mur-fiscal-fait-flamber-lor\\\/\"},\"author\":{\"name\":\"Comptoir National de l'Or\",\"@id\":\"https:\\\/\\\/www.gold.fr\\\/news\\\/#\\\/schema\\\/person\\\/070491b4b4fb7671bf59b3be20302ce9\"},\"headline\":\"La menace du mur fiscal fait flamber l\u2019or\",\"datePublished\":\"2013-01-07T16:00:44+00:00\",\"dateModified\":\"2017-11-02T10:40:12+00:00\",\"mainEntityOfPage\":{\"@id\":\"https:\\\/\\\/www.gold.fr\\\/news\\\/2013\\\/01\\\/07\\\/la-menace-du-mur-fiscal-fait-flamber-lor\\\/\"},\"wordCount\":309,\"commentCount\":0,\"image\":{\"@id\":\"https:\\\/\\\/www.gold.fr\\\/news\\\/2013\\\/01\\\/07\\\/la-menace-du-mur-fiscal-fait-flamber-lor\\\/#primaryimage\"},\"thumbnailUrl\":\"https:\\\/\\\/www.gold.fr\\\/news\\\/wp-content\\\/uploads\\\/2012\\\/05\\\/or-et-dollar-correlation.jpg\",\"keywords\":[\"flamb\u00e9e de l'or\",\"hausse de l'or\",\"mur fiscal am\u00e9ricain\"],\"articleSection\":[\"Articles de presse\"],\"inLanguage\":\"fr-FR\"},{\"@type\":\"WebPage\",\"@id\":\"https:\\\/\\\/www.gold.fr\\\/news\\\/2013\\\/01\\\/07\\\/la-menace-du-mur-fiscal-fait-flamber-lor\\\/\",\"url\":\"https:\\\/\\\/www.gold.fr\\\/news\\\/2013\\\/01\\\/07\\\/la-menace-du-mur-fiscal-fait-flamber-lor\\\/\",\"name\":\"La menace du mur fiscal fait flamber l\u2019or - Gold.fr\",\"isPartOf\":{\"@id\":\"https:\\\/\\\/www.gold.fr\\\/news\\\/#website\"},\"primaryImageOfPage\":{\"@id\":\"https:\\\/\\\/www.gold.fr\\\/news\\\/2013\\\/01\\\/07\\\/la-menace-du-mur-fiscal-fait-flamber-lor\\\/#primaryimage\"},\"image\":{\"@id\":\"https:\\\/\\\/www.gold.fr\\\/news\\\/2013\\\/01\\\/07\\\/la-menace-du-mur-fiscal-fait-flamber-lor\\\/#primaryimage\"},\"thumbnailUrl\":\"https:\\\/\\\/www.gold.fr\\\/news\\\/wp-content\\\/uploads\\\/2012\\\/05\\\/or-et-dollar-correlation.jpg\",\"datePublished\":\"2013-01-07T16:00:44+00:00\",\"dateModified\":\"2017-11-02T10:40:12+00:00\",\"author\":{\"@id\":\"https:\\\/\\\/www.gold.fr\\\/news\\\/#\\\/schema\\\/person\\\/070491b4b4fb7671bf59b3be20302ce9\"},\"breadcrumb\":{\"@id\":\"https:\\\/\\\/www.gold.fr\\\/news\\\/2013\\\/01\\\/07\\\/la-menace-du-mur-fiscal-fait-flamber-lor\\\/#breadcrumb\"},\"inLanguage\":\"fr-FR\",\"potentialAction\":[{\"@type\":\"ReadAction\",\"target\":[\"https:\\\/\\\/www.gold.fr\\\/news\\\/2013\\\/01\\\/07\\\/la-menace-du-mur-fiscal-fait-flamber-lor\\\/\"]}]},{\"@type\":\"ImageObject\",\"inLanguage\":\"fr-FR\",\"@id\":\"https:\\\/\\\/www.gold.fr\\\/news\\\/2013\\\/01\\\/07\\\/la-menace-du-mur-fiscal-fait-flamber-lor\\\/#primaryimage\",\"url\":\"https:\\\/\\\/www.gold.fr\\\/news\\\/wp-content\\\/uploads\\\/2012\\\/05\\\/or-et-dollar-correlation.jpg\",\"contentUrl\":\"https:\\\/\\\/www.gold.fr\\\/news\\\/wp-content\\\/uploads\\\/2012\\\/05\\\/or-et-dollar-correlation.jpg\",\"width\":\"600\",\"height\":\"400\",\"caption\":\"Belgique \u2013 Le nouveau paradis fiscal de l'or\"},{\"@type\":\"BreadcrumbList\",\"@id\":\"https:\\\/\\\/www.gold.fr\\\/news\\\/2013\\\/01\\\/07\\\/la-menace-du-mur-fiscal-fait-flamber-lor\\\/#breadcrumb\",\"itemListElement\":[{\"@type\":\"ListItem\",\"position\":1,\"name\":\"Accueil\",\"item\":\"https:\\\/\\\/www.gold.fr\\\/\"},{\"@type\":\"ListItem\",\"position\":2,\"name\":\"Actualit\u00e9s\",\"item\":\"https:\\\/\\\/www.gold.fr\\\/news\\\/\"},{\"@type\":\"ListItem\",\"position\":3,\"name\":\"La menace du mur fiscal fait flamber l\u2019or\"}]},{\"@type\":\"WebSite\",\"@id\":\"https:\\\/\\\/www.gold.fr\\\/news\\\/#website\",\"url\":\"https:\\\/\\\/www.gold.fr\\\/news\\\/\",\"name\":\"Gold.fr\",\"description\":\"Actualit\u00e9s de l&#039;Or et des m\u00e9taux pr\u00e9cieux\",\"potentialAction\":[{\"@type\":\"SearchAction\",\"target\":{\"@type\":\"EntryPoint\",\"urlTemplate\":\"https:\\\/\\\/www.gold.fr\\\/news\\\/?s={search_term_string}\"},\"query-input\":{\"@type\":\"PropertyValueSpecification\",\"valueRequired\":true,\"valueName\":\"search_term_string\"}}],\"inLanguage\":\"fr-FR\"},{\"@type\":\"Person\",\"@id\":\"https:\\\/\\\/www.gold.fr\\\/news\\\/#\\\/schema\\\/person\\\/070491b4b4fb7671bf59b3be20302ce9\",\"name\":\"Comptoir National de l'Or\",\"image\":{\"@type\":\"ImageObject\",\"inLanguage\":\"fr-FR\",\"@id\":\"https:\\\/\\\/secure.gravatar.com\\\/avatar\\\/0a2867fd5abe37bed95d5a65e9d58f01756e11efc68af9888dfc50cfa7f65948?s=96&d=mm&r=gb490554db0a38188709de567aa58480d\",\"url\":\"https:\\\/\\\/secure.gravatar.com\\\/avatar\\\/0a2867fd5abe37bed95d5a65e9d58f01756e11efc68af9888dfc50cfa7f65948?s=96&d=mm&r=g\",\"contentUrl\":\"https:\\\/\\\/secure.gravatar.com\\\/avatar\\\/0a2867fd5abe37bed95d5a65e9d58f01756e11efc68af9888dfc50cfa7f65948?s=96&d=mm&r=g\",\"caption\":\"Comptoir National de l'Or\"},\"description\":\"Notre r\u00e9daction est constitu\u00e9e de membres experts dans les m\u00e9tiers de l'\u00e9conomie et la gestion, des Responsables d'agence Comptoir National de l'Or, des analystes financiers qui publient r\u00e9guli\u00e8rement des \u00e9tudes sur les politiques des banques centrales, le cours de l'or, prix de l'or, cours de l'argent, prix de l'argent, cours du platine, cours du palladium,... la situation en zone euro et l'impact de la strat\u00e9gie mon\u00e9taire de la FED. Notre \u00e9quipe scrute \u00e9galement une information plus g\u00e9n\u00e9raliste \u00e0 la recherche d'actualit\u00e9 \\\"p\u00e9pite\\\" \u00e0 vous partager. Depuis 5 ans, nous avons publi\u00e9 un peu plus de 4000 articles qui s'adressent \u00e0 un public large et vari\u00e9 ayant pour objectif de satisfaire votre curiosit\u00e9 et de partager avec vous une certaine fascination pour le m\u00e9tal jaune, le rachat d'or, et pour ceux qui veulent investir dans l'or, vendre leur or tout simplement en savoir plus... Pour tous vos achat or et argent, n'h\u00e9sitez pas \u00e0 prendre rendez-vous dans l'un de nos nombreux comptoirs.\",\"sameAs\":[\"https:\\\/\\\/www.gold.fr\"]}]}<\/script>\n<!-- \/ Yoast SEO plugin. -->","yoast_head_json":{"title":"La menace du mur fiscal fait flamber l\u2019or - Gold.fr","robots":{"index":"index","follow":"follow","max-snippet":"max-snippet:-1","max-image-preview":"max-image-preview:large","max-video-preview":"max-video-preview:-1"},"canonical":"https:\/\/www.gold.fr\/news\/2013\/01\/07\/la-menace-du-mur-fiscal-fait-flamber-lor\/","og_locale":"fr_FR","og_type":"article","og_title":"La menace du mur fiscal fait flamber l\u2019or - Gold.fr","og_description":"Les \u00e9changes sur le march\u00e9 de l&rsquo;or ont consid\u00e9rablement repris des forces la semaine derni\u00e8re. Depuis quelques jours (derni\u00e8re semaine de l&rsquo;ann\u00e9e 2012), le m\u00e9tal jaune profite clairement des doutes et des angoisses amplifi\u00e9es concernant la [&hellip;]","og_url":"https:\/\/www.gold.fr\/news\/2013\/01\/07\/la-menace-du-mur-fiscal-fait-flamber-lor\/","og_site_name":"Gold.fr","article_publisher":"https:\/\/www.facebook.com\/Goldfr\/","article_published_time":"2013-01-07T16:00:44+00:00","article_modified_time":"2017-11-02T10:40:12+00:00","og_image":[{"width":600,"height":400,"url":"https:\/\/www.gold.fr\/news\/wp-content\/uploads\/2012\/05\/or-et-dollar-correlation.jpg","type":"image\/jpeg"}],"author":"Comptoir National de l'Or","twitter_card":"summary_large_image","twitter_misc":{"\u00c9crit par":"Comptoir National de l'Or","Dur\u00e9e de lecture estim\u00e9e":"1 minute"},"schema":{"@context":"https:\/\/schema.org","@graph":[{"@type":"Article","@id":"https:\/\/www.gold.fr\/news\/2013\/01\/07\/la-menace-du-mur-fiscal-fait-flamber-lor\/#article","isPartOf":{"@id":"https:\/\/www.gold.fr\/news\/2013\/01\/07\/la-menace-du-mur-fiscal-fait-flamber-lor\/"},"author":{"name":"Comptoir National de l'Or","@id":"https:\/\/www.gold.fr\/news\/#\/schema\/person\/070491b4b4fb7671bf59b3be20302ce9"},"headline":"La menace du mur fiscal fait flamber l\u2019or","datePublished":"2013-01-07T16:00:44+00:00","dateModified":"2017-11-02T10:40:12+00:00","mainEntityOfPage":{"@id":"https:\/\/www.gold.fr\/news\/2013\/01\/07\/la-menace-du-mur-fiscal-fait-flamber-lor\/"},"wordCount":309,"commentCount":0,"image":{"@id":"https:\/\/www.gold.fr\/news\/2013\/01\/07\/la-menace-du-mur-fiscal-fait-flamber-lor\/#primaryimage"},"thumbnailUrl":"https:\/\/www.gold.fr\/news\/wp-content\/uploads\/2012\/05\/or-et-dollar-correlation.jpg","keywords":["flamb\u00e9e de l'or","hausse de l'or","mur fiscal am\u00e9ricain"],"articleSection":["Articles de presse"],"inLanguage":"fr-FR"},{"@type":"WebPage","@id":"https:\/\/www.gold.fr\/news\/2013\/01\/07\/la-menace-du-mur-fiscal-fait-flamber-lor\/","url":"https:\/\/www.gold.fr\/news\/2013\/01\/07\/la-menace-du-mur-fiscal-fait-flamber-lor\/","name":"La menace du mur fiscal fait flamber l\u2019or - Gold.fr","isPartOf":{"@id":"https:\/\/www.gold.fr\/news\/#website"},"primaryImageOfPage":{"@id":"https:\/\/www.gold.fr\/news\/2013\/01\/07\/la-menace-du-mur-fiscal-fait-flamber-lor\/#primaryimage"},"image":{"@id":"https:\/\/www.gold.fr\/news\/2013\/01\/07\/la-menace-du-mur-fiscal-fait-flamber-lor\/#primaryimage"},"thumbnailUrl":"https:\/\/www.gold.fr\/news\/wp-content\/uploads\/2012\/05\/or-et-dollar-correlation.jpg","datePublished":"2013-01-07T16:00:44+00:00","dateModified":"2017-11-02T10:40:12+00:00","author":{"@id":"https:\/\/www.gold.fr\/news\/#\/schema\/person\/070491b4b4fb7671bf59b3be20302ce9"},"breadcrumb":{"@id":"https:\/\/www.gold.fr\/news\/2013\/01\/07\/la-menace-du-mur-fiscal-fait-flamber-lor\/#breadcrumb"},"inLanguage":"fr-FR","potentialAction":[{"@type":"ReadAction","target":["https:\/\/www.gold.fr\/news\/2013\/01\/07\/la-menace-du-mur-fiscal-fait-flamber-lor\/"]}]},{"@type":"ImageObject","inLanguage":"fr-FR","@id":"https:\/\/www.gold.fr\/news\/2013\/01\/07\/la-menace-du-mur-fiscal-fait-flamber-lor\/#primaryimage","url":"https:\/\/www.gold.fr\/news\/wp-content\/uploads\/2012\/05\/or-et-dollar-correlation.jpg","contentUrl":"https:\/\/www.gold.fr\/news\/wp-content\/uploads\/2012\/05\/or-et-dollar-correlation.jpg","width":"600","height":"400","caption":"Belgique \u2013 Le nouveau paradis fiscal de l'or"},{"@type":"BreadcrumbList","@id":"https:\/\/www.gold.fr\/news\/2013\/01\/07\/la-menace-du-mur-fiscal-fait-flamber-lor\/#breadcrumb","itemListElement":[{"@type":"ListItem","position":1,"name":"Accueil","item":"https:\/\/www.gold.fr\/"},{"@type":"ListItem","position":2,"name":"Actualit\u00e9s","item":"https:\/\/www.gold.fr\/news\/"},{"@type":"ListItem","position":3,"name":"La menace du mur fiscal fait flamber l\u2019or"}]},{"@type":"WebSite","@id":"https:\/\/www.gold.fr\/news\/#website","url":"https:\/\/www.gold.fr\/news\/","name":"Gold.fr","description":"Actualit\u00e9s de l&#039;Or et des m\u00e9taux pr\u00e9cieux","potentialAction":[{"@type":"SearchAction","target":{"@type":"EntryPoint","urlTemplate":"https:\/\/www.gold.fr\/news\/?s={search_term_string}"},"query-input":{"@type":"PropertyValueSpecification","valueRequired":true,"valueName":"search_term_string"}}],"inLanguage":"fr-FR"},{"@type":"Person","@id":"https:\/\/www.gold.fr\/news\/#\/schema\/person\/070491b4b4fb7671bf59b3be20302ce9","name":"Comptoir National de l'Or","image":{"@type":"ImageObject","inLanguage":"fr-FR","@id":"https:\/\/secure.gravatar.com\/avatar\/0a2867fd5abe37bed95d5a65e9d58f01756e11efc68af9888dfc50cfa7f65948?s=96&d=mm&r=gb490554db0a38188709de567aa58480d","url":"https:\/\/secure.gravatar.com\/avatar\/0a2867fd5abe37bed95d5a65e9d58f01756e11efc68af9888dfc50cfa7f65948?s=96&d=mm&r=g","contentUrl":"https:\/\/secure.gravatar.com\/avatar\/0a2867fd5abe37bed95d5a65e9d58f01756e11efc68af9888dfc50cfa7f65948?s=96&d=mm&r=g","caption":"Comptoir National de l'Or"},"description":"Notre r\u00e9daction est constitu\u00e9e de membres experts dans les m\u00e9tiers de l'\u00e9conomie et la gestion, des Responsables d'agence Comptoir National de l'Or, des analystes financiers qui publient r\u00e9guli\u00e8rement des \u00e9tudes sur les politiques des banques centrales, le cours de l'or, prix de l'or, cours de l'argent, prix de l'argent, cours du platine, cours du palladium,... la situation en zone euro et l'impact de la strat\u00e9gie mon\u00e9taire de la FED. Notre \u00e9quipe scrute \u00e9galement une information plus g\u00e9n\u00e9raliste \u00e0 la recherche d'actualit\u00e9 \"p\u00e9pite\" \u00e0 vous partager. Depuis 5 ans, nous avons publi\u00e9 un peu plus de 4000 articles qui s'adressent \u00e0 un public large et vari\u00e9 ayant pour objectif de satisfaire votre curiosit\u00e9 et de partager avec vous une certaine fascination pour le m\u00e9tal jaune, le rachat d'or, et pour ceux qui veulent investir dans l'or, vendre leur or tout simplement en savoir plus... Pour tous vos achat or et argent, n'h\u00e9sitez pas \u00e0 prendre rendez-vous dans l'un de nos nombreux comptoirs.","sameAs":["https:\/\/www.gold.fr"]}]}},"authors":[{"term_id":2565,"user_id":18,"is_guest":0,"slug":"julie","display_name":"Comptoir National de l'Or","avatar_url":"https:\/\/secure.gravatar.com\/avatar\/713f289e398d35ead876c4a4cc08607f0d6d266058cfc25683fffb6092d0e572?s=96&d=mm&r=g","0":null,"1":"","2":"","3":"","4":"","5":"","6":"","7":"","8":""}],"_links":{"self":[{"href":"https:\/\/www.gold.fr\/news\/wp-json\/wp\/v2\/posts\/10378","targetHints":{"allow":["GET"]}}],"collection":[{"href":"https:\/\/www.gold.fr\/news\/wp-json\/wp\/v2\/posts"}],"about":[{"href":"https:\/\/www.gold.fr\/news\/wp-json\/wp\/v2\/types\/post"}],"author":[{"embeddable":true,"href":"https:\/\/www.gold.fr\/news\/wp-json\/wp\/v2\/users\/18"}],"replies":[{"embeddable":true,"href":"https:\/\/www.gold.fr\/news\/wp-json\/wp\/v2\/comments?post=10378"}],"version-history":[{"count":0,"href":"https:\/\/www.gold.fr\/news\/wp-json\/wp\/v2\/posts\/10378\/revisions"}],"wp:featuredmedia":[{"embeddable":true,"href":"https:\/\/www.gold.fr\/news\/wp-json\/wp\/v2\/media\/7554"}],"wp:attachment":[{"href":"https:\/\/www.gold.fr\/news\/wp-json\/wp\/v2\/media?parent=10378"}],"wp:term":[{"taxonomy":"category","embeddable":true,"href":"https:\/\/www.gold.fr\/news\/wp-json\/wp\/v2\/categories?post=10378"},{"taxonomy":"post_tag","embeddable":true,"href":"https:\/\/www.gold.fr\/news\/wp-json\/wp\/v2\/tags?post=10378"},{"taxonomy":"author","embeddable":true,"href":"https:\/\/www.gold.fr\/news\/wp-json\/wp\/v2\/ppma_author?post=10378"}],"curies":[{"name":"wp","href":"https:\/\/api.w.org\/{rel}","templated":true}]}}